{"id":79372,"date":"2025-03-10T08:53:12","date_gmt":"2025-03-10T07:53:12","guid":{"rendered":"https:\/\/vosgesinfo.fr\/remiremontinfo\/?p=79372"},"modified":"2025-03-10T08:53:12","modified_gmt":"2025-03-10T07:53:12","slug":"lademat-h-toujours-mobilisee-pour-lhopital-de-remiremont","status":"publish","type":"post","link":"https:\/\/vosgesinfo.fr\/remiremontinfo\/2025\/03\/lademat-h-toujours-mobilisee-pour-lhopital-de-remiremont\/","title":{"rendered":"L\u2019Ademat-h : Toujours mobilis\u00e9e pour l&rsquo;h\u00f4pital de Remiremont"},"content":{"rendered":"<p><a href=\"https:\/\/vosgesinfo.fr\/app\/uploads\/sites\/5\/2025\/03\/ag-ademath-20-scaled.jpg\"><img decoding=\"async\" class=\"size-large wp-image-79373 aligncenter\" src=\"https:\/\/vosgesinfo.fr\/app\/uploads\/sites\/5\/2025\/03\/ag-ademath-20-1024x576.jpg\" alt=\"\" width=\"1024\" height=\"576\" srcset=\"https:\/\/vosgesinfo.fr\/app\/uploads\/sites\/5\/2025\/03\/ag-ademath-20-1024x576.jpg 1024w, https:\/\/vosgesinfo.fr\/app\/uploads\/sites\/5\/2025\/03\/ag-ademath-20-300x169.jpg 300w, https:\/\/vosgesinfo.fr\/app\/uploads\/sites\/5\/2025\/03\/ag-ademath-20-768x432.jpg 768w, https:\/\/vosgesinfo.fr\/app\/uploads\/sites\/5\/2025\/03\/ag-ademath-20-1536x864.jpg 1536w, https:\/\/vosgesinfo.fr\/app\/uploads\/sites\/5\/2025\/03\/ag-ademath-20-2048x1152.jpg 2048w\" sizes=\"(max-width: 1024px) 100vw, 1024px\" \/><\/a><\/p>\n<p data-pm-slice=\"0 0 []\"><strong>L\u2019ADEMAT-H a tenu ce vendredi soir son assembl\u00e9e g\u00e9n\u00e9rale annuelle au centre socio-culturel de Rupt-sur-Moselle en pr\u00e9sence d\u2019une bonne centaine de personnes, adh\u00e9rents et \u00e9lus.<\/strong><\/p>\n<p>L\u2019association continue, pour la neuvi\u00e8me ann\u00e9e cons\u00e9cutive, \u00e0 \u00eatre tr\u00e8s mobilis\u00e9e pour l\u2019avenir de l\u2019h\u00f4pital de Remiremont qui \u00ab <em>doit r\u00e9pondre correctement aux besoins des usagers sur un bassin de vie de plus de 100 000 personnes<\/em>\u00bb.<\/p>\n<p>L\u2019assembl\u00e9e comprenant, entre autres, deux pr\u00e9sidents de communaut\u00e9 de communes, Dominique Peduzzi et Didier Houot, ainsi que de nombreux maires, adjoints et conseillers, a \u00e9t\u00e9 accueillie par St\u00e9phane Tramzal, le maire de Rupt.<\/p>\n<p>Jean Pierrel, le pr\u00e9sident de l\u2019Ademat-h, et son bureau ont pr\u00e9sent\u00e9 un rapport moral et d\u2019activit\u00e9 tr\u00e8s complet, appuy\u00e9 par de nombreuses explications projet\u00e9es (cartes, photos\u2026), permettant \u00e0 tous de mieux appr\u00e9hender la situation et pointant certaines \u00ab\u00a0<em>incoh\u00e9rences dans des d\u00e9cisions prises, au d\u00e9triment de la population<\/em>\u00a0\u00bb.<\/p>\n<p>L\u2019association continue \u00e0 \u00eatre fortement mobilis\u00e9e, s\u2019appuyant sur des constats plus que pr\u00e9occupants\u00a0: \u00ab\u00a0<em>De trop nombreux indicateurs de sant\u00e9 de nos concitoyens sont ici fortement d\u00e9grad\u00e9s. <\/em><strong><em>On a d\u00e9j\u00e0 \u00e9voqu\u00e9 l\u2019indice de mortalit\u00e9 pr\u00e9coce qui est un des plus \u00e9lev\u00e9s de la r\u00e9gion Grand Est<\/em><\/strong><em>. L\u2019indice de d\u00e9faveur sociale s\u2019y ajoute. Le d\u00e9savantage social est consid\u00e9r\u00e9 comme un cumul de d\u00e9savantages mat\u00e9riels et sociaux \u00e0 l\u2019\u00e9chelle g\u00e9ographique. Plus le chiffre est grand, plus grande est la d\u00e9faveur. Pour les Vosges, en 2023, cet indice est de 1,1, alors que la moyenne r\u00e9gionale est de 0,4. Pour le pays de Remiremont, il est de 1,3\u2026<\/em>\u00a0\u00bb<\/p>\n<p>Mais l\u2019association ne se contente pas de constater, elle apporte aussi un certain nombre de propositions ou de pistes de r\u00e9flexions pour r\u00e9soudre les difficult\u00e9s mises en avant soit par la direction de l\u2019h\u00f4pital de Remiremont, soit par les autorit\u00e9s ou instances de sant\u00e9. L\u2019Ademat-h est d\u00e9sormais pr\u00e9sente dans diff\u00e9rentes instances et commissions telles que :<\/p>\n<p>\u2013 Les commissions des usagers du Thillot et de G\u00e9rardmer<\/p>\n<p>\u2013 Le Conseil de surveillance de l\u2019h\u00f4pital du Thillot.<\/p>\n<p>\u2013 Le Conseil Territorial de Sant\u00e9<\/p>\n<p>\u2013 La CRSA, conf\u00e9rence r\u00e9gionale de la Sant\u00e9 et de l\u2019autonomie<\/p>\n<p>\u2013 La CSOS, Commission sp\u00e9cialis\u00e9e de l\u2019organisation des soins.<\/p>\n<p>Mais n\u2019a pas encore r\u00e9ussi \u00e0 int\u00e9grer le conseil de surveillance de l\u2019h\u00f4pital de Remiremont.<\/p>\n<p>L\u2019Ademat-h lance un appel \u00e0 la mobilisation pour :<\/p>\n<p>\u2013 Remiremont, h\u00f4pital de la montagne sud, y compris le nord de la Haute-Sa\u00f4ne ;<\/p>\n<p>\u2013 R\u00e9ouverture urgente des urgences la nuit.<\/p>\n<p>\u2013 Maintien de la maternit\u00e9 menace grave<\/p>\n<p>2025 verra donc encore des actions de mobilisation de la population pour continuer \u00e0 \u00eatre entendu des autorit\u00e9s publiques de sant\u00e9.<\/p>\n<p>&nbsp;<\/p>\n<p>PM<\/p>\n<p>Cr\u00e9dit photos Ademat-h<\/p>\n\n\t\t<style type=\"text\/css\">\n\t\t\t#gallery-1 {\n\t\t\t\tmargin: auto;\n\t\t\t}\n\t\t\t#gallery-1 .gallery-item {\n\t\t\t\tfloat: left;\n\t\t\t\tmargin-top: 10px;\n\t\t\t\ttext-align: center;\n\t\t\t\twidth: 50%;\n\t\t\t}\n\t\t\t#gallery-1 img {\n\t\t\t\tborder: 2px solid #cfcfcf;\n\t\t\t}\n\t\t\t#gallery-1 .gallery-caption {\n\t\t\t\tmargin-left: 0;\n\t\t\t}\n\t\t\t\/* see gallery_shortcode() in wp-includes\/media.php *\/\n\t\t<\/style>\n\t\t<div id='gallery-1' class='gallery galleryid-79372 gallery-columns-2 gallery-size-full'><dl class='gallery-item'>\n\t\t\t<dt class='gallery-icon landscape'>\n\t\t\t\t<a href='https:\/\/vosgesinfo.fr\/remiremontinfo\/2025\/03\/lademat-h-toujours-mobilisee-pour-lhopital-de-remiremont\/ag-ademath-19\/'><img decoding=\"async\" width=\"2560\" height=\"1440\" src=\"https:\/\/vosgesinfo.fr\/app\/uploads\/sites\/5\/2025\/03\/ag-ademath-19-scaled.jpg\" class=\"attachment-full size-full\" alt=\"\" srcset=\"https:\/\/vosgesinfo.fr\/app\/uploads\/sites\/5\/2025\/03\/ag-ademath-19-scaled.jpg 2560w, https:\/\/vosgesinfo.fr\/app\/uploads\/sites\/5\/2025\/03\/ag-ademath-19-300x169.jpg 300w, https:\/\/vosgesinfo.fr\/app\/uploads\/sites\/5\/2025\/03\/ag-ademath-19-1024x576.jpg 1024w, https:\/\/vosgesinfo.fr\/app\/uploads\/sites\/5\/2025\/03\/ag-ademath-19-768x432.jpg 768w, https:\/\/vosgesinfo.fr\/app\/uploads\/sites\/5\/2025\/03\/ag-ademath-19-1536x864.jpg 1536w, https:\/\/vosgesinfo.fr\/app\/uploads\/sites\/5\/2025\/03\/ag-ademath-19-2048x1152.jpg 2048w\" sizes=\"(max-width: 2560px) 100vw, 2560px\" \/><\/a>\n\t\t\t<\/dt><\/dl><dl class='gallery-item'>\n\t\t\t<dt class='gallery-icon landscape'>\n\t\t\t\t<a href='https:\/\/vosgesinfo.fr\/remiremontinfo\/2025\/03\/lademat-h-toujours-mobilisee-pour-lhopital-de-remiremont\/ag-ademath-4\/'><img decoding=\"async\" width=\"2560\" height=\"1181\" src=\"https:\/\/vosgesinfo.fr\/app\/uploads\/sites\/5\/2025\/03\/ag-ademath-4-scaled.jpg\" class=\"attachment-full size-full\" alt=\"\" srcset=\"https:\/\/vosgesinfo.fr\/app\/uploads\/sites\/5\/2025\/03\/ag-ademath-4-scaled.jpg 2560w, https:\/\/vosgesinfo.fr\/app\/uploads\/sites\/5\/2025\/03\/ag-ademath-4-300x138.jpg 300w, https:\/\/vosgesinfo.fr\/app\/uploads\/sites\/5\/2025\/03\/ag-ademath-4-1024x472.jpg 1024w, https:\/\/vosgesinfo.fr\/app\/uploads\/sites\/5\/2025\/03\/ag-ademath-4-768x354.jpg 768w, https:\/\/vosgesinfo.fr\/app\/uploads\/sites\/5\/2025\/03\/ag-ademath-4-1536x709.jpg 1536w, https:\/\/vosgesinfo.fr\/app\/uploads\/sites\/5\/2025\/03\/ag-ademath-4-2048x945.jpg 2048w\" sizes=\"(max-width: 2560px) 100vw, 2560px\" \/><\/a>\n\t\t\t<\/dt><\/dl><br style=\"clear: both\" \/>\n\t\t<\/div>\n\n","protected":false},"excerpt":{"rendered":"<p>L\u2019ADEMAT-H a tenu ce vendredi soir son assembl\u00e9e g\u00e9n\u00e9rale annuelle au centre socio-culturel de Rupt-sur-Moselle en pr\u00e9sence d\u2019une bonne centaine [&hellip;]<\/p>\n","protected":false},"author":413,"featured_media":79373,"comment_status":"open","ping_status":"open","sticky":false,"template":"","format":"standard","meta":{"footnotes":""},"categories":[26,43,12,375],"tags":[518],"class_list":["post-79372","post","type-post","status-publish","format-standard","has-post-thumbnail","hentry","category-a-la-une","category-remiremont-remiremont-son-canton","category-sante","category-social","tag-ademat-h"],"acf":[],"yoast_head":"<!-- This site is optimized with the Yoast SEO plugin v22.5 - https:\/\/yoast.com\/wordpress\/plugins\/seo\/ -->\n<title>L\u2019Ademat-h : Toujours mobilis\u00e9e pour l&#039;h\u00f4pital de Remiremont - Remiremont Info<\/title>\n<meta name=\"robots\" content=\"index, follow, max-snippet:-1, max-image-preview:large, max-video-preview:-1\" \/>\n<link rel=\"canonical\" href=\"https:\/\/vosgesinfo.fr\/remiremontinfo\/?p=79372\" \/>\n<meta name=\"twitter:card\" content=\"summary_large_image\" \/>\n<meta name=\"twitter:title\" content=\"L\u2019Ademat-h : Toujours mobilis\u00e9e pour l&#039;h\u00f4pital de Remiremont - Remiremont Info\" \/>\n<meta name=\"twitter:description\" content=\"L\u2019ADEMAT-H a tenu ce vendredi soir son assembl\u00e9e g\u00e9n\u00e9rale annuelle au centre socio-culturel de Rupt-sur-Moselle en pr\u00e9sence d\u2019une bonne centaine [&hellip;]\" \/>\n<meta name=\"twitter:image\" content=\"https:\/\/vosgesinfo.fr\/app\/uploads\/sites\/5\/2025\/03\/ag-ademath-20-scaled.jpg\" \/>\n<meta name=\"twitter:creator\" content=\"@VosgesInfo88\" \/>\n<meta name=\"twitter:site\" content=\"@VosgesInfo88\" \/>\n<meta name=\"twitter:label1\" content=\"\u00c9crit par\" \/>\n\t<meta name=\"twitter:data1\" content=\"P.M\" \/>\n\t<meta name=\"twitter:label2\" content=\"Dur\u00e9e de lecture estim\u00e9e\" \/>\n\t<meta name=\"twitter:data2\" content=\"3 minutes\" \/>\n<script type=\"application\/ld+json\" class=\"yoast-schema-graph\">{\"@context\":\"https:\/\/schema.org\",\"@graph\":[{\"@type\":\"Article\",\"@id\":\"https:\/\/vosgesinfo.fr\/remiremontinfo\/?p=79372#article\",\"isPartOf\":{\"@id\":\"https:\/\/vosgesinfo.fr\/remiremontinfo\/?p=79372\"},\"author\":{\"name\":\"P.M\",\"@id\":\"https:\/\/vosgesinfo.fr\/remiremontinfo\/#\/schema\/person\/a6fd2dde36da20be3679f2058b94c5b8\"},\"headline\":\"L\u2019Ademat-h : Toujours mobilis\u00e9e pour l&rsquo;h\u00f4pital de Remiremont\",\"datePublished\":\"2025-03-10T07:53:12+00:00\",\"dateModified\":\"2025-03-10T07:53:12+00:00\",\"mainEntityOfPage\":{\"@id\":\"https:\/\/vosgesinfo.fr\/remiremontinfo\/?p=79372\"},\"wordCount\":500,\"commentCount\":1,\"publisher\":{\"@id\":\"https:\/\/vosgesinfo.fr\/remiremontinfo\/#organization\"},\"image\":{\"@id\":\"https:\/\/vosgesinfo.fr\/remiremontinfo\/?p=79372#primaryimage\"},\"thumbnailUrl\":\"https:\/\/vosgesinfo.fr\/app\/uploads\/sites\/5\/2025\/03\/ag-ademath-20-scaled.jpg\",\"keywords\":[\"ademat-h\"],\"articleSection\":[\"A la Une\",\"Remiremont\",\"Sant\u00e9\",\"Social\"],\"inLanguage\":\"fr-FR\",\"potentialAction\":[{\"@type\":\"CommentAction\",\"name\":\"Comment\",\"target\":[\"https:\/\/vosgesinfo.fr\/remiremontinfo\/?p=79372#respond\"]}]},{\"@type\":\"WebPage\",\"@id\":\"https:\/\/vosgesinfo.fr\/remiremontinfo\/?p=79372\",\"url\":\"https:\/\/vosgesinfo.fr\/remiremontinfo\/?p=79372\",\"name\":\"L\u2019Ademat-h : Toujours mobilis\u00e9e pour l'h\u00f4pital de Remiremont - Remiremont Info\",\"isPartOf\":{\"@id\":\"https:\/\/vosgesinfo.fr\/remiremontinfo\/#website\"},\"primaryImageOfPage\":{\"@id\":\"https:\/\/vosgesinfo.fr\/remiremontinfo\/?p=79372#primaryimage\"},\"image\":{\"@id\":\"https:\/\/vosgesinfo.fr\/remiremontinfo\/?p=79372#primaryimage\"},\"thumbnailUrl\":\"https:\/\/vosgesinfo.fr\/app\/uploads\/sites\/5\/2025\/03\/ag-ademath-20-scaled.jpg\",\"datePublished\":\"2025-03-10T07:53:12+00:00\",\"dateModified\":\"2025-03-10T07:53:12+00:00\",\"breadcrumb\":{\"@id\":\"https:\/\/vosgesinfo.fr\/remiremontinfo\/?p=79372#breadcrumb\"},\"inLanguage\":\"fr-FR\",\"potentialAction\":[{\"@type\":\"ReadAction\",\"target\":[\"https:\/\/vosgesinfo.fr\/remiremontinfo\/?p=79372\"]}]},{\"@type\":\"ImageObject\",\"inLanguage\":\"fr-FR\",\"@id\":\"https:\/\/vosgesinfo.fr\/remiremontinfo\/?p=79372#primaryimage\",\"url\":\"https:\/\/vosgesinfo.fr\/app\/uploads\/sites\/5\/2025\/03\/ag-ademath-20-scaled.jpg\",\"contentUrl\":\"https:\/\/vosgesinfo.fr\/app\/uploads\/sites\/5\/2025\/03\/ag-ademath-20-scaled.jpg\",\"width\":2560,\"height\":1440},{\"@type\":\"BreadcrumbList\",\"@id\":\"https:\/\/vosgesinfo.fr\/remiremontinfo\/?p=79372#breadcrumb\",\"itemListElement\":[{\"@type\":\"ListItem\",\"position\":1,\"name\":\"Home\",\"item\":\"https:\/\/vosgesinfo.fr\/remiremontinfo\/\"},{\"@type\":\"ListItem\",\"position\":2,\"name\":\"l\u2019Ademat-h : Toujours mobilis\u00e9e!\"}]},{\"@type\":\"WebSite\",\"@id\":\"https:\/\/vosgesinfo.fr\/remiremontinfo\/#website\",\"url\":\"https:\/\/vosgesinfo.fr\/remiremontinfo\/\",\"name\":\"Remiremont Info\",\"description\":\"Toute l&#039;actualit\u00e9 de Remiremont\",\"publisher\":{\"@id\":\"https:\/\/vosgesinfo.fr\/remiremontinfo\/#organization\"},\"alternateName\":\"Toute l'actualit\u00e9 de Remiremont\",\"potentialAction\":[{\"@type\":\"SearchAction\",\"target\":{\"@type\":\"EntryPoint\",\"urlTemplate\":\"https:\/\/vosgesinfo.fr\/remiremontinfo\/?s={search_term_string}\"},\"query-input\":\"required name=search_term_string\"}],\"inLanguage\":\"fr-FR\"},{\"@type\":\"Organization\",\"@id\":\"https:\/\/vosgesinfo.fr\/remiremontinfo\/#organization\",\"name\":\"Remiremont Info\",\"url\":\"https:\/\/vosgesinfo.fr\/remiremontinfo\/\",\"logo\":{\"@type\":\"ImageObject\",\"inLanguage\":\"fr-FR\",\"@id\":\"https:\/\/vosgesinfo.fr\/remiremontinfo\/#\/schema\/logo\/image\/\",\"url\":\"https:\/\/vosgesinfo.fr\/app\/uploads\/sites\/5\/2023\/08\/favicon-remiremontinfo.png\",\"contentUrl\":\"https:\/\/vosgesinfo.fr\/app\/uploads\/sites\/5\/2023\/08\/favicon-remiremontinfo.png\",\"width\":512,\"height\":512,\"caption\":\"Remiremont Info\"},\"image\":{\"@id\":\"https:\/\/vosgesinfo.fr\/remiremontinfo\/#\/schema\/logo\/image\/\"},\"sameAs\":[\"https:\/\/www.facebook.com\/remiremontinfo\",\"https:\/\/x.com\/VosgesInfo88\",\"https:\/\/www.youtube.com\/@vosgesinfo\"]},{\"@type\":\"Person\",\"@id\":\"https:\/\/vosgesinfo.fr\/remiremontinfo\/#\/schema\/person\/a6fd2dde36da20be3679f2058b94c5b8\",\"name\":\"P.M\",\"image\":{\"@type\":\"ImageObject\",\"inLanguage\":\"fr-FR\",\"@id\":\"https:\/\/vosgesinfo.fr\/remiremontinfo\/#\/schema\/person\/image\/\",\"url\":\"https:\/\/secure.gravatar.com\/avatar\/db38f6ef38bb165f6f4d352563f264129673ed4536984fbbcddf700bd12f8a9a?s=96&d=mm&r=g\",\"contentUrl\":\"https:\/\/secure.gravatar.com\/avatar\/db38f6ef38bb165f6f4d352563f264129673ed4536984fbbcddf700bd12f8a9a?s=96&d=mm&r=g\",\"caption\":\"P.M\"},\"url\":\"https:\/\/vosgesinfo.fr\/remiremontinfo\/author\/p-mangel88\/\"}]}<\/script>\n<!-- \/ Yoast SEO plugin. -->","yoast_head_json":{"title":"L\u2019Ademat-h : Toujours mobilis\u00e9e pour l'h\u00f4pital de Remiremont - Remiremont Info","robots":{"index":"index","follow":"follow","max-snippet":"max-snippet:-1","max-image-preview":"max-image-preview:large","max-video-preview":"max-video-preview:-1"},"canonical":"https:\/\/vosgesinfo.fr\/remiremontinfo\/?p=79372","twitter_card":"summary_large_image","twitter_title":"L\u2019Ademat-h : Toujours mobilis\u00e9e pour l'h\u00f4pital de Remiremont - Remiremont Info","twitter_description":"L\u2019ADEMAT-H a tenu ce vendredi soir son assembl\u00e9e g\u00e9n\u00e9rale annuelle au centre socio-culturel de Rupt-sur-Moselle en pr\u00e9sence d\u2019une bonne centaine [&hellip;]","twitter_image":"https:\/\/vosgesinfo.fr\/app\/uploads\/sites\/5\/2025\/03\/ag-ademath-20-scaled.jpg","twitter_creator":"@VosgesInfo88","twitter_site":"@VosgesInfo88","twitter_misc":{"\u00c9crit par":"P.M","Dur\u00e9e de lecture estim\u00e9e":"3 minutes"},"schema":{"@context":"https:\/\/schema.org","@graph":[{"@type":"Article","@id":"https:\/\/vosgesinfo.fr\/remiremontinfo\/?p=79372#article","isPartOf":{"@id":"https:\/\/vosgesinfo.fr\/remiremontinfo\/?p=79372"},"author":{"name":"P.M","@id":"https:\/\/vosgesinfo.fr\/remiremontinfo\/#\/schema\/person\/a6fd2dde36da20be3679f2058b94c5b8"},"headline":"L\u2019Ademat-h : Toujours mobilis\u00e9e pour l&rsquo;h\u00f4pital de Remiremont","datePublished":"2025-03-10T07:53:12+00:00","dateModified":"2025-03-10T07:53:12+00:00","mainEntityOfPage":{"@id":"https:\/\/vosgesinfo.fr\/remiremontinfo\/?p=79372"},"wordCount":500,"commentCount":1,"publisher":{"@id":"https:\/\/vosgesinfo.fr\/remiremontinfo\/#organization"},"image":{"@id":"https:\/\/vosgesinfo.fr\/remiremontinfo\/?p=79372#primaryimage"},"thumbnailUrl":"https:\/\/vosgesinfo.fr\/app\/uploads\/sites\/5\/2025\/03\/ag-ademath-20-scaled.jpg","keywords":["ademat-h"],"articleSection":["A la Une","Remiremont","Sant\u00e9","Social"],"inLanguage":"fr-FR","potentialAction":[{"@type":"CommentAction","name":"Comment","target":["https:\/\/vosgesinfo.fr\/remiremontinfo\/?p=79372#respond"]}]},{"@type":"WebPage","@id":"https:\/\/vosgesinfo.fr\/remiremontinfo\/?p=79372","url":"https:\/\/vosgesinfo.fr\/remiremontinfo\/?p=79372","name":"L\u2019Ademat-h : Toujours mobilis\u00e9e pour l'h\u00f4pital de Remiremont - Remiremont Info","isPartOf":{"@id":"https:\/\/vosgesinfo.fr\/remiremontinfo\/#website"},"primaryImageOfPage":{"@id":"https:\/\/vosgesinfo.fr\/remiremontinfo\/?p=79372#primaryimage"},"image":{"@id":"https:\/\/vosgesinfo.fr\/remiremontinfo\/?p=79372#primaryimage"},"thumbnailUrl":"https:\/\/vosgesinfo.fr\/app\/uploads\/sites\/5\/2025\/03\/ag-ademath-20-scaled.jpg","datePublished":"2025-03-10T07:53:12+00:00","dateModified":"2025-03-10T07:53:12+00:00","breadcrumb":{"@id":"https:\/\/vosgesinfo.fr\/remiremontinfo\/?p=79372#breadcrumb"},"inLanguage":"fr-FR","potentialAction":[{"@type":"ReadAction","target":["https:\/\/vosgesinfo.fr\/remiremontinfo\/?p=79372"]}]},{"@type":"ImageObject","inLanguage":"fr-FR","@id":"https:\/\/vosgesinfo.fr\/remiremontinfo\/?p=79372#primaryimage","url":"https:\/\/vosgesinfo.fr\/app\/uploads\/sites\/5\/2025\/03\/ag-ademath-20-scaled.jpg","contentUrl":"https:\/\/vosgesinfo.fr\/app\/uploads\/sites\/5\/2025\/03\/ag-ademath-20-scaled.jpg","width":2560,"height":1440},{"@type":"BreadcrumbList","@id":"https:\/\/vosgesinfo.fr\/remiremontinfo\/?p=79372#breadcrumb","itemListElement":[{"@type":"ListItem","position":1,"name":"Home","item":"https:\/\/vosgesinfo.fr\/remiremontinfo\/"},{"@type":"ListItem","position":2,"name":"l\u2019Ademat-h : Toujours mobilis\u00e9e!"}]},{"@type":"WebSite","@id":"https:\/\/vosgesinfo.fr\/remiremontinfo\/#website","url":"https:\/\/vosgesinfo.fr\/remiremontinfo\/","name":"Remiremont Info","description":"Toute l&#039;actualit\u00e9 de Remiremont","publisher":{"@id":"https:\/\/vosgesinfo.fr\/remiremontinfo\/#organization"},"alternateName":"Toute l'actualit\u00e9 de Remiremont","potentialAction":[{"@type":"SearchAction","target":{"@type":"EntryPoint","urlTemplate":"https:\/\/vosgesinfo.fr\/remiremontinfo\/?s={search_term_string}"},"query-input":"required name=search_term_string"}],"inLanguage":"fr-FR"},{"@type":"Organization","@id":"https:\/\/vosgesinfo.fr\/remiremontinfo\/#organization","name":"Remiremont Info","url":"https:\/\/vosgesinfo.fr\/remiremontinfo\/","logo":{"@type":"ImageObject","inLanguage":"fr-FR","@id":"https:\/\/vosgesinfo.fr\/remiremontinfo\/#\/schema\/logo\/image\/","url":"https:\/\/vosgesinfo.fr\/app\/uploads\/sites\/5\/2023\/08\/favicon-remiremontinfo.png","contentUrl":"https:\/\/vosgesinfo.fr\/app\/uploads\/sites\/5\/2023\/08\/favicon-remiremontinfo.png","width":512,"height":512,"caption":"Remiremont Info"},"image":{"@id":"https:\/\/vosgesinfo.fr\/remiremontinfo\/#\/schema\/logo\/image\/"},"sameAs":["https:\/\/www.facebook.com\/remiremontinfo","https:\/\/x.com\/VosgesInfo88","https:\/\/www.youtube.com\/@vosgesinfo"]},{"@type":"Person","@id":"https:\/\/vosgesinfo.fr\/remiremontinfo\/#\/schema\/person\/a6fd2dde36da20be3679f2058b94c5b8","name":"P.M","image":{"@type":"ImageObject","inLanguage":"fr-FR","@id":"https:\/\/vosgesinfo.fr\/remiremontinfo\/#\/schema\/person\/image\/","url":"https:\/\/secure.gravatar.com\/avatar\/db38f6ef38bb165f6f4d352563f264129673ed4536984fbbcddf700bd12f8a9a?s=96&d=mm&r=g","contentUrl":"https:\/\/secure.gravatar.com\/avatar\/db38f6ef38bb165f6f4d352563f264129673ed4536984fbbcddf700bd12f8a9a?s=96&d=mm&r=g","caption":"P.M"},"url":"https:\/\/vosgesinfo.fr\/remiremontinfo\/author\/p-mangel88\/"}]}},"_links":{"self":[{"href":"https:\/\/vosgesinfo.fr\/remiremontinfo\/wp-json\/wp\/v2\/posts\/79372","targetHints":{"allow":["GET"]}}],"collection":[{"href":"https:\/\/vosgesinfo.fr\/remiremontinfo\/wp-json\/wp\/v2\/posts"}],"about":[{"href":"https:\/\/vosgesinfo.fr\/remiremontinfo\/wp-json\/wp\/v2\/types\/post"}],"author":[{"embeddable":true,"href":"https:\/\/vosgesinfo.fr\/remiremontinfo\/wp-json\/wp\/v2\/users\/413"}],"replies":[{"embeddable":true,"href":"https:\/\/vosgesinfo.fr\/remiremontinfo\/wp-json\/wp\/v2\/comments?post=79372"}],"version-history":[{"count":4,"href":"https:\/\/vosgesinfo.fr\/remiremontinfo\/wp-json\/wp\/v2\/posts\/79372\/revisions"}],"predecessor-version":[{"id":79397,"href":"https:\/\/vosgesinfo.fr\/remiremontinfo\/wp-json\/wp\/v2\/posts\/79372\/revisions\/79397"}],"wp:featuredmedia":[{"embeddable":true,"href":"https:\/\/vosgesinfo.fr\/remiremontinfo\/wp-json\/wp\/v2\/media\/79373"}],"wp:attachment":[{"href":"https:\/\/vosgesinfo.fr\/remiremontinfo\/wp-json\/wp\/v2\/media?parent=79372"}],"wp:term":[{"taxonomy":"category","embeddable":true,"href":"https:\/\/vosgesinfo.fr\/remiremontinfo\/wp-json\/wp\/v2\/categories?post=79372"},{"taxonomy":"post_tag","embeddable":true,"href":"https:\/\/vosgesinfo.fr\/remiremontinfo\/wp-json\/wp\/v2\/tags?post=79372"}],"curies":[{"name":"wp","href":"https:\/\/api.w.org\/{rel}","templated":true}]}}