{"id":79495,"date":"2025-03-12T14:06:51","date_gmt":"2025-03-12T13:06:51","guid":{"rendered":"https:\/\/vosgesinfo.fr\/remiremontinfo\/?p=79495"},"modified":"2025-03-12T11:09:32","modified_gmt":"2025-03-12T10:09:32","slug":"reunion-dinformation-pour-la-restructuration-de-la-piscine-de-vagney-le-25-mars","status":"publish","type":"post","link":"https:\/\/vosgesinfo.fr\/remiremontinfo\/2025\/03\/reunion-dinformation-pour-la-restructuration-de-la-piscine-de-vagney-le-25-mars\/","title":{"rendered":"R\u00e9union d&rsquo;information pour la restructuration de la piscine de Vagney le 25 mars"},"content":{"rendered":"<p style=\"font-weight: 400;\"><strong>Dans le cadre de son programme de restructuration et r\u00e9habilitation de l&rsquo;ensemble de ses \u00e9quipements, la Communaut\u00e9 de Communes des Hautes Vosges va d\u00e9buter, apr\u00e8s les cin\u00e9mas, la r\u00e9habilitation des piscines de son territoire.<\/strong><\/p>\n<p style=\"font-weight: 400;\">Les maitres d&rsquo;\u0153uvre, qui seront en charge de chaque projet, sont recrut\u00e9s et les phases d&rsquo;\u00e9tudes avanc\u00e9es vont d\u00e9marrer dans les jours \u00e0 venir.<\/p>\n<p style=\"font-weight: 400;\">Ainsi, une premi\u00e8re r\u00e9union d&rsquo;information, concernant la reconstruction de la piscine \u00e0 Vagney, aura lieu le mardi 25 mars \u00e0 20h00, salle Saint-Hubert \u00e0 Vagney, afin de pr\u00e9senter le projet, donner un calendrier pr\u00e9visionnel et r\u00e9pondre aux questions des habitants et usagers du territoire.<\/p>\n<p style=\"font-weight: 400;\">Une 2<sup>e<\/sup> r\u00e9union d&rsquo;information aura lieu \u00e0 La Bresse, cette fois pour pr\u00e9senter le projet de r\u00e9habilitation lourde qui aura lieu sur le complexe aquatique \u00e0 La Bresse. La date sera communiqu\u00e9e d\u00e8s lors que la phase de diagnostic sur le b\u00e2timent sera termin\u00e9e.<\/p>\n<p><a href=\"https:\/\/vosgesinfo.fr\/app\/uploads\/sites\/5\/2025\/03\/affiche-reunion-dinformation-piscine-vagney-copie.jpg\"><img decoding=\"async\" class=\"aligncenter size-full wp-image-79496\" src=\"https:\/\/vosgesinfo.fr\/app\/uploads\/sites\/5\/2025\/03\/affiche-reunion-dinformation-piscine-vagney-copie.jpg\" alt=\"\" width=\"1000\" height=\"1500\" srcset=\"https:\/\/vosgesinfo.fr\/app\/uploads\/sites\/5\/2025\/03\/affiche-reunion-dinformation-piscine-vagney-copie.jpg 1000w, https:\/\/vosgesinfo.fr\/app\/uploads\/sites\/5\/2025\/03\/affiche-reunion-dinformation-piscine-vagney-copie-200x300.jpg 200w, https:\/\/vosgesinfo.fr\/app\/uploads\/sites\/5\/2025\/03\/affiche-reunion-dinformation-piscine-vagney-copie-683x1024.jpg 683w, https:\/\/vosgesinfo.fr\/app\/uploads\/sites\/5\/2025\/03\/affiche-reunion-dinformation-piscine-vagney-copie-768x1152.jpg 768w\" sizes=\"(max-width: 1000px) 100vw, 1000px\" \/><\/a><\/p>\n","protected":false},"excerpt":{"rendered":"<p>Dans le cadre de son programme de restructuration et r\u00e9habilitation de l&rsquo;ensemble de ses \u00e9quipements, la Communaut\u00e9 de Communes des [&hellip;]<\/p>\n","protected":false},"author":391,"featured_media":79496,"comment_status":"open","ping_status":"open","sticky":false,"template":"","format":"standard","meta":{"footnotes":""},"categories":[26,594,36],"tags":[444,6234,304],"class_list":["post-79495","post","type-post","status-publish","format-standard","has-post-thumbnail","hentry","category-a-la-une","category-agenda","category-vagney","tag-cchv","tag-piscine-vagney","tag-reunion-dinformation"],"acf":[],"yoast_head":"<!-- This site is optimized with the Yoast SEO plugin v22.5 - https:\/\/yoast.com\/wordpress\/plugins\/seo\/ -->\n<title>R\u00e9union d&#039;information pour la restructuration de la piscine de Vagney le 25 mars - Remiremont Info<\/title>\n<meta name=\"robots\" content=\"index, follow, max-snippet:-1, max-image-preview:large, max-video-preview:-1\" \/>\n<link rel=\"canonical\" href=\"https:\/\/vosgesinfo.fr\/remiremontinfo\/2025\/03\/reunion-dinformation-pour-la-restructuration-de-la-piscine-de-vagney-le-25-mars\/\" \/>\n<meta name=\"twitter:card\" content=\"summary_large_image\" \/>\n<meta name=\"twitter:title\" content=\"R\u00e9union d&#039;information pour la restructuration de la piscine de Vagney le 25 mars - Remiremont Info\" \/>\n<meta name=\"twitter:description\" content=\"Dans le cadre de son programme de restructuration et r\u00e9habilitation de l&rsquo;ensemble de ses \u00e9quipements, la Communaut\u00e9 de Communes des [&hellip;]\" \/>\n<meta name=\"twitter:image\" content=\"https:\/\/vosgesinfo.fr\/app\/uploads\/sites\/5\/2025\/03\/affiche-reunion-dinformation-piscine-vagney-copie.jpg\" \/>\n<meta name=\"twitter:creator\" content=\"@VosgesInfo88\" \/>\n<meta name=\"twitter:site\" content=\"@VosgesInfo88\" \/>\n<meta name=\"twitter:label1\" content=\"\u00c9crit par\" \/>\n\t<meta name=\"twitter:data1\" content=\"La redaction\" \/>\n\t<meta name=\"twitter:label2\" content=\"Dur\u00e9e de lecture estim\u00e9e\" \/>\n\t<meta name=\"twitter:data2\" content=\"1 minute\" \/>\n<script type=\"application\/ld+json\" class=\"yoast-schema-graph\">{\"@context\":\"https:\/\/schema.org\",\"@graph\":[{\"@type\":\"Article\",\"@id\":\"https:\/\/vosgesinfo.fr\/remiremontinfo\/2025\/03\/reunion-dinformation-pour-la-restructuration-de-la-piscine-de-vagney-le-25-mars\/#article\",\"isPartOf\":{\"@id\":\"https:\/\/vosgesinfo.fr\/remiremontinfo\/2025\/03\/reunion-dinformation-pour-la-restructuration-de-la-piscine-de-vagney-le-25-mars\/\"},\"author\":{\"name\":\"La redaction\",\"@id\":\"https:\/\/vosgesinfo.fr\/remiremontinfo\/#\/schema\/person\/27a3695b06db98895b354c0765cdfc31\"},\"headline\":\"R\u00e9union d&rsquo;information pour la restructuration de la piscine de Vagney le 25 mars\",\"datePublished\":\"2025-03-12T13:06:51+00:00\",\"dateModified\":\"2025-03-12T10:09:32+00:00\",\"mainEntityOfPage\":{\"@id\":\"https:\/\/vosgesinfo.fr\/remiremontinfo\/2025\/03\/reunion-dinformation-pour-la-restructuration-de-la-piscine-de-vagney-le-25-mars\/\"},\"wordCount\":178,\"commentCount\":0,\"publisher\":{\"@id\":\"https:\/\/vosgesinfo.fr\/remiremontinfo\/#organization\"},\"image\":{\"@id\":\"https:\/\/vosgesinfo.fr\/remiremontinfo\/2025\/03\/reunion-dinformation-pour-la-restructuration-de-la-piscine-de-vagney-le-25-mars\/#primaryimage\"},\"thumbnailUrl\":\"https:\/\/vosgesinfo.fr\/app\/uploads\/sites\/5\/2025\/03\/affiche-reunion-dinformation-piscine-vagney-copie.jpg\",\"keywords\":[\"CCHV\",\"piscine vagney\",\"R\u00e9union d'information\"],\"articleSection\":[\"A la Une\",\"Agenda\",\"Vagney\"],\"inLanguage\":\"fr-FR\",\"potentialAction\":[{\"@type\":\"CommentAction\",\"name\":\"Comment\",\"target\":[\"https:\/\/vosgesinfo.fr\/remiremontinfo\/2025\/03\/reunion-dinformation-pour-la-restructuration-de-la-piscine-de-vagney-le-25-mars\/#respond\"]}]},{\"@type\":\"WebPage\",\"@id\":\"https:\/\/vosgesinfo.fr\/remiremontinfo\/2025\/03\/reunion-dinformation-pour-la-restructuration-de-la-piscine-de-vagney-le-25-mars\/\",\"url\":\"https:\/\/vosgesinfo.fr\/remiremontinfo\/2025\/03\/reunion-dinformation-pour-la-restructuration-de-la-piscine-de-vagney-le-25-mars\/\",\"name\":\"R\u00e9union d'information pour la restructuration de la piscine de Vagney le 25 mars - Remiremont Info\",\"isPartOf\":{\"@id\":\"https:\/\/vosgesinfo.fr\/remiremontinfo\/#website\"},\"primaryImageOfPage\":{\"@id\":\"https:\/\/vosgesinfo.fr\/remiremontinfo\/2025\/03\/reunion-dinformation-pour-la-restructuration-de-la-piscine-de-vagney-le-25-mars\/#primaryimage\"},\"image\":{\"@id\":\"https:\/\/vosgesinfo.fr\/remiremontinfo\/2025\/03\/reunion-dinformation-pour-la-restructuration-de-la-piscine-de-vagney-le-25-mars\/#primaryimage\"},\"thumbnailUrl\":\"https:\/\/vosgesinfo.fr\/app\/uploads\/sites\/5\/2025\/03\/affiche-reunion-dinformation-piscine-vagney-copie.jpg\",\"datePublished\":\"2025-03-12T13:06:51+00:00\",\"dateModified\":\"2025-03-12T10:09:32+00:00\",\"breadcrumb\":{\"@id\":\"https:\/\/vosgesinfo.fr\/remiremontinfo\/2025\/03\/reunion-dinformation-pour-la-restructuration-de-la-piscine-de-vagney-le-25-mars\/#breadcrumb\"},\"inLanguage\":\"fr-FR\",\"potentialAction\":[{\"@type\":\"ReadAction\",\"target\":[\"https:\/\/vosgesinfo.fr\/remiremontinfo\/2025\/03\/reunion-dinformation-pour-la-restructuration-de-la-piscine-de-vagney-le-25-mars\/\"]}]},{\"@type\":\"ImageObject\",\"inLanguage\":\"fr-FR\",\"@id\":\"https:\/\/vosgesinfo.fr\/remiremontinfo\/2025\/03\/reunion-dinformation-pour-la-restructuration-de-la-piscine-de-vagney-le-25-mars\/#primaryimage\",\"url\":\"https:\/\/vosgesinfo.fr\/app\/uploads\/sites\/5\/2025\/03\/affiche-reunion-dinformation-piscine-vagney-copie.jpg\",\"contentUrl\":\"https:\/\/vosgesinfo.fr\/app\/uploads\/sites\/5\/2025\/03\/affiche-reunion-dinformation-piscine-vagney-copie.jpg\",\"width\":1000,\"height\":1500},{\"@type\":\"BreadcrumbList\",\"@id\":\"https:\/\/vosgesinfo.fr\/remiremontinfo\/2025\/03\/reunion-dinformation-pour-la-restructuration-de-la-piscine-de-vagney-le-25-mars\/#breadcrumb\",\"itemListElement\":[{\"@type\":\"ListItem\",\"position\":1,\"name\":\"Home\",\"item\":\"https:\/\/vosgesinfo.fr\/remiremontinfo\/\"},{\"@type\":\"ListItem\",\"position\":2,\"name\":\"R\u00e9union d&rsquo;information pour la restructuration de la piscine de Vagney le 25 mars\"}]},{\"@type\":\"WebSite\",\"@id\":\"https:\/\/vosgesinfo.fr\/remiremontinfo\/#website\",\"url\":\"https:\/\/vosgesinfo.fr\/remiremontinfo\/\",\"name\":\"Remiremont Info\",\"description\":\"Toute l&#039;actualit\u00e9 de Remiremont\",\"publisher\":{\"@id\":\"https:\/\/vosgesinfo.fr\/remiremontinfo\/#organization\"},\"alternateName\":\"Toute l'actualit\u00e9 de Remiremont\",\"potentialAction\":[{\"@type\":\"SearchAction\",\"target\":{\"@type\":\"EntryPoint\",\"urlTemplate\":\"https:\/\/vosgesinfo.fr\/remiremontinfo\/?s={search_term_string}\"},\"query-input\":\"required name=search_term_string\"}],\"inLanguage\":\"fr-FR\"},{\"@type\":\"Organization\",\"@id\":\"https:\/\/vosgesinfo.fr\/remiremontinfo\/#organization\",\"name\":\"Remiremont Info\",\"url\":\"https:\/\/vosgesinfo.fr\/remiremontinfo\/\",\"logo\":{\"@type\":\"ImageObject\",\"inLanguage\":\"fr-FR\",\"@id\":\"https:\/\/vosgesinfo.fr\/remiremontinfo\/#\/schema\/logo\/image\/\",\"url\":\"https:\/\/vosgesinfo.fr\/app\/uploads\/sites\/5\/2023\/08\/favicon-remiremontinfo.png\",\"contentUrl\":\"https:\/\/vosgesinfo.fr\/app\/uploads\/sites\/5\/2023\/08\/favicon-remiremontinfo.png\",\"width\":512,\"height\":512,\"caption\":\"Remiremont Info\"},\"image\":{\"@id\":\"https:\/\/vosgesinfo.fr\/remiremontinfo\/#\/schema\/logo\/image\/\"},\"sameAs\":[\"https:\/\/www.facebook.com\/remiremontinfo\",\"https:\/\/x.com\/VosgesInfo88\",\"https:\/\/www.youtube.com\/@vosgesinfo\"]},{\"@type\":\"Person\",\"@id\":\"https:\/\/vosgesinfo.fr\/remiremontinfo\/#\/schema\/person\/27a3695b06db98895b354c0765cdfc31\",\"name\":\"La redaction\",\"image\":{\"@type\":\"ImageObject\",\"inLanguage\":\"fr-FR\",\"@id\":\"https:\/\/vosgesinfo.fr\/remiremontinfo\/#\/schema\/person\/image\/\",\"url\":\"https:\/\/secure.gravatar.com\/avatar\/64c76a78e501cedee55736f43f332df901e1896ae9cd8fad269ae2236dd0e8b6?s=96&d=mm&r=g\",\"contentUrl\":\"https:\/\/secure.gravatar.com\/avatar\/64c76a78e501cedee55736f43f332df901e1896ae9cd8fad269ae2236dd0e8b6?s=96&d=mm&r=g\",\"caption\":\"La redaction\"},\"url\":\"https:\/\/vosgesinfo.fr\/remiremontinfo\/author\/la-redaction\/\"}]}<\/script>\n<!-- \/ Yoast SEO plugin. -->","yoast_head_json":{"title":"R\u00e9union d'information pour la restructuration de la piscine de Vagney le 25 mars - Remiremont Info","robots":{"index":"index","follow":"follow","max-snippet":"max-snippet:-1","max-image-preview":"max-image-preview:large","max-video-preview":"max-video-preview:-1"},"canonical":"https:\/\/vosgesinfo.fr\/remiremontinfo\/2025\/03\/reunion-dinformation-pour-la-restructuration-de-la-piscine-de-vagney-le-25-mars\/","twitter_card":"summary_large_image","twitter_title":"R\u00e9union d'information pour la restructuration de la piscine de Vagney le 25 mars - Remiremont Info","twitter_description":"Dans le cadre de son programme de restructuration et r\u00e9habilitation de l&rsquo;ensemble de ses \u00e9quipements, la Communaut\u00e9 de Communes des [&hellip;]","twitter_image":"https:\/\/vosgesinfo.fr\/app\/uploads\/sites\/5\/2025\/03\/affiche-reunion-dinformation-piscine-vagney-copie.jpg","twitter_creator":"@VosgesInfo88","twitter_site":"@VosgesInfo88","twitter_misc":{"\u00c9crit par":"La redaction","Dur\u00e9e de lecture estim\u00e9e":"1 minute"},"schema":{"@context":"https:\/\/schema.org","@graph":[{"@type":"Article","@id":"https:\/\/vosgesinfo.fr\/remiremontinfo\/2025\/03\/reunion-dinformation-pour-la-restructuration-de-la-piscine-de-vagney-le-25-mars\/#article","isPartOf":{"@id":"https:\/\/vosgesinfo.fr\/remiremontinfo\/2025\/03\/reunion-dinformation-pour-la-restructuration-de-la-piscine-de-vagney-le-25-mars\/"},"author":{"name":"La redaction","@id":"https:\/\/vosgesinfo.fr\/remiremontinfo\/#\/schema\/person\/27a3695b06db98895b354c0765cdfc31"},"headline":"R\u00e9union d&rsquo;information pour la restructuration de la piscine de Vagney le 25 mars","datePublished":"2025-03-12T13:06:51+00:00","dateModified":"2025-03-12T10:09:32+00:00","mainEntityOfPage":{"@id":"https:\/\/vosgesinfo.fr\/remiremontinfo\/2025\/03\/reunion-dinformation-pour-la-restructuration-de-la-piscine-de-vagney-le-25-mars\/"},"wordCount":178,"commentCount":0,"publisher":{"@id":"https:\/\/vosgesinfo.fr\/remiremontinfo\/#organization"},"image":{"@id":"https:\/\/vosgesinfo.fr\/remiremontinfo\/2025\/03\/reunion-dinformation-pour-la-restructuration-de-la-piscine-de-vagney-le-25-mars\/#primaryimage"},"thumbnailUrl":"https:\/\/vosgesinfo.fr\/app\/uploads\/sites\/5\/2025\/03\/affiche-reunion-dinformation-piscine-vagney-copie.jpg","keywords":["CCHV","piscine vagney","R\u00e9union d'information"],"articleSection":["A la Une","Agenda","Vagney"],"inLanguage":"fr-FR","potentialAction":[{"@type":"CommentAction","name":"Comment","target":["https:\/\/vosgesinfo.fr\/remiremontinfo\/2025\/03\/reunion-dinformation-pour-la-restructuration-de-la-piscine-de-vagney-le-25-mars\/#respond"]}]},{"@type":"WebPage","@id":"https:\/\/vosgesinfo.fr\/remiremontinfo\/2025\/03\/reunion-dinformation-pour-la-restructuration-de-la-piscine-de-vagney-le-25-mars\/","url":"https:\/\/vosgesinfo.fr\/remiremontinfo\/2025\/03\/reunion-dinformation-pour-la-restructuration-de-la-piscine-de-vagney-le-25-mars\/","name":"R\u00e9union d'information pour la restructuration de la piscine de Vagney le 25 mars - Remiremont Info","isPartOf":{"@id":"https:\/\/vosgesinfo.fr\/remiremontinfo\/#website"},"primaryImageOfPage":{"@id":"https:\/\/vosgesinfo.fr\/remiremontinfo\/2025\/03\/reunion-dinformation-pour-la-restructuration-de-la-piscine-de-vagney-le-25-mars\/#primaryimage"},"image":{"@id":"https:\/\/vosgesinfo.fr\/remiremontinfo\/2025\/03\/reunion-dinformation-pour-la-restructuration-de-la-piscine-de-vagney-le-25-mars\/#primaryimage"},"thumbnailUrl":"https:\/\/vosgesinfo.fr\/app\/uploads\/sites\/5\/2025\/03\/affiche-reunion-dinformation-piscine-vagney-copie.jpg","datePublished":"2025-03-12T13:06:51+00:00","dateModified":"2025-03-12T10:09:32+00:00","breadcrumb":{"@id":"https:\/\/vosgesinfo.fr\/remiremontinfo\/2025\/03\/reunion-dinformation-pour-la-restructuration-de-la-piscine-de-vagney-le-25-mars\/#breadcrumb"},"inLanguage":"fr-FR","potentialAction":[{"@type":"ReadAction","target":["https:\/\/vosgesinfo.fr\/remiremontinfo\/2025\/03\/reunion-dinformation-pour-la-restructuration-de-la-piscine-de-vagney-le-25-mars\/"]}]},{"@type":"ImageObject","inLanguage":"fr-FR","@id":"https:\/\/vosgesinfo.fr\/remiremontinfo\/2025\/03\/reunion-dinformation-pour-la-restructuration-de-la-piscine-de-vagney-le-25-mars\/#primaryimage","url":"https:\/\/vosgesinfo.fr\/app\/uploads\/sites\/5\/2025\/03\/affiche-reunion-dinformation-piscine-vagney-copie.jpg","contentUrl":"https:\/\/vosgesinfo.fr\/app\/uploads\/sites\/5\/2025\/03\/affiche-reunion-dinformation-piscine-vagney-copie.jpg","width":1000,"height":1500},{"@type":"BreadcrumbList","@id":"https:\/\/vosgesinfo.fr\/remiremontinfo\/2025\/03\/reunion-dinformation-pour-la-restructuration-de-la-piscine-de-vagney-le-25-mars\/#breadcrumb","itemListElement":[{"@type":"ListItem","position":1,"name":"Home","item":"https:\/\/vosgesinfo.fr\/remiremontinfo\/"},{"@type":"ListItem","position":2,"name":"R\u00e9union d&rsquo;information pour la restructuration de la piscine de Vagney le 25 mars"}]},{"@type":"WebSite","@id":"https:\/\/vosgesinfo.fr\/remiremontinfo\/#website","url":"https:\/\/vosgesinfo.fr\/remiremontinfo\/","name":"Remiremont Info","description":"Toute l&#039;actualit\u00e9 de Remiremont","publisher":{"@id":"https:\/\/vosgesinfo.fr\/remiremontinfo\/#organization"},"alternateName":"Toute l'actualit\u00e9 de Remiremont","potentialAction":[{"@type":"SearchAction","target":{"@type":"EntryPoint","urlTemplate":"https:\/\/vosgesinfo.fr\/remiremontinfo\/?s={search_term_string}"},"query-input":"required name=search_term_string"}],"inLanguage":"fr-FR"},{"@type":"Organization","@id":"https:\/\/vosgesinfo.fr\/remiremontinfo\/#organization","name":"Remiremont Info","url":"https:\/\/vosgesinfo.fr\/remiremontinfo\/","logo":{"@type":"ImageObject","inLanguage":"fr-FR","@id":"https:\/\/vosgesinfo.fr\/remiremontinfo\/#\/schema\/logo\/image\/","url":"https:\/\/vosgesinfo.fr\/app\/uploads\/sites\/5\/2023\/08\/favicon-remiremontinfo.png","contentUrl":"https:\/\/vosgesinfo.fr\/app\/uploads\/sites\/5\/2023\/08\/favicon-remiremontinfo.png","width":512,"height":512,"caption":"Remiremont Info"},"image":{"@id":"https:\/\/vosgesinfo.fr\/remiremontinfo\/#\/schema\/logo\/image\/"},"sameAs":["https:\/\/www.facebook.com\/remiremontinfo","https:\/\/x.com\/VosgesInfo88","https:\/\/www.youtube.com\/@vosgesinfo"]},{"@type":"Person","@id":"https:\/\/vosgesinfo.fr\/remiremontinfo\/#\/schema\/person\/27a3695b06db98895b354c0765cdfc31","name":"La redaction","image":{"@type":"ImageObject","inLanguage":"fr-FR","@id":"https:\/\/vosgesinfo.fr\/remiremontinfo\/#\/schema\/person\/image\/","url":"https:\/\/secure.gravatar.com\/avatar\/64c76a78e501cedee55736f43f332df901e1896ae9cd8fad269ae2236dd0e8b6?s=96&d=mm&r=g","contentUrl":"https:\/\/secure.gravatar.com\/avatar\/64c76a78e501cedee55736f43f332df901e1896ae9cd8fad269ae2236dd0e8b6?s=96&d=mm&r=g","caption":"La redaction"},"url":"https:\/\/vosgesinfo.fr\/remiremontinfo\/author\/la-redaction\/"}]}},"_links":{"self":[{"href":"https:\/\/vosgesinfo.fr\/remiremontinfo\/wp-json\/wp\/v2\/posts\/79495","targetHints":{"allow":["GET"]}}],"collection":[{"href":"https:\/\/vosgesinfo.fr\/remiremontinfo\/wp-json\/wp\/v2\/posts"}],"about":[{"href":"https:\/\/vosgesinfo.fr\/remiremontinfo\/wp-json\/wp\/v2\/types\/post"}],"author":[{"embeddable":true,"href":"https:\/\/vosgesinfo.fr\/remiremontinfo\/wp-json\/wp\/v2\/users\/391"}],"replies":[{"embeddable":true,"href":"https:\/\/vosgesinfo.fr\/remiremontinfo\/wp-json\/wp\/v2\/comments?post=79495"}],"version-history":[{"count":1,"href":"https:\/\/vosgesinfo.fr\/remiremontinfo\/wp-json\/wp\/v2\/posts\/79495\/revisions"}],"predecessor-version":[{"id":79497,"href":"https:\/\/vosgesinfo.fr\/remiremontinfo\/wp-json\/wp\/v2\/posts\/79495\/revisions\/79497"}],"wp:featuredmedia":[{"embeddable":true,"href":"https:\/\/vosgesinfo.fr\/remiremontinfo\/wp-json\/wp\/v2\/media\/79496"}],"wp:attachment":[{"href":"https:\/\/vosgesinfo.fr\/remiremontinfo\/wp-json\/wp\/v2\/media?parent=79495"}],"wp:term":[{"taxonomy":"category","embeddable":true,"href":"https:\/\/vosgesinfo.fr\/remiremontinfo\/wp-json\/wp\/v2\/categories?post=79495"},{"taxonomy":"post_tag","embeddable":true,"href":"https:\/\/vosgesinfo.fr\/remiremontinfo\/wp-json\/wp\/v2\/tags?post=79495"}],"curies":[{"name":"wp","href":"https:\/\/api.w.org\/{rel}","templated":true}]}}