{"id":79504,"date":"2025-03-12T18:27:37","date_gmt":"2025-03-12T17:27:37","guid":{"rendered":"https:\/\/vosgesinfo.fr\/remiremontinfo\/?p=79504"},"modified":"2025-03-12T15:31:58","modified_gmt":"2025-03-12T14:31:58","slug":"rupt-sur-moselle-la-foire-aux-harengs-revient-les-15-et-16-mars-2025","status":"publish","type":"post","link":"https:\/\/vosgesinfo.fr\/remiremontinfo\/2025\/03\/rupt-sur-moselle-la-foire-aux-harengs-revient-les-15-et-16-mars-2025\/","title":{"rendered":"Rupt-sur-Moselle : La Foire aux Harengs revient les 15 et 16 mars 2025"},"content":{"rendered":"<p data-start=\"78\" data-end=\"309\"><a href=\"https:\/\/vosgesinfo.fr\/app\/uploads\/sites\/5\/2025\/02\/rupt-foire-harengs-et-salon-vin-terroir-03-2023-14.jpg-.jpg\"><img decoding=\"async\" class=\"aligncenter size-full wp-image-78978\" src=\"https:\/\/vosgesinfo.fr\/app\/uploads\/sites\/5\/2025\/02\/rupt-foire-harengs-et-salon-vin-terroir-03-2023-14.jpg-.jpg\" alt=\"\" width=\"2133\" height=\"1545\" srcset=\"https:\/\/vosgesinfo.fr\/app\/uploads\/sites\/5\/2025\/02\/rupt-foire-harengs-et-salon-vin-terroir-03-2023-14.jpg-.jpg 2133w, https:\/\/vosgesinfo.fr\/app\/uploads\/sites\/5\/2025\/02\/rupt-foire-harengs-et-salon-vin-terroir-03-2023-14.jpg--300x217.jpg 300w, https:\/\/vosgesinfo.fr\/app\/uploads\/sites\/5\/2025\/02\/rupt-foire-harengs-et-salon-vin-terroir-03-2023-14.jpg--1024x742.jpg 1024w, https:\/\/vosgesinfo.fr\/app\/uploads\/sites\/5\/2025\/02\/rupt-foire-harengs-et-salon-vin-terroir-03-2023-14.jpg--768x556.jpg 768w, https:\/\/vosgesinfo.fr\/app\/uploads\/sites\/5\/2025\/02\/rupt-foire-harengs-et-salon-vin-terroir-03-2023-14.jpg--1536x1113.jpg 1536w, https:\/\/vosgesinfo.fr\/app\/uploads\/sites\/5\/2025\/02\/rupt-foire-harengs-et-salon-vin-terroir-03-2023-14.jpg--2048x1483.jpg 2048w\" sizes=\"(max-width: 2133px) 100vw, 2133px\" \/><\/a><\/p>\n<p data-start=\"78\" data-end=\"309\"><strong>Chaque ann\u00e9e, la Foire aux Harengs rassemble des milliers de visiteurs \u00e0 Rupt-sur-Moselle, perp\u00e9tuant une tradition n\u00e9e en 1882. Pour sa 141\u1d49 \u00e9dition, les festivit\u00e9s s\u2019annoncent riches en animations et en saveurs.<\/strong><\/p>\n<p data-start=\"311\" data-end=\"629\">Le samedi 15 mars, le centre-ville s\u2019animera avec une grande braderie, une f\u00eate foraine, des stands de harengs frais, des animations musicales et des d\u00e9monstrations de vieux m\u00e9tiers. Un repas convivial (carpe frite ou jambon brais\u00e9) sera organis\u00e9 en soir\u00e9e par le CAHM (25\u20ac, sur r\u00e9servation au 06 32 38 62 24 \/ 06 61 42 54 98).<\/p>\n<p data-start=\"631\" data-end=\"831\">En parall\u00e8le, le 22\u1d49 Salon des Vins et du Terroir se tiendra au gymnase municipal. Plus de 40 exposants proposeront vins et produits du terroir. L\u2019entr\u00e9e (3\u20ac) inclut un verre de d\u00e9gustation.<\/p>\n<p data-start=\"833\" data-end=\"942\"><strong>Horaires du salon :<\/strong><br data-start=\"859\" data-end=\"862\" \/>Samedi 15 mars : 9h30 \u2013 20h00<br data-start=\"898\" data-end=\"901\" \/>Dimanche 16 mars : 10h00 \u2013 18h00<\/p>\n<p data-start=\"944\" data-end=\"1037\" data-is-last-node=\"\" data-is-only-node=\"\">Un week-end festif \u00e0 ne pas manquer, m\u00ealant tradition, gastronomie et convivialit\u00e9 !<\/p>\n\n\t\t<style type=\"text\/css\">\n\t\t\t#gallery-1 {\n\t\t\t\tmargin: auto;\n\t\t\t}\n\t\t\t#gallery-1 .gallery-item {\n\t\t\t\tfloat: left;\n\t\t\t\tmargin-top: 10px;\n\t\t\t\ttext-align: center;\n\t\t\t\twidth: 50%;\n\t\t\t}\n\t\t\t#gallery-1 img {\n\t\t\t\tborder: 2px solid #cfcfcf;\n\t\t\t}\n\t\t\t#gallery-1 .gallery-caption {\n\t\t\t\tmargin-left: 0;\n\t\t\t}\n\t\t\t\/* see gallery_shortcode() in wp-includes\/media.php *\/\n\t\t<\/style>\n\t\t<div id='gallery-1' class='gallery galleryid-79504 gallery-columns-2 gallery-size-full'><dl class='gallery-item'>\n\t\t\t<dt class='gallery-icon landscape'>\n\t\t\t\t<a href='https:\/\/vosgesinfo.fr\/remiremontinfo\/pub\/centrale-mairie-rupt-sur-moselle\/foire_aux_harengs\/'><img decoding=\"async\" width=\"690\" height=\"350\" src=\"https:\/\/vosgesinfo.fr\/app\/uploads\/sites\/5\/2025\/02\/foire-aux-harengs.jpg\" class=\"attachment-full size-full\" alt=\"\" srcset=\"https:\/\/vosgesinfo.fr\/app\/uploads\/sites\/5\/2025\/02\/foire-aux-harengs.jpg 690w, https:\/\/vosgesinfo.fr\/app\/uploads\/sites\/5\/2025\/02\/foire-aux-harengs-300x152.jpg 300w\" sizes=\"(max-width: 690px) 100vw, 690px\" \/><\/a>\n\t\t\t<\/dt><\/dl><dl class='gallery-item'>\n\t\t\t<dt class='gallery-icon landscape'>\n\t\t\t\t<a href='https:\/\/vosgesinfo.fr\/remiremontinfo\/recto-2048x1448-1\/'><img decoding=\"async\" width=\"1024\" height=\"724\" src=\"https:\/\/vosgesinfo.fr\/app\/uploads\/sites\/5\/2025\/03\/recto-2048x1448-1.jpg\" class=\"attachment-full size-full\" alt=\"\" srcset=\"https:\/\/vosgesinfo.fr\/app\/uploads\/sites\/5\/2025\/03\/recto-2048x1448-1.jpg 1024w, https:\/\/vosgesinfo.fr\/app\/uploads\/sites\/5\/2025\/03\/recto-2048x1448-1-300x212.jpg 300w, https:\/\/vosgesinfo.fr\/app\/uploads\/sites\/5\/2025\/03\/recto-2048x1448-1-768x543.jpg 768w\" sizes=\"(max-width: 1024px) 100vw, 1024px\" \/><\/a>\n\t\t\t<\/dt><\/dl><br style=\"clear: both\" \/><dl class='gallery-item'>\n\t\t\t<dt class='gallery-icon landscape'>\n\t\t\t\t<a href='https:\/\/vosgesinfo.fr\/remiremontinfo\/2025\/03\/rupt-sur-moselle-la-foire-aux-harengs-revient-les-15-et-16-mars-2025\/verso-2048x1448-1\/'><img decoding=\"async\" width=\"1024\" height=\"724\" src=\"https:\/\/vosgesinfo.fr\/app\/uploads\/sites\/5\/2025\/03\/verso-2048x1448-1.jpg\" class=\"attachment-full size-full\" alt=\"\" srcset=\"https:\/\/vosgesinfo.fr\/app\/uploads\/sites\/5\/2025\/03\/verso-2048x1448-1.jpg 1024w, https:\/\/vosgesinfo.fr\/app\/uploads\/sites\/5\/2025\/03\/verso-2048x1448-1-300x212.jpg 300w, https:\/\/vosgesinfo.fr\/app\/uploads\/sites\/5\/2025\/03\/verso-2048x1448-1-768x543.jpg 768w\" sizes=\"(max-width: 1024px) 100vw, 1024px\" \/><\/a>\n\t\t\t<\/dt><\/dl>\n\t\t\t<br style='clear: both' \/>\n\t\t<\/div>\n\n<p data-start=\"944\" data-end=\"1037\" data-is-last-node=\"\" data-is-only-node=\"\">\n","protected":false},"excerpt":{"rendered":"<p>Chaque ann\u00e9e, la Foire aux Harengs rassemble des milliers de visiteurs \u00e0 Rupt-sur-Moselle, perp\u00e9tuant une tradition n\u00e9e en 1882. Pour [&hellip;]<\/p>\n","protected":false},"author":418,"featured_media":78978,"comment_status":"open","ping_status":"open","sticky":false,"template":"","format":"standard","meta":{"footnotes":""},"categories":[26,594,250],"tags":[3419,310,7428],"class_list":["post-79504","post","type-post","status-publish","format-standard","has-post-thumbnail","hentry","category-a-la-une","category-agenda","category-rupt-sur-moselle","tag-foire-aux-harengs","tag-rupt-sur-moselle","tag-salon-des-vins-et-du-terroir"],"acf":[],"yoast_head":"<!-- This site is optimized with the Yoast SEO plugin v22.5 - https:\/\/yoast.com\/wordpress\/plugins\/seo\/ -->\n<title>Rupt-sur-Moselle : La Foire aux Harengs revient les 15 et 16 mars 2025 - Remiremont Info<\/title>\n<meta name=\"robots\" content=\"index, follow, max-snippet:-1, max-image-preview:large, max-video-preview:-1\" \/>\n<link rel=\"canonical\" href=\"https:\/\/vosgesinfo.fr\/remiremontinfo\/2025\/03\/rupt-sur-moselle-la-foire-aux-harengs-revient-les-15-et-16-mars-2025\/\" \/>\n<meta name=\"twitter:card\" content=\"summary_large_image\" \/>\n<meta name=\"twitter:title\" content=\"Rupt-sur-Moselle : La Foire aux Harengs revient les 15 et 16 mars 2025 - Remiremont Info\" \/>\n<meta name=\"twitter:description\" content=\"Chaque ann\u00e9e, la Foire aux Harengs rassemble des milliers de visiteurs \u00e0 Rupt-sur-Moselle, perp\u00e9tuant une tradition n\u00e9e en 1882. Pour [&hellip;]\" \/>\n<meta name=\"twitter:image\" content=\"https:\/\/vosgesinfo.fr\/app\/uploads\/sites\/5\/2025\/02\/rupt-foire-harengs-et-salon-vin-terroir-03-2023-14.jpg-.jpg\" \/>\n<meta name=\"twitter:creator\" content=\"@VosgesInfo88\" \/>\n<meta name=\"twitter:site\" content=\"@VosgesInfo88\" \/>\n<meta name=\"twitter:label1\" content=\"\u00c9crit par\" \/>\n\t<meta name=\"twitter:data1\" content=\"C.M\" \/>\n\t<meta name=\"twitter:label2\" content=\"Dur\u00e9e de lecture estim\u00e9e\" \/>\n\t<meta name=\"twitter:data2\" content=\"1 minute\" \/>\n<script type=\"application\/ld+json\" class=\"yoast-schema-graph\">{\"@context\":\"https:\/\/schema.org\",\"@graph\":[{\"@type\":\"Article\",\"@id\":\"https:\/\/vosgesinfo.fr\/remiremontinfo\/2025\/03\/rupt-sur-moselle-la-foire-aux-harengs-revient-les-15-et-16-mars-2025\/#article\",\"isPartOf\":{\"@id\":\"https:\/\/vosgesinfo.fr\/remiremontinfo\/2025\/03\/rupt-sur-moselle-la-foire-aux-harengs-revient-les-15-et-16-mars-2025\/\"},\"author\":{\"name\":\"C.M\",\"@id\":\"https:\/\/vosgesinfo.fr\/remiremontinfo\/#\/schema\/person\/4f38cd3068e342935b7304695c797d08\"},\"headline\":\"Rupt-sur-Moselle : La Foire aux Harengs revient les 15 et 16 mars 2025\",\"datePublished\":\"2025-03-12T17:27:37+00:00\",\"dateModified\":\"2025-03-12T14:31:58+00:00\",\"mainEntityOfPage\":{\"@id\":\"https:\/\/vosgesinfo.fr\/remiremontinfo\/2025\/03\/rupt-sur-moselle-la-foire-aux-harengs-revient-les-15-et-16-mars-2025\/\"},\"wordCount\":155,\"commentCount\":1,\"publisher\":{\"@id\":\"https:\/\/vosgesinfo.fr\/remiremontinfo\/#organization\"},\"image\":{\"@id\":\"https:\/\/vosgesinfo.fr\/remiremontinfo\/2025\/03\/rupt-sur-moselle-la-foire-aux-harengs-revient-les-15-et-16-mars-2025\/#primaryimage\"},\"thumbnailUrl\":\"https:\/\/vosgesinfo.fr\/app\/uploads\/sites\/5\/2025\/02\/rupt-foire-harengs-et-salon-vin-terroir-03-2023-14.jpg-.jpg\",\"keywords\":[\"foire aux harengs\",\"rupt-sur-moselle\",\"Salon des vins et du terroir\"],\"articleSection\":[\"A la Une\",\"Agenda\",\"Rupt-Sur-Moselle\"],\"inLanguage\":\"fr-FR\",\"potentialAction\":[{\"@type\":\"CommentAction\",\"name\":\"Comment\",\"target\":[\"https:\/\/vosgesinfo.fr\/remiremontinfo\/2025\/03\/rupt-sur-moselle-la-foire-aux-harengs-revient-les-15-et-16-mars-2025\/#respond\"]}]},{\"@type\":\"WebPage\",\"@id\":\"https:\/\/vosgesinfo.fr\/remiremontinfo\/2025\/03\/rupt-sur-moselle-la-foire-aux-harengs-revient-les-15-et-16-mars-2025\/\",\"url\":\"https:\/\/vosgesinfo.fr\/remiremontinfo\/2025\/03\/rupt-sur-moselle-la-foire-aux-harengs-revient-les-15-et-16-mars-2025\/\",\"name\":\"Rupt-sur-Moselle : La Foire aux Harengs revient les 15 et 16 mars 2025 - Remiremont Info\",\"isPartOf\":{\"@id\":\"https:\/\/vosgesinfo.fr\/remiremontinfo\/#website\"},\"primaryImageOfPage\":{\"@id\":\"https:\/\/vosgesinfo.fr\/remiremontinfo\/2025\/03\/rupt-sur-moselle-la-foire-aux-harengs-revient-les-15-et-16-mars-2025\/#primaryimage\"},\"image\":{\"@id\":\"https:\/\/vosgesinfo.fr\/remiremontinfo\/2025\/03\/rupt-sur-moselle-la-foire-aux-harengs-revient-les-15-et-16-mars-2025\/#primaryimage\"},\"thumbnailUrl\":\"https:\/\/vosgesinfo.fr\/app\/uploads\/sites\/5\/2025\/02\/rupt-foire-harengs-et-salon-vin-terroir-03-2023-14.jpg-.jpg\",\"datePublished\":\"2025-03-12T17:27:37+00:00\",\"dateModified\":\"2025-03-12T14:31:58+00:00\",\"breadcrumb\":{\"@id\":\"https:\/\/vosgesinfo.fr\/remiremontinfo\/2025\/03\/rupt-sur-moselle-la-foire-aux-harengs-revient-les-15-et-16-mars-2025\/#breadcrumb\"},\"inLanguage\":\"fr-FR\",\"potentialAction\":[{\"@type\":\"ReadAction\",\"target\":[\"https:\/\/vosgesinfo.fr\/remiremontinfo\/2025\/03\/rupt-sur-moselle-la-foire-aux-harengs-revient-les-15-et-16-mars-2025\/\"]}]},{\"@type\":\"ImageObject\",\"inLanguage\":\"fr-FR\",\"@id\":\"https:\/\/vosgesinfo.fr\/remiremontinfo\/2025\/03\/rupt-sur-moselle-la-foire-aux-harengs-revient-les-15-et-16-mars-2025\/#primaryimage\",\"url\":\"https:\/\/vosgesinfo.fr\/app\/uploads\/sites\/5\/2025\/02\/rupt-foire-harengs-et-salon-vin-terroir-03-2023-14.jpg-.jpg\",\"contentUrl\":\"https:\/\/vosgesinfo.fr\/app\/uploads\/sites\/5\/2025\/02\/rupt-foire-harengs-et-salon-vin-terroir-03-2023-14.jpg-.jpg\",\"width\":2133,\"height\":1545},{\"@type\":\"BreadcrumbList\",\"@id\":\"https:\/\/vosgesinfo.fr\/remiremontinfo\/2025\/03\/rupt-sur-moselle-la-foire-aux-harengs-revient-les-15-et-16-mars-2025\/#breadcrumb\",\"itemListElement\":[{\"@type\":\"ListItem\",\"position\":1,\"name\":\"Home\",\"item\":\"https:\/\/vosgesinfo.fr\/remiremontinfo\/\"},{\"@type\":\"ListItem\",\"position\":2,\"name\":\"Rupt-sur-Moselle : La Foire aux Harengs revient les 15 et 16 mars 2025\"}]},{\"@type\":\"WebSite\",\"@id\":\"https:\/\/vosgesinfo.fr\/remiremontinfo\/#website\",\"url\":\"https:\/\/vosgesinfo.fr\/remiremontinfo\/\",\"name\":\"Remiremont Info\",\"description\":\"Toute l&#039;actualit\u00e9 de Remiremont\",\"publisher\":{\"@id\":\"https:\/\/vosgesinfo.fr\/remiremontinfo\/#organization\"},\"alternateName\":\"Toute l'actualit\u00e9 de Remiremont\",\"potentialAction\":[{\"@type\":\"SearchAction\",\"target\":{\"@type\":\"EntryPoint\",\"urlTemplate\":\"https:\/\/vosgesinfo.fr\/remiremontinfo\/?s={search_term_string}\"},\"query-input\":\"required name=search_term_string\"}],\"inLanguage\":\"fr-FR\"},{\"@type\":\"Organization\",\"@id\":\"https:\/\/vosgesinfo.fr\/remiremontinfo\/#organization\",\"name\":\"Remiremont Info\",\"url\":\"https:\/\/vosgesinfo.fr\/remiremontinfo\/\",\"logo\":{\"@type\":\"ImageObject\",\"inLanguage\":\"fr-FR\",\"@id\":\"https:\/\/vosgesinfo.fr\/remiremontinfo\/#\/schema\/logo\/image\/\",\"url\":\"https:\/\/vosgesinfo.fr\/app\/uploads\/sites\/5\/2023\/08\/favicon-remiremontinfo.png\",\"contentUrl\":\"https:\/\/vosgesinfo.fr\/app\/uploads\/sites\/5\/2023\/08\/favicon-remiremontinfo.png\",\"width\":512,\"height\":512,\"caption\":\"Remiremont Info\"},\"image\":{\"@id\":\"https:\/\/vosgesinfo.fr\/remiremontinfo\/#\/schema\/logo\/image\/\"},\"sameAs\":[\"https:\/\/www.facebook.com\/remiremontinfo\",\"https:\/\/x.com\/VosgesInfo88\",\"https:\/\/www.youtube.com\/@vosgesinfo\"]},{\"@type\":\"Person\",\"@id\":\"https:\/\/vosgesinfo.fr\/remiremontinfo\/#\/schema\/person\/4f38cd3068e342935b7304695c797d08\",\"name\":\"C.M\",\"image\":{\"@type\":\"ImageObject\",\"inLanguage\":\"fr-FR\",\"@id\":\"https:\/\/vosgesinfo.fr\/remiremontinfo\/#\/schema\/person\/image\/\",\"url\":\"https:\/\/secure.gravatar.com\/avatar\/fe9daaef0164d920717484172682f3c5c9bcf7d42aa8c7048c76c34f0eb6c8da?s=96&d=mm&r=g\",\"contentUrl\":\"https:\/\/secure.gravatar.com\/avatar\/fe9daaef0164d920717484172682f3c5c9bcf7d42aa8c7048c76c34f0eb6c8da?s=96&d=mm&r=g\",\"caption\":\"C.M\"},\"url\":\"https:\/\/vosgesinfo.fr\/remiremontinfo\/author\/cm88200\/\"}]}<\/script>\n<!-- \/ Yoast SEO plugin. -->","yoast_head_json":{"title":"Rupt-sur-Moselle : La Foire aux Harengs revient les 15 et 16 mars 2025 - Remiremont Info","robots":{"index":"index","follow":"follow","max-snippet":"max-snippet:-1","max-image-preview":"max-image-preview:large","max-video-preview":"max-video-preview:-1"},"canonical":"https:\/\/vosgesinfo.fr\/remiremontinfo\/2025\/03\/rupt-sur-moselle-la-foire-aux-harengs-revient-les-15-et-16-mars-2025\/","twitter_card":"summary_large_image","twitter_title":"Rupt-sur-Moselle : La Foire aux Harengs revient les 15 et 16 mars 2025 - Remiremont Info","twitter_description":"Chaque ann\u00e9e, la Foire aux Harengs rassemble des milliers de visiteurs \u00e0 Rupt-sur-Moselle, perp\u00e9tuant une tradition n\u00e9e en 1882. Pour [&hellip;]","twitter_image":"https:\/\/vosgesinfo.fr\/app\/uploads\/sites\/5\/2025\/02\/rupt-foire-harengs-et-salon-vin-terroir-03-2023-14.jpg-.jpg","twitter_creator":"@VosgesInfo88","twitter_site":"@VosgesInfo88","twitter_misc":{"\u00c9crit par":"C.M","Dur\u00e9e de lecture estim\u00e9e":"1 minute"},"schema":{"@context":"https:\/\/schema.org","@graph":[{"@type":"Article","@id":"https:\/\/vosgesinfo.fr\/remiremontinfo\/2025\/03\/rupt-sur-moselle-la-foire-aux-harengs-revient-les-15-et-16-mars-2025\/#article","isPartOf":{"@id":"https:\/\/vosgesinfo.fr\/remiremontinfo\/2025\/03\/rupt-sur-moselle-la-foire-aux-harengs-revient-les-15-et-16-mars-2025\/"},"author":{"name":"C.M","@id":"https:\/\/vosgesinfo.fr\/remiremontinfo\/#\/schema\/person\/4f38cd3068e342935b7304695c797d08"},"headline":"Rupt-sur-Moselle : La Foire aux Harengs revient les 15 et 16 mars 2025","datePublished":"2025-03-12T17:27:37+00:00","dateModified":"2025-03-12T14:31:58+00:00","mainEntityOfPage":{"@id":"https:\/\/vosgesinfo.fr\/remiremontinfo\/2025\/03\/rupt-sur-moselle-la-foire-aux-harengs-revient-les-15-et-16-mars-2025\/"},"wordCount":155,"commentCount":1,"publisher":{"@id":"https:\/\/vosgesinfo.fr\/remiremontinfo\/#organization"},"image":{"@id":"https:\/\/vosgesinfo.fr\/remiremontinfo\/2025\/03\/rupt-sur-moselle-la-foire-aux-harengs-revient-les-15-et-16-mars-2025\/#primaryimage"},"thumbnailUrl":"https:\/\/vosgesinfo.fr\/app\/uploads\/sites\/5\/2025\/02\/rupt-foire-harengs-et-salon-vin-terroir-03-2023-14.jpg-.jpg","keywords":["foire aux harengs","rupt-sur-moselle","Salon des vins et du terroir"],"articleSection":["A la Une","Agenda","Rupt-Sur-Moselle"],"inLanguage":"fr-FR","potentialAction":[{"@type":"CommentAction","name":"Comment","target":["https:\/\/vosgesinfo.fr\/remiremontinfo\/2025\/03\/rupt-sur-moselle-la-foire-aux-harengs-revient-les-15-et-16-mars-2025\/#respond"]}]},{"@type":"WebPage","@id":"https:\/\/vosgesinfo.fr\/remiremontinfo\/2025\/03\/rupt-sur-moselle-la-foire-aux-harengs-revient-les-15-et-16-mars-2025\/","url":"https:\/\/vosgesinfo.fr\/remiremontinfo\/2025\/03\/rupt-sur-moselle-la-foire-aux-harengs-revient-les-15-et-16-mars-2025\/","name":"Rupt-sur-Moselle : La Foire aux Harengs revient les 15 et 16 mars 2025 - Remiremont Info","isPartOf":{"@id":"https:\/\/vosgesinfo.fr\/remiremontinfo\/#website"},"primaryImageOfPage":{"@id":"https:\/\/vosgesinfo.fr\/remiremontinfo\/2025\/03\/rupt-sur-moselle-la-foire-aux-harengs-revient-les-15-et-16-mars-2025\/#primaryimage"},"image":{"@id":"https:\/\/vosgesinfo.fr\/remiremontinfo\/2025\/03\/rupt-sur-moselle-la-foire-aux-harengs-revient-les-15-et-16-mars-2025\/#primaryimage"},"thumbnailUrl":"https:\/\/vosgesinfo.fr\/app\/uploads\/sites\/5\/2025\/02\/rupt-foire-harengs-et-salon-vin-terroir-03-2023-14.jpg-.jpg","datePublished":"2025-03-12T17:27:37+00:00","dateModified":"2025-03-12T14:31:58+00:00","breadcrumb":{"@id":"https:\/\/vosgesinfo.fr\/remiremontinfo\/2025\/03\/rupt-sur-moselle-la-foire-aux-harengs-revient-les-15-et-16-mars-2025\/#breadcrumb"},"inLanguage":"fr-FR","potentialAction":[{"@type":"ReadAction","target":["https:\/\/vosgesinfo.fr\/remiremontinfo\/2025\/03\/rupt-sur-moselle-la-foire-aux-harengs-revient-les-15-et-16-mars-2025\/"]}]},{"@type":"ImageObject","inLanguage":"fr-FR","@id":"https:\/\/vosgesinfo.fr\/remiremontinfo\/2025\/03\/rupt-sur-moselle-la-foire-aux-harengs-revient-les-15-et-16-mars-2025\/#primaryimage","url":"https:\/\/vosgesinfo.fr\/app\/uploads\/sites\/5\/2025\/02\/rupt-foire-harengs-et-salon-vin-terroir-03-2023-14.jpg-.jpg","contentUrl":"https:\/\/vosgesinfo.fr\/app\/uploads\/sites\/5\/2025\/02\/rupt-foire-harengs-et-salon-vin-terroir-03-2023-14.jpg-.jpg","width":2133,"height":1545},{"@type":"BreadcrumbList","@id":"https:\/\/vosgesinfo.fr\/remiremontinfo\/2025\/03\/rupt-sur-moselle-la-foire-aux-harengs-revient-les-15-et-16-mars-2025\/#breadcrumb","itemListElement":[{"@type":"ListItem","position":1,"name":"Home","item":"https:\/\/vosgesinfo.fr\/remiremontinfo\/"},{"@type":"ListItem","position":2,"name":"Rupt-sur-Moselle : La Foire aux Harengs revient les 15 et 16 mars 2025"}]},{"@type":"WebSite","@id":"https:\/\/vosgesinfo.fr\/remiremontinfo\/#website","url":"https:\/\/vosgesinfo.fr\/remiremontinfo\/","name":"Remiremont Info","description":"Toute l&#039;actualit\u00e9 de Remiremont","publisher":{"@id":"https:\/\/vosgesinfo.fr\/remiremontinfo\/#organization"},"alternateName":"Toute l'actualit\u00e9 de Remiremont","potentialAction":[{"@type":"SearchAction","target":{"@type":"EntryPoint","urlTemplate":"https:\/\/vosgesinfo.fr\/remiremontinfo\/?s={search_term_string}"},"query-input":"required name=search_term_string"}],"inLanguage":"fr-FR"},{"@type":"Organization","@id":"https:\/\/vosgesinfo.fr\/remiremontinfo\/#organization","name":"Remiremont Info","url":"https:\/\/vosgesinfo.fr\/remiremontinfo\/","logo":{"@type":"ImageObject","inLanguage":"fr-FR","@id":"https:\/\/vosgesinfo.fr\/remiremontinfo\/#\/schema\/logo\/image\/","url":"https:\/\/vosgesinfo.fr\/app\/uploads\/sites\/5\/2023\/08\/favicon-remiremontinfo.png","contentUrl":"https:\/\/vosgesinfo.fr\/app\/uploads\/sites\/5\/2023\/08\/favicon-remiremontinfo.png","width":512,"height":512,"caption":"Remiremont Info"},"image":{"@id":"https:\/\/vosgesinfo.fr\/remiremontinfo\/#\/schema\/logo\/image\/"},"sameAs":["https:\/\/www.facebook.com\/remiremontinfo","https:\/\/x.com\/VosgesInfo88","https:\/\/www.youtube.com\/@vosgesinfo"]},{"@type":"Person","@id":"https:\/\/vosgesinfo.fr\/remiremontinfo\/#\/schema\/person\/4f38cd3068e342935b7304695c797d08","name":"C.M","image":{"@type":"ImageObject","inLanguage":"fr-FR","@id":"https:\/\/vosgesinfo.fr\/remiremontinfo\/#\/schema\/person\/image\/","url":"https:\/\/secure.gravatar.com\/avatar\/fe9daaef0164d920717484172682f3c5c9bcf7d42aa8c7048c76c34f0eb6c8da?s=96&d=mm&r=g","contentUrl":"https:\/\/secure.gravatar.com\/avatar\/fe9daaef0164d920717484172682f3c5c9bcf7d42aa8c7048c76c34f0eb6c8da?s=96&d=mm&r=g","caption":"C.M"},"url":"https:\/\/vosgesinfo.fr\/remiremontinfo\/author\/cm88200\/"}]}},"_links":{"self":[{"href":"https:\/\/vosgesinfo.fr\/remiremontinfo\/wp-json\/wp\/v2\/posts\/79504","targetHints":{"allow":["GET"]}}],"collection":[{"href":"https:\/\/vosgesinfo.fr\/remiremontinfo\/wp-json\/wp\/v2\/posts"}],"about":[{"href":"https:\/\/vosgesinfo.fr\/remiremontinfo\/wp-json\/wp\/v2\/types\/post"}],"author":[{"embeddable":true,"href":"https:\/\/vosgesinfo.fr\/remiremontinfo\/wp-json\/wp\/v2\/users\/418"}],"replies":[{"embeddable":true,"href":"https:\/\/vosgesinfo.fr\/remiremontinfo\/wp-json\/wp\/v2\/comments?post=79504"}],"version-history":[{"count":1,"href":"https:\/\/vosgesinfo.fr\/remiremontinfo\/wp-json\/wp\/v2\/posts\/79504\/revisions"}],"predecessor-version":[{"id":79505,"href":"https:\/\/vosgesinfo.fr\/remiremontinfo\/wp-json\/wp\/v2\/posts\/79504\/revisions\/79505"}],"wp:featuredmedia":[{"embeddable":true,"href":"https:\/\/vosgesinfo.fr\/remiremontinfo\/wp-json\/wp\/v2\/media\/78978"}],"wp:attachment":[{"href":"https:\/\/vosgesinfo.fr\/remiremontinfo\/wp-json\/wp\/v2\/media?parent=79504"}],"wp:term":[{"taxonomy":"category","embeddable":true,"href":"https:\/\/vosgesinfo.fr\/remiremontinfo\/wp-json\/wp\/v2\/categories?post=79504"},{"taxonomy":"post_tag","embeddable":true,"href":"https:\/\/vosgesinfo.fr\/remiremontinfo\/wp-json\/wp\/v2\/tags?post=79504"}],"curies":[{"name":"wp","href":"https:\/\/api.w.org\/{rel}","templated":true}]}}