{"id":79527,"date":"2025-03-13T08:59:38","date_gmt":"2025-03-13T07:59:38","guid":{"rendered":"https:\/\/vosgesinfo.fr\/remiremontinfo\/?p=79527"},"modified":"2025-03-13T08:59:38","modified_gmt":"2025-03-13T07:59:38","slug":"meteo-des-t-shirts-aux-doudounes-en-une-semaine-la-neige-fait-son-retour-dans-les-vosges","status":"publish","type":"post","link":"https:\/\/vosgesinfo.fr\/remiremontinfo\/2025\/03\/meteo-des-t-shirts-aux-doudounes-en-une-semaine-la-neige-fait-son-retour-dans-les-vosges\/","title":{"rendered":"M\u00e9t\u00e9o : des t-shirts aux doudounes en une semaine, la neige fait son retour dans les Vosges !"},"content":{"rendered":"<h2 data-start=\"437\" data-end=\"743\"><a href=\"https:\/\/vosgesinfo.fr\/app\/uploads\/sites\/3\/2025\/03\/thumbnail-20250313-072800-collage.jpg\"><img decoding=\"async\" class=\"aligncenter size-large wp-image-129614\" src=\"https:\/\/vosgesinfo.fr\/app\/uploads\/sites\/3\/2025\/03\/thumbnail-20250313-072800-collage-1024x769.jpg\" alt=\"\" width=\"1024\" height=\"769\" \/><\/a>Il y a tout juste une semaine, on profitait du soleil en terrasse, un verre \u00e0 la main, en short et en t-shirt, sous un agr\u00e9able 18 degr\u00e9s. L\u2019ambiance printani\u00e8re \u00e9tait bien install\u00e9e, laissant croire que l\u2019hiver \u00e9tait derri\u00e8re nous. Et pourtant\u2026 Ce jeudi 13 mars, r\u00e9veil sous la neige pour les Vosgiens !<\/h2>\n<h3 data-start=\"745\" data-end=\"782\"><strong data-start=\"749\" data-end=\"780\">Un retour brutal de l\u2019hiver<\/strong><\/h3>\n<p data-start=\"784\" data-end=\"1154\">Alors que le printemps approche officiellement \u00e0 grands pas, Dame Nature semble avoir d\u00e9cid\u00e9 de jouer les prolongations hivernales. Depuis cette nuit, les flocons sont de retour, recouvrant les routes et les paysages d\u2019un manteau blanc inattendu. Les temp\u00e9ratures ont chut\u00e9 brutalement, parfois de plus de 15 degr\u00e9s en quelques jours, surprenant de nombreux habitants.<\/p>\n<h3 data-start=\"1156\" data-end=\"1205\"><strong data-start=\"1160\" data-end=\"1203\">Un ph\u00e9nom\u00e8ne m\u00e9t\u00e9orologique pas si rare<\/strong><\/h3>\n<p data-start=\"1207\" data-end=\"1565\">Si ce changement peut sembler extr\u00eame, il n\u2019est pas exceptionnel pour la saison. Mars est souvent un mois capricieux, oscillant entre douceur et sursauts hivernaux. Cette instabilit\u00e9 s\u2019explique par les conflits de masses d\u2019air : l\u2019air froid venu du nord vient se heurter aux restes de douceur printani\u00e8re, provoquant ces brusques variations de temp\u00e9rature.<\/p>\n<h3 data-start=\"1567\" data-end=\"1608\"><strong data-start=\"1571\" data-end=\"1606\">Cons\u00e9quences sur la circulation<\/strong><\/h3>\n<p data-start=\"1610\" data-end=\"1909\">Ce retour du froid et de la neige complique \u00e9videmment les d\u00e9placements. Ce matin, plusieurs routes \u00e9taient glissantes, et un bus scolaire s\u2019est m\u00eame retrouv\u00e9 bloqu\u00e9 dans les bois pr\u00e8s de Dompaire. Les autorit\u00e9s recommandent la prudence aux automobilistes, en particulier sur les axes secondaires.<\/p>\n<h3 data-start=\"1911\" data-end=\"1945\"><strong data-start=\"1915\" data-end=\"1943\">Vers un nouveau redoux ?<\/strong><\/h3>\n<p data-start=\"1947\" data-end=\"2233\">Bonne nouvelle pour les amateurs de soleil : les pr\u00e9visions annoncent un r\u00e9chauffement progressif d\u00e8s le d\u00e9but de la semaine prochaine. La neige ne devrait donc pas s\u2019attarder, laissant \u00e0 nouveau place aux temp\u00e9ratures plus douces, et pourquoi pas\u2026 aux premiers barbecues de l\u2019ann\u00e9e !<\/p>\n<p data-start=\"2235\" data-end=\"2330\" data-is-last-node=\"\" data-is-only-node=\"\">En attendant, mieux vaut ressortir gants et bonnets pour affronter ce dernier sursaut hivernal.<\/p>\n","protected":false},"excerpt":{"rendered":"<p>Il y a tout juste une semaine, on profitait du soleil en terrasse, un verre \u00e0 la main, en short [&hellip;]<\/p>\n","protected":false},"author":52,"featured_media":79528,"comment_status":"open","ping_status":"open","sticky":false,"template":"","format":"standard","meta":{"footnotes":""},"categories":[26,108,62,845,43,362],"tags":[],"class_list":["post-79527","post","type-post","status-publish","format-standard","has-post-thumbnail","hentry","category-a-la-une","category-epinal","category-gerardmer","category-la-plaine-des-vosges","category-remiremont-remiremont-son-canton","category-saint-die"],"acf":[],"yoast_head":"<!-- This site is optimized with the Yoast SEO plugin v22.5 - https:\/\/yoast.com\/wordpress\/plugins\/seo\/ -->\n<title>M\u00e9t\u00e9o : des t-shirts aux doudounes en une semaine, la neige fait son retour dans les Vosges ! - Remiremont Info<\/title>\n<meta name=\"robots\" content=\"index, follow, max-snippet:-1, max-image-preview:large, max-video-preview:-1\" \/>\n<link rel=\"canonical\" href=\"https:\/\/vosgesinfo.fr\/remiremontinfo\/2025\/03\/meteo-des-t-shirts-aux-doudounes-en-une-semaine-la-neige-fait-son-retour-dans-les-vosges\/\" \/>\n<meta name=\"twitter:card\" content=\"summary_large_image\" \/>\n<meta name=\"twitter:title\" content=\"M\u00e9t\u00e9o : des t-shirts aux doudounes en une semaine, la neige fait son retour dans les Vosges ! - Remiremont Info\" \/>\n<meta name=\"twitter:description\" content=\"Il y a tout juste une semaine, on profitait du soleil en terrasse, un verre \u00e0 la main, en short [&hellip;]\" \/>\n<meta name=\"twitter:image\" content=\"https:\/\/vosgesinfo.fr\/app\/uploads\/sites\/5\/2025\/03\/thumbnail-20250313-072800-collage.jpg\" \/>\n<meta name=\"twitter:creator\" content=\"@VosgesInfo88\" \/>\n<meta name=\"twitter:site\" content=\"@VosgesInfo88\" \/>\n<meta name=\"twitter:label1\" content=\"\u00c9crit par\" \/>\n\t<meta name=\"twitter:data1\" content=\"C.K.\" \/>\n\t<meta name=\"twitter:label2\" content=\"Dur\u00e9e de lecture estim\u00e9e\" \/>\n\t<meta name=\"twitter:data2\" content=\"2 minutes\" \/>\n<script type=\"application\/ld+json\" class=\"yoast-schema-graph\">{\"@context\":\"https:\/\/schema.org\",\"@graph\":[{\"@type\":\"Article\",\"@id\":\"https:\/\/vosgesinfo.fr\/remiremontinfo\/2025\/03\/meteo-des-t-shirts-aux-doudounes-en-une-semaine-la-neige-fait-son-retour-dans-les-vosges\/#article\",\"isPartOf\":{\"@id\":\"https:\/\/vosgesinfo.fr\/remiremontinfo\/2025\/03\/meteo-des-t-shirts-aux-doudounes-en-une-semaine-la-neige-fait-son-retour-dans-les-vosges\/\"},\"author\":{\"name\":\"C.K.\",\"@id\":\"https:\/\/vosgesinfo.fr\/remiremontinfo\/#\/schema\/person\/6f9a650eeea99d969b6c4ab78fccbe81\"},\"headline\":\"M\u00e9t\u00e9o : des t-shirts aux doudounes en une semaine, la neige fait son retour dans les Vosges !\",\"datePublished\":\"2025-03-13T07:59:38+00:00\",\"dateModified\":\"2025-03-13T07:59:38+00:00\",\"mainEntityOfPage\":{\"@id\":\"https:\/\/vosgesinfo.fr\/remiremontinfo\/2025\/03\/meteo-des-t-shirts-aux-doudounes-en-une-semaine-la-neige-fait-son-retour-dans-les-vosges\/\"},\"wordCount\":332,\"commentCount\":0,\"publisher\":{\"@id\":\"https:\/\/vosgesinfo.fr\/remiremontinfo\/#organization\"},\"image\":{\"@id\":\"https:\/\/vosgesinfo.fr\/remiremontinfo\/2025\/03\/meteo-des-t-shirts-aux-doudounes-en-une-semaine-la-neige-fait-son-retour-dans-les-vosges\/#primaryimage\"},\"thumbnailUrl\":\"https:\/\/vosgesinfo.fr\/app\/uploads\/sites\/5\/2025\/03\/thumbnail-20250313-072800-collage.jpg\",\"articleSection\":[\"A la Une\",\"Epinal\",\"G\u00e9rardmer\",\"La plaine des vosges\",\"Remiremont\",\"Saint-di\u00e9\"],\"inLanguage\":\"fr-FR\",\"potentialAction\":[{\"@type\":\"CommentAction\",\"name\":\"Comment\",\"target\":[\"https:\/\/vosgesinfo.fr\/remiremontinfo\/2025\/03\/meteo-des-t-shirts-aux-doudounes-en-une-semaine-la-neige-fait-son-retour-dans-les-vosges\/#respond\"]}]},{\"@type\":\"WebPage\",\"@id\":\"https:\/\/vosgesinfo.fr\/remiremontinfo\/2025\/03\/meteo-des-t-shirts-aux-doudounes-en-une-semaine-la-neige-fait-son-retour-dans-les-vosges\/\",\"url\":\"https:\/\/vosgesinfo.fr\/remiremontinfo\/2025\/03\/meteo-des-t-shirts-aux-doudounes-en-une-semaine-la-neige-fait-son-retour-dans-les-vosges\/\",\"name\":\"M\u00e9t\u00e9o : des t-shirts aux doudounes en une semaine, la neige fait son retour dans les Vosges ! - Remiremont Info\",\"isPartOf\":{\"@id\":\"https:\/\/vosgesinfo.fr\/remiremontinfo\/#website\"},\"primaryImageOfPage\":{\"@id\":\"https:\/\/vosgesinfo.fr\/remiremontinfo\/2025\/03\/meteo-des-t-shirts-aux-doudounes-en-une-semaine-la-neige-fait-son-retour-dans-les-vosges\/#primaryimage\"},\"image\":{\"@id\":\"https:\/\/vosgesinfo.fr\/remiremontinfo\/2025\/03\/meteo-des-t-shirts-aux-doudounes-en-une-semaine-la-neige-fait-son-retour-dans-les-vosges\/#primaryimage\"},\"thumbnailUrl\":\"https:\/\/vosgesinfo.fr\/app\/uploads\/sites\/5\/2025\/03\/thumbnail-20250313-072800-collage.jpg\",\"datePublished\":\"2025-03-13T07:59:38+00:00\",\"dateModified\":\"2025-03-13T07:59:38+00:00\",\"breadcrumb\":{\"@id\":\"https:\/\/vosgesinfo.fr\/remiremontinfo\/2025\/03\/meteo-des-t-shirts-aux-doudounes-en-une-semaine-la-neige-fait-son-retour-dans-les-vosges\/#breadcrumb\"},\"inLanguage\":\"fr-FR\",\"potentialAction\":[{\"@type\":\"ReadAction\",\"target\":[\"https:\/\/vosgesinfo.fr\/remiremontinfo\/2025\/03\/meteo-des-t-shirts-aux-doudounes-en-une-semaine-la-neige-fait-son-retour-dans-les-vosges\/\"]}]},{\"@type\":\"ImageObject\",\"inLanguage\":\"fr-FR\",\"@id\":\"https:\/\/vosgesinfo.fr\/remiremontinfo\/2025\/03\/meteo-des-t-shirts-aux-doudounes-en-une-semaine-la-neige-fait-son-retour-dans-les-vosges\/#primaryimage\",\"url\":\"https:\/\/vosgesinfo.fr\/app\/uploads\/sites\/5\/2025\/03\/thumbnail-20250313-072800-collage.jpg\",\"contentUrl\":\"https:\/\/vosgesinfo.fr\/app\/uploads\/sites\/5\/2025\/03\/thumbnail-20250313-072800-collage.jpg\",\"width\":1920,\"height\":1441},{\"@type\":\"BreadcrumbList\",\"@id\":\"https:\/\/vosgesinfo.fr\/remiremontinfo\/2025\/03\/meteo-des-t-shirts-aux-doudounes-en-une-semaine-la-neige-fait-son-retour-dans-les-vosges\/#breadcrumb\",\"itemListElement\":[{\"@type\":\"ListItem\",\"position\":1,\"name\":\"Home\",\"item\":\"https:\/\/vosgesinfo.fr\/remiremontinfo\/\"},{\"@type\":\"ListItem\",\"position\":2,\"name\":\"M\u00e9t\u00e9o : des t-shirts aux doudounes en une semaine, la neige fait son retour dans les Vosges !\"}]},{\"@type\":\"WebSite\",\"@id\":\"https:\/\/vosgesinfo.fr\/remiremontinfo\/#website\",\"url\":\"https:\/\/vosgesinfo.fr\/remiremontinfo\/\",\"name\":\"Remiremont Info\",\"description\":\"Toute l&#039;actualit\u00e9 de Remiremont\",\"publisher\":{\"@id\":\"https:\/\/vosgesinfo.fr\/remiremontinfo\/#organization\"},\"alternateName\":\"Toute l'actualit\u00e9 de Remiremont\",\"potentialAction\":[{\"@type\":\"SearchAction\",\"target\":{\"@type\":\"EntryPoint\",\"urlTemplate\":\"https:\/\/vosgesinfo.fr\/remiremontinfo\/?s={search_term_string}\"},\"query-input\":\"required name=search_term_string\"}],\"inLanguage\":\"fr-FR\"},{\"@type\":\"Organization\",\"@id\":\"https:\/\/vosgesinfo.fr\/remiremontinfo\/#organization\",\"name\":\"Remiremont Info\",\"url\":\"https:\/\/vosgesinfo.fr\/remiremontinfo\/\",\"logo\":{\"@type\":\"ImageObject\",\"inLanguage\":\"fr-FR\",\"@id\":\"https:\/\/vosgesinfo.fr\/remiremontinfo\/#\/schema\/logo\/image\/\",\"url\":\"https:\/\/vosgesinfo.fr\/app\/uploads\/sites\/5\/2023\/08\/favicon-remiremontinfo.png\",\"contentUrl\":\"https:\/\/vosgesinfo.fr\/app\/uploads\/sites\/5\/2023\/08\/favicon-remiremontinfo.png\",\"width\":512,\"height\":512,\"caption\":\"Remiremont Info\"},\"image\":{\"@id\":\"https:\/\/vosgesinfo.fr\/remiremontinfo\/#\/schema\/logo\/image\/\"},\"sameAs\":[\"https:\/\/www.facebook.com\/remiremontinfo\",\"https:\/\/x.com\/VosgesInfo88\",\"https:\/\/www.youtube.com\/@vosgesinfo\"]},{\"@type\":\"Person\",\"@id\":\"https:\/\/vosgesinfo.fr\/remiremontinfo\/#\/schema\/person\/6f9a650eeea99d969b6c4ab78fccbe81\",\"name\":\"C.K.\",\"image\":{\"@type\":\"ImageObject\",\"inLanguage\":\"fr-FR\",\"@id\":\"https:\/\/vosgesinfo.fr\/remiremontinfo\/#\/schema\/person\/image\/\",\"url\":\"https:\/\/secure.gravatar.com\/avatar\/48e3fc7f8421ba8942be6b74a2b7f014ca39bc00dece156b7a8e098ae7dc87bf?s=96&d=mm&r=g\",\"contentUrl\":\"https:\/\/secure.gravatar.com\/avatar\/48e3fc7f8421ba8942be6b74a2b7f014ca39bc00dece156b7a8e098ae7dc87bf?s=96&d=mm&r=g\",\"caption\":\"C.K.\"},\"url\":\"https:\/\/vosgesinfo.fr\/remiremontinfo\/author\/celia-k-n\/\"}]}<\/script>\n<!-- \/ Yoast SEO plugin. -->","yoast_head_json":{"title":"M\u00e9t\u00e9o : des t-shirts aux doudounes en une semaine, la neige fait son retour dans les Vosges ! - Remiremont Info","robots":{"index":"index","follow":"follow","max-snippet":"max-snippet:-1","max-image-preview":"max-image-preview:large","max-video-preview":"max-video-preview:-1"},"canonical":"https:\/\/vosgesinfo.fr\/remiremontinfo\/2025\/03\/meteo-des-t-shirts-aux-doudounes-en-une-semaine-la-neige-fait-son-retour-dans-les-vosges\/","twitter_card":"summary_large_image","twitter_title":"M\u00e9t\u00e9o : des t-shirts aux doudounes en une semaine, la neige fait son retour dans les Vosges ! - Remiremont Info","twitter_description":"Il y a tout juste une semaine, on profitait du soleil en terrasse, un verre \u00e0 la main, en short [&hellip;]","twitter_image":"https:\/\/vosgesinfo.fr\/app\/uploads\/sites\/5\/2025\/03\/thumbnail-20250313-072800-collage.jpg","twitter_creator":"@VosgesInfo88","twitter_site":"@VosgesInfo88","twitter_misc":{"\u00c9crit par":"C.K.","Dur\u00e9e de lecture estim\u00e9e":"2 minutes"},"schema":{"@context":"https:\/\/schema.org","@graph":[{"@type":"Article","@id":"https:\/\/vosgesinfo.fr\/remiremontinfo\/2025\/03\/meteo-des-t-shirts-aux-doudounes-en-une-semaine-la-neige-fait-son-retour-dans-les-vosges\/#article","isPartOf":{"@id":"https:\/\/vosgesinfo.fr\/remiremontinfo\/2025\/03\/meteo-des-t-shirts-aux-doudounes-en-une-semaine-la-neige-fait-son-retour-dans-les-vosges\/"},"author":{"name":"C.K.","@id":"https:\/\/vosgesinfo.fr\/remiremontinfo\/#\/schema\/person\/6f9a650eeea99d969b6c4ab78fccbe81"},"headline":"M\u00e9t\u00e9o : des t-shirts aux doudounes en une semaine, la neige fait son retour dans les Vosges !","datePublished":"2025-03-13T07:59:38+00:00","dateModified":"2025-03-13T07:59:38+00:00","mainEntityOfPage":{"@id":"https:\/\/vosgesinfo.fr\/remiremontinfo\/2025\/03\/meteo-des-t-shirts-aux-doudounes-en-une-semaine-la-neige-fait-son-retour-dans-les-vosges\/"},"wordCount":332,"commentCount":0,"publisher":{"@id":"https:\/\/vosgesinfo.fr\/remiremontinfo\/#organization"},"image":{"@id":"https:\/\/vosgesinfo.fr\/remiremontinfo\/2025\/03\/meteo-des-t-shirts-aux-doudounes-en-une-semaine-la-neige-fait-son-retour-dans-les-vosges\/#primaryimage"},"thumbnailUrl":"https:\/\/vosgesinfo.fr\/app\/uploads\/sites\/5\/2025\/03\/thumbnail-20250313-072800-collage.jpg","articleSection":["A la Une","Epinal","G\u00e9rardmer","La plaine des vosges","Remiremont","Saint-di\u00e9"],"inLanguage":"fr-FR","potentialAction":[{"@type":"CommentAction","name":"Comment","target":["https:\/\/vosgesinfo.fr\/remiremontinfo\/2025\/03\/meteo-des-t-shirts-aux-doudounes-en-une-semaine-la-neige-fait-son-retour-dans-les-vosges\/#respond"]}]},{"@type":"WebPage","@id":"https:\/\/vosgesinfo.fr\/remiremontinfo\/2025\/03\/meteo-des-t-shirts-aux-doudounes-en-une-semaine-la-neige-fait-son-retour-dans-les-vosges\/","url":"https:\/\/vosgesinfo.fr\/remiremontinfo\/2025\/03\/meteo-des-t-shirts-aux-doudounes-en-une-semaine-la-neige-fait-son-retour-dans-les-vosges\/","name":"M\u00e9t\u00e9o : des t-shirts aux doudounes en une semaine, la neige fait son retour dans les Vosges ! - Remiremont Info","isPartOf":{"@id":"https:\/\/vosgesinfo.fr\/remiremontinfo\/#website"},"primaryImageOfPage":{"@id":"https:\/\/vosgesinfo.fr\/remiremontinfo\/2025\/03\/meteo-des-t-shirts-aux-doudounes-en-une-semaine-la-neige-fait-son-retour-dans-les-vosges\/#primaryimage"},"image":{"@id":"https:\/\/vosgesinfo.fr\/remiremontinfo\/2025\/03\/meteo-des-t-shirts-aux-doudounes-en-une-semaine-la-neige-fait-son-retour-dans-les-vosges\/#primaryimage"},"thumbnailUrl":"https:\/\/vosgesinfo.fr\/app\/uploads\/sites\/5\/2025\/03\/thumbnail-20250313-072800-collage.jpg","datePublished":"2025-03-13T07:59:38+00:00","dateModified":"2025-03-13T07:59:38+00:00","breadcrumb":{"@id":"https:\/\/vosgesinfo.fr\/remiremontinfo\/2025\/03\/meteo-des-t-shirts-aux-doudounes-en-une-semaine-la-neige-fait-son-retour-dans-les-vosges\/#breadcrumb"},"inLanguage":"fr-FR","potentialAction":[{"@type":"ReadAction","target":["https:\/\/vosgesinfo.fr\/remiremontinfo\/2025\/03\/meteo-des-t-shirts-aux-doudounes-en-une-semaine-la-neige-fait-son-retour-dans-les-vosges\/"]}]},{"@type":"ImageObject","inLanguage":"fr-FR","@id":"https:\/\/vosgesinfo.fr\/remiremontinfo\/2025\/03\/meteo-des-t-shirts-aux-doudounes-en-une-semaine-la-neige-fait-son-retour-dans-les-vosges\/#primaryimage","url":"https:\/\/vosgesinfo.fr\/app\/uploads\/sites\/5\/2025\/03\/thumbnail-20250313-072800-collage.jpg","contentUrl":"https:\/\/vosgesinfo.fr\/app\/uploads\/sites\/5\/2025\/03\/thumbnail-20250313-072800-collage.jpg","width":1920,"height":1441},{"@type":"BreadcrumbList","@id":"https:\/\/vosgesinfo.fr\/remiremontinfo\/2025\/03\/meteo-des-t-shirts-aux-doudounes-en-une-semaine-la-neige-fait-son-retour-dans-les-vosges\/#breadcrumb","itemListElement":[{"@type":"ListItem","position":1,"name":"Home","item":"https:\/\/vosgesinfo.fr\/remiremontinfo\/"},{"@type":"ListItem","position":2,"name":"M\u00e9t\u00e9o : des t-shirts aux doudounes en une semaine, la neige fait son retour dans les Vosges !"}]},{"@type":"WebSite","@id":"https:\/\/vosgesinfo.fr\/remiremontinfo\/#website","url":"https:\/\/vosgesinfo.fr\/remiremontinfo\/","name":"Remiremont Info","description":"Toute l&#039;actualit\u00e9 de Remiremont","publisher":{"@id":"https:\/\/vosgesinfo.fr\/remiremontinfo\/#organization"},"alternateName":"Toute l'actualit\u00e9 de Remiremont","potentialAction":[{"@type":"SearchAction","target":{"@type":"EntryPoint","urlTemplate":"https:\/\/vosgesinfo.fr\/remiremontinfo\/?s={search_term_string}"},"query-input":"required name=search_term_string"}],"inLanguage":"fr-FR"},{"@type":"Organization","@id":"https:\/\/vosgesinfo.fr\/remiremontinfo\/#organization","name":"Remiremont Info","url":"https:\/\/vosgesinfo.fr\/remiremontinfo\/","logo":{"@type":"ImageObject","inLanguage":"fr-FR","@id":"https:\/\/vosgesinfo.fr\/remiremontinfo\/#\/schema\/logo\/image\/","url":"https:\/\/vosgesinfo.fr\/app\/uploads\/sites\/5\/2023\/08\/favicon-remiremontinfo.png","contentUrl":"https:\/\/vosgesinfo.fr\/app\/uploads\/sites\/5\/2023\/08\/favicon-remiremontinfo.png","width":512,"height":512,"caption":"Remiremont Info"},"image":{"@id":"https:\/\/vosgesinfo.fr\/remiremontinfo\/#\/schema\/logo\/image\/"},"sameAs":["https:\/\/www.facebook.com\/remiremontinfo","https:\/\/x.com\/VosgesInfo88","https:\/\/www.youtube.com\/@vosgesinfo"]},{"@type":"Person","@id":"https:\/\/vosgesinfo.fr\/remiremontinfo\/#\/schema\/person\/6f9a650eeea99d969b6c4ab78fccbe81","name":"C.K.","image":{"@type":"ImageObject","inLanguage":"fr-FR","@id":"https:\/\/vosgesinfo.fr\/remiremontinfo\/#\/schema\/person\/image\/","url":"https:\/\/secure.gravatar.com\/avatar\/48e3fc7f8421ba8942be6b74a2b7f014ca39bc00dece156b7a8e098ae7dc87bf?s=96&d=mm&r=g","contentUrl":"https:\/\/secure.gravatar.com\/avatar\/48e3fc7f8421ba8942be6b74a2b7f014ca39bc00dece156b7a8e098ae7dc87bf?s=96&d=mm&r=g","caption":"C.K."},"url":"https:\/\/vosgesinfo.fr\/remiremontinfo\/author\/celia-k-n\/"}]}},"_links":{"self":[{"href":"https:\/\/vosgesinfo.fr\/remiremontinfo\/wp-json\/wp\/v2\/posts\/79527","targetHints":{"allow":["GET"]}}],"collection":[{"href":"https:\/\/vosgesinfo.fr\/remiremontinfo\/wp-json\/wp\/v2\/posts"}],"about":[{"href":"https:\/\/vosgesinfo.fr\/remiremontinfo\/wp-json\/wp\/v2\/types\/post"}],"author":[{"embeddable":true,"href":"https:\/\/vosgesinfo.fr\/remiremontinfo\/wp-json\/wp\/v2\/users\/52"}],"replies":[{"embeddable":true,"href":"https:\/\/vosgesinfo.fr\/remiremontinfo\/wp-json\/wp\/v2\/comments?post=79527"}],"version-history":[{"count":0,"href":"https:\/\/vosgesinfo.fr\/remiremontinfo\/wp-json\/wp\/v2\/posts\/79527\/revisions"}],"wp:featuredmedia":[{"embeddable":true,"href":"https:\/\/vosgesinfo.fr\/remiremontinfo\/wp-json\/wp\/v2\/media\/79528"}],"wp:attachment":[{"href":"https:\/\/vosgesinfo.fr\/remiremontinfo\/wp-json\/wp\/v2\/media?parent=79527"}],"wp:term":[{"taxonomy":"category","embeddable":true,"href":"https:\/\/vosgesinfo.fr\/remiremontinfo\/wp-json\/wp\/v2\/categories?post=79527"},{"taxonomy":"post_tag","embeddable":true,"href":"https:\/\/vosgesinfo.fr\/remiremontinfo\/wp-json\/wp\/v2\/tags?post=79527"}],"curies":[{"name":"wp","href":"https:\/\/api.w.org\/{rel}","templated":true}]}}