{"id":79530,"date":"2025-03-13T10:00:59","date_gmt":"2025-03-13T09:00:59","guid":{"rendered":"https:\/\/vosgesinfo.fr\/remiremontinfo\/?p=79530"},"modified":"2025-03-13T09:40:29","modified_gmt":"2025-03-13T08:40:29","slug":"le-tourbillon-de-la-grande-soif-au-petit-theatre-de-neufpre","status":"publish","type":"post","link":"https:\/\/vosgesinfo.fr\/remiremontinfo\/2025\/03\/le-tourbillon-de-la-grande-soif-au-petit-theatre-de-neufpre\/","title":{"rendered":"Le Tourbillon de La Grande Soif au Petit Th\u00e9\u00e2tre de Neufpr\u00e9"},"content":{"rendered":"<div class=\"page\" title=\"Page 1\">\n<div class=\"section\">\n<div class=\"layoutArea\">\n<div class=\"column\">\n<p><strong>Le Tourbillon de La Grande Soif<\/strong><\/p>\n<p><strong>une pie\u0300ce de Jean-Paul ale\u0300gre au petit The\u0301a\u0302tre du neufpre\u0301<\/strong><\/p>\n<p><strong>10 repre\u0301sentations du 4 au 19 avril \u00a0<\/strong><\/p>\n<p><span style=\"font-family: var(--text-font);\">La Compagnie Cent Sce\u0300nes est heureuse de vous pre\u0301senter la pie\u0300ce qu\u2019elle travaille depuis de nombreux mois. En gestation depuis deux ans dans le c\u0153ur de Rene\u0301 Vincent-Viry, pre\u0301sident de la compagnie et metteur en sce\u0300ne, Le Tourbillon de la Grande Soif est une pie\u0300ce de Jean-Paul Ale\u0300gre, illustre auteur de the\u0301a\u0302tre (le plus joue\u0301 en France) et membre d\u2019honneur de la Compagnie Cent Sce\u0300nes.<\/span><\/p>\n<p><span style=\"font-family: var(--text-font);\">17 personnages, joue\u0301s par 5 come\u0301diens, sont a\u0300 l\u2019affiche de cette pie\u0300ce me\u0302lant habilement les e\u0301poques dans un tourbillon familial et e\u0301cologique.<\/span><\/p>\n<p><span style=\"font-family: var(--text-font);\">Dans le Grand Lac aux sept rivie\u0300res, le fantastique tourbillon perd de sa vigueur. Le poisson autrefois vivace ne mord plus, ce qui risque d\u2019entrai\u0302ner a\u0300 la faillite la pe\u0302cherie de Gor Boucar. Une certitude, l\u2019eau change ! C\u2019est ce qu\u2019affirme Viv Guimi, jeune fille qui se plai\u0302t a\u0300 glisser dans le courant : l\u2019eau n\u2019est plus la me\u0302me et les poissons disparaissent ! Sur l\u2019autre rive, sont installe\u0301es d\u2019immenses turbines conc\u0327ues pour capter la puissance hydraulique produite par le tourbillon. Une ressource infinie capable d\u2019assurer les besoins e\u0301nerge\u0301tiques de tout le pays pour des ge\u0301ne\u0301rations futures.<\/span><\/p>\n<p><span style=\"font-family: var(--text-font);\">Les ressources naturelles sont-elles ine\u0301puisables ? Que faudra-t-il inventer pour que l\u2019humanite\u0301 survive a\u0300 une catastrophe annonce\u0301e ?<\/span><\/p>\n<p><span style=\"font-family: var(--text-font);\">Le poisson reviendra-t-il un jour ?<\/span><\/p>\n<p><span style=\"font-family: var(--text-font);\">Dans cette pie\u0300ce conc\u0327ue en quatre tableaux, quatre e\u0301poques se succe\u0300dent au cours desquelles les protagonistes, tout comme leurs pre\u0301de\u0301cesseurs, sont tente\u0301s de re\u0301sister face a\u0300 l\u2019adversite\u0301 ou de se soumettre a\u0300 la fatalite\u0301.<\/span><\/p>\n<p><span style=\"font-family: var(--text-font);\">Si l\u2019auteur nous interpelle quant a\u0300 l\u2019avenir re\u0301serve\u0301 a\u0300 nos enfants, Jean-Paul Ale\u0300gre nous entrai\u0302ne avec le talent qu\u2019on lui connai\u0302t, dans un autre tourbillon ou\u0300 se me\u0302lent humour, espoir et e\u0301motions.<\/span><\/p>\n<p><span style=\"font-family: var(--text-font);\">10 repre\u0301sentations sont programme\u0301es au Petit The\u0301a\u0302tre du Neufpre\u0301, tous les mardis, vendredis, samedis et dimanches du 4 au 19 avril (20h30 sauf le dimanche: 17h).<\/span><\/p>\n<p><span style=\"font-family: var(--text-font);\">Re\u0301servation obligatoire a\u0300 resa100scenes@gmail.com. Libre participation aux frais<\/span><\/p>\n<p><span style=\"font-family: var(--text-font);\">Petit The\u0301a\u0302tre du Neufpre\u0301,<\/span><\/p>\n<p><span style=\"font-family: var(--text-font);\">113 rue du Hohneck, La Bresse<\/span><\/p>\n<p><a href=\"https:\/\/vosgesinfo.fr\/app\/uploads\/sites\/5\/2025\/03\/img20-1.jpg\"><img decoding=\"async\" class=\"aligncenter size-full wp-image-79531\" src=\"https:\/\/vosgesinfo.fr\/app\/uploads\/sites\/5\/2025\/03\/img20-1.jpg\" alt=\"\" width=\"1209\" height=\"1625\" srcset=\"https:\/\/vosgesinfo.fr\/app\/uploads\/sites\/5\/2025\/03\/img20-1.jpg 1209w, https:\/\/vosgesinfo.fr\/app\/uploads\/sites\/5\/2025\/03\/img20-1-223x300.jpg 223w, https:\/\/vosgesinfo.fr\/app\/uploads\/sites\/5\/2025\/03\/img20-1-762x1024.jpg 762w, https:\/\/vosgesinfo.fr\/app\/uploads\/sites\/5\/2025\/03\/img20-1-768x1032.jpg 768w, https:\/\/vosgesinfo.fr\/app\/uploads\/sites\/5\/2025\/03\/img20-1-1143x1536.jpg 1143w\" sizes=\"(max-width: 1209px) 100vw, 1209px\" \/><\/a><\/p>\n<\/div>\n<\/div>\n<\/div>\n<\/div>\n","protected":false},"excerpt":{"rendered":"<p>Le Tourbillon de La Grande Soif une pie\u0300ce de Jean-Paul ale\u0300gre au petit The\u0301a\u0302tre du neufpre\u0301 10 repre\u0301sentations du 4 [&hellip;]<\/p>\n","protected":false},"author":391,"featured_media":79531,"comment_status":"open","ping_status":"open","sticky":false,"template":"","format":"standard","meta":{"footnotes":""},"categories":[26,594,104],"tags":[6667],"class_list":["post-79530","post","type-post","status-publish","format-standard","has-post-thumbnail","hentry","category-a-la-une","category-agenda","category-la-bresse-la-bresse-son-canton","tag-petit-theatre-de-neufpre"],"acf":[],"yoast_head":"<!-- This site is optimized with the Yoast SEO plugin v22.5 - https:\/\/yoast.com\/wordpress\/plugins\/seo\/ -->\n<title>Le Tourbillon de La Grande Soif au Petit Th\u00e9\u00e2tre de Neufpr\u00e9 - Remiremont Info<\/title>\n<meta name=\"robots\" content=\"index, follow, max-snippet:-1, max-image-preview:large, max-video-preview:-1\" \/>\n<link rel=\"canonical\" href=\"https:\/\/vosgesinfo.fr\/remiremontinfo\/2025\/03\/le-tourbillon-de-la-grande-soif-au-petit-theatre-de-neufpre\/\" \/>\n<meta name=\"twitter:card\" content=\"summary_large_image\" \/>\n<meta name=\"twitter:title\" content=\"Le Tourbillon de La Grande Soif au Petit Th\u00e9\u00e2tre de Neufpr\u00e9 - Remiremont Info\" \/>\n<meta name=\"twitter:description\" content=\"Le Tourbillon de La Grande Soif une pie\u0300ce de Jean-Paul ale\u0300gre au petit The\u0301a\u0302tre du neufpre\u0301 10 repre\u0301sentations du 4 [&hellip;]\" \/>\n<meta name=\"twitter:image\" content=\"https:\/\/vosgesinfo.fr\/app\/uploads\/sites\/5\/2025\/03\/img20-1.jpg\" \/>\n<meta name=\"twitter:creator\" content=\"@VosgesInfo88\" \/>\n<meta name=\"twitter:site\" content=\"@VosgesInfo88\" \/>\n<meta name=\"twitter:label1\" content=\"\u00c9crit par\" \/>\n\t<meta name=\"twitter:data1\" content=\"La redaction\" \/>\n\t<meta name=\"twitter:label2\" content=\"Dur\u00e9e de lecture estim\u00e9e\" \/>\n\t<meta name=\"twitter:data2\" content=\"2 minutes\" \/>\n<script type=\"application\/ld+json\" class=\"yoast-schema-graph\">{\"@context\":\"https:\/\/schema.org\",\"@graph\":[{\"@type\":\"Article\",\"@id\":\"https:\/\/vosgesinfo.fr\/remiremontinfo\/2025\/03\/le-tourbillon-de-la-grande-soif-au-petit-theatre-de-neufpre\/#article\",\"isPartOf\":{\"@id\":\"https:\/\/vosgesinfo.fr\/remiremontinfo\/2025\/03\/le-tourbillon-de-la-grande-soif-au-petit-theatre-de-neufpre\/\"},\"author\":{\"name\":\"La redaction\",\"@id\":\"https:\/\/vosgesinfo.fr\/remiremontinfo\/#\/schema\/person\/27a3695b06db98895b354c0765cdfc31\"},\"headline\":\"Le Tourbillon de La Grande Soif au Petit Th\u00e9\u00e2tre de Neufpr\u00e9\",\"datePublished\":\"2025-03-13T09:00:59+00:00\",\"dateModified\":\"2025-03-13T08:40:29+00:00\",\"mainEntityOfPage\":{\"@id\":\"https:\/\/vosgesinfo.fr\/remiremontinfo\/2025\/03\/le-tourbillon-de-la-grande-soif-au-petit-theatre-de-neufpre\/\"},\"wordCount\":414,\"commentCount\":0,\"publisher\":{\"@id\":\"https:\/\/vosgesinfo.fr\/remiremontinfo\/#organization\"},\"image\":{\"@id\":\"https:\/\/vosgesinfo.fr\/remiremontinfo\/2025\/03\/le-tourbillon-de-la-grande-soif-au-petit-theatre-de-neufpre\/#primaryimage\"},\"thumbnailUrl\":\"https:\/\/vosgesinfo.fr\/app\/uploads\/sites\/5\/2025\/03\/img20-1.jpg\",\"keywords\":[\"Petit Th\u00e9\u00e2tre de Neufpr\u00e9\"],\"articleSection\":[\"A la Une\",\"Agenda\",\"La Bresse\"],\"inLanguage\":\"fr-FR\",\"potentialAction\":[{\"@type\":\"CommentAction\",\"name\":\"Comment\",\"target\":[\"https:\/\/vosgesinfo.fr\/remiremontinfo\/2025\/03\/le-tourbillon-de-la-grande-soif-au-petit-theatre-de-neufpre\/#respond\"]}]},{\"@type\":\"WebPage\",\"@id\":\"https:\/\/vosgesinfo.fr\/remiremontinfo\/2025\/03\/le-tourbillon-de-la-grande-soif-au-petit-theatre-de-neufpre\/\",\"url\":\"https:\/\/vosgesinfo.fr\/remiremontinfo\/2025\/03\/le-tourbillon-de-la-grande-soif-au-petit-theatre-de-neufpre\/\",\"name\":\"Le Tourbillon de La Grande Soif au Petit Th\u00e9\u00e2tre de Neufpr\u00e9 - Remiremont Info\",\"isPartOf\":{\"@id\":\"https:\/\/vosgesinfo.fr\/remiremontinfo\/#website\"},\"primaryImageOfPage\":{\"@id\":\"https:\/\/vosgesinfo.fr\/remiremontinfo\/2025\/03\/le-tourbillon-de-la-grande-soif-au-petit-theatre-de-neufpre\/#primaryimage\"},\"image\":{\"@id\":\"https:\/\/vosgesinfo.fr\/remiremontinfo\/2025\/03\/le-tourbillon-de-la-grande-soif-au-petit-theatre-de-neufpre\/#primaryimage\"},\"thumbnailUrl\":\"https:\/\/vosgesinfo.fr\/app\/uploads\/sites\/5\/2025\/03\/img20-1.jpg\",\"datePublished\":\"2025-03-13T09:00:59+00:00\",\"dateModified\":\"2025-03-13T08:40:29+00:00\",\"breadcrumb\":{\"@id\":\"https:\/\/vosgesinfo.fr\/remiremontinfo\/2025\/03\/le-tourbillon-de-la-grande-soif-au-petit-theatre-de-neufpre\/#breadcrumb\"},\"inLanguage\":\"fr-FR\",\"potentialAction\":[{\"@type\":\"ReadAction\",\"target\":[\"https:\/\/vosgesinfo.fr\/remiremontinfo\/2025\/03\/le-tourbillon-de-la-grande-soif-au-petit-theatre-de-neufpre\/\"]}]},{\"@type\":\"ImageObject\",\"inLanguage\":\"fr-FR\",\"@id\":\"https:\/\/vosgesinfo.fr\/remiremontinfo\/2025\/03\/le-tourbillon-de-la-grande-soif-au-petit-theatre-de-neufpre\/#primaryimage\",\"url\":\"https:\/\/vosgesinfo.fr\/app\/uploads\/sites\/5\/2025\/03\/img20-1.jpg\",\"contentUrl\":\"https:\/\/vosgesinfo.fr\/app\/uploads\/sites\/5\/2025\/03\/img20-1.jpg\",\"width\":1209,\"height\":1625},{\"@type\":\"BreadcrumbList\",\"@id\":\"https:\/\/vosgesinfo.fr\/remiremontinfo\/2025\/03\/le-tourbillon-de-la-grande-soif-au-petit-theatre-de-neufpre\/#breadcrumb\",\"itemListElement\":[{\"@type\":\"ListItem\",\"position\":1,\"name\":\"Home\",\"item\":\"https:\/\/vosgesinfo.fr\/remiremontinfo\/\"},{\"@type\":\"ListItem\",\"position\":2,\"name\":\"Le Tourbillon de La Grande Soif au Petit Th\u00e9\u00e2tre de Neufpr\u00e9\"}]},{\"@type\":\"WebSite\",\"@id\":\"https:\/\/vosgesinfo.fr\/remiremontinfo\/#website\",\"url\":\"https:\/\/vosgesinfo.fr\/remiremontinfo\/\",\"name\":\"Remiremont Info\",\"description\":\"Toute l&#039;actualit\u00e9 de Remiremont\",\"publisher\":{\"@id\":\"https:\/\/vosgesinfo.fr\/remiremontinfo\/#organization\"},\"alternateName\":\"Toute l'actualit\u00e9 de Remiremont\",\"potentialAction\":[{\"@type\":\"SearchAction\",\"target\":{\"@type\":\"EntryPoint\",\"urlTemplate\":\"https:\/\/vosgesinfo.fr\/remiremontinfo\/?s={search_term_string}\"},\"query-input\":\"required name=search_term_string\"}],\"inLanguage\":\"fr-FR\"},{\"@type\":\"Organization\",\"@id\":\"https:\/\/vosgesinfo.fr\/remiremontinfo\/#organization\",\"name\":\"Remiremont Info\",\"url\":\"https:\/\/vosgesinfo.fr\/remiremontinfo\/\",\"logo\":{\"@type\":\"ImageObject\",\"inLanguage\":\"fr-FR\",\"@id\":\"https:\/\/vosgesinfo.fr\/remiremontinfo\/#\/schema\/logo\/image\/\",\"url\":\"https:\/\/vosgesinfo.fr\/app\/uploads\/sites\/5\/2023\/08\/favicon-remiremontinfo.png\",\"contentUrl\":\"https:\/\/vosgesinfo.fr\/app\/uploads\/sites\/5\/2023\/08\/favicon-remiremontinfo.png\",\"width\":512,\"height\":512,\"caption\":\"Remiremont Info\"},\"image\":{\"@id\":\"https:\/\/vosgesinfo.fr\/remiremontinfo\/#\/schema\/logo\/image\/\"},\"sameAs\":[\"https:\/\/www.facebook.com\/remiremontinfo\",\"https:\/\/x.com\/VosgesInfo88\",\"https:\/\/www.youtube.com\/@vosgesinfo\"]},{\"@type\":\"Person\",\"@id\":\"https:\/\/vosgesinfo.fr\/remiremontinfo\/#\/schema\/person\/27a3695b06db98895b354c0765cdfc31\",\"name\":\"La redaction\",\"image\":{\"@type\":\"ImageObject\",\"inLanguage\":\"fr-FR\",\"@id\":\"https:\/\/vosgesinfo.fr\/remiremontinfo\/#\/schema\/person\/image\/\",\"url\":\"https:\/\/secure.gravatar.com\/avatar\/64c76a78e501cedee55736f43f332df901e1896ae9cd8fad269ae2236dd0e8b6?s=96&d=mm&r=g\",\"contentUrl\":\"https:\/\/secure.gravatar.com\/avatar\/64c76a78e501cedee55736f43f332df901e1896ae9cd8fad269ae2236dd0e8b6?s=96&d=mm&r=g\",\"caption\":\"La redaction\"},\"url\":\"https:\/\/vosgesinfo.fr\/remiremontinfo\/author\/la-redaction\/\"}]}<\/script>\n<!-- \/ Yoast SEO plugin. -->","yoast_head_json":{"title":"Le Tourbillon de La Grande Soif au Petit Th\u00e9\u00e2tre de Neufpr\u00e9 - Remiremont Info","robots":{"index":"index","follow":"follow","max-snippet":"max-snippet:-1","max-image-preview":"max-image-preview:large","max-video-preview":"max-video-preview:-1"},"canonical":"https:\/\/vosgesinfo.fr\/remiremontinfo\/2025\/03\/le-tourbillon-de-la-grande-soif-au-petit-theatre-de-neufpre\/","twitter_card":"summary_large_image","twitter_title":"Le Tourbillon de La Grande Soif au Petit Th\u00e9\u00e2tre de Neufpr\u00e9 - Remiremont Info","twitter_description":"Le Tourbillon de La Grande Soif une pie\u0300ce de Jean-Paul ale\u0300gre au petit The\u0301a\u0302tre du neufpre\u0301 10 repre\u0301sentations du 4 [&hellip;]","twitter_image":"https:\/\/vosgesinfo.fr\/app\/uploads\/sites\/5\/2025\/03\/img20-1.jpg","twitter_creator":"@VosgesInfo88","twitter_site":"@VosgesInfo88","twitter_misc":{"\u00c9crit par":"La redaction","Dur\u00e9e de lecture estim\u00e9e":"2 minutes"},"schema":{"@context":"https:\/\/schema.org","@graph":[{"@type":"Article","@id":"https:\/\/vosgesinfo.fr\/remiremontinfo\/2025\/03\/le-tourbillon-de-la-grande-soif-au-petit-theatre-de-neufpre\/#article","isPartOf":{"@id":"https:\/\/vosgesinfo.fr\/remiremontinfo\/2025\/03\/le-tourbillon-de-la-grande-soif-au-petit-theatre-de-neufpre\/"},"author":{"name":"La redaction","@id":"https:\/\/vosgesinfo.fr\/remiremontinfo\/#\/schema\/person\/27a3695b06db98895b354c0765cdfc31"},"headline":"Le Tourbillon de La Grande Soif au Petit Th\u00e9\u00e2tre de Neufpr\u00e9","datePublished":"2025-03-13T09:00:59+00:00","dateModified":"2025-03-13T08:40:29+00:00","mainEntityOfPage":{"@id":"https:\/\/vosgesinfo.fr\/remiremontinfo\/2025\/03\/le-tourbillon-de-la-grande-soif-au-petit-theatre-de-neufpre\/"},"wordCount":414,"commentCount":0,"publisher":{"@id":"https:\/\/vosgesinfo.fr\/remiremontinfo\/#organization"},"image":{"@id":"https:\/\/vosgesinfo.fr\/remiremontinfo\/2025\/03\/le-tourbillon-de-la-grande-soif-au-petit-theatre-de-neufpre\/#primaryimage"},"thumbnailUrl":"https:\/\/vosgesinfo.fr\/app\/uploads\/sites\/5\/2025\/03\/img20-1.jpg","keywords":["Petit Th\u00e9\u00e2tre de Neufpr\u00e9"],"articleSection":["A la Une","Agenda","La Bresse"],"inLanguage":"fr-FR","potentialAction":[{"@type":"CommentAction","name":"Comment","target":["https:\/\/vosgesinfo.fr\/remiremontinfo\/2025\/03\/le-tourbillon-de-la-grande-soif-au-petit-theatre-de-neufpre\/#respond"]}]},{"@type":"WebPage","@id":"https:\/\/vosgesinfo.fr\/remiremontinfo\/2025\/03\/le-tourbillon-de-la-grande-soif-au-petit-theatre-de-neufpre\/","url":"https:\/\/vosgesinfo.fr\/remiremontinfo\/2025\/03\/le-tourbillon-de-la-grande-soif-au-petit-theatre-de-neufpre\/","name":"Le Tourbillon de La Grande Soif au Petit Th\u00e9\u00e2tre de Neufpr\u00e9 - Remiremont Info","isPartOf":{"@id":"https:\/\/vosgesinfo.fr\/remiremontinfo\/#website"},"primaryImageOfPage":{"@id":"https:\/\/vosgesinfo.fr\/remiremontinfo\/2025\/03\/le-tourbillon-de-la-grande-soif-au-petit-theatre-de-neufpre\/#primaryimage"},"image":{"@id":"https:\/\/vosgesinfo.fr\/remiremontinfo\/2025\/03\/le-tourbillon-de-la-grande-soif-au-petit-theatre-de-neufpre\/#primaryimage"},"thumbnailUrl":"https:\/\/vosgesinfo.fr\/app\/uploads\/sites\/5\/2025\/03\/img20-1.jpg","datePublished":"2025-03-13T09:00:59+00:00","dateModified":"2025-03-13T08:40:29+00:00","breadcrumb":{"@id":"https:\/\/vosgesinfo.fr\/remiremontinfo\/2025\/03\/le-tourbillon-de-la-grande-soif-au-petit-theatre-de-neufpre\/#breadcrumb"},"inLanguage":"fr-FR","potentialAction":[{"@type":"ReadAction","target":["https:\/\/vosgesinfo.fr\/remiremontinfo\/2025\/03\/le-tourbillon-de-la-grande-soif-au-petit-theatre-de-neufpre\/"]}]},{"@type":"ImageObject","inLanguage":"fr-FR","@id":"https:\/\/vosgesinfo.fr\/remiremontinfo\/2025\/03\/le-tourbillon-de-la-grande-soif-au-petit-theatre-de-neufpre\/#primaryimage","url":"https:\/\/vosgesinfo.fr\/app\/uploads\/sites\/5\/2025\/03\/img20-1.jpg","contentUrl":"https:\/\/vosgesinfo.fr\/app\/uploads\/sites\/5\/2025\/03\/img20-1.jpg","width":1209,"height":1625},{"@type":"BreadcrumbList","@id":"https:\/\/vosgesinfo.fr\/remiremontinfo\/2025\/03\/le-tourbillon-de-la-grande-soif-au-petit-theatre-de-neufpre\/#breadcrumb","itemListElement":[{"@type":"ListItem","position":1,"name":"Home","item":"https:\/\/vosgesinfo.fr\/remiremontinfo\/"},{"@type":"ListItem","position":2,"name":"Le Tourbillon de La Grande Soif au Petit Th\u00e9\u00e2tre de Neufpr\u00e9"}]},{"@type":"WebSite","@id":"https:\/\/vosgesinfo.fr\/remiremontinfo\/#website","url":"https:\/\/vosgesinfo.fr\/remiremontinfo\/","name":"Remiremont Info","description":"Toute l&#039;actualit\u00e9 de Remiremont","publisher":{"@id":"https:\/\/vosgesinfo.fr\/remiremontinfo\/#organization"},"alternateName":"Toute l'actualit\u00e9 de Remiremont","potentialAction":[{"@type":"SearchAction","target":{"@type":"EntryPoint","urlTemplate":"https:\/\/vosgesinfo.fr\/remiremontinfo\/?s={search_term_string}"},"query-input":"required name=search_term_string"}],"inLanguage":"fr-FR"},{"@type":"Organization","@id":"https:\/\/vosgesinfo.fr\/remiremontinfo\/#organization","name":"Remiremont Info","url":"https:\/\/vosgesinfo.fr\/remiremontinfo\/","logo":{"@type":"ImageObject","inLanguage":"fr-FR","@id":"https:\/\/vosgesinfo.fr\/remiremontinfo\/#\/schema\/logo\/image\/","url":"https:\/\/vosgesinfo.fr\/app\/uploads\/sites\/5\/2023\/08\/favicon-remiremontinfo.png","contentUrl":"https:\/\/vosgesinfo.fr\/app\/uploads\/sites\/5\/2023\/08\/favicon-remiremontinfo.png","width":512,"height":512,"caption":"Remiremont Info"},"image":{"@id":"https:\/\/vosgesinfo.fr\/remiremontinfo\/#\/schema\/logo\/image\/"},"sameAs":["https:\/\/www.facebook.com\/remiremontinfo","https:\/\/x.com\/VosgesInfo88","https:\/\/www.youtube.com\/@vosgesinfo"]},{"@type":"Person","@id":"https:\/\/vosgesinfo.fr\/remiremontinfo\/#\/schema\/person\/27a3695b06db98895b354c0765cdfc31","name":"La redaction","image":{"@type":"ImageObject","inLanguage":"fr-FR","@id":"https:\/\/vosgesinfo.fr\/remiremontinfo\/#\/schema\/person\/image\/","url":"https:\/\/secure.gravatar.com\/avatar\/64c76a78e501cedee55736f43f332df901e1896ae9cd8fad269ae2236dd0e8b6?s=96&d=mm&r=g","contentUrl":"https:\/\/secure.gravatar.com\/avatar\/64c76a78e501cedee55736f43f332df901e1896ae9cd8fad269ae2236dd0e8b6?s=96&d=mm&r=g","caption":"La redaction"},"url":"https:\/\/vosgesinfo.fr\/remiremontinfo\/author\/la-redaction\/"}]}},"_links":{"self":[{"href":"https:\/\/vosgesinfo.fr\/remiremontinfo\/wp-json\/wp\/v2\/posts\/79530","targetHints":{"allow":["GET"]}}],"collection":[{"href":"https:\/\/vosgesinfo.fr\/remiremontinfo\/wp-json\/wp\/v2\/posts"}],"about":[{"href":"https:\/\/vosgesinfo.fr\/remiremontinfo\/wp-json\/wp\/v2\/types\/post"}],"author":[{"embeddable":true,"href":"https:\/\/vosgesinfo.fr\/remiremontinfo\/wp-json\/wp\/v2\/users\/391"}],"replies":[{"embeddable":true,"href":"https:\/\/vosgesinfo.fr\/remiremontinfo\/wp-json\/wp\/v2\/comments?post=79530"}],"version-history":[{"count":1,"href":"https:\/\/vosgesinfo.fr\/remiremontinfo\/wp-json\/wp\/v2\/posts\/79530\/revisions"}],"predecessor-version":[{"id":79532,"href":"https:\/\/vosgesinfo.fr\/remiremontinfo\/wp-json\/wp\/v2\/posts\/79530\/revisions\/79532"}],"wp:featuredmedia":[{"embeddable":true,"href":"https:\/\/vosgesinfo.fr\/remiremontinfo\/wp-json\/wp\/v2\/media\/79531"}],"wp:attachment":[{"href":"https:\/\/vosgesinfo.fr\/remiremontinfo\/wp-json\/wp\/v2\/media?parent=79530"}],"wp:term":[{"taxonomy":"category","embeddable":true,"href":"https:\/\/vosgesinfo.fr\/remiremontinfo\/wp-json\/wp\/v2\/categories?post=79530"},{"taxonomy":"post_tag","embeddable":true,"href":"https:\/\/vosgesinfo.fr\/remiremontinfo\/wp-json\/wp\/v2\/tags?post=79530"}],"curies":[{"name":"wp","href":"https:\/\/api.w.org\/{rel}","templated":true}]}}