{"id":79755,"date":"2025-03-19T14:49:56","date_gmt":"2025-03-19T13:49:56","guid":{"rendered":"https:\/\/vosgesinfo.fr\/remiremontinfo\/?p=79755"},"modified":"2025-03-19T14:49:56","modified_gmt":"2025-03-19T13:49:56","slug":"carte-scolaire-suppressions-de-postes-annoncees-dans-le-secteur-de-remiremont-christophe-naegelen-interpelle-a-nouveau-elisabeth-borne","status":"publish","type":"post","link":"https:\/\/vosgesinfo.fr\/remiremontinfo\/2025\/03\/carte-scolaire-suppressions-de-postes-annoncees-dans-le-secteur-de-remiremont-christophe-naegelen-interpelle-a-nouveau-elisabeth-borne\/","title":{"rendered":"Carte scolaire : Suppressions de postes annonc\u00e9es dans le secteur de Remiremont, Christophe Naegelen interpelle \u00e0 nouveau Elisabeth Borne"},"content":{"rendered":"<div id=\"attachment_62684\" style=\"width: 1610px\" class=\"wp-caption aligncenter\"><a href=\"https:\/\/vosgesinfo.fr\/app\/uploads\/sites\/5\/2024\/09\/202209ecole-jules-ferry-remiremont-sport-12.jpg\"><img decoding=\"async\" aria-describedby=\"caption-attachment-62684\" class=\"size-full wp-image-62684\" src=\"https:\/\/vosgesinfo.fr\/app\/uploads\/sites\/5\/2024\/09\/202209ecole-jules-ferry-remiremont-sport-12.jpg\" alt=\"\" width=\"1600\" height=\"1064\" srcset=\"https:\/\/vosgesinfo.fr\/app\/uploads\/sites\/5\/2024\/09\/202209ecole-jules-ferry-remiremont-sport-12.jpg 1600w, https:\/\/vosgesinfo.fr\/app\/uploads\/sites\/5\/2024\/09\/202209ecole-jules-ferry-remiremont-sport-12-300x200.jpg 300w, https:\/\/vosgesinfo.fr\/app\/uploads\/sites\/5\/2024\/09\/202209ecole-jules-ferry-remiremont-sport-12-1024x681.jpg 1024w, https:\/\/vosgesinfo.fr\/app\/uploads\/sites\/5\/2024\/09\/202209ecole-jules-ferry-remiremont-sport-12-768x511.jpg 768w, https:\/\/vosgesinfo.fr\/app\/uploads\/sites\/5\/2024\/09\/202209ecole-jules-ferry-remiremont-sport-12-1536x1021.jpg 1536w\" sizes=\"(max-width: 1600px) 100vw, 1600px\" \/><\/a><p id=\"caption-attachment-62684\" class=\"wp-caption-text\">Photographie d&rsquo;archives de l&rsquo;\u00e9cole Jules Ferry de Remiremont.<\/p><\/div>\n<p data-start=\"98\" data-end=\"433\"><strong>L&rsquo;Acad\u00e9mie de Nancy-Metz a transmis la carte scolaire pour la rentr\u00e9e 2025, annon\u00e7ant plusieurs retraits de postes dans le d\u00e9partement. Parmi eux, trois suppressions concernent le secteur de Remiremont : une \u00e0 l\u2019\u00e9cole primaire Jules Ferry de Remiremont, une \u00e0 l\u2019\u00e9cole primaire du Val d\u2019Ajol et une \u00e0 l\u2019\u00e9cole de Ramonchamp.<\/strong><\/p>\n<p data-start=\"435\" data-end=\"644\">L\u2019Acad\u00e9mie pr\u00e9cise n\u00e9anmoins qu\u2019un point d\u2019\u00e9tape sera r\u00e9alis\u00e9 \u00e0 la rentr\u00e9e scolaire pour \u00e9valuer les effectifs r\u00e9els, ce qui pourrait conduire \u00e0 des ajustements \u00ab dans la limite des moyens disponibles \u00bb.<\/p>\n<h3 data-start=\"646\" data-end=\"688\">Un manque de concertation d\u00e9nonc\u00e9<\/h3>\n<p data-start=\"690\" data-end=\"1076\">Le d\u00e9put\u00e9 Christophe Naegelen a interpell\u00e9 \u00c9lisabeth Borne, ministre de l\u2019\u00c9ducation nationale, au sujet de ces d\u00e9cisions. Il a notamment \u00e9voqu\u00e9 le cas de l\u2019\u00e9cole de Ramonchamp, qui voit une deuxi\u00e8me fermeture en deux ans, ainsi que celui du coll\u00e8ge Poncelet de Remiremont, o\u00f9 deux fermetures de classes sont pr\u00e9vues apr\u00e8s une premi\u00e8re suppression l\u2019an dernier.<\/p>\n<p data-start=\"1078\" data-end=\"1316\">D\u00e9plorant le manque de concertation, il a qualifi\u00e9 ces d\u00e9cisions de \u00ab\u00a0regrettables\u00a0\u00bb et demand\u00e9 \u00e0 la ministre comment elle comptait privil\u00e9gier l\u2019humain sur l\u2019administratif et favoriser le d\u00e9doublement des classes en milieu rural.<\/p>\n<h3 data-start=\"1318\" data-end=\"1352\">La r\u00e9ponse de la ministre<\/h3>\n<p data-start=\"1354\" data-end=\"1779\">\u00c9lisabeth Borne a rappel\u00e9 que l\u2019\u00e9laboration de la carte scolaire \u00e9tait conditionn\u00e9e par la baisse d\u00e9mographique, avec pr\u00e8s de 850 \u00e9l\u00e8ves en moins dans les Vosges. Elle affirme n\u00e9anmoins que le minist\u00e8re a fait le choix de stabiliser le nombre de postes d\u2019enseignants et de prioriser la lutte contre les in\u00e9galit\u00e9s sociales et territoriales, l\u2019\u00e9cole inclusive et le renforcement des brigades de remplacement.<\/p>\n<p data-start=\"1781\" data-end=\"1817\">Elle s\u2019engage \u00e9galement \u00e0 ce que :<\/p>\n<ul data-start=\"1819\" data-end=\"1969\">\n<li data-start=\"1819\" data-end=\"1918\">Le nombre d\u2019\u00e9l\u00e8ves par classe n\u2019augmente pas, avec un objectif de 20 \u00e9l\u00e8ves par classe.<\/li>\n<li data-start=\"1919\" data-end=\"1969\">Aucune \u00e9cole ne ferme.<\/li>\n<\/ul>\n<p data-start=\"1971\" data-end=\"2196\" data-is-last-node=\"\" data-is-only-node=\"\">Concernant les coll\u00e8ges et lyc\u00e9es, la discussion reste en cours en raison du vote tardif du budget. La ministre a assur\u00e9 \u00e0 Christophe Naegelen que le cas du coll\u00e8ge Poncelet de Remiremont serait de nouveau abord\u00e9.<\/p>\n","protected":false},"excerpt":{"rendered":"<p>L&rsquo;Acad\u00e9mie de Nancy-Metz a transmis la carte scolaire pour la rentr\u00e9e 2025, annon\u00e7ant plusieurs retraits de postes dans le d\u00e9partement. [&hellip;]<\/p>\n","protected":false},"author":418,"featured_media":62684,"comment_status":"open","ping_status":"open","sticky":false,"template":"","format":"standard","meta":{"footnotes":""},"categories":[26,165,43],"tags":[7481,501,3900,1583],"class_list":["post-79755","post","type-post","status-publish","format-standard","has-post-thumbnail","hentry","category-a-la-une","category-enseignement","category-remiremont-remiremont-son-canton","tag-carte-scolaire-2025","tag-christophe-naegelen","tag-elisabeth-borne","tag-suppression-de-postes"],"acf":[],"yoast_head":"<!-- This site is optimized with the Yoast SEO plugin v22.5 - https:\/\/yoast.com\/wordpress\/plugins\/seo\/ -->\n<title>Carte scolaire : Suppressions de postes annonc\u00e9es dans le secteur de Remiremont, Christophe Naegelen interpelle \u00e0 nouveau Elisabeth Borne - Remiremont Info<\/title>\n<meta name=\"robots\" content=\"index, follow, max-snippet:-1, max-image-preview:large, max-video-preview:-1\" \/>\n<link rel=\"canonical\" href=\"https:\/\/vosgesinfo.fr\/remiremontinfo\/?p=79755\" \/>\n<meta name=\"twitter:card\" content=\"summary_large_image\" \/>\n<meta name=\"twitter:title\" content=\"Carte scolaire : Suppressions de postes annonc\u00e9es dans le secteur de Remiremont, Christophe Naegelen interpelle \u00e0 nouveau Elisabeth Borne - Remiremont Info\" \/>\n<meta name=\"twitter:description\" content=\"L&rsquo;Acad\u00e9mie de Nancy-Metz a transmis la carte scolaire pour la rentr\u00e9e 2025, annon\u00e7ant plusieurs retraits de postes dans le d\u00e9partement. [&hellip;]\" \/>\n<meta name=\"twitter:image\" content=\"https:\/\/vosgesinfo.fr\/app\/uploads\/sites\/5\/2024\/09\/202209ecole-jules-ferry-remiremont-sport-12.jpg\" \/>\n<meta name=\"twitter:creator\" content=\"@VosgesInfo88\" \/>\n<meta name=\"twitter:site\" content=\"@VosgesInfo88\" \/>\n<meta name=\"twitter:label1\" content=\"\u00c9crit par\" \/>\n\t<meta name=\"twitter:data1\" content=\"C.M\" \/>\n\t<meta name=\"twitter:label2\" content=\"Dur\u00e9e de lecture estim\u00e9e\" \/>\n\t<meta name=\"twitter:data2\" content=\"2 minutes\" \/>\n<script type=\"application\/ld+json\" class=\"yoast-schema-graph\">{\"@context\":\"https:\/\/schema.org\",\"@graph\":[{\"@type\":\"Article\",\"@id\":\"https:\/\/vosgesinfo.fr\/remiremontinfo\/?p=79755#article\",\"isPartOf\":{\"@id\":\"https:\/\/vosgesinfo.fr\/remiremontinfo\/?p=79755\"},\"author\":{\"name\":\"C.M\",\"@id\":\"https:\/\/vosgesinfo.fr\/remiremontinfo\/#\/schema\/person\/4f38cd3068e342935b7304695c797d08\"},\"headline\":\"Carte scolaire : Suppressions de postes annonc\u00e9es dans le secteur de Remiremont, Christophe Naegelen interpelle \u00e0 nouveau Elisabeth Borne\",\"datePublished\":\"2025-03-19T13:49:56+00:00\",\"dateModified\":\"2025-03-19T13:49:56+00:00\",\"mainEntityOfPage\":{\"@id\":\"https:\/\/vosgesinfo.fr\/remiremontinfo\/?p=79755\"},\"wordCount\":382,\"commentCount\":0,\"publisher\":{\"@id\":\"https:\/\/vosgesinfo.fr\/remiremontinfo\/#organization\"},\"image\":{\"@id\":\"https:\/\/vosgesinfo.fr\/remiremontinfo\/?p=79755#primaryimage\"},\"thumbnailUrl\":\"https:\/\/vosgesinfo.fr\/app\/uploads\/sites\/5\/2024\/09\/202209ecole-jules-ferry-remiremont-sport-12.jpg\",\"keywords\":[\"Carte Scolaire 2025\",\"Christophe Naegelen\",\"elisabeth borne\",\"suppression de postes\"],\"articleSection\":[\"A la Une\",\"Enseignement\",\"Remiremont\"],\"inLanguage\":\"fr-FR\",\"potentialAction\":[{\"@type\":\"CommentAction\",\"name\":\"Comment\",\"target\":[\"https:\/\/vosgesinfo.fr\/remiremontinfo\/?p=79755#respond\"]}]},{\"@type\":\"WebPage\",\"@id\":\"https:\/\/vosgesinfo.fr\/remiremontinfo\/?p=79755\",\"url\":\"https:\/\/vosgesinfo.fr\/remiremontinfo\/?p=79755\",\"name\":\"Carte scolaire : Suppressions de postes annonc\u00e9es dans le secteur de Remiremont, Christophe Naegelen interpelle \u00e0 nouveau Elisabeth Borne - Remiremont Info\",\"isPartOf\":{\"@id\":\"https:\/\/vosgesinfo.fr\/remiremontinfo\/#website\"},\"primaryImageOfPage\":{\"@id\":\"https:\/\/vosgesinfo.fr\/remiremontinfo\/?p=79755#primaryimage\"},\"image\":{\"@id\":\"https:\/\/vosgesinfo.fr\/remiremontinfo\/?p=79755#primaryimage\"},\"thumbnailUrl\":\"https:\/\/vosgesinfo.fr\/app\/uploads\/sites\/5\/2024\/09\/202209ecole-jules-ferry-remiremont-sport-12.jpg\",\"datePublished\":\"2025-03-19T13:49:56+00:00\",\"dateModified\":\"2025-03-19T13:49:56+00:00\",\"breadcrumb\":{\"@id\":\"https:\/\/vosgesinfo.fr\/remiremontinfo\/?p=79755#breadcrumb\"},\"inLanguage\":\"fr-FR\",\"potentialAction\":[{\"@type\":\"ReadAction\",\"target\":[\"https:\/\/vosgesinfo.fr\/remiremontinfo\/?p=79755\"]}]},{\"@type\":\"ImageObject\",\"inLanguage\":\"fr-FR\",\"@id\":\"https:\/\/vosgesinfo.fr\/remiremontinfo\/?p=79755#primaryimage\",\"url\":\"https:\/\/vosgesinfo.fr\/app\/uploads\/sites\/5\/2024\/09\/202209ecole-jules-ferry-remiremont-sport-12.jpg\",\"contentUrl\":\"https:\/\/vosgesinfo.fr\/app\/uploads\/sites\/5\/2024\/09\/202209ecole-jules-ferry-remiremont-sport-12.jpg\",\"width\":1600,\"height\":1064,\"caption\":\"Photographie d'archives de l'\u00e9cole Jules Ferry de Remiremont.\"},{\"@type\":\"BreadcrumbList\",\"@id\":\"https:\/\/vosgesinfo.fr\/remiremontinfo\/?p=79755#breadcrumb\",\"itemListElement\":[{\"@type\":\"ListItem\",\"position\":1,\"name\":\"Home\",\"item\":\"https:\/\/vosgesinfo.fr\/remiremontinfo\/\"},{\"@type\":\"ListItem\",\"position\":2,\"name\":\"Carte scolaire : Suppressions de postes annonc\u00e9es dans le secteur de Remiremont, Christophe Naegelen interpelle \u00e0 nouveau Elisabeth Borne\"}]},{\"@type\":\"WebSite\",\"@id\":\"https:\/\/vosgesinfo.fr\/remiremontinfo\/#website\",\"url\":\"https:\/\/vosgesinfo.fr\/remiremontinfo\/\",\"name\":\"Remiremont Info\",\"description\":\"Toute l&#039;actualit\u00e9 de Remiremont\",\"publisher\":{\"@id\":\"https:\/\/vosgesinfo.fr\/remiremontinfo\/#organization\"},\"alternateName\":\"Toute l'actualit\u00e9 de Remiremont\",\"potentialAction\":[{\"@type\":\"SearchAction\",\"target\":{\"@type\":\"EntryPoint\",\"urlTemplate\":\"https:\/\/vosgesinfo.fr\/remiremontinfo\/?s={search_term_string}\"},\"query-input\":\"required name=search_term_string\"}],\"inLanguage\":\"fr-FR\"},{\"@type\":\"Organization\",\"@id\":\"https:\/\/vosgesinfo.fr\/remiremontinfo\/#organization\",\"name\":\"Remiremont Info\",\"url\":\"https:\/\/vosgesinfo.fr\/remiremontinfo\/\",\"logo\":{\"@type\":\"ImageObject\",\"inLanguage\":\"fr-FR\",\"@id\":\"https:\/\/vosgesinfo.fr\/remiremontinfo\/#\/schema\/logo\/image\/\",\"url\":\"https:\/\/vosgesinfo.fr\/app\/uploads\/sites\/5\/2023\/08\/favicon-remiremontinfo.png\",\"contentUrl\":\"https:\/\/vosgesinfo.fr\/app\/uploads\/sites\/5\/2023\/08\/favicon-remiremontinfo.png\",\"width\":512,\"height\":512,\"caption\":\"Remiremont Info\"},\"image\":{\"@id\":\"https:\/\/vosgesinfo.fr\/remiremontinfo\/#\/schema\/logo\/image\/\"},\"sameAs\":[\"https:\/\/www.facebook.com\/remiremontinfo\",\"https:\/\/x.com\/VosgesInfo88\",\"https:\/\/www.youtube.com\/@vosgesinfo\"]},{\"@type\":\"Person\",\"@id\":\"https:\/\/vosgesinfo.fr\/remiremontinfo\/#\/schema\/person\/4f38cd3068e342935b7304695c797d08\",\"name\":\"C.M\",\"image\":{\"@type\":\"ImageObject\",\"inLanguage\":\"fr-FR\",\"@id\":\"https:\/\/vosgesinfo.fr\/remiremontinfo\/#\/schema\/person\/image\/\",\"url\":\"https:\/\/secure.gravatar.com\/avatar\/fe9daaef0164d920717484172682f3c5c9bcf7d42aa8c7048c76c34f0eb6c8da?s=96&d=mm&r=g\",\"contentUrl\":\"https:\/\/secure.gravatar.com\/avatar\/fe9daaef0164d920717484172682f3c5c9bcf7d42aa8c7048c76c34f0eb6c8da?s=96&d=mm&r=g\",\"caption\":\"C.M\"},\"url\":\"https:\/\/vosgesinfo.fr\/remiremontinfo\/author\/cm88200\/\"}]}<\/script>\n<!-- \/ Yoast SEO plugin. -->","yoast_head_json":{"title":"Carte scolaire : Suppressions de postes annonc\u00e9es dans le secteur de Remiremont, Christophe Naegelen interpelle \u00e0 nouveau Elisabeth Borne - Remiremont Info","robots":{"index":"index","follow":"follow","max-snippet":"max-snippet:-1","max-image-preview":"max-image-preview:large","max-video-preview":"max-video-preview:-1"},"canonical":"https:\/\/vosgesinfo.fr\/remiremontinfo\/?p=79755","twitter_card":"summary_large_image","twitter_title":"Carte scolaire : Suppressions de postes annonc\u00e9es dans le secteur de Remiremont, Christophe Naegelen interpelle \u00e0 nouveau Elisabeth Borne - Remiremont Info","twitter_description":"L&rsquo;Acad\u00e9mie de Nancy-Metz a transmis la carte scolaire pour la rentr\u00e9e 2025, annon\u00e7ant plusieurs retraits de postes dans le d\u00e9partement. [&hellip;]","twitter_image":"https:\/\/vosgesinfo.fr\/app\/uploads\/sites\/5\/2024\/09\/202209ecole-jules-ferry-remiremont-sport-12.jpg","twitter_creator":"@VosgesInfo88","twitter_site":"@VosgesInfo88","twitter_misc":{"\u00c9crit par":"C.M","Dur\u00e9e de lecture estim\u00e9e":"2 minutes"},"schema":{"@context":"https:\/\/schema.org","@graph":[{"@type":"Article","@id":"https:\/\/vosgesinfo.fr\/remiremontinfo\/?p=79755#article","isPartOf":{"@id":"https:\/\/vosgesinfo.fr\/remiremontinfo\/?p=79755"},"author":{"name":"C.M","@id":"https:\/\/vosgesinfo.fr\/remiremontinfo\/#\/schema\/person\/4f38cd3068e342935b7304695c797d08"},"headline":"Carte scolaire : Suppressions de postes annonc\u00e9es dans le secteur de Remiremont, Christophe Naegelen interpelle \u00e0 nouveau Elisabeth Borne","datePublished":"2025-03-19T13:49:56+00:00","dateModified":"2025-03-19T13:49:56+00:00","mainEntityOfPage":{"@id":"https:\/\/vosgesinfo.fr\/remiremontinfo\/?p=79755"},"wordCount":382,"commentCount":0,"publisher":{"@id":"https:\/\/vosgesinfo.fr\/remiremontinfo\/#organization"},"image":{"@id":"https:\/\/vosgesinfo.fr\/remiremontinfo\/?p=79755#primaryimage"},"thumbnailUrl":"https:\/\/vosgesinfo.fr\/app\/uploads\/sites\/5\/2024\/09\/202209ecole-jules-ferry-remiremont-sport-12.jpg","keywords":["Carte Scolaire 2025","Christophe Naegelen","elisabeth borne","suppression de postes"],"articleSection":["A la Une","Enseignement","Remiremont"],"inLanguage":"fr-FR","potentialAction":[{"@type":"CommentAction","name":"Comment","target":["https:\/\/vosgesinfo.fr\/remiremontinfo\/?p=79755#respond"]}]},{"@type":"WebPage","@id":"https:\/\/vosgesinfo.fr\/remiremontinfo\/?p=79755","url":"https:\/\/vosgesinfo.fr\/remiremontinfo\/?p=79755","name":"Carte scolaire : Suppressions de postes annonc\u00e9es dans le secteur de Remiremont, Christophe Naegelen interpelle \u00e0 nouveau Elisabeth Borne - Remiremont Info","isPartOf":{"@id":"https:\/\/vosgesinfo.fr\/remiremontinfo\/#website"},"primaryImageOfPage":{"@id":"https:\/\/vosgesinfo.fr\/remiremontinfo\/?p=79755#primaryimage"},"image":{"@id":"https:\/\/vosgesinfo.fr\/remiremontinfo\/?p=79755#primaryimage"},"thumbnailUrl":"https:\/\/vosgesinfo.fr\/app\/uploads\/sites\/5\/2024\/09\/202209ecole-jules-ferry-remiremont-sport-12.jpg","datePublished":"2025-03-19T13:49:56+00:00","dateModified":"2025-03-19T13:49:56+00:00","breadcrumb":{"@id":"https:\/\/vosgesinfo.fr\/remiremontinfo\/?p=79755#breadcrumb"},"inLanguage":"fr-FR","potentialAction":[{"@type":"ReadAction","target":["https:\/\/vosgesinfo.fr\/remiremontinfo\/?p=79755"]}]},{"@type":"ImageObject","inLanguage":"fr-FR","@id":"https:\/\/vosgesinfo.fr\/remiremontinfo\/?p=79755#primaryimage","url":"https:\/\/vosgesinfo.fr\/app\/uploads\/sites\/5\/2024\/09\/202209ecole-jules-ferry-remiremont-sport-12.jpg","contentUrl":"https:\/\/vosgesinfo.fr\/app\/uploads\/sites\/5\/2024\/09\/202209ecole-jules-ferry-remiremont-sport-12.jpg","width":1600,"height":1064,"caption":"Photographie d'archives de l'\u00e9cole Jules Ferry de Remiremont."},{"@type":"BreadcrumbList","@id":"https:\/\/vosgesinfo.fr\/remiremontinfo\/?p=79755#breadcrumb","itemListElement":[{"@type":"ListItem","position":1,"name":"Home","item":"https:\/\/vosgesinfo.fr\/remiremontinfo\/"},{"@type":"ListItem","position":2,"name":"Carte scolaire : Suppressions de postes annonc\u00e9es dans le secteur de Remiremont, Christophe Naegelen interpelle \u00e0 nouveau Elisabeth Borne"}]},{"@type":"WebSite","@id":"https:\/\/vosgesinfo.fr\/remiremontinfo\/#website","url":"https:\/\/vosgesinfo.fr\/remiremontinfo\/","name":"Remiremont Info","description":"Toute l&#039;actualit\u00e9 de Remiremont","publisher":{"@id":"https:\/\/vosgesinfo.fr\/remiremontinfo\/#organization"},"alternateName":"Toute l'actualit\u00e9 de Remiremont","potentialAction":[{"@type":"SearchAction","target":{"@type":"EntryPoint","urlTemplate":"https:\/\/vosgesinfo.fr\/remiremontinfo\/?s={search_term_string}"},"query-input":"required name=search_term_string"}],"inLanguage":"fr-FR"},{"@type":"Organization","@id":"https:\/\/vosgesinfo.fr\/remiremontinfo\/#organization","name":"Remiremont Info","url":"https:\/\/vosgesinfo.fr\/remiremontinfo\/","logo":{"@type":"ImageObject","inLanguage":"fr-FR","@id":"https:\/\/vosgesinfo.fr\/remiremontinfo\/#\/schema\/logo\/image\/","url":"https:\/\/vosgesinfo.fr\/app\/uploads\/sites\/5\/2023\/08\/favicon-remiremontinfo.png","contentUrl":"https:\/\/vosgesinfo.fr\/app\/uploads\/sites\/5\/2023\/08\/favicon-remiremontinfo.png","width":512,"height":512,"caption":"Remiremont Info"},"image":{"@id":"https:\/\/vosgesinfo.fr\/remiremontinfo\/#\/schema\/logo\/image\/"},"sameAs":["https:\/\/www.facebook.com\/remiremontinfo","https:\/\/x.com\/VosgesInfo88","https:\/\/www.youtube.com\/@vosgesinfo"]},{"@type":"Person","@id":"https:\/\/vosgesinfo.fr\/remiremontinfo\/#\/schema\/person\/4f38cd3068e342935b7304695c797d08","name":"C.M","image":{"@type":"ImageObject","inLanguage":"fr-FR","@id":"https:\/\/vosgesinfo.fr\/remiremontinfo\/#\/schema\/person\/image\/","url":"https:\/\/secure.gravatar.com\/avatar\/fe9daaef0164d920717484172682f3c5c9bcf7d42aa8c7048c76c34f0eb6c8da?s=96&d=mm&r=g","contentUrl":"https:\/\/secure.gravatar.com\/avatar\/fe9daaef0164d920717484172682f3c5c9bcf7d42aa8c7048c76c34f0eb6c8da?s=96&d=mm&r=g","caption":"C.M"},"url":"https:\/\/vosgesinfo.fr\/remiremontinfo\/author\/cm88200\/"}]}},"_links":{"self":[{"href":"https:\/\/vosgesinfo.fr\/remiremontinfo\/wp-json\/wp\/v2\/posts\/79755","targetHints":{"allow":["GET"]}}],"collection":[{"href":"https:\/\/vosgesinfo.fr\/remiremontinfo\/wp-json\/wp\/v2\/posts"}],"about":[{"href":"https:\/\/vosgesinfo.fr\/remiremontinfo\/wp-json\/wp\/v2\/types\/post"}],"author":[{"embeddable":true,"href":"https:\/\/vosgesinfo.fr\/remiremontinfo\/wp-json\/wp\/v2\/users\/418"}],"replies":[{"embeddable":true,"href":"https:\/\/vosgesinfo.fr\/remiremontinfo\/wp-json\/wp\/v2\/comments?post=79755"}],"version-history":[{"count":1,"href":"https:\/\/vosgesinfo.fr\/remiremontinfo\/wp-json\/wp\/v2\/posts\/79755\/revisions"}],"predecessor-version":[{"id":79756,"href":"https:\/\/vosgesinfo.fr\/remiremontinfo\/wp-json\/wp\/v2\/posts\/79755\/revisions\/79756"}],"wp:featuredmedia":[{"embeddable":true,"href":"https:\/\/vosgesinfo.fr\/remiremontinfo\/wp-json\/wp\/v2\/media\/62684"}],"wp:attachment":[{"href":"https:\/\/vosgesinfo.fr\/remiremontinfo\/wp-json\/wp\/v2\/media?parent=79755"}],"wp:term":[{"taxonomy":"category","embeddable":true,"href":"https:\/\/vosgesinfo.fr\/remiremontinfo\/wp-json\/wp\/v2\/categories?post=79755"},{"taxonomy":"post_tag","embeddable":true,"href":"https:\/\/vosgesinfo.fr\/remiremontinfo\/wp-json\/wp\/v2\/tags?post=79755"}],"curies":[{"name":"wp","href":"https:\/\/api.w.org\/{rel}","templated":true}]}}