{"id":80029,"date":"2025-03-26T12:35:35","date_gmt":"2025-03-26T11:35:35","guid":{"rendered":"https:\/\/vosgesinfo.fr\/remiremontinfo\/?p=80029"},"modified":"2025-03-26T12:35:35","modified_gmt":"2025-03-26T11:35:35","slug":"en-images-mgr-francois-gourdon-prend-possession-de-la-cathedrale-de-saint-die-des-vosges","status":"publish","type":"post","link":"https:\/\/vosgesinfo.fr\/remiremontinfo\/2025\/03\/en-images-mgr-francois-gourdon-prend-possession-de-la-cathedrale-de-saint-die-des-vosges\/","title":{"rendered":"En images \u2013 Mgr Fran\u00e7ois Gourdon prend possession de la cath\u00e9drale de Saint-Di\u00e9-des-Vosges"},"content":{"rendered":"<h3><a href=\"https:\/\/vosgesinfo.fr\/app\/uploads\/sites\/4\/2025\/03\/possession-cathedrale-sddv-mgr-francois-gourdon-15.jpg\"><img decoding=\"async\" class=\"alignnone size-large wp-image-75765\" src=\"https:\/\/vosgesinfo.fr\/app\/uploads\/sites\/4\/2025\/03\/possession-cathedrale-sddv-mgr-francois-gourdon-15-1024x771.jpg\" alt=\"\" width=\"1024\" height=\"771\" \/><\/a><\/h3>\n<h2><a href=\"https:\/\/vosgesinfo.fr\/saintdieinfo\/2023\/09\/mgr-didier-berthet-eveque-diocese-de-saint-die-decede\/\" target=\"_blank\" rel=\"noopener\"><strong>Mgr Didier Berthet<\/strong> s&rsquo;est \u00e9teint le <strong>8 septembre 2023<\/strong>, des suites d&rsquo;une longue maladie.<\/a> <strong>Dix-huit mois apr\u00e8s sa disparition, le dioc\u00e8se de Saint-Di\u00e9 a un nouvel un \u00e9v\u00eaque<\/strong>. Il s&rsquo;agit de <strong>Mgr Fran\u00e7ois Gourdon<\/strong>, qui a \u00e9t\u00e9 consacr\u00e9 <a href=\"https:\/\/vosgesinfo.fr\/epinalinfo\/2025\/03\/francois-gourdon-consacre-eveque-du-diocese-de-saint-die-lors-dune-emouvante-ceremonie-a-epinal\/\" target=\"_blank\" rel=\"noopener\"><strong>samedi dernier en l\u2019\u00e9glise Notre-Dame au Cierge d\u2019\u00c9pinal<\/strong><\/a>. Ce <strong>mardi en fin de journ\u00e9e<\/strong>, le nouvel \u00e9v\u00eaque a pris possession de la <strong>cath\u00e9drale de Saint-Di\u00e9-des-Vosges<\/strong>.<\/h2>\n<p><!--more--><\/p>\n<h3>Une c\u00e9r\u00e9monie en plusieurs temps<\/h3>\n<p>Dans un <strong>\u00e9difice religieux d\u00e9odatien plein<\/strong>, avec la pr\u00e9sence notamment du <strong>maire Bruno Toussaint<\/strong> et du <strong>sous-pr\u00e9fet Antoine Planquette<\/strong>, la liturgie de la r\u00e9ception de l\u2019\u00e9v\u00eaque dans sa cath\u00e9drale \u00e9tait<strong> pr\u00e9sid\u00e9e par le nouvel \u00e9v\u00eaque lui-m\u00eame<\/strong>. Apr\u00e8s l\u2019accueil \u00e0 la porte par le recteur de l\u2019\u00e9glise portant la chape, <strong>Mgr Fran\u00e7ois Gourdon<\/strong> s\u2019est rendu en procession jusqu\u2019\u00e0 l\u2019autel, pour ensuite s\u2019asseoir \u00e0 la <strong>cath\u00e8dre<\/strong>, symbole de sa mission apostolique. <strong>Une messe et la b\u00e9n\u00e9diction de l\u2019assembl\u00e9e<\/strong> ont conclu la c\u00e9r\u00e9monie.<\/p>\n<h3>Mgr Fran\u00e7ois Gourdon a \u00e9t\u00e9 ordonn\u00e9 pr\u00eatre en 1997<\/h3>\n<p>N\u00e9 le <strong>24 ao\u00fbt 1968 \u00e0 Angers<\/strong>, <strong>Mgr Fran\u00e7ois Gourdon<\/strong> grandit au sein d\u2019une <strong>famille d\u2019agriculteurs<\/strong>, \u00ab o\u00f9 la foi est une \u00e9vidence, transmise de g\u00e9n\u00e9ration en g\u00e9n\u00e9ration. \u00bb <strong>Ordonn\u00e9 pr\u00eatre en 1997<\/strong> \u00e0 la <strong>cath\u00e9drale d\u2019Angers<\/strong> par <strong>Mgr Jean Orchampt<\/strong>, il d\u00e9bute son minist\u00e8re en <strong>paroisse rurale, en Baugeois<\/strong>, puis comme cur\u00e9 de paroisse <strong>en rural et \u00e0 Cholet<\/strong>. <strong>En 2017, il devient cur\u00e9 de la paroisse-cath\u00e9drale Saint-Maurice-Notre-Dame d\u2019Angers<\/strong>.<\/p>\n<h3>D\u00e9fenseur d&rsquo;une Eglise \u00ab\u00a0en sortie\u00a0\u00bb<\/h3>\n<p>Mgr Fran\u00e7ois Gourdon s\u2019investit particuli\u00e8rement<strong> aupr\u00e8s des jeunes et des \u00e9tudiants<\/strong>, leur proposant un accompagnement spirituel et une r\u00e9flexion sur la foi. <strong>Convaincu de la n\u00e9cessit\u00e9 d\u2019une \u00c9glise missionnaire<\/strong>, il encourage une communaut\u00e9 fraternelle et ouverte, o\u00f9 <strong>l\u2019accueil tient une place centrale<\/strong>. Inspir\u00e9 par <strong>le pape Fran\u00e7ois<\/strong>, il d\u00e9fend une \u00c9glise \u00ab en sortie \u00bb, tourn\u00e9e vers ceux qui en sont \u00e9loign\u00e9s.<\/p>\n<p>Sa <strong>devise \u00e9piscopale<\/strong>, tir\u00e9e de l\u2019\u00c9vangile de <strong>Saint Luc<\/strong>, est : <strong>\u00ab Le semeur sortit pour semer. \u00bb<\/strong><\/p>\n<p>J.J.<\/p>\n\n\t\t<style type=\"text\/css\">\n\t\t\t#gallery-1 {\n\t\t\t\tmargin: auto;\n\t\t\t}\n\t\t\t#gallery-1 .gallery-item {\n\t\t\t\tfloat: left;\n\t\t\t\tmargin-top: 10px;\n\t\t\t\ttext-align: center;\n\t\t\t\twidth: 33%;\n\t\t\t}\n\t\t\t#gallery-1 img {\n\t\t\t\tborder: 2px solid #cfcfcf;\n\t\t\t}\n\t\t\t#gallery-1 .gallery-caption {\n\t\t\t\tmargin-left: 0;\n\t\t\t}\n\t\t\t\/* see gallery_shortcode() in wp-includes\/media.php *\/\n\t\t<\/style>\n\t\t<div id='gallery-1' class='gallery galleryid-80029 gallery-columns-3 gallery-size-thumbnail'><dl class='gallery-item'>\n\t\t\t<dt class='gallery-icon landscape'>\n\t\t\t\t<a href='https:\/\/vosgesinfo.fr\/app\/uploads\/sites\/5\/2025\/03\/possession-cathedrale-sddv-mgr-francois-gourdon-1.jpg'><img decoding=\"async\" width=\"150\" height=\"150\" src=\"https:\/\/vosgesinfo.fr\/app\/uploads\/sites\/5\/2025\/03\/possession-cathedrale-sddv-mgr-francois-gourdon-1-150x150.jpg\" class=\"attachment-thumbnail size-thumbnail\" alt=\"\" \/><\/a>\n\t\t\t<\/dt><\/dl><dl class='gallery-item'>\n\t\t\t<dt class='gallery-icon landscape'>\n\t\t\t\t<a href='https:\/\/vosgesinfo.fr\/app\/uploads\/sites\/5\/2025\/03\/possession-cathedrale-sddv-mgr-francois-gourdon-2.jpg'><img decoding=\"async\" width=\"150\" height=\"150\" src=\"https:\/\/vosgesinfo.fr\/app\/uploads\/sites\/5\/2025\/03\/possession-cathedrale-sddv-mgr-francois-gourdon-2-150x150.jpg\" class=\"attachment-thumbnail size-thumbnail\" alt=\"\" \/><\/a>\n\t\t\t<\/dt><\/dl><dl class='gallery-item'>\n\t\t\t<dt class='gallery-icon landscape'>\n\t\t\t\t<a href='https:\/\/vosgesinfo.fr\/app\/uploads\/sites\/5\/2025\/03\/possession-cathedrale-sddv-mgr-francois-gourdon-3.jpg'><img decoding=\"async\" width=\"150\" height=\"150\" src=\"https:\/\/vosgesinfo.fr\/app\/uploads\/sites\/5\/2025\/03\/possession-cathedrale-sddv-mgr-francois-gourdon-3-150x150.jpg\" class=\"attachment-thumbnail size-thumbnail\" alt=\"\" \/><\/a>\n\t\t\t<\/dt><\/dl><br style=\"clear: both\" \/><dl class='gallery-item'>\n\t\t\t<dt class='gallery-icon landscape'>\n\t\t\t\t<a href='https:\/\/vosgesinfo.fr\/app\/uploads\/sites\/5\/2025\/03\/possession-cathedrale-sddv-mgr-francois-gourdon-4.jpg'><img decoding=\"async\" width=\"150\" height=\"150\" src=\"https:\/\/vosgesinfo.fr\/app\/uploads\/sites\/5\/2025\/03\/possession-cathedrale-sddv-mgr-francois-gourdon-4-150x150.jpg\" class=\"attachment-thumbnail size-thumbnail\" alt=\"\" \/><\/a>\n\t\t\t<\/dt><\/dl><dl class='gallery-item'>\n\t\t\t<dt class='gallery-icon landscape'>\n\t\t\t\t<a href='https:\/\/vosgesinfo.fr\/app\/uploads\/sites\/5\/2025\/03\/possession-cathedrale-sddv-mgr-francois-gourdon-5.jpg'><img decoding=\"async\" width=\"150\" height=\"150\" src=\"https:\/\/vosgesinfo.fr\/app\/uploads\/sites\/5\/2025\/03\/possession-cathedrale-sddv-mgr-francois-gourdon-5-150x150.jpg\" class=\"attachment-thumbnail size-thumbnail\" alt=\"\" \/><\/a>\n\t\t\t<\/dt><\/dl><dl class='gallery-item'>\n\t\t\t<dt class='gallery-icon landscape'>\n\t\t\t\t<a href='https:\/\/vosgesinfo.fr\/app\/uploads\/sites\/5\/2025\/03\/possession-cathedrale-sddv-mgr-francois-gourdon-6.jpg'><img decoding=\"async\" width=\"150\" height=\"150\" src=\"https:\/\/vosgesinfo.fr\/app\/uploads\/sites\/5\/2025\/03\/possession-cathedrale-sddv-mgr-francois-gourdon-6-150x150.jpg\" class=\"attachment-thumbnail size-thumbnail\" alt=\"\" \/><\/a>\n\t\t\t<\/dt><\/dl><br style=\"clear: both\" \/><dl class='gallery-item'>\n\t\t\t<dt class='gallery-icon landscape'>\n\t\t\t\t<a href='https:\/\/vosgesinfo.fr\/app\/uploads\/sites\/5\/2025\/03\/possession-cathedrale-sddv-mgr-francois-gourdon-7.jpg'><img decoding=\"async\" width=\"150\" height=\"150\" src=\"https:\/\/vosgesinfo.fr\/app\/uploads\/sites\/5\/2025\/03\/possession-cathedrale-sddv-mgr-francois-gourdon-7-150x150.jpg\" class=\"attachment-thumbnail size-thumbnail\" alt=\"\" \/><\/a>\n\t\t\t<\/dt><\/dl><dl class='gallery-item'>\n\t\t\t<dt class='gallery-icon landscape'>\n\t\t\t\t<a href='https:\/\/vosgesinfo.fr\/app\/uploads\/sites\/5\/2025\/03\/possession-cathedrale-sddv-mgr-francois-gourdon-8.jpg'><img decoding=\"async\" width=\"150\" height=\"150\" src=\"https:\/\/vosgesinfo.fr\/app\/uploads\/sites\/5\/2025\/03\/possession-cathedrale-sddv-mgr-francois-gourdon-8-150x150.jpg\" class=\"attachment-thumbnail size-thumbnail\" alt=\"\" \/><\/a>\n\t\t\t<\/dt><\/dl><dl class='gallery-item'>\n\t\t\t<dt class='gallery-icon landscape'>\n\t\t\t\t<a href='https:\/\/vosgesinfo.fr\/app\/uploads\/sites\/5\/2025\/03\/possession-cathedrale-sddv-mgr-francois-gourdon-9.jpg'><img decoding=\"async\" width=\"150\" height=\"150\" src=\"https:\/\/vosgesinfo.fr\/app\/uploads\/sites\/5\/2025\/03\/possession-cathedrale-sddv-mgr-francois-gourdon-9-150x150.jpg\" class=\"attachment-thumbnail size-thumbnail\" alt=\"\" \/><\/a>\n\t\t\t<\/dt><\/dl><br style=\"clear: both\" \/><dl class='gallery-item'>\n\t\t\t<dt class='gallery-icon landscape'>\n\t\t\t\t<a href='https:\/\/vosgesinfo.fr\/app\/uploads\/sites\/5\/2025\/03\/possession-cathedrale-sddv-mgr-francois-gourdon-10.jpg'><img decoding=\"async\" width=\"150\" height=\"150\" src=\"https:\/\/vosgesinfo.fr\/app\/uploads\/sites\/5\/2025\/03\/possession-cathedrale-sddv-mgr-francois-gourdon-10-150x150.jpg\" class=\"attachment-thumbnail size-thumbnail\" alt=\"\" \/><\/a>\n\t\t\t<\/dt><\/dl><dl class='gallery-item'>\n\t\t\t<dt class='gallery-icon landscape'>\n\t\t\t\t<a href='https:\/\/vosgesinfo.fr\/app\/uploads\/sites\/5\/2025\/03\/possession-cathedrale-sddv-mgr-francois-gourdon-11.jpg'><img decoding=\"async\" width=\"150\" height=\"150\" src=\"https:\/\/vosgesinfo.fr\/app\/uploads\/sites\/5\/2025\/03\/possession-cathedrale-sddv-mgr-francois-gourdon-11-150x150.jpg\" class=\"attachment-thumbnail size-thumbnail\" alt=\"\" \/><\/a>\n\t\t\t<\/dt><\/dl><dl class='gallery-item'>\n\t\t\t<dt class='gallery-icon landscape'>\n\t\t\t\t<a href='https:\/\/vosgesinfo.fr\/app\/uploads\/sites\/5\/2025\/03\/possession-cathedrale-sddv-mgr-francois-gourdon-12.jpg'><img decoding=\"async\" width=\"150\" height=\"150\" src=\"https:\/\/vosgesinfo.fr\/app\/uploads\/sites\/5\/2025\/03\/possession-cathedrale-sddv-mgr-francois-gourdon-12-150x150.jpg\" class=\"attachment-thumbnail size-thumbnail\" alt=\"\" \/><\/a>\n\t\t\t<\/dt><\/dl><br style=\"clear: both\" \/><dl class='gallery-item'>\n\t\t\t<dt class='gallery-icon landscape'>\n\t\t\t\t<a href='https:\/\/vosgesinfo.fr\/app\/uploads\/sites\/5\/2025\/03\/possession-cathedrale-sddv-mgr-francois-gourdon-13.jpg'><img decoding=\"async\" width=\"150\" height=\"150\" src=\"https:\/\/vosgesinfo.fr\/app\/uploads\/sites\/5\/2025\/03\/possession-cathedrale-sddv-mgr-francois-gourdon-13-150x150.jpg\" class=\"attachment-thumbnail size-thumbnail\" alt=\"\" \/><\/a>\n\t\t\t<\/dt><\/dl><dl class='gallery-item'>\n\t\t\t<dt class='gallery-icon landscape'>\n\t\t\t\t<a href='https:\/\/vosgesinfo.fr\/app\/uploads\/sites\/5\/2025\/03\/possession-cathedrale-sddv-mgr-francois-gourdon-14.jpg'><img decoding=\"async\" width=\"150\" height=\"150\" src=\"https:\/\/vosgesinfo.fr\/app\/uploads\/sites\/5\/2025\/03\/possession-cathedrale-sddv-mgr-francois-gourdon-14-150x150.jpg\" class=\"attachment-thumbnail size-thumbnail\" alt=\"\" \/><\/a>\n\t\t\t<\/dt><\/dl><dl class='gallery-item'>\n\t\t\t<dt class='gallery-icon landscape'>\n\t\t\t\t<a href='https:\/\/vosgesinfo.fr\/app\/uploads\/sites\/5\/2025\/03\/possession-cathedrale-sddv-mgr-francois-gourdon-16.jpg'><img decoding=\"async\" width=\"150\" height=\"150\" src=\"https:\/\/vosgesinfo.fr\/app\/uploads\/sites\/5\/2025\/03\/possession-cathedrale-sddv-mgr-francois-gourdon-16-150x150.jpg\" class=\"attachment-thumbnail size-thumbnail\" alt=\"\" \/><\/a>\n\t\t\t<\/dt><\/dl><br style=\"clear: both\" \/>\n\t\t<\/div>\n\n","protected":false},"excerpt":{"rendered":"<p>Mgr Didier Berthet s&rsquo;est \u00e9teint le 8 septembre 2023, des suites d&rsquo;une longue maladie. Dix-huit mois apr\u00e8s sa disparition, le [&hellip;]<\/p>\n","protected":false},"author":46,"featured_media":80030,"comment_status":"open","ping_status":"open","sticky":false,"template":"","format":"standard","meta":{"footnotes":""},"categories":[26,108,62,845,163,43,883,18],"tags":[7532,7533,7243,7534],"class_list":["post-80029","post","type-post","status-publish","format-standard","has-post-thumbnail","hentry","category-a-la-une","category-epinal","category-gerardmer","category-la-plaine-des-vosges","category-religion","category-remiremont-remiremont-son-canton","category-saint-die-des-vosges","category-vosges","tag-cathedrale-de-saint-die-des-vosges","tag-diocese-de-saint-die","tag-mgr-francois-gourdon","tag-mgr-francois-gourdon-prend-possession-de-la-cathedrale-de-saint-die-des-vosges"],"acf":[],"yoast_head":"<!-- This site is optimized with the Yoast SEO plugin v22.5 - https:\/\/yoast.com\/wordpress\/plugins\/seo\/ -->\n<title>En images \u2013 Mgr Fran\u00e7ois Gourdon prend possession de la cath\u00e9drale de Saint-Di\u00e9-des-Vosges - Remiremont Info<\/title>\n<meta name=\"robots\" content=\"index, follow, max-snippet:-1, max-image-preview:large, max-video-preview:-1\" \/>\n<link rel=\"canonical\" href=\"https:\/\/vosgesinfo.fr\/remiremontinfo\/2025\/03\/en-images-mgr-francois-gourdon-prend-possession-de-la-cathedrale-de-saint-die-des-vosges\/\" \/>\n<meta name=\"twitter:card\" content=\"summary_large_image\" \/>\n<meta name=\"twitter:title\" content=\"En images \u2013 Mgr Fran\u00e7ois Gourdon prend possession de la cath\u00e9drale de Saint-Di\u00e9-des-Vosges - Remiremont Info\" \/>\n<meta name=\"twitter:description\" content=\"Mgr Didier Berthet s&rsquo;est \u00e9teint le 8 septembre 2023, des suites d&rsquo;une longue maladie. Dix-huit mois apr\u00e8s sa disparition, le [&hellip;]\" \/>\n<meta name=\"twitter:image\" content=\"https:\/\/vosgesinfo.fr\/app\/uploads\/sites\/5\/2025\/03\/possession-cathedrale-sddv-mgr-francois-gourdon-15.jpg\" \/>\n<meta name=\"twitter:creator\" content=\"@VosgesInfo88\" \/>\n<meta name=\"twitter:site\" content=\"@VosgesInfo88\" \/>\n<meta name=\"twitter:label1\" content=\"\u00c9crit par\" \/>\n\t<meta name=\"twitter:data1\" content=\"J.J.\" \/>\n\t<meta name=\"twitter:label2\" content=\"Dur\u00e9e de lecture estim\u00e9e\" \/>\n\t<meta name=\"twitter:data2\" content=\"2 minutes\" \/>\n<script type=\"application\/ld+json\" class=\"yoast-schema-graph\">{\"@context\":\"https:\/\/schema.org\",\"@graph\":[{\"@type\":\"Article\",\"@id\":\"https:\/\/vosgesinfo.fr\/remiremontinfo\/2025\/03\/en-images-mgr-francois-gourdon-prend-possession-de-la-cathedrale-de-saint-die-des-vosges\/#article\",\"isPartOf\":{\"@id\":\"https:\/\/vosgesinfo.fr\/remiremontinfo\/2025\/03\/en-images-mgr-francois-gourdon-prend-possession-de-la-cathedrale-de-saint-die-des-vosges\/\"},\"author\":{\"name\":\"J.J.\",\"@id\":\"https:\/\/vosgesinfo.fr\/remiremontinfo\/#\/schema\/person\/fa73e9f726d67bb88f46d5b7943cb572\"},\"headline\":\"En images \u2013 Mgr Fran\u00e7ois Gourdon prend possession de la cath\u00e9drale de Saint-Di\u00e9-des-Vosges\",\"datePublished\":\"2025-03-26T11:35:35+00:00\",\"dateModified\":\"2025-03-26T11:35:35+00:00\",\"mainEntityOfPage\":{\"@id\":\"https:\/\/vosgesinfo.fr\/remiremontinfo\/2025\/03\/en-images-mgr-francois-gourdon-prend-possession-de-la-cathedrale-de-saint-die-des-vosges\/\"},\"wordCount\":387,\"commentCount\":0,\"publisher\":{\"@id\":\"https:\/\/vosgesinfo.fr\/remiremontinfo\/#organization\"},\"image\":{\"@id\":\"https:\/\/vosgesinfo.fr\/remiremontinfo\/2025\/03\/en-images-mgr-francois-gourdon-prend-possession-de-la-cathedrale-de-saint-die-des-vosges\/#primaryimage\"},\"thumbnailUrl\":\"https:\/\/vosgesinfo.fr\/app\/uploads\/sites\/5\/2025\/03\/possession-cathedrale-sddv-mgr-francois-gourdon-15.jpg\",\"keywords\":[\"Cath\u00e9drale de Saint-Di\u00e9-des-Vosges\",\"Dioc\u00e8se de Saint Di\u00e9\",\"Mgr Fran\u00e7ois Gourdon\",\"Mgr Fran\u00e7ois Gourdon prend possession de la cath\u00e9drale de Saint-Di\u00e9-des-Vosges\"],\"articleSection\":[\"A la Une\",\"Epinal\",\"G\u00e9rardmer\",\"La plaine des vosges\",\"Religion\",\"Remiremont\",\"Saint-Di\u00e9-des-Vosges\",\"Vosges\"],\"inLanguage\":\"fr-FR\",\"potentialAction\":[{\"@type\":\"CommentAction\",\"name\":\"Comment\",\"target\":[\"https:\/\/vosgesinfo.fr\/remiremontinfo\/2025\/03\/en-images-mgr-francois-gourdon-prend-possession-de-la-cathedrale-de-saint-die-des-vosges\/#respond\"]}]},{\"@type\":\"WebPage\",\"@id\":\"https:\/\/vosgesinfo.fr\/remiremontinfo\/2025\/03\/en-images-mgr-francois-gourdon-prend-possession-de-la-cathedrale-de-saint-die-des-vosges\/\",\"url\":\"https:\/\/vosgesinfo.fr\/remiremontinfo\/2025\/03\/en-images-mgr-francois-gourdon-prend-possession-de-la-cathedrale-de-saint-die-des-vosges\/\",\"name\":\"En images \u2013 Mgr Fran\u00e7ois Gourdon prend possession de la cath\u00e9drale de Saint-Di\u00e9-des-Vosges - Remiremont Info\",\"isPartOf\":{\"@id\":\"https:\/\/vosgesinfo.fr\/remiremontinfo\/#website\"},\"primaryImageOfPage\":{\"@id\":\"https:\/\/vosgesinfo.fr\/remiremontinfo\/2025\/03\/en-images-mgr-francois-gourdon-prend-possession-de-la-cathedrale-de-saint-die-des-vosges\/#primaryimage\"},\"image\":{\"@id\":\"https:\/\/vosgesinfo.fr\/remiremontinfo\/2025\/03\/en-images-mgr-francois-gourdon-prend-possession-de-la-cathedrale-de-saint-die-des-vosges\/#primaryimage\"},\"thumbnailUrl\":\"https:\/\/vosgesinfo.fr\/app\/uploads\/sites\/5\/2025\/03\/possession-cathedrale-sddv-mgr-francois-gourdon-15.jpg\",\"datePublished\":\"2025-03-26T11:35:35+00:00\",\"dateModified\":\"2025-03-26T11:35:35+00:00\",\"breadcrumb\":{\"@id\":\"https:\/\/vosgesinfo.fr\/remiremontinfo\/2025\/03\/en-images-mgr-francois-gourdon-prend-possession-de-la-cathedrale-de-saint-die-des-vosges\/#breadcrumb\"},\"inLanguage\":\"fr-FR\",\"potentialAction\":[{\"@type\":\"ReadAction\",\"target\":[\"https:\/\/vosgesinfo.fr\/remiremontinfo\/2025\/03\/en-images-mgr-francois-gourdon-prend-possession-de-la-cathedrale-de-saint-die-des-vosges\/\"]}]},{\"@type\":\"ImageObject\",\"inLanguage\":\"fr-FR\",\"@id\":\"https:\/\/vosgesinfo.fr\/remiremontinfo\/2025\/03\/en-images-mgr-francois-gourdon-prend-possession-de-la-cathedrale-de-saint-die-des-vosges\/#primaryimage\",\"url\":\"https:\/\/vosgesinfo.fr\/app\/uploads\/sites\/5\/2025\/03\/possession-cathedrale-sddv-mgr-francois-gourdon-15.jpg\",\"contentUrl\":\"https:\/\/vosgesinfo.fr\/app\/uploads\/sites\/5\/2025\/03\/possession-cathedrale-sddv-mgr-francois-gourdon-15.jpg\",\"width\":2040,\"height\":1536},{\"@type\":\"BreadcrumbList\",\"@id\":\"https:\/\/vosgesinfo.fr\/remiremontinfo\/2025\/03\/en-images-mgr-francois-gourdon-prend-possession-de-la-cathedrale-de-saint-die-des-vosges\/#breadcrumb\",\"itemListElement\":[{\"@type\":\"ListItem\",\"position\":1,\"name\":\"Home\",\"item\":\"https:\/\/vosgesinfo.fr\/remiremontinfo\/\"},{\"@type\":\"ListItem\",\"position\":2,\"name\":\"En images \u2013 Mgr Fran\u00e7ois Gourdon prend possession de la cath\u00e9drale de Saint-Di\u00e9-des-Vosges\"}]},{\"@type\":\"WebSite\",\"@id\":\"https:\/\/vosgesinfo.fr\/remiremontinfo\/#website\",\"url\":\"https:\/\/vosgesinfo.fr\/remiremontinfo\/\",\"name\":\"Remiremont Info\",\"description\":\"Toute l&#039;actualit\u00e9 de Remiremont\",\"publisher\":{\"@id\":\"https:\/\/vosgesinfo.fr\/remiremontinfo\/#organization\"},\"alternateName\":\"Toute l'actualit\u00e9 de Remiremont\",\"potentialAction\":[{\"@type\":\"SearchAction\",\"target\":{\"@type\":\"EntryPoint\",\"urlTemplate\":\"https:\/\/vosgesinfo.fr\/remiremontinfo\/?s={search_term_string}\"},\"query-input\":\"required name=search_term_string\"}],\"inLanguage\":\"fr-FR\"},{\"@type\":\"Organization\",\"@id\":\"https:\/\/vosgesinfo.fr\/remiremontinfo\/#organization\",\"name\":\"Remiremont Info\",\"url\":\"https:\/\/vosgesinfo.fr\/remiremontinfo\/\",\"logo\":{\"@type\":\"ImageObject\",\"inLanguage\":\"fr-FR\",\"@id\":\"https:\/\/vosgesinfo.fr\/remiremontinfo\/#\/schema\/logo\/image\/\",\"url\":\"https:\/\/vosgesinfo.fr\/app\/uploads\/sites\/5\/2023\/08\/favicon-remiremontinfo.png\",\"contentUrl\":\"https:\/\/vosgesinfo.fr\/app\/uploads\/sites\/5\/2023\/08\/favicon-remiremontinfo.png\",\"width\":512,\"height\":512,\"caption\":\"Remiremont Info\"},\"image\":{\"@id\":\"https:\/\/vosgesinfo.fr\/remiremontinfo\/#\/schema\/logo\/image\/\"},\"sameAs\":[\"https:\/\/www.facebook.com\/remiremontinfo\",\"https:\/\/x.com\/VosgesInfo88\",\"https:\/\/www.youtube.com\/@vosgesinfo\"]},{\"@type\":\"Person\",\"@id\":\"https:\/\/vosgesinfo.fr\/remiremontinfo\/#\/schema\/person\/fa73e9f726d67bb88f46d5b7943cb572\",\"name\":\"J.J.\",\"image\":{\"@type\":\"ImageObject\",\"inLanguage\":\"fr-FR\",\"@id\":\"https:\/\/vosgesinfo.fr\/remiremontinfo\/#\/schema\/person\/image\/\",\"url\":\"https:\/\/secure.gravatar.com\/avatar\/219e749e47ffbcca018a360ae4add7d4cdf1cdaaf8bc7676b27efade3fe65615?s=96&d=mm&r=g\",\"contentUrl\":\"https:\/\/secure.gravatar.com\/avatar\/219e749e47ffbcca018a360ae4add7d4cdf1cdaaf8bc7676b27efade3fe65615?s=96&d=mm&r=g\",\"caption\":\"J.J.\"},\"url\":\"https:\/\/vosgesinfo.fr\/remiremontinfo\/author\/j-j\/\"}]}<\/script>\n<!-- \/ Yoast SEO plugin. -->","yoast_head_json":{"title":"En images \u2013 Mgr Fran\u00e7ois Gourdon prend possession de la cath\u00e9drale de Saint-Di\u00e9-des-Vosges - Remiremont Info","robots":{"index":"index","follow":"follow","max-snippet":"max-snippet:-1","max-image-preview":"max-image-preview:large","max-video-preview":"max-video-preview:-1"},"canonical":"https:\/\/vosgesinfo.fr\/remiremontinfo\/2025\/03\/en-images-mgr-francois-gourdon-prend-possession-de-la-cathedrale-de-saint-die-des-vosges\/","twitter_card":"summary_large_image","twitter_title":"En images \u2013 Mgr Fran\u00e7ois Gourdon prend possession de la cath\u00e9drale de Saint-Di\u00e9-des-Vosges - Remiremont Info","twitter_description":"Mgr Didier Berthet s&rsquo;est \u00e9teint le 8 septembre 2023, des suites d&rsquo;une longue maladie. Dix-huit mois apr\u00e8s sa disparition, le [&hellip;]","twitter_image":"https:\/\/vosgesinfo.fr\/app\/uploads\/sites\/5\/2025\/03\/possession-cathedrale-sddv-mgr-francois-gourdon-15.jpg","twitter_creator":"@VosgesInfo88","twitter_site":"@VosgesInfo88","twitter_misc":{"\u00c9crit par":"J.J.","Dur\u00e9e de lecture estim\u00e9e":"2 minutes"},"schema":{"@context":"https:\/\/schema.org","@graph":[{"@type":"Article","@id":"https:\/\/vosgesinfo.fr\/remiremontinfo\/2025\/03\/en-images-mgr-francois-gourdon-prend-possession-de-la-cathedrale-de-saint-die-des-vosges\/#article","isPartOf":{"@id":"https:\/\/vosgesinfo.fr\/remiremontinfo\/2025\/03\/en-images-mgr-francois-gourdon-prend-possession-de-la-cathedrale-de-saint-die-des-vosges\/"},"author":{"name":"J.J.","@id":"https:\/\/vosgesinfo.fr\/remiremontinfo\/#\/schema\/person\/fa73e9f726d67bb88f46d5b7943cb572"},"headline":"En images \u2013 Mgr Fran\u00e7ois Gourdon prend possession de la cath\u00e9drale de Saint-Di\u00e9-des-Vosges","datePublished":"2025-03-26T11:35:35+00:00","dateModified":"2025-03-26T11:35:35+00:00","mainEntityOfPage":{"@id":"https:\/\/vosgesinfo.fr\/remiremontinfo\/2025\/03\/en-images-mgr-francois-gourdon-prend-possession-de-la-cathedrale-de-saint-die-des-vosges\/"},"wordCount":387,"commentCount":0,"publisher":{"@id":"https:\/\/vosgesinfo.fr\/remiremontinfo\/#organization"},"image":{"@id":"https:\/\/vosgesinfo.fr\/remiremontinfo\/2025\/03\/en-images-mgr-francois-gourdon-prend-possession-de-la-cathedrale-de-saint-die-des-vosges\/#primaryimage"},"thumbnailUrl":"https:\/\/vosgesinfo.fr\/app\/uploads\/sites\/5\/2025\/03\/possession-cathedrale-sddv-mgr-francois-gourdon-15.jpg","keywords":["Cath\u00e9drale de Saint-Di\u00e9-des-Vosges","Dioc\u00e8se de Saint Di\u00e9","Mgr Fran\u00e7ois Gourdon","Mgr Fran\u00e7ois Gourdon prend possession de la cath\u00e9drale de Saint-Di\u00e9-des-Vosges"],"articleSection":["A la Une","Epinal","G\u00e9rardmer","La plaine des vosges","Religion","Remiremont","Saint-Di\u00e9-des-Vosges","Vosges"],"inLanguage":"fr-FR","potentialAction":[{"@type":"CommentAction","name":"Comment","target":["https:\/\/vosgesinfo.fr\/remiremontinfo\/2025\/03\/en-images-mgr-francois-gourdon-prend-possession-de-la-cathedrale-de-saint-die-des-vosges\/#respond"]}]},{"@type":"WebPage","@id":"https:\/\/vosgesinfo.fr\/remiremontinfo\/2025\/03\/en-images-mgr-francois-gourdon-prend-possession-de-la-cathedrale-de-saint-die-des-vosges\/","url":"https:\/\/vosgesinfo.fr\/remiremontinfo\/2025\/03\/en-images-mgr-francois-gourdon-prend-possession-de-la-cathedrale-de-saint-die-des-vosges\/","name":"En images \u2013 Mgr Fran\u00e7ois Gourdon prend possession de la cath\u00e9drale de Saint-Di\u00e9-des-Vosges - Remiremont Info","isPartOf":{"@id":"https:\/\/vosgesinfo.fr\/remiremontinfo\/#website"},"primaryImageOfPage":{"@id":"https:\/\/vosgesinfo.fr\/remiremontinfo\/2025\/03\/en-images-mgr-francois-gourdon-prend-possession-de-la-cathedrale-de-saint-die-des-vosges\/#primaryimage"},"image":{"@id":"https:\/\/vosgesinfo.fr\/remiremontinfo\/2025\/03\/en-images-mgr-francois-gourdon-prend-possession-de-la-cathedrale-de-saint-die-des-vosges\/#primaryimage"},"thumbnailUrl":"https:\/\/vosgesinfo.fr\/app\/uploads\/sites\/5\/2025\/03\/possession-cathedrale-sddv-mgr-francois-gourdon-15.jpg","datePublished":"2025-03-26T11:35:35+00:00","dateModified":"2025-03-26T11:35:35+00:00","breadcrumb":{"@id":"https:\/\/vosgesinfo.fr\/remiremontinfo\/2025\/03\/en-images-mgr-francois-gourdon-prend-possession-de-la-cathedrale-de-saint-die-des-vosges\/#breadcrumb"},"inLanguage":"fr-FR","potentialAction":[{"@type":"ReadAction","target":["https:\/\/vosgesinfo.fr\/remiremontinfo\/2025\/03\/en-images-mgr-francois-gourdon-prend-possession-de-la-cathedrale-de-saint-die-des-vosges\/"]}]},{"@type":"ImageObject","inLanguage":"fr-FR","@id":"https:\/\/vosgesinfo.fr\/remiremontinfo\/2025\/03\/en-images-mgr-francois-gourdon-prend-possession-de-la-cathedrale-de-saint-die-des-vosges\/#primaryimage","url":"https:\/\/vosgesinfo.fr\/app\/uploads\/sites\/5\/2025\/03\/possession-cathedrale-sddv-mgr-francois-gourdon-15.jpg","contentUrl":"https:\/\/vosgesinfo.fr\/app\/uploads\/sites\/5\/2025\/03\/possession-cathedrale-sddv-mgr-francois-gourdon-15.jpg","width":2040,"height":1536},{"@type":"BreadcrumbList","@id":"https:\/\/vosgesinfo.fr\/remiremontinfo\/2025\/03\/en-images-mgr-francois-gourdon-prend-possession-de-la-cathedrale-de-saint-die-des-vosges\/#breadcrumb","itemListElement":[{"@type":"ListItem","position":1,"name":"Home","item":"https:\/\/vosgesinfo.fr\/remiremontinfo\/"},{"@type":"ListItem","position":2,"name":"En images \u2013 Mgr Fran\u00e7ois Gourdon prend possession de la cath\u00e9drale de Saint-Di\u00e9-des-Vosges"}]},{"@type":"WebSite","@id":"https:\/\/vosgesinfo.fr\/remiremontinfo\/#website","url":"https:\/\/vosgesinfo.fr\/remiremontinfo\/","name":"Remiremont Info","description":"Toute l&#039;actualit\u00e9 de Remiremont","publisher":{"@id":"https:\/\/vosgesinfo.fr\/remiremontinfo\/#organization"},"alternateName":"Toute l'actualit\u00e9 de Remiremont","potentialAction":[{"@type":"SearchAction","target":{"@type":"EntryPoint","urlTemplate":"https:\/\/vosgesinfo.fr\/remiremontinfo\/?s={search_term_string}"},"query-input":"required name=search_term_string"}],"inLanguage":"fr-FR"},{"@type":"Organization","@id":"https:\/\/vosgesinfo.fr\/remiremontinfo\/#organization","name":"Remiremont Info","url":"https:\/\/vosgesinfo.fr\/remiremontinfo\/","logo":{"@type":"ImageObject","inLanguage":"fr-FR","@id":"https:\/\/vosgesinfo.fr\/remiremontinfo\/#\/schema\/logo\/image\/","url":"https:\/\/vosgesinfo.fr\/app\/uploads\/sites\/5\/2023\/08\/favicon-remiremontinfo.png","contentUrl":"https:\/\/vosgesinfo.fr\/app\/uploads\/sites\/5\/2023\/08\/favicon-remiremontinfo.png","width":512,"height":512,"caption":"Remiremont Info"},"image":{"@id":"https:\/\/vosgesinfo.fr\/remiremontinfo\/#\/schema\/logo\/image\/"},"sameAs":["https:\/\/www.facebook.com\/remiremontinfo","https:\/\/x.com\/VosgesInfo88","https:\/\/www.youtube.com\/@vosgesinfo"]},{"@type":"Person","@id":"https:\/\/vosgesinfo.fr\/remiremontinfo\/#\/schema\/person\/fa73e9f726d67bb88f46d5b7943cb572","name":"J.J.","image":{"@type":"ImageObject","inLanguage":"fr-FR","@id":"https:\/\/vosgesinfo.fr\/remiremontinfo\/#\/schema\/person\/image\/","url":"https:\/\/secure.gravatar.com\/avatar\/219e749e47ffbcca018a360ae4add7d4cdf1cdaaf8bc7676b27efade3fe65615?s=96&d=mm&r=g","contentUrl":"https:\/\/secure.gravatar.com\/avatar\/219e749e47ffbcca018a360ae4add7d4cdf1cdaaf8bc7676b27efade3fe65615?s=96&d=mm&r=g","caption":"J.J."},"url":"https:\/\/vosgesinfo.fr\/remiremontinfo\/author\/j-j\/"}]}},"_links":{"self":[{"href":"https:\/\/vosgesinfo.fr\/remiremontinfo\/wp-json\/wp\/v2\/posts\/80029","targetHints":{"allow":["GET"]}}],"collection":[{"href":"https:\/\/vosgesinfo.fr\/remiremontinfo\/wp-json\/wp\/v2\/posts"}],"about":[{"href":"https:\/\/vosgesinfo.fr\/remiremontinfo\/wp-json\/wp\/v2\/types\/post"}],"author":[{"embeddable":true,"href":"https:\/\/vosgesinfo.fr\/remiremontinfo\/wp-json\/wp\/v2\/users\/46"}],"replies":[{"embeddable":true,"href":"https:\/\/vosgesinfo.fr\/remiremontinfo\/wp-json\/wp\/v2\/comments?post=80029"}],"version-history":[{"count":0,"href":"https:\/\/vosgesinfo.fr\/remiremontinfo\/wp-json\/wp\/v2\/posts\/80029\/revisions"}],"wp:featuredmedia":[{"embeddable":true,"href":"https:\/\/vosgesinfo.fr\/remiremontinfo\/wp-json\/wp\/v2\/media\/80030"}],"wp:attachment":[{"href":"https:\/\/vosgesinfo.fr\/remiremontinfo\/wp-json\/wp\/v2\/media?parent=80029"}],"wp:term":[{"taxonomy":"category","embeddable":true,"href":"https:\/\/vosgesinfo.fr\/remiremontinfo\/wp-json\/wp\/v2\/categories?post=80029"},{"taxonomy":"post_tag","embeddable":true,"href":"https:\/\/vosgesinfo.fr\/remiremontinfo\/wp-json\/wp\/v2\/tags?post=80029"}],"curies":[{"name":"wp","href":"https:\/\/api.w.org\/{rel}","templated":true}]}}