{"id":80227,"date":"2025-03-31T16:22:07","date_gmt":"2025-03-31T14:22:07","guid":{"rendered":"https:\/\/vosgesinfo.fr\/remiremontinfo\/?p=80227"},"modified":"2025-03-31T16:22:07","modified_gmt":"2025-03-31T14:22:07","slug":"deux-oeuvres-du-louvre-en-depot-au-musee-charles-de-bruyeres-de-remiremont","status":"publish","type":"post","link":"https:\/\/vosgesinfo.fr\/remiremontinfo\/2025\/03\/deux-oeuvres-du-louvre-en-depot-au-musee-charles-de-bruyeres-de-remiremont\/","title":{"rendered":"Deux \u0153uvres du Louvre en d\u00e9p\u00f4t au mus\u00e9e Charles de Bruy\u00e8res de Remiremont"},"content":{"rendered":"<div id=\"attachment_80228\" style=\"width: 2570px\" class=\"wp-caption aligncenter\"><a href=\"https:\/\/vosgesinfo.fr\/app\/uploads\/sites\/5\/2025\/03\/tableaux-louvre-musee-remiremont-1-scaled.jpg\"><img decoding=\"async\" aria-describedby=\"caption-attachment-80228\" class=\"size-full wp-image-80228\" src=\"https:\/\/vosgesinfo.fr\/app\/uploads\/sites\/5\/2025\/03\/tableaux-louvre-musee-remiremont-1-scaled.jpg\" alt=\"\" width=\"2560\" height=\"1920\" srcset=\"https:\/\/vosgesinfo.fr\/app\/uploads\/sites\/5\/2025\/03\/tableaux-louvre-musee-remiremont-1-scaled.jpg 2560w, https:\/\/vosgesinfo.fr\/app\/uploads\/sites\/5\/2025\/03\/tableaux-louvre-musee-remiremont-1-300x225.jpg 300w, https:\/\/vosgesinfo.fr\/app\/uploads\/sites\/5\/2025\/03\/tableaux-louvre-musee-remiremont-1-1024x768.jpg 1024w, https:\/\/vosgesinfo.fr\/app\/uploads\/sites\/5\/2025\/03\/tableaux-louvre-musee-remiremont-1-768x576.jpg 768w, https:\/\/vosgesinfo.fr\/app\/uploads\/sites\/5\/2025\/03\/tableaux-louvre-musee-remiremont-1-1536x1152.jpg 1536w, https:\/\/vosgesinfo.fr\/app\/uploads\/sites\/5\/2025\/03\/tableaux-louvre-musee-remiremont-1-2048x1536.jpg 2048w\" sizes=\"(max-width: 2560px) 100vw, 2560px\" \/><\/a><p id=\"caption-attachment-80228\" class=\"wp-caption-text\">\u00ab\u00a0Diane et Callisto\u00a0\u00bb<\/p><\/div>\n<p class=\"\" data-start=\"85\" data-end=\"535\"><strong>Le mus\u00e9e Charles de Bruy\u00e8res de Remiremont vient d\u2019enrichir temporairement sa collection avec l\u2019arriv\u00e9e de deux \u0153uvres issues des collections du Mus\u00e9e du Louvre. Il s\u2019agit de deux peintures sur bois, qui ont travers\u00e9 l\u2019histoire de mani\u00e8re mouvement\u00e9e, ayant \u00e9t\u00e9 spoli\u00e9es par les nazis pendant la Seconde Guerre mondiale. R\u00e9cup\u00e9r\u00e9es en 1952, elles ont ensuite \u00e9t\u00e9 expos\u00e9es au mus\u00e9e de Bar-le-Duc, en 1954 et 1960.<\/strong><\/p>\n<p class=\"\" data-start=\"537\" data-end=\"888\">Avec la fermeture temporaire du mus\u00e9e de Bar-le-Duc en raison de travaux de r\u00e9novation pr\u00e9vus pour plusieurs ann\u00e9es, Aur\u00e9lien Vacheret, conservateur des mus\u00e9es de Remiremont, a obtenu en pr\u00eat ces \u0153uvres. Le d\u00e9p\u00f4t est pr\u00e9vu pour une dur\u00e9e de deux ans, mais pourrait \u00eatre prolong\u00e9 jusqu&rsquo;\u00e0 la fin des travaux du mus\u00e9e de Bar-le-Duc.<\/p>\n<h3 class=\"\" data-start=\"890\" data-end=\"944\">Deux \u0153uvres majeures du XVIe et XVIIe si\u00e8cle<\/h3>\n<p class=\"\" data-start=\"946\" data-end=\"1067\">Les visiteurs du mus\u00e9e de Remiremont auront ainsi l\u2019occasion d\u2019admirer deux chefs-d\u2019\u0153uvre de la peinture flamande :<\/p>\n<ul data-start=\"1069\" data-end=\"2175\">\n<li class=\"\" data-start=\"1069\" data-end=\"1615\">\n<p class=\"\" data-start=\"1071\" data-end=\"1615\">\u00ab\u00a0Diane et Callisto\u00a0\u00bb d\u2019Hendrick De Clerck (fin du XVIe &#8211; d\u00e9but du XVIIe si\u00e8cle)<br data-start=\"1153\" data-end=\"1156\" \/>Cette peinture illustre un \u00e9pisode de la mythologie grecque.\u00a0Hendrick De Clerck, peintre \u00e0 la cour de l\u2019archiduc d\u2019Autriche, \u00e9tait reconnu pour son travail sur les personnages et collaborait souvent avec Jan Brueghel, ma\u00eetre des paysages. Ses \u0153uvres sont aujourd\u2019hui conserv\u00e9es dans des collections prestigieuses, comme le Louvre, Reims et Cambrai, ainsi qu\u2019\u00e0 l\u2019\u00e9tranger.<\/p>\n<\/li>\n<li class=\"\" data-start=\"1617\" data-end=\"2175\">\n<p class=\"\" data-start=\"1619\" data-end=\"2175\">\u00ab\u00a0Saint Antoine\u00a0\u00bb de David Teniers le Jeune (XVIIe si\u00e8cle)<br data-start=\"1679\" data-end=\"1682\" \/>Cette peinture religieuse repr\u00e9sente Saint Antoine en pri\u00e8re. David Teniers le Jeune (1610-1690) \u00e9tait un artiste aux multiples talents : graveur, peintre et dessinateur. Innovateur dans plusieurs genres, notamment la peinture de genre, il a \u00e9pous\u00e9 la fille de Jan Brueghel, renfor\u00e7ant ainsi les liens entre les grandes familles d\u2019artistes flamands. Il a \u00e9galement jou\u00e9 un r\u00f4le cl\u00e9 dans la gestion des collections de l\u2019archiduc d\u2019Autriche et fut anobli en 1663.<\/p>\n<\/li>\n<\/ul>\n<h3 class=\"\" data-start=\"2177\" data-end=\"2233\">Une opportunit\u00e9 unique pour les amateurs d\u2019art<\/h3>\n<p class=\"\" data-start=\"2235\" data-end=\"2581\">Avec ce pr\u00eat exceptionnel, le mus\u00e9e Charles de Bruy\u00e8res renforce son attractivit\u00e9 et permet aux visiteurs de d\u00e9couvrir des \u0153uvres prestigieuses, habituellement expos\u00e9es dans des institutions de renom. Une occasion rare d\u2019admirer ces peintures au c\u0153ur des Vosges, t\u00e9moignant de la richesse et de la diversit\u00e9 du patrimoine artistique europ\u00e9en.<\/p>\n<div id=\"attachment_80229\" style=\"width: 2570px\" class=\"wp-caption aligncenter\"><a href=\"https:\/\/vosgesinfo.fr\/app\/uploads\/sites\/5\/2025\/03\/tableaux-louvre-musee-remiremont-scaled.jpg\"><img decoding=\"async\" aria-describedby=\"caption-attachment-80229\" class=\"size-full wp-image-80229\" src=\"https:\/\/vosgesinfo.fr\/app\/uploads\/sites\/5\/2025\/03\/tableaux-louvre-musee-remiremont-scaled.jpg\" alt=\"\" width=\"2560\" height=\"1920\" srcset=\"https:\/\/vosgesinfo.fr\/app\/uploads\/sites\/5\/2025\/03\/tableaux-louvre-musee-remiremont-scaled.jpg 2560w, https:\/\/vosgesinfo.fr\/app\/uploads\/sites\/5\/2025\/03\/tableaux-louvre-musee-remiremont-300x225.jpg 300w, https:\/\/vosgesinfo.fr\/app\/uploads\/sites\/5\/2025\/03\/tableaux-louvre-musee-remiremont-1024x768.jpg 1024w, https:\/\/vosgesinfo.fr\/app\/uploads\/sites\/5\/2025\/03\/tableaux-louvre-musee-remiremont-768x576.jpg 768w, https:\/\/vosgesinfo.fr\/app\/uploads\/sites\/5\/2025\/03\/tableaux-louvre-musee-remiremont-1536x1152.jpg 1536w, https:\/\/vosgesinfo.fr\/app\/uploads\/sites\/5\/2025\/03\/tableaux-louvre-musee-remiremont-2048x1536.jpg 2048w\" sizes=\"(max-width: 2560px) 100vw, 2560px\" \/><\/a><p id=\"caption-attachment-80229\" class=\"wp-caption-text\">Saint Antoine par David Teniers le Jeune<\/p><\/div>\n","protected":false},"excerpt":{"rendered":"<p>Le mus\u00e9e Charles de Bruy\u00e8res de Remiremont vient d\u2019enrichir temporairement sa collection avec l\u2019arriv\u00e9e de deux \u0153uvres issues des collections [&hellip;]<\/p>\n","protected":false},"author":418,"featured_media":80228,"comment_status":"open","ping_status":"open","sticky":false,"template":"","format":"standard","meta":{"footnotes":""},"categories":[26,229,43,18],"tags":[7584,7583,839,7582,44],"class_list":["post-80227","post","type-post","status-publish","format-standard","has-post-thumbnail","hentry","category-a-la-une","category-art","category-remiremont-remiremont-son-canton","category-vosges","tag-david-teniers-le-jeune","tag-hendrick-de-clerck","tag-musee-charles-de-bruyeres","tag-musee-du-louvre","tag-remiremont"],"acf":[],"yoast_head":"<!-- This site is optimized with the Yoast SEO plugin v22.5 - https:\/\/yoast.com\/wordpress\/plugins\/seo\/ -->\n<title>Deux \u0153uvres du Louvre en d\u00e9p\u00f4t au mus\u00e9e Charles de Bruy\u00e8res de Remiremont - Remiremont Info<\/title>\n<meta name=\"robots\" content=\"index, follow, max-snippet:-1, max-image-preview:large, max-video-preview:-1\" \/>\n<link rel=\"canonical\" href=\"https:\/\/vosgesinfo.fr\/remiremontinfo\/?p=80227\" \/>\n<meta name=\"twitter:card\" content=\"summary_large_image\" \/>\n<meta name=\"twitter:title\" content=\"Deux \u0153uvres du Louvre en d\u00e9p\u00f4t au mus\u00e9e Charles de Bruy\u00e8res de Remiremont - Remiremont Info\" \/>\n<meta name=\"twitter:description\" content=\"Le mus\u00e9e Charles de Bruy\u00e8res de Remiremont vient d\u2019enrichir temporairement sa collection avec l\u2019arriv\u00e9e de deux \u0153uvres issues des collections [&hellip;]\" \/>\n<meta name=\"twitter:image\" content=\"https:\/\/vosgesinfo.fr\/app\/uploads\/sites\/5\/2025\/03\/tableaux-louvre-musee-remiremont-1-scaled.jpg\" \/>\n<meta name=\"twitter:creator\" content=\"@VosgesInfo88\" \/>\n<meta name=\"twitter:site\" content=\"@VosgesInfo88\" \/>\n<meta name=\"twitter:label1\" content=\"\u00c9crit par\" \/>\n\t<meta name=\"twitter:data1\" content=\"C.M\" \/>\n\t<meta name=\"twitter:label2\" content=\"Dur\u00e9e de lecture estim\u00e9e\" \/>\n\t<meta name=\"twitter:data2\" content=\"2 minutes\" \/>\n<script type=\"application\/ld+json\" class=\"yoast-schema-graph\">{\"@context\":\"https:\/\/schema.org\",\"@graph\":[{\"@type\":\"Article\",\"@id\":\"https:\/\/vosgesinfo.fr\/remiremontinfo\/?p=80227#article\",\"isPartOf\":{\"@id\":\"https:\/\/vosgesinfo.fr\/remiremontinfo\/?p=80227\"},\"author\":{\"name\":\"C.M\",\"@id\":\"https:\/\/vosgesinfo.fr\/remiremontinfo\/#\/schema\/person\/4f38cd3068e342935b7304695c797d08\"},\"headline\":\"Deux \u0153uvres du Louvre en d\u00e9p\u00f4t au mus\u00e9e Charles de Bruy\u00e8res de Remiremont\",\"datePublished\":\"2025-03-31T14:22:07+00:00\",\"dateModified\":\"2025-03-31T14:22:07+00:00\",\"mainEntityOfPage\":{\"@id\":\"https:\/\/vosgesinfo.fr\/remiremontinfo\/?p=80227\"},\"wordCount\":443,\"commentCount\":0,\"publisher\":{\"@id\":\"https:\/\/vosgesinfo.fr\/remiremontinfo\/#organization\"},\"image\":{\"@id\":\"https:\/\/vosgesinfo.fr\/remiremontinfo\/?p=80227#primaryimage\"},\"thumbnailUrl\":\"https:\/\/vosgesinfo.fr\/app\/uploads\/sites\/5\/2025\/03\/tableaux-louvre-musee-remiremont-1-scaled.jpg\",\"keywords\":[\"David Teniers le Jeune\",\"Hendrick De Clerck\",\"Mus\u00e9e Charles de Bruy\u00e8res\",\"Mus\u00e9e du Louvre\",\"remiremont\"],\"articleSection\":[\"A la Une\",\"Art\",\"Remiremont\",\"Vosges\"],\"inLanguage\":\"fr-FR\",\"potentialAction\":[{\"@type\":\"CommentAction\",\"name\":\"Comment\",\"target\":[\"https:\/\/vosgesinfo.fr\/remiremontinfo\/?p=80227#respond\"]}]},{\"@type\":\"WebPage\",\"@id\":\"https:\/\/vosgesinfo.fr\/remiremontinfo\/?p=80227\",\"url\":\"https:\/\/vosgesinfo.fr\/remiremontinfo\/?p=80227\",\"name\":\"Deux \u0153uvres du Louvre en d\u00e9p\u00f4t au mus\u00e9e Charles de Bruy\u00e8res de Remiremont - Remiremont Info\",\"isPartOf\":{\"@id\":\"https:\/\/vosgesinfo.fr\/remiremontinfo\/#website\"},\"primaryImageOfPage\":{\"@id\":\"https:\/\/vosgesinfo.fr\/remiremontinfo\/?p=80227#primaryimage\"},\"image\":{\"@id\":\"https:\/\/vosgesinfo.fr\/remiremontinfo\/?p=80227#primaryimage\"},\"thumbnailUrl\":\"https:\/\/vosgesinfo.fr\/app\/uploads\/sites\/5\/2025\/03\/tableaux-louvre-musee-remiremont-1-scaled.jpg\",\"datePublished\":\"2025-03-31T14:22:07+00:00\",\"dateModified\":\"2025-03-31T14:22:07+00:00\",\"breadcrumb\":{\"@id\":\"https:\/\/vosgesinfo.fr\/remiremontinfo\/?p=80227#breadcrumb\"},\"inLanguage\":\"fr-FR\",\"potentialAction\":[{\"@type\":\"ReadAction\",\"target\":[\"https:\/\/vosgesinfo.fr\/remiremontinfo\/?p=80227\"]}]},{\"@type\":\"ImageObject\",\"inLanguage\":\"fr-FR\",\"@id\":\"https:\/\/vosgesinfo.fr\/remiremontinfo\/?p=80227#primaryimage\",\"url\":\"https:\/\/vosgesinfo.fr\/app\/uploads\/sites\/5\/2025\/03\/tableaux-louvre-musee-remiremont-1-scaled.jpg\",\"contentUrl\":\"https:\/\/vosgesinfo.fr\/app\/uploads\/sites\/5\/2025\/03\/tableaux-louvre-musee-remiremont-1-scaled.jpg\",\"width\":2560,\"height\":1920,\"caption\":\"\\\"Diane et Callisto\\\"\"},{\"@type\":\"BreadcrumbList\",\"@id\":\"https:\/\/vosgesinfo.fr\/remiremontinfo\/?p=80227#breadcrumb\",\"itemListElement\":[{\"@type\":\"ListItem\",\"position\":1,\"name\":\"Home\",\"item\":\"https:\/\/vosgesinfo.fr\/remiremontinfo\/\"},{\"@type\":\"ListItem\",\"position\":2,\"name\":\"Deux \u0153uvres du Louvre en d\u00e9p\u00f4t au mus\u00e9e Charles de Bruy\u00e8res de Remiremont\"}]},{\"@type\":\"WebSite\",\"@id\":\"https:\/\/vosgesinfo.fr\/remiremontinfo\/#website\",\"url\":\"https:\/\/vosgesinfo.fr\/remiremontinfo\/\",\"name\":\"Remiremont Info\",\"description\":\"Toute l&#039;actualit\u00e9 de Remiremont\",\"publisher\":{\"@id\":\"https:\/\/vosgesinfo.fr\/remiremontinfo\/#organization\"},\"alternateName\":\"Toute l'actualit\u00e9 de Remiremont\",\"potentialAction\":[{\"@type\":\"SearchAction\",\"target\":{\"@type\":\"EntryPoint\",\"urlTemplate\":\"https:\/\/vosgesinfo.fr\/remiremontinfo\/?s={search_term_string}\"},\"query-input\":\"required name=search_term_string\"}],\"inLanguage\":\"fr-FR\"},{\"@type\":\"Organization\",\"@id\":\"https:\/\/vosgesinfo.fr\/remiremontinfo\/#organization\",\"name\":\"Remiremont Info\",\"url\":\"https:\/\/vosgesinfo.fr\/remiremontinfo\/\",\"logo\":{\"@type\":\"ImageObject\",\"inLanguage\":\"fr-FR\",\"@id\":\"https:\/\/vosgesinfo.fr\/remiremontinfo\/#\/schema\/logo\/image\/\",\"url\":\"https:\/\/vosgesinfo.fr\/app\/uploads\/sites\/5\/2023\/08\/favicon-remiremontinfo.png\",\"contentUrl\":\"https:\/\/vosgesinfo.fr\/app\/uploads\/sites\/5\/2023\/08\/favicon-remiremontinfo.png\",\"width\":512,\"height\":512,\"caption\":\"Remiremont Info\"},\"image\":{\"@id\":\"https:\/\/vosgesinfo.fr\/remiremontinfo\/#\/schema\/logo\/image\/\"},\"sameAs\":[\"https:\/\/www.facebook.com\/remiremontinfo\",\"https:\/\/x.com\/VosgesInfo88\",\"https:\/\/www.youtube.com\/@vosgesinfo\"]},{\"@type\":\"Person\",\"@id\":\"https:\/\/vosgesinfo.fr\/remiremontinfo\/#\/schema\/person\/4f38cd3068e342935b7304695c797d08\",\"name\":\"C.M\",\"image\":{\"@type\":\"ImageObject\",\"inLanguage\":\"fr-FR\",\"@id\":\"https:\/\/vosgesinfo.fr\/remiremontinfo\/#\/schema\/person\/image\/\",\"url\":\"https:\/\/secure.gravatar.com\/avatar\/fe9daaef0164d920717484172682f3c5c9bcf7d42aa8c7048c76c34f0eb6c8da?s=96&d=mm&r=g\",\"contentUrl\":\"https:\/\/secure.gravatar.com\/avatar\/fe9daaef0164d920717484172682f3c5c9bcf7d42aa8c7048c76c34f0eb6c8da?s=96&d=mm&r=g\",\"caption\":\"C.M\"},\"url\":\"https:\/\/vosgesinfo.fr\/remiremontinfo\/author\/cm88200\/\"}]}<\/script>\n<!-- \/ Yoast SEO plugin. -->","yoast_head_json":{"title":"Deux \u0153uvres du Louvre en d\u00e9p\u00f4t au mus\u00e9e Charles de Bruy\u00e8res de Remiremont - Remiremont Info","robots":{"index":"index","follow":"follow","max-snippet":"max-snippet:-1","max-image-preview":"max-image-preview:large","max-video-preview":"max-video-preview:-1"},"canonical":"https:\/\/vosgesinfo.fr\/remiremontinfo\/?p=80227","twitter_card":"summary_large_image","twitter_title":"Deux \u0153uvres du Louvre en d\u00e9p\u00f4t au mus\u00e9e Charles de Bruy\u00e8res de Remiremont - Remiremont Info","twitter_description":"Le mus\u00e9e Charles de Bruy\u00e8res de Remiremont vient d\u2019enrichir temporairement sa collection avec l\u2019arriv\u00e9e de deux \u0153uvres issues des collections [&hellip;]","twitter_image":"https:\/\/vosgesinfo.fr\/app\/uploads\/sites\/5\/2025\/03\/tableaux-louvre-musee-remiremont-1-scaled.jpg","twitter_creator":"@VosgesInfo88","twitter_site":"@VosgesInfo88","twitter_misc":{"\u00c9crit par":"C.M","Dur\u00e9e de lecture estim\u00e9e":"2 minutes"},"schema":{"@context":"https:\/\/schema.org","@graph":[{"@type":"Article","@id":"https:\/\/vosgesinfo.fr\/remiremontinfo\/?p=80227#article","isPartOf":{"@id":"https:\/\/vosgesinfo.fr\/remiremontinfo\/?p=80227"},"author":{"name":"C.M","@id":"https:\/\/vosgesinfo.fr\/remiremontinfo\/#\/schema\/person\/4f38cd3068e342935b7304695c797d08"},"headline":"Deux \u0153uvres du Louvre en d\u00e9p\u00f4t au mus\u00e9e Charles de Bruy\u00e8res de Remiremont","datePublished":"2025-03-31T14:22:07+00:00","dateModified":"2025-03-31T14:22:07+00:00","mainEntityOfPage":{"@id":"https:\/\/vosgesinfo.fr\/remiremontinfo\/?p=80227"},"wordCount":443,"commentCount":0,"publisher":{"@id":"https:\/\/vosgesinfo.fr\/remiremontinfo\/#organization"},"image":{"@id":"https:\/\/vosgesinfo.fr\/remiremontinfo\/?p=80227#primaryimage"},"thumbnailUrl":"https:\/\/vosgesinfo.fr\/app\/uploads\/sites\/5\/2025\/03\/tableaux-louvre-musee-remiremont-1-scaled.jpg","keywords":["David Teniers le Jeune","Hendrick De Clerck","Mus\u00e9e Charles de Bruy\u00e8res","Mus\u00e9e du Louvre","remiremont"],"articleSection":["A la Une","Art","Remiremont","Vosges"],"inLanguage":"fr-FR","potentialAction":[{"@type":"CommentAction","name":"Comment","target":["https:\/\/vosgesinfo.fr\/remiremontinfo\/?p=80227#respond"]}]},{"@type":"WebPage","@id":"https:\/\/vosgesinfo.fr\/remiremontinfo\/?p=80227","url":"https:\/\/vosgesinfo.fr\/remiremontinfo\/?p=80227","name":"Deux \u0153uvres du Louvre en d\u00e9p\u00f4t au mus\u00e9e Charles de Bruy\u00e8res de Remiremont - Remiremont Info","isPartOf":{"@id":"https:\/\/vosgesinfo.fr\/remiremontinfo\/#website"},"primaryImageOfPage":{"@id":"https:\/\/vosgesinfo.fr\/remiremontinfo\/?p=80227#primaryimage"},"image":{"@id":"https:\/\/vosgesinfo.fr\/remiremontinfo\/?p=80227#primaryimage"},"thumbnailUrl":"https:\/\/vosgesinfo.fr\/app\/uploads\/sites\/5\/2025\/03\/tableaux-louvre-musee-remiremont-1-scaled.jpg","datePublished":"2025-03-31T14:22:07+00:00","dateModified":"2025-03-31T14:22:07+00:00","breadcrumb":{"@id":"https:\/\/vosgesinfo.fr\/remiremontinfo\/?p=80227#breadcrumb"},"inLanguage":"fr-FR","potentialAction":[{"@type":"ReadAction","target":["https:\/\/vosgesinfo.fr\/remiremontinfo\/?p=80227"]}]},{"@type":"ImageObject","inLanguage":"fr-FR","@id":"https:\/\/vosgesinfo.fr\/remiremontinfo\/?p=80227#primaryimage","url":"https:\/\/vosgesinfo.fr\/app\/uploads\/sites\/5\/2025\/03\/tableaux-louvre-musee-remiremont-1-scaled.jpg","contentUrl":"https:\/\/vosgesinfo.fr\/app\/uploads\/sites\/5\/2025\/03\/tableaux-louvre-musee-remiremont-1-scaled.jpg","width":2560,"height":1920,"caption":"\"Diane et Callisto\""},{"@type":"BreadcrumbList","@id":"https:\/\/vosgesinfo.fr\/remiremontinfo\/?p=80227#breadcrumb","itemListElement":[{"@type":"ListItem","position":1,"name":"Home","item":"https:\/\/vosgesinfo.fr\/remiremontinfo\/"},{"@type":"ListItem","position":2,"name":"Deux \u0153uvres du Louvre en d\u00e9p\u00f4t au mus\u00e9e Charles de Bruy\u00e8res de Remiremont"}]},{"@type":"WebSite","@id":"https:\/\/vosgesinfo.fr\/remiremontinfo\/#website","url":"https:\/\/vosgesinfo.fr\/remiremontinfo\/","name":"Remiremont Info","description":"Toute l&#039;actualit\u00e9 de Remiremont","publisher":{"@id":"https:\/\/vosgesinfo.fr\/remiremontinfo\/#organization"},"alternateName":"Toute l'actualit\u00e9 de Remiremont","potentialAction":[{"@type":"SearchAction","target":{"@type":"EntryPoint","urlTemplate":"https:\/\/vosgesinfo.fr\/remiremontinfo\/?s={search_term_string}"},"query-input":"required name=search_term_string"}],"inLanguage":"fr-FR"},{"@type":"Organization","@id":"https:\/\/vosgesinfo.fr\/remiremontinfo\/#organization","name":"Remiremont Info","url":"https:\/\/vosgesinfo.fr\/remiremontinfo\/","logo":{"@type":"ImageObject","inLanguage":"fr-FR","@id":"https:\/\/vosgesinfo.fr\/remiremontinfo\/#\/schema\/logo\/image\/","url":"https:\/\/vosgesinfo.fr\/app\/uploads\/sites\/5\/2023\/08\/favicon-remiremontinfo.png","contentUrl":"https:\/\/vosgesinfo.fr\/app\/uploads\/sites\/5\/2023\/08\/favicon-remiremontinfo.png","width":512,"height":512,"caption":"Remiremont Info"},"image":{"@id":"https:\/\/vosgesinfo.fr\/remiremontinfo\/#\/schema\/logo\/image\/"},"sameAs":["https:\/\/www.facebook.com\/remiremontinfo","https:\/\/x.com\/VosgesInfo88","https:\/\/www.youtube.com\/@vosgesinfo"]},{"@type":"Person","@id":"https:\/\/vosgesinfo.fr\/remiremontinfo\/#\/schema\/person\/4f38cd3068e342935b7304695c797d08","name":"C.M","image":{"@type":"ImageObject","inLanguage":"fr-FR","@id":"https:\/\/vosgesinfo.fr\/remiremontinfo\/#\/schema\/person\/image\/","url":"https:\/\/secure.gravatar.com\/avatar\/fe9daaef0164d920717484172682f3c5c9bcf7d42aa8c7048c76c34f0eb6c8da?s=96&d=mm&r=g","contentUrl":"https:\/\/secure.gravatar.com\/avatar\/fe9daaef0164d920717484172682f3c5c9bcf7d42aa8c7048c76c34f0eb6c8da?s=96&d=mm&r=g","caption":"C.M"},"url":"https:\/\/vosgesinfo.fr\/remiremontinfo\/author\/cm88200\/"}]}},"_links":{"self":[{"href":"https:\/\/vosgesinfo.fr\/remiremontinfo\/wp-json\/wp\/v2\/posts\/80227","targetHints":{"allow":["GET"]}}],"collection":[{"href":"https:\/\/vosgesinfo.fr\/remiremontinfo\/wp-json\/wp\/v2\/posts"}],"about":[{"href":"https:\/\/vosgesinfo.fr\/remiremontinfo\/wp-json\/wp\/v2\/types\/post"}],"author":[{"embeddable":true,"href":"https:\/\/vosgesinfo.fr\/remiremontinfo\/wp-json\/wp\/v2\/users\/418"}],"replies":[{"embeddable":true,"href":"https:\/\/vosgesinfo.fr\/remiremontinfo\/wp-json\/wp\/v2\/comments?post=80227"}],"version-history":[{"count":1,"href":"https:\/\/vosgesinfo.fr\/remiremontinfo\/wp-json\/wp\/v2\/posts\/80227\/revisions"}],"predecessor-version":[{"id":80231,"href":"https:\/\/vosgesinfo.fr\/remiremontinfo\/wp-json\/wp\/v2\/posts\/80227\/revisions\/80231"}],"wp:featuredmedia":[{"embeddable":true,"href":"https:\/\/vosgesinfo.fr\/remiremontinfo\/wp-json\/wp\/v2\/media\/80228"}],"wp:attachment":[{"href":"https:\/\/vosgesinfo.fr\/remiremontinfo\/wp-json\/wp\/v2\/media?parent=80227"}],"wp:term":[{"taxonomy":"category","embeddable":true,"href":"https:\/\/vosgesinfo.fr\/remiremontinfo\/wp-json\/wp\/v2\/categories?post=80227"},{"taxonomy":"post_tag","embeddable":true,"href":"https:\/\/vosgesinfo.fr\/remiremontinfo\/wp-json\/wp\/v2\/tags?post=80227"}],"curies":[{"name":"wp","href":"https:\/\/api.w.org\/{rel}","templated":true}]}}