{"id":80232,"date":"2025-03-31T17:24:09","date_gmt":"2025-03-31T15:24:09","guid":{"rendered":"https:\/\/vosgesinfo.fr\/remiremontinfo\/?p=80232"},"modified":"2025-03-31T16:27:04","modified_gmt":"2025-03-31T14:27:04","slug":"spectacle-une-fois-parents-le-mercredi-9-avril-a-vagney","status":"publish","type":"post","link":"https:\/\/vosgesinfo.fr\/remiremontinfo\/2025\/03\/spectacle-une-fois-parents-le-mercredi-9-avril-a-vagney\/","title":{"rendered":"Spectacle : \u00ab\u00a0une fois parents\u00a0\u00bb le mercredi 9 avril \u00e0 Vagney"},"content":{"rendered":"<p><strong>La Cabane des Sotr\u00e9s pr\u00e9sente le spectacle: \u00ab\u00a0une fois parents\u00a0\u00bb le mercredi 9 avril \u00e0 19h \u00e0 la salle St Hubert de Vagney, de et par la Cie Avel. (Compagnie les Aveugles et l&rsquo;\u00e9l\u00e9phant)<\/strong><br \/>\nR\u00e9servation sur Hello Asso:\u00a0<a href=\"https:\/\/www.helloasso.com\/associations\/la-cabane-des-sotres\/evenements\/spectacle-une-fois-parents?fbclid=IwZXh0bgNhZW0CMTAAAR2aO9yt1fQ2IWEhRkrAFAW46Q6rMzjNqnEA3wTzHFRBmL23mhk0GsuiydQ_aem_8vBD6BhV7FTktnWT9Ab2pQ\" target=\"_blank\" rel=\"noopener noreferrer\">https:\/\/www.helloasso.com\/&#8230;\/spectacle-une-fois-parents<\/a>\u00a0ou billetterie sur place.<br \/>\n5 euros la place. (attention places limit\u00e9es!)<br \/>\nLe spectacle sera suivi d&rsquo;un \u00e9change avec le public et d&rsquo;un ap\u00e9ro dinatoire.<\/p>\n<p><a href=\"https:\/\/vosgesinfo.fr\/app\/uploads\/sites\/5\/2025\/03\/affiche-une-fois-parents.jpg\"><img decoding=\"async\" class=\"aligncenter size-full wp-image-80233\" src=\"https:\/\/vosgesinfo.fr\/app\/uploads\/sites\/5\/2025\/03\/affiche-une-fois-parents.jpg\" alt=\"\" width=\"656\" height=\"928\" srcset=\"https:\/\/vosgesinfo.fr\/app\/uploads\/sites\/5\/2025\/03\/affiche-une-fois-parents.jpg 656w, https:\/\/vosgesinfo.fr\/app\/uploads\/sites\/5\/2025\/03\/affiche-une-fois-parents-212x300.jpg 212w\" sizes=\"(max-width: 656px) 100vw, 656px\" \/><\/a><\/p>\n","protected":false},"excerpt":{"rendered":"<p>La Cabane des Sotr\u00e9s pr\u00e9sente le spectacle: \u00ab\u00a0une fois parents\u00a0\u00bb le mercredi 9 avril \u00e0 19h \u00e0 la salle St [&hellip;]<\/p>\n","protected":false},"author":391,"featured_media":80233,"comment_status":"open","ping_status":"open","sticky":false,"template":"","format":"standard","meta":{"footnotes":""},"categories":[26,594,36],"tags":[7585,3242,160],"class_list":["post-80232","post","type-post","status-publish","format-standard","has-post-thumbnail","hentry","category-a-la-une","category-agenda","category-vagney","tag-compagnie-les-aveugles-et-lelephant","tag-la-cabane-des-sotres","tag-vagney"],"acf":[],"yoast_head":"<!-- This site is optimized with the Yoast SEO plugin v22.5 - https:\/\/yoast.com\/wordpress\/plugins\/seo\/ -->\n<title>Spectacle : &quot;une fois parents&quot; le mercredi 9 avril \u00e0 Vagney - Remiremont Info<\/title>\n<meta name=\"robots\" content=\"index, follow, max-snippet:-1, max-image-preview:large, max-video-preview:-1\" \/>\n<link rel=\"canonical\" href=\"https:\/\/vosgesinfo.fr\/remiremontinfo\/2025\/03\/spectacle-une-fois-parents-le-mercredi-9-avril-a-vagney\/\" \/>\n<meta name=\"twitter:card\" content=\"summary_large_image\" \/>\n<meta name=\"twitter:title\" content=\"Spectacle : &quot;une fois parents&quot; le mercredi 9 avril \u00e0 Vagney - Remiremont Info\" \/>\n<meta name=\"twitter:description\" content=\"La Cabane des Sotr\u00e9s pr\u00e9sente le spectacle: \u00ab\u00a0une fois parents\u00a0\u00bb le mercredi 9 avril \u00e0 19h \u00e0 la salle St [&hellip;]\" \/>\n<meta name=\"twitter:image\" content=\"https:\/\/vosgesinfo.fr\/app\/uploads\/sites\/5\/2025\/03\/affiche-une-fois-parents.jpg\" \/>\n<meta name=\"twitter:creator\" content=\"@VosgesInfo88\" \/>\n<meta name=\"twitter:site\" content=\"@VosgesInfo88\" \/>\n<meta name=\"twitter:label1\" content=\"\u00c9crit par\" \/>\n\t<meta name=\"twitter:data1\" content=\"La redaction\" \/>\n\t<meta name=\"twitter:label2\" content=\"Dur\u00e9e de lecture estim\u00e9e\" \/>\n\t<meta name=\"twitter:data2\" content=\"1 minute\" \/>\n<script type=\"application\/ld+json\" class=\"yoast-schema-graph\">{\"@context\":\"https:\/\/schema.org\",\"@graph\":[{\"@type\":\"Article\",\"@id\":\"https:\/\/vosgesinfo.fr\/remiremontinfo\/2025\/03\/spectacle-une-fois-parents-le-mercredi-9-avril-a-vagney\/#article\",\"isPartOf\":{\"@id\":\"https:\/\/vosgesinfo.fr\/remiremontinfo\/2025\/03\/spectacle-une-fois-parents-le-mercredi-9-avril-a-vagney\/\"},\"author\":{\"name\":\"La redaction\",\"@id\":\"https:\/\/vosgesinfo.fr\/remiremontinfo\/#\/schema\/person\/27a3695b06db98895b354c0765cdfc31\"},\"headline\":\"Spectacle : \u00ab\u00a0une fois parents\u00a0\u00bb le mercredi 9 avril \u00e0 Vagney\",\"datePublished\":\"2025-03-31T15:24:09+00:00\",\"dateModified\":\"2025-03-31T14:27:04+00:00\",\"mainEntityOfPage\":{\"@id\":\"https:\/\/vosgesinfo.fr\/remiremontinfo\/2025\/03\/spectacle-une-fois-parents-le-mercredi-9-avril-a-vagney\/\"},\"wordCount\":80,\"commentCount\":0,\"publisher\":{\"@id\":\"https:\/\/vosgesinfo.fr\/remiremontinfo\/#organization\"},\"image\":{\"@id\":\"https:\/\/vosgesinfo.fr\/remiremontinfo\/2025\/03\/spectacle-une-fois-parents-le-mercredi-9-avril-a-vagney\/#primaryimage\"},\"thumbnailUrl\":\"https:\/\/vosgesinfo.fr\/app\/uploads\/sites\/5\/2025\/03\/affiche-une-fois-parents.jpg\",\"keywords\":[\"Compagnie Les aveugles et l'\u00e9l\u00e9phant\",\"La cabane des sotr\u00e9s\",\"vagney\"],\"articleSection\":[\"A la Une\",\"Agenda\",\"Vagney\"],\"inLanguage\":\"fr-FR\",\"potentialAction\":[{\"@type\":\"CommentAction\",\"name\":\"Comment\",\"target\":[\"https:\/\/vosgesinfo.fr\/remiremontinfo\/2025\/03\/spectacle-une-fois-parents-le-mercredi-9-avril-a-vagney\/#respond\"]}]},{\"@type\":\"WebPage\",\"@id\":\"https:\/\/vosgesinfo.fr\/remiremontinfo\/2025\/03\/spectacle-une-fois-parents-le-mercredi-9-avril-a-vagney\/\",\"url\":\"https:\/\/vosgesinfo.fr\/remiremontinfo\/2025\/03\/spectacle-une-fois-parents-le-mercredi-9-avril-a-vagney\/\",\"name\":\"Spectacle : \\\"une fois parents\\\" le mercredi 9 avril \u00e0 Vagney - Remiremont Info\",\"isPartOf\":{\"@id\":\"https:\/\/vosgesinfo.fr\/remiremontinfo\/#website\"},\"primaryImageOfPage\":{\"@id\":\"https:\/\/vosgesinfo.fr\/remiremontinfo\/2025\/03\/spectacle-une-fois-parents-le-mercredi-9-avril-a-vagney\/#primaryimage\"},\"image\":{\"@id\":\"https:\/\/vosgesinfo.fr\/remiremontinfo\/2025\/03\/spectacle-une-fois-parents-le-mercredi-9-avril-a-vagney\/#primaryimage\"},\"thumbnailUrl\":\"https:\/\/vosgesinfo.fr\/app\/uploads\/sites\/5\/2025\/03\/affiche-une-fois-parents.jpg\",\"datePublished\":\"2025-03-31T15:24:09+00:00\",\"dateModified\":\"2025-03-31T14:27:04+00:00\",\"breadcrumb\":{\"@id\":\"https:\/\/vosgesinfo.fr\/remiremontinfo\/2025\/03\/spectacle-une-fois-parents-le-mercredi-9-avril-a-vagney\/#breadcrumb\"},\"inLanguage\":\"fr-FR\",\"potentialAction\":[{\"@type\":\"ReadAction\",\"target\":[\"https:\/\/vosgesinfo.fr\/remiremontinfo\/2025\/03\/spectacle-une-fois-parents-le-mercredi-9-avril-a-vagney\/\"]}]},{\"@type\":\"ImageObject\",\"inLanguage\":\"fr-FR\",\"@id\":\"https:\/\/vosgesinfo.fr\/remiremontinfo\/2025\/03\/spectacle-une-fois-parents-le-mercredi-9-avril-a-vagney\/#primaryimage\",\"url\":\"https:\/\/vosgesinfo.fr\/app\/uploads\/sites\/5\/2025\/03\/affiche-une-fois-parents.jpg\",\"contentUrl\":\"https:\/\/vosgesinfo.fr\/app\/uploads\/sites\/5\/2025\/03\/affiche-une-fois-parents.jpg\",\"width\":656,\"height\":928},{\"@type\":\"BreadcrumbList\",\"@id\":\"https:\/\/vosgesinfo.fr\/remiremontinfo\/2025\/03\/spectacle-une-fois-parents-le-mercredi-9-avril-a-vagney\/#breadcrumb\",\"itemListElement\":[{\"@type\":\"ListItem\",\"position\":1,\"name\":\"Home\",\"item\":\"https:\/\/vosgesinfo.fr\/remiremontinfo\/\"},{\"@type\":\"ListItem\",\"position\":2,\"name\":\"Spectacle : \u00ab\u00a0une fois parents\u00a0\u00bb le mercredi 9 avril \u00e0 Vagney\"}]},{\"@type\":\"WebSite\",\"@id\":\"https:\/\/vosgesinfo.fr\/remiremontinfo\/#website\",\"url\":\"https:\/\/vosgesinfo.fr\/remiremontinfo\/\",\"name\":\"Remiremont Info\",\"description\":\"Toute l&#039;actualit\u00e9 de Remiremont\",\"publisher\":{\"@id\":\"https:\/\/vosgesinfo.fr\/remiremontinfo\/#organization\"},\"alternateName\":\"Toute l'actualit\u00e9 de Remiremont\",\"potentialAction\":[{\"@type\":\"SearchAction\",\"target\":{\"@type\":\"EntryPoint\",\"urlTemplate\":\"https:\/\/vosgesinfo.fr\/remiremontinfo\/?s={search_term_string}\"},\"query-input\":\"required name=search_term_string\"}],\"inLanguage\":\"fr-FR\"},{\"@type\":\"Organization\",\"@id\":\"https:\/\/vosgesinfo.fr\/remiremontinfo\/#organization\",\"name\":\"Remiremont Info\",\"url\":\"https:\/\/vosgesinfo.fr\/remiremontinfo\/\",\"logo\":{\"@type\":\"ImageObject\",\"inLanguage\":\"fr-FR\",\"@id\":\"https:\/\/vosgesinfo.fr\/remiremontinfo\/#\/schema\/logo\/image\/\",\"url\":\"https:\/\/vosgesinfo.fr\/app\/uploads\/sites\/5\/2023\/08\/favicon-remiremontinfo.png\",\"contentUrl\":\"https:\/\/vosgesinfo.fr\/app\/uploads\/sites\/5\/2023\/08\/favicon-remiremontinfo.png\",\"width\":512,\"height\":512,\"caption\":\"Remiremont Info\"},\"image\":{\"@id\":\"https:\/\/vosgesinfo.fr\/remiremontinfo\/#\/schema\/logo\/image\/\"},\"sameAs\":[\"https:\/\/www.facebook.com\/remiremontinfo\",\"https:\/\/x.com\/VosgesInfo88\",\"https:\/\/www.youtube.com\/@vosgesinfo\"]},{\"@type\":\"Person\",\"@id\":\"https:\/\/vosgesinfo.fr\/remiremontinfo\/#\/schema\/person\/27a3695b06db98895b354c0765cdfc31\",\"name\":\"La redaction\",\"image\":{\"@type\":\"ImageObject\",\"inLanguage\":\"fr-FR\",\"@id\":\"https:\/\/vosgesinfo.fr\/remiremontinfo\/#\/schema\/person\/image\/\",\"url\":\"https:\/\/secure.gravatar.com\/avatar\/64c76a78e501cedee55736f43f332df901e1896ae9cd8fad269ae2236dd0e8b6?s=96&d=mm&r=g\",\"contentUrl\":\"https:\/\/secure.gravatar.com\/avatar\/64c76a78e501cedee55736f43f332df901e1896ae9cd8fad269ae2236dd0e8b6?s=96&d=mm&r=g\",\"caption\":\"La redaction\"},\"url\":\"https:\/\/vosgesinfo.fr\/remiremontinfo\/author\/la-redaction\/\"}]}<\/script>\n<!-- \/ Yoast SEO plugin. -->","yoast_head_json":{"title":"Spectacle : \"une fois parents\" le mercredi 9 avril \u00e0 Vagney - Remiremont Info","robots":{"index":"index","follow":"follow","max-snippet":"max-snippet:-1","max-image-preview":"max-image-preview:large","max-video-preview":"max-video-preview:-1"},"canonical":"https:\/\/vosgesinfo.fr\/remiremontinfo\/2025\/03\/spectacle-une-fois-parents-le-mercredi-9-avril-a-vagney\/","twitter_card":"summary_large_image","twitter_title":"Spectacle : \"une fois parents\" le mercredi 9 avril \u00e0 Vagney - Remiremont Info","twitter_description":"La Cabane des Sotr\u00e9s pr\u00e9sente le spectacle: \u00ab\u00a0une fois parents\u00a0\u00bb le mercredi 9 avril \u00e0 19h \u00e0 la salle St [&hellip;]","twitter_image":"https:\/\/vosgesinfo.fr\/app\/uploads\/sites\/5\/2025\/03\/affiche-une-fois-parents.jpg","twitter_creator":"@VosgesInfo88","twitter_site":"@VosgesInfo88","twitter_misc":{"\u00c9crit par":"La redaction","Dur\u00e9e de lecture estim\u00e9e":"1 minute"},"schema":{"@context":"https:\/\/schema.org","@graph":[{"@type":"Article","@id":"https:\/\/vosgesinfo.fr\/remiremontinfo\/2025\/03\/spectacle-une-fois-parents-le-mercredi-9-avril-a-vagney\/#article","isPartOf":{"@id":"https:\/\/vosgesinfo.fr\/remiremontinfo\/2025\/03\/spectacle-une-fois-parents-le-mercredi-9-avril-a-vagney\/"},"author":{"name":"La redaction","@id":"https:\/\/vosgesinfo.fr\/remiremontinfo\/#\/schema\/person\/27a3695b06db98895b354c0765cdfc31"},"headline":"Spectacle : \u00ab\u00a0une fois parents\u00a0\u00bb le mercredi 9 avril \u00e0 Vagney","datePublished":"2025-03-31T15:24:09+00:00","dateModified":"2025-03-31T14:27:04+00:00","mainEntityOfPage":{"@id":"https:\/\/vosgesinfo.fr\/remiremontinfo\/2025\/03\/spectacle-une-fois-parents-le-mercredi-9-avril-a-vagney\/"},"wordCount":80,"commentCount":0,"publisher":{"@id":"https:\/\/vosgesinfo.fr\/remiremontinfo\/#organization"},"image":{"@id":"https:\/\/vosgesinfo.fr\/remiremontinfo\/2025\/03\/spectacle-une-fois-parents-le-mercredi-9-avril-a-vagney\/#primaryimage"},"thumbnailUrl":"https:\/\/vosgesinfo.fr\/app\/uploads\/sites\/5\/2025\/03\/affiche-une-fois-parents.jpg","keywords":["Compagnie Les aveugles et l'\u00e9l\u00e9phant","La cabane des sotr\u00e9s","vagney"],"articleSection":["A la Une","Agenda","Vagney"],"inLanguage":"fr-FR","potentialAction":[{"@type":"CommentAction","name":"Comment","target":["https:\/\/vosgesinfo.fr\/remiremontinfo\/2025\/03\/spectacle-une-fois-parents-le-mercredi-9-avril-a-vagney\/#respond"]}]},{"@type":"WebPage","@id":"https:\/\/vosgesinfo.fr\/remiremontinfo\/2025\/03\/spectacle-une-fois-parents-le-mercredi-9-avril-a-vagney\/","url":"https:\/\/vosgesinfo.fr\/remiremontinfo\/2025\/03\/spectacle-une-fois-parents-le-mercredi-9-avril-a-vagney\/","name":"Spectacle : \"une fois parents\" le mercredi 9 avril \u00e0 Vagney - Remiremont Info","isPartOf":{"@id":"https:\/\/vosgesinfo.fr\/remiremontinfo\/#website"},"primaryImageOfPage":{"@id":"https:\/\/vosgesinfo.fr\/remiremontinfo\/2025\/03\/spectacle-une-fois-parents-le-mercredi-9-avril-a-vagney\/#primaryimage"},"image":{"@id":"https:\/\/vosgesinfo.fr\/remiremontinfo\/2025\/03\/spectacle-une-fois-parents-le-mercredi-9-avril-a-vagney\/#primaryimage"},"thumbnailUrl":"https:\/\/vosgesinfo.fr\/app\/uploads\/sites\/5\/2025\/03\/affiche-une-fois-parents.jpg","datePublished":"2025-03-31T15:24:09+00:00","dateModified":"2025-03-31T14:27:04+00:00","breadcrumb":{"@id":"https:\/\/vosgesinfo.fr\/remiremontinfo\/2025\/03\/spectacle-une-fois-parents-le-mercredi-9-avril-a-vagney\/#breadcrumb"},"inLanguage":"fr-FR","potentialAction":[{"@type":"ReadAction","target":["https:\/\/vosgesinfo.fr\/remiremontinfo\/2025\/03\/spectacle-une-fois-parents-le-mercredi-9-avril-a-vagney\/"]}]},{"@type":"ImageObject","inLanguage":"fr-FR","@id":"https:\/\/vosgesinfo.fr\/remiremontinfo\/2025\/03\/spectacle-une-fois-parents-le-mercredi-9-avril-a-vagney\/#primaryimage","url":"https:\/\/vosgesinfo.fr\/app\/uploads\/sites\/5\/2025\/03\/affiche-une-fois-parents.jpg","contentUrl":"https:\/\/vosgesinfo.fr\/app\/uploads\/sites\/5\/2025\/03\/affiche-une-fois-parents.jpg","width":656,"height":928},{"@type":"BreadcrumbList","@id":"https:\/\/vosgesinfo.fr\/remiremontinfo\/2025\/03\/spectacle-une-fois-parents-le-mercredi-9-avril-a-vagney\/#breadcrumb","itemListElement":[{"@type":"ListItem","position":1,"name":"Home","item":"https:\/\/vosgesinfo.fr\/remiremontinfo\/"},{"@type":"ListItem","position":2,"name":"Spectacle : \u00ab\u00a0une fois parents\u00a0\u00bb le mercredi 9 avril \u00e0 Vagney"}]},{"@type":"WebSite","@id":"https:\/\/vosgesinfo.fr\/remiremontinfo\/#website","url":"https:\/\/vosgesinfo.fr\/remiremontinfo\/","name":"Remiremont Info","description":"Toute l&#039;actualit\u00e9 de Remiremont","publisher":{"@id":"https:\/\/vosgesinfo.fr\/remiremontinfo\/#organization"},"alternateName":"Toute l'actualit\u00e9 de Remiremont","potentialAction":[{"@type":"SearchAction","target":{"@type":"EntryPoint","urlTemplate":"https:\/\/vosgesinfo.fr\/remiremontinfo\/?s={search_term_string}"},"query-input":"required name=search_term_string"}],"inLanguage":"fr-FR"},{"@type":"Organization","@id":"https:\/\/vosgesinfo.fr\/remiremontinfo\/#organization","name":"Remiremont Info","url":"https:\/\/vosgesinfo.fr\/remiremontinfo\/","logo":{"@type":"ImageObject","inLanguage":"fr-FR","@id":"https:\/\/vosgesinfo.fr\/remiremontinfo\/#\/schema\/logo\/image\/","url":"https:\/\/vosgesinfo.fr\/app\/uploads\/sites\/5\/2023\/08\/favicon-remiremontinfo.png","contentUrl":"https:\/\/vosgesinfo.fr\/app\/uploads\/sites\/5\/2023\/08\/favicon-remiremontinfo.png","width":512,"height":512,"caption":"Remiremont Info"},"image":{"@id":"https:\/\/vosgesinfo.fr\/remiremontinfo\/#\/schema\/logo\/image\/"},"sameAs":["https:\/\/www.facebook.com\/remiremontinfo","https:\/\/x.com\/VosgesInfo88","https:\/\/www.youtube.com\/@vosgesinfo"]},{"@type":"Person","@id":"https:\/\/vosgesinfo.fr\/remiremontinfo\/#\/schema\/person\/27a3695b06db98895b354c0765cdfc31","name":"La redaction","image":{"@type":"ImageObject","inLanguage":"fr-FR","@id":"https:\/\/vosgesinfo.fr\/remiremontinfo\/#\/schema\/person\/image\/","url":"https:\/\/secure.gravatar.com\/avatar\/64c76a78e501cedee55736f43f332df901e1896ae9cd8fad269ae2236dd0e8b6?s=96&d=mm&r=g","contentUrl":"https:\/\/secure.gravatar.com\/avatar\/64c76a78e501cedee55736f43f332df901e1896ae9cd8fad269ae2236dd0e8b6?s=96&d=mm&r=g","caption":"La redaction"},"url":"https:\/\/vosgesinfo.fr\/remiremontinfo\/author\/la-redaction\/"}]}},"_links":{"self":[{"href":"https:\/\/vosgesinfo.fr\/remiremontinfo\/wp-json\/wp\/v2\/posts\/80232","targetHints":{"allow":["GET"]}}],"collection":[{"href":"https:\/\/vosgesinfo.fr\/remiremontinfo\/wp-json\/wp\/v2\/posts"}],"about":[{"href":"https:\/\/vosgesinfo.fr\/remiremontinfo\/wp-json\/wp\/v2\/types\/post"}],"author":[{"embeddable":true,"href":"https:\/\/vosgesinfo.fr\/remiremontinfo\/wp-json\/wp\/v2\/users\/391"}],"replies":[{"embeddable":true,"href":"https:\/\/vosgesinfo.fr\/remiremontinfo\/wp-json\/wp\/v2\/comments?post=80232"}],"version-history":[{"count":1,"href":"https:\/\/vosgesinfo.fr\/remiremontinfo\/wp-json\/wp\/v2\/posts\/80232\/revisions"}],"predecessor-version":[{"id":80235,"href":"https:\/\/vosgesinfo.fr\/remiremontinfo\/wp-json\/wp\/v2\/posts\/80232\/revisions\/80235"}],"wp:featuredmedia":[{"embeddable":true,"href":"https:\/\/vosgesinfo.fr\/remiremontinfo\/wp-json\/wp\/v2\/media\/80233"}],"wp:attachment":[{"href":"https:\/\/vosgesinfo.fr\/remiremontinfo\/wp-json\/wp\/v2\/media?parent=80232"}],"wp:term":[{"taxonomy":"category","embeddable":true,"href":"https:\/\/vosgesinfo.fr\/remiremontinfo\/wp-json\/wp\/v2\/categories?post=80232"},{"taxonomy":"post_tag","embeddable":true,"href":"https:\/\/vosgesinfo.fr\/remiremontinfo\/wp-json\/wp\/v2\/tags?post=80232"}],"curies":[{"name":"wp","href":"https:\/\/api.w.org\/{rel}","templated":true}]}}