{"id":80240,"date":"2025-03-31T17:00:21","date_gmt":"2025-03-31T15:00:21","guid":{"rendered":"https:\/\/vosgesinfo.fr\/remiremontinfo\/?p=80240"},"modified":"2025-03-31T16:37:59","modified_gmt":"2025-03-31T14:37:59","slug":"acrogym-un-palmares-eblouissant-lors-de-la-competition-regionale-du-grand-est","status":"publish","type":"post","link":"https:\/\/vosgesinfo.fr\/remiremontinfo\/2025\/03\/acrogym-un-palmares-eblouissant-lors-de-la-competition-regionale-du-grand-est\/","title":{"rendered":"Acro&rsquo;gym+ : un palmar\u00e8s \u00e9blouissant lors de la comp\u00e9tition r\u00e9gionale du Grand Est"},"content":{"rendered":"<div id=\"attachment_80242\" style=\"width: 1954px\" class=\"wp-caption aligncenter\"><a href=\"https:\/\/vosgesinfo.fr\/app\/uploads\/sites\/5\/2025\/03\/photochampionnatregionnal.jpg\"><img decoding=\"async\" aria-describedby=\"caption-attachment-80242\" class=\"size-full wp-image-80242\" src=\"https:\/\/vosgesinfo.fr\/app\/uploads\/sites\/5\/2025\/03\/photochampionnatregionnal.jpg\" alt=\"\" width=\"1944\" height=\"924\" srcset=\"https:\/\/vosgesinfo.fr\/app\/uploads\/sites\/5\/2025\/03\/photochampionnatregionnal.jpg 1944w, https:\/\/vosgesinfo.fr\/app\/uploads\/sites\/5\/2025\/03\/photochampionnatregionnal-300x143.jpg 300w, https:\/\/vosgesinfo.fr\/app\/uploads\/sites\/5\/2025\/03\/photochampionnatregionnal-1024x487.jpg 1024w, https:\/\/vosgesinfo.fr\/app\/uploads\/sites\/5\/2025\/03\/photochampionnatregionnal-768x365.jpg 768w, https:\/\/vosgesinfo.fr\/app\/uploads\/sites\/5\/2025\/03\/photochampionnatregionnal-1536x730.jpg 1536w\" sizes=\"(max-width: 1944px) 100vw, 1944px\" \/><\/a><p id=\"caption-attachment-80242\" class=\"wp-caption-text\">Photographie : Acro&rsquo;Gym +<\/p><\/div>\n<p class=\"\" data-start=\"68\" data-end=\"270\"><strong>Ce dimanche \u00e0 Mulhouse, Acro&rsquo;gym+ de Saint-\u00c9tienne-l\u00e8s-Remiremont a r\u00e9alis\u00e9 une performance remarquable lors des championnats r\u00e9gionaux du Grand Est, qualificatifs pour les championnats de France.<\/strong><\/p>\n<p class=\"\" data-start=\"272\" data-end=\"580\">En F\u00e9d\u00e9ral B (7-14 ans), le duo Charlotte Niemerich et Manon Maxant d\u00e9croche le titre de champion r\u00e9gional. En F\u00e9d\u00e9ral A (7-14 ans), Anna Bauer et Sol\u00e8ne Drouiche remportent \u00e9galement le titre, tandis que Gersande Berard et Myla Jacoberger terminent \u00e0 une belle quatri\u00e8me place.<\/p>\n<p class=\"\" data-start=\"582\" data-end=\"864\">Gr\u00e2ce \u00e0 ces r\u00e9sultats, les duos F\u00e9d\u00e9ral A sont qualifi\u00e9s pour les championnats de France \u00e0 Mulhouse (9-11 mai). De plus, Acro&rsquo;gym+ se classe 3e club GAC du Grand Est, obtenant ainsi sa qualification pour les championnats de France par \u00e9quipe aux Ponts-de-C\u00e9 (3-4 mai).<\/p>\n<p class=\"\" data-start=\"866\" data-end=\"1112\">Ces succ\u00e8s sont le fruit d\u2019un travail intense sous la direction de Francine Joly, coach d\u00e9vou\u00e9e, et du soutien essentiel de la mairie de Saint-\u00c9tienne-l\u00e8s-Remiremont. F\u00e9licitations aux gymnastes et rendez-vous aux championnats de France !<\/p>\n\n\t\t<style type=\"text\/css\">\n\t\t\t#gallery-1 {\n\t\t\t\tmargin: auto;\n\t\t\t}\n\t\t\t#gallery-1 .gallery-item {\n\t\t\t\tfloat: left;\n\t\t\t\tmargin-top: 10px;\n\t\t\t\ttext-align: center;\n\t\t\t\twidth: 50%;\n\t\t\t}\n\t\t\t#gallery-1 img {\n\t\t\t\tborder: 2px solid #cfcfcf;\n\t\t\t}\n\t\t\t#gallery-1 .gallery-caption {\n\t\t\t\tmargin-left: 0;\n\t\t\t}\n\t\t\t\/* see gallery_shortcode() in wp-includes\/media.php *\/\n\t\t<\/style>\n\t\t<div id='gallery-1' class='gallery galleryid-80240 gallery-columns-2 gallery-size-full'><dl class='gallery-item'>\n\t\t\t<dt class='gallery-icon portrait'>\n\t\t\t\t<a href='https:\/\/vosgesinfo.fr\/remiremontinfo\/2025\/03\/acrogym-un-palmares-eblouissant-lors-de-la-competition-regionale-du-grand-est\/duo-solene-et-anna\/'><img decoding=\"async\" width=\"1170\" height=\"1379\" src=\"https:\/\/vosgesinfo.fr\/app\/uploads\/sites\/5\/2025\/03\/duo-solene-et-anna.jpg\" class=\"attachment-full size-full\" alt=\"\" aria-describedby=\"gallery-1-80244\" srcset=\"https:\/\/vosgesinfo.fr\/app\/uploads\/sites\/5\/2025\/03\/duo-solene-et-anna.jpg 1170w, https:\/\/vosgesinfo.fr\/app\/uploads\/sites\/5\/2025\/03\/duo-solene-et-anna-255x300.jpg 255w, https:\/\/vosgesinfo.fr\/app\/uploads\/sites\/5\/2025\/03\/duo-solene-et-anna-869x1024.jpg 869w, https:\/\/vosgesinfo.fr\/app\/uploads\/sites\/5\/2025\/03\/duo-solene-et-anna-768x905.jpg 768w\" sizes=\"(max-width: 1170px) 100vw, 1170px\" \/><\/a>\n\t\t\t<\/dt>\n\t\t\t\t<dd class='wp-caption-text gallery-caption' id='gallery-1-80244'>\n\t\t\t\tPhotographie : Acro&rsquo;Gym +\n\t\t\t\t<\/dd><\/dl><dl class='gallery-item'>\n\t\t\t<dt class='gallery-icon portrait'>\n\t\t\t\t<a href='https:\/\/vosgesinfo.fr\/remiremontinfo\/2025\/03\/acrogym-un-palmares-eblouissant-lors-de-la-competition-regionale-du-grand-est\/photocoupeduochampionnatgrand-est\/'><img decoding=\"async\" width=\"1160\" height=\"2048\" src=\"https:\/\/vosgesinfo.fr\/app\/uploads\/sites\/5\/2025\/03\/photocoupeduochampionnatgrand-est.jpg\" class=\"attachment-full size-full\" alt=\"\" aria-describedby=\"gallery-1-80241\" srcset=\"https:\/\/vosgesinfo.fr\/app\/uploads\/sites\/5\/2025\/03\/photocoupeduochampionnatgrand-est.jpg 1160w, https:\/\/vosgesinfo.fr\/app\/uploads\/sites\/5\/2025\/03\/photocoupeduochampionnatgrand-est-170x300.jpg 170w, https:\/\/vosgesinfo.fr\/app\/uploads\/sites\/5\/2025\/03\/photocoupeduochampionnatgrand-est-580x1024.jpg 580w, https:\/\/vosgesinfo.fr\/app\/uploads\/sites\/5\/2025\/03\/photocoupeduochampionnatgrand-est-768x1356.jpg 768w, https:\/\/vosgesinfo.fr\/app\/uploads\/sites\/5\/2025\/03\/photocoupeduochampionnatgrand-est-870x1536.jpg 870w\" sizes=\"(max-width: 1160px) 100vw, 1160px\" \/><\/a>\n\t\t\t<\/dt>\n\t\t\t\t<dd class='wp-caption-text gallery-caption' id='gallery-1-80241'>\n\t\t\t\tPhotographie : Acro&rsquo;Gym +\n\t\t\t\t<\/dd><\/dl><br style=\"clear: both\" \/><dl class='gallery-item'>\n\t\t\t<dt class='gallery-icon landscape'>\n\t\t\t\t<a href='https:\/\/vosgesinfo.fr\/remiremontinfo\/2025\/03\/acrogym-un-palmares-eblouissant-lors-de-la-competition-regionale-du-grand-est\/duo-manon-et-charlotte\/'><img decoding=\"async\" width=\"1170\" height=\"1120\" src=\"https:\/\/vosgesinfo.fr\/app\/uploads\/sites\/5\/2025\/03\/duo-manon-et-charlotte.jpg\" class=\"attachment-full size-full\" alt=\"\" aria-describedby=\"gallery-1-80245\" srcset=\"https:\/\/vosgesinfo.fr\/app\/uploads\/sites\/5\/2025\/03\/duo-manon-et-charlotte.jpg 1170w, https:\/\/vosgesinfo.fr\/app\/uploads\/sites\/5\/2025\/03\/duo-manon-et-charlotte-300x287.jpg 300w, https:\/\/vosgesinfo.fr\/app\/uploads\/sites\/5\/2025\/03\/duo-manon-et-charlotte-1024x980.jpg 1024w, https:\/\/vosgesinfo.fr\/app\/uploads\/sites\/5\/2025\/03\/duo-manon-et-charlotte-768x735.jpg 768w\" sizes=\"(max-width: 1170px) 100vw, 1170px\" \/><\/a>\n\t\t\t<\/dt>\n\t\t\t\t<dd class='wp-caption-text gallery-caption' id='gallery-1-80245'>\n\t\t\t\tPhotographie : Acro&rsquo;Gym +\n\t\t\t\t<\/dd><\/dl><dl class='gallery-item'>\n\t\t\t<dt class='gallery-icon portrait'>\n\t\t\t\t<a href='https:\/\/vosgesinfo.fr\/remiremontinfo\/2025\/03\/acrogym-un-palmares-eblouissant-lors-de-la-competition-regionale-du-grand-est\/duogersande-myla\/'><img decoding=\"async\" width=\"1280\" height=\"1384\" src=\"https:\/\/vosgesinfo.fr\/app\/uploads\/sites\/5\/2025\/03\/duogersande-myla.jpg\" class=\"attachment-full size-full\" alt=\"\" aria-describedby=\"gallery-1-80243\" srcset=\"https:\/\/vosgesinfo.fr\/app\/uploads\/sites\/5\/2025\/03\/duogersande-myla.jpg 1280w, https:\/\/vosgesinfo.fr\/app\/uploads\/sites\/5\/2025\/03\/duogersande-myla-277x300.jpg 277w, https:\/\/vosgesinfo.fr\/app\/uploads\/sites\/5\/2025\/03\/duogersande-myla-947x1024.jpg 947w, https:\/\/vosgesinfo.fr\/app\/uploads\/sites\/5\/2025\/03\/duogersande-myla-768x830.jpg 768w\" sizes=\"(max-width: 1280px) 100vw, 1280px\" \/><\/a>\n\t\t\t<\/dt>\n\t\t\t\t<dd class='wp-caption-text gallery-caption' id='gallery-1-80243'>\n\t\t\t\tPhotographie : Acro&rsquo;Gym +\n\t\t\t\t<\/dd><\/dl><br style=\"clear: both\" \/>\n\t\t<\/div>\n\n","protected":false},"excerpt":{"rendered":"<p>Ce dimanche \u00e0 Mulhouse, Acro&rsquo;gym+ de Saint-\u00c9tienne-l\u00e8s-Remiremont a r\u00e9alis\u00e9 une performance remarquable lors des championnats r\u00e9gionaux du Grand Est, qualificatifs [&hellip;]<\/p>\n","protected":false},"author":418,"featured_media":80242,"comment_status":"open","ping_status":"open","sticky":false,"template":"","format":"standard","meta":{"footnotes":""},"categories":[26,43,155,14,17],"tags":[941,7586],"class_list":["post-80240","post","type-post","status-publish","format-standard","has-post-thumbnail","hentry","category-a-la-une","category-remiremont-remiremont-son-canton","category-saint-etienne","category-sport","category-vie-associative","tag-acrogym","tag-championnats-regionaux"],"acf":[],"yoast_head":"<!-- This site is optimized with the Yoast SEO plugin v22.5 - https:\/\/yoast.com\/wordpress\/plugins\/seo\/ -->\n<title>Acro&#039;gym+ : un palmar\u00e8s \u00e9blouissant lors de la comp\u00e9tition r\u00e9gionale du Grand Est - Remiremont Info<\/title>\n<meta name=\"robots\" content=\"index, follow, max-snippet:-1, max-image-preview:large, max-video-preview:-1\" \/>\n<link rel=\"canonical\" href=\"https:\/\/vosgesinfo.fr\/remiremontinfo\/2025\/03\/acrogym-un-palmares-eblouissant-lors-de-la-competition-regionale-du-grand-est\/\" \/>\n<meta name=\"twitter:card\" content=\"summary_large_image\" \/>\n<meta name=\"twitter:title\" content=\"Acro&#039;gym+ : un palmar\u00e8s \u00e9blouissant lors de la comp\u00e9tition r\u00e9gionale du Grand Est - Remiremont Info\" \/>\n<meta name=\"twitter:description\" content=\"Ce dimanche \u00e0 Mulhouse, Acro&rsquo;gym+ de Saint-\u00c9tienne-l\u00e8s-Remiremont a r\u00e9alis\u00e9 une performance remarquable lors des championnats r\u00e9gionaux du Grand Est, qualificatifs [&hellip;]\" \/>\n<meta name=\"twitter:image\" content=\"https:\/\/vosgesinfo.fr\/app\/uploads\/sites\/5\/2025\/03\/photochampionnatregionnal.jpg\" \/>\n<meta name=\"twitter:creator\" content=\"@VosgesInfo88\" \/>\n<meta name=\"twitter:site\" content=\"@VosgesInfo88\" \/>\n<meta name=\"twitter:label1\" content=\"\u00c9crit par\" \/>\n\t<meta name=\"twitter:data1\" content=\"C.M\" \/>\n\t<meta name=\"twitter:label2\" content=\"Dur\u00e9e de lecture estim\u00e9e\" \/>\n\t<meta name=\"twitter:data2\" content=\"1 minute\" \/>\n<script type=\"application\/ld+json\" class=\"yoast-schema-graph\">{\"@context\":\"https:\/\/schema.org\",\"@graph\":[{\"@type\":\"Article\",\"@id\":\"https:\/\/vosgesinfo.fr\/remiremontinfo\/2025\/03\/acrogym-un-palmares-eblouissant-lors-de-la-competition-regionale-du-grand-est\/#article\",\"isPartOf\":{\"@id\":\"https:\/\/vosgesinfo.fr\/remiremontinfo\/2025\/03\/acrogym-un-palmares-eblouissant-lors-de-la-competition-regionale-du-grand-est\/\"},\"author\":{\"name\":\"C.M\",\"@id\":\"https:\/\/vosgesinfo.fr\/remiremontinfo\/#\/schema\/person\/4f38cd3068e342935b7304695c797d08\"},\"headline\":\"Acro&rsquo;gym+ : un palmar\u00e8s \u00e9blouissant lors de la comp\u00e9tition r\u00e9gionale du Grand Est\",\"datePublished\":\"2025-03-31T15:00:21+00:00\",\"dateModified\":\"2025-03-31T14:37:59+00:00\",\"mainEntityOfPage\":{\"@id\":\"https:\/\/vosgesinfo.fr\/remiremontinfo\/2025\/03\/acrogym-un-palmares-eblouissant-lors-de-la-competition-regionale-du-grand-est\/\"},\"wordCount\":202,\"commentCount\":0,\"publisher\":{\"@id\":\"https:\/\/vosgesinfo.fr\/remiremontinfo\/#organization\"},\"image\":{\"@id\":\"https:\/\/vosgesinfo.fr\/remiremontinfo\/2025\/03\/acrogym-un-palmares-eblouissant-lors-de-la-competition-regionale-du-grand-est\/#primaryimage\"},\"thumbnailUrl\":\"https:\/\/vosgesinfo.fr\/app\/uploads\/sites\/5\/2025\/03\/photochampionnatregionnal.jpg\",\"keywords\":[\"acro'gym\",\"Championnats r\u00e9gionaux\"],\"articleSection\":[\"A la Une\",\"Remiremont\",\"Saint-Etienne\",\"Sport\",\"Vie associative\"],\"inLanguage\":\"fr-FR\",\"potentialAction\":[{\"@type\":\"CommentAction\",\"name\":\"Comment\",\"target\":[\"https:\/\/vosgesinfo.fr\/remiremontinfo\/2025\/03\/acrogym-un-palmares-eblouissant-lors-de-la-competition-regionale-du-grand-est\/#respond\"]}]},{\"@type\":\"WebPage\",\"@id\":\"https:\/\/vosgesinfo.fr\/remiremontinfo\/2025\/03\/acrogym-un-palmares-eblouissant-lors-de-la-competition-regionale-du-grand-est\/\",\"url\":\"https:\/\/vosgesinfo.fr\/remiremontinfo\/2025\/03\/acrogym-un-palmares-eblouissant-lors-de-la-competition-regionale-du-grand-est\/\",\"name\":\"Acro'gym+ : un palmar\u00e8s \u00e9blouissant lors de la comp\u00e9tition r\u00e9gionale du Grand Est - Remiremont Info\",\"isPartOf\":{\"@id\":\"https:\/\/vosgesinfo.fr\/remiremontinfo\/#website\"},\"primaryImageOfPage\":{\"@id\":\"https:\/\/vosgesinfo.fr\/remiremontinfo\/2025\/03\/acrogym-un-palmares-eblouissant-lors-de-la-competition-regionale-du-grand-est\/#primaryimage\"},\"image\":{\"@id\":\"https:\/\/vosgesinfo.fr\/remiremontinfo\/2025\/03\/acrogym-un-palmares-eblouissant-lors-de-la-competition-regionale-du-grand-est\/#primaryimage\"},\"thumbnailUrl\":\"https:\/\/vosgesinfo.fr\/app\/uploads\/sites\/5\/2025\/03\/photochampionnatregionnal.jpg\",\"datePublished\":\"2025-03-31T15:00:21+00:00\",\"dateModified\":\"2025-03-31T14:37:59+00:00\",\"breadcrumb\":{\"@id\":\"https:\/\/vosgesinfo.fr\/remiremontinfo\/2025\/03\/acrogym-un-palmares-eblouissant-lors-de-la-competition-regionale-du-grand-est\/#breadcrumb\"},\"inLanguage\":\"fr-FR\",\"potentialAction\":[{\"@type\":\"ReadAction\",\"target\":[\"https:\/\/vosgesinfo.fr\/remiremontinfo\/2025\/03\/acrogym-un-palmares-eblouissant-lors-de-la-competition-regionale-du-grand-est\/\"]}]},{\"@type\":\"ImageObject\",\"inLanguage\":\"fr-FR\",\"@id\":\"https:\/\/vosgesinfo.fr\/remiremontinfo\/2025\/03\/acrogym-un-palmares-eblouissant-lors-de-la-competition-regionale-du-grand-est\/#primaryimage\",\"url\":\"https:\/\/vosgesinfo.fr\/app\/uploads\/sites\/5\/2025\/03\/photochampionnatregionnal.jpg\",\"contentUrl\":\"https:\/\/vosgesinfo.fr\/app\/uploads\/sites\/5\/2025\/03\/photochampionnatregionnal.jpg\",\"width\":1944,\"height\":924,\"caption\":\"Photographie : Acro'Gym +\"},{\"@type\":\"BreadcrumbList\",\"@id\":\"https:\/\/vosgesinfo.fr\/remiremontinfo\/2025\/03\/acrogym-un-palmares-eblouissant-lors-de-la-competition-regionale-du-grand-est\/#breadcrumb\",\"itemListElement\":[{\"@type\":\"ListItem\",\"position\":1,\"name\":\"Home\",\"item\":\"https:\/\/vosgesinfo.fr\/remiremontinfo\/\"},{\"@type\":\"ListItem\",\"position\":2,\"name\":\"Acro&rsquo;gym+ : un palmar\u00e8s \u00e9blouissant lors de la comp\u00e9tition r\u00e9gionale du Grand Est\"}]},{\"@type\":\"WebSite\",\"@id\":\"https:\/\/vosgesinfo.fr\/remiremontinfo\/#website\",\"url\":\"https:\/\/vosgesinfo.fr\/remiremontinfo\/\",\"name\":\"Remiremont Info\",\"description\":\"Toute l&#039;actualit\u00e9 de Remiremont\",\"publisher\":{\"@id\":\"https:\/\/vosgesinfo.fr\/remiremontinfo\/#organization\"},\"alternateName\":\"Toute l'actualit\u00e9 de Remiremont\",\"potentialAction\":[{\"@type\":\"SearchAction\",\"target\":{\"@type\":\"EntryPoint\",\"urlTemplate\":\"https:\/\/vosgesinfo.fr\/remiremontinfo\/?s={search_term_string}\"},\"query-input\":\"required name=search_term_string\"}],\"inLanguage\":\"fr-FR\"},{\"@type\":\"Organization\",\"@id\":\"https:\/\/vosgesinfo.fr\/remiremontinfo\/#organization\",\"name\":\"Remiremont Info\",\"url\":\"https:\/\/vosgesinfo.fr\/remiremontinfo\/\",\"logo\":{\"@type\":\"ImageObject\",\"inLanguage\":\"fr-FR\",\"@id\":\"https:\/\/vosgesinfo.fr\/remiremontinfo\/#\/schema\/logo\/image\/\",\"url\":\"https:\/\/vosgesinfo.fr\/app\/uploads\/sites\/5\/2023\/08\/favicon-remiremontinfo.png\",\"contentUrl\":\"https:\/\/vosgesinfo.fr\/app\/uploads\/sites\/5\/2023\/08\/favicon-remiremontinfo.png\",\"width\":512,\"height\":512,\"caption\":\"Remiremont Info\"},\"image\":{\"@id\":\"https:\/\/vosgesinfo.fr\/remiremontinfo\/#\/schema\/logo\/image\/\"},\"sameAs\":[\"https:\/\/www.facebook.com\/remiremontinfo\",\"https:\/\/x.com\/VosgesInfo88\",\"https:\/\/www.youtube.com\/@vosgesinfo\"]},{\"@type\":\"Person\",\"@id\":\"https:\/\/vosgesinfo.fr\/remiremontinfo\/#\/schema\/person\/4f38cd3068e342935b7304695c797d08\",\"name\":\"C.M\",\"image\":{\"@type\":\"ImageObject\",\"inLanguage\":\"fr-FR\",\"@id\":\"https:\/\/vosgesinfo.fr\/remiremontinfo\/#\/schema\/person\/image\/\",\"url\":\"https:\/\/secure.gravatar.com\/avatar\/fe9daaef0164d920717484172682f3c5c9bcf7d42aa8c7048c76c34f0eb6c8da?s=96&d=mm&r=g\",\"contentUrl\":\"https:\/\/secure.gravatar.com\/avatar\/fe9daaef0164d920717484172682f3c5c9bcf7d42aa8c7048c76c34f0eb6c8da?s=96&d=mm&r=g\",\"caption\":\"C.M\"},\"url\":\"https:\/\/vosgesinfo.fr\/remiremontinfo\/author\/cm88200\/\"}]}<\/script>\n<!-- \/ Yoast SEO plugin. -->","yoast_head_json":{"title":"Acro'gym+ : un palmar\u00e8s \u00e9blouissant lors de la comp\u00e9tition r\u00e9gionale du Grand Est - Remiremont Info","robots":{"index":"index","follow":"follow","max-snippet":"max-snippet:-1","max-image-preview":"max-image-preview:large","max-video-preview":"max-video-preview:-1"},"canonical":"https:\/\/vosgesinfo.fr\/remiremontinfo\/2025\/03\/acrogym-un-palmares-eblouissant-lors-de-la-competition-regionale-du-grand-est\/","twitter_card":"summary_large_image","twitter_title":"Acro'gym+ : un palmar\u00e8s \u00e9blouissant lors de la comp\u00e9tition r\u00e9gionale du Grand Est - Remiremont Info","twitter_description":"Ce dimanche \u00e0 Mulhouse, Acro&rsquo;gym+ de Saint-\u00c9tienne-l\u00e8s-Remiremont a r\u00e9alis\u00e9 une performance remarquable lors des championnats r\u00e9gionaux du Grand Est, qualificatifs [&hellip;]","twitter_image":"https:\/\/vosgesinfo.fr\/app\/uploads\/sites\/5\/2025\/03\/photochampionnatregionnal.jpg","twitter_creator":"@VosgesInfo88","twitter_site":"@VosgesInfo88","twitter_misc":{"\u00c9crit par":"C.M","Dur\u00e9e de lecture estim\u00e9e":"1 minute"},"schema":{"@context":"https:\/\/schema.org","@graph":[{"@type":"Article","@id":"https:\/\/vosgesinfo.fr\/remiremontinfo\/2025\/03\/acrogym-un-palmares-eblouissant-lors-de-la-competition-regionale-du-grand-est\/#article","isPartOf":{"@id":"https:\/\/vosgesinfo.fr\/remiremontinfo\/2025\/03\/acrogym-un-palmares-eblouissant-lors-de-la-competition-regionale-du-grand-est\/"},"author":{"name":"C.M","@id":"https:\/\/vosgesinfo.fr\/remiremontinfo\/#\/schema\/person\/4f38cd3068e342935b7304695c797d08"},"headline":"Acro&rsquo;gym+ : un palmar\u00e8s \u00e9blouissant lors de la comp\u00e9tition r\u00e9gionale du Grand Est","datePublished":"2025-03-31T15:00:21+00:00","dateModified":"2025-03-31T14:37:59+00:00","mainEntityOfPage":{"@id":"https:\/\/vosgesinfo.fr\/remiremontinfo\/2025\/03\/acrogym-un-palmares-eblouissant-lors-de-la-competition-regionale-du-grand-est\/"},"wordCount":202,"commentCount":0,"publisher":{"@id":"https:\/\/vosgesinfo.fr\/remiremontinfo\/#organization"},"image":{"@id":"https:\/\/vosgesinfo.fr\/remiremontinfo\/2025\/03\/acrogym-un-palmares-eblouissant-lors-de-la-competition-regionale-du-grand-est\/#primaryimage"},"thumbnailUrl":"https:\/\/vosgesinfo.fr\/app\/uploads\/sites\/5\/2025\/03\/photochampionnatregionnal.jpg","keywords":["acro'gym","Championnats r\u00e9gionaux"],"articleSection":["A la Une","Remiremont","Saint-Etienne","Sport","Vie associative"],"inLanguage":"fr-FR","potentialAction":[{"@type":"CommentAction","name":"Comment","target":["https:\/\/vosgesinfo.fr\/remiremontinfo\/2025\/03\/acrogym-un-palmares-eblouissant-lors-de-la-competition-regionale-du-grand-est\/#respond"]}]},{"@type":"WebPage","@id":"https:\/\/vosgesinfo.fr\/remiremontinfo\/2025\/03\/acrogym-un-palmares-eblouissant-lors-de-la-competition-regionale-du-grand-est\/","url":"https:\/\/vosgesinfo.fr\/remiremontinfo\/2025\/03\/acrogym-un-palmares-eblouissant-lors-de-la-competition-regionale-du-grand-est\/","name":"Acro'gym+ : un palmar\u00e8s \u00e9blouissant lors de la comp\u00e9tition r\u00e9gionale du Grand Est - Remiremont Info","isPartOf":{"@id":"https:\/\/vosgesinfo.fr\/remiremontinfo\/#website"},"primaryImageOfPage":{"@id":"https:\/\/vosgesinfo.fr\/remiremontinfo\/2025\/03\/acrogym-un-palmares-eblouissant-lors-de-la-competition-regionale-du-grand-est\/#primaryimage"},"image":{"@id":"https:\/\/vosgesinfo.fr\/remiremontinfo\/2025\/03\/acrogym-un-palmares-eblouissant-lors-de-la-competition-regionale-du-grand-est\/#primaryimage"},"thumbnailUrl":"https:\/\/vosgesinfo.fr\/app\/uploads\/sites\/5\/2025\/03\/photochampionnatregionnal.jpg","datePublished":"2025-03-31T15:00:21+00:00","dateModified":"2025-03-31T14:37:59+00:00","breadcrumb":{"@id":"https:\/\/vosgesinfo.fr\/remiremontinfo\/2025\/03\/acrogym-un-palmares-eblouissant-lors-de-la-competition-regionale-du-grand-est\/#breadcrumb"},"inLanguage":"fr-FR","potentialAction":[{"@type":"ReadAction","target":["https:\/\/vosgesinfo.fr\/remiremontinfo\/2025\/03\/acrogym-un-palmares-eblouissant-lors-de-la-competition-regionale-du-grand-est\/"]}]},{"@type":"ImageObject","inLanguage":"fr-FR","@id":"https:\/\/vosgesinfo.fr\/remiremontinfo\/2025\/03\/acrogym-un-palmares-eblouissant-lors-de-la-competition-regionale-du-grand-est\/#primaryimage","url":"https:\/\/vosgesinfo.fr\/app\/uploads\/sites\/5\/2025\/03\/photochampionnatregionnal.jpg","contentUrl":"https:\/\/vosgesinfo.fr\/app\/uploads\/sites\/5\/2025\/03\/photochampionnatregionnal.jpg","width":1944,"height":924,"caption":"Photographie : Acro'Gym +"},{"@type":"BreadcrumbList","@id":"https:\/\/vosgesinfo.fr\/remiremontinfo\/2025\/03\/acrogym-un-palmares-eblouissant-lors-de-la-competition-regionale-du-grand-est\/#breadcrumb","itemListElement":[{"@type":"ListItem","position":1,"name":"Home","item":"https:\/\/vosgesinfo.fr\/remiremontinfo\/"},{"@type":"ListItem","position":2,"name":"Acro&rsquo;gym+ : un palmar\u00e8s \u00e9blouissant lors de la comp\u00e9tition r\u00e9gionale du Grand Est"}]},{"@type":"WebSite","@id":"https:\/\/vosgesinfo.fr\/remiremontinfo\/#website","url":"https:\/\/vosgesinfo.fr\/remiremontinfo\/","name":"Remiremont Info","description":"Toute l&#039;actualit\u00e9 de Remiremont","publisher":{"@id":"https:\/\/vosgesinfo.fr\/remiremontinfo\/#organization"},"alternateName":"Toute l'actualit\u00e9 de Remiremont","potentialAction":[{"@type":"SearchAction","target":{"@type":"EntryPoint","urlTemplate":"https:\/\/vosgesinfo.fr\/remiremontinfo\/?s={search_term_string}"},"query-input":"required name=search_term_string"}],"inLanguage":"fr-FR"},{"@type":"Organization","@id":"https:\/\/vosgesinfo.fr\/remiremontinfo\/#organization","name":"Remiremont Info","url":"https:\/\/vosgesinfo.fr\/remiremontinfo\/","logo":{"@type":"ImageObject","inLanguage":"fr-FR","@id":"https:\/\/vosgesinfo.fr\/remiremontinfo\/#\/schema\/logo\/image\/","url":"https:\/\/vosgesinfo.fr\/app\/uploads\/sites\/5\/2023\/08\/favicon-remiremontinfo.png","contentUrl":"https:\/\/vosgesinfo.fr\/app\/uploads\/sites\/5\/2023\/08\/favicon-remiremontinfo.png","width":512,"height":512,"caption":"Remiremont Info"},"image":{"@id":"https:\/\/vosgesinfo.fr\/remiremontinfo\/#\/schema\/logo\/image\/"},"sameAs":["https:\/\/www.facebook.com\/remiremontinfo","https:\/\/x.com\/VosgesInfo88","https:\/\/www.youtube.com\/@vosgesinfo"]},{"@type":"Person","@id":"https:\/\/vosgesinfo.fr\/remiremontinfo\/#\/schema\/person\/4f38cd3068e342935b7304695c797d08","name":"C.M","image":{"@type":"ImageObject","inLanguage":"fr-FR","@id":"https:\/\/vosgesinfo.fr\/remiremontinfo\/#\/schema\/person\/image\/","url":"https:\/\/secure.gravatar.com\/avatar\/fe9daaef0164d920717484172682f3c5c9bcf7d42aa8c7048c76c34f0eb6c8da?s=96&d=mm&r=g","contentUrl":"https:\/\/secure.gravatar.com\/avatar\/fe9daaef0164d920717484172682f3c5c9bcf7d42aa8c7048c76c34f0eb6c8da?s=96&d=mm&r=g","caption":"C.M"},"url":"https:\/\/vosgesinfo.fr\/remiremontinfo\/author\/cm88200\/"}]}},"_links":{"self":[{"href":"https:\/\/vosgesinfo.fr\/remiremontinfo\/wp-json\/wp\/v2\/posts\/80240","targetHints":{"allow":["GET"]}}],"collection":[{"href":"https:\/\/vosgesinfo.fr\/remiremontinfo\/wp-json\/wp\/v2\/posts"}],"about":[{"href":"https:\/\/vosgesinfo.fr\/remiremontinfo\/wp-json\/wp\/v2\/types\/post"}],"author":[{"embeddable":true,"href":"https:\/\/vosgesinfo.fr\/remiremontinfo\/wp-json\/wp\/v2\/users\/418"}],"replies":[{"embeddable":true,"href":"https:\/\/vosgesinfo.fr\/remiremontinfo\/wp-json\/wp\/v2\/comments?post=80240"}],"version-history":[{"count":1,"href":"https:\/\/vosgesinfo.fr\/remiremontinfo\/wp-json\/wp\/v2\/posts\/80240\/revisions"}],"predecessor-version":[{"id":80246,"href":"https:\/\/vosgesinfo.fr\/remiremontinfo\/wp-json\/wp\/v2\/posts\/80240\/revisions\/80246"}],"wp:featuredmedia":[{"embeddable":true,"href":"https:\/\/vosgesinfo.fr\/remiremontinfo\/wp-json\/wp\/v2\/media\/80242"}],"wp:attachment":[{"href":"https:\/\/vosgesinfo.fr\/remiremontinfo\/wp-json\/wp\/v2\/media?parent=80240"}],"wp:term":[{"taxonomy":"category","embeddable":true,"href":"https:\/\/vosgesinfo.fr\/remiremontinfo\/wp-json\/wp\/v2\/categories?post=80240"},{"taxonomy":"post_tag","embeddable":true,"href":"https:\/\/vosgesinfo.fr\/remiremontinfo\/wp-json\/wp\/v2\/tags?post=80240"}],"curies":[{"name":"wp","href":"https:\/\/api.w.org\/{rel}","templated":true}]}}