{"id":80296,"date":"2025-04-01T16:20:32","date_gmt":"2025-04-01T14:20:32","guid":{"rendered":"https:\/\/vosgesinfo.fr\/remiremontinfo\/?p=80296"},"modified":"2025-04-01T14:24:00","modified_gmt":"2025-04-01T12:24:00","slug":"cycle-danimations-fake-news-les-reconnaitre-pour-mieux-sen-proteger-a-la-mediatheque-le-cercle","status":"publish","type":"post","link":"https:\/\/vosgesinfo.fr\/remiremontinfo\/2025\/04\/cycle-danimations-fake-news-les-reconnaitre-pour-mieux-sen-proteger-a-la-mediatheque-le-cercle\/","title":{"rendered":"Cycle d\u2019animations : Fake News, les reconna\u00eetre pour mieux s\u2019en prot\u00e9ger \u00e0 la m\u00e9diath\u00e8que Le Cercle"},"content":{"rendered":"<p class=\"s5\" style=\"text-align: center;\"><strong><span class=\"s4\">Cycle d\u2019animations :<\/span><\/strong><\/p>\n<p class=\"s5\" style=\"text-align: center;\"><strong><span class=\"s4\">Fake<\/span><span class=\"s4\"> News, les reconna\u00eetre pour mieux s\u2019en prot\u00e9ger<\/span><\/strong><\/p>\n<p class=\"s6\">\n<p class=\"s5\"><span class=\"s7\">Du 17 avril au 17 mai 2025 <\/span><\/p>\n<p class=\"s10\"><span class=\"s8\">La m\u00e9diath\u00e8que <\/span><span class=\"s8\">intercommunale <\/span><span class=\"s8\">Le Cercle<\/span><span class=\"s8\"> vous invite \u00e0 plonger au c\u0153ur du ph\u00e9nom\u00e8ne des <\/span><span class=\"s9\">fake<\/span><span class=\"s9\"> news<\/span><span class=\"s8\"> lors d\u2019un cycle d\u2019animations<\/span><span class=\"s8\">, qui se d\u00e9roulera du 17 avril au 17 mai 2025, \u00e0 Remiremont.<\/span><\/p>\n<p class=\"s10\"><span class=\"s8\">Cette initiative propose une r\u00e9flexion approfondie sur les fausses nouvelles, leur m\u00e9canisme et leur impact, tout en offrant des outils concrets pour d\u00e9velopper son esprit critique.<\/span><\/p>\n<p class=\"s10\"><span class=\"s12\">\u00c0 la d\u00e9couverte de l\u2019information vraie ou fausse <\/span><span class=\"s12\">:<\/span><br \/>\n<span class=\"s8\">Pendant un mois, d\u00e9couvrez l\u2019exposition <\/span><span class=\"s9\">Histoire des fausses nouvelles<\/span><span class=\"s8\">, un parcours interactif compos\u00e9 de 11 panneaux qui retracent l\u2019\u00e9volution des <\/span><span class=\"s8\">infox<\/span><span class=\"s8\">, de l\u2019Antiquit\u00e9 \u00e0 nos jours. Gr\u00e2ce \u00e0 un jeu p\u00e9dagogique inclus, explorez les cl\u00e9s pour comprendre comment ces fausses nouvelles influencent notre quotidien.<\/span><\/p>\n<p class=\"s10\"><span class=\"s12\">Atelier<\/span> <span class=\"s12\">: \u00ab\u00a0<\/span><span class=\"s12\">Fake<\/span><span class=\"s12\"> news et <\/span><span class=\"s12\">fact<\/span><span class=\"s12\">-checking<\/span><span class=\"s12\"> : lutter contre la d\u00e9sinformation\u00a0\u00bb<\/span><\/p>\n<div class=\"s15\"><span class=\"s13\">\u2022 <\/span><span class=\"s14\">Quand ?<\/span><span class=\"s8\"> Le <\/span><span class=\"s8\">mercredi <\/span><span class=\"s8\">23 avril 2025, de 14h \u00e0 16h<\/span><\/div>\n<div class=\"s15\"><span class=\"s13\">\u2022 <\/span><span class=\"s14\">Quoi ?<\/span><span class=\"s8\"> Cet atelier interactif, anim\u00e9 par un expert en <\/span><span class=\"s8\">fact-checking<\/span><span class=\"s8\">, vous enseignera comment rep\u00e9rer, analyser et d\u00e9mystifier les <\/span><span class=\"s8\">fake<\/span><span class=\"s8\"> news \u00e0 travers des exemples concrets et des outils num\u00e9riques. Vous aurez aussi la possibilit\u00e9 de cr\u00e9er votre propre <\/span><span class=\"s8\">fake<\/span><span class=\"s8\"> news dans un cadre ludique et \u00e9ducatif.<\/span><\/div>\n<div class=\"s15\"><span class=\"s13\">\u2022 <\/span><span class=\"s14\">Pour qui ?<\/span><span class=\"s8\"> Tout public, sur inscription (places limit\u00e9es \u00e0 25 participants).<\/span><\/div>\n<div class=\"s15\"><span class=\"s16\">\u2022 <\/span><span class=\"s17\">Pourquoi participer ?<\/span><span class=\"s18\"><br \/>\n<\/span><span class=\"s19\">Dans un monde o\u00f9 les informations circulent \u00e0 une vitesse effr\u00e9n\u00e9e, apprendre \u00e0 discerner le vrai du faux est devenu une comp\u00e9tence essentielle. Ce cycle d\u2019animations vous permettra d\u2019acqu\u00e9rir des r\u00e9flexes pour v\u00e9rifier l\u2019information et \u00e9viter les pi\u00e8ges de la d\u00e9sinformation, tout en stimulant votre r\u00e9flexion critique.<\/span><\/div>\n<div><\/div>\n<p class=\"s10\"><span class=\"s12\">Informations pratiques :<\/span><\/p>\n<div class=\"s15\"><span class=\"s13\">\u2022 <\/span><span class=\"s14\">Lieu :<\/span><span class=\"s8\"> M\u00e9diath\u00e8que intercommunale <\/span><span class=\"s8\">Le Cercle, Place Jules M\u00e9line 88200 <\/span><span class=\"s8\">Remiremont<\/span><\/div>\n<div class=\"s15\"><span class=\"s13\">\u2022 <\/span><span class=\"s14\">Dates :<\/span><span class=\"s8\"> Du 17 avril au 17 mai 2025<\/span><\/div>\n<div class=\"s15\"><span class=\"s13\">\u2022 <\/span><span class=\"s14\">Gratuit<\/span><span class=\"s8\">, sur inscription pour <\/span><span class=\"s8\">l\u2019atelier du 23 avril.<\/span><a name=\"_GoBack\"><\/a><\/div>\n<p>&nbsp;<\/p>\n<p class=\"s10\"><span class=\"s8\">Ne manquez pas cette occasion de percer les secrets des <\/span><span class=\"s8\">infox<\/span><span class=\"s8\"> et de renforcer votre esprit critique face \u00e0 l\u2019actualit\u00e9.<\/span><\/p>\n<p class=\"s10\"><span class=\"s8\">Pour plus de renseignements et inscriptions :<\/span><\/p>\n<p class=\"s10\"><span class=\"s22\">\ud83d\udce7<\/span> <a href=\"mailto:mediatheque@ccpvm.fr\"><span class=\"s23\">mediatheque@ccpvm.fr<\/span><\/a><\/p>\n<p class=\"s10\"><span class=\"s22\">\ud83d\udcde<\/span> <span class=\"s8\">03 29 22 50 01<\/span><\/p>\n<p>&nbsp;<\/p>\n<p><a href=\"https:\/\/vosgesinfo.fr\/app\/uploads\/sites\/5\/2025\/04\/affiche-fake-news.jpg\"><img decoding=\"async\" class=\"aligncenter size-full wp-image-80297\" src=\"https:\/\/vosgesinfo.fr\/app\/uploads\/sites\/5\/2025\/04\/affiche-fake-news.jpg\" alt=\"\" width=\"1587\" height=\"2245\" srcset=\"https:\/\/vosgesinfo.fr\/app\/uploads\/sites\/5\/2025\/04\/affiche-fake-news.jpg 1587w, https:\/\/vosgesinfo.fr\/app\/uploads\/sites\/5\/2025\/04\/affiche-fake-news-212x300.jpg 212w, https:\/\/vosgesinfo.fr\/app\/uploads\/sites\/5\/2025\/04\/affiche-fake-news-724x1024.jpg 724w, https:\/\/vosgesinfo.fr\/app\/uploads\/sites\/5\/2025\/04\/affiche-fake-news-768x1086.jpg 768w, https:\/\/vosgesinfo.fr\/app\/uploads\/sites\/5\/2025\/04\/affiche-fake-news-1086x1536.jpg 1086w, https:\/\/vosgesinfo.fr\/app\/uploads\/sites\/5\/2025\/04\/affiche-fake-news-1448x2048.jpg 1448w\" sizes=\"(max-width: 1587px) 100vw, 1587px\" \/><\/a><\/p>\n","protected":false},"excerpt":{"rendered":"<p>Cycle d\u2019animations : Fake News, les reconna\u00eetre pour mieux s\u2019en prot\u00e9ger Du 17 avril au 17 mai 2025 La m\u00e9diath\u00e8que [&hellip;]<\/p>\n","protected":false},"author":391,"featured_media":80297,"comment_status":"open","ping_status":"open","sticky":false,"template":"","format":"standard","meta":{"footnotes":""},"categories":[26,594,43],"tags":[7599,7255],"class_list":["post-80296","post","type-post","status-publish","format-standard","has-post-thumbnail","hentry","category-a-la-une","category-agenda","category-remiremont-remiremont-son-canton","tag-atelier-fake-news","tag-mediatheque-intercommunale-le-cercle"],"acf":[],"yoast_head":"<!-- This site is optimized with the Yoast SEO plugin v22.5 - https:\/\/yoast.com\/wordpress\/plugins\/seo\/ -->\n<title>Cycle d\u2019animations : Fake News, les reconna\u00eetre pour mieux s\u2019en prot\u00e9ger \u00e0 la m\u00e9diath\u00e8que Le Cercle - Remiremont Info<\/title>\n<meta name=\"robots\" content=\"index, follow, max-snippet:-1, max-image-preview:large, max-video-preview:-1\" \/>\n<link rel=\"canonical\" href=\"https:\/\/vosgesinfo.fr\/remiremontinfo\/2025\/04\/cycle-danimations-fake-news-les-reconnaitre-pour-mieux-sen-proteger-a-la-mediatheque-le-cercle\/\" \/>\n<meta name=\"twitter:card\" content=\"summary_large_image\" \/>\n<meta name=\"twitter:title\" content=\"Cycle d\u2019animations : Fake News, les reconna\u00eetre pour mieux s\u2019en prot\u00e9ger \u00e0 la m\u00e9diath\u00e8que Le Cercle - Remiremont Info\" \/>\n<meta name=\"twitter:description\" content=\"Cycle d\u2019animations : Fake News, les reconna\u00eetre pour mieux s\u2019en prot\u00e9ger Du 17 avril au 17 mai 2025 La m\u00e9diath\u00e8que [&hellip;]\" \/>\n<meta name=\"twitter:image\" content=\"https:\/\/vosgesinfo.fr\/app\/uploads\/sites\/5\/2025\/04\/affiche-fake-news.jpg\" \/>\n<meta name=\"twitter:creator\" content=\"@VosgesInfo88\" \/>\n<meta name=\"twitter:site\" content=\"@VosgesInfo88\" \/>\n<meta name=\"twitter:label1\" content=\"\u00c9crit par\" \/>\n\t<meta name=\"twitter:data1\" content=\"La redaction\" \/>\n\t<meta name=\"twitter:label2\" content=\"Dur\u00e9e de lecture estim\u00e9e\" \/>\n\t<meta name=\"twitter:data2\" content=\"2 minutes\" \/>\n<script type=\"application\/ld+json\" class=\"yoast-schema-graph\">{\"@context\":\"https:\/\/schema.org\",\"@graph\":[{\"@type\":\"Article\",\"@id\":\"https:\/\/vosgesinfo.fr\/remiremontinfo\/2025\/04\/cycle-danimations-fake-news-les-reconnaitre-pour-mieux-sen-proteger-a-la-mediatheque-le-cercle\/#article\",\"isPartOf\":{\"@id\":\"https:\/\/vosgesinfo.fr\/remiremontinfo\/2025\/04\/cycle-danimations-fake-news-les-reconnaitre-pour-mieux-sen-proteger-a-la-mediatheque-le-cercle\/\"},\"author\":{\"name\":\"La redaction\",\"@id\":\"https:\/\/vosgesinfo.fr\/remiremontinfo\/#\/schema\/person\/27a3695b06db98895b354c0765cdfc31\"},\"headline\":\"Cycle d\u2019animations : Fake News, les reconna\u00eetre pour mieux s\u2019en prot\u00e9ger \u00e0 la m\u00e9diath\u00e8que Le Cercle\",\"datePublished\":\"2025-04-01T14:20:32+00:00\",\"dateModified\":\"2025-04-01T12:24:00+00:00\",\"mainEntityOfPage\":{\"@id\":\"https:\/\/vosgesinfo.fr\/remiremontinfo\/2025\/04\/cycle-danimations-fake-news-les-reconnaitre-pour-mieux-sen-proteger-a-la-mediatheque-le-cercle\/\"},\"wordCount\":353,\"commentCount\":4,\"publisher\":{\"@id\":\"https:\/\/vosgesinfo.fr\/remiremontinfo\/#organization\"},\"image\":{\"@id\":\"https:\/\/vosgesinfo.fr\/remiremontinfo\/2025\/04\/cycle-danimations-fake-news-les-reconnaitre-pour-mieux-sen-proteger-a-la-mediatheque-le-cercle\/#primaryimage\"},\"thumbnailUrl\":\"https:\/\/vosgesinfo.fr\/app\/uploads\/sites\/5\/2025\/04\/affiche-fake-news.jpg\",\"keywords\":[\"Atelier Fake News\",\"m\u00e9diath\u00e8que intercommunale Le Cercle\"],\"articleSection\":[\"A la Une\",\"Agenda\",\"Remiremont\"],\"inLanguage\":\"fr-FR\",\"potentialAction\":[{\"@type\":\"CommentAction\",\"name\":\"Comment\",\"target\":[\"https:\/\/vosgesinfo.fr\/remiremontinfo\/2025\/04\/cycle-danimations-fake-news-les-reconnaitre-pour-mieux-sen-proteger-a-la-mediatheque-le-cercle\/#respond\"]}]},{\"@type\":\"WebPage\",\"@id\":\"https:\/\/vosgesinfo.fr\/remiremontinfo\/2025\/04\/cycle-danimations-fake-news-les-reconnaitre-pour-mieux-sen-proteger-a-la-mediatheque-le-cercle\/\",\"url\":\"https:\/\/vosgesinfo.fr\/remiremontinfo\/2025\/04\/cycle-danimations-fake-news-les-reconnaitre-pour-mieux-sen-proteger-a-la-mediatheque-le-cercle\/\",\"name\":\"Cycle d\u2019animations : Fake News, les reconna\u00eetre pour mieux s\u2019en prot\u00e9ger \u00e0 la m\u00e9diath\u00e8que Le Cercle - Remiremont Info\",\"isPartOf\":{\"@id\":\"https:\/\/vosgesinfo.fr\/remiremontinfo\/#website\"},\"primaryImageOfPage\":{\"@id\":\"https:\/\/vosgesinfo.fr\/remiremontinfo\/2025\/04\/cycle-danimations-fake-news-les-reconnaitre-pour-mieux-sen-proteger-a-la-mediatheque-le-cercle\/#primaryimage\"},\"image\":{\"@id\":\"https:\/\/vosgesinfo.fr\/remiremontinfo\/2025\/04\/cycle-danimations-fake-news-les-reconnaitre-pour-mieux-sen-proteger-a-la-mediatheque-le-cercle\/#primaryimage\"},\"thumbnailUrl\":\"https:\/\/vosgesinfo.fr\/app\/uploads\/sites\/5\/2025\/04\/affiche-fake-news.jpg\",\"datePublished\":\"2025-04-01T14:20:32+00:00\",\"dateModified\":\"2025-04-01T12:24:00+00:00\",\"breadcrumb\":{\"@id\":\"https:\/\/vosgesinfo.fr\/remiremontinfo\/2025\/04\/cycle-danimations-fake-news-les-reconnaitre-pour-mieux-sen-proteger-a-la-mediatheque-le-cercle\/#breadcrumb\"},\"inLanguage\":\"fr-FR\",\"potentialAction\":[{\"@type\":\"ReadAction\",\"target\":[\"https:\/\/vosgesinfo.fr\/remiremontinfo\/2025\/04\/cycle-danimations-fake-news-les-reconnaitre-pour-mieux-sen-proteger-a-la-mediatheque-le-cercle\/\"]}]},{\"@type\":\"ImageObject\",\"inLanguage\":\"fr-FR\",\"@id\":\"https:\/\/vosgesinfo.fr\/remiremontinfo\/2025\/04\/cycle-danimations-fake-news-les-reconnaitre-pour-mieux-sen-proteger-a-la-mediatheque-le-cercle\/#primaryimage\",\"url\":\"https:\/\/vosgesinfo.fr\/app\/uploads\/sites\/5\/2025\/04\/affiche-fake-news.jpg\",\"contentUrl\":\"https:\/\/vosgesinfo.fr\/app\/uploads\/sites\/5\/2025\/04\/affiche-fake-news.jpg\",\"width\":1587,\"height\":2245},{\"@type\":\"BreadcrumbList\",\"@id\":\"https:\/\/vosgesinfo.fr\/remiremontinfo\/2025\/04\/cycle-danimations-fake-news-les-reconnaitre-pour-mieux-sen-proteger-a-la-mediatheque-le-cercle\/#breadcrumb\",\"itemListElement\":[{\"@type\":\"ListItem\",\"position\":1,\"name\":\"Home\",\"item\":\"https:\/\/vosgesinfo.fr\/remiremontinfo\/\"},{\"@type\":\"ListItem\",\"position\":2,\"name\":\"Cycle d\u2019animations : Fake News, les reconna\u00eetre pour mieux s\u2019en prot\u00e9ger \u00e0 la m\u00e9diath\u00e8que Le Cercle\"}]},{\"@type\":\"WebSite\",\"@id\":\"https:\/\/vosgesinfo.fr\/remiremontinfo\/#website\",\"url\":\"https:\/\/vosgesinfo.fr\/remiremontinfo\/\",\"name\":\"Remiremont Info\",\"description\":\"Toute l&#039;actualit\u00e9 de Remiremont\",\"publisher\":{\"@id\":\"https:\/\/vosgesinfo.fr\/remiremontinfo\/#organization\"},\"alternateName\":\"Toute l'actualit\u00e9 de Remiremont\",\"potentialAction\":[{\"@type\":\"SearchAction\",\"target\":{\"@type\":\"EntryPoint\",\"urlTemplate\":\"https:\/\/vosgesinfo.fr\/remiremontinfo\/?s={search_term_string}\"},\"query-input\":\"required name=search_term_string\"}],\"inLanguage\":\"fr-FR\"},{\"@type\":\"Organization\",\"@id\":\"https:\/\/vosgesinfo.fr\/remiremontinfo\/#organization\",\"name\":\"Remiremont Info\",\"url\":\"https:\/\/vosgesinfo.fr\/remiremontinfo\/\",\"logo\":{\"@type\":\"ImageObject\",\"inLanguage\":\"fr-FR\",\"@id\":\"https:\/\/vosgesinfo.fr\/remiremontinfo\/#\/schema\/logo\/image\/\",\"url\":\"https:\/\/vosgesinfo.fr\/app\/uploads\/sites\/5\/2023\/08\/favicon-remiremontinfo.png\",\"contentUrl\":\"https:\/\/vosgesinfo.fr\/app\/uploads\/sites\/5\/2023\/08\/favicon-remiremontinfo.png\",\"width\":512,\"height\":512,\"caption\":\"Remiremont Info\"},\"image\":{\"@id\":\"https:\/\/vosgesinfo.fr\/remiremontinfo\/#\/schema\/logo\/image\/\"},\"sameAs\":[\"https:\/\/www.facebook.com\/remiremontinfo\",\"https:\/\/x.com\/VosgesInfo88\",\"https:\/\/www.youtube.com\/@vosgesinfo\"]},{\"@type\":\"Person\",\"@id\":\"https:\/\/vosgesinfo.fr\/remiremontinfo\/#\/schema\/person\/27a3695b06db98895b354c0765cdfc31\",\"name\":\"La redaction\",\"image\":{\"@type\":\"ImageObject\",\"inLanguage\":\"fr-FR\",\"@id\":\"https:\/\/vosgesinfo.fr\/remiremontinfo\/#\/schema\/person\/image\/\",\"url\":\"https:\/\/secure.gravatar.com\/avatar\/64c76a78e501cedee55736f43f332df901e1896ae9cd8fad269ae2236dd0e8b6?s=96&d=mm&r=g\",\"contentUrl\":\"https:\/\/secure.gravatar.com\/avatar\/64c76a78e501cedee55736f43f332df901e1896ae9cd8fad269ae2236dd0e8b6?s=96&d=mm&r=g\",\"caption\":\"La redaction\"},\"url\":\"https:\/\/vosgesinfo.fr\/remiremontinfo\/author\/la-redaction\/\"}]}<\/script>\n<!-- \/ Yoast SEO plugin. -->","yoast_head_json":{"title":"Cycle d\u2019animations : Fake News, les reconna\u00eetre pour mieux s\u2019en prot\u00e9ger \u00e0 la m\u00e9diath\u00e8que Le Cercle - Remiremont Info","robots":{"index":"index","follow":"follow","max-snippet":"max-snippet:-1","max-image-preview":"max-image-preview:large","max-video-preview":"max-video-preview:-1"},"canonical":"https:\/\/vosgesinfo.fr\/remiremontinfo\/2025\/04\/cycle-danimations-fake-news-les-reconnaitre-pour-mieux-sen-proteger-a-la-mediatheque-le-cercle\/","twitter_card":"summary_large_image","twitter_title":"Cycle d\u2019animations : Fake News, les reconna\u00eetre pour mieux s\u2019en prot\u00e9ger \u00e0 la m\u00e9diath\u00e8que Le Cercle - Remiremont Info","twitter_description":"Cycle d\u2019animations : Fake News, les reconna\u00eetre pour mieux s\u2019en prot\u00e9ger Du 17 avril au 17 mai 2025 La m\u00e9diath\u00e8que [&hellip;]","twitter_image":"https:\/\/vosgesinfo.fr\/app\/uploads\/sites\/5\/2025\/04\/affiche-fake-news.jpg","twitter_creator":"@VosgesInfo88","twitter_site":"@VosgesInfo88","twitter_misc":{"\u00c9crit par":"La redaction","Dur\u00e9e de lecture estim\u00e9e":"2 minutes"},"schema":{"@context":"https:\/\/schema.org","@graph":[{"@type":"Article","@id":"https:\/\/vosgesinfo.fr\/remiremontinfo\/2025\/04\/cycle-danimations-fake-news-les-reconnaitre-pour-mieux-sen-proteger-a-la-mediatheque-le-cercle\/#article","isPartOf":{"@id":"https:\/\/vosgesinfo.fr\/remiremontinfo\/2025\/04\/cycle-danimations-fake-news-les-reconnaitre-pour-mieux-sen-proteger-a-la-mediatheque-le-cercle\/"},"author":{"name":"La redaction","@id":"https:\/\/vosgesinfo.fr\/remiremontinfo\/#\/schema\/person\/27a3695b06db98895b354c0765cdfc31"},"headline":"Cycle d\u2019animations : Fake News, les reconna\u00eetre pour mieux s\u2019en prot\u00e9ger \u00e0 la m\u00e9diath\u00e8que Le Cercle","datePublished":"2025-04-01T14:20:32+00:00","dateModified":"2025-04-01T12:24:00+00:00","mainEntityOfPage":{"@id":"https:\/\/vosgesinfo.fr\/remiremontinfo\/2025\/04\/cycle-danimations-fake-news-les-reconnaitre-pour-mieux-sen-proteger-a-la-mediatheque-le-cercle\/"},"wordCount":353,"commentCount":4,"publisher":{"@id":"https:\/\/vosgesinfo.fr\/remiremontinfo\/#organization"},"image":{"@id":"https:\/\/vosgesinfo.fr\/remiremontinfo\/2025\/04\/cycle-danimations-fake-news-les-reconnaitre-pour-mieux-sen-proteger-a-la-mediatheque-le-cercle\/#primaryimage"},"thumbnailUrl":"https:\/\/vosgesinfo.fr\/app\/uploads\/sites\/5\/2025\/04\/affiche-fake-news.jpg","keywords":["Atelier Fake News","m\u00e9diath\u00e8que intercommunale Le Cercle"],"articleSection":["A la Une","Agenda","Remiremont"],"inLanguage":"fr-FR","potentialAction":[{"@type":"CommentAction","name":"Comment","target":["https:\/\/vosgesinfo.fr\/remiremontinfo\/2025\/04\/cycle-danimations-fake-news-les-reconnaitre-pour-mieux-sen-proteger-a-la-mediatheque-le-cercle\/#respond"]}]},{"@type":"WebPage","@id":"https:\/\/vosgesinfo.fr\/remiremontinfo\/2025\/04\/cycle-danimations-fake-news-les-reconnaitre-pour-mieux-sen-proteger-a-la-mediatheque-le-cercle\/","url":"https:\/\/vosgesinfo.fr\/remiremontinfo\/2025\/04\/cycle-danimations-fake-news-les-reconnaitre-pour-mieux-sen-proteger-a-la-mediatheque-le-cercle\/","name":"Cycle d\u2019animations : Fake News, les reconna\u00eetre pour mieux s\u2019en prot\u00e9ger \u00e0 la m\u00e9diath\u00e8que Le Cercle - Remiremont Info","isPartOf":{"@id":"https:\/\/vosgesinfo.fr\/remiremontinfo\/#website"},"primaryImageOfPage":{"@id":"https:\/\/vosgesinfo.fr\/remiremontinfo\/2025\/04\/cycle-danimations-fake-news-les-reconnaitre-pour-mieux-sen-proteger-a-la-mediatheque-le-cercle\/#primaryimage"},"image":{"@id":"https:\/\/vosgesinfo.fr\/remiremontinfo\/2025\/04\/cycle-danimations-fake-news-les-reconnaitre-pour-mieux-sen-proteger-a-la-mediatheque-le-cercle\/#primaryimage"},"thumbnailUrl":"https:\/\/vosgesinfo.fr\/app\/uploads\/sites\/5\/2025\/04\/affiche-fake-news.jpg","datePublished":"2025-04-01T14:20:32+00:00","dateModified":"2025-04-01T12:24:00+00:00","breadcrumb":{"@id":"https:\/\/vosgesinfo.fr\/remiremontinfo\/2025\/04\/cycle-danimations-fake-news-les-reconnaitre-pour-mieux-sen-proteger-a-la-mediatheque-le-cercle\/#breadcrumb"},"inLanguage":"fr-FR","potentialAction":[{"@type":"ReadAction","target":["https:\/\/vosgesinfo.fr\/remiremontinfo\/2025\/04\/cycle-danimations-fake-news-les-reconnaitre-pour-mieux-sen-proteger-a-la-mediatheque-le-cercle\/"]}]},{"@type":"ImageObject","inLanguage":"fr-FR","@id":"https:\/\/vosgesinfo.fr\/remiremontinfo\/2025\/04\/cycle-danimations-fake-news-les-reconnaitre-pour-mieux-sen-proteger-a-la-mediatheque-le-cercle\/#primaryimage","url":"https:\/\/vosgesinfo.fr\/app\/uploads\/sites\/5\/2025\/04\/affiche-fake-news.jpg","contentUrl":"https:\/\/vosgesinfo.fr\/app\/uploads\/sites\/5\/2025\/04\/affiche-fake-news.jpg","width":1587,"height":2245},{"@type":"BreadcrumbList","@id":"https:\/\/vosgesinfo.fr\/remiremontinfo\/2025\/04\/cycle-danimations-fake-news-les-reconnaitre-pour-mieux-sen-proteger-a-la-mediatheque-le-cercle\/#breadcrumb","itemListElement":[{"@type":"ListItem","position":1,"name":"Home","item":"https:\/\/vosgesinfo.fr\/remiremontinfo\/"},{"@type":"ListItem","position":2,"name":"Cycle d\u2019animations : Fake News, les reconna\u00eetre pour mieux s\u2019en prot\u00e9ger \u00e0 la m\u00e9diath\u00e8que Le Cercle"}]},{"@type":"WebSite","@id":"https:\/\/vosgesinfo.fr\/remiremontinfo\/#website","url":"https:\/\/vosgesinfo.fr\/remiremontinfo\/","name":"Remiremont Info","description":"Toute l&#039;actualit\u00e9 de Remiremont","publisher":{"@id":"https:\/\/vosgesinfo.fr\/remiremontinfo\/#organization"},"alternateName":"Toute l'actualit\u00e9 de Remiremont","potentialAction":[{"@type":"SearchAction","target":{"@type":"EntryPoint","urlTemplate":"https:\/\/vosgesinfo.fr\/remiremontinfo\/?s={search_term_string}"},"query-input":"required name=search_term_string"}],"inLanguage":"fr-FR"},{"@type":"Organization","@id":"https:\/\/vosgesinfo.fr\/remiremontinfo\/#organization","name":"Remiremont Info","url":"https:\/\/vosgesinfo.fr\/remiremontinfo\/","logo":{"@type":"ImageObject","inLanguage":"fr-FR","@id":"https:\/\/vosgesinfo.fr\/remiremontinfo\/#\/schema\/logo\/image\/","url":"https:\/\/vosgesinfo.fr\/app\/uploads\/sites\/5\/2023\/08\/favicon-remiremontinfo.png","contentUrl":"https:\/\/vosgesinfo.fr\/app\/uploads\/sites\/5\/2023\/08\/favicon-remiremontinfo.png","width":512,"height":512,"caption":"Remiremont Info"},"image":{"@id":"https:\/\/vosgesinfo.fr\/remiremontinfo\/#\/schema\/logo\/image\/"},"sameAs":["https:\/\/www.facebook.com\/remiremontinfo","https:\/\/x.com\/VosgesInfo88","https:\/\/www.youtube.com\/@vosgesinfo"]},{"@type":"Person","@id":"https:\/\/vosgesinfo.fr\/remiremontinfo\/#\/schema\/person\/27a3695b06db98895b354c0765cdfc31","name":"La redaction","image":{"@type":"ImageObject","inLanguage":"fr-FR","@id":"https:\/\/vosgesinfo.fr\/remiremontinfo\/#\/schema\/person\/image\/","url":"https:\/\/secure.gravatar.com\/avatar\/64c76a78e501cedee55736f43f332df901e1896ae9cd8fad269ae2236dd0e8b6?s=96&d=mm&r=g","contentUrl":"https:\/\/secure.gravatar.com\/avatar\/64c76a78e501cedee55736f43f332df901e1896ae9cd8fad269ae2236dd0e8b6?s=96&d=mm&r=g","caption":"La redaction"},"url":"https:\/\/vosgesinfo.fr\/remiremontinfo\/author\/la-redaction\/"}]}},"_links":{"self":[{"href":"https:\/\/vosgesinfo.fr\/remiremontinfo\/wp-json\/wp\/v2\/posts\/80296","targetHints":{"allow":["GET"]}}],"collection":[{"href":"https:\/\/vosgesinfo.fr\/remiremontinfo\/wp-json\/wp\/v2\/posts"}],"about":[{"href":"https:\/\/vosgesinfo.fr\/remiremontinfo\/wp-json\/wp\/v2\/types\/post"}],"author":[{"embeddable":true,"href":"https:\/\/vosgesinfo.fr\/remiremontinfo\/wp-json\/wp\/v2\/users\/391"}],"replies":[{"embeddable":true,"href":"https:\/\/vosgesinfo.fr\/remiremontinfo\/wp-json\/wp\/v2\/comments?post=80296"}],"version-history":[{"count":1,"href":"https:\/\/vosgesinfo.fr\/remiremontinfo\/wp-json\/wp\/v2\/posts\/80296\/revisions"}],"predecessor-version":[{"id":80298,"href":"https:\/\/vosgesinfo.fr\/remiremontinfo\/wp-json\/wp\/v2\/posts\/80296\/revisions\/80298"}],"wp:featuredmedia":[{"embeddable":true,"href":"https:\/\/vosgesinfo.fr\/remiremontinfo\/wp-json\/wp\/v2\/media\/80297"}],"wp:attachment":[{"href":"https:\/\/vosgesinfo.fr\/remiremontinfo\/wp-json\/wp\/v2\/media?parent=80296"}],"wp:term":[{"taxonomy":"category","embeddable":true,"href":"https:\/\/vosgesinfo.fr\/remiremontinfo\/wp-json\/wp\/v2\/categories?post=80296"},{"taxonomy":"post_tag","embeddable":true,"href":"https:\/\/vosgesinfo.fr\/remiremontinfo\/wp-json\/wp\/v2\/tags?post=80296"}],"curies":[{"name":"wp","href":"https:\/\/api.w.org\/{rel}","templated":true}]}}