{"id":80299,"date":"2025-04-01T18:00:55","date_gmt":"2025-04-01T16:00:55","guid":{"rendered":"https:\/\/vosgesinfo.fr\/remiremontinfo\/?p=80299"},"modified":"2025-04-01T14:29:50","modified_gmt":"2025-04-01T12:29:50","slug":"ateliers-micro-folie-au-cdi-pour-la-semaine-culturelle-du-lycee-malraux","status":"publish","type":"post","link":"https:\/\/vosgesinfo.fr\/remiremontinfo\/2025\/04\/ateliers-micro-folie-au-cdi-pour-la-semaine-culturelle-du-lycee-malraux\/","title":{"rendered":"Ateliers Micro-folie au CDI pour la semaine culturelle du lyc\u00e9e Malraux"},"content":{"rendered":"<p style=\"text-align: center;\" data-pm-slice=\"1 1 []\"><strong>Ateliers Micro-folie au CDI pour la semaine culturelle du lyc\u00e9e Malraux<\/strong><\/p>\n<div id=\"attachment_80301\" style=\"width: 1290px\" class=\"wp-caption aligncenter\"><a href=\"https:\/\/vosgesinfo.fr\/app\/uploads\/sites\/5\/2025\/04\/ateliers-micro-folie-malraux-1.jpeg\"><img decoding=\"async\" aria-describedby=\"caption-attachment-80301\" class=\"size-full wp-image-80301\" src=\"https:\/\/vosgesinfo.fr\/app\/uploads\/sites\/5\/2025\/04\/ateliers-micro-folie-malraux-1.jpeg\" alt=\"\" width=\"1280\" height=\"960\" srcset=\"https:\/\/vosgesinfo.fr\/app\/uploads\/sites\/5\/2025\/04\/ateliers-micro-folie-malraux-1.jpeg 1280w, https:\/\/vosgesinfo.fr\/app\/uploads\/sites\/5\/2025\/04\/ateliers-micro-folie-malraux-1-300x225.jpeg 300w, https:\/\/vosgesinfo.fr\/app\/uploads\/sites\/5\/2025\/04\/ateliers-micro-folie-malraux-1-1024x768.jpeg 1024w, https:\/\/vosgesinfo.fr\/app\/uploads\/sites\/5\/2025\/04\/ateliers-micro-folie-malraux-1-768x576.jpeg 768w\" sizes=\"(max-width: 1280px) 100vw, 1280px\" \/><\/a><p id=\"caption-attachment-80301\" class=\"wp-caption-text\">Photographie : Lyc\u00e9e Malraux.<\/p><\/div>\n<p>Lundi 31 mars, Lolane Cournez, coordonnatrice du CT-EAC de la communaut\u00e9 de communes de la Porte des Vosges M\u00e9ridionales, a anim\u00e9 des ateliers Micro-folie toute la journ\u00e9e au CDI sur les th\u00e8mes du street Art, de la renaissance, du cin\u00e9ma pour les classes volontaires dans le cadre de la semaine culturelle du lyc\u00e9e Malraux (Mmes Engelbert, Toba, Devalliere, Tissier, M. Puget).<\/p>\n<p>Les \u00e9l\u00e8ves ont pu travailler la perspective et l&rsquo;histoire du cin\u00e9ma, ainsi que les grandes \u00e9tapes de la Renaissance.<\/p>\n<p>Ils ont aussi d\u00e9couvert les casques de r\u00e9alit\u00e9 virtuelle et les tablettes supports des animations propos\u00e9s par la CCPVM.<\/p>\n<div id=\"attachment_80300\" style=\"width: 1290px\" class=\"wp-caption aligncenter\"><a href=\"https:\/\/vosgesinfo.fr\/app\/uploads\/sites\/5\/2025\/04\/ateliers-micro-folie-malraux.jpeg\"><img decoding=\"async\" aria-describedby=\"caption-attachment-80300\" class=\"size-full wp-image-80300\" src=\"https:\/\/vosgesinfo.fr\/app\/uploads\/sites\/5\/2025\/04\/ateliers-micro-folie-malraux.jpeg\" alt=\"\" width=\"1280\" height=\"785\" srcset=\"https:\/\/vosgesinfo.fr\/app\/uploads\/sites\/5\/2025\/04\/ateliers-micro-folie-malraux.jpeg 1280w, https:\/\/vosgesinfo.fr\/app\/uploads\/sites\/5\/2025\/04\/ateliers-micro-folie-malraux-300x184.jpeg 300w, https:\/\/vosgesinfo.fr\/app\/uploads\/sites\/5\/2025\/04\/ateliers-micro-folie-malraux-1024x628.jpeg 1024w, https:\/\/vosgesinfo.fr\/app\/uploads\/sites\/5\/2025\/04\/ateliers-micro-folie-malraux-768x471.jpeg 768w\" sizes=\"(max-width: 1280px) 100vw, 1280px\" \/><\/a><p id=\"caption-attachment-80300\" class=\"wp-caption-text\">Photographie : Lyc\u00e9e Malraux.<\/p><\/div>\n","protected":false},"excerpt":{"rendered":"<p>Ateliers Micro-folie au CDI pour la semaine culturelle du lyc\u00e9e Malraux Lundi 31 mars, Lolane Cournez, coordonnatrice du CT-EAC de [&hellip;]<\/p>\n","protected":false},"author":391,"featured_media":80301,"comment_status":"open","ping_status":"open","sticky":false,"template":"","format":"standard","meta":{"footnotes":""},"categories":[26,165,43],"tags":[7600,737],"class_list":["post-80299","post","type-post","status-publish","format-standard","has-post-thumbnail","hentry","category-a-la-une","category-enseignement","category-remiremont-remiremont-son-canton","tag-ateliers-micro-folie","tag-lycee-andre-malraux"],"acf":[],"yoast_head":"<!-- This site is optimized with the Yoast SEO plugin v22.5 - https:\/\/yoast.com\/wordpress\/plugins\/seo\/ -->\n<title>Ateliers Micro-folie au CDI pour la semaine culturelle du lyc\u00e9e Malraux - Remiremont Info<\/title>\n<meta name=\"robots\" content=\"index, follow, max-snippet:-1, max-image-preview:large, max-video-preview:-1\" \/>\n<link rel=\"canonical\" href=\"https:\/\/vosgesinfo.fr\/remiremontinfo\/2025\/04\/ateliers-micro-folie-au-cdi-pour-la-semaine-culturelle-du-lycee-malraux\/\" \/>\n<meta name=\"twitter:card\" content=\"summary_large_image\" \/>\n<meta name=\"twitter:title\" content=\"Ateliers Micro-folie au CDI pour la semaine culturelle du lyc\u00e9e Malraux - Remiremont Info\" \/>\n<meta name=\"twitter:description\" content=\"Ateliers Micro-folie au CDI pour la semaine culturelle du lyc\u00e9e Malraux Lundi 31 mars, Lolane Cournez, coordonnatrice du CT-EAC de [&hellip;]\" \/>\n<meta name=\"twitter:image\" content=\"https:\/\/vosgesinfo.fr\/app\/uploads\/sites\/5\/2025\/04\/ateliers-micro-folie-malraux-1.jpeg\" \/>\n<meta name=\"twitter:creator\" content=\"@VosgesInfo88\" \/>\n<meta name=\"twitter:site\" content=\"@VosgesInfo88\" \/>\n<meta name=\"twitter:label1\" content=\"\u00c9crit par\" \/>\n\t<meta name=\"twitter:data1\" content=\"La redaction\" \/>\n\t<meta name=\"twitter:label2\" content=\"Dur\u00e9e de lecture estim\u00e9e\" \/>\n\t<meta name=\"twitter:data2\" content=\"1 minute\" \/>\n<script type=\"application\/ld+json\" class=\"yoast-schema-graph\">{\"@context\":\"https:\/\/schema.org\",\"@graph\":[{\"@type\":\"Article\",\"@id\":\"https:\/\/vosgesinfo.fr\/remiremontinfo\/2025\/04\/ateliers-micro-folie-au-cdi-pour-la-semaine-culturelle-du-lycee-malraux\/#article\",\"isPartOf\":{\"@id\":\"https:\/\/vosgesinfo.fr\/remiremontinfo\/2025\/04\/ateliers-micro-folie-au-cdi-pour-la-semaine-culturelle-du-lycee-malraux\/\"},\"author\":{\"name\":\"La redaction\",\"@id\":\"https:\/\/vosgesinfo.fr\/remiremontinfo\/#\/schema\/person\/27a3695b06db98895b354c0765cdfc31\"},\"headline\":\"Ateliers Micro-folie au CDI pour la semaine culturelle du lyc\u00e9e Malraux\",\"datePublished\":\"2025-04-01T16:00:55+00:00\",\"dateModified\":\"2025-04-01T12:29:50+00:00\",\"mainEntityOfPage\":{\"@id\":\"https:\/\/vosgesinfo.fr\/remiremontinfo\/2025\/04\/ateliers-micro-folie-au-cdi-pour-la-semaine-culturelle-du-lycee-malraux\/\"},\"wordCount\":155,\"commentCount\":0,\"publisher\":{\"@id\":\"https:\/\/vosgesinfo.fr\/remiremontinfo\/#organization\"},\"image\":{\"@id\":\"https:\/\/vosgesinfo.fr\/remiremontinfo\/2025\/04\/ateliers-micro-folie-au-cdi-pour-la-semaine-culturelle-du-lycee-malraux\/#primaryimage\"},\"thumbnailUrl\":\"https:\/\/vosgesinfo.fr\/app\/uploads\/sites\/5\/2025\/04\/ateliers-micro-folie-malraux-1.jpeg\",\"keywords\":[\"Ateliers Micro-folie\",\"Lyc\u00e9e Andr\u00e9-Malraux\"],\"articleSection\":[\"A la Une\",\"Enseignement\",\"Remiremont\"],\"inLanguage\":\"fr-FR\",\"potentialAction\":[{\"@type\":\"CommentAction\",\"name\":\"Comment\",\"target\":[\"https:\/\/vosgesinfo.fr\/remiremontinfo\/2025\/04\/ateliers-micro-folie-au-cdi-pour-la-semaine-culturelle-du-lycee-malraux\/#respond\"]}]},{\"@type\":\"WebPage\",\"@id\":\"https:\/\/vosgesinfo.fr\/remiremontinfo\/2025\/04\/ateliers-micro-folie-au-cdi-pour-la-semaine-culturelle-du-lycee-malraux\/\",\"url\":\"https:\/\/vosgesinfo.fr\/remiremontinfo\/2025\/04\/ateliers-micro-folie-au-cdi-pour-la-semaine-culturelle-du-lycee-malraux\/\",\"name\":\"Ateliers Micro-folie au CDI pour la semaine culturelle du lyc\u00e9e Malraux - Remiremont Info\",\"isPartOf\":{\"@id\":\"https:\/\/vosgesinfo.fr\/remiremontinfo\/#website\"},\"primaryImageOfPage\":{\"@id\":\"https:\/\/vosgesinfo.fr\/remiremontinfo\/2025\/04\/ateliers-micro-folie-au-cdi-pour-la-semaine-culturelle-du-lycee-malraux\/#primaryimage\"},\"image\":{\"@id\":\"https:\/\/vosgesinfo.fr\/remiremontinfo\/2025\/04\/ateliers-micro-folie-au-cdi-pour-la-semaine-culturelle-du-lycee-malraux\/#primaryimage\"},\"thumbnailUrl\":\"https:\/\/vosgesinfo.fr\/app\/uploads\/sites\/5\/2025\/04\/ateliers-micro-folie-malraux-1.jpeg\",\"datePublished\":\"2025-04-01T16:00:55+00:00\",\"dateModified\":\"2025-04-01T12:29:50+00:00\",\"breadcrumb\":{\"@id\":\"https:\/\/vosgesinfo.fr\/remiremontinfo\/2025\/04\/ateliers-micro-folie-au-cdi-pour-la-semaine-culturelle-du-lycee-malraux\/#breadcrumb\"},\"inLanguage\":\"fr-FR\",\"potentialAction\":[{\"@type\":\"ReadAction\",\"target\":[\"https:\/\/vosgesinfo.fr\/remiremontinfo\/2025\/04\/ateliers-micro-folie-au-cdi-pour-la-semaine-culturelle-du-lycee-malraux\/\"]}]},{\"@type\":\"ImageObject\",\"inLanguage\":\"fr-FR\",\"@id\":\"https:\/\/vosgesinfo.fr\/remiremontinfo\/2025\/04\/ateliers-micro-folie-au-cdi-pour-la-semaine-culturelle-du-lycee-malraux\/#primaryimage\",\"url\":\"https:\/\/vosgesinfo.fr\/app\/uploads\/sites\/5\/2025\/04\/ateliers-micro-folie-malraux-1.jpeg\",\"contentUrl\":\"https:\/\/vosgesinfo.fr\/app\/uploads\/sites\/5\/2025\/04\/ateliers-micro-folie-malraux-1.jpeg\",\"width\":1280,\"height\":960,\"caption\":\"Photographie : Lyc\u00e9e Malraux.\"},{\"@type\":\"BreadcrumbList\",\"@id\":\"https:\/\/vosgesinfo.fr\/remiremontinfo\/2025\/04\/ateliers-micro-folie-au-cdi-pour-la-semaine-culturelle-du-lycee-malraux\/#breadcrumb\",\"itemListElement\":[{\"@type\":\"ListItem\",\"position\":1,\"name\":\"Home\",\"item\":\"https:\/\/vosgesinfo.fr\/remiremontinfo\/\"},{\"@type\":\"ListItem\",\"position\":2,\"name\":\"Ateliers Micro-folie au CDI pour la semaine culturelle du lyc\u00e9e Malraux\"}]},{\"@type\":\"WebSite\",\"@id\":\"https:\/\/vosgesinfo.fr\/remiremontinfo\/#website\",\"url\":\"https:\/\/vosgesinfo.fr\/remiremontinfo\/\",\"name\":\"Remiremont Info\",\"description\":\"Toute l&#039;actualit\u00e9 de Remiremont\",\"publisher\":{\"@id\":\"https:\/\/vosgesinfo.fr\/remiremontinfo\/#organization\"},\"alternateName\":\"Toute l'actualit\u00e9 de Remiremont\",\"potentialAction\":[{\"@type\":\"SearchAction\",\"target\":{\"@type\":\"EntryPoint\",\"urlTemplate\":\"https:\/\/vosgesinfo.fr\/remiremontinfo\/?s={search_term_string}\"},\"query-input\":\"required name=search_term_string\"}],\"inLanguage\":\"fr-FR\"},{\"@type\":\"Organization\",\"@id\":\"https:\/\/vosgesinfo.fr\/remiremontinfo\/#organization\",\"name\":\"Remiremont Info\",\"url\":\"https:\/\/vosgesinfo.fr\/remiremontinfo\/\",\"logo\":{\"@type\":\"ImageObject\",\"inLanguage\":\"fr-FR\",\"@id\":\"https:\/\/vosgesinfo.fr\/remiremontinfo\/#\/schema\/logo\/image\/\",\"url\":\"https:\/\/vosgesinfo.fr\/app\/uploads\/sites\/5\/2023\/08\/favicon-remiremontinfo.png\",\"contentUrl\":\"https:\/\/vosgesinfo.fr\/app\/uploads\/sites\/5\/2023\/08\/favicon-remiremontinfo.png\",\"width\":512,\"height\":512,\"caption\":\"Remiremont Info\"},\"image\":{\"@id\":\"https:\/\/vosgesinfo.fr\/remiremontinfo\/#\/schema\/logo\/image\/\"},\"sameAs\":[\"https:\/\/www.facebook.com\/remiremontinfo\",\"https:\/\/x.com\/VosgesInfo88\",\"https:\/\/www.youtube.com\/@vosgesinfo\"]},{\"@type\":\"Person\",\"@id\":\"https:\/\/vosgesinfo.fr\/remiremontinfo\/#\/schema\/person\/27a3695b06db98895b354c0765cdfc31\",\"name\":\"La redaction\",\"image\":{\"@type\":\"ImageObject\",\"inLanguage\":\"fr-FR\",\"@id\":\"https:\/\/vosgesinfo.fr\/remiremontinfo\/#\/schema\/person\/image\/\",\"url\":\"https:\/\/secure.gravatar.com\/avatar\/64c76a78e501cedee55736f43f332df901e1896ae9cd8fad269ae2236dd0e8b6?s=96&d=mm&r=g\",\"contentUrl\":\"https:\/\/secure.gravatar.com\/avatar\/64c76a78e501cedee55736f43f332df901e1896ae9cd8fad269ae2236dd0e8b6?s=96&d=mm&r=g\",\"caption\":\"La redaction\"},\"url\":\"https:\/\/vosgesinfo.fr\/remiremontinfo\/author\/la-redaction\/\"}]}<\/script>\n<!-- \/ Yoast SEO plugin. -->","yoast_head_json":{"title":"Ateliers Micro-folie au CDI pour la semaine culturelle du lyc\u00e9e Malraux - Remiremont Info","robots":{"index":"index","follow":"follow","max-snippet":"max-snippet:-1","max-image-preview":"max-image-preview:large","max-video-preview":"max-video-preview:-1"},"canonical":"https:\/\/vosgesinfo.fr\/remiremontinfo\/2025\/04\/ateliers-micro-folie-au-cdi-pour-la-semaine-culturelle-du-lycee-malraux\/","twitter_card":"summary_large_image","twitter_title":"Ateliers Micro-folie au CDI pour la semaine culturelle du lyc\u00e9e Malraux - Remiremont Info","twitter_description":"Ateliers Micro-folie au CDI pour la semaine culturelle du lyc\u00e9e Malraux Lundi 31 mars, Lolane Cournez, coordonnatrice du CT-EAC de [&hellip;]","twitter_image":"https:\/\/vosgesinfo.fr\/app\/uploads\/sites\/5\/2025\/04\/ateliers-micro-folie-malraux-1.jpeg","twitter_creator":"@VosgesInfo88","twitter_site":"@VosgesInfo88","twitter_misc":{"\u00c9crit par":"La redaction","Dur\u00e9e de lecture estim\u00e9e":"1 minute"},"schema":{"@context":"https:\/\/schema.org","@graph":[{"@type":"Article","@id":"https:\/\/vosgesinfo.fr\/remiremontinfo\/2025\/04\/ateliers-micro-folie-au-cdi-pour-la-semaine-culturelle-du-lycee-malraux\/#article","isPartOf":{"@id":"https:\/\/vosgesinfo.fr\/remiremontinfo\/2025\/04\/ateliers-micro-folie-au-cdi-pour-la-semaine-culturelle-du-lycee-malraux\/"},"author":{"name":"La redaction","@id":"https:\/\/vosgesinfo.fr\/remiremontinfo\/#\/schema\/person\/27a3695b06db98895b354c0765cdfc31"},"headline":"Ateliers Micro-folie au CDI pour la semaine culturelle du lyc\u00e9e Malraux","datePublished":"2025-04-01T16:00:55+00:00","dateModified":"2025-04-01T12:29:50+00:00","mainEntityOfPage":{"@id":"https:\/\/vosgesinfo.fr\/remiremontinfo\/2025\/04\/ateliers-micro-folie-au-cdi-pour-la-semaine-culturelle-du-lycee-malraux\/"},"wordCount":155,"commentCount":0,"publisher":{"@id":"https:\/\/vosgesinfo.fr\/remiremontinfo\/#organization"},"image":{"@id":"https:\/\/vosgesinfo.fr\/remiremontinfo\/2025\/04\/ateliers-micro-folie-au-cdi-pour-la-semaine-culturelle-du-lycee-malraux\/#primaryimage"},"thumbnailUrl":"https:\/\/vosgesinfo.fr\/app\/uploads\/sites\/5\/2025\/04\/ateliers-micro-folie-malraux-1.jpeg","keywords":["Ateliers Micro-folie","Lyc\u00e9e Andr\u00e9-Malraux"],"articleSection":["A la Une","Enseignement","Remiremont"],"inLanguage":"fr-FR","potentialAction":[{"@type":"CommentAction","name":"Comment","target":["https:\/\/vosgesinfo.fr\/remiremontinfo\/2025\/04\/ateliers-micro-folie-au-cdi-pour-la-semaine-culturelle-du-lycee-malraux\/#respond"]}]},{"@type":"WebPage","@id":"https:\/\/vosgesinfo.fr\/remiremontinfo\/2025\/04\/ateliers-micro-folie-au-cdi-pour-la-semaine-culturelle-du-lycee-malraux\/","url":"https:\/\/vosgesinfo.fr\/remiremontinfo\/2025\/04\/ateliers-micro-folie-au-cdi-pour-la-semaine-culturelle-du-lycee-malraux\/","name":"Ateliers Micro-folie au CDI pour la semaine culturelle du lyc\u00e9e Malraux - Remiremont Info","isPartOf":{"@id":"https:\/\/vosgesinfo.fr\/remiremontinfo\/#website"},"primaryImageOfPage":{"@id":"https:\/\/vosgesinfo.fr\/remiremontinfo\/2025\/04\/ateliers-micro-folie-au-cdi-pour-la-semaine-culturelle-du-lycee-malraux\/#primaryimage"},"image":{"@id":"https:\/\/vosgesinfo.fr\/remiremontinfo\/2025\/04\/ateliers-micro-folie-au-cdi-pour-la-semaine-culturelle-du-lycee-malraux\/#primaryimage"},"thumbnailUrl":"https:\/\/vosgesinfo.fr\/app\/uploads\/sites\/5\/2025\/04\/ateliers-micro-folie-malraux-1.jpeg","datePublished":"2025-04-01T16:00:55+00:00","dateModified":"2025-04-01T12:29:50+00:00","breadcrumb":{"@id":"https:\/\/vosgesinfo.fr\/remiremontinfo\/2025\/04\/ateliers-micro-folie-au-cdi-pour-la-semaine-culturelle-du-lycee-malraux\/#breadcrumb"},"inLanguage":"fr-FR","potentialAction":[{"@type":"ReadAction","target":["https:\/\/vosgesinfo.fr\/remiremontinfo\/2025\/04\/ateliers-micro-folie-au-cdi-pour-la-semaine-culturelle-du-lycee-malraux\/"]}]},{"@type":"ImageObject","inLanguage":"fr-FR","@id":"https:\/\/vosgesinfo.fr\/remiremontinfo\/2025\/04\/ateliers-micro-folie-au-cdi-pour-la-semaine-culturelle-du-lycee-malraux\/#primaryimage","url":"https:\/\/vosgesinfo.fr\/app\/uploads\/sites\/5\/2025\/04\/ateliers-micro-folie-malraux-1.jpeg","contentUrl":"https:\/\/vosgesinfo.fr\/app\/uploads\/sites\/5\/2025\/04\/ateliers-micro-folie-malraux-1.jpeg","width":1280,"height":960,"caption":"Photographie : Lyc\u00e9e Malraux."},{"@type":"BreadcrumbList","@id":"https:\/\/vosgesinfo.fr\/remiremontinfo\/2025\/04\/ateliers-micro-folie-au-cdi-pour-la-semaine-culturelle-du-lycee-malraux\/#breadcrumb","itemListElement":[{"@type":"ListItem","position":1,"name":"Home","item":"https:\/\/vosgesinfo.fr\/remiremontinfo\/"},{"@type":"ListItem","position":2,"name":"Ateliers Micro-folie au CDI pour la semaine culturelle du lyc\u00e9e Malraux"}]},{"@type":"WebSite","@id":"https:\/\/vosgesinfo.fr\/remiremontinfo\/#website","url":"https:\/\/vosgesinfo.fr\/remiremontinfo\/","name":"Remiremont Info","description":"Toute l&#039;actualit\u00e9 de Remiremont","publisher":{"@id":"https:\/\/vosgesinfo.fr\/remiremontinfo\/#organization"},"alternateName":"Toute l'actualit\u00e9 de Remiremont","potentialAction":[{"@type":"SearchAction","target":{"@type":"EntryPoint","urlTemplate":"https:\/\/vosgesinfo.fr\/remiremontinfo\/?s={search_term_string}"},"query-input":"required name=search_term_string"}],"inLanguage":"fr-FR"},{"@type":"Organization","@id":"https:\/\/vosgesinfo.fr\/remiremontinfo\/#organization","name":"Remiremont Info","url":"https:\/\/vosgesinfo.fr\/remiremontinfo\/","logo":{"@type":"ImageObject","inLanguage":"fr-FR","@id":"https:\/\/vosgesinfo.fr\/remiremontinfo\/#\/schema\/logo\/image\/","url":"https:\/\/vosgesinfo.fr\/app\/uploads\/sites\/5\/2023\/08\/favicon-remiremontinfo.png","contentUrl":"https:\/\/vosgesinfo.fr\/app\/uploads\/sites\/5\/2023\/08\/favicon-remiremontinfo.png","width":512,"height":512,"caption":"Remiremont Info"},"image":{"@id":"https:\/\/vosgesinfo.fr\/remiremontinfo\/#\/schema\/logo\/image\/"},"sameAs":["https:\/\/www.facebook.com\/remiremontinfo","https:\/\/x.com\/VosgesInfo88","https:\/\/www.youtube.com\/@vosgesinfo"]},{"@type":"Person","@id":"https:\/\/vosgesinfo.fr\/remiremontinfo\/#\/schema\/person\/27a3695b06db98895b354c0765cdfc31","name":"La redaction","image":{"@type":"ImageObject","inLanguage":"fr-FR","@id":"https:\/\/vosgesinfo.fr\/remiremontinfo\/#\/schema\/person\/image\/","url":"https:\/\/secure.gravatar.com\/avatar\/64c76a78e501cedee55736f43f332df901e1896ae9cd8fad269ae2236dd0e8b6?s=96&d=mm&r=g","contentUrl":"https:\/\/secure.gravatar.com\/avatar\/64c76a78e501cedee55736f43f332df901e1896ae9cd8fad269ae2236dd0e8b6?s=96&d=mm&r=g","caption":"La redaction"},"url":"https:\/\/vosgesinfo.fr\/remiremontinfo\/author\/la-redaction\/"}]}},"_links":{"self":[{"href":"https:\/\/vosgesinfo.fr\/remiremontinfo\/wp-json\/wp\/v2\/posts\/80299","targetHints":{"allow":["GET"]}}],"collection":[{"href":"https:\/\/vosgesinfo.fr\/remiremontinfo\/wp-json\/wp\/v2\/posts"}],"about":[{"href":"https:\/\/vosgesinfo.fr\/remiremontinfo\/wp-json\/wp\/v2\/types\/post"}],"author":[{"embeddable":true,"href":"https:\/\/vosgesinfo.fr\/remiremontinfo\/wp-json\/wp\/v2\/users\/391"}],"replies":[{"embeddable":true,"href":"https:\/\/vosgesinfo.fr\/remiremontinfo\/wp-json\/wp\/v2\/comments?post=80299"}],"version-history":[{"count":1,"href":"https:\/\/vosgesinfo.fr\/remiremontinfo\/wp-json\/wp\/v2\/posts\/80299\/revisions"}],"predecessor-version":[{"id":80302,"href":"https:\/\/vosgesinfo.fr\/remiremontinfo\/wp-json\/wp\/v2\/posts\/80299\/revisions\/80302"}],"wp:featuredmedia":[{"embeddable":true,"href":"https:\/\/vosgesinfo.fr\/remiremontinfo\/wp-json\/wp\/v2\/media\/80301"}],"wp:attachment":[{"href":"https:\/\/vosgesinfo.fr\/remiremontinfo\/wp-json\/wp\/v2\/media?parent=80299"}],"wp:term":[{"taxonomy":"category","embeddable":true,"href":"https:\/\/vosgesinfo.fr\/remiremontinfo\/wp-json\/wp\/v2\/categories?post=80299"},{"taxonomy":"post_tag","embeddable":true,"href":"https:\/\/vosgesinfo.fr\/remiremontinfo\/wp-json\/wp\/v2\/tags?post=80299"}],"curies":[{"name":"wp","href":"https:\/\/api.w.org\/{rel}","templated":true}]}}