{"id":80353,"date":"2025-04-02T19:53:27","date_gmt":"2025-04-02T17:53:27","guid":{"rendered":"https:\/\/vosgesinfo.fr\/remiremontinfo\/?p=80353"},"modified":"2025-04-02T20:01:12","modified_gmt":"2025-04-02T18:01:12","slug":"un-convoi-exceptionnel-perd-son-chargement-sur-la-n66-a-hauteur-de-st-etienne-les-remiremont-circulation-perturbee","status":"publish","type":"post","link":"https:\/\/vosgesinfo.fr\/remiremontinfo\/2025\/04\/un-convoi-exceptionnel-perd-son-chargement-sur-la-n66-a-hauteur-de-st-etienne-les-remiremont-circulation-perturbee\/","title":{"rendered":"Un convoi exceptionnel perd son chargement sur la N66 \u00e0 hauteur de St-Etienne-l\u00e8s-Remiremont : circulation perturb\u00e9e"},"content":{"rendered":"<div id=\"attachment_80354\" style=\"width: 792px\" class=\"wp-caption aligncenter\"><a href=\"https:\/\/vosgesinfo.fr\/app\/uploads\/sites\/5\/2025\/04\/convoi-exceptionnelle-chargement.jpg\"><img decoding=\"async\" aria-describedby=\"caption-attachment-80354\" class=\"size-full wp-image-80354\" src=\"https:\/\/vosgesinfo.fr\/app\/uploads\/sites\/5\/2025\/04\/convoi-exceptionnelle-chargement.jpg\" alt=\"\" width=\"782\" height=\"920\" srcset=\"https:\/\/vosgesinfo.fr\/app\/uploads\/sites\/5\/2025\/04\/convoi-exceptionnelle-chargement.jpg 782w, https:\/\/vosgesinfo.fr\/app\/uploads\/sites\/5\/2025\/04\/convoi-exceptionnelle-chargement-255x300.jpg 255w, https:\/\/vosgesinfo.fr\/app\/uploads\/sites\/5\/2025\/04\/convoi-exceptionnelle-chargement-768x904.jpg 768w\" sizes=\"(max-width: 782px) 100vw, 782px\" \/><\/a><p id=\"caption-attachment-80354\" class=\"wp-caption-text\">Image extraite de la vid\u00e9o amateur &#8211; Facebook Le Pont de la Fonderie.<\/p><\/div>\n<p data-pm-slice=\"1 1 []\"><strong>Ce mercredi 2 avril, en fin de journ\u00e9e, un convoi exceptionnel a perdu son chargement sur la N66, dans le sens Saint-\u00c9tienne-l\u00e8s-Remiremont &gt; Remiremont.<\/strong><\/p>\n<p>Une vid\u00e9o amateur partag\u00e9e sur la page Facebook \u00ab\u00a0<em>Le Pont de la Fonderie<\/em>\u00ab\u00a0, qui partage r\u00e9guli\u00e8rement des accidents de poids-lourds, montre la sc\u00e8ne au niveau du pont juste avant la bretelle d\u2019insertion au niveau de Saint-\u00c9tienne. Une mauvaise \u00e9valuation de la hauteur du pont pourrait \u00eatre en cause, mais les circonstances exactes restent encore \u00e0 d\u00e9terminer.<\/p>\n<p>Pour l\u2019heure, la circulation est toujours impact\u00e9e, le convoi \u00e9tant toujours pr\u00e9sent sur la 4 voies. Il est recommand\u00e9 d\u2019\u00e9viter le secteur et de redoubler de prudence.<\/p>\n<p><iframe loading=\"lazy\" style=\"border: none; overflow: hidden;\" src=\"https:\/\/www.facebook.com\/plugins\/video.php?height=476&amp;href=https%3A%2F%2Fwww.facebook.com%2FPontDeLaFonderie%2Fvideos%2F2079679145834855%2F&amp;show_text=false&amp;width=357&amp;t=0\" width=\"357\" height=\"476\" frameborder=\"0\" scrolling=\"no\" allowfullscreen=\"allowfullscreen\"><\/iframe><\/p>\n","protected":false},"excerpt":{"rendered":"<p>Ce mercredi 2 avril, en fin de journ\u00e9e, un convoi exceptionnel a perdu son chargement sur la N66, dans le [&hellip;]<\/p>\n","protected":false},"author":418,"featured_media":80354,"comment_status":"open","ping_status":"open","sticky":false,"template":"","format":"standard","meta":{"footnotes":""},"categories":[26,70,8,43,155],"tags":[294,7621,325],"class_list":["post-80353","post","type-post","status-publish","format-standard","has-post-thumbnail","hentry","category-a-la-une","category-circulation","category-faits-divers","category-remiremont-remiremont-son-canton","category-saint-etienne","tag-accident","tag-convoi-exceptionnel","tag-fait-divers"],"acf":[],"yoast_head":"<!-- This site is optimized with the Yoast SEO plugin v22.5 - https:\/\/yoast.com\/wordpress\/plugins\/seo\/ -->\n<title>Un convoi exceptionnel perd son chargement sur la N66 \u00e0 hauteur de St-Etienne-l\u00e8s-Remiremont : circulation perturb\u00e9e - Remiremont Info<\/title>\n<meta name=\"robots\" content=\"index, follow, max-snippet:-1, max-image-preview:large, max-video-preview:-1\" \/>\n<link rel=\"canonical\" href=\"https:\/\/vosgesinfo.fr\/remiremontinfo\/2025\/04\/un-convoi-exceptionnel-perd-son-chargement-sur-la-n66-a-hauteur-de-st-etienne-les-remiremont-circulation-perturbee\/\" \/>\n<meta name=\"twitter:card\" content=\"summary_large_image\" \/>\n<meta name=\"twitter:title\" content=\"Un convoi exceptionnel perd son chargement sur la N66 \u00e0 hauteur de St-Etienne-l\u00e8s-Remiremont : circulation perturb\u00e9e - Remiremont Info\" \/>\n<meta name=\"twitter:description\" content=\"Ce mercredi 2 avril, en fin de journ\u00e9e, un convoi exceptionnel a perdu son chargement sur la N66, dans le [&hellip;]\" \/>\n<meta name=\"twitter:image\" content=\"https:\/\/vosgesinfo.fr\/app\/uploads\/sites\/5\/2025\/04\/convoi-exceptionnelle-chargement.jpg\" \/>\n<meta name=\"twitter:creator\" content=\"@VosgesInfo88\" \/>\n<meta name=\"twitter:site\" content=\"@VosgesInfo88\" \/>\n<meta name=\"twitter:label1\" content=\"\u00c9crit par\" \/>\n\t<meta name=\"twitter:data1\" content=\"C.M\" \/>\n\t<meta name=\"twitter:label2\" content=\"Dur\u00e9e de lecture estim\u00e9e\" \/>\n\t<meta name=\"twitter:data2\" content=\"2 minutes\" \/>\n<script type=\"application\/ld+json\" class=\"yoast-schema-graph\">{\"@context\":\"https:\/\/schema.org\",\"@graph\":[{\"@type\":\"Article\",\"@id\":\"https:\/\/vosgesinfo.fr\/remiremontinfo\/2025\/04\/un-convoi-exceptionnel-perd-son-chargement-sur-la-n66-a-hauteur-de-st-etienne-les-remiremont-circulation-perturbee\/#article\",\"isPartOf\":{\"@id\":\"https:\/\/vosgesinfo.fr\/remiremontinfo\/2025\/04\/un-convoi-exceptionnel-perd-son-chargement-sur-la-n66-a-hauteur-de-st-etienne-les-remiremont-circulation-perturbee\/\"},\"author\":{\"name\":\"C.M\",\"@id\":\"https:\/\/vosgesinfo.fr\/remiremontinfo\/#\/schema\/person\/4f38cd3068e342935b7304695c797d08\"},\"headline\":\"Un convoi exceptionnel perd son chargement sur la N66 \u00e0 hauteur de St-Etienne-l\u00e8s-Remiremont : circulation perturb\u00e9e\",\"datePublished\":\"2025-04-02T17:53:27+00:00\",\"dateModified\":\"2025-04-02T18:01:12+00:00\",\"mainEntityOfPage\":{\"@id\":\"https:\/\/vosgesinfo.fr\/remiremontinfo\/2025\/04\/un-convoi-exceptionnel-perd-son-chargement-sur-la-n66-a-hauteur-de-st-etienne-les-remiremont-circulation-perturbee\/\"},\"wordCount\":156,\"commentCount\":0,\"publisher\":{\"@id\":\"https:\/\/vosgesinfo.fr\/remiremontinfo\/#organization\"},\"image\":{\"@id\":\"https:\/\/vosgesinfo.fr\/remiremontinfo\/2025\/04\/un-convoi-exceptionnel-perd-son-chargement-sur-la-n66-a-hauteur-de-st-etienne-les-remiremont-circulation-perturbee\/#primaryimage\"},\"thumbnailUrl\":\"https:\/\/vosgesinfo.fr\/app\/uploads\/sites\/5\/2025\/04\/convoi-exceptionnelle-chargement.jpg\",\"keywords\":[\"accident\",\"Convoi exceptionnel\",\"fait divers\"],\"articleSection\":[\"A la Une\",\"Circulation\",\"Faits-divers\",\"Remiremont\",\"Saint-Etienne\"],\"inLanguage\":\"fr-FR\",\"potentialAction\":[{\"@type\":\"CommentAction\",\"name\":\"Comment\",\"target\":[\"https:\/\/vosgesinfo.fr\/remiremontinfo\/2025\/04\/un-convoi-exceptionnel-perd-son-chargement-sur-la-n66-a-hauteur-de-st-etienne-les-remiremont-circulation-perturbee\/#respond\"]}]},{\"@type\":\"WebPage\",\"@id\":\"https:\/\/vosgesinfo.fr\/remiremontinfo\/2025\/04\/un-convoi-exceptionnel-perd-son-chargement-sur-la-n66-a-hauteur-de-st-etienne-les-remiremont-circulation-perturbee\/\",\"url\":\"https:\/\/vosgesinfo.fr\/remiremontinfo\/2025\/04\/un-convoi-exceptionnel-perd-son-chargement-sur-la-n66-a-hauteur-de-st-etienne-les-remiremont-circulation-perturbee\/\",\"name\":\"Un convoi exceptionnel perd son chargement sur la N66 \u00e0 hauteur de St-Etienne-l\u00e8s-Remiremont : circulation perturb\u00e9e - Remiremont Info\",\"isPartOf\":{\"@id\":\"https:\/\/vosgesinfo.fr\/remiremontinfo\/#website\"},\"primaryImageOfPage\":{\"@id\":\"https:\/\/vosgesinfo.fr\/remiremontinfo\/2025\/04\/un-convoi-exceptionnel-perd-son-chargement-sur-la-n66-a-hauteur-de-st-etienne-les-remiremont-circulation-perturbee\/#primaryimage\"},\"image\":{\"@id\":\"https:\/\/vosgesinfo.fr\/remiremontinfo\/2025\/04\/un-convoi-exceptionnel-perd-son-chargement-sur-la-n66-a-hauteur-de-st-etienne-les-remiremont-circulation-perturbee\/#primaryimage\"},\"thumbnailUrl\":\"https:\/\/vosgesinfo.fr\/app\/uploads\/sites\/5\/2025\/04\/convoi-exceptionnelle-chargement.jpg\",\"datePublished\":\"2025-04-02T17:53:27+00:00\",\"dateModified\":\"2025-04-02T18:01:12+00:00\",\"breadcrumb\":{\"@id\":\"https:\/\/vosgesinfo.fr\/remiremontinfo\/2025\/04\/un-convoi-exceptionnel-perd-son-chargement-sur-la-n66-a-hauteur-de-st-etienne-les-remiremont-circulation-perturbee\/#breadcrumb\"},\"inLanguage\":\"fr-FR\",\"potentialAction\":[{\"@type\":\"ReadAction\",\"target\":[\"https:\/\/vosgesinfo.fr\/remiremontinfo\/2025\/04\/un-convoi-exceptionnel-perd-son-chargement-sur-la-n66-a-hauteur-de-st-etienne-les-remiremont-circulation-perturbee\/\"]}]},{\"@type\":\"ImageObject\",\"inLanguage\":\"fr-FR\",\"@id\":\"https:\/\/vosgesinfo.fr\/remiremontinfo\/2025\/04\/un-convoi-exceptionnel-perd-son-chargement-sur-la-n66-a-hauteur-de-st-etienne-les-remiremont-circulation-perturbee\/#primaryimage\",\"url\":\"https:\/\/vosgesinfo.fr\/app\/uploads\/sites\/5\/2025\/04\/convoi-exceptionnelle-chargement.jpg\",\"contentUrl\":\"https:\/\/vosgesinfo.fr\/app\/uploads\/sites\/5\/2025\/04\/convoi-exceptionnelle-chargement.jpg\",\"width\":782,\"height\":920,\"caption\":\"Image extraite de la vid\u00e9o amateur - Facebook Le Pont de la Fonderie.\"},{\"@type\":\"BreadcrumbList\",\"@id\":\"https:\/\/vosgesinfo.fr\/remiremontinfo\/2025\/04\/un-convoi-exceptionnel-perd-son-chargement-sur-la-n66-a-hauteur-de-st-etienne-les-remiremont-circulation-perturbee\/#breadcrumb\",\"itemListElement\":[{\"@type\":\"ListItem\",\"position\":1,\"name\":\"Home\",\"item\":\"https:\/\/vosgesinfo.fr\/remiremontinfo\/\"},{\"@type\":\"ListItem\",\"position\":2,\"name\":\"Un convoi exceptionnel perd son chargement sur la N66 \u00e0 hauteur de St-Etienne-l\u00e8s-Remiremont : circulation perturb\u00e9e\"}]},{\"@type\":\"WebSite\",\"@id\":\"https:\/\/vosgesinfo.fr\/remiremontinfo\/#website\",\"url\":\"https:\/\/vosgesinfo.fr\/remiremontinfo\/\",\"name\":\"Remiremont Info\",\"description\":\"Toute l&#039;actualit\u00e9 de Remiremont\",\"publisher\":{\"@id\":\"https:\/\/vosgesinfo.fr\/remiremontinfo\/#organization\"},\"alternateName\":\"Toute l'actualit\u00e9 de Remiremont\",\"potentialAction\":[{\"@type\":\"SearchAction\",\"target\":{\"@type\":\"EntryPoint\",\"urlTemplate\":\"https:\/\/vosgesinfo.fr\/remiremontinfo\/?s={search_term_string}\"},\"query-input\":\"required name=search_term_string\"}],\"inLanguage\":\"fr-FR\"},{\"@type\":\"Organization\",\"@id\":\"https:\/\/vosgesinfo.fr\/remiremontinfo\/#organization\",\"name\":\"Remiremont Info\",\"url\":\"https:\/\/vosgesinfo.fr\/remiremontinfo\/\",\"logo\":{\"@type\":\"ImageObject\",\"inLanguage\":\"fr-FR\",\"@id\":\"https:\/\/vosgesinfo.fr\/remiremontinfo\/#\/schema\/logo\/image\/\",\"url\":\"https:\/\/vosgesinfo.fr\/app\/uploads\/sites\/5\/2023\/08\/favicon-remiremontinfo.png\",\"contentUrl\":\"https:\/\/vosgesinfo.fr\/app\/uploads\/sites\/5\/2023\/08\/favicon-remiremontinfo.png\",\"width\":512,\"height\":512,\"caption\":\"Remiremont Info\"},\"image\":{\"@id\":\"https:\/\/vosgesinfo.fr\/remiremontinfo\/#\/schema\/logo\/image\/\"},\"sameAs\":[\"https:\/\/www.facebook.com\/remiremontinfo\",\"https:\/\/x.com\/VosgesInfo88\",\"https:\/\/www.youtube.com\/@vosgesinfo\"]},{\"@type\":\"Person\",\"@id\":\"https:\/\/vosgesinfo.fr\/remiremontinfo\/#\/schema\/person\/4f38cd3068e342935b7304695c797d08\",\"name\":\"C.M\",\"image\":{\"@type\":\"ImageObject\",\"inLanguage\":\"fr-FR\",\"@id\":\"https:\/\/vosgesinfo.fr\/remiremontinfo\/#\/schema\/person\/image\/\",\"url\":\"https:\/\/secure.gravatar.com\/avatar\/fe9daaef0164d920717484172682f3c5c9bcf7d42aa8c7048c76c34f0eb6c8da?s=96&d=mm&r=g\",\"contentUrl\":\"https:\/\/secure.gravatar.com\/avatar\/fe9daaef0164d920717484172682f3c5c9bcf7d42aa8c7048c76c34f0eb6c8da?s=96&d=mm&r=g\",\"caption\":\"C.M\"},\"url\":\"https:\/\/vosgesinfo.fr\/remiremontinfo\/author\/cm88200\/\"}]}<\/script>\n<!-- \/ Yoast SEO plugin. -->","yoast_head_json":{"title":"Un convoi exceptionnel perd son chargement sur la N66 \u00e0 hauteur de St-Etienne-l\u00e8s-Remiremont : circulation perturb\u00e9e - Remiremont Info","robots":{"index":"index","follow":"follow","max-snippet":"max-snippet:-1","max-image-preview":"max-image-preview:large","max-video-preview":"max-video-preview:-1"},"canonical":"https:\/\/vosgesinfo.fr\/remiremontinfo\/2025\/04\/un-convoi-exceptionnel-perd-son-chargement-sur-la-n66-a-hauteur-de-st-etienne-les-remiremont-circulation-perturbee\/","twitter_card":"summary_large_image","twitter_title":"Un convoi exceptionnel perd son chargement sur la N66 \u00e0 hauteur de St-Etienne-l\u00e8s-Remiremont : circulation perturb\u00e9e - Remiremont Info","twitter_description":"Ce mercredi 2 avril, en fin de journ\u00e9e, un convoi exceptionnel a perdu son chargement sur la N66, dans le [&hellip;]","twitter_image":"https:\/\/vosgesinfo.fr\/app\/uploads\/sites\/5\/2025\/04\/convoi-exceptionnelle-chargement.jpg","twitter_creator":"@VosgesInfo88","twitter_site":"@VosgesInfo88","twitter_misc":{"\u00c9crit par":"C.M","Dur\u00e9e de lecture estim\u00e9e":"2 minutes"},"schema":{"@context":"https:\/\/schema.org","@graph":[{"@type":"Article","@id":"https:\/\/vosgesinfo.fr\/remiremontinfo\/2025\/04\/un-convoi-exceptionnel-perd-son-chargement-sur-la-n66-a-hauteur-de-st-etienne-les-remiremont-circulation-perturbee\/#article","isPartOf":{"@id":"https:\/\/vosgesinfo.fr\/remiremontinfo\/2025\/04\/un-convoi-exceptionnel-perd-son-chargement-sur-la-n66-a-hauteur-de-st-etienne-les-remiremont-circulation-perturbee\/"},"author":{"name":"C.M","@id":"https:\/\/vosgesinfo.fr\/remiremontinfo\/#\/schema\/person\/4f38cd3068e342935b7304695c797d08"},"headline":"Un convoi exceptionnel perd son chargement sur la N66 \u00e0 hauteur de St-Etienne-l\u00e8s-Remiremont : circulation perturb\u00e9e","datePublished":"2025-04-02T17:53:27+00:00","dateModified":"2025-04-02T18:01:12+00:00","mainEntityOfPage":{"@id":"https:\/\/vosgesinfo.fr\/remiremontinfo\/2025\/04\/un-convoi-exceptionnel-perd-son-chargement-sur-la-n66-a-hauteur-de-st-etienne-les-remiremont-circulation-perturbee\/"},"wordCount":156,"commentCount":0,"publisher":{"@id":"https:\/\/vosgesinfo.fr\/remiremontinfo\/#organization"},"image":{"@id":"https:\/\/vosgesinfo.fr\/remiremontinfo\/2025\/04\/un-convoi-exceptionnel-perd-son-chargement-sur-la-n66-a-hauteur-de-st-etienne-les-remiremont-circulation-perturbee\/#primaryimage"},"thumbnailUrl":"https:\/\/vosgesinfo.fr\/app\/uploads\/sites\/5\/2025\/04\/convoi-exceptionnelle-chargement.jpg","keywords":["accident","Convoi exceptionnel","fait divers"],"articleSection":["A la Une","Circulation","Faits-divers","Remiremont","Saint-Etienne"],"inLanguage":"fr-FR","potentialAction":[{"@type":"CommentAction","name":"Comment","target":["https:\/\/vosgesinfo.fr\/remiremontinfo\/2025\/04\/un-convoi-exceptionnel-perd-son-chargement-sur-la-n66-a-hauteur-de-st-etienne-les-remiremont-circulation-perturbee\/#respond"]}]},{"@type":"WebPage","@id":"https:\/\/vosgesinfo.fr\/remiremontinfo\/2025\/04\/un-convoi-exceptionnel-perd-son-chargement-sur-la-n66-a-hauteur-de-st-etienne-les-remiremont-circulation-perturbee\/","url":"https:\/\/vosgesinfo.fr\/remiremontinfo\/2025\/04\/un-convoi-exceptionnel-perd-son-chargement-sur-la-n66-a-hauteur-de-st-etienne-les-remiremont-circulation-perturbee\/","name":"Un convoi exceptionnel perd son chargement sur la N66 \u00e0 hauteur de St-Etienne-l\u00e8s-Remiremont : circulation perturb\u00e9e - Remiremont Info","isPartOf":{"@id":"https:\/\/vosgesinfo.fr\/remiremontinfo\/#website"},"primaryImageOfPage":{"@id":"https:\/\/vosgesinfo.fr\/remiremontinfo\/2025\/04\/un-convoi-exceptionnel-perd-son-chargement-sur-la-n66-a-hauteur-de-st-etienne-les-remiremont-circulation-perturbee\/#primaryimage"},"image":{"@id":"https:\/\/vosgesinfo.fr\/remiremontinfo\/2025\/04\/un-convoi-exceptionnel-perd-son-chargement-sur-la-n66-a-hauteur-de-st-etienne-les-remiremont-circulation-perturbee\/#primaryimage"},"thumbnailUrl":"https:\/\/vosgesinfo.fr\/app\/uploads\/sites\/5\/2025\/04\/convoi-exceptionnelle-chargement.jpg","datePublished":"2025-04-02T17:53:27+00:00","dateModified":"2025-04-02T18:01:12+00:00","breadcrumb":{"@id":"https:\/\/vosgesinfo.fr\/remiremontinfo\/2025\/04\/un-convoi-exceptionnel-perd-son-chargement-sur-la-n66-a-hauteur-de-st-etienne-les-remiremont-circulation-perturbee\/#breadcrumb"},"inLanguage":"fr-FR","potentialAction":[{"@type":"ReadAction","target":["https:\/\/vosgesinfo.fr\/remiremontinfo\/2025\/04\/un-convoi-exceptionnel-perd-son-chargement-sur-la-n66-a-hauteur-de-st-etienne-les-remiremont-circulation-perturbee\/"]}]},{"@type":"ImageObject","inLanguage":"fr-FR","@id":"https:\/\/vosgesinfo.fr\/remiremontinfo\/2025\/04\/un-convoi-exceptionnel-perd-son-chargement-sur-la-n66-a-hauteur-de-st-etienne-les-remiremont-circulation-perturbee\/#primaryimage","url":"https:\/\/vosgesinfo.fr\/app\/uploads\/sites\/5\/2025\/04\/convoi-exceptionnelle-chargement.jpg","contentUrl":"https:\/\/vosgesinfo.fr\/app\/uploads\/sites\/5\/2025\/04\/convoi-exceptionnelle-chargement.jpg","width":782,"height":920,"caption":"Image extraite de la vid\u00e9o amateur - Facebook Le Pont de la Fonderie."},{"@type":"BreadcrumbList","@id":"https:\/\/vosgesinfo.fr\/remiremontinfo\/2025\/04\/un-convoi-exceptionnel-perd-son-chargement-sur-la-n66-a-hauteur-de-st-etienne-les-remiremont-circulation-perturbee\/#breadcrumb","itemListElement":[{"@type":"ListItem","position":1,"name":"Home","item":"https:\/\/vosgesinfo.fr\/remiremontinfo\/"},{"@type":"ListItem","position":2,"name":"Un convoi exceptionnel perd son chargement sur la N66 \u00e0 hauteur de St-Etienne-l\u00e8s-Remiremont : circulation perturb\u00e9e"}]},{"@type":"WebSite","@id":"https:\/\/vosgesinfo.fr\/remiremontinfo\/#website","url":"https:\/\/vosgesinfo.fr\/remiremontinfo\/","name":"Remiremont Info","description":"Toute l&#039;actualit\u00e9 de Remiremont","publisher":{"@id":"https:\/\/vosgesinfo.fr\/remiremontinfo\/#organization"},"alternateName":"Toute l'actualit\u00e9 de Remiremont","potentialAction":[{"@type":"SearchAction","target":{"@type":"EntryPoint","urlTemplate":"https:\/\/vosgesinfo.fr\/remiremontinfo\/?s={search_term_string}"},"query-input":"required name=search_term_string"}],"inLanguage":"fr-FR"},{"@type":"Organization","@id":"https:\/\/vosgesinfo.fr\/remiremontinfo\/#organization","name":"Remiremont Info","url":"https:\/\/vosgesinfo.fr\/remiremontinfo\/","logo":{"@type":"ImageObject","inLanguage":"fr-FR","@id":"https:\/\/vosgesinfo.fr\/remiremontinfo\/#\/schema\/logo\/image\/","url":"https:\/\/vosgesinfo.fr\/app\/uploads\/sites\/5\/2023\/08\/favicon-remiremontinfo.png","contentUrl":"https:\/\/vosgesinfo.fr\/app\/uploads\/sites\/5\/2023\/08\/favicon-remiremontinfo.png","width":512,"height":512,"caption":"Remiremont Info"},"image":{"@id":"https:\/\/vosgesinfo.fr\/remiremontinfo\/#\/schema\/logo\/image\/"},"sameAs":["https:\/\/www.facebook.com\/remiremontinfo","https:\/\/x.com\/VosgesInfo88","https:\/\/www.youtube.com\/@vosgesinfo"]},{"@type":"Person","@id":"https:\/\/vosgesinfo.fr\/remiremontinfo\/#\/schema\/person\/4f38cd3068e342935b7304695c797d08","name":"C.M","image":{"@type":"ImageObject","inLanguage":"fr-FR","@id":"https:\/\/vosgesinfo.fr\/remiremontinfo\/#\/schema\/person\/image\/","url":"https:\/\/secure.gravatar.com\/avatar\/fe9daaef0164d920717484172682f3c5c9bcf7d42aa8c7048c76c34f0eb6c8da?s=96&d=mm&r=g","contentUrl":"https:\/\/secure.gravatar.com\/avatar\/fe9daaef0164d920717484172682f3c5c9bcf7d42aa8c7048c76c34f0eb6c8da?s=96&d=mm&r=g","caption":"C.M"},"url":"https:\/\/vosgesinfo.fr\/remiremontinfo\/author\/cm88200\/"}]}},"_links":{"self":[{"href":"https:\/\/vosgesinfo.fr\/remiremontinfo\/wp-json\/wp\/v2\/posts\/80353","targetHints":{"allow":["GET"]}}],"collection":[{"href":"https:\/\/vosgesinfo.fr\/remiremontinfo\/wp-json\/wp\/v2\/posts"}],"about":[{"href":"https:\/\/vosgesinfo.fr\/remiremontinfo\/wp-json\/wp\/v2\/types\/post"}],"author":[{"embeddable":true,"href":"https:\/\/vosgesinfo.fr\/remiremontinfo\/wp-json\/wp\/v2\/users\/418"}],"replies":[{"embeddable":true,"href":"https:\/\/vosgesinfo.fr\/remiremontinfo\/wp-json\/wp\/v2\/comments?post=80353"}],"version-history":[{"count":2,"href":"https:\/\/vosgesinfo.fr\/remiremontinfo\/wp-json\/wp\/v2\/posts\/80353\/revisions"}],"predecessor-version":[{"id":80356,"href":"https:\/\/vosgesinfo.fr\/remiremontinfo\/wp-json\/wp\/v2\/posts\/80353\/revisions\/80356"}],"wp:featuredmedia":[{"embeddable":true,"href":"https:\/\/vosgesinfo.fr\/remiremontinfo\/wp-json\/wp\/v2\/media\/80354"}],"wp:attachment":[{"href":"https:\/\/vosgesinfo.fr\/remiremontinfo\/wp-json\/wp\/v2\/media?parent=80353"}],"wp:term":[{"taxonomy":"category","embeddable":true,"href":"https:\/\/vosgesinfo.fr\/remiremontinfo\/wp-json\/wp\/v2\/categories?post=80353"},{"taxonomy":"post_tag","embeddable":true,"href":"https:\/\/vosgesinfo.fr\/remiremontinfo\/wp-json\/wp\/v2\/tags?post=80353"}],"curies":[{"name":"wp","href":"https:\/\/api.w.org\/{rel}","templated":true}]}}