{"id":80359,"date":"2025-04-03T10:16:24","date_gmt":"2025-04-03T08:16:24","guid":{"rendered":"https:\/\/vosgesinfo.fr\/remiremontinfo\/?p=80359"},"modified":"2025-04-04T08:37:46","modified_gmt":"2025-04-04T06:37:46","slug":"une-enquete-nationale-pour-ameliorer-les-stations-de-montagne","status":"publish","type":"post","link":"https:\/\/vosgesinfo.fr\/remiremontinfo\/2025\/04\/une-enquete-nationale-pour-ameliorer-les-stations-de-montagne\/","title":{"rendered":"Une enqu\u00eate nationale pour am\u00e9liorer les stations de montagne"},"content":{"rendered":"<div id=\"attachment_64767\" style=\"width: 1034px\" class=\"wp-caption aligncenter\"><a href=\"https:\/\/vosgesinfo.fr\/app\/uploads\/sites\/5\/2024\/09\/202211grouvelin-auberge-station-ski-gerardmer-1024x768-1.jpg\"><img decoding=\"async\" aria-describedby=\"caption-attachment-64767\" class=\"size-full wp-image-64767\" src=\"https:\/\/vosgesinfo.fr\/app\/uploads\/sites\/5\/2024\/09\/202211grouvelin-auberge-station-ski-gerardmer-1024x768-1.jpg\" alt=\"\" width=\"1024\" height=\"768\" srcset=\"https:\/\/vosgesinfo.fr\/app\/uploads\/sites\/5\/2024\/09\/202211grouvelin-auberge-station-ski-gerardmer-1024x768-1.jpg 1024w, https:\/\/vosgesinfo.fr\/app\/uploads\/sites\/5\/2024\/09\/202211grouvelin-auberge-station-ski-gerardmer-1024x768-1-300x225.jpg 300w, https:\/\/vosgesinfo.fr\/app\/uploads\/sites\/5\/2024\/09\/202211grouvelin-auberge-station-ski-gerardmer-1024x768-1-768x576.jpg 768w\" sizes=\"(max-width: 1024px) 100vw, 1024px\" \/><\/a><p id=\"caption-attachment-64767\" class=\"wp-caption-text\">Photographie d&rsquo;illustration.<\/p><\/div>\n<p class=\"\" data-start=\"73\" data-end=\"375\"><strong>Les habitants des stations de montagne sont invit\u00e9s \u00e0 donner leur avis ! Dans le cadre d\u2019une enqu\u00eate nationale, l\u2019Association Nationale des Maires des Stations de Montagne souhaite recueillir les attentes et besoins des r\u00e9sidents afin d\u2019am\u00e9liorer la qualit\u00e9 de vie et les services en station.<\/strong><\/p>\n<p class=\"\" data-start=\"377\" data-end=\"573\">Cette enqu\u00eate anonyme, qui ne prend que 10 minutes, permettra d\u2019identifier les axes d\u2019am\u00e9lioration pour r\u00e9pondre aux attentes des habitants et imaginer ensemble la station de demain.<\/p>\n<p class=\"\" data-start=\"575\" data-end=\"670\">Votre opinion compte, alors n\u2019h\u00e9sitez pas \u00e0 participer et \u00e0 faire entendre votre voix !<\/p>\n<p data-start=\"575\" data-end=\"670\">Lien vers l&rsquo;enqu\u00eate :\u00a0<a href=\"https:\/\/g2a-consulting.sphinxonline.net\/SurveyServer\/s\/g2a\/ANMSM_LES_GRANDS_DEFIS_DES_STATIONS_DE_DEMAIN\/labresse.htm?fbclid=IwY2xjawJcXURleHRuA2FlbQIxMAABHYrV3yUe-C6GIs1QlFUiKIsnFAW6aZ-972CfJaBLk4QJc4NBohQ6KMP3og_aem_L244-NUGzAMgoAEbSnOesw\" target=\"_blank\" rel=\"noopener\">https:\/\/g2a-consulting.sphinxonline.net\/SurveyServer\/s\/g2a\/ANMSM_LES_GRANDS_DEFIS_DES_STATIONS_DE_DEMAIN\/labresse.htm?fbclid=IwY2xjawJcXURleHRuA2FlbQIxMAABHYrV3yUe-C6GIs1QlFUiKIsnFAW6aZ-972CfJaBLk4QJc4NBohQ6KMP3og_aem_L244-NUGzAMgoAEbSnOesw<\/a><\/p>\n","protected":false},"excerpt":{"rendered":"<p>Les habitants des stations de montagne sont invit\u00e9s \u00e0 donner leur avis ! Dans le cadre d\u2019une enqu\u00eate nationale, l\u2019Association [&hellip;]<\/p>\n","protected":false},"author":418,"featured_media":64767,"comment_status":"open","ping_status":"open","sticky":false,"template":"","format":"standard","meta":{"footnotes":""},"categories":[26,108,1547,845,43,362,18],"tags":[7625,7624],"class_list":["post-80359","post","type-post","status-publish","format-standard","has-post-thumbnail","hentry","category-a-la-une","category-epinal","category-gerardmer-2","category-la-plaine-des-vosges","category-remiremont-remiremont-son-canton","category-saint-die","category-vosges","tag-enquete-nationale","tag-stations-de-montagne"],"acf":[],"yoast_head":"<!-- This site is optimized with the Yoast SEO plugin v22.5 - https:\/\/yoast.com\/wordpress\/plugins\/seo\/ -->\n<title>Une enqu\u00eate nationale pour am\u00e9liorer les stations de montagne - Remiremont Info<\/title>\n<meta name=\"robots\" content=\"index, follow, max-snippet:-1, max-image-preview:large, max-video-preview:-1\" \/>\n<link rel=\"canonical\" href=\"https:\/\/vosgesinfo.fr\/remiremontinfo\/2025\/04\/une-enquete-nationale-pour-ameliorer-les-stations-de-montagne\/\" \/>\n<meta name=\"twitter:card\" content=\"summary_large_image\" \/>\n<meta name=\"twitter:title\" content=\"Une enqu\u00eate nationale pour am\u00e9liorer les stations de montagne - Remiremont Info\" \/>\n<meta name=\"twitter:description\" content=\"Les habitants des stations de montagne sont invit\u00e9s \u00e0 donner leur avis ! Dans le cadre d\u2019une enqu\u00eate nationale, l\u2019Association [&hellip;]\" \/>\n<meta name=\"twitter:image\" content=\"https:\/\/vosgesinfo.fr\/app\/uploads\/sites\/5\/2024\/09\/202211grouvelin-auberge-station-ski-gerardmer-1024x768-1.jpg\" \/>\n<meta name=\"twitter:creator\" content=\"@VosgesInfo88\" \/>\n<meta name=\"twitter:site\" content=\"@VosgesInfo88\" \/>\n<meta name=\"twitter:label1\" content=\"\u00c9crit par\" \/>\n\t<meta name=\"twitter:data1\" content=\"C.M\" \/>\n\t<meta name=\"twitter:label2\" content=\"Dur\u00e9e de lecture estim\u00e9e\" \/>\n\t<meta name=\"twitter:data2\" content=\"1 minute\" \/>\n<script type=\"application\/ld+json\" class=\"yoast-schema-graph\">{\"@context\":\"https:\/\/schema.org\",\"@graph\":[{\"@type\":\"Article\",\"@id\":\"https:\/\/vosgesinfo.fr\/remiremontinfo\/2025\/04\/une-enquete-nationale-pour-ameliorer-les-stations-de-montagne\/#article\",\"isPartOf\":{\"@id\":\"https:\/\/vosgesinfo.fr\/remiremontinfo\/2025\/04\/une-enquete-nationale-pour-ameliorer-les-stations-de-montagne\/\"},\"author\":{\"name\":\"C.M\",\"@id\":\"https:\/\/vosgesinfo.fr\/remiremontinfo\/#\/schema\/person\/4f38cd3068e342935b7304695c797d08\"},\"headline\":\"Une enqu\u00eate nationale pour am\u00e9liorer les stations de montagne\",\"datePublished\":\"2025-04-03T08:16:24+00:00\",\"dateModified\":\"2025-04-04T06:37:46+00:00\",\"mainEntityOfPage\":{\"@id\":\"https:\/\/vosgesinfo.fr\/remiremontinfo\/2025\/04\/une-enquete-nationale-pour-ameliorer-les-stations-de-montagne\/\"},\"wordCount\":157,\"commentCount\":0,\"publisher\":{\"@id\":\"https:\/\/vosgesinfo.fr\/remiremontinfo\/#organization\"},\"image\":{\"@id\":\"https:\/\/vosgesinfo.fr\/remiremontinfo\/2025\/04\/une-enquete-nationale-pour-ameliorer-les-stations-de-montagne\/#primaryimage\"},\"thumbnailUrl\":\"https:\/\/vosgesinfo.fr\/app\/uploads\/sites\/5\/2024\/09\/202211grouvelin-auberge-station-ski-gerardmer-1024x768-1.jpg\",\"keywords\":[\"Enqu\u00eate nationale\",\"Stations de montagne\"],\"articleSection\":[\"A la Une\",\"Epinal\",\"Gerardmer\",\"La plaine des vosges\",\"Remiremont\",\"Saint-di\u00e9\",\"Vosges\"],\"inLanguage\":\"fr-FR\",\"potentialAction\":[{\"@type\":\"CommentAction\",\"name\":\"Comment\",\"target\":[\"https:\/\/vosgesinfo.fr\/remiremontinfo\/2025\/04\/une-enquete-nationale-pour-ameliorer-les-stations-de-montagne\/#respond\"]}]},{\"@type\":\"WebPage\",\"@id\":\"https:\/\/vosgesinfo.fr\/remiremontinfo\/2025\/04\/une-enquete-nationale-pour-ameliorer-les-stations-de-montagne\/\",\"url\":\"https:\/\/vosgesinfo.fr\/remiremontinfo\/2025\/04\/une-enquete-nationale-pour-ameliorer-les-stations-de-montagne\/\",\"name\":\"Une enqu\u00eate nationale pour am\u00e9liorer les stations de montagne - Remiremont Info\",\"isPartOf\":{\"@id\":\"https:\/\/vosgesinfo.fr\/remiremontinfo\/#website\"},\"primaryImageOfPage\":{\"@id\":\"https:\/\/vosgesinfo.fr\/remiremontinfo\/2025\/04\/une-enquete-nationale-pour-ameliorer-les-stations-de-montagne\/#primaryimage\"},\"image\":{\"@id\":\"https:\/\/vosgesinfo.fr\/remiremontinfo\/2025\/04\/une-enquete-nationale-pour-ameliorer-les-stations-de-montagne\/#primaryimage\"},\"thumbnailUrl\":\"https:\/\/vosgesinfo.fr\/app\/uploads\/sites\/5\/2024\/09\/202211grouvelin-auberge-station-ski-gerardmer-1024x768-1.jpg\",\"datePublished\":\"2025-04-03T08:16:24+00:00\",\"dateModified\":\"2025-04-04T06:37:46+00:00\",\"breadcrumb\":{\"@id\":\"https:\/\/vosgesinfo.fr\/remiremontinfo\/2025\/04\/une-enquete-nationale-pour-ameliorer-les-stations-de-montagne\/#breadcrumb\"},\"inLanguage\":\"fr-FR\",\"potentialAction\":[{\"@type\":\"ReadAction\",\"target\":[\"https:\/\/vosgesinfo.fr\/remiremontinfo\/2025\/04\/une-enquete-nationale-pour-ameliorer-les-stations-de-montagne\/\"]}]},{\"@type\":\"ImageObject\",\"inLanguage\":\"fr-FR\",\"@id\":\"https:\/\/vosgesinfo.fr\/remiremontinfo\/2025\/04\/une-enquete-nationale-pour-ameliorer-les-stations-de-montagne\/#primaryimage\",\"url\":\"https:\/\/vosgesinfo.fr\/app\/uploads\/sites\/5\/2024\/09\/202211grouvelin-auberge-station-ski-gerardmer-1024x768-1.jpg\",\"contentUrl\":\"https:\/\/vosgesinfo.fr\/app\/uploads\/sites\/5\/2024\/09\/202211grouvelin-auberge-station-ski-gerardmer-1024x768-1.jpg\",\"width\":1024,\"height\":768,\"caption\":\"Photographie d'illustration.\"},{\"@type\":\"BreadcrumbList\",\"@id\":\"https:\/\/vosgesinfo.fr\/remiremontinfo\/2025\/04\/une-enquete-nationale-pour-ameliorer-les-stations-de-montagne\/#breadcrumb\",\"itemListElement\":[{\"@type\":\"ListItem\",\"position\":1,\"name\":\"Home\",\"item\":\"https:\/\/vosgesinfo.fr\/remiremontinfo\/\"},{\"@type\":\"ListItem\",\"position\":2,\"name\":\"Une enqu\u00eate nationale pour am\u00e9liorer les stations de montagne\"}]},{\"@type\":\"WebSite\",\"@id\":\"https:\/\/vosgesinfo.fr\/remiremontinfo\/#website\",\"url\":\"https:\/\/vosgesinfo.fr\/remiremontinfo\/\",\"name\":\"Remiremont Info\",\"description\":\"Toute l&#039;actualit\u00e9 de Remiremont\",\"publisher\":{\"@id\":\"https:\/\/vosgesinfo.fr\/remiremontinfo\/#organization\"},\"alternateName\":\"Toute l'actualit\u00e9 de Remiremont\",\"potentialAction\":[{\"@type\":\"SearchAction\",\"target\":{\"@type\":\"EntryPoint\",\"urlTemplate\":\"https:\/\/vosgesinfo.fr\/remiremontinfo\/?s={search_term_string}\"},\"query-input\":\"required name=search_term_string\"}],\"inLanguage\":\"fr-FR\"},{\"@type\":\"Organization\",\"@id\":\"https:\/\/vosgesinfo.fr\/remiremontinfo\/#organization\",\"name\":\"Remiremont Info\",\"url\":\"https:\/\/vosgesinfo.fr\/remiremontinfo\/\",\"logo\":{\"@type\":\"ImageObject\",\"inLanguage\":\"fr-FR\",\"@id\":\"https:\/\/vosgesinfo.fr\/remiremontinfo\/#\/schema\/logo\/image\/\",\"url\":\"https:\/\/vosgesinfo.fr\/app\/uploads\/sites\/5\/2023\/08\/favicon-remiremontinfo.png\",\"contentUrl\":\"https:\/\/vosgesinfo.fr\/app\/uploads\/sites\/5\/2023\/08\/favicon-remiremontinfo.png\",\"width\":512,\"height\":512,\"caption\":\"Remiremont Info\"},\"image\":{\"@id\":\"https:\/\/vosgesinfo.fr\/remiremontinfo\/#\/schema\/logo\/image\/\"},\"sameAs\":[\"https:\/\/www.facebook.com\/remiremontinfo\",\"https:\/\/x.com\/VosgesInfo88\",\"https:\/\/www.youtube.com\/@vosgesinfo\"]},{\"@type\":\"Person\",\"@id\":\"https:\/\/vosgesinfo.fr\/remiremontinfo\/#\/schema\/person\/4f38cd3068e342935b7304695c797d08\",\"name\":\"C.M\",\"image\":{\"@type\":\"ImageObject\",\"inLanguage\":\"fr-FR\",\"@id\":\"https:\/\/vosgesinfo.fr\/remiremontinfo\/#\/schema\/person\/image\/\",\"url\":\"https:\/\/secure.gravatar.com\/avatar\/fe9daaef0164d920717484172682f3c5c9bcf7d42aa8c7048c76c34f0eb6c8da?s=96&d=mm&r=g\",\"contentUrl\":\"https:\/\/secure.gravatar.com\/avatar\/fe9daaef0164d920717484172682f3c5c9bcf7d42aa8c7048c76c34f0eb6c8da?s=96&d=mm&r=g\",\"caption\":\"C.M\"},\"url\":\"https:\/\/vosgesinfo.fr\/remiremontinfo\/author\/cm88200\/\"}]}<\/script>\n<!-- \/ Yoast SEO plugin. -->","yoast_head_json":{"title":"Une enqu\u00eate nationale pour am\u00e9liorer les stations de montagne - Remiremont Info","robots":{"index":"index","follow":"follow","max-snippet":"max-snippet:-1","max-image-preview":"max-image-preview:large","max-video-preview":"max-video-preview:-1"},"canonical":"https:\/\/vosgesinfo.fr\/remiremontinfo\/2025\/04\/une-enquete-nationale-pour-ameliorer-les-stations-de-montagne\/","twitter_card":"summary_large_image","twitter_title":"Une enqu\u00eate nationale pour am\u00e9liorer les stations de montagne - Remiremont Info","twitter_description":"Les habitants des stations de montagne sont invit\u00e9s \u00e0 donner leur avis ! Dans le cadre d\u2019une enqu\u00eate nationale, l\u2019Association [&hellip;]","twitter_image":"https:\/\/vosgesinfo.fr\/app\/uploads\/sites\/5\/2024\/09\/202211grouvelin-auberge-station-ski-gerardmer-1024x768-1.jpg","twitter_creator":"@VosgesInfo88","twitter_site":"@VosgesInfo88","twitter_misc":{"\u00c9crit par":"C.M","Dur\u00e9e de lecture estim\u00e9e":"1 minute"},"schema":{"@context":"https:\/\/schema.org","@graph":[{"@type":"Article","@id":"https:\/\/vosgesinfo.fr\/remiremontinfo\/2025\/04\/une-enquete-nationale-pour-ameliorer-les-stations-de-montagne\/#article","isPartOf":{"@id":"https:\/\/vosgesinfo.fr\/remiremontinfo\/2025\/04\/une-enquete-nationale-pour-ameliorer-les-stations-de-montagne\/"},"author":{"name":"C.M","@id":"https:\/\/vosgesinfo.fr\/remiremontinfo\/#\/schema\/person\/4f38cd3068e342935b7304695c797d08"},"headline":"Une enqu\u00eate nationale pour am\u00e9liorer les stations de montagne","datePublished":"2025-04-03T08:16:24+00:00","dateModified":"2025-04-04T06:37:46+00:00","mainEntityOfPage":{"@id":"https:\/\/vosgesinfo.fr\/remiremontinfo\/2025\/04\/une-enquete-nationale-pour-ameliorer-les-stations-de-montagne\/"},"wordCount":157,"commentCount":0,"publisher":{"@id":"https:\/\/vosgesinfo.fr\/remiremontinfo\/#organization"},"image":{"@id":"https:\/\/vosgesinfo.fr\/remiremontinfo\/2025\/04\/une-enquete-nationale-pour-ameliorer-les-stations-de-montagne\/#primaryimage"},"thumbnailUrl":"https:\/\/vosgesinfo.fr\/app\/uploads\/sites\/5\/2024\/09\/202211grouvelin-auberge-station-ski-gerardmer-1024x768-1.jpg","keywords":["Enqu\u00eate nationale","Stations de montagne"],"articleSection":["A la Une","Epinal","Gerardmer","La plaine des vosges","Remiremont","Saint-di\u00e9","Vosges"],"inLanguage":"fr-FR","potentialAction":[{"@type":"CommentAction","name":"Comment","target":["https:\/\/vosgesinfo.fr\/remiremontinfo\/2025\/04\/une-enquete-nationale-pour-ameliorer-les-stations-de-montagne\/#respond"]}]},{"@type":"WebPage","@id":"https:\/\/vosgesinfo.fr\/remiremontinfo\/2025\/04\/une-enquete-nationale-pour-ameliorer-les-stations-de-montagne\/","url":"https:\/\/vosgesinfo.fr\/remiremontinfo\/2025\/04\/une-enquete-nationale-pour-ameliorer-les-stations-de-montagne\/","name":"Une enqu\u00eate nationale pour am\u00e9liorer les stations de montagne - Remiremont Info","isPartOf":{"@id":"https:\/\/vosgesinfo.fr\/remiremontinfo\/#website"},"primaryImageOfPage":{"@id":"https:\/\/vosgesinfo.fr\/remiremontinfo\/2025\/04\/une-enquete-nationale-pour-ameliorer-les-stations-de-montagne\/#primaryimage"},"image":{"@id":"https:\/\/vosgesinfo.fr\/remiremontinfo\/2025\/04\/une-enquete-nationale-pour-ameliorer-les-stations-de-montagne\/#primaryimage"},"thumbnailUrl":"https:\/\/vosgesinfo.fr\/app\/uploads\/sites\/5\/2024\/09\/202211grouvelin-auberge-station-ski-gerardmer-1024x768-1.jpg","datePublished":"2025-04-03T08:16:24+00:00","dateModified":"2025-04-04T06:37:46+00:00","breadcrumb":{"@id":"https:\/\/vosgesinfo.fr\/remiremontinfo\/2025\/04\/une-enquete-nationale-pour-ameliorer-les-stations-de-montagne\/#breadcrumb"},"inLanguage":"fr-FR","potentialAction":[{"@type":"ReadAction","target":["https:\/\/vosgesinfo.fr\/remiremontinfo\/2025\/04\/une-enquete-nationale-pour-ameliorer-les-stations-de-montagne\/"]}]},{"@type":"ImageObject","inLanguage":"fr-FR","@id":"https:\/\/vosgesinfo.fr\/remiremontinfo\/2025\/04\/une-enquete-nationale-pour-ameliorer-les-stations-de-montagne\/#primaryimage","url":"https:\/\/vosgesinfo.fr\/app\/uploads\/sites\/5\/2024\/09\/202211grouvelin-auberge-station-ski-gerardmer-1024x768-1.jpg","contentUrl":"https:\/\/vosgesinfo.fr\/app\/uploads\/sites\/5\/2024\/09\/202211grouvelin-auberge-station-ski-gerardmer-1024x768-1.jpg","width":1024,"height":768,"caption":"Photographie d'illustration."},{"@type":"BreadcrumbList","@id":"https:\/\/vosgesinfo.fr\/remiremontinfo\/2025\/04\/une-enquete-nationale-pour-ameliorer-les-stations-de-montagne\/#breadcrumb","itemListElement":[{"@type":"ListItem","position":1,"name":"Home","item":"https:\/\/vosgesinfo.fr\/remiremontinfo\/"},{"@type":"ListItem","position":2,"name":"Une enqu\u00eate nationale pour am\u00e9liorer les stations de montagne"}]},{"@type":"WebSite","@id":"https:\/\/vosgesinfo.fr\/remiremontinfo\/#website","url":"https:\/\/vosgesinfo.fr\/remiremontinfo\/","name":"Remiremont Info","description":"Toute l&#039;actualit\u00e9 de Remiremont","publisher":{"@id":"https:\/\/vosgesinfo.fr\/remiremontinfo\/#organization"},"alternateName":"Toute l'actualit\u00e9 de Remiremont","potentialAction":[{"@type":"SearchAction","target":{"@type":"EntryPoint","urlTemplate":"https:\/\/vosgesinfo.fr\/remiremontinfo\/?s={search_term_string}"},"query-input":"required name=search_term_string"}],"inLanguage":"fr-FR"},{"@type":"Organization","@id":"https:\/\/vosgesinfo.fr\/remiremontinfo\/#organization","name":"Remiremont Info","url":"https:\/\/vosgesinfo.fr\/remiremontinfo\/","logo":{"@type":"ImageObject","inLanguage":"fr-FR","@id":"https:\/\/vosgesinfo.fr\/remiremontinfo\/#\/schema\/logo\/image\/","url":"https:\/\/vosgesinfo.fr\/app\/uploads\/sites\/5\/2023\/08\/favicon-remiremontinfo.png","contentUrl":"https:\/\/vosgesinfo.fr\/app\/uploads\/sites\/5\/2023\/08\/favicon-remiremontinfo.png","width":512,"height":512,"caption":"Remiremont Info"},"image":{"@id":"https:\/\/vosgesinfo.fr\/remiremontinfo\/#\/schema\/logo\/image\/"},"sameAs":["https:\/\/www.facebook.com\/remiremontinfo","https:\/\/x.com\/VosgesInfo88","https:\/\/www.youtube.com\/@vosgesinfo"]},{"@type":"Person","@id":"https:\/\/vosgesinfo.fr\/remiremontinfo\/#\/schema\/person\/4f38cd3068e342935b7304695c797d08","name":"C.M","image":{"@type":"ImageObject","inLanguage":"fr-FR","@id":"https:\/\/vosgesinfo.fr\/remiremontinfo\/#\/schema\/person\/image\/","url":"https:\/\/secure.gravatar.com\/avatar\/fe9daaef0164d920717484172682f3c5c9bcf7d42aa8c7048c76c34f0eb6c8da?s=96&d=mm&r=g","contentUrl":"https:\/\/secure.gravatar.com\/avatar\/fe9daaef0164d920717484172682f3c5c9bcf7d42aa8c7048c76c34f0eb6c8da?s=96&d=mm&r=g","caption":"C.M"},"url":"https:\/\/vosgesinfo.fr\/remiremontinfo\/author\/cm88200\/"}]}},"_links":{"self":[{"href":"https:\/\/vosgesinfo.fr\/remiremontinfo\/wp-json\/wp\/v2\/posts\/80359","targetHints":{"allow":["GET"]}}],"collection":[{"href":"https:\/\/vosgesinfo.fr\/remiremontinfo\/wp-json\/wp\/v2\/posts"}],"about":[{"href":"https:\/\/vosgesinfo.fr\/remiremontinfo\/wp-json\/wp\/v2\/types\/post"}],"author":[{"embeddable":true,"href":"https:\/\/vosgesinfo.fr\/remiremontinfo\/wp-json\/wp\/v2\/users\/418"}],"replies":[{"embeddable":true,"href":"https:\/\/vosgesinfo.fr\/remiremontinfo\/wp-json\/wp\/v2\/comments?post=80359"}],"version-history":[{"count":2,"href":"https:\/\/vosgesinfo.fr\/remiremontinfo\/wp-json\/wp\/v2\/posts\/80359\/revisions"}],"predecessor-version":[{"id":80393,"href":"https:\/\/vosgesinfo.fr\/remiremontinfo\/wp-json\/wp\/v2\/posts\/80359\/revisions\/80393"}],"wp:featuredmedia":[{"embeddable":true,"href":"https:\/\/vosgesinfo.fr\/remiremontinfo\/wp-json\/wp\/v2\/media\/64767"}],"wp:attachment":[{"href":"https:\/\/vosgesinfo.fr\/remiremontinfo\/wp-json\/wp\/v2\/media?parent=80359"}],"wp:term":[{"taxonomy":"category","embeddable":true,"href":"https:\/\/vosgesinfo.fr\/remiremontinfo\/wp-json\/wp\/v2\/categories?post=80359"},{"taxonomy":"post_tag","embeddable":true,"href":"https:\/\/vosgesinfo.fr\/remiremontinfo\/wp-json\/wp\/v2\/tags?post=80359"}],"curies":[{"name":"wp","href":"https:\/\/api.w.org\/{rel}","templated":true}]}}