{"id":80361,"date":"2025-04-03T10:45:02","date_gmt":"2025-04-03T08:45:02","guid":{"rendered":"https:\/\/vosgesinfo.fr\/remiremontinfo\/?p=80361"},"modified":"2025-04-03T10:45:02","modified_gmt":"2025-04-03T08:45:02","slug":"participez-a-la-consultation-pour-la-nouvelle-charte-du-parc-des-ballons-des-vosges","status":"publish","type":"post","link":"https:\/\/vosgesinfo.fr\/remiremontinfo\/2025\/04\/participez-a-la-consultation-pour-la-nouvelle-charte-du-parc-des-ballons-des-vosges\/","title":{"rendered":"Participez \u00e0 la consultation pour la nouvelle charte du Parc des Ballons des Vosges"},"content":{"rendered":"<div id=\"attachment_1501\" style=\"width: 636px\" class=\"wp-caption aligncenter\"><a href=\"https:\/\/vosgesinfo.fr\/app\/uploads\/sites\/5\/2023\/09\/vosges.jpg\"><img decoding=\"async\" aria-describedby=\"caption-attachment-1501\" class=\"size-full wp-image-1501\" src=\"https:\/\/vosgesinfo.fr\/app\/uploads\/sites\/5\/2023\/09\/vosges.jpg\" alt=\"\" width=\"626\" height=\"400\" srcset=\"https:\/\/vosgesinfo.fr\/app\/uploads\/sites\/5\/2023\/09\/vosges.jpg 626w, https:\/\/vosgesinfo.fr\/app\/uploads\/sites\/5\/2023\/09\/vosges-300x192.jpg 300w\" sizes=\"(max-width: 626px) 100vw, 626px\" \/><\/a><p id=\"caption-attachment-1501\" class=\"wp-caption-text\">Paysage des Vosges du Sud en automne vue depuis la T\u00eate des Perches, Rimbach-pr\u00e8s-Masevaux, Parc naturel r\u00e9gional des Ballons des Vosges, Haut-Rhin (68)<\/p><\/div>\n<p class=\"\" data-start=\"80\" data-end=\"472\"><strong>Le Parc naturel r\u00e9gional des Ballons des Vosges engage une r\u00e9flexion sur son futur projet de territoire. Dans le cadre du renouvellement de son label pour la p\u00e9riode 2027-2042, une consultation en ligne est ouverte jusqu\u2019au 30 mai 2025. L\u2019objectif est de permettre aux habitants, \u00e9lus et acteurs locaux de participer \u00e0 la d\u00e9finition des grandes orientations du Parc pour les ann\u00e9es \u00e0 venir.<\/strong><\/p>\n<h3 class=\"\" data-start=\"474\" data-end=\"552\"><strong data-start=\"478\" data-end=\"550\">Un label garant de la pr\u00e9servation et du d\u00e9veloppement du territoire<\/strong><\/h3>\n<p class=\"\" data-start=\"554\" data-end=\"995\">Cr\u00e9\u00e9 en 1989, le Parc naturel r\u00e9gional des Ballons des Vosges est l\u2019un des 59 parcs naturels r\u00e9gionaux en France. Son label, attribu\u00e9 par l\u2019\u00c9tat en concertation avec les R\u00e9gions Grand Est et Bourgogne-Franche-Comt\u00e9, reconna\u00eet la richesse patrimoniale de ce territoire exceptionnel. Son renouvellement est soumis \u00e0 l\u2019\u00e9laboration d\u2019une nouvelle charte, document de r\u00e9f\u00e9rence qui d\u00e9finira les actions \u00e0 mener sur les quinze prochaines ann\u00e9es.<\/p>\n<p class=\"\" data-start=\"997\" data-end=\"1048\">Cette charte s\u2019appuie sur cinq grandes missions :<\/p>\n<ul data-start=\"1050\" data-end=\"1291\">\n<li class=\"\" data-start=\"1050\" data-end=\"1125\">\n<p class=\"\" data-start=\"1052\" data-end=\"1125\">La protection et la gestion du patrimoine naturel, culturel et paysager<\/p>\n<\/li>\n<li class=\"\" data-start=\"1126\" data-end=\"1157\">\n<p class=\"\" data-start=\"1128\" data-end=\"1157\">L\u2019am\u00e9nagement du territoire<\/p>\n<\/li>\n<li class=\"\" data-start=\"1158\" data-end=\"1209\">\n<p class=\"\" data-start=\"1160\" data-end=\"1209\">Le d\u00e9veloppement \u00e9conomique, social et culturel<\/p>\n<\/li>\n<li class=\"\" data-start=\"1210\" data-end=\"1253\">\n<p class=\"\" data-start=\"1212\" data-end=\"1253\">L\u2019accueil, l\u2019\u00e9ducation et l\u2019information<\/p>\n<\/li>\n<li class=\"\" data-start=\"1254\" data-end=\"1291\">\n<p class=\"\" data-start=\"1256\" data-end=\"1291\">L\u2019exp\u00e9rimentation et l\u2019innovation<\/p>\n<\/li>\n<\/ul>\n<h3 class=\"\" data-start=\"1293\" data-end=\"1334\"><\/h3>\n<p class=\"\" data-start=\"1336\" data-end=\"1652\">Afin que ce projet refl\u00e8te au mieux les attentes locales, les \u00e9lus du Parc souhaitent associer le plus grand nombre \u00e0 cette r\u00e9flexion. Jusqu\u2019au 30 mai 2025, les habitants peuvent contribuer en donnant leur avis sur les enjeux identifi\u00e9s, proposer de nouvelles orientations et voter pour les objectifs prioritaires.<\/p>\n<h3 class=\"\" data-start=\"1654\" data-end=\"1684\"><strong data-start=\"1658\" data-end=\"1682\">Comment participer ?<\/strong><\/h3>\n<p class=\"\" data-start=\"1686\" data-end=\"1745\">Plusieurs moyens sont mis \u00e0 disposition pour s\u2019exprimer :<\/p>\n<ul data-start=\"1747\" data-end=\"1968\">\n<li class=\"\" data-start=\"1747\" data-end=\"1863\">\n<p class=\"\" data-start=\"1749\" data-end=\"1863\"><strong data-start=\"1749\" data-end=\"1772\">Plateforme en ligne<\/strong> : <a class=\"\" href=\"https:\/\/actons.fr\/pnr-ballons-des-vosges\/\" target=\"_blank\" rel=\"noopener\" data-start=\"1775\" data-end=\"1861\">https:\/\/actons.fr\/pnr-ballons-des-vosges\/<\/a><\/p>\n<\/li>\n<li class=\"\" data-start=\"1864\" data-end=\"1912\">\n<p class=\"\" data-start=\"1866\" data-end=\"1912\"><strong data-start=\"1866\" data-end=\"1878\">Par mail<\/strong> : <a rel=\"noopener\" data-start=\"1881\" data-end=\"1910\">charte@parc-ballons-vosges.fr<\/a><\/p>\n<\/li>\n<li class=\"\" data-start=\"1913\" data-end=\"1968\">\n<p class=\"\" data-start=\"1915\" data-end=\"1968\"><strong data-start=\"1915\" data-end=\"1931\">Par courrier<\/strong> : 1, Rue du Couvent, 68140 Munster<\/p>\n<\/li>\n<\/ul>\n<p class=\"\" data-start=\"1970\" data-end=\"2276\">Plus d\u2019informations sont disponibles sur le site officiel du Parc :<br data-start=\"2037\" data-end=\"2040\" \/><a target=\"_new\" rel=\"noopener\" data-start=\"2040\" data-end=\"2274\">https:\/\/www.parc-ballons-vosges.fr\/comprendre\/parc-naturel-regional-ballons-vosges\/revision-de-la-charte-2027-2042\/<\/a><\/p>\n<p class=\"\" data-start=\"2278\" data-end=\"2473\">Cette d\u00e9marche participative est une occasion unique pour les habitants d\u2019influencer les orientations du Parc et de contribuer \u00e0 la pr\u00e9servation et au d\u00e9veloppement harmonieux de leur territoire.<\/p>\n","protected":false},"excerpt":{"rendered":"<p>Le Parc naturel r\u00e9gional des Ballons des Vosges engage une r\u00e9flexion sur son futur projet de territoire. Dans le cadre [&hellip;]<\/p>\n","protected":false},"author":418,"featured_media":1501,"comment_status":"open","ping_status":"open","sticky":false,"template":"","format":"standard","meta":{"footnotes":""},"categories":[26,108,1547,845,43,362,18],"tags":[7626,7078,32],"class_list":["post-80361","post","type-post","status-publish","format-standard","has-post-thumbnail","hentry","category-a-la-une","category-epinal","category-gerardmer-2","category-la-plaine-des-vosges","category-remiremont-remiremont-son-canton","category-saint-die","category-vosges","tag-nouvelle-charte","tag-parc-naturel-regional-des-ballons-des-vosges","tag-vosges"],"acf":[],"yoast_head":"<!-- This site is optimized with the Yoast SEO plugin v22.5 - https:\/\/yoast.com\/wordpress\/plugins\/seo\/ -->\n<title>Participez \u00e0 la consultation pour la nouvelle charte du Parc des Ballons des Vosges - Remiremont Info<\/title>\n<meta name=\"robots\" content=\"index, follow, max-snippet:-1, max-image-preview:large, max-video-preview:-1\" \/>\n<link rel=\"canonical\" href=\"https:\/\/vosgesinfo.fr\/remiremontinfo\/?p=80361\" \/>\n<meta name=\"twitter:card\" content=\"summary_large_image\" \/>\n<meta name=\"twitter:title\" content=\"Participez \u00e0 la consultation pour la nouvelle charte du Parc des Ballons des Vosges - Remiremont Info\" \/>\n<meta name=\"twitter:description\" content=\"Le Parc naturel r\u00e9gional des Ballons des Vosges engage une r\u00e9flexion sur son futur projet de territoire. Dans le cadre [&hellip;]\" \/>\n<meta name=\"twitter:image\" content=\"https:\/\/vosgesinfo.fr\/app\/uploads\/sites\/5\/2023\/09\/vosges.jpg\" \/>\n<meta name=\"twitter:creator\" content=\"@VosgesInfo88\" \/>\n<meta name=\"twitter:site\" content=\"@VosgesInfo88\" \/>\n<meta name=\"twitter:label1\" content=\"\u00c9crit par\" \/>\n\t<meta name=\"twitter:data1\" content=\"C.M\" \/>\n\t<meta name=\"twitter:label2\" content=\"Dur\u00e9e de lecture estim\u00e9e\" \/>\n\t<meta name=\"twitter:data2\" content=\"2 minutes\" \/>\n<script type=\"application\/ld+json\" class=\"yoast-schema-graph\">{\"@context\":\"https:\/\/schema.org\",\"@graph\":[{\"@type\":\"Article\",\"@id\":\"https:\/\/vosgesinfo.fr\/remiremontinfo\/?p=80361#article\",\"isPartOf\":{\"@id\":\"https:\/\/vosgesinfo.fr\/remiremontinfo\/?p=80361\"},\"author\":{\"name\":\"C.M\",\"@id\":\"https:\/\/vosgesinfo.fr\/remiremontinfo\/#\/schema\/person\/4f38cd3068e342935b7304695c797d08\"},\"headline\":\"Participez \u00e0 la consultation pour la nouvelle charte du Parc des Ballons des Vosges\",\"datePublished\":\"2025-04-03T08:45:02+00:00\",\"dateModified\":\"2025-04-03T08:45:02+00:00\",\"mainEntityOfPage\":{\"@id\":\"https:\/\/vosgesinfo.fr\/remiremontinfo\/?p=80361\"},\"wordCount\":370,\"commentCount\":0,\"publisher\":{\"@id\":\"https:\/\/vosgesinfo.fr\/remiremontinfo\/#organization\"},\"image\":{\"@id\":\"https:\/\/vosgesinfo.fr\/remiremontinfo\/?p=80361#primaryimage\"},\"thumbnailUrl\":\"https:\/\/vosgesinfo.fr\/app\/uploads\/sites\/5\/2023\/09\/vosges.jpg\",\"keywords\":[\"Nouvelle charte\",\"Parc naturel r\u00e9gional des Ballons des Vosges\",\"Vosges\"],\"articleSection\":[\"A la Une\",\"Epinal\",\"Gerardmer\",\"La plaine des vosges\",\"Remiremont\",\"Saint-di\u00e9\",\"Vosges\"],\"inLanguage\":\"fr-FR\",\"potentialAction\":[{\"@type\":\"CommentAction\",\"name\":\"Comment\",\"target\":[\"https:\/\/vosgesinfo.fr\/remiremontinfo\/?p=80361#respond\"]}]},{\"@type\":\"WebPage\",\"@id\":\"https:\/\/vosgesinfo.fr\/remiremontinfo\/?p=80361\",\"url\":\"https:\/\/vosgesinfo.fr\/remiremontinfo\/?p=80361\",\"name\":\"Participez \u00e0 la consultation pour la nouvelle charte du Parc des Ballons des Vosges - Remiremont Info\",\"isPartOf\":{\"@id\":\"https:\/\/vosgesinfo.fr\/remiremontinfo\/#website\"},\"primaryImageOfPage\":{\"@id\":\"https:\/\/vosgesinfo.fr\/remiremontinfo\/?p=80361#primaryimage\"},\"image\":{\"@id\":\"https:\/\/vosgesinfo.fr\/remiremontinfo\/?p=80361#primaryimage\"},\"thumbnailUrl\":\"https:\/\/vosgesinfo.fr\/app\/uploads\/sites\/5\/2023\/09\/vosges.jpg\",\"datePublished\":\"2025-04-03T08:45:02+00:00\",\"dateModified\":\"2025-04-03T08:45:02+00:00\",\"breadcrumb\":{\"@id\":\"https:\/\/vosgesinfo.fr\/remiremontinfo\/?p=80361#breadcrumb\"},\"inLanguage\":\"fr-FR\",\"potentialAction\":[{\"@type\":\"ReadAction\",\"target\":[\"https:\/\/vosgesinfo.fr\/remiremontinfo\/?p=80361\"]}]},{\"@type\":\"ImageObject\",\"inLanguage\":\"fr-FR\",\"@id\":\"https:\/\/vosgesinfo.fr\/remiremontinfo\/?p=80361#primaryimage\",\"url\":\"https:\/\/vosgesinfo.fr\/app\/uploads\/sites\/5\/2023\/09\/vosges.jpg\",\"contentUrl\":\"https:\/\/vosgesinfo.fr\/app\/uploads\/sites\/5\/2023\/09\/vosges.jpg\",\"width\":626,\"height\":400,\"caption\":\"Paysage des Vosges du Sud en automne vue depuis la T\u00eate des Perches, Rimbach-pr\u00e8s-Masevaux, Parc naturel r\u00e9gional des Ballons des Vosges, Haut-Rhin (68)\"},{\"@type\":\"BreadcrumbList\",\"@id\":\"https:\/\/vosgesinfo.fr\/remiremontinfo\/?p=80361#breadcrumb\",\"itemListElement\":[{\"@type\":\"ListItem\",\"position\":1,\"name\":\"Home\",\"item\":\"https:\/\/vosgesinfo.fr\/remiremontinfo\/\"},{\"@type\":\"ListItem\",\"position\":2,\"name\":\"Participez \u00e0 la consultation pour la nouvelle charte du Parc des Ballons des Vosges\"}]},{\"@type\":\"WebSite\",\"@id\":\"https:\/\/vosgesinfo.fr\/remiremontinfo\/#website\",\"url\":\"https:\/\/vosgesinfo.fr\/remiremontinfo\/\",\"name\":\"Remiremont Info\",\"description\":\"Toute l&#039;actualit\u00e9 de Remiremont\",\"publisher\":{\"@id\":\"https:\/\/vosgesinfo.fr\/remiremontinfo\/#organization\"},\"alternateName\":\"Toute l'actualit\u00e9 de Remiremont\",\"potentialAction\":[{\"@type\":\"SearchAction\",\"target\":{\"@type\":\"EntryPoint\",\"urlTemplate\":\"https:\/\/vosgesinfo.fr\/remiremontinfo\/?s={search_term_string}\"},\"query-input\":\"required name=search_term_string\"}],\"inLanguage\":\"fr-FR\"},{\"@type\":\"Organization\",\"@id\":\"https:\/\/vosgesinfo.fr\/remiremontinfo\/#organization\",\"name\":\"Remiremont Info\",\"url\":\"https:\/\/vosgesinfo.fr\/remiremontinfo\/\",\"logo\":{\"@type\":\"ImageObject\",\"inLanguage\":\"fr-FR\",\"@id\":\"https:\/\/vosgesinfo.fr\/remiremontinfo\/#\/schema\/logo\/image\/\",\"url\":\"https:\/\/vosgesinfo.fr\/app\/uploads\/sites\/5\/2023\/08\/favicon-remiremontinfo.png\",\"contentUrl\":\"https:\/\/vosgesinfo.fr\/app\/uploads\/sites\/5\/2023\/08\/favicon-remiremontinfo.png\",\"width\":512,\"height\":512,\"caption\":\"Remiremont Info\"},\"image\":{\"@id\":\"https:\/\/vosgesinfo.fr\/remiremontinfo\/#\/schema\/logo\/image\/\"},\"sameAs\":[\"https:\/\/www.facebook.com\/remiremontinfo\",\"https:\/\/x.com\/VosgesInfo88\",\"https:\/\/www.youtube.com\/@vosgesinfo\"]},{\"@type\":\"Person\",\"@id\":\"https:\/\/vosgesinfo.fr\/remiremontinfo\/#\/schema\/person\/4f38cd3068e342935b7304695c797d08\",\"name\":\"C.M\",\"image\":{\"@type\":\"ImageObject\",\"inLanguage\":\"fr-FR\",\"@id\":\"https:\/\/vosgesinfo.fr\/remiremontinfo\/#\/schema\/person\/image\/\",\"url\":\"https:\/\/secure.gravatar.com\/avatar\/fe9daaef0164d920717484172682f3c5c9bcf7d42aa8c7048c76c34f0eb6c8da?s=96&d=mm&r=g\",\"contentUrl\":\"https:\/\/secure.gravatar.com\/avatar\/fe9daaef0164d920717484172682f3c5c9bcf7d42aa8c7048c76c34f0eb6c8da?s=96&d=mm&r=g\",\"caption\":\"C.M\"},\"url\":\"https:\/\/vosgesinfo.fr\/remiremontinfo\/author\/cm88200\/\"}]}<\/script>\n<!-- \/ Yoast SEO plugin. -->","yoast_head_json":{"title":"Participez \u00e0 la consultation pour la nouvelle charte du Parc des Ballons des Vosges - Remiremont Info","robots":{"index":"index","follow":"follow","max-snippet":"max-snippet:-1","max-image-preview":"max-image-preview:large","max-video-preview":"max-video-preview:-1"},"canonical":"https:\/\/vosgesinfo.fr\/remiremontinfo\/?p=80361","twitter_card":"summary_large_image","twitter_title":"Participez \u00e0 la consultation pour la nouvelle charte du Parc des Ballons des Vosges - Remiremont Info","twitter_description":"Le Parc naturel r\u00e9gional des Ballons des Vosges engage une r\u00e9flexion sur son futur projet de territoire. Dans le cadre [&hellip;]","twitter_image":"https:\/\/vosgesinfo.fr\/app\/uploads\/sites\/5\/2023\/09\/vosges.jpg","twitter_creator":"@VosgesInfo88","twitter_site":"@VosgesInfo88","twitter_misc":{"\u00c9crit par":"C.M","Dur\u00e9e de lecture estim\u00e9e":"2 minutes"},"schema":{"@context":"https:\/\/schema.org","@graph":[{"@type":"Article","@id":"https:\/\/vosgesinfo.fr\/remiremontinfo\/?p=80361#article","isPartOf":{"@id":"https:\/\/vosgesinfo.fr\/remiremontinfo\/?p=80361"},"author":{"name":"C.M","@id":"https:\/\/vosgesinfo.fr\/remiremontinfo\/#\/schema\/person\/4f38cd3068e342935b7304695c797d08"},"headline":"Participez \u00e0 la consultation pour la nouvelle charte du Parc des Ballons des Vosges","datePublished":"2025-04-03T08:45:02+00:00","dateModified":"2025-04-03T08:45:02+00:00","mainEntityOfPage":{"@id":"https:\/\/vosgesinfo.fr\/remiremontinfo\/?p=80361"},"wordCount":370,"commentCount":0,"publisher":{"@id":"https:\/\/vosgesinfo.fr\/remiremontinfo\/#organization"},"image":{"@id":"https:\/\/vosgesinfo.fr\/remiremontinfo\/?p=80361#primaryimage"},"thumbnailUrl":"https:\/\/vosgesinfo.fr\/app\/uploads\/sites\/5\/2023\/09\/vosges.jpg","keywords":["Nouvelle charte","Parc naturel r\u00e9gional des Ballons des Vosges","Vosges"],"articleSection":["A la Une","Epinal","Gerardmer","La plaine des vosges","Remiremont","Saint-di\u00e9","Vosges"],"inLanguage":"fr-FR","potentialAction":[{"@type":"CommentAction","name":"Comment","target":["https:\/\/vosgesinfo.fr\/remiremontinfo\/?p=80361#respond"]}]},{"@type":"WebPage","@id":"https:\/\/vosgesinfo.fr\/remiremontinfo\/?p=80361","url":"https:\/\/vosgesinfo.fr\/remiremontinfo\/?p=80361","name":"Participez \u00e0 la consultation pour la nouvelle charte du Parc des Ballons des Vosges - Remiremont Info","isPartOf":{"@id":"https:\/\/vosgesinfo.fr\/remiremontinfo\/#website"},"primaryImageOfPage":{"@id":"https:\/\/vosgesinfo.fr\/remiremontinfo\/?p=80361#primaryimage"},"image":{"@id":"https:\/\/vosgesinfo.fr\/remiremontinfo\/?p=80361#primaryimage"},"thumbnailUrl":"https:\/\/vosgesinfo.fr\/app\/uploads\/sites\/5\/2023\/09\/vosges.jpg","datePublished":"2025-04-03T08:45:02+00:00","dateModified":"2025-04-03T08:45:02+00:00","breadcrumb":{"@id":"https:\/\/vosgesinfo.fr\/remiremontinfo\/?p=80361#breadcrumb"},"inLanguage":"fr-FR","potentialAction":[{"@type":"ReadAction","target":["https:\/\/vosgesinfo.fr\/remiremontinfo\/?p=80361"]}]},{"@type":"ImageObject","inLanguage":"fr-FR","@id":"https:\/\/vosgesinfo.fr\/remiremontinfo\/?p=80361#primaryimage","url":"https:\/\/vosgesinfo.fr\/app\/uploads\/sites\/5\/2023\/09\/vosges.jpg","contentUrl":"https:\/\/vosgesinfo.fr\/app\/uploads\/sites\/5\/2023\/09\/vosges.jpg","width":626,"height":400,"caption":"Paysage des Vosges du Sud en automne vue depuis la T\u00eate des Perches, Rimbach-pr\u00e8s-Masevaux, Parc naturel r\u00e9gional des Ballons des Vosges, Haut-Rhin (68)"},{"@type":"BreadcrumbList","@id":"https:\/\/vosgesinfo.fr\/remiremontinfo\/?p=80361#breadcrumb","itemListElement":[{"@type":"ListItem","position":1,"name":"Home","item":"https:\/\/vosgesinfo.fr\/remiremontinfo\/"},{"@type":"ListItem","position":2,"name":"Participez \u00e0 la consultation pour la nouvelle charte du Parc des Ballons des Vosges"}]},{"@type":"WebSite","@id":"https:\/\/vosgesinfo.fr\/remiremontinfo\/#website","url":"https:\/\/vosgesinfo.fr\/remiremontinfo\/","name":"Remiremont Info","description":"Toute l&#039;actualit\u00e9 de Remiremont","publisher":{"@id":"https:\/\/vosgesinfo.fr\/remiremontinfo\/#organization"},"alternateName":"Toute l'actualit\u00e9 de Remiremont","potentialAction":[{"@type":"SearchAction","target":{"@type":"EntryPoint","urlTemplate":"https:\/\/vosgesinfo.fr\/remiremontinfo\/?s={search_term_string}"},"query-input":"required name=search_term_string"}],"inLanguage":"fr-FR"},{"@type":"Organization","@id":"https:\/\/vosgesinfo.fr\/remiremontinfo\/#organization","name":"Remiremont Info","url":"https:\/\/vosgesinfo.fr\/remiremontinfo\/","logo":{"@type":"ImageObject","inLanguage":"fr-FR","@id":"https:\/\/vosgesinfo.fr\/remiremontinfo\/#\/schema\/logo\/image\/","url":"https:\/\/vosgesinfo.fr\/app\/uploads\/sites\/5\/2023\/08\/favicon-remiremontinfo.png","contentUrl":"https:\/\/vosgesinfo.fr\/app\/uploads\/sites\/5\/2023\/08\/favicon-remiremontinfo.png","width":512,"height":512,"caption":"Remiremont Info"},"image":{"@id":"https:\/\/vosgesinfo.fr\/remiremontinfo\/#\/schema\/logo\/image\/"},"sameAs":["https:\/\/www.facebook.com\/remiremontinfo","https:\/\/x.com\/VosgesInfo88","https:\/\/www.youtube.com\/@vosgesinfo"]},{"@type":"Person","@id":"https:\/\/vosgesinfo.fr\/remiremontinfo\/#\/schema\/person\/4f38cd3068e342935b7304695c797d08","name":"C.M","image":{"@type":"ImageObject","inLanguage":"fr-FR","@id":"https:\/\/vosgesinfo.fr\/remiremontinfo\/#\/schema\/person\/image\/","url":"https:\/\/secure.gravatar.com\/avatar\/fe9daaef0164d920717484172682f3c5c9bcf7d42aa8c7048c76c34f0eb6c8da?s=96&d=mm&r=g","contentUrl":"https:\/\/secure.gravatar.com\/avatar\/fe9daaef0164d920717484172682f3c5c9bcf7d42aa8c7048c76c34f0eb6c8da?s=96&d=mm&r=g","caption":"C.M"},"url":"https:\/\/vosgesinfo.fr\/remiremontinfo\/author\/cm88200\/"}]}},"_links":{"self":[{"href":"https:\/\/vosgesinfo.fr\/remiremontinfo\/wp-json\/wp\/v2\/posts\/80361","targetHints":{"allow":["GET"]}}],"collection":[{"href":"https:\/\/vosgesinfo.fr\/remiremontinfo\/wp-json\/wp\/v2\/posts"}],"about":[{"href":"https:\/\/vosgesinfo.fr\/remiremontinfo\/wp-json\/wp\/v2\/types\/post"}],"author":[{"embeddable":true,"href":"https:\/\/vosgesinfo.fr\/remiremontinfo\/wp-json\/wp\/v2\/users\/418"}],"replies":[{"embeddable":true,"href":"https:\/\/vosgesinfo.fr\/remiremontinfo\/wp-json\/wp\/v2\/comments?post=80361"}],"version-history":[{"count":1,"href":"https:\/\/vosgesinfo.fr\/remiremontinfo\/wp-json\/wp\/v2\/posts\/80361\/revisions"}],"predecessor-version":[{"id":80362,"href":"https:\/\/vosgesinfo.fr\/remiremontinfo\/wp-json\/wp\/v2\/posts\/80361\/revisions\/80362"}],"wp:featuredmedia":[{"embeddable":true,"href":"https:\/\/vosgesinfo.fr\/remiremontinfo\/wp-json\/wp\/v2\/media\/1501"}],"wp:attachment":[{"href":"https:\/\/vosgesinfo.fr\/remiremontinfo\/wp-json\/wp\/v2\/media?parent=80361"}],"wp:term":[{"taxonomy":"category","embeddable":true,"href":"https:\/\/vosgesinfo.fr\/remiremontinfo\/wp-json\/wp\/v2\/categories?post=80361"},{"taxonomy":"post_tag","embeddable":true,"href":"https:\/\/vosgesinfo.fr\/remiremontinfo\/wp-json\/wp\/v2\/tags?post=80361"}],"curies":[{"name":"wp","href":"https:\/\/api.w.org\/{rel}","templated":true}]}}