{"id":80389,"date":"2025-04-04T08:56:07","date_gmt":"2025-04-04T06:56:07","guid":{"rendered":"https:\/\/vosgesinfo.fr\/remiremontinfo\/?p=80389"},"modified":"2025-04-04T08:56:07","modified_gmt":"2025-04-04T06:56:07","slug":"fermetures-de-classe-le-college-christian-poncelet-tire-la-sonnette-dalarme","status":"publish","type":"post","link":"https:\/\/vosgesinfo.fr\/remiremontinfo\/2025\/04\/fermetures-de-classe-le-college-christian-poncelet-tire-la-sonnette-dalarme\/","title":{"rendered":"Fermetures de classe : le coll\u00e8ge Christian Poncelet tire la sonnette d&rsquo;alarme"},"content":{"rendered":"<p data-pm-slice=\"1 1 []\"><a href=\"https:\/\/vosgesinfo.fr\/app\/uploads\/sites\/5\/2025\/04\/fermeture-classes-christian-poncelet-scaled.jpg\"><img decoding=\"async\" class=\"aligncenter size-full wp-image-80396\" src=\"https:\/\/vosgesinfo.fr\/app\/uploads\/sites\/5\/2025\/04\/fermeture-classes-christian-poncelet-scaled.jpg\" alt=\"\" width=\"2560\" height=\"1920\" srcset=\"https:\/\/vosgesinfo.fr\/app\/uploads\/sites\/5\/2025\/04\/fermeture-classes-christian-poncelet-scaled.jpg 2560w, https:\/\/vosgesinfo.fr\/app\/uploads\/sites\/5\/2025\/04\/fermeture-classes-christian-poncelet-300x225.jpg 300w, https:\/\/vosgesinfo.fr\/app\/uploads\/sites\/5\/2025\/04\/fermeture-classes-christian-poncelet-1024x768.jpg 1024w, https:\/\/vosgesinfo.fr\/app\/uploads\/sites\/5\/2025\/04\/fermeture-classes-christian-poncelet-768x576.jpg 768w, https:\/\/vosgesinfo.fr\/app\/uploads\/sites\/5\/2025\/04\/fermeture-classes-christian-poncelet-1536x1152.jpg 1536w, https:\/\/vosgesinfo.fr\/app\/uploads\/sites\/5\/2025\/04\/fermeture-classes-christian-poncelet-2048x1536.jpg 2048w\" sizes=\"(max-width: 2560px) 100vw, 2560px\" \/><\/a><\/p>\n<p data-pm-slice=\"1 1 []\"><strong>C&rsquo;est la goutte de trop pour le coll\u00e8ge Christian Poncelet de Remiremont. En effet, l&rsquo;\u00e9tablissement scolaire est menac\u00e9 par la fermeture de deux de ses classes pour la prochaine rentr\u00e9e scolaire. Ces deux fermetures programm\u00e9es surviennent apr\u00e8s une premi\u00e8re fermeture lors de la rentr\u00e9e 2024. Ce jeudi 3 avril, parents d&rsquo;\u00e9l\u00e8ves, enseignants et \u00e9lus se sont rassembl\u00e9s devant le coll\u00e8ge pour proc\u00e9der \u00e0 une r\u00e9union d&rsquo;information et exprimer leurs inqui\u00e9tudes.<\/strong><\/p>\n<h3>De nombreux motifs d&rsquo;inqui\u00e9tude pour le bien-\u00eatre des \u00e9l\u00e8ves et des enseignants<\/h3>\n<p>Si cette d\u00e9cision est act\u00e9e, cela fera trois fermetures de classe en deux ans, rendant l&rsquo;\u00e9tablissement romarimontain le plus impact\u00e9 dans les Vosges. Pourtant, le personnel enseignant du coll\u00e8ge Christian Poncelet d\u00e9nonce des donn\u00e9es d\u00e9mographiques fausses : les chiffres concernant les nouveaux \u00e9l\u00e8ves int\u00e9grant la classe de 6\u1d49 du rectorat et ceux des directeurs d&rsquo;\u00e9coles de rattachement sont loin d&rsquo;\u00eatre identiques. Avec 81 du c\u00f4t\u00e9 du rectorat et 92 pour les directeurs. Tout cela, sans prendre en compte les possibles d\u00e9rogations qui pourraient intervenir.<\/p>\n<p>Les enseignants d\u00e9noncent aussi des moyens allou\u00e9s insuffisants pour faire fonctionner des groupes de besoin et maintenir des effectifs d\u00e9cents, ainsi que des locaux inadapt\u00e9s \u00e0 des classes de plus de trente \u00e9l\u00e8ves, sans compter les AESH pr\u00e9sents pour accompagner les \u00e9l\u00e8ves en difficult\u00e9. Des classes surcharg\u00e9es entraineraient un manque de s\u00e9curit\u00e9 avec l&rsquo;obstruction des issues de secours.<\/p>\n<p>\u00ab\u00a0<em>C&rsquo;est une forme de maltraitance pour les \u00e9l\u00e8ves et les enseignants. L&rsquo;\u00e9cole est pay\u00e9e avec les imp\u00f4ts et, avec cette situation, des parents vont se tourner vers des \u00e9coles priv\u00e9es pour que leurs enfants puissent faire cours dans de bonnes conditions, et donc, payer \u00e0 nouveau. Ce n&rsquo;est pas normal<\/em>, nous indique-t-on.<\/p>\n<h3>Les \u00e9lus locaux entendent le cri d&rsquo;alarme des enseignants.<\/h3>\n<p>Lors de cette r\u00e9union, le maire de Remiremont, Jean-Beno\u00eet Tisserand, \u00e9tait pr\u00e9sent, ainsi que Christophe Naegelen, d\u00e9put\u00e9 des Vosges, <a href=\"https:\/\/vosgesinfo.fr\/remiremontinfo\/2025\/03\/carte-scolaire-suppressions-de-postes-annoncees-dans-le-secteur-de-remiremont-christophe-naegelen-interpelle-a-nouveau-elisabeth-borne\/\" target=\"_blank\" rel=\"noopener\">qui a r\u00e9cemment interpell\u00e9 Elisabeth Borne, ministre de l&rsquo;\u00c9ducation nationale, au sujet des fermetures de classes dans les Vosges<\/a>, et particuli\u00e8rement sur la situation du coll\u00e8ge Christian Poncelet.<\/p>\n<p>Les maires des communes de rattachement ont conjointement r\u00e9dig\u00e9 un courrier \u00e0 l&rsquo;adresse du recteur et les parents et enseignants devraient rencontrer le nouveau DASEN (directeur acad\u00e9mique des services de l&rsquo;\u00e9ducation nationale) le 29 avril prochain.<\/p>\n<p>L&rsquo;\u00e9tablissement scolaire r\u00e9clame une classe de 6\u1d49 suppl\u00e9mentaire, soit quatre au total pour le bien-\u00eatre des \u00e9l\u00e8ves scolaris\u00e9s et de leurs enseignants.<\/p>\n","protected":false},"excerpt":{"rendered":"<p>C&rsquo;est la goutte de trop pour le coll\u00e8ge Christian Poncelet de Remiremont. En effet, l&rsquo;\u00e9tablissement scolaire est menac\u00e9 par la [&hellip;]<\/p>\n","protected":false},"author":418,"featured_media":80396,"comment_status":"open","ping_status":"open","sticky":false,"template":"","format":"standard","meta":{"footnotes":""},"categories":[26,6,165,43],"tags":[972,7642],"class_list":["post-80389","post","type-post","status-publish","format-standard","has-post-thumbnail","hentry","category-a-la-une","category-education","category-enseignement","category-remiremont-remiremont-son-canton","tag-college-christian-poncelet","tag-fermetures-de-classe"],"acf":[],"yoast_head":"<!-- This site is optimized with the Yoast SEO plugin v22.5 - https:\/\/yoast.com\/wordpress\/plugins\/seo\/ -->\n<title>Fermetures de classe : le coll\u00e8ge Christian Poncelet tire la sonnette d&#039;alarme - Remiremont Info<\/title>\n<meta name=\"robots\" content=\"index, follow, max-snippet:-1, max-image-preview:large, max-video-preview:-1\" \/>\n<link rel=\"canonical\" href=\"https:\/\/vosgesinfo.fr\/remiremontinfo\/?p=80389\" \/>\n<meta name=\"twitter:card\" content=\"summary_large_image\" \/>\n<meta name=\"twitter:title\" content=\"Fermetures de classe : le coll\u00e8ge Christian Poncelet tire la sonnette d&#039;alarme - Remiremont Info\" \/>\n<meta name=\"twitter:description\" content=\"C&rsquo;est la goutte de trop pour le coll\u00e8ge Christian Poncelet de Remiremont. En effet, l&rsquo;\u00e9tablissement scolaire est menac\u00e9 par la [&hellip;]\" \/>\n<meta name=\"twitter:image\" content=\"https:\/\/vosgesinfo.fr\/app\/uploads\/sites\/5\/2025\/04\/fermeture-classes-christian-poncelet-scaled.jpg\" \/>\n<meta name=\"twitter:creator\" content=\"@VosgesInfo88\" \/>\n<meta name=\"twitter:site\" content=\"@VosgesInfo88\" \/>\n<meta name=\"twitter:label1\" content=\"\u00c9crit par\" \/>\n\t<meta name=\"twitter:data1\" content=\"C.M\" \/>\n\t<meta name=\"twitter:label2\" content=\"Dur\u00e9e de lecture estim\u00e9e\" \/>\n\t<meta name=\"twitter:data2\" content=\"2 minutes\" \/>\n<script type=\"application\/ld+json\" class=\"yoast-schema-graph\">{\"@context\":\"https:\/\/schema.org\",\"@graph\":[{\"@type\":\"Article\",\"@id\":\"https:\/\/vosgesinfo.fr\/remiremontinfo\/?p=80389#article\",\"isPartOf\":{\"@id\":\"https:\/\/vosgesinfo.fr\/remiremontinfo\/?p=80389\"},\"author\":{\"name\":\"C.M\",\"@id\":\"https:\/\/vosgesinfo.fr\/remiremontinfo\/#\/schema\/person\/4f38cd3068e342935b7304695c797d08\"},\"headline\":\"Fermetures de classe : le coll\u00e8ge Christian Poncelet tire la sonnette d&rsquo;alarme\",\"datePublished\":\"2025-04-04T06:56:07+00:00\",\"dateModified\":\"2025-04-04T06:56:07+00:00\",\"mainEntityOfPage\":{\"@id\":\"https:\/\/vosgesinfo.fr\/remiremontinfo\/?p=80389\"},\"wordCount\":460,\"commentCount\":0,\"publisher\":{\"@id\":\"https:\/\/vosgesinfo.fr\/remiremontinfo\/#organization\"},\"image\":{\"@id\":\"https:\/\/vosgesinfo.fr\/remiremontinfo\/?p=80389#primaryimage\"},\"thumbnailUrl\":\"https:\/\/vosgesinfo.fr\/app\/uploads\/sites\/5\/2025\/04\/fermeture-classes-christian-poncelet-scaled.jpg\",\"keywords\":[\"coll\u00e8ge Christian Poncelet\",\"Fermetures de classe\"],\"articleSection\":[\"A la Une\",\"\u00c9ducation\",\"Enseignement\",\"Remiremont\"],\"inLanguage\":\"fr-FR\",\"potentialAction\":[{\"@type\":\"CommentAction\",\"name\":\"Comment\",\"target\":[\"https:\/\/vosgesinfo.fr\/remiremontinfo\/?p=80389#respond\"]}]},{\"@type\":\"WebPage\",\"@id\":\"https:\/\/vosgesinfo.fr\/remiremontinfo\/?p=80389\",\"url\":\"https:\/\/vosgesinfo.fr\/remiremontinfo\/?p=80389\",\"name\":\"Fermetures de classe : le coll\u00e8ge Christian Poncelet tire la sonnette d'alarme - Remiremont Info\",\"isPartOf\":{\"@id\":\"https:\/\/vosgesinfo.fr\/remiremontinfo\/#website\"},\"primaryImageOfPage\":{\"@id\":\"https:\/\/vosgesinfo.fr\/remiremontinfo\/?p=80389#primaryimage\"},\"image\":{\"@id\":\"https:\/\/vosgesinfo.fr\/remiremontinfo\/?p=80389#primaryimage\"},\"thumbnailUrl\":\"https:\/\/vosgesinfo.fr\/app\/uploads\/sites\/5\/2025\/04\/fermeture-classes-christian-poncelet-scaled.jpg\",\"datePublished\":\"2025-04-04T06:56:07+00:00\",\"dateModified\":\"2025-04-04T06:56:07+00:00\",\"breadcrumb\":{\"@id\":\"https:\/\/vosgesinfo.fr\/remiremontinfo\/?p=80389#breadcrumb\"},\"inLanguage\":\"fr-FR\",\"potentialAction\":[{\"@type\":\"ReadAction\",\"target\":[\"https:\/\/vosgesinfo.fr\/remiremontinfo\/?p=80389\"]}]},{\"@type\":\"ImageObject\",\"inLanguage\":\"fr-FR\",\"@id\":\"https:\/\/vosgesinfo.fr\/remiremontinfo\/?p=80389#primaryimage\",\"url\":\"https:\/\/vosgesinfo.fr\/app\/uploads\/sites\/5\/2025\/04\/fermeture-classes-christian-poncelet-scaled.jpg\",\"contentUrl\":\"https:\/\/vosgesinfo.fr\/app\/uploads\/sites\/5\/2025\/04\/fermeture-classes-christian-poncelet-scaled.jpg\",\"width\":2560,\"height\":1920},{\"@type\":\"BreadcrumbList\",\"@id\":\"https:\/\/vosgesinfo.fr\/remiremontinfo\/?p=80389#breadcrumb\",\"itemListElement\":[{\"@type\":\"ListItem\",\"position\":1,\"name\":\"Home\",\"item\":\"https:\/\/vosgesinfo.fr\/remiremontinfo\/\"},{\"@type\":\"ListItem\",\"position\":2,\"name\":\"Fermetures de classe : le coll\u00e8ge Christian Poncelet tire la sonnette d&#8217;alarme\"}]},{\"@type\":\"WebSite\",\"@id\":\"https:\/\/vosgesinfo.fr\/remiremontinfo\/#website\",\"url\":\"https:\/\/vosgesinfo.fr\/remiremontinfo\/\",\"name\":\"Remiremont Info\",\"description\":\"Toute l&#039;actualit\u00e9 de Remiremont\",\"publisher\":{\"@id\":\"https:\/\/vosgesinfo.fr\/remiremontinfo\/#organization\"},\"alternateName\":\"Toute l'actualit\u00e9 de Remiremont\",\"potentialAction\":[{\"@type\":\"SearchAction\",\"target\":{\"@type\":\"EntryPoint\",\"urlTemplate\":\"https:\/\/vosgesinfo.fr\/remiremontinfo\/?s={search_term_string}\"},\"query-input\":\"required name=search_term_string\"}],\"inLanguage\":\"fr-FR\"},{\"@type\":\"Organization\",\"@id\":\"https:\/\/vosgesinfo.fr\/remiremontinfo\/#organization\",\"name\":\"Remiremont Info\",\"url\":\"https:\/\/vosgesinfo.fr\/remiremontinfo\/\",\"logo\":{\"@type\":\"ImageObject\",\"inLanguage\":\"fr-FR\",\"@id\":\"https:\/\/vosgesinfo.fr\/remiremontinfo\/#\/schema\/logo\/image\/\",\"url\":\"https:\/\/vosgesinfo.fr\/app\/uploads\/sites\/5\/2023\/08\/favicon-remiremontinfo.png\",\"contentUrl\":\"https:\/\/vosgesinfo.fr\/app\/uploads\/sites\/5\/2023\/08\/favicon-remiremontinfo.png\",\"width\":512,\"height\":512,\"caption\":\"Remiremont Info\"},\"image\":{\"@id\":\"https:\/\/vosgesinfo.fr\/remiremontinfo\/#\/schema\/logo\/image\/\"},\"sameAs\":[\"https:\/\/www.facebook.com\/remiremontinfo\",\"https:\/\/x.com\/VosgesInfo88\",\"https:\/\/www.youtube.com\/@vosgesinfo\"]},{\"@type\":\"Person\",\"@id\":\"https:\/\/vosgesinfo.fr\/remiremontinfo\/#\/schema\/person\/4f38cd3068e342935b7304695c797d08\",\"name\":\"C.M\",\"image\":{\"@type\":\"ImageObject\",\"inLanguage\":\"fr-FR\",\"@id\":\"https:\/\/vosgesinfo.fr\/remiremontinfo\/#\/schema\/person\/image\/\",\"url\":\"https:\/\/secure.gravatar.com\/avatar\/fe9daaef0164d920717484172682f3c5c9bcf7d42aa8c7048c76c34f0eb6c8da?s=96&d=mm&r=g\",\"contentUrl\":\"https:\/\/secure.gravatar.com\/avatar\/fe9daaef0164d920717484172682f3c5c9bcf7d42aa8c7048c76c34f0eb6c8da?s=96&d=mm&r=g\",\"caption\":\"C.M\"},\"url\":\"https:\/\/vosgesinfo.fr\/remiremontinfo\/author\/cm88200\/\"}]}<\/script>\n<!-- \/ Yoast SEO plugin. -->","yoast_head_json":{"title":"Fermetures de classe : le coll\u00e8ge Christian Poncelet tire la sonnette d'alarme - Remiremont Info","robots":{"index":"index","follow":"follow","max-snippet":"max-snippet:-1","max-image-preview":"max-image-preview:large","max-video-preview":"max-video-preview:-1"},"canonical":"https:\/\/vosgesinfo.fr\/remiremontinfo\/?p=80389","twitter_card":"summary_large_image","twitter_title":"Fermetures de classe : le coll\u00e8ge Christian Poncelet tire la sonnette d'alarme - Remiremont Info","twitter_description":"C&rsquo;est la goutte de trop pour le coll\u00e8ge Christian Poncelet de Remiremont. En effet, l&rsquo;\u00e9tablissement scolaire est menac\u00e9 par la [&hellip;]","twitter_image":"https:\/\/vosgesinfo.fr\/app\/uploads\/sites\/5\/2025\/04\/fermeture-classes-christian-poncelet-scaled.jpg","twitter_creator":"@VosgesInfo88","twitter_site":"@VosgesInfo88","twitter_misc":{"\u00c9crit par":"C.M","Dur\u00e9e de lecture estim\u00e9e":"2 minutes"},"schema":{"@context":"https:\/\/schema.org","@graph":[{"@type":"Article","@id":"https:\/\/vosgesinfo.fr\/remiremontinfo\/?p=80389#article","isPartOf":{"@id":"https:\/\/vosgesinfo.fr\/remiremontinfo\/?p=80389"},"author":{"name":"C.M","@id":"https:\/\/vosgesinfo.fr\/remiremontinfo\/#\/schema\/person\/4f38cd3068e342935b7304695c797d08"},"headline":"Fermetures de classe : le coll\u00e8ge Christian Poncelet tire la sonnette d&rsquo;alarme","datePublished":"2025-04-04T06:56:07+00:00","dateModified":"2025-04-04T06:56:07+00:00","mainEntityOfPage":{"@id":"https:\/\/vosgesinfo.fr\/remiremontinfo\/?p=80389"},"wordCount":460,"commentCount":0,"publisher":{"@id":"https:\/\/vosgesinfo.fr\/remiremontinfo\/#organization"},"image":{"@id":"https:\/\/vosgesinfo.fr\/remiremontinfo\/?p=80389#primaryimage"},"thumbnailUrl":"https:\/\/vosgesinfo.fr\/app\/uploads\/sites\/5\/2025\/04\/fermeture-classes-christian-poncelet-scaled.jpg","keywords":["coll\u00e8ge Christian Poncelet","Fermetures de classe"],"articleSection":["A la Une","\u00c9ducation","Enseignement","Remiremont"],"inLanguage":"fr-FR","potentialAction":[{"@type":"CommentAction","name":"Comment","target":["https:\/\/vosgesinfo.fr\/remiremontinfo\/?p=80389#respond"]}]},{"@type":"WebPage","@id":"https:\/\/vosgesinfo.fr\/remiremontinfo\/?p=80389","url":"https:\/\/vosgesinfo.fr\/remiremontinfo\/?p=80389","name":"Fermetures de classe : le coll\u00e8ge Christian Poncelet tire la sonnette d'alarme - Remiremont Info","isPartOf":{"@id":"https:\/\/vosgesinfo.fr\/remiremontinfo\/#website"},"primaryImageOfPage":{"@id":"https:\/\/vosgesinfo.fr\/remiremontinfo\/?p=80389#primaryimage"},"image":{"@id":"https:\/\/vosgesinfo.fr\/remiremontinfo\/?p=80389#primaryimage"},"thumbnailUrl":"https:\/\/vosgesinfo.fr\/app\/uploads\/sites\/5\/2025\/04\/fermeture-classes-christian-poncelet-scaled.jpg","datePublished":"2025-04-04T06:56:07+00:00","dateModified":"2025-04-04T06:56:07+00:00","breadcrumb":{"@id":"https:\/\/vosgesinfo.fr\/remiremontinfo\/?p=80389#breadcrumb"},"inLanguage":"fr-FR","potentialAction":[{"@type":"ReadAction","target":["https:\/\/vosgesinfo.fr\/remiremontinfo\/?p=80389"]}]},{"@type":"ImageObject","inLanguage":"fr-FR","@id":"https:\/\/vosgesinfo.fr\/remiremontinfo\/?p=80389#primaryimage","url":"https:\/\/vosgesinfo.fr\/app\/uploads\/sites\/5\/2025\/04\/fermeture-classes-christian-poncelet-scaled.jpg","contentUrl":"https:\/\/vosgesinfo.fr\/app\/uploads\/sites\/5\/2025\/04\/fermeture-classes-christian-poncelet-scaled.jpg","width":2560,"height":1920},{"@type":"BreadcrumbList","@id":"https:\/\/vosgesinfo.fr\/remiremontinfo\/?p=80389#breadcrumb","itemListElement":[{"@type":"ListItem","position":1,"name":"Home","item":"https:\/\/vosgesinfo.fr\/remiremontinfo\/"},{"@type":"ListItem","position":2,"name":"Fermetures de classe : le coll\u00e8ge Christian Poncelet tire la sonnette d&#8217;alarme"}]},{"@type":"WebSite","@id":"https:\/\/vosgesinfo.fr\/remiremontinfo\/#website","url":"https:\/\/vosgesinfo.fr\/remiremontinfo\/","name":"Remiremont Info","description":"Toute l&#039;actualit\u00e9 de Remiremont","publisher":{"@id":"https:\/\/vosgesinfo.fr\/remiremontinfo\/#organization"},"alternateName":"Toute l'actualit\u00e9 de Remiremont","potentialAction":[{"@type":"SearchAction","target":{"@type":"EntryPoint","urlTemplate":"https:\/\/vosgesinfo.fr\/remiremontinfo\/?s={search_term_string}"},"query-input":"required name=search_term_string"}],"inLanguage":"fr-FR"},{"@type":"Organization","@id":"https:\/\/vosgesinfo.fr\/remiremontinfo\/#organization","name":"Remiremont Info","url":"https:\/\/vosgesinfo.fr\/remiremontinfo\/","logo":{"@type":"ImageObject","inLanguage":"fr-FR","@id":"https:\/\/vosgesinfo.fr\/remiremontinfo\/#\/schema\/logo\/image\/","url":"https:\/\/vosgesinfo.fr\/app\/uploads\/sites\/5\/2023\/08\/favicon-remiremontinfo.png","contentUrl":"https:\/\/vosgesinfo.fr\/app\/uploads\/sites\/5\/2023\/08\/favicon-remiremontinfo.png","width":512,"height":512,"caption":"Remiremont Info"},"image":{"@id":"https:\/\/vosgesinfo.fr\/remiremontinfo\/#\/schema\/logo\/image\/"},"sameAs":["https:\/\/www.facebook.com\/remiremontinfo","https:\/\/x.com\/VosgesInfo88","https:\/\/www.youtube.com\/@vosgesinfo"]},{"@type":"Person","@id":"https:\/\/vosgesinfo.fr\/remiremontinfo\/#\/schema\/person\/4f38cd3068e342935b7304695c797d08","name":"C.M","image":{"@type":"ImageObject","inLanguage":"fr-FR","@id":"https:\/\/vosgesinfo.fr\/remiremontinfo\/#\/schema\/person\/image\/","url":"https:\/\/secure.gravatar.com\/avatar\/fe9daaef0164d920717484172682f3c5c9bcf7d42aa8c7048c76c34f0eb6c8da?s=96&d=mm&r=g","contentUrl":"https:\/\/secure.gravatar.com\/avatar\/fe9daaef0164d920717484172682f3c5c9bcf7d42aa8c7048c76c34f0eb6c8da?s=96&d=mm&r=g","caption":"C.M"},"url":"https:\/\/vosgesinfo.fr\/remiremontinfo\/author\/cm88200\/"}]}},"_links":{"self":[{"href":"https:\/\/vosgesinfo.fr\/remiremontinfo\/wp-json\/wp\/v2\/posts\/80389","targetHints":{"allow":["GET"]}}],"collection":[{"href":"https:\/\/vosgesinfo.fr\/remiremontinfo\/wp-json\/wp\/v2\/posts"}],"about":[{"href":"https:\/\/vosgesinfo.fr\/remiremontinfo\/wp-json\/wp\/v2\/types\/post"}],"author":[{"embeddable":true,"href":"https:\/\/vosgesinfo.fr\/remiremontinfo\/wp-json\/wp\/v2\/users\/418"}],"replies":[{"embeddable":true,"href":"https:\/\/vosgesinfo.fr\/remiremontinfo\/wp-json\/wp\/v2\/comments?post=80389"}],"version-history":[{"count":2,"href":"https:\/\/vosgesinfo.fr\/remiremontinfo\/wp-json\/wp\/v2\/posts\/80389\/revisions"}],"predecessor-version":[{"id":80397,"href":"https:\/\/vosgesinfo.fr\/remiremontinfo\/wp-json\/wp\/v2\/posts\/80389\/revisions\/80397"}],"wp:featuredmedia":[{"embeddable":true,"href":"https:\/\/vosgesinfo.fr\/remiremontinfo\/wp-json\/wp\/v2\/media\/80396"}],"wp:attachment":[{"href":"https:\/\/vosgesinfo.fr\/remiremontinfo\/wp-json\/wp\/v2\/media?parent=80389"}],"wp:term":[{"taxonomy":"category","embeddable":true,"href":"https:\/\/vosgesinfo.fr\/remiremontinfo\/wp-json\/wp\/v2\/categories?post=80389"},{"taxonomy":"post_tag","embeddable":true,"href":"https:\/\/vosgesinfo.fr\/remiremontinfo\/wp-json\/wp\/v2\/tags?post=80389"}],"curies":[{"name":"wp","href":"https:\/\/api.w.org\/{rel}","templated":true}]}}