{"id":80405,"date":"2025-04-04T12:00:52","date_gmt":"2025-04-04T10:00:52","guid":{"rendered":"https:\/\/vosgesinfo.fr\/remiremontinfo\/?p=80405"},"modified":"2025-04-04T10:35:06","modified_gmt":"2025-04-04T08:35:06","slug":"les-champs-golots-reviennent-a-remiremont-le-29-avril","status":"publish","type":"post","link":"https:\/\/vosgesinfo.fr\/remiremontinfo\/2025\/04\/les-champs-golots-reviennent-a-remiremont-le-29-avril\/","title":{"rendered":"Les Champs Golots reviennent \u00e0 Remiremont le 29 avril"},"content":{"rendered":"<div id=\"attachment_70000\" style=\"width: 1610px\" class=\"wp-caption aligncenter\"><a href=\"https:\/\/vosgesinfo.fr\/app\/uploads\/sites\/5\/2024\/09\/202304champs-golots-181-1.jpg\"><img decoding=\"async\" aria-describedby=\"caption-attachment-70000\" class=\"size-full wp-image-70000\" src=\"https:\/\/vosgesinfo.fr\/app\/uploads\/sites\/5\/2024\/09\/202304champs-golots-181-1.jpg\" alt=\"\" width=\"1600\" height=\"1064\" srcset=\"https:\/\/vosgesinfo.fr\/app\/uploads\/sites\/5\/2024\/09\/202304champs-golots-181-1.jpg 1600w, https:\/\/vosgesinfo.fr\/app\/uploads\/sites\/5\/2024\/09\/202304champs-golots-181-1-300x200.jpg 300w, https:\/\/vosgesinfo.fr\/app\/uploads\/sites\/5\/2024\/09\/202304champs-golots-181-1-1024x681.jpg 1024w, https:\/\/vosgesinfo.fr\/app\/uploads\/sites\/5\/2024\/09\/202304champs-golots-181-1-768x511.jpg 768w, https:\/\/vosgesinfo.fr\/app\/uploads\/sites\/5\/2024\/09\/202304champs-golots-181-1-1536x1021.jpg 1536w\" sizes=\"(max-width: 1600px) 100vw, 1600px\" \/><\/a><p id=\"caption-attachment-70000\" class=\"wp-caption-text\">Photographie d&rsquo;archives.<\/p><\/div>\n<p class=\"\" data-start=\"61\" data-end=\"350\"><strong>La tradition des Champs Golots sera de retour \u00e0 Remiremont le mardi 29 avril \u00e0 partir de 19h, sur la place Christian Poncelet. Cet \u00e9v\u00e9nement ludique et symbolique c\u00e9l\u00e8bre chaque ann\u00e9e la fin de l\u2019hiver et la fonte des neiges \u00e0 travers une activit\u00e9 originale r\u00e9serv\u00e9e aux enfants.<\/strong><\/p>\n<p class=\"\" data-start=\"352\" data-end=\"674\">Destin\u00e9e aux jeunes de 3 \u00e0 12 ans, l\u2019animation invite les participants \u00e0 construire une embarcation \u00e0 partir d\u2019emballages de produits laitiers. Ces cr\u00e9ations, \u00e0 la fois cr\u00e9atives et \u00e9cologiques, seront expos\u00e9es au Centre Culturel Gilbert Zaug le mardi 29 avril de 10h \u00e0 12h puis de 13h30 \u00e0 17h30.<\/p>\n<p class=\"\" data-start=\"676\" data-end=\"828\">Pour participer, il suffit de s\u2019inscrire et de d\u00e9poser son embarcation le lundi 28 avril, entre 13h30 et 18h, au m\u00eame centre culturel.<\/p>\n<p class=\"\" data-start=\"830\" data-end=\"1135\">Le point d\u2019orgue de la journ\u00e9e aura lieu \u00e0 19h, lorsque les enfants pourront faire flotter leurs cr\u00e9ations dans un bassin install\u00e9 sur le parvis de l\u2019H\u00f4tel de Ville. Le palmar\u00e8s des plus belles embarcations sera ensuite annonc\u00e9 \u00e0 19h30, lors d\u2019un moment convivial au Centre Culturel.<\/p>\n<p class=\"\" data-start=\"1137\" data-end=\"1281\">Une belle occasion pour les familles de se retrouver autour d\u2019une animation interg\u00e9n\u00e9rationnelle, m\u00ealant cr\u00e9ativit\u00e9, tradition et esprit festif.<\/p>\n<p data-start=\"1137\" data-end=\"1281\">Retrouvez les conditions de participation et d&rsquo;\u00e9valuation sur le lien suivant :\u00a0<a href=\"https:\/\/www.remiremont.fr\/wp-content\/files\/2025\/03\/ville-de-remiremont-uncategorized-FLYER-CHAMPS-GOLOTS-2025-3.pdf\" target=\"_blank\" rel=\"noopener\">https:\/\/www.remiremont.fr\/wp-content\/files\/2025\/03\/ville-de-remiremont-uncategorized-FLYER-CHAMPS-GOLOTS-2025-3.pdf<\/a><\/p>\n<p data-start=\"1137\" data-end=\"1281\"><a href=\"https:\/\/vosgesinfo.fr\/app\/uploads\/sites\/5\/2025\/04\/ville-de-remiremont-uncategorized-affiche-champs-golots-2025-1-copie.jpg\"><img decoding=\"async\" class=\"aligncenter size-full wp-image-80406\" src=\"https:\/\/vosgesinfo.fr\/app\/uploads\/sites\/5\/2025\/04\/ville-de-remiremont-uncategorized-affiche-champs-golots-2025-1-copie.jpg\" alt=\"\" width=\"1287\" height=\"1819\" srcset=\"https:\/\/vosgesinfo.fr\/app\/uploads\/sites\/5\/2025\/04\/ville-de-remiremont-uncategorized-affiche-champs-golots-2025-1-copie.jpg 1287w, https:\/\/vosgesinfo.fr\/app\/uploads\/sites\/5\/2025\/04\/ville-de-remiremont-uncategorized-affiche-champs-golots-2025-1-copie-212x300.jpg 212w, https:\/\/vosgesinfo.fr\/app\/uploads\/sites\/5\/2025\/04\/ville-de-remiremont-uncategorized-affiche-champs-golots-2025-1-copie-725x1024.jpg 725w, https:\/\/vosgesinfo.fr\/app\/uploads\/sites\/5\/2025\/04\/ville-de-remiremont-uncategorized-affiche-champs-golots-2025-1-copie-768x1085.jpg 768w, https:\/\/vosgesinfo.fr\/app\/uploads\/sites\/5\/2025\/04\/ville-de-remiremont-uncategorized-affiche-champs-golots-2025-1-copie-1087x1536.jpg 1087w\" sizes=\"(max-width: 1287px) 100vw, 1287px\" \/><\/a><\/p>\n","protected":false},"excerpt":{"rendered":"<p>La tradition des Champs Golots sera de retour \u00e0 Remiremont le mardi 29 avril \u00e0 partir de 19h, sur la [&hellip;]<\/p>\n","protected":false},"author":418,"featured_media":70000,"comment_status":"open","ping_status":"open","sticky":false,"template":"","format":"standard","meta":{"footnotes":""},"categories":[26,594,43],"tags":[896,44],"class_list":["post-80405","post","type-post","status-publish","format-standard","has-post-thumbnail","hentry","category-a-la-une","category-agenda","category-remiremont-remiremont-son-canton","tag-champs-golots","tag-remiremont"],"acf":[],"yoast_head":"<!-- This site is optimized with the Yoast SEO plugin v22.5 - https:\/\/yoast.com\/wordpress\/plugins\/seo\/ -->\n<title>Les Champs Golots reviennent \u00e0 Remiremont le 29 avril - Remiremont Info<\/title>\n<meta name=\"robots\" content=\"index, follow, max-snippet:-1, max-image-preview:large, max-video-preview:-1\" \/>\n<link rel=\"canonical\" href=\"https:\/\/vosgesinfo.fr\/remiremontinfo\/2025\/04\/les-champs-golots-reviennent-a-remiremont-le-29-avril\/\" \/>\n<meta name=\"twitter:card\" content=\"summary_large_image\" \/>\n<meta name=\"twitter:title\" content=\"Les Champs Golots reviennent \u00e0 Remiremont le 29 avril - Remiremont Info\" \/>\n<meta name=\"twitter:description\" content=\"La tradition des Champs Golots sera de retour \u00e0 Remiremont le mardi 29 avril \u00e0 partir de 19h, sur la [&hellip;]\" \/>\n<meta name=\"twitter:image\" content=\"https:\/\/vosgesinfo.fr\/app\/uploads\/sites\/5\/2024\/09\/202304champs-golots-181-1.jpg\" \/>\n<meta name=\"twitter:creator\" content=\"@VosgesInfo88\" \/>\n<meta name=\"twitter:site\" content=\"@VosgesInfo88\" \/>\n<meta name=\"twitter:label1\" content=\"\u00c9crit par\" \/>\n\t<meta name=\"twitter:data1\" content=\"C.M\" \/>\n\t<meta name=\"twitter:label2\" content=\"Dur\u00e9e de lecture estim\u00e9e\" \/>\n\t<meta name=\"twitter:data2\" content=\"1 minute\" \/>\n<script type=\"application\/ld+json\" class=\"yoast-schema-graph\">{\"@context\":\"https:\/\/schema.org\",\"@graph\":[{\"@type\":\"Article\",\"@id\":\"https:\/\/vosgesinfo.fr\/remiremontinfo\/2025\/04\/les-champs-golots-reviennent-a-remiremont-le-29-avril\/#article\",\"isPartOf\":{\"@id\":\"https:\/\/vosgesinfo.fr\/remiremontinfo\/2025\/04\/les-champs-golots-reviennent-a-remiremont-le-29-avril\/\"},\"author\":{\"name\":\"C.M\",\"@id\":\"https:\/\/vosgesinfo.fr\/remiremontinfo\/#\/schema\/person\/4f38cd3068e342935b7304695c797d08\"},\"headline\":\"Les Champs Golots reviennent \u00e0 Remiremont le 29 avril\",\"datePublished\":\"2025-04-04T10:00:52+00:00\",\"dateModified\":\"2025-04-04T08:35:06+00:00\",\"mainEntityOfPage\":{\"@id\":\"https:\/\/vosgesinfo.fr\/remiremontinfo\/2025\/04\/les-champs-golots-reviennent-a-remiremont-le-29-avril\/\"},\"wordCount\":237,\"commentCount\":0,\"publisher\":{\"@id\":\"https:\/\/vosgesinfo.fr\/remiremontinfo\/#organization\"},\"image\":{\"@id\":\"https:\/\/vosgesinfo.fr\/remiremontinfo\/2025\/04\/les-champs-golots-reviennent-a-remiremont-le-29-avril\/#primaryimage\"},\"thumbnailUrl\":\"https:\/\/vosgesinfo.fr\/app\/uploads\/sites\/5\/2024\/09\/202304champs-golots-181-1.jpg\",\"keywords\":[\"Champs golots\",\"remiremont\"],\"articleSection\":[\"A la Une\",\"Agenda\",\"Remiremont\"],\"inLanguage\":\"fr-FR\",\"potentialAction\":[{\"@type\":\"CommentAction\",\"name\":\"Comment\",\"target\":[\"https:\/\/vosgesinfo.fr\/remiremontinfo\/2025\/04\/les-champs-golots-reviennent-a-remiremont-le-29-avril\/#respond\"]}]},{\"@type\":\"WebPage\",\"@id\":\"https:\/\/vosgesinfo.fr\/remiremontinfo\/2025\/04\/les-champs-golots-reviennent-a-remiremont-le-29-avril\/\",\"url\":\"https:\/\/vosgesinfo.fr\/remiremontinfo\/2025\/04\/les-champs-golots-reviennent-a-remiremont-le-29-avril\/\",\"name\":\"Les Champs Golots reviennent \u00e0 Remiremont le 29 avril - Remiremont Info\",\"isPartOf\":{\"@id\":\"https:\/\/vosgesinfo.fr\/remiremontinfo\/#website\"},\"primaryImageOfPage\":{\"@id\":\"https:\/\/vosgesinfo.fr\/remiremontinfo\/2025\/04\/les-champs-golots-reviennent-a-remiremont-le-29-avril\/#primaryimage\"},\"image\":{\"@id\":\"https:\/\/vosgesinfo.fr\/remiremontinfo\/2025\/04\/les-champs-golots-reviennent-a-remiremont-le-29-avril\/#primaryimage\"},\"thumbnailUrl\":\"https:\/\/vosgesinfo.fr\/app\/uploads\/sites\/5\/2024\/09\/202304champs-golots-181-1.jpg\",\"datePublished\":\"2025-04-04T10:00:52+00:00\",\"dateModified\":\"2025-04-04T08:35:06+00:00\",\"breadcrumb\":{\"@id\":\"https:\/\/vosgesinfo.fr\/remiremontinfo\/2025\/04\/les-champs-golots-reviennent-a-remiremont-le-29-avril\/#breadcrumb\"},\"inLanguage\":\"fr-FR\",\"potentialAction\":[{\"@type\":\"ReadAction\",\"target\":[\"https:\/\/vosgesinfo.fr\/remiremontinfo\/2025\/04\/les-champs-golots-reviennent-a-remiremont-le-29-avril\/\"]}]},{\"@type\":\"ImageObject\",\"inLanguage\":\"fr-FR\",\"@id\":\"https:\/\/vosgesinfo.fr\/remiremontinfo\/2025\/04\/les-champs-golots-reviennent-a-remiremont-le-29-avril\/#primaryimage\",\"url\":\"https:\/\/vosgesinfo.fr\/app\/uploads\/sites\/5\/2024\/09\/202304champs-golots-181-1.jpg\",\"contentUrl\":\"https:\/\/vosgesinfo.fr\/app\/uploads\/sites\/5\/2024\/09\/202304champs-golots-181-1.jpg\",\"width\":1600,\"height\":1064,\"caption\":\"Photographie d'archives.\"},{\"@type\":\"BreadcrumbList\",\"@id\":\"https:\/\/vosgesinfo.fr\/remiremontinfo\/2025\/04\/les-champs-golots-reviennent-a-remiremont-le-29-avril\/#breadcrumb\",\"itemListElement\":[{\"@type\":\"ListItem\",\"position\":1,\"name\":\"Home\",\"item\":\"https:\/\/vosgesinfo.fr\/remiremontinfo\/\"},{\"@type\":\"ListItem\",\"position\":2,\"name\":\"Les Champs Golots reviennent \u00e0 Remiremont le 29 avril\"}]},{\"@type\":\"WebSite\",\"@id\":\"https:\/\/vosgesinfo.fr\/remiremontinfo\/#website\",\"url\":\"https:\/\/vosgesinfo.fr\/remiremontinfo\/\",\"name\":\"Remiremont Info\",\"description\":\"Toute l&#039;actualit\u00e9 de Remiremont\",\"publisher\":{\"@id\":\"https:\/\/vosgesinfo.fr\/remiremontinfo\/#organization\"},\"alternateName\":\"Toute l'actualit\u00e9 de Remiremont\",\"potentialAction\":[{\"@type\":\"SearchAction\",\"target\":{\"@type\":\"EntryPoint\",\"urlTemplate\":\"https:\/\/vosgesinfo.fr\/remiremontinfo\/?s={search_term_string}\"},\"query-input\":\"required name=search_term_string\"}],\"inLanguage\":\"fr-FR\"},{\"@type\":\"Organization\",\"@id\":\"https:\/\/vosgesinfo.fr\/remiremontinfo\/#organization\",\"name\":\"Remiremont Info\",\"url\":\"https:\/\/vosgesinfo.fr\/remiremontinfo\/\",\"logo\":{\"@type\":\"ImageObject\",\"inLanguage\":\"fr-FR\",\"@id\":\"https:\/\/vosgesinfo.fr\/remiremontinfo\/#\/schema\/logo\/image\/\",\"url\":\"https:\/\/vosgesinfo.fr\/app\/uploads\/sites\/5\/2023\/08\/favicon-remiremontinfo.png\",\"contentUrl\":\"https:\/\/vosgesinfo.fr\/app\/uploads\/sites\/5\/2023\/08\/favicon-remiremontinfo.png\",\"width\":512,\"height\":512,\"caption\":\"Remiremont Info\"},\"image\":{\"@id\":\"https:\/\/vosgesinfo.fr\/remiremontinfo\/#\/schema\/logo\/image\/\"},\"sameAs\":[\"https:\/\/www.facebook.com\/remiremontinfo\",\"https:\/\/x.com\/VosgesInfo88\",\"https:\/\/www.youtube.com\/@vosgesinfo\"]},{\"@type\":\"Person\",\"@id\":\"https:\/\/vosgesinfo.fr\/remiremontinfo\/#\/schema\/person\/4f38cd3068e342935b7304695c797d08\",\"name\":\"C.M\",\"image\":{\"@type\":\"ImageObject\",\"inLanguage\":\"fr-FR\",\"@id\":\"https:\/\/vosgesinfo.fr\/remiremontinfo\/#\/schema\/person\/image\/\",\"url\":\"https:\/\/secure.gravatar.com\/avatar\/fe9daaef0164d920717484172682f3c5c9bcf7d42aa8c7048c76c34f0eb6c8da?s=96&d=mm&r=g\",\"contentUrl\":\"https:\/\/secure.gravatar.com\/avatar\/fe9daaef0164d920717484172682f3c5c9bcf7d42aa8c7048c76c34f0eb6c8da?s=96&d=mm&r=g\",\"caption\":\"C.M\"},\"url\":\"https:\/\/vosgesinfo.fr\/remiremontinfo\/author\/cm88200\/\"}]}<\/script>\n<!-- \/ Yoast SEO plugin. -->","yoast_head_json":{"title":"Les Champs Golots reviennent \u00e0 Remiremont le 29 avril - Remiremont Info","robots":{"index":"index","follow":"follow","max-snippet":"max-snippet:-1","max-image-preview":"max-image-preview:large","max-video-preview":"max-video-preview:-1"},"canonical":"https:\/\/vosgesinfo.fr\/remiremontinfo\/2025\/04\/les-champs-golots-reviennent-a-remiremont-le-29-avril\/","twitter_card":"summary_large_image","twitter_title":"Les Champs Golots reviennent \u00e0 Remiremont le 29 avril - Remiremont Info","twitter_description":"La tradition des Champs Golots sera de retour \u00e0 Remiremont le mardi 29 avril \u00e0 partir de 19h, sur la [&hellip;]","twitter_image":"https:\/\/vosgesinfo.fr\/app\/uploads\/sites\/5\/2024\/09\/202304champs-golots-181-1.jpg","twitter_creator":"@VosgesInfo88","twitter_site":"@VosgesInfo88","twitter_misc":{"\u00c9crit par":"C.M","Dur\u00e9e de lecture estim\u00e9e":"1 minute"},"schema":{"@context":"https:\/\/schema.org","@graph":[{"@type":"Article","@id":"https:\/\/vosgesinfo.fr\/remiremontinfo\/2025\/04\/les-champs-golots-reviennent-a-remiremont-le-29-avril\/#article","isPartOf":{"@id":"https:\/\/vosgesinfo.fr\/remiremontinfo\/2025\/04\/les-champs-golots-reviennent-a-remiremont-le-29-avril\/"},"author":{"name":"C.M","@id":"https:\/\/vosgesinfo.fr\/remiremontinfo\/#\/schema\/person\/4f38cd3068e342935b7304695c797d08"},"headline":"Les Champs Golots reviennent \u00e0 Remiremont le 29 avril","datePublished":"2025-04-04T10:00:52+00:00","dateModified":"2025-04-04T08:35:06+00:00","mainEntityOfPage":{"@id":"https:\/\/vosgesinfo.fr\/remiremontinfo\/2025\/04\/les-champs-golots-reviennent-a-remiremont-le-29-avril\/"},"wordCount":237,"commentCount":0,"publisher":{"@id":"https:\/\/vosgesinfo.fr\/remiremontinfo\/#organization"},"image":{"@id":"https:\/\/vosgesinfo.fr\/remiremontinfo\/2025\/04\/les-champs-golots-reviennent-a-remiremont-le-29-avril\/#primaryimage"},"thumbnailUrl":"https:\/\/vosgesinfo.fr\/app\/uploads\/sites\/5\/2024\/09\/202304champs-golots-181-1.jpg","keywords":["Champs golots","remiremont"],"articleSection":["A la Une","Agenda","Remiremont"],"inLanguage":"fr-FR","potentialAction":[{"@type":"CommentAction","name":"Comment","target":["https:\/\/vosgesinfo.fr\/remiremontinfo\/2025\/04\/les-champs-golots-reviennent-a-remiremont-le-29-avril\/#respond"]}]},{"@type":"WebPage","@id":"https:\/\/vosgesinfo.fr\/remiremontinfo\/2025\/04\/les-champs-golots-reviennent-a-remiremont-le-29-avril\/","url":"https:\/\/vosgesinfo.fr\/remiremontinfo\/2025\/04\/les-champs-golots-reviennent-a-remiremont-le-29-avril\/","name":"Les Champs Golots reviennent \u00e0 Remiremont le 29 avril - Remiremont Info","isPartOf":{"@id":"https:\/\/vosgesinfo.fr\/remiremontinfo\/#website"},"primaryImageOfPage":{"@id":"https:\/\/vosgesinfo.fr\/remiremontinfo\/2025\/04\/les-champs-golots-reviennent-a-remiremont-le-29-avril\/#primaryimage"},"image":{"@id":"https:\/\/vosgesinfo.fr\/remiremontinfo\/2025\/04\/les-champs-golots-reviennent-a-remiremont-le-29-avril\/#primaryimage"},"thumbnailUrl":"https:\/\/vosgesinfo.fr\/app\/uploads\/sites\/5\/2024\/09\/202304champs-golots-181-1.jpg","datePublished":"2025-04-04T10:00:52+00:00","dateModified":"2025-04-04T08:35:06+00:00","breadcrumb":{"@id":"https:\/\/vosgesinfo.fr\/remiremontinfo\/2025\/04\/les-champs-golots-reviennent-a-remiremont-le-29-avril\/#breadcrumb"},"inLanguage":"fr-FR","potentialAction":[{"@type":"ReadAction","target":["https:\/\/vosgesinfo.fr\/remiremontinfo\/2025\/04\/les-champs-golots-reviennent-a-remiremont-le-29-avril\/"]}]},{"@type":"ImageObject","inLanguage":"fr-FR","@id":"https:\/\/vosgesinfo.fr\/remiremontinfo\/2025\/04\/les-champs-golots-reviennent-a-remiremont-le-29-avril\/#primaryimage","url":"https:\/\/vosgesinfo.fr\/app\/uploads\/sites\/5\/2024\/09\/202304champs-golots-181-1.jpg","contentUrl":"https:\/\/vosgesinfo.fr\/app\/uploads\/sites\/5\/2024\/09\/202304champs-golots-181-1.jpg","width":1600,"height":1064,"caption":"Photographie d'archives."},{"@type":"BreadcrumbList","@id":"https:\/\/vosgesinfo.fr\/remiremontinfo\/2025\/04\/les-champs-golots-reviennent-a-remiremont-le-29-avril\/#breadcrumb","itemListElement":[{"@type":"ListItem","position":1,"name":"Home","item":"https:\/\/vosgesinfo.fr\/remiremontinfo\/"},{"@type":"ListItem","position":2,"name":"Les Champs Golots reviennent \u00e0 Remiremont le 29 avril"}]},{"@type":"WebSite","@id":"https:\/\/vosgesinfo.fr\/remiremontinfo\/#website","url":"https:\/\/vosgesinfo.fr\/remiremontinfo\/","name":"Remiremont Info","description":"Toute l&#039;actualit\u00e9 de Remiremont","publisher":{"@id":"https:\/\/vosgesinfo.fr\/remiremontinfo\/#organization"},"alternateName":"Toute l'actualit\u00e9 de Remiremont","potentialAction":[{"@type":"SearchAction","target":{"@type":"EntryPoint","urlTemplate":"https:\/\/vosgesinfo.fr\/remiremontinfo\/?s={search_term_string}"},"query-input":"required name=search_term_string"}],"inLanguage":"fr-FR"},{"@type":"Organization","@id":"https:\/\/vosgesinfo.fr\/remiremontinfo\/#organization","name":"Remiremont Info","url":"https:\/\/vosgesinfo.fr\/remiremontinfo\/","logo":{"@type":"ImageObject","inLanguage":"fr-FR","@id":"https:\/\/vosgesinfo.fr\/remiremontinfo\/#\/schema\/logo\/image\/","url":"https:\/\/vosgesinfo.fr\/app\/uploads\/sites\/5\/2023\/08\/favicon-remiremontinfo.png","contentUrl":"https:\/\/vosgesinfo.fr\/app\/uploads\/sites\/5\/2023\/08\/favicon-remiremontinfo.png","width":512,"height":512,"caption":"Remiremont Info"},"image":{"@id":"https:\/\/vosgesinfo.fr\/remiremontinfo\/#\/schema\/logo\/image\/"},"sameAs":["https:\/\/www.facebook.com\/remiremontinfo","https:\/\/x.com\/VosgesInfo88","https:\/\/www.youtube.com\/@vosgesinfo"]},{"@type":"Person","@id":"https:\/\/vosgesinfo.fr\/remiremontinfo\/#\/schema\/person\/4f38cd3068e342935b7304695c797d08","name":"C.M","image":{"@type":"ImageObject","inLanguage":"fr-FR","@id":"https:\/\/vosgesinfo.fr\/remiremontinfo\/#\/schema\/person\/image\/","url":"https:\/\/secure.gravatar.com\/avatar\/fe9daaef0164d920717484172682f3c5c9bcf7d42aa8c7048c76c34f0eb6c8da?s=96&d=mm&r=g","contentUrl":"https:\/\/secure.gravatar.com\/avatar\/fe9daaef0164d920717484172682f3c5c9bcf7d42aa8c7048c76c34f0eb6c8da?s=96&d=mm&r=g","caption":"C.M"},"url":"https:\/\/vosgesinfo.fr\/remiremontinfo\/author\/cm88200\/"}]}},"_links":{"self":[{"href":"https:\/\/vosgesinfo.fr\/remiremontinfo\/wp-json\/wp\/v2\/posts\/80405","targetHints":{"allow":["GET"]}}],"collection":[{"href":"https:\/\/vosgesinfo.fr\/remiremontinfo\/wp-json\/wp\/v2\/posts"}],"about":[{"href":"https:\/\/vosgesinfo.fr\/remiremontinfo\/wp-json\/wp\/v2\/types\/post"}],"author":[{"embeddable":true,"href":"https:\/\/vosgesinfo.fr\/remiremontinfo\/wp-json\/wp\/v2\/users\/418"}],"replies":[{"embeddable":true,"href":"https:\/\/vosgesinfo.fr\/remiremontinfo\/wp-json\/wp\/v2\/comments?post=80405"}],"version-history":[{"count":1,"href":"https:\/\/vosgesinfo.fr\/remiremontinfo\/wp-json\/wp\/v2\/posts\/80405\/revisions"}],"predecessor-version":[{"id":80407,"href":"https:\/\/vosgesinfo.fr\/remiremontinfo\/wp-json\/wp\/v2\/posts\/80405\/revisions\/80407"}],"wp:featuredmedia":[{"embeddable":true,"href":"https:\/\/vosgesinfo.fr\/remiremontinfo\/wp-json\/wp\/v2\/media\/70000"}],"wp:attachment":[{"href":"https:\/\/vosgesinfo.fr\/remiremontinfo\/wp-json\/wp\/v2\/media?parent=80405"}],"wp:term":[{"taxonomy":"category","embeddable":true,"href":"https:\/\/vosgesinfo.fr\/remiremontinfo\/wp-json\/wp\/v2\/categories?post=80405"},{"taxonomy":"post_tag","embeddable":true,"href":"https:\/\/vosgesinfo.fr\/remiremontinfo\/wp-json\/wp\/v2\/tags?post=80405"}],"curies":[{"name":"wp","href":"https:\/\/api.w.org\/{rel}","templated":true}]}}