{"id":80408,"date":"2025-04-04T13:30:25","date_gmt":"2025-04-04T11:30:25","guid":{"rendered":"https:\/\/vosgesinfo.fr\/remiremontinfo\/?p=80408"},"modified":"2025-04-04T10:41:31","modified_gmt":"2025-04-04T08:41:31","slug":"ordre-du-jour-du-prochain-conseil-municipal-de-rupt-sur-moselle","status":"publish","type":"post","link":"https:\/\/vosgesinfo.fr\/remiremontinfo\/2025\/04\/ordre-du-jour-du-prochain-conseil-municipal-de-rupt-sur-moselle\/","title":{"rendered":"Ordre du jour du prochain conseil municipal de Rupt-sur-Moselle"},"content":{"rendered":"<p><a href=\"https:\/\/vosgesinfo.fr\/app\/uploads\/sites\/5\/2024\/09\/202108rupt-sur-moselle-mairie-1.jpg\"><img decoding=\"async\" class=\"aligncenter size-full wp-image-49890\" src=\"https:\/\/vosgesinfo.fr\/app\/uploads\/sites\/5\/2024\/09\/202108rupt-sur-moselle-mairie-1.jpg\" alt=\"\" width=\"800\" height=\"626\" srcset=\"https:\/\/vosgesinfo.fr\/app\/uploads\/sites\/5\/2024\/09\/202108rupt-sur-moselle-mairie-1.jpg 800w, https:\/\/vosgesinfo.fr\/app\/uploads\/sites\/5\/2024\/09\/202108rupt-sur-moselle-mairie-1-300x235.jpg 300w, https:\/\/vosgesinfo.fr\/app\/uploads\/sites\/5\/2024\/09\/202108rupt-sur-moselle-mairie-1-768x601.jpg 768w\" sizes=\"(max-width: 800px) 100vw, 800px\" \/><\/a><\/p>\n<p style=\"text-align: center;\"><strong>CONSEIL MUNICIPAL<\/strong><\/p>\n<p style=\"text-align: center;\"><strong>LUNDI 14 AVRIL 2025 A 20 H 00 &#8211; EN MAIRIE<\/strong><\/p>\n<p>N\u00b0 2025\/020 Institutions et Vie Politique &#8211; Fonctionnement des Assembl\u00e9es &#8211; 05-02<\/p>\n<p>Approbation du Conseil Municipal du 24 FEVRIER 2025<\/p>\n<p>N\u00b0 2025\/021 Finances Locales &#8211; Contributions &#8211; 07-06<\/p>\n<p>Participation communale au SIVUIS &#8211; Fiscalisation<\/p>\n<p>N\u00b0 2025\/022 Finances Locales &#8211; Subventions &#8211; 07-05<\/p>\n<p>Subvention au CCAS<\/p>\n<p>N\u00b0 2025\/023 Finances Locales &#8211; Fiscalit\u00e9 &#8211; 07-02<\/p>\n<p>Fixation des taux de fiscalit\u00e9 locale 2025<\/p>\n<p>N\u00b0 2025\/024 Finances Locales &#8211; D\u00e9cisions Budg\u00e9taires &#8211; 07-01<\/p>\n<p>Budget Principal &#8211; Approbation du Compte de Gestion 2024 &#8211; Vote du Compte Administratif 2024 &#8211; Affectation des R\u00e9sultats 2024 &#8211; Vote du Budget Primitif 2025 &#8211; Mise en place de la fongibilit\u00e9 des cr\u00e9dits en section de fonctionnement et d&rsquo;investissement<\/p>\n<p>N\u00b0 2025\/025 Finances Locales &#8211; D\u00e9cisions Budg\u00e9taires &#8211; 07-01<\/p>\n<p>Budget de l&rsquo;Eau &#8211; Approbation du Compte de Gestion 2024 &#8211; Vote du Compte Administratif 2024 &#8211;<\/p>\n<p>Affectation des R\u00e9sultats 2024 &#8211; Vote du Budget Primitif 2025<\/p>\n<p>N\u00b0 2025\/026 Finances Locales &#8211; D\u00e9cisions Budg\u00e9taires &#8211; 07-01<\/p>\n<p>Budget de l&rsquo;Assainissement &#8211; Approbation du Compte de Gestion 2024 &#8211; Vote du Compte<\/p>\n<p>Administratif 2024 &#8211; Affectation des R\u00e9sultats 2024 &#8211; Vote du Budget Primitif 2025<\/p>\n<p>N\u00b0 2025\/027 Finances Locales &#8211; D\u00e9cisions Budg\u00e9taires &#8211; 07-01<\/p>\n<p>Budget de la For\u00eat &#8211; Approbation du Compte de Gestion 2024 &#8211; Vote du Compte Administratif 2024<\/p>\n<p>&#8211; Affectation des R\u00e9sultats 2024 &#8211; Vote du Budget Primitif 2025 &#8211; Mise en place de la fongibilit\u00e9 des cr\u00e9dits en section de fonctionnement et d&rsquo;investissement &#8211; Fixation de dur\u00e9es d&rsquo;amortissement<\/p>\n<p>N\u00b0 2025\/028 Finances Locales &#8211; D\u00e9cisions Budg\u00e9taires &#8211; 07-01<\/p>\n<p>Budget Revente Electricit\u00e9 &#8211; Approbation du Compte de Gestion 2024 &#8211; Vote du Compte<\/p>\n<p>Administratif 2024 &#8211; Affectation des R\u00e9sultats 2024 &#8211; Vote du Budget Primitif 2025<\/p>\n<p>N\u00b0 2025\/029 Finances Locales &#8211; D\u00e9cisions Budg\u00e9taires &#8211; 07-01<\/p>\n<p>Ruministrana282 Maxpreciation des Resuadio2014Comote due GoseiPrinti2020t mise en prace<\/p>\n<p>de la fongibilit\u00e9 des cr\u00e9dits en section de fonctionnement<\/p>\n<p>N\u00b0 2025\/030 Finances Locales &#8211; D\u00e9cisions Budg\u00e9taires &#8211; 07-01<\/p>\n<p>Budget Lotissement Le Clos des Champs &#8211; Approbation du Compte de Gestion 2024 &#8211; Vote du<\/p>\n<p>Compte Administratif 2024 &#8211; Affectation des R\u00e9sultats 2024 &#8211; Vote du Budget Primitif 2025<\/p>\n<p>N\u00b0 2025\/031 Finances Locales &#8211; Divers &#8211; 07-10<\/p>\n<p>Tarifs municipaux &#8211; Prix de la redevance eau et de l&rsquo;abonnement annuel au r\u00e9seau d&rsquo;eau<\/p>\n<p>N\u00b0 2025\/032 Finances Locales &#8211; Divers &#8211; 07-10<\/p>\n<p>Tarifs municipaux &#8211; Prix de la taxe d&rsquo;assainissement<\/p>\n<p>N\u00b0 2025\/033 Domaine et Patrimoine &#8211; Actes de gestion &#8211; 03-05 &#8211;<\/p>\n<p>Bilan foncier 2024<\/p>\n<p>N\u00b0 2025\/034 Commande publique &#8211; March\u00e9s Publics &#8211; Autres 01-01 &#8211;<\/p>\n<p>Renouvellement du r\u00e9seau AEP et requalification de la rue de Lorraine &#8211; RD 466<\/p>\n<p>Autorisation donn\u00e9e \u00e0 l&rsquo;ex\u00e9cutif de signature du march\u00e9<\/p>\n<p>N\u00b0 2025\/035 Commande publique &#8211; March\u00e9s Publics &#8211; Autres 01-01 &#8211; March\u00e9 d&rsquo;exploitation des installations thermiques<\/p>\n<p>Autorisation de signature de l&rsquo;avenant n\u00b002<\/p>\n<p>N\u00b0 2025\/036 Commande publique &#8211; Autres types de contrats &#8211; Autres 01-04 -05<\/p>\n<p>Autorisation de signature d&rsquo;un contrat relatif \u00e0 la v\u00e9rification des installations de paratonnerre<\/p>\n<p>N\u00b0 2025\/037 Fonction Publique Territoriale &#8211; Personnels titulaires et stagiaires de la Fonction Publique Territoriale &#8211; 04-01<\/p>\n<p>Cr\u00e9ation d&rsquo;un emploi permanent: Ouverture d&rsquo;un poste d&rsquo;Attach\u00e9 territorial<\/p>\n<p>Modification du tableau des emplois permanents<\/p>\n<p>N\u00b0 2025\/038 Fonction Publique Territoriale &#8211; Personnels titulaires et stagiaires de la Fonction Publique Territoriale &#8211; 04-01<\/p>\n<p>Suppression d&rsquo;un emploi permanent : Fermeture d&rsquo;un poste de Technicien territorial<\/p>\n<p>Modification du tableau des emplois permanents<\/p>\n<p>N\u00b0 2025\/039 Fonction Publique &#8211; Personnels titulaires et stagiaires de la Fonction Publique<\/p>\n<p>Territoriale &#8211; Autres Actes &#8211; 04-01-02<\/p>\n<p>Autorisation de signature d&rsquo;une convention avec le Centre de Gestion des Vosges pour formation mise a jour du document unique<\/p>\n<p>N\u00b0 2025\/040 Domaine et Patrimoine &#8211; Autres actes de gestion du domaine public &#8211; 03-05<\/p>\n<p>R\u00e8glement des boisements &#8211; avis du Conseil Municipal<\/p>\n<p>N\u00b0 2025\/041 Libert\u00e9s publiques et pouvoirs de police &#8211; Police Municipale &#8211; Autres &#8211; 06-01-08<\/p>\n<p>Lutte contre la prolif\u00e9ration des chats errants et prise en charge<\/p>\n<p>Signature d&rsquo;une convention avec l&rsquo;Association protect&rsquo;rh\u00e9a<\/p>\n<p>N\u00b0 2025\/042 Domaines et comp\u00e9tences par th\u00e8mes &#8211; Enseignement &#8211; Autres &#8211; 08-01-03<\/p>\n<p>Convention avec la Ligue de l&rsquo;Enseignement des Vosges dans le cadre du programme Lire et Faire<\/p>\n<p>Lire<\/p>\n<p>N\u00b0 2025\/043 Finances locales &#8211; subventions &#8211; subventions accord\u00e9es \u00e0 des associations &#8211; 07-05-03<\/p>\n<p>Avenant N\u00b01 \u00e0 la convention entre l&rsquo;association les Gros C\u00e2lins et la Commune de Rupt sur Moselle<\/p>\n<p>N\u00b0 2025\/044 Institutions et vie politique &#8211; D\u00e9l\u00e9gations de fonctions &#8211; 05-04-01<\/p>\n<p>Compte rendu de l&rsquo;ex\u00e9cutif de l&rsquo;usage de ses d\u00e9l\u00e9gations<\/p>\n","protected":false},"excerpt":{"rendered":"<p>CONSEIL MUNICIPAL LUNDI 14 AVRIL 2025 A 20 H 00 &#8211; EN MAIRIE N\u00b0 2025\/020 Institutions et Vie Politique &#8211; [&hellip;]<\/p>\n","protected":false},"author":391,"featured_media":49890,"comment_status":"open","ping_status":"open","sticky":false,"template":"","format":"standard","meta":{"footnotes":""},"categories":[26,594,2,250],"tags":[581,1552,310],"class_list":["post-80408","post","type-post","status-publish","format-standard","has-post-thumbnail","hentry","category-a-la-une","category-agenda","category-annonces-legales","category-rupt-sur-moselle","tag-conseil-municipal","tag-ordre-du-jour","tag-rupt-sur-moselle"],"acf":[],"yoast_head":"<!-- This site is optimized with the Yoast SEO plugin v22.5 - https:\/\/yoast.com\/wordpress\/plugins\/seo\/ -->\n<title>Ordre du jour du prochain conseil municipal de Rupt-sur-Moselle - Remiremont Info<\/title>\n<meta name=\"robots\" content=\"index, follow, max-snippet:-1, max-image-preview:large, max-video-preview:-1\" \/>\n<link rel=\"canonical\" href=\"https:\/\/vosgesinfo.fr\/remiremontinfo\/2025\/04\/ordre-du-jour-du-prochain-conseil-municipal-de-rupt-sur-moselle\/\" \/>\n<meta name=\"twitter:card\" content=\"summary_large_image\" \/>\n<meta name=\"twitter:title\" content=\"Ordre du jour du prochain conseil municipal de Rupt-sur-Moselle - Remiremont Info\" \/>\n<meta name=\"twitter:description\" content=\"CONSEIL MUNICIPAL LUNDI 14 AVRIL 2025 A 20 H 00 &#8211; EN MAIRIE N\u00b0 2025\/020 Institutions et Vie Politique &#8211; [&hellip;]\" \/>\n<meta name=\"twitter:image\" content=\"https:\/\/vosgesinfo.fr\/app\/uploads\/sites\/5\/2024\/09\/202108rupt-sur-moselle-mairie-1.jpg\" \/>\n<meta name=\"twitter:creator\" content=\"@VosgesInfo88\" \/>\n<meta name=\"twitter:site\" content=\"@VosgesInfo88\" \/>\n<meta name=\"twitter:label1\" content=\"\u00c9crit par\" \/>\n\t<meta name=\"twitter:data1\" content=\"La redaction\" \/>\n\t<meta name=\"twitter:label2\" content=\"Dur\u00e9e de lecture estim\u00e9e\" \/>\n\t<meta name=\"twitter:data2\" content=\"4 minutes\" \/>\n<script type=\"application\/ld+json\" class=\"yoast-schema-graph\">{\"@context\":\"https:\/\/schema.org\",\"@graph\":[{\"@type\":\"Article\",\"@id\":\"https:\/\/vosgesinfo.fr\/remiremontinfo\/2025\/04\/ordre-du-jour-du-prochain-conseil-municipal-de-rupt-sur-moselle\/#article\",\"isPartOf\":{\"@id\":\"https:\/\/vosgesinfo.fr\/remiremontinfo\/2025\/04\/ordre-du-jour-du-prochain-conseil-municipal-de-rupt-sur-moselle\/\"},\"author\":{\"name\":\"La redaction\",\"@id\":\"https:\/\/vosgesinfo.fr\/remiremontinfo\/#\/schema\/person\/27a3695b06db98895b354c0765cdfc31\"},\"headline\":\"Ordre du jour du prochain conseil municipal de Rupt-sur-Moselle\",\"datePublished\":\"2025-04-04T11:30:25+00:00\",\"dateModified\":\"2025-04-04T08:41:31+00:00\",\"mainEntityOfPage\":{\"@id\":\"https:\/\/vosgesinfo.fr\/remiremontinfo\/2025\/04\/ordre-du-jour-du-prochain-conseil-municipal-de-rupt-sur-moselle\/\"},\"wordCount\":756,\"commentCount\":0,\"publisher\":{\"@id\":\"https:\/\/vosgesinfo.fr\/remiremontinfo\/#organization\"},\"image\":{\"@id\":\"https:\/\/vosgesinfo.fr\/remiremontinfo\/2025\/04\/ordre-du-jour-du-prochain-conseil-municipal-de-rupt-sur-moselle\/#primaryimage\"},\"thumbnailUrl\":\"https:\/\/vosgesinfo.fr\/app\/uploads\/sites\/5\/2024\/09\/202108rupt-sur-moselle-mairie-1.jpg\",\"keywords\":[\"conseil municipal\",\"Ordre du jour\",\"rupt-sur-moselle\"],\"articleSection\":[\"A la Une\",\"Agenda\",\"Annonces L\u00e9gales\",\"Rupt-Sur-Moselle\"],\"inLanguage\":\"fr-FR\",\"potentialAction\":[{\"@type\":\"CommentAction\",\"name\":\"Comment\",\"target\":[\"https:\/\/vosgesinfo.fr\/remiremontinfo\/2025\/04\/ordre-du-jour-du-prochain-conseil-municipal-de-rupt-sur-moselle\/#respond\"]}]},{\"@type\":\"WebPage\",\"@id\":\"https:\/\/vosgesinfo.fr\/remiremontinfo\/2025\/04\/ordre-du-jour-du-prochain-conseil-municipal-de-rupt-sur-moselle\/\",\"url\":\"https:\/\/vosgesinfo.fr\/remiremontinfo\/2025\/04\/ordre-du-jour-du-prochain-conseil-municipal-de-rupt-sur-moselle\/\",\"name\":\"Ordre du jour du prochain conseil municipal de Rupt-sur-Moselle - Remiremont Info\",\"isPartOf\":{\"@id\":\"https:\/\/vosgesinfo.fr\/remiremontinfo\/#website\"},\"primaryImageOfPage\":{\"@id\":\"https:\/\/vosgesinfo.fr\/remiremontinfo\/2025\/04\/ordre-du-jour-du-prochain-conseil-municipal-de-rupt-sur-moselle\/#primaryimage\"},\"image\":{\"@id\":\"https:\/\/vosgesinfo.fr\/remiremontinfo\/2025\/04\/ordre-du-jour-du-prochain-conseil-municipal-de-rupt-sur-moselle\/#primaryimage\"},\"thumbnailUrl\":\"https:\/\/vosgesinfo.fr\/app\/uploads\/sites\/5\/2024\/09\/202108rupt-sur-moselle-mairie-1.jpg\",\"datePublished\":\"2025-04-04T11:30:25+00:00\",\"dateModified\":\"2025-04-04T08:41:31+00:00\",\"breadcrumb\":{\"@id\":\"https:\/\/vosgesinfo.fr\/remiremontinfo\/2025\/04\/ordre-du-jour-du-prochain-conseil-municipal-de-rupt-sur-moselle\/#breadcrumb\"},\"inLanguage\":\"fr-FR\",\"potentialAction\":[{\"@type\":\"ReadAction\",\"target\":[\"https:\/\/vosgesinfo.fr\/remiremontinfo\/2025\/04\/ordre-du-jour-du-prochain-conseil-municipal-de-rupt-sur-moselle\/\"]}]},{\"@type\":\"ImageObject\",\"inLanguage\":\"fr-FR\",\"@id\":\"https:\/\/vosgesinfo.fr\/remiremontinfo\/2025\/04\/ordre-du-jour-du-prochain-conseil-municipal-de-rupt-sur-moselle\/#primaryimage\",\"url\":\"https:\/\/vosgesinfo.fr\/app\/uploads\/sites\/5\/2024\/09\/202108rupt-sur-moselle-mairie-1.jpg\",\"contentUrl\":\"https:\/\/vosgesinfo.fr\/app\/uploads\/sites\/5\/2024\/09\/202108rupt-sur-moselle-mairie-1.jpg\",\"width\":800,\"height\":626},{\"@type\":\"BreadcrumbList\",\"@id\":\"https:\/\/vosgesinfo.fr\/remiremontinfo\/2025\/04\/ordre-du-jour-du-prochain-conseil-municipal-de-rupt-sur-moselle\/#breadcrumb\",\"itemListElement\":[{\"@type\":\"ListItem\",\"position\":1,\"name\":\"Home\",\"item\":\"https:\/\/vosgesinfo.fr\/remiremontinfo\/\"},{\"@type\":\"ListItem\",\"position\":2,\"name\":\"Ordre du jour du prochain conseil municipal de Rupt-sur-Moselle\"}]},{\"@type\":\"WebSite\",\"@id\":\"https:\/\/vosgesinfo.fr\/remiremontinfo\/#website\",\"url\":\"https:\/\/vosgesinfo.fr\/remiremontinfo\/\",\"name\":\"Remiremont Info\",\"description\":\"Toute l&#039;actualit\u00e9 de Remiremont\",\"publisher\":{\"@id\":\"https:\/\/vosgesinfo.fr\/remiremontinfo\/#organization\"},\"alternateName\":\"Toute l'actualit\u00e9 de Remiremont\",\"potentialAction\":[{\"@type\":\"SearchAction\",\"target\":{\"@type\":\"EntryPoint\",\"urlTemplate\":\"https:\/\/vosgesinfo.fr\/remiremontinfo\/?s={search_term_string}\"},\"query-input\":\"required name=search_term_string\"}],\"inLanguage\":\"fr-FR\"},{\"@type\":\"Organization\",\"@id\":\"https:\/\/vosgesinfo.fr\/remiremontinfo\/#organization\",\"name\":\"Remiremont Info\",\"url\":\"https:\/\/vosgesinfo.fr\/remiremontinfo\/\",\"logo\":{\"@type\":\"ImageObject\",\"inLanguage\":\"fr-FR\",\"@id\":\"https:\/\/vosgesinfo.fr\/remiremontinfo\/#\/schema\/logo\/image\/\",\"url\":\"https:\/\/vosgesinfo.fr\/app\/uploads\/sites\/5\/2023\/08\/favicon-remiremontinfo.png\",\"contentUrl\":\"https:\/\/vosgesinfo.fr\/app\/uploads\/sites\/5\/2023\/08\/favicon-remiremontinfo.png\",\"width\":512,\"height\":512,\"caption\":\"Remiremont Info\"},\"image\":{\"@id\":\"https:\/\/vosgesinfo.fr\/remiremontinfo\/#\/schema\/logo\/image\/\"},\"sameAs\":[\"https:\/\/www.facebook.com\/remiremontinfo\",\"https:\/\/x.com\/VosgesInfo88\",\"https:\/\/www.youtube.com\/@vosgesinfo\"]},{\"@type\":\"Person\",\"@id\":\"https:\/\/vosgesinfo.fr\/remiremontinfo\/#\/schema\/person\/27a3695b06db98895b354c0765cdfc31\",\"name\":\"La redaction\",\"image\":{\"@type\":\"ImageObject\",\"inLanguage\":\"fr-FR\",\"@id\":\"https:\/\/vosgesinfo.fr\/remiremontinfo\/#\/schema\/person\/image\/\",\"url\":\"https:\/\/secure.gravatar.com\/avatar\/64c76a78e501cedee55736f43f332df901e1896ae9cd8fad269ae2236dd0e8b6?s=96&d=mm&r=g\",\"contentUrl\":\"https:\/\/secure.gravatar.com\/avatar\/64c76a78e501cedee55736f43f332df901e1896ae9cd8fad269ae2236dd0e8b6?s=96&d=mm&r=g\",\"caption\":\"La redaction\"},\"url\":\"https:\/\/vosgesinfo.fr\/remiremontinfo\/author\/la-redaction\/\"}]}<\/script>\n<!-- \/ Yoast SEO plugin. -->","yoast_head_json":{"title":"Ordre du jour du prochain conseil municipal de Rupt-sur-Moselle - Remiremont Info","robots":{"index":"index","follow":"follow","max-snippet":"max-snippet:-1","max-image-preview":"max-image-preview:large","max-video-preview":"max-video-preview:-1"},"canonical":"https:\/\/vosgesinfo.fr\/remiremontinfo\/2025\/04\/ordre-du-jour-du-prochain-conseil-municipal-de-rupt-sur-moselle\/","twitter_card":"summary_large_image","twitter_title":"Ordre du jour du prochain conseil municipal de Rupt-sur-Moselle - Remiremont Info","twitter_description":"CONSEIL MUNICIPAL LUNDI 14 AVRIL 2025 A 20 H 00 &#8211; EN MAIRIE N\u00b0 2025\/020 Institutions et Vie Politique &#8211; [&hellip;]","twitter_image":"https:\/\/vosgesinfo.fr\/app\/uploads\/sites\/5\/2024\/09\/202108rupt-sur-moselle-mairie-1.jpg","twitter_creator":"@VosgesInfo88","twitter_site":"@VosgesInfo88","twitter_misc":{"\u00c9crit par":"La redaction","Dur\u00e9e de lecture estim\u00e9e":"4 minutes"},"schema":{"@context":"https:\/\/schema.org","@graph":[{"@type":"Article","@id":"https:\/\/vosgesinfo.fr\/remiremontinfo\/2025\/04\/ordre-du-jour-du-prochain-conseil-municipal-de-rupt-sur-moselle\/#article","isPartOf":{"@id":"https:\/\/vosgesinfo.fr\/remiremontinfo\/2025\/04\/ordre-du-jour-du-prochain-conseil-municipal-de-rupt-sur-moselle\/"},"author":{"name":"La redaction","@id":"https:\/\/vosgesinfo.fr\/remiremontinfo\/#\/schema\/person\/27a3695b06db98895b354c0765cdfc31"},"headline":"Ordre du jour du prochain conseil municipal de Rupt-sur-Moselle","datePublished":"2025-04-04T11:30:25+00:00","dateModified":"2025-04-04T08:41:31+00:00","mainEntityOfPage":{"@id":"https:\/\/vosgesinfo.fr\/remiremontinfo\/2025\/04\/ordre-du-jour-du-prochain-conseil-municipal-de-rupt-sur-moselle\/"},"wordCount":756,"commentCount":0,"publisher":{"@id":"https:\/\/vosgesinfo.fr\/remiremontinfo\/#organization"},"image":{"@id":"https:\/\/vosgesinfo.fr\/remiremontinfo\/2025\/04\/ordre-du-jour-du-prochain-conseil-municipal-de-rupt-sur-moselle\/#primaryimage"},"thumbnailUrl":"https:\/\/vosgesinfo.fr\/app\/uploads\/sites\/5\/2024\/09\/202108rupt-sur-moselle-mairie-1.jpg","keywords":["conseil municipal","Ordre du jour","rupt-sur-moselle"],"articleSection":["A la Une","Agenda","Annonces L\u00e9gales","Rupt-Sur-Moselle"],"inLanguage":"fr-FR","potentialAction":[{"@type":"CommentAction","name":"Comment","target":["https:\/\/vosgesinfo.fr\/remiremontinfo\/2025\/04\/ordre-du-jour-du-prochain-conseil-municipal-de-rupt-sur-moselle\/#respond"]}]},{"@type":"WebPage","@id":"https:\/\/vosgesinfo.fr\/remiremontinfo\/2025\/04\/ordre-du-jour-du-prochain-conseil-municipal-de-rupt-sur-moselle\/","url":"https:\/\/vosgesinfo.fr\/remiremontinfo\/2025\/04\/ordre-du-jour-du-prochain-conseil-municipal-de-rupt-sur-moselle\/","name":"Ordre du jour du prochain conseil municipal de Rupt-sur-Moselle - Remiremont Info","isPartOf":{"@id":"https:\/\/vosgesinfo.fr\/remiremontinfo\/#website"},"primaryImageOfPage":{"@id":"https:\/\/vosgesinfo.fr\/remiremontinfo\/2025\/04\/ordre-du-jour-du-prochain-conseil-municipal-de-rupt-sur-moselle\/#primaryimage"},"image":{"@id":"https:\/\/vosgesinfo.fr\/remiremontinfo\/2025\/04\/ordre-du-jour-du-prochain-conseil-municipal-de-rupt-sur-moselle\/#primaryimage"},"thumbnailUrl":"https:\/\/vosgesinfo.fr\/app\/uploads\/sites\/5\/2024\/09\/202108rupt-sur-moselle-mairie-1.jpg","datePublished":"2025-04-04T11:30:25+00:00","dateModified":"2025-04-04T08:41:31+00:00","breadcrumb":{"@id":"https:\/\/vosgesinfo.fr\/remiremontinfo\/2025\/04\/ordre-du-jour-du-prochain-conseil-municipal-de-rupt-sur-moselle\/#breadcrumb"},"inLanguage":"fr-FR","potentialAction":[{"@type":"ReadAction","target":["https:\/\/vosgesinfo.fr\/remiremontinfo\/2025\/04\/ordre-du-jour-du-prochain-conseil-municipal-de-rupt-sur-moselle\/"]}]},{"@type":"ImageObject","inLanguage":"fr-FR","@id":"https:\/\/vosgesinfo.fr\/remiremontinfo\/2025\/04\/ordre-du-jour-du-prochain-conseil-municipal-de-rupt-sur-moselle\/#primaryimage","url":"https:\/\/vosgesinfo.fr\/app\/uploads\/sites\/5\/2024\/09\/202108rupt-sur-moselle-mairie-1.jpg","contentUrl":"https:\/\/vosgesinfo.fr\/app\/uploads\/sites\/5\/2024\/09\/202108rupt-sur-moselle-mairie-1.jpg","width":800,"height":626},{"@type":"BreadcrumbList","@id":"https:\/\/vosgesinfo.fr\/remiremontinfo\/2025\/04\/ordre-du-jour-du-prochain-conseil-municipal-de-rupt-sur-moselle\/#breadcrumb","itemListElement":[{"@type":"ListItem","position":1,"name":"Home","item":"https:\/\/vosgesinfo.fr\/remiremontinfo\/"},{"@type":"ListItem","position":2,"name":"Ordre du jour du prochain conseil municipal de Rupt-sur-Moselle"}]},{"@type":"WebSite","@id":"https:\/\/vosgesinfo.fr\/remiremontinfo\/#website","url":"https:\/\/vosgesinfo.fr\/remiremontinfo\/","name":"Remiremont Info","description":"Toute l&#039;actualit\u00e9 de Remiremont","publisher":{"@id":"https:\/\/vosgesinfo.fr\/remiremontinfo\/#organization"},"alternateName":"Toute l'actualit\u00e9 de Remiremont","potentialAction":[{"@type":"SearchAction","target":{"@type":"EntryPoint","urlTemplate":"https:\/\/vosgesinfo.fr\/remiremontinfo\/?s={search_term_string}"},"query-input":"required name=search_term_string"}],"inLanguage":"fr-FR"},{"@type":"Organization","@id":"https:\/\/vosgesinfo.fr\/remiremontinfo\/#organization","name":"Remiremont Info","url":"https:\/\/vosgesinfo.fr\/remiremontinfo\/","logo":{"@type":"ImageObject","inLanguage":"fr-FR","@id":"https:\/\/vosgesinfo.fr\/remiremontinfo\/#\/schema\/logo\/image\/","url":"https:\/\/vosgesinfo.fr\/app\/uploads\/sites\/5\/2023\/08\/favicon-remiremontinfo.png","contentUrl":"https:\/\/vosgesinfo.fr\/app\/uploads\/sites\/5\/2023\/08\/favicon-remiremontinfo.png","width":512,"height":512,"caption":"Remiremont Info"},"image":{"@id":"https:\/\/vosgesinfo.fr\/remiremontinfo\/#\/schema\/logo\/image\/"},"sameAs":["https:\/\/www.facebook.com\/remiremontinfo","https:\/\/x.com\/VosgesInfo88","https:\/\/www.youtube.com\/@vosgesinfo"]},{"@type":"Person","@id":"https:\/\/vosgesinfo.fr\/remiremontinfo\/#\/schema\/person\/27a3695b06db98895b354c0765cdfc31","name":"La redaction","image":{"@type":"ImageObject","inLanguage":"fr-FR","@id":"https:\/\/vosgesinfo.fr\/remiremontinfo\/#\/schema\/person\/image\/","url":"https:\/\/secure.gravatar.com\/avatar\/64c76a78e501cedee55736f43f332df901e1896ae9cd8fad269ae2236dd0e8b6?s=96&d=mm&r=g","contentUrl":"https:\/\/secure.gravatar.com\/avatar\/64c76a78e501cedee55736f43f332df901e1896ae9cd8fad269ae2236dd0e8b6?s=96&d=mm&r=g","caption":"La redaction"},"url":"https:\/\/vosgesinfo.fr\/remiremontinfo\/author\/la-redaction\/"}]}},"_links":{"self":[{"href":"https:\/\/vosgesinfo.fr\/remiremontinfo\/wp-json\/wp\/v2\/posts\/80408","targetHints":{"allow":["GET"]}}],"collection":[{"href":"https:\/\/vosgesinfo.fr\/remiremontinfo\/wp-json\/wp\/v2\/posts"}],"about":[{"href":"https:\/\/vosgesinfo.fr\/remiremontinfo\/wp-json\/wp\/v2\/types\/post"}],"author":[{"embeddable":true,"href":"https:\/\/vosgesinfo.fr\/remiremontinfo\/wp-json\/wp\/v2\/users\/391"}],"replies":[{"embeddable":true,"href":"https:\/\/vosgesinfo.fr\/remiremontinfo\/wp-json\/wp\/v2\/comments?post=80408"}],"version-history":[{"count":1,"href":"https:\/\/vosgesinfo.fr\/remiremontinfo\/wp-json\/wp\/v2\/posts\/80408\/revisions"}],"predecessor-version":[{"id":80409,"href":"https:\/\/vosgesinfo.fr\/remiremontinfo\/wp-json\/wp\/v2\/posts\/80408\/revisions\/80409"}],"wp:featuredmedia":[{"embeddable":true,"href":"https:\/\/vosgesinfo.fr\/remiremontinfo\/wp-json\/wp\/v2\/media\/49890"}],"wp:attachment":[{"href":"https:\/\/vosgesinfo.fr\/remiremontinfo\/wp-json\/wp\/v2\/media?parent=80408"}],"wp:term":[{"taxonomy":"category","embeddable":true,"href":"https:\/\/vosgesinfo.fr\/remiremontinfo\/wp-json\/wp\/v2\/categories?post=80408"},{"taxonomy":"post_tag","embeddable":true,"href":"https:\/\/vosgesinfo.fr\/remiremontinfo\/wp-json\/wp\/v2\/tags?post=80408"}],"curies":[{"name":"wp","href":"https:\/\/api.w.org\/{rel}","templated":true}]}}