{"id":80410,"date":"2025-04-04T11:15:35","date_gmt":"2025-04-04T09:15:35","guid":{"rendered":"https:\/\/vosgesinfo.fr\/remiremontinfo\/?p=80410"},"modified":"2025-04-04T10:44:09","modified_gmt":"2025-04-04T08:44:09","slug":"ordre-du-jour-du-prochain-conseil-municipal-de-cornimont-2","status":"publish","type":"post","link":"https:\/\/vosgesinfo.fr\/remiremontinfo\/2025\/04\/ordre-du-jour-du-prochain-conseil-municipal-de-cornimont-2\/","title":{"rendered":"Ordre du jour du prochain conseil municipal de Cornimont"},"content":{"rendered":"<p><a href=\"https:\/\/vosgesinfo.fr\/app\/uploads\/sites\/5\/2025\/02\/mairie-de-cornimont-1-scaled.jpg\"><img decoding=\"async\" class=\"aligncenter size-full wp-image-78236\" src=\"https:\/\/vosgesinfo.fr\/app\/uploads\/sites\/5\/2025\/02\/mairie-de-cornimont-1-scaled.jpg\" alt=\"\" width=\"2560\" height=\"1152\" srcset=\"https:\/\/vosgesinfo.fr\/app\/uploads\/sites\/5\/2025\/02\/mairie-de-cornimont-1-scaled.jpg 2560w, https:\/\/vosgesinfo.fr\/app\/uploads\/sites\/5\/2025\/02\/mairie-de-cornimont-1-300x135.jpg 300w, https:\/\/vosgesinfo.fr\/app\/uploads\/sites\/5\/2025\/02\/mairie-de-cornimont-1-1024x461.jpg 1024w, https:\/\/vosgesinfo.fr\/app\/uploads\/sites\/5\/2025\/02\/mairie-de-cornimont-1-768x346.jpg 768w, https:\/\/vosgesinfo.fr\/app\/uploads\/sites\/5\/2025\/02\/mairie-de-cornimont-1-1536x691.jpg 1536w, https:\/\/vosgesinfo.fr\/app\/uploads\/sites\/5\/2025\/02\/mairie-de-cornimont-1-2048x922.jpg 2048w\" sizes=\"(max-width: 2560px) 100vw, 2560px\" \/><\/a><\/p>\n<p style=\"text-align: center;\"><span class=\"Apple-converted-space\">\u00a0<\/span><b>Le Conseil Municipal se r\u00e9unira en s\u00e9ance ordinaire, \u00e0 la Mairie de CORNIMONT- salon d&rsquo;honneur,<\/b><\/p>\n<p style=\"text-align: center;\"><b><i>le vendredi 11 avril 2025 \u00e0 20 h 00<\/i><\/b><\/p>\n<p><b>ORDRE DU JOUR<\/b><\/p>\n<p><i>PV de la s\u00e9ance du 14 mars 2025 \u2013 approbation<\/i><\/p>\n<p><b>ADMINISTRATION GENERALE<span class=\"Apple-converted-space\">\u00a0<\/span><\/b><\/p>\n<ol>\n<li>Compte rendu des d\u00e9cisions prises par Mme le Maire dans le cadre de ses d\u00e9l\u00e9gations de comp\u00e9tences du Conseil Municipal, en application de l&rsquo;art. L.2122-22 du CGCT<\/li>\n<li>Information sur les subventions obtenues par la commune depuis le pr\u00e9c\u00e9dent Conseil Municipal<span class=\"Apple-converted-space\">\u00a0<\/span><\/li>\n<\/ol>\n<p><b>BUDGETS \u2013 FINANCES<span class=\"Apple-converted-space\">\u00a0<\/span><\/b><\/p>\n<ol start=\"3\">\n<li>Comptes de gestion 2024<\/li>\n<li>Election du pr\u00e9sident de s\u00e9ance pour le vote des comptes administratifs 2024<\/li>\n<li>Comptes administratifs 2024<\/li>\n<li>Affectations des r\u00e9sultats 2024<\/li>\n<li>Vote des taux d\u2019imposition pour la fiscalit\u00e9 locale 2025<\/li>\n<li>Autorisation de programme \/ cr\u00e9dits de paiement (AP\/CP) \u2013 MAJ projet CESAN-Ecoauberge<\/li>\n<li>Budgets primitifs 2025<\/li>\n<li>Contributions budg\u00e9taires en faveur du SDIS, SMIC et PNRBV<\/li>\n<li>Demandes de subventions en faveur de Ballast \u2013 F\u00eate de l\u2019itin\u00e9rance<\/li>\n<li>Demandes de subventions aupr\u00e8s des partenaires<\/li>\n<\/ol>\n<p><b>RESSOURCES HUMAINES \u2013 n\u00e9ant<\/b><\/p>\n<p><b>ENFANCE \u2013 JEUNESSE \u2013 SCOLAIRE \u2013 PERISCOLAIRE &#8211; n\u00e9ant<\/b><\/p>\n<p><b>CONTRATS \u2013 CONVENTIONS \u2013 MARCHES PUBLICS &#8211; n\u00e9ant<\/b><\/p>\n<p><b>URBANISME \u2013 TERRAIN \u2013 PATRIMOINE \u2013 n\u00e9ant<\/b><\/p>\n<p><b>INTERCOMMUNALITE \u2013 n\u00e9ant<\/b><\/p>\n<p><b>COMPTES-RENDUS DES COMMISSIONS MUNICIPALES<\/b><\/p>\n<p><b>COMPTES-RENDUS DES COMMISSIONS INTERCOMMUNALES<\/b><\/p>\n<p><b>POINT INFO<\/b><\/p>\n<p><b>QUESTIONS DIVERSES<\/b><\/p>\n<p><span class=\"Apple-converted-space\">\u00a0<\/span><\/p>\n<p>Pour affichage et avis, conform\u00e9ment aux dispositions de l&rsquo;article L.2121-10 du Code G\u00e9n\u00e9ral des Collectivit\u00e9s Territoriales.<\/p>\n<p>Le Maire<\/p>\n<p>Fait \u00e0 Cornimont le : 4 avril 2025 Marie-Jos\u00e8phe CLEMENT<\/p>\n<p>Affich\u00e9 le : 4 avril 2025<\/p>\n","protected":false},"excerpt":{"rendered":"<p>\u00a0Le Conseil Municipal se r\u00e9unira en s\u00e9ance ordinaire, \u00e0 la Mairie de CORNIMONT- salon d&rsquo;honneur, le vendredi 11 avril 2025 [&hellip;]<\/p>\n","protected":false},"author":391,"featured_media":78236,"comment_status":"open","ping_status":"open","sticky":false,"template":"","format":"standard","meta":{"footnotes":""},"categories":[26,594,2,34],"tags":[581,79,1552],"class_list":["post-80410","post","type-post","status-publish","format-standard","has-post-thumbnail","hentry","category-a-la-une","category-agenda","category-annonces-legales","category-cornimont","tag-conseil-municipal","tag-cornimont","tag-ordre-du-jour"],"acf":[],"yoast_head":"<!-- This site is optimized with the Yoast SEO plugin v22.5 - https:\/\/yoast.com\/wordpress\/plugins\/seo\/ -->\n<title>Ordre du jour du prochain conseil municipal de Cornimont - Remiremont Info<\/title>\n<meta name=\"robots\" content=\"index, follow, max-snippet:-1, max-image-preview:large, max-video-preview:-1\" \/>\n<link rel=\"canonical\" href=\"https:\/\/vosgesinfo.fr\/remiremontinfo\/2025\/04\/ordre-du-jour-du-prochain-conseil-municipal-de-cornimont-2\/\" \/>\n<meta name=\"twitter:card\" content=\"summary_large_image\" \/>\n<meta name=\"twitter:title\" content=\"Ordre du jour du prochain conseil municipal de Cornimont - Remiremont Info\" \/>\n<meta name=\"twitter:description\" content=\"\u00a0Le Conseil Municipal se r\u00e9unira en s\u00e9ance ordinaire, \u00e0 la Mairie de CORNIMONT- salon d&rsquo;honneur, le vendredi 11 avril 2025 [&hellip;]\" \/>\n<meta name=\"twitter:image\" content=\"https:\/\/vosgesinfo.fr\/app\/uploads\/sites\/5\/2025\/02\/mairie-de-cornimont-1-scaled.jpg\" \/>\n<meta name=\"twitter:creator\" content=\"@VosgesInfo88\" \/>\n<meta name=\"twitter:site\" content=\"@VosgesInfo88\" \/>\n<meta name=\"twitter:label1\" content=\"\u00c9crit par\" \/>\n\t<meta name=\"twitter:data1\" content=\"La redaction\" \/>\n\t<meta name=\"twitter:label2\" content=\"Dur\u00e9e de lecture estim\u00e9e\" \/>\n\t<meta name=\"twitter:data2\" content=\"1 minute\" \/>\n<script type=\"application\/ld+json\" class=\"yoast-schema-graph\">{\"@context\":\"https:\/\/schema.org\",\"@graph\":[{\"@type\":\"Article\",\"@id\":\"https:\/\/vosgesinfo.fr\/remiremontinfo\/2025\/04\/ordre-du-jour-du-prochain-conseil-municipal-de-cornimont-2\/#article\",\"isPartOf\":{\"@id\":\"https:\/\/vosgesinfo.fr\/remiremontinfo\/2025\/04\/ordre-du-jour-du-prochain-conseil-municipal-de-cornimont-2\/\"},\"author\":{\"name\":\"La redaction\",\"@id\":\"https:\/\/vosgesinfo.fr\/remiremontinfo\/#\/schema\/person\/27a3695b06db98895b354c0765cdfc31\"},\"headline\":\"Ordre du jour du prochain conseil municipal de Cornimont\",\"datePublished\":\"2025-04-04T09:15:35+00:00\",\"dateModified\":\"2025-04-04T08:44:09+00:00\",\"mainEntityOfPage\":{\"@id\":\"https:\/\/vosgesinfo.fr\/remiremontinfo\/2025\/04\/ordre-du-jour-du-prochain-conseil-municipal-de-cornimont-2\/\"},\"wordCount\":240,\"commentCount\":0,\"publisher\":{\"@id\":\"https:\/\/vosgesinfo.fr\/remiremontinfo\/#organization\"},\"image\":{\"@id\":\"https:\/\/vosgesinfo.fr\/remiremontinfo\/2025\/04\/ordre-du-jour-du-prochain-conseil-municipal-de-cornimont-2\/#primaryimage\"},\"thumbnailUrl\":\"https:\/\/vosgesinfo.fr\/app\/uploads\/sites\/5\/2025\/02\/mairie-de-cornimont-1-scaled.jpg\",\"keywords\":[\"conseil municipal\",\"cornimont\",\"Ordre du jour\"],\"articleSection\":[\"A la Une\",\"Agenda\",\"Annonces L\u00e9gales\",\"Cornimont\"],\"inLanguage\":\"fr-FR\",\"potentialAction\":[{\"@type\":\"CommentAction\",\"name\":\"Comment\",\"target\":[\"https:\/\/vosgesinfo.fr\/remiremontinfo\/2025\/04\/ordre-du-jour-du-prochain-conseil-municipal-de-cornimont-2\/#respond\"]}]},{\"@type\":\"WebPage\",\"@id\":\"https:\/\/vosgesinfo.fr\/remiremontinfo\/2025\/04\/ordre-du-jour-du-prochain-conseil-municipal-de-cornimont-2\/\",\"url\":\"https:\/\/vosgesinfo.fr\/remiremontinfo\/2025\/04\/ordre-du-jour-du-prochain-conseil-municipal-de-cornimont-2\/\",\"name\":\"Ordre du jour du prochain conseil municipal de Cornimont - Remiremont Info\",\"isPartOf\":{\"@id\":\"https:\/\/vosgesinfo.fr\/remiremontinfo\/#website\"},\"primaryImageOfPage\":{\"@id\":\"https:\/\/vosgesinfo.fr\/remiremontinfo\/2025\/04\/ordre-du-jour-du-prochain-conseil-municipal-de-cornimont-2\/#primaryimage\"},\"image\":{\"@id\":\"https:\/\/vosgesinfo.fr\/remiremontinfo\/2025\/04\/ordre-du-jour-du-prochain-conseil-municipal-de-cornimont-2\/#primaryimage\"},\"thumbnailUrl\":\"https:\/\/vosgesinfo.fr\/app\/uploads\/sites\/5\/2025\/02\/mairie-de-cornimont-1-scaled.jpg\",\"datePublished\":\"2025-04-04T09:15:35+00:00\",\"dateModified\":\"2025-04-04T08:44:09+00:00\",\"breadcrumb\":{\"@id\":\"https:\/\/vosgesinfo.fr\/remiremontinfo\/2025\/04\/ordre-du-jour-du-prochain-conseil-municipal-de-cornimont-2\/#breadcrumb\"},\"inLanguage\":\"fr-FR\",\"potentialAction\":[{\"@type\":\"ReadAction\",\"target\":[\"https:\/\/vosgesinfo.fr\/remiremontinfo\/2025\/04\/ordre-du-jour-du-prochain-conseil-municipal-de-cornimont-2\/\"]}]},{\"@type\":\"ImageObject\",\"inLanguage\":\"fr-FR\",\"@id\":\"https:\/\/vosgesinfo.fr\/remiremontinfo\/2025\/04\/ordre-du-jour-du-prochain-conseil-municipal-de-cornimont-2\/#primaryimage\",\"url\":\"https:\/\/vosgesinfo.fr\/app\/uploads\/sites\/5\/2025\/02\/mairie-de-cornimont-1-scaled.jpg\",\"contentUrl\":\"https:\/\/vosgesinfo.fr\/app\/uploads\/sites\/5\/2025\/02\/mairie-de-cornimont-1-scaled.jpg\",\"width\":2560,\"height\":1152},{\"@type\":\"BreadcrumbList\",\"@id\":\"https:\/\/vosgesinfo.fr\/remiremontinfo\/2025\/04\/ordre-du-jour-du-prochain-conseil-municipal-de-cornimont-2\/#breadcrumb\",\"itemListElement\":[{\"@type\":\"ListItem\",\"position\":1,\"name\":\"Home\",\"item\":\"https:\/\/vosgesinfo.fr\/remiremontinfo\/\"},{\"@type\":\"ListItem\",\"position\":2,\"name\":\"Ordre du jour du prochain conseil municipal de Cornimont\"}]},{\"@type\":\"WebSite\",\"@id\":\"https:\/\/vosgesinfo.fr\/remiremontinfo\/#website\",\"url\":\"https:\/\/vosgesinfo.fr\/remiremontinfo\/\",\"name\":\"Remiremont Info\",\"description\":\"Toute l&#039;actualit\u00e9 de Remiremont\",\"publisher\":{\"@id\":\"https:\/\/vosgesinfo.fr\/remiremontinfo\/#organization\"},\"alternateName\":\"Toute l'actualit\u00e9 de Remiremont\",\"potentialAction\":[{\"@type\":\"SearchAction\",\"target\":{\"@type\":\"EntryPoint\",\"urlTemplate\":\"https:\/\/vosgesinfo.fr\/remiremontinfo\/?s={search_term_string}\"},\"query-input\":\"required name=search_term_string\"}],\"inLanguage\":\"fr-FR\"},{\"@type\":\"Organization\",\"@id\":\"https:\/\/vosgesinfo.fr\/remiremontinfo\/#organization\",\"name\":\"Remiremont Info\",\"url\":\"https:\/\/vosgesinfo.fr\/remiremontinfo\/\",\"logo\":{\"@type\":\"ImageObject\",\"inLanguage\":\"fr-FR\",\"@id\":\"https:\/\/vosgesinfo.fr\/remiremontinfo\/#\/schema\/logo\/image\/\",\"url\":\"https:\/\/vosgesinfo.fr\/app\/uploads\/sites\/5\/2023\/08\/favicon-remiremontinfo.png\",\"contentUrl\":\"https:\/\/vosgesinfo.fr\/app\/uploads\/sites\/5\/2023\/08\/favicon-remiremontinfo.png\",\"width\":512,\"height\":512,\"caption\":\"Remiremont Info\"},\"image\":{\"@id\":\"https:\/\/vosgesinfo.fr\/remiremontinfo\/#\/schema\/logo\/image\/\"},\"sameAs\":[\"https:\/\/www.facebook.com\/remiremontinfo\",\"https:\/\/x.com\/VosgesInfo88\",\"https:\/\/www.youtube.com\/@vosgesinfo\"]},{\"@type\":\"Person\",\"@id\":\"https:\/\/vosgesinfo.fr\/remiremontinfo\/#\/schema\/person\/27a3695b06db98895b354c0765cdfc31\",\"name\":\"La redaction\",\"image\":{\"@type\":\"ImageObject\",\"inLanguage\":\"fr-FR\",\"@id\":\"https:\/\/vosgesinfo.fr\/remiremontinfo\/#\/schema\/person\/image\/\",\"url\":\"https:\/\/secure.gravatar.com\/avatar\/64c76a78e501cedee55736f43f332df901e1896ae9cd8fad269ae2236dd0e8b6?s=96&d=mm&r=g\",\"contentUrl\":\"https:\/\/secure.gravatar.com\/avatar\/64c76a78e501cedee55736f43f332df901e1896ae9cd8fad269ae2236dd0e8b6?s=96&d=mm&r=g\",\"caption\":\"La redaction\"},\"url\":\"https:\/\/vosgesinfo.fr\/remiremontinfo\/author\/la-redaction\/\"}]}<\/script>\n<!-- \/ Yoast SEO plugin. -->","yoast_head_json":{"title":"Ordre du jour du prochain conseil municipal de Cornimont - Remiremont Info","robots":{"index":"index","follow":"follow","max-snippet":"max-snippet:-1","max-image-preview":"max-image-preview:large","max-video-preview":"max-video-preview:-1"},"canonical":"https:\/\/vosgesinfo.fr\/remiremontinfo\/2025\/04\/ordre-du-jour-du-prochain-conseil-municipal-de-cornimont-2\/","twitter_card":"summary_large_image","twitter_title":"Ordre du jour du prochain conseil municipal de Cornimont - Remiremont Info","twitter_description":"\u00a0Le Conseil Municipal se r\u00e9unira en s\u00e9ance ordinaire, \u00e0 la Mairie de CORNIMONT- salon d&rsquo;honneur, le vendredi 11 avril 2025 [&hellip;]","twitter_image":"https:\/\/vosgesinfo.fr\/app\/uploads\/sites\/5\/2025\/02\/mairie-de-cornimont-1-scaled.jpg","twitter_creator":"@VosgesInfo88","twitter_site":"@VosgesInfo88","twitter_misc":{"\u00c9crit par":"La redaction","Dur\u00e9e de lecture estim\u00e9e":"1 minute"},"schema":{"@context":"https:\/\/schema.org","@graph":[{"@type":"Article","@id":"https:\/\/vosgesinfo.fr\/remiremontinfo\/2025\/04\/ordre-du-jour-du-prochain-conseil-municipal-de-cornimont-2\/#article","isPartOf":{"@id":"https:\/\/vosgesinfo.fr\/remiremontinfo\/2025\/04\/ordre-du-jour-du-prochain-conseil-municipal-de-cornimont-2\/"},"author":{"name":"La redaction","@id":"https:\/\/vosgesinfo.fr\/remiremontinfo\/#\/schema\/person\/27a3695b06db98895b354c0765cdfc31"},"headline":"Ordre du jour du prochain conseil municipal de Cornimont","datePublished":"2025-04-04T09:15:35+00:00","dateModified":"2025-04-04T08:44:09+00:00","mainEntityOfPage":{"@id":"https:\/\/vosgesinfo.fr\/remiremontinfo\/2025\/04\/ordre-du-jour-du-prochain-conseil-municipal-de-cornimont-2\/"},"wordCount":240,"commentCount":0,"publisher":{"@id":"https:\/\/vosgesinfo.fr\/remiremontinfo\/#organization"},"image":{"@id":"https:\/\/vosgesinfo.fr\/remiremontinfo\/2025\/04\/ordre-du-jour-du-prochain-conseil-municipal-de-cornimont-2\/#primaryimage"},"thumbnailUrl":"https:\/\/vosgesinfo.fr\/app\/uploads\/sites\/5\/2025\/02\/mairie-de-cornimont-1-scaled.jpg","keywords":["conseil municipal","cornimont","Ordre du jour"],"articleSection":["A la Une","Agenda","Annonces L\u00e9gales","Cornimont"],"inLanguage":"fr-FR","potentialAction":[{"@type":"CommentAction","name":"Comment","target":["https:\/\/vosgesinfo.fr\/remiremontinfo\/2025\/04\/ordre-du-jour-du-prochain-conseil-municipal-de-cornimont-2\/#respond"]}]},{"@type":"WebPage","@id":"https:\/\/vosgesinfo.fr\/remiremontinfo\/2025\/04\/ordre-du-jour-du-prochain-conseil-municipal-de-cornimont-2\/","url":"https:\/\/vosgesinfo.fr\/remiremontinfo\/2025\/04\/ordre-du-jour-du-prochain-conseil-municipal-de-cornimont-2\/","name":"Ordre du jour du prochain conseil municipal de Cornimont - Remiremont Info","isPartOf":{"@id":"https:\/\/vosgesinfo.fr\/remiremontinfo\/#website"},"primaryImageOfPage":{"@id":"https:\/\/vosgesinfo.fr\/remiremontinfo\/2025\/04\/ordre-du-jour-du-prochain-conseil-municipal-de-cornimont-2\/#primaryimage"},"image":{"@id":"https:\/\/vosgesinfo.fr\/remiremontinfo\/2025\/04\/ordre-du-jour-du-prochain-conseil-municipal-de-cornimont-2\/#primaryimage"},"thumbnailUrl":"https:\/\/vosgesinfo.fr\/app\/uploads\/sites\/5\/2025\/02\/mairie-de-cornimont-1-scaled.jpg","datePublished":"2025-04-04T09:15:35+00:00","dateModified":"2025-04-04T08:44:09+00:00","breadcrumb":{"@id":"https:\/\/vosgesinfo.fr\/remiremontinfo\/2025\/04\/ordre-du-jour-du-prochain-conseil-municipal-de-cornimont-2\/#breadcrumb"},"inLanguage":"fr-FR","potentialAction":[{"@type":"ReadAction","target":["https:\/\/vosgesinfo.fr\/remiremontinfo\/2025\/04\/ordre-du-jour-du-prochain-conseil-municipal-de-cornimont-2\/"]}]},{"@type":"ImageObject","inLanguage":"fr-FR","@id":"https:\/\/vosgesinfo.fr\/remiremontinfo\/2025\/04\/ordre-du-jour-du-prochain-conseil-municipal-de-cornimont-2\/#primaryimage","url":"https:\/\/vosgesinfo.fr\/app\/uploads\/sites\/5\/2025\/02\/mairie-de-cornimont-1-scaled.jpg","contentUrl":"https:\/\/vosgesinfo.fr\/app\/uploads\/sites\/5\/2025\/02\/mairie-de-cornimont-1-scaled.jpg","width":2560,"height":1152},{"@type":"BreadcrumbList","@id":"https:\/\/vosgesinfo.fr\/remiremontinfo\/2025\/04\/ordre-du-jour-du-prochain-conseil-municipal-de-cornimont-2\/#breadcrumb","itemListElement":[{"@type":"ListItem","position":1,"name":"Home","item":"https:\/\/vosgesinfo.fr\/remiremontinfo\/"},{"@type":"ListItem","position":2,"name":"Ordre du jour du prochain conseil municipal de Cornimont"}]},{"@type":"WebSite","@id":"https:\/\/vosgesinfo.fr\/remiremontinfo\/#website","url":"https:\/\/vosgesinfo.fr\/remiremontinfo\/","name":"Remiremont Info","description":"Toute l&#039;actualit\u00e9 de Remiremont","publisher":{"@id":"https:\/\/vosgesinfo.fr\/remiremontinfo\/#organization"},"alternateName":"Toute l'actualit\u00e9 de Remiremont","potentialAction":[{"@type":"SearchAction","target":{"@type":"EntryPoint","urlTemplate":"https:\/\/vosgesinfo.fr\/remiremontinfo\/?s={search_term_string}"},"query-input":"required name=search_term_string"}],"inLanguage":"fr-FR"},{"@type":"Organization","@id":"https:\/\/vosgesinfo.fr\/remiremontinfo\/#organization","name":"Remiremont Info","url":"https:\/\/vosgesinfo.fr\/remiremontinfo\/","logo":{"@type":"ImageObject","inLanguage":"fr-FR","@id":"https:\/\/vosgesinfo.fr\/remiremontinfo\/#\/schema\/logo\/image\/","url":"https:\/\/vosgesinfo.fr\/app\/uploads\/sites\/5\/2023\/08\/favicon-remiremontinfo.png","contentUrl":"https:\/\/vosgesinfo.fr\/app\/uploads\/sites\/5\/2023\/08\/favicon-remiremontinfo.png","width":512,"height":512,"caption":"Remiremont Info"},"image":{"@id":"https:\/\/vosgesinfo.fr\/remiremontinfo\/#\/schema\/logo\/image\/"},"sameAs":["https:\/\/www.facebook.com\/remiremontinfo","https:\/\/x.com\/VosgesInfo88","https:\/\/www.youtube.com\/@vosgesinfo"]},{"@type":"Person","@id":"https:\/\/vosgesinfo.fr\/remiremontinfo\/#\/schema\/person\/27a3695b06db98895b354c0765cdfc31","name":"La redaction","image":{"@type":"ImageObject","inLanguage":"fr-FR","@id":"https:\/\/vosgesinfo.fr\/remiremontinfo\/#\/schema\/person\/image\/","url":"https:\/\/secure.gravatar.com\/avatar\/64c76a78e501cedee55736f43f332df901e1896ae9cd8fad269ae2236dd0e8b6?s=96&d=mm&r=g","contentUrl":"https:\/\/secure.gravatar.com\/avatar\/64c76a78e501cedee55736f43f332df901e1896ae9cd8fad269ae2236dd0e8b6?s=96&d=mm&r=g","caption":"La redaction"},"url":"https:\/\/vosgesinfo.fr\/remiremontinfo\/author\/la-redaction\/"}]}},"_links":{"self":[{"href":"https:\/\/vosgesinfo.fr\/remiremontinfo\/wp-json\/wp\/v2\/posts\/80410","targetHints":{"allow":["GET"]}}],"collection":[{"href":"https:\/\/vosgesinfo.fr\/remiremontinfo\/wp-json\/wp\/v2\/posts"}],"about":[{"href":"https:\/\/vosgesinfo.fr\/remiremontinfo\/wp-json\/wp\/v2\/types\/post"}],"author":[{"embeddable":true,"href":"https:\/\/vosgesinfo.fr\/remiremontinfo\/wp-json\/wp\/v2\/users\/391"}],"replies":[{"embeddable":true,"href":"https:\/\/vosgesinfo.fr\/remiremontinfo\/wp-json\/wp\/v2\/comments?post=80410"}],"version-history":[{"count":1,"href":"https:\/\/vosgesinfo.fr\/remiremontinfo\/wp-json\/wp\/v2\/posts\/80410\/revisions"}],"predecessor-version":[{"id":80411,"href":"https:\/\/vosgesinfo.fr\/remiremontinfo\/wp-json\/wp\/v2\/posts\/80410\/revisions\/80411"}],"wp:featuredmedia":[{"embeddable":true,"href":"https:\/\/vosgesinfo.fr\/remiremontinfo\/wp-json\/wp\/v2\/media\/78236"}],"wp:attachment":[{"href":"https:\/\/vosgesinfo.fr\/remiremontinfo\/wp-json\/wp\/v2\/media?parent=80410"}],"wp:term":[{"taxonomy":"category","embeddable":true,"href":"https:\/\/vosgesinfo.fr\/remiremontinfo\/wp-json\/wp\/v2\/categories?post=80410"},{"taxonomy":"post_tag","embeddable":true,"href":"https:\/\/vosgesinfo.fr\/remiremontinfo\/wp-json\/wp\/v2\/tags?post=80410"}],"curies":[{"name":"wp","href":"https:\/\/api.w.org\/{rel}","templated":true}]}}