{"id":80414,"date":"2025-04-04T12:50:21","date_gmt":"2025-04-04T10:50:21","guid":{"rendered":"https:\/\/vosgesinfo.fr\/remiremontinfo\/?p=80414"},"modified":"2025-04-04T12:50:21","modified_gmt":"2025-04-04T10:50:21","slug":"epinal-un-eleve-grievement-blesse-apres-une-chute-du-4e-etage-au-college-clemenceau","status":"publish","type":"post","link":"https:\/\/vosgesinfo.fr\/remiremontinfo\/2025\/04\/epinal-un-eleve-grievement-blesse-apres-une-chute-du-4e-etage-au-college-clemenceau\/","title":{"rendered":"\u00c9pinal : un \u00e9l\u00e8ve gri\u00e8vement bless\u00e9 apr\u00e8s une chute du 4e \u00e9tage au coll\u00e8ge Clemenceau"},"content":{"rendered":"<h2 data-start=\"479\" data-end=\"684\"><a href=\"https:\/\/vosgesinfo.fr\/app\/uploads\/sites\/3\/2025\/04\/college-clemenceau-epinal.jpg\"><img decoding=\"async\" class=\"aligncenter size-full wp-image-130600\" src=\"https:\/\/vosgesinfo.fr\/app\/uploads\/sites\/3\/2025\/04\/college-clemenceau-epinal.jpg\" alt=\"\" width=\"1170\" height=\"466\" \/><\/a>Ce vendredi matin, un grave incident s\u2019est produit au coll\u00e8ge Clemenceau d\u2019\u00c9pinal. Un \u00e9l\u00e8ve de 14 ans a chut\u00e9 du quatri\u00e8me \u00e9tage de l\u2019\u00e9tablissement scolaire, entra\u00eenant une intervention rapide des secours.<\/h2>\n<p class=\"\" data-start=\"686\" data-end=\"918\">Selon les premi\u00e8res informations, l\u2019adolescent a \u00e9t\u00e9 tr\u00e8s gri\u00e8vement bless\u00e9 dans sa chute. Il a imm\u00e9diatement \u00e9t\u00e9 pris en charge par les \u00e9quipes de secours, puis transport\u00e9 vers un centre hospitalier. Son pronostic vital est engag\u00e9.<\/p>\n<p class=\"\" data-start=\"920\" data-end=\"1142\">Face \u00e0 la gravit\u00e9 de la situation, le coll\u00e8ge a \u00e9t\u00e9 confin\u00e9 temporairement afin d\u2019assurer la s\u00e9curit\u00e9 des \u00e9l\u00e8ves et du personnel, mais aussi de permettre l\u2019intervention des secours dans les meilleures conditions possibles.<\/p>\n<p class=\"\" data-start=\"1144\" data-end=\"1330\">L\u2019inspection acad\u00e9mique a rapidement mis en place une cellule psychologique au sein de l\u2019\u00e9tablissement pour accompagner les \u00e9l\u00e8ves, les enseignants et les familles affect\u00e9s par ce drame.<\/p>\n<p class=\"\" data-start=\"1332\" data-end=\"1479\">\u00c0 ce stade, les circonstances exactes de la chute ne sont pas encore \u00e9tablies. Une enqu\u00eate devra faire toute la lumi\u00e8re sur les faits.<\/p>\n","protected":false},"excerpt":{"rendered":"<p>Ce vendredi matin, un grave incident s\u2019est produit au coll\u00e8ge Clemenceau d\u2019\u00c9pinal. Un \u00e9l\u00e8ve de 14 ans a chut\u00e9 du [&hellip;]<\/p>\n","protected":false},"author":52,"featured_media":80415,"comment_status":"open","ping_status":"open","sticky":false,"template":"","format":"standard","meta":{"footnotes":""},"categories":[26,108,6375,8,62,845,43,362],"tags":[7645,7646,109,98,32],"class_list":["post-80414","post","type-post","status-publish","format-standard","has-post-thumbnail","hentry","category-a-la-une","category-epinal","category-fait-divers","category-faits-divers","category-gerardmer","category-la-plaine-des-vosges","category-remiremont-remiremont-son-canton","category-saint-die","tag-chute-dun-eleve","tag-college-clemenceau","tag-epinal","tag-faits-divers","tag-vosges"],"acf":[],"yoast_head":"<!-- This site is optimized with the Yoast SEO plugin v22.5 - https:\/\/yoast.com\/wordpress\/plugins\/seo\/ -->\n<title>\u00c9pinal : un \u00e9l\u00e8ve gri\u00e8vement bless\u00e9 apr\u00e8s une chute du 4e \u00e9tage au coll\u00e8ge Clemenceau - Remiremont Info<\/title>\n<meta name=\"robots\" content=\"index, follow, max-snippet:-1, max-image-preview:large, max-video-preview:-1\" \/>\n<link rel=\"canonical\" href=\"https:\/\/vosgesinfo.fr\/remiremontinfo\/2025\/04\/epinal-un-eleve-grievement-blesse-apres-une-chute-du-4e-etage-au-college-clemenceau\/\" \/>\n<meta name=\"twitter:card\" content=\"summary_large_image\" \/>\n<meta name=\"twitter:title\" content=\"\u00c9pinal : un \u00e9l\u00e8ve gri\u00e8vement bless\u00e9 apr\u00e8s une chute du 4e \u00e9tage au coll\u00e8ge Clemenceau - Remiremont Info\" \/>\n<meta name=\"twitter:description\" content=\"Ce vendredi matin, un grave incident s\u2019est produit au coll\u00e8ge Clemenceau d\u2019\u00c9pinal. Un \u00e9l\u00e8ve de 14 ans a chut\u00e9 du [&hellip;]\" \/>\n<meta name=\"twitter:image\" content=\"https:\/\/vosgesinfo.fr\/app\/uploads\/sites\/5\/2025\/04\/college-clemenceau-epinal.jpg\" \/>\n<meta name=\"twitter:creator\" content=\"@VosgesInfo88\" \/>\n<meta name=\"twitter:site\" content=\"@VosgesInfo88\" \/>\n<meta name=\"twitter:label1\" content=\"\u00c9crit par\" \/>\n\t<meta name=\"twitter:data1\" content=\"C.K.\" \/>\n\t<meta name=\"twitter:label2\" content=\"Dur\u00e9e de lecture estim\u00e9e\" \/>\n\t<meta name=\"twitter:data2\" content=\"1 minute\" \/>\n<script type=\"application\/ld+json\" class=\"yoast-schema-graph\">{\"@context\":\"https:\/\/schema.org\",\"@graph\":[{\"@type\":\"Article\",\"@id\":\"https:\/\/vosgesinfo.fr\/remiremontinfo\/2025\/04\/epinal-un-eleve-grievement-blesse-apres-une-chute-du-4e-etage-au-college-clemenceau\/#article\",\"isPartOf\":{\"@id\":\"https:\/\/vosgesinfo.fr\/remiremontinfo\/2025\/04\/epinal-un-eleve-grievement-blesse-apres-une-chute-du-4e-etage-au-college-clemenceau\/\"},\"author\":{\"name\":\"C.K.\",\"@id\":\"https:\/\/vosgesinfo.fr\/remiremontinfo\/#\/schema\/person\/6f9a650eeea99d969b6c4ab78fccbe81\"},\"headline\":\"\u00c9pinal : un \u00e9l\u00e8ve gri\u00e8vement bless\u00e9 apr\u00e8s une chute du 4e \u00e9tage au coll\u00e8ge Clemenceau\",\"datePublished\":\"2025-04-04T10:50:21+00:00\",\"dateModified\":\"2025-04-04T10:50:21+00:00\",\"mainEntityOfPage\":{\"@id\":\"https:\/\/vosgesinfo.fr\/remiremontinfo\/2025\/04\/epinal-un-eleve-grievement-blesse-apres-une-chute-du-4e-etage-au-college-clemenceau\/\"},\"wordCount\":191,\"commentCount\":0,\"publisher\":{\"@id\":\"https:\/\/vosgesinfo.fr\/remiremontinfo\/#organization\"},\"image\":{\"@id\":\"https:\/\/vosgesinfo.fr\/remiremontinfo\/2025\/04\/epinal-un-eleve-grievement-blesse-apres-une-chute-du-4e-etage-au-college-clemenceau\/#primaryimage\"},\"thumbnailUrl\":\"https:\/\/vosgesinfo.fr\/app\/uploads\/sites\/5\/2025\/04\/college-clemenceau-epinal.jpg\",\"keywords\":[\"chute d'un \u00e9l\u00e8ve\",\"coll\u00e8ge cl\u00e9menceau\",\"\u00e9pinal\",\"Faits divers\",\"Vosges\"],\"articleSection\":[\"A la Une\",\"Epinal\",\"Fait Divers\",\"Faits-divers\",\"G\u00e9rardmer\",\"La plaine des vosges\",\"Remiremont\",\"Saint-di\u00e9\"],\"inLanguage\":\"fr-FR\",\"potentialAction\":[{\"@type\":\"CommentAction\",\"name\":\"Comment\",\"target\":[\"https:\/\/vosgesinfo.fr\/remiremontinfo\/2025\/04\/epinal-un-eleve-grievement-blesse-apres-une-chute-du-4e-etage-au-college-clemenceau\/#respond\"]}]},{\"@type\":\"WebPage\",\"@id\":\"https:\/\/vosgesinfo.fr\/remiremontinfo\/2025\/04\/epinal-un-eleve-grievement-blesse-apres-une-chute-du-4e-etage-au-college-clemenceau\/\",\"url\":\"https:\/\/vosgesinfo.fr\/remiremontinfo\/2025\/04\/epinal-un-eleve-grievement-blesse-apres-une-chute-du-4e-etage-au-college-clemenceau\/\",\"name\":\"\u00c9pinal : un \u00e9l\u00e8ve gri\u00e8vement bless\u00e9 apr\u00e8s une chute du 4e \u00e9tage au coll\u00e8ge Clemenceau - Remiremont Info\",\"isPartOf\":{\"@id\":\"https:\/\/vosgesinfo.fr\/remiremontinfo\/#website\"},\"primaryImageOfPage\":{\"@id\":\"https:\/\/vosgesinfo.fr\/remiremontinfo\/2025\/04\/epinal-un-eleve-grievement-blesse-apres-une-chute-du-4e-etage-au-college-clemenceau\/#primaryimage\"},\"image\":{\"@id\":\"https:\/\/vosgesinfo.fr\/remiremontinfo\/2025\/04\/epinal-un-eleve-grievement-blesse-apres-une-chute-du-4e-etage-au-college-clemenceau\/#primaryimage\"},\"thumbnailUrl\":\"https:\/\/vosgesinfo.fr\/app\/uploads\/sites\/5\/2025\/04\/college-clemenceau-epinal.jpg\",\"datePublished\":\"2025-04-04T10:50:21+00:00\",\"dateModified\":\"2025-04-04T10:50:21+00:00\",\"breadcrumb\":{\"@id\":\"https:\/\/vosgesinfo.fr\/remiremontinfo\/2025\/04\/epinal-un-eleve-grievement-blesse-apres-une-chute-du-4e-etage-au-college-clemenceau\/#breadcrumb\"},\"inLanguage\":\"fr-FR\",\"potentialAction\":[{\"@type\":\"ReadAction\",\"target\":[\"https:\/\/vosgesinfo.fr\/remiremontinfo\/2025\/04\/epinal-un-eleve-grievement-blesse-apres-une-chute-du-4e-etage-au-college-clemenceau\/\"]}]},{\"@type\":\"ImageObject\",\"inLanguage\":\"fr-FR\",\"@id\":\"https:\/\/vosgesinfo.fr\/remiremontinfo\/2025\/04\/epinal-un-eleve-grievement-blesse-apres-une-chute-du-4e-etage-au-college-clemenceau\/#primaryimage\",\"url\":\"https:\/\/vosgesinfo.fr\/app\/uploads\/sites\/5\/2025\/04\/college-clemenceau-epinal.jpg\",\"contentUrl\":\"https:\/\/vosgesinfo.fr\/app\/uploads\/sites\/5\/2025\/04\/college-clemenceau-epinal.jpg\",\"width\":1170,\"height\":466},{\"@type\":\"BreadcrumbList\",\"@id\":\"https:\/\/vosgesinfo.fr\/remiremontinfo\/2025\/04\/epinal-un-eleve-grievement-blesse-apres-une-chute-du-4e-etage-au-college-clemenceau\/#breadcrumb\",\"itemListElement\":[{\"@type\":\"ListItem\",\"position\":1,\"name\":\"Home\",\"item\":\"https:\/\/vosgesinfo.fr\/remiremontinfo\/\"},{\"@type\":\"ListItem\",\"position\":2,\"name\":\"\u00c9pinal : un \u00e9l\u00e8ve gri\u00e8vement bless\u00e9 apr\u00e8s une chute du 4e \u00e9tage au coll\u00e8ge Clemenceau\"}]},{\"@type\":\"WebSite\",\"@id\":\"https:\/\/vosgesinfo.fr\/remiremontinfo\/#website\",\"url\":\"https:\/\/vosgesinfo.fr\/remiremontinfo\/\",\"name\":\"Remiremont Info\",\"description\":\"Toute l&#039;actualit\u00e9 de Remiremont\",\"publisher\":{\"@id\":\"https:\/\/vosgesinfo.fr\/remiremontinfo\/#organization\"},\"alternateName\":\"Toute l'actualit\u00e9 de Remiremont\",\"potentialAction\":[{\"@type\":\"SearchAction\",\"target\":{\"@type\":\"EntryPoint\",\"urlTemplate\":\"https:\/\/vosgesinfo.fr\/remiremontinfo\/?s={search_term_string}\"},\"query-input\":\"required name=search_term_string\"}],\"inLanguage\":\"fr-FR\"},{\"@type\":\"Organization\",\"@id\":\"https:\/\/vosgesinfo.fr\/remiremontinfo\/#organization\",\"name\":\"Remiremont Info\",\"url\":\"https:\/\/vosgesinfo.fr\/remiremontinfo\/\",\"logo\":{\"@type\":\"ImageObject\",\"inLanguage\":\"fr-FR\",\"@id\":\"https:\/\/vosgesinfo.fr\/remiremontinfo\/#\/schema\/logo\/image\/\",\"url\":\"https:\/\/vosgesinfo.fr\/app\/uploads\/sites\/5\/2023\/08\/favicon-remiremontinfo.png\",\"contentUrl\":\"https:\/\/vosgesinfo.fr\/app\/uploads\/sites\/5\/2023\/08\/favicon-remiremontinfo.png\",\"width\":512,\"height\":512,\"caption\":\"Remiremont Info\"},\"image\":{\"@id\":\"https:\/\/vosgesinfo.fr\/remiremontinfo\/#\/schema\/logo\/image\/\"},\"sameAs\":[\"https:\/\/www.facebook.com\/remiremontinfo\",\"https:\/\/x.com\/VosgesInfo88\",\"https:\/\/www.youtube.com\/@vosgesinfo\"]},{\"@type\":\"Person\",\"@id\":\"https:\/\/vosgesinfo.fr\/remiremontinfo\/#\/schema\/person\/6f9a650eeea99d969b6c4ab78fccbe81\",\"name\":\"C.K.\",\"image\":{\"@type\":\"ImageObject\",\"inLanguage\":\"fr-FR\",\"@id\":\"https:\/\/vosgesinfo.fr\/remiremontinfo\/#\/schema\/person\/image\/\",\"url\":\"https:\/\/secure.gravatar.com\/avatar\/48e3fc7f8421ba8942be6b74a2b7f014ca39bc00dece156b7a8e098ae7dc87bf?s=96&d=mm&r=g\",\"contentUrl\":\"https:\/\/secure.gravatar.com\/avatar\/48e3fc7f8421ba8942be6b74a2b7f014ca39bc00dece156b7a8e098ae7dc87bf?s=96&d=mm&r=g\",\"caption\":\"C.K.\"},\"url\":\"https:\/\/vosgesinfo.fr\/remiremontinfo\/author\/celia-k-n\/\"}]}<\/script>\n<!-- \/ Yoast SEO plugin. -->","yoast_head_json":{"title":"\u00c9pinal : un \u00e9l\u00e8ve gri\u00e8vement bless\u00e9 apr\u00e8s une chute du 4e \u00e9tage au coll\u00e8ge Clemenceau - Remiremont Info","robots":{"index":"index","follow":"follow","max-snippet":"max-snippet:-1","max-image-preview":"max-image-preview:large","max-video-preview":"max-video-preview:-1"},"canonical":"https:\/\/vosgesinfo.fr\/remiremontinfo\/2025\/04\/epinal-un-eleve-grievement-blesse-apres-une-chute-du-4e-etage-au-college-clemenceau\/","twitter_card":"summary_large_image","twitter_title":"\u00c9pinal : un \u00e9l\u00e8ve gri\u00e8vement bless\u00e9 apr\u00e8s une chute du 4e \u00e9tage au coll\u00e8ge Clemenceau - Remiremont Info","twitter_description":"Ce vendredi matin, un grave incident s\u2019est produit au coll\u00e8ge Clemenceau d\u2019\u00c9pinal. Un \u00e9l\u00e8ve de 14 ans a chut\u00e9 du [&hellip;]","twitter_image":"https:\/\/vosgesinfo.fr\/app\/uploads\/sites\/5\/2025\/04\/college-clemenceau-epinal.jpg","twitter_creator":"@VosgesInfo88","twitter_site":"@VosgesInfo88","twitter_misc":{"\u00c9crit par":"C.K.","Dur\u00e9e de lecture estim\u00e9e":"1 minute"},"schema":{"@context":"https:\/\/schema.org","@graph":[{"@type":"Article","@id":"https:\/\/vosgesinfo.fr\/remiremontinfo\/2025\/04\/epinal-un-eleve-grievement-blesse-apres-une-chute-du-4e-etage-au-college-clemenceau\/#article","isPartOf":{"@id":"https:\/\/vosgesinfo.fr\/remiremontinfo\/2025\/04\/epinal-un-eleve-grievement-blesse-apres-une-chute-du-4e-etage-au-college-clemenceau\/"},"author":{"name":"C.K.","@id":"https:\/\/vosgesinfo.fr\/remiremontinfo\/#\/schema\/person\/6f9a650eeea99d969b6c4ab78fccbe81"},"headline":"\u00c9pinal : un \u00e9l\u00e8ve gri\u00e8vement bless\u00e9 apr\u00e8s une chute du 4e \u00e9tage au coll\u00e8ge Clemenceau","datePublished":"2025-04-04T10:50:21+00:00","dateModified":"2025-04-04T10:50:21+00:00","mainEntityOfPage":{"@id":"https:\/\/vosgesinfo.fr\/remiremontinfo\/2025\/04\/epinal-un-eleve-grievement-blesse-apres-une-chute-du-4e-etage-au-college-clemenceau\/"},"wordCount":191,"commentCount":0,"publisher":{"@id":"https:\/\/vosgesinfo.fr\/remiremontinfo\/#organization"},"image":{"@id":"https:\/\/vosgesinfo.fr\/remiremontinfo\/2025\/04\/epinal-un-eleve-grievement-blesse-apres-une-chute-du-4e-etage-au-college-clemenceau\/#primaryimage"},"thumbnailUrl":"https:\/\/vosgesinfo.fr\/app\/uploads\/sites\/5\/2025\/04\/college-clemenceau-epinal.jpg","keywords":["chute d'un \u00e9l\u00e8ve","coll\u00e8ge cl\u00e9menceau","\u00e9pinal","Faits divers","Vosges"],"articleSection":["A la Une","Epinal","Fait Divers","Faits-divers","G\u00e9rardmer","La plaine des vosges","Remiremont","Saint-di\u00e9"],"inLanguage":"fr-FR","potentialAction":[{"@type":"CommentAction","name":"Comment","target":["https:\/\/vosgesinfo.fr\/remiremontinfo\/2025\/04\/epinal-un-eleve-grievement-blesse-apres-une-chute-du-4e-etage-au-college-clemenceau\/#respond"]}]},{"@type":"WebPage","@id":"https:\/\/vosgesinfo.fr\/remiremontinfo\/2025\/04\/epinal-un-eleve-grievement-blesse-apres-une-chute-du-4e-etage-au-college-clemenceau\/","url":"https:\/\/vosgesinfo.fr\/remiremontinfo\/2025\/04\/epinal-un-eleve-grievement-blesse-apres-une-chute-du-4e-etage-au-college-clemenceau\/","name":"\u00c9pinal : un \u00e9l\u00e8ve gri\u00e8vement bless\u00e9 apr\u00e8s une chute du 4e \u00e9tage au coll\u00e8ge Clemenceau - Remiremont Info","isPartOf":{"@id":"https:\/\/vosgesinfo.fr\/remiremontinfo\/#website"},"primaryImageOfPage":{"@id":"https:\/\/vosgesinfo.fr\/remiremontinfo\/2025\/04\/epinal-un-eleve-grievement-blesse-apres-une-chute-du-4e-etage-au-college-clemenceau\/#primaryimage"},"image":{"@id":"https:\/\/vosgesinfo.fr\/remiremontinfo\/2025\/04\/epinal-un-eleve-grievement-blesse-apres-une-chute-du-4e-etage-au-college-clemenceau\/#primaryimage"},"thumbnailUrl":"https:\/\/vosgesinfo.fr\/app\/uploads\/sites\/5\/2025\/04\/college-clemenceau-epinal.jpg","datePublished":"2025-04-04T10:50:21+00:00","dateModified":"2025-04-04T10:50:21+00:00","breadcrumb":{"@id":"https:\/\/vosgesinfo.fr\/remiremontinfo\/2025\/04\/epinal-un-eleve-grievement-blesse-apres-une-chute-du-4e-etage-au-college-clemenceau\/#breadcrumb"},"inLanguage":"fr-FR","potentialAction":[{"@type":"ReadAction","target":["https:\/\/vosgesinfo.fr\/remiremontinfo\/2025\/04\/epinal-un-eleve-grievement-blesse-apres-une-chute-du-4e-etage-au-college-clemenceau\/"]}]},{"@type":"ImageObject","inLanguage":"fr-FR","@id":"https:\/\/vosgesinfo.fr\/remiremontinfo\/2025\/04\/epinal-un-eleve-grievement-blesse-apres-une-chute-du-4e-etage-au-college-clemenceau\/#primaryimage","url":"https:\/\/vosgesinfo.fr\/app\/uploads\/sites\/5\/2025\/04\/college-clemenceau-epinal.jpg","contentUrl":"https:\/\/vosgesinfo.fr\/app\/uploads\/sites\/5\/2025\/04\/college-clemenceau-epinal.jpg","width":1170,"height":466},{"@type":"BreadcrumbList","@id":"https:\/\/vosgesinfo.fr\/remiremontinfo\/2025\/04\/epinal-un-eleve-grievement-blesse-apres-une-chute-du-4e-etage-au-college-clemenceau\/#breadcrumb","itemListElement":[{"@type":"ListItem","position":1,"name":"Home","item":"https:\/\/vosgesinfo.fr\/remiremontinfo\/"},{"@type":"ListItem","position":2,"name":"\u00c9pinal : un \u00e9l\u00e8ve gri\u00e8vement bless\u00e9 apr\u00e8s une chute du 4e \u00e9tage au coll\u00e8ge Clemenceau"}]},{"@type":"WebSite","@id":"https:\/\/vosgesinfo.fr\/remiremontinfo\/#website","url":"https:\/\/vosgesinfo.fr\/remiremontinfo\/","name":"Remiremont Info","description":"Toute l&#039;actualit\u00e9 de Remiremont","publisher":{"@id":"https:\/\/vosgesinfo.fr\/remiremontinfo\/#organization"},"alternateName":"Toute l'actualit\u00e9 de Remiremont","potentialAction":[{"@type":"SearchAction","target":{"@type":"EntryPoint","urlTemplate":"https:\/\/vosgesinfo.fr\/remiremontinfo\/?s={search_term_string}"},"query-input":"required name=search_term_string"}],"inLanguage":"fr-FR"},{"@type":"Organization","@id":"https:\/\/vosgesinfo.fr\/remiremontinfo\/#organization","name":"Remiremont Info","url":"https:\/\/vosgesinfo.fr\/remiremontinfo\/","logo":{"@type":"ImageObject","inLanguage":"fr-FR","@id":"https:\/\/vosgesinfo.fr\/remiremontinfo\/#\/schema\/logo\/image\/","url":"https:\/\/vosgesinfo.fr\/app\/uploads\/sites\/5\/2023\/08\/favicon-remiremontinfo.png","contentUrl":"https:\/\/vosgesinfo.fr\/app\/uploads\/sites\/5\/2023\/08\/favicon-remiremontinfo.png","width":512,"height":512,"caption":"Remiremont Info"},"image":{"@id":"https:\/\/vosgesinfo.fr\/remiremontinfo\/#\/schema\/logo\/image\/"},"sameAs":["https:\/\/www.facebook.com\/remiremontinfo","https:\/\/x.com\/VosgesInfo88","https:\/\/www.youtube.com\/@vosgesinfo"]},{"@type":"Person","@id":"https:\/\/vosgesinfo.fr\/remiremontinfo\/#\/schema\/person\/6f9a650eeea99d969b6c4ab78fccbe81","name":"C.K.","image":{"@type":"ImageObject","inLanguage":"fr-FR","@id":"https:\/\/vosgesinfo.fr\/remiremontinfo\/#\/schema\/person\/image\/","url":"https:\/\/secure.gravatar.com\/avatar\/48e3fc7f8421ba8942be6b74a2b7f014ca39bc00dece156b7a8e098ae7dc87bf?s=96&d=mm&r=g","contentUrl":"https:\/\/secure.gravatar.com\/avatar\/48e3fc7f8421ba8942be6b74a2b7f014ca39bc00dece156b7a8e098ae7dc87bf?s=96&d=mm&r=g","caption":"C.K."},"url":"https:\/\/vosgesinfo.fr\/remiremontinfo\/author\/celia-k-n\/"}]}},"_links":{"self":[{"href":"https:\/\/vosgesinfo.fr\/remiremontinfo\/wp-json\/wp\/v2\/posts\/80414","targetHints":{"allow":["GET"]}}],"collection":[{"href":"https:\/\/vosgesinfo.fr\/remiremontinfo\/wp-json\/wp\/v2\/posts"}],"about":[{"href":"https:\/\/vosgesinfo.fr\/remiremontinfo\/wp-json\/wp\/v2\/types\/post"}],"author":[{"embeddable":true,"href":"https:\/\/vosgesinfo.fr\/remiremontinfo\/wp-json\/wp\/v2\/users\/52"}],"replies":[{"embeddable":true,"href":"https:\/\/vosgesinfo.fr\/remiremontinfo\/wp-json\/wp\/v2\/comments?post=80414"}],"version-history":[{"count":0,"href":"https:\/\/vosgesinfo.fr\/remiremontinfo\/wp-json\/wp\/v2\/posts\/80414\/revisions"}],"wp:featuredmedia":[{"embeddable":true,"href":"https:\/\/vosgesinfo.fr\/remiremontinfo\/wp-json\/wp\/v2\/media\/80415"}],"wp:attachment":[{"href":"https:\/\/vosgesinfo.fr\/remiremontinfo\/wp-json\/wp\/v2\/media?parent=80414"}],"wp:term":[{"taxonomy":"category","embeddable":true,"href":"https:\/\/vosgesinfo.fr\/remiremontinfo\/wp-json\/wp\/v2\/categories?post=80414"},{"taxonomy":"post_tag","embeddable":true,"href":"https:\/\/vosgesinfo.fr\/remiremontinfo\/wp-json\/wp\/v2\/tags?post=80414"}],"curies":[{"name":"wp","href":"https:\/\/api.w.org\/{rel}","templated":true}]}}