{"id":80416,"date":"2025-04-04T13:50:18","date_gmt":"2025-04-04T11:50:18","guid":{"rendered":"https:\/\/vosgesinfo.fr\/remiremontinfo\/?p=80416"},"modified":"2025-04-04T13:50:18","modified_gmt":"2025-04-04T11:50:18","slug":"vacances-forcees-un-feel-good-movie-pour-un-avant-gout-de-lete","status":"publish","type":"post","link":"https:\/\/vosgesinfo.fr\/remiremontinfo\/2025\/04\/vacances-forcees-un-feel-good-movie-pour-un-avant-gout-de-lete\/","title":{"rendered":"\u00ab\u00a0Vacances Forc\u00e9es\u00a0\u00bb : un feel good movie pour un avant-go\u00fbt de l&rsquo;\u00e9t\u00e9"},"content":{"rendered":"<div id=\"attachment_76401\" style=\"width: 1034px\" class=\"wp-caption aligncenter\"><a href=\"https:\/\/vosgesinfo.fr\/app\/uploads\/sites\/6\/2025\/04\/stephan-archinard-et-francois-prevot-leygonie-rencontres-du-cinema.jpg\"><img decoding=\"async\" aria-describedby=\"caption-attachment-76401\" class=\"size-large wp-image-76401\" src=\"https:\/\/vosgesinfo.fr\/app\/uploads\/sites\/6\/2025\/04\/stephan-archinard-et-francois-prevot-leygonie-rencontres-du-cinema-1024x768.jpg\" alt=\"\" width=\"1024\" height=\"768\" \/><\/a><p id=\"caption-attachment-76401\" class=\"wp-caption-text\">Stephan Archinard et Fran\u00e7ois Prevot -Leygonie.<\/p><\/div>\n<p>&nbsp;<\/p>\n<h3 data-pm-slice=\"1 1 []\">Les Rencontres du Cin\u00e9ma se sont (presque !) achev\u00e9es ce jeudi soir au cin\u00e9ma du casino \u00e0 l&rsquo;occasion de la projection de \u00ab\u00a0Vacances forc\u00e9es\u00a0\u00bb de Stephan Archinard et Fran\u00e7ois Pr\u00e9v\u00f4t-Leygonie. Une com\u00e9die fran\u00e7aise qui sent bon les vacances, comme son nom l&rsquo;indique, avec notamment Aure Atika, Clovis Cornillac, Bertrand Usclat, Pauline Cl\u00e9ment et Laurent Stocker.<\/h3>\n<div id=\"attachment_76399\" style=\"width: 310px\" class=\"wp-caption alignright\"><a href=\"https:\/\/vosgesinfo.fr\/app\/uploads\/sites\/6\/2025\/04\/denis-blum-et-eric-tisserant-rencontres-du-cinema-gerardmer.jpg\"><img decoding=\"async\" aria-describedby=\"caption-attachment-76399\" class=\"size-medium wp-image-76399\" src=\"https:\/\/vosgesinfo.fr\/app\/uploads\/sites\/6\/2025\/04\/denis-blum-et-eric-tisserant-rencontres-du-cinema-gerardmer-300x225.jpg\" alt=\"\" width=\"300\" height=\"225\" \/><\/a><p id=\"caption-attachment-76399\" class=\"wp-caption-text\">Denis Blum et Eric Tisserant.<\/p><\/div>\n<p>En pr\u00e9ambule, le vice-pr\u00e9sident de l&rsquo;Office de Tourisme Intercommunal Eric Tisserant a eu le plaisir de monter sur sc\u00e8ne en compagnie de Denis Blum afin de proc\u00e9der aux traditionnels remerciements : au public et aux exploitants de salle bien entendu, \u00e0 Jean, Elie et Arnaud qui accompagne les \u00e9quipes de films sur sc\u00e8ne et pr\u00e9sente les films au programme, \u00e0 l&rsquo;association des Cin\u00e9mas Ind\u00e9pendants du Grand Est, au casino Joa, h\u00f4te de ces Rencontres, et \u00e0 toute l&rsquo;\u00e9quipe de l&rsquo;office de tourisme, avec une mention sp\u00e9ciale pour Blandine, Val\u00e9rie, Patricia et la directrice Florence Dupont, le tout sans oublier le lyc\u00e9e h\u00f4telier et ses jeunes qui \u00e9taient pr\u00e9sent pour le service tout au long de cette \u00e9dition.<\/p>\n<p>Mais revenons-en au film : tourn\u00e9 dans le secteur de La Rochelle en plein \u00e9t\u00e9 (une performance en soi !), \u00ab\u00a0Vacances forc\u00e9es\u00a0\u00bb est une bonne com\u00e9die made in France r\u00e9alis\u00e9e par deux amis qui travaillent ensemble au cin\u00e9 et au th\u00e9\u00e2tre depuis 30 ans. Le duo partage une passion pour le cin\u00e9ma fran\u00e7ais et italien des ann\u00e9es 70 et Jean-Loup Dabadie. Pour \u00ab\u00a0Vacances forc\u00e9es\u00a0\u00bb, ils ont jou\u00e9 la carte du choc des cultures et des classes sociales, de la diff\u00e9rence \u00e0 surmonter et \u00e0 accepter pour finalement passer de bonnes vacances ! Le pitch est simple : deux familles que tout oppose ainsi qu&rsquo;un \u00e9diteur et une influenceuse qu&rsquo;il souhaite publier se retrouvent par erreur dans la m\u00eame villa\u2026<\/p>\n<p>Le vivre ensemble et la lutte de classe \u00e9ternelle sont des \u00e9l\u00e9ments importants sans \u00eatre redondants, l&rsquo;opposition entre les diff\u00e9rents personnages et l&rsquo;alchimie entre les com\u00e9diens font le reste : on passe un bon moment avec, comme sorte de fil rouge, comme une cerise sur un g\u00e2teau, G\u00e9rard Lenorman. \u00ab\u00a0Le film aurait d&rsquo;ailleurs pu s&rsquo;appeler <em>La balade des gens heureux<\/em>, on y a pens\u00e9\u00a0\u00bb pr\u00e9cisent les r\u00e9alisateurs. Rendez-vous le 11 juin pour d\u00e9couvrir ce feel-good movie estival qui vous donnera envie d&rsquo;\u00eatre heureux en vacances, vous aussi !<\/p>\n","protected":false},"excerpt":{"rendered":"<p>&nbsp; Les Rencontres du Cin\u00e9ma se sont (presque !) achev\u00e9es ce jeudi soir au cin\u00e9ma du casino \u00e0 l&rsquo;occasion de [&hellip;]<\/p>\n","protected":false},"author":42,"featured_media":80417,"comment_status":"open","ping_status":"open","sticky":false,"template":"","format":"standard","meta":{"footnotes":""},"categories":[26,4,108,62,845,43,362],"tags":[6194,7647,7648],"class_list":["post-80416","post","type-post","status-publish","format-standard","has-post-thumbnail","hentry","category-a-la-une","category-culture","category-epinal","category-gerardmer","category-la-plaine-des-vosges","category-remiremont-remiremont-son-canton","category-saint-die","tag-rencontres-du-cinema","tag-stephan-archinard","tag-vacances-forcees"],"acf":[],"yoast_head":"<!-- This site is optimized with the Yoast SEO plugin v22.5 - https:\/\/yoast.com\/wordpress\/plugins\/seo\/ -->\n<title>&quot;Vacances Forc\u00e9es&quot; : un feel good movie pour un avant-go\u00fbt de l&#039;\u00e9t\u00e9 - Remiremont Info<\/title>\n<meta name=\"robots\" content=\"index, follow, max-snippet:-1, max-image-preview:large, max-video-preview:-1\" \/>\n<link rel=\"canonical\" href=\"https:\/\/vosgesinfo.fr\/remiremontinfo\/2025\/04\/vacances-forcees-un-feel-good-movie-pour-un-avant-gout-de-lete\/\" \/>\n<meta name=\"twitter:card\" content=\"summary_large_image\" \/>\n<meta name=\"twitter:title\" content=\"&quot;Vacances Forc\u00e9es&quot; : un feel good movie pour un avant-go\u00fbt de l&#039;\u00e9t\u00e9 - Remiremont Info\" \/>\n<meta name=\"twitter:description\" content=\"&nbsp; Les Rencontres du Cin\u00e9ma se sont (presque !) achev\u00e9es ce jeudi soir au cin\u00e9ma du casino \u00e0 l&rsquo;occasion de [&hellip;]\" \/>\n<meta name=\"twitter:image\" content=\"https:\/\/vosgesinfo.fr\/app\/uploads\/sites\/5\/2025\/04\/stephan-archinard-et-francois-prevot-leygonie-rencontres-du-cinema.jpg\" \/>\n<meta name=\"twitter:creator\" content=\"@VosgesInfo88\" \/>\n<meta name=\"twitter:site\" content=\"@VosgesInfo88\" \/>\n<meta name=\"twitter:label1\" content=\"\u00c9crit par\" \/>\n\t<meta name=\"twitter:data1\" content=\"QG\" \/>\n\t<meta name=\"twitter:label2\" content=\"Dur\u00e9e de lecture estim\u00e9e\" \/>\n\t<meta name=\"twitter:data2\" content=\"2 minutes\" \/>\n<script type=\"application\/ld+json\" class=\"yoast-schema-graph\">{\"@context\":\"https:\/\/schema.org\",\"@graph\":[{\"@type\":\"Article\",\"@id\":\"https:\/\/vosgesinfo.fr\/remiremontinfo\/2025\/04\/vacances-forcees-un-feel-good-movie-pour-un-avant-gout-de-lete\/#article\",\"isPartOf\":{\"@id\":\"https:\/\/vosgesinfo.fr\/remiremontinfo\/2025\/04\/vacances-forcees-un-feel-good-movie-pour-un-avant-gout-de-lete\/\"},\"author\":{\"name\":\"QG\",\"@id\":\"https:\/\/vosgesinfo.fr\/remiremontinfo\/#\/schema\/person\/db5605779a843dad16b5368f3e7613a5\"},\"headline\":\"\u00ab\u00a0Vacances Forc\u00e9es\u00a0\u00bb : un feel good movie pour un avant-go\u00fbt de l&rsquo;\u00e9t\u00e9\",\"datePublished\":\"2025-04-04T11:50:18+00:00\",\"dateModified\":\"2025-04-04T11:50:18+00:00\",\"mainEntityOfPage\":{\"@id\":\"https:\/\/vosgesinfo.fr\/remiremontinfo\/2025\/04\/vacances-forcees-un-feel-good-movie-pour-un-avant-gout-de-lete\/\"},\"wordCount\":459,\"commentCount\":0,\"publisher\":{\"@id\":\"https:\/\/vosgesinfo.fr\/remiremontinfo\/#organization\"},\"image\":{\"@id\":\"https:\/\/vosgesinfo.fr\/remiremontinfo\/2025\/04\/vacances-forcees-un-feel-good-movie-pour-un-avant-gout-de-lete\/#primaryimage\"},\"thumbnailUrl\":\"https:\/\/vosgesinfo.fr\/app\/uploads\/sites\/5\/2025\/04\/stephan-archinard-et-francois-prevot-leygonie-rencontres-du-cinema.jpg\",\"keywords\":[\"rencontres du cin\u00e9ma\",\"Stephan Archinard\",\"Vacances Forc\u00e9es\"],\"articleSection\":[\"A la Une\",\"Culture\",\"Epinal\",\"G\u00e9rardmer\",\"La plaine des vosges\",\"Remiremont\",\"Saint-di\u00e9\"],\"inLanguage\":\"fr-FR\",\"potentialAction\":[{\"@type\":\"CommentAction\",\"name\":\"Comment\",\"target\":[\"https:\/\/vosgesinfo.fr\/remiremontinfo\/2025\/04\/vacances-forcees-un-feel-good-movie-pour-un-avant-gout-de-lete\/#respond\"]}]},{\"@type\":\"WebPage\",\"@id\":\"https:\/\/vosgesinfo.fr\/remiremontinfo\/2025\/04\/vacances-forcees-un-feel-good-movie-pour-un-avant-gout-de-lete\/\",\"url\":\"https:\/\/vosgesinfo.fr\/remiremontinfo\/2025\/04\/vacances-forcees-un-feel-good-movie-pour-un-avant-gout-de-lete\/\",\"name\":\"\\\"Vacances Forc\u00e9es\\\" : un feel good movie pour un avant-go\u00fbt de l'\u00e9t\u00e9 - Remiremont Info\",\"isPartOf\":{\"@id\":\"https:\/\/vosgesinfo.fr\/remiremontinfo\/#website\"},\"primaryImageOfPage\":{\"@id\":\"https:\/\/vosgesinfo.fr\/remiremontinfo\/2025\/04\/vacances-forcees-un-feel-good-movie-pour-un-avant-gout-de-lete\/#primaryimage\"},\"image\":{\"@id\":\"https:\/\/vosgesinfo.fr\/remiremontinfo\/2025\/04\/vacances-forcees-un-feel-good-movie-pour-un-avant-gout-de-lete\/#primaryimage\"},\"thumbnailUrl\":\"https:\/\/vosgesinfo.fr\/app\/uploads\/sites\/5\/2025\/04\/stephan-archinard-et-francois-prevot-leygonie-rencontres-du-cinema.jpg\",\"datePublished\":\"2025-04-04T11:50:18+00:00\",\"dateModified\":\"2025-04-04T11:50:18+00:00\",\"breadcrumb\":{\"@id\":\"https:\/\/vosgesinfo.fr\/remiremontinfo\/2025\/04\/vacances-forcees-un-feel-good-movie-pour-un-avant-gout-de-lete\/#breadcrumb\"},\"inLanguage\":\"fr-FR\",\"potentialAction\":[{\"@type\":\"ReadAction\",\"target\":[\"https:\/\/vosgesinfo.fr\/remiremontinfo\/2025\/04\/vacances-forcees-un-feel-good-movie-pour-un-avant-gout-de-lete\/\"]}]},{\"@type\":\"ImageObject\",\"inLanguage\":\"fr-FR\",\"@id\":\"https:\/\/vosgesinfo.fr\/remiremontinfo\/2025\/04\/vacances-forcees-un-feel-good-movie-pour-un-avant-gout-de-lete\/#primaryimage\",\"url\":\"https:\/\/vosgesinfo.fr\/app\/uploads\/sites\/5\/2025\/04\/stephan-archinard-et-francois-prevot-leygonie-rencontres-du-cinema.jpg\",\"contentUrl\":\"https:\/\/vosgesinfo.fr\/app\/uploads\/sites\/5\/2025\/04\/stephan-archinard-et-francois-prevot-leygonie-rencontres-du-cinema.jpg\",\"width\":2040,\"height\":1530},{\"@type\":\"BreadcrumbList\",\"@id\":\"https:\/\/vosgesinfo.fr\/remiremontinfo\/2025\/04\/vacances-forcees-un-feel-good-movie-pour-un-avant-gout-de-lete\/#breadcrumb\",\"itemListElement\":[{\"@type\":\"ListItem\",\"position\":1,\"name\":\"Home\",\"item\":\"https:\/\/vosgesinfo.fr\/remiremontinfo\/\"},{\"@type\":\"ListItem\",\"position\":2,\"name\":\"\u00ab\u00a0Vacances Forc\u00e9es\u00a0\u00bb : un feel good movie pour un avant-go\u00fbt de l&rsquo;\u00e9t\u00e9\"}]},{\"@type\":\"WebSite\",\"@id\":\"https:\/\/vosgesinfo.fr\/remiremontinfo\/#website\",\"url\":\"https:\/\/vosgesinfo.fr\/remiremontinfo\/\",\"name\":\"Remiremont Info\",\"description\":\"Toute l&#039;actualit\u00e9 de Remiremont\",\"publisher\":{\"@id\":\"https:\/\/vosgesinfo.fr\/remiremontinfo\/#organization\"},\"alternateName\":\"Toute l'actualit\u00e9 de Remiremont\",\"potentialAction\":[{\"@type\":\"SearchAction\",\"target\":{\"@type\":\"EntryPoint\",\"urlTemplate\":\"https:\/\/vosgesinfo.fr\/remiremontinfo\/?s={search_term_string}\"},\"query-input\":\"required name=search_term_string\"}],\"inLanguage\":\"fr-FR\"},{\"@type\":\"Organization\",\"@id\":\"https:\/\/vosgesinfo.fr\/remiremontinfo\/#organization\",\"name\":\"Remiremont Info\",\"url\":\"https:\/\/vosgesinfo.fr\/remiremontinfo\/\",\"logo\":{\"@type\":\"ImageObject\",\"inLanguage\":\"fr-FR\",\"@id\":\"https:\/\/vosgesinfo.fr\/remiremontinfo\/#\/schema\/logo\/image\/\",\"url\":\"https:\/\/vosgesinfo.fr\/app\/uploads\/sites\/5\/2023\/08\/favicon-remiremontinfo.png\",\"contentUrl\":\"https:\/\/vosgesinfo.fr\/app\/uploads\/sites\/5\/2023\/08\/favicon-remiremontinfo.png\",\"width\":512,\"height\":512,\"caption\":\"Remiremont Info\"},\"image\":{\"@id\":\"https:\/\/vosgesinfo.fr\/remiremontinfo\/#\/schema\/logo\/image\/\"},\"sameAs\":[\"https:\/\/www.facebook.com\/remiremontinfo\",\"https:\/\/x.com\/VosgesInfo88\",\"https:\/\/www.youtube.com\/@vosgesinfo\"]},{\"@type\":\"Person\",\"@id\":\"https:\/\/vosgesinfo.fr\/remiremontinfo\/#\/schema\/person\/db5605779a843dad16b5368f3e7613a5\",\"name\":\"QG\",\"image\":{\"@type\":\"ImageObject\",\"inLanguage\":\"fr-FR\",\"@id\":\"https:\/\/vosgesinfo.fr\/remiremontinfo\/#\/schema\/person\/image\/\",\"url\":\"https:\/\/secure.gravatar.com\/avatar\/ea80c42c204b534408512832fde52504ecabb9706bcb6151cf6175e5b64e6793?s=96&d=mm&r=g\",\"contentUrl\":\"https:\/\/secure.gravatar.com\/avatar\/ea80c42c204b534408512832fde52504ecabb9706bcb6151cf6175e5b64e6793?s=96&d=mm&r=g\",\"caption\":\"QG\"},\"url\":\"https:\/\/vosgesinfo.fr\/remiremontinfo\/author\/quentin88\/\"}]}<\/script>\n<!-- \/ Yoast SEO plugin. -->","yoast_head_json":{"title":"\"Vacances Forc\u00e9es\" : un feel good movie pour un avant-go\u00fbt de l'\u00e9t\u00e9 - Remiremont Info","robots":{"index":"index","follow":"follow","max-snippet":"max-snippet:-1","max-image-preview":"max-image-preview:large","max-video-preview":"max-video-preview:-1"},"canonical":"https:\/\/vosgesinfo.fr\/remiremontinfo\/2025\/04\/vacances-forcees-un-feel-good-movie-pour-un-avant-gout-de-lete\/","twitter_card":"summary_large_image","twitter_title":"\"Vacances Forc\u00e9es\" : un feel good movie pour un avant-go\u00fbt de l'\u00e9t\u00e9 - Remiremont Info","twitter_description":"&nbsp; Les Rencontres du Cin\u00e9ma se sont (presque !) achev\u00e9es ce jeudi soir au cin\u00e9ma du casino \u00e0 l&rsquo;occasion de [&hellip;]","twitter_image":"https:\/\/vosgesinfo.fr\/app\/uploads\/sites\/5\/2025\/04\/stephan-archinard-et-francois-prevot-leygonie-rencontres-du-cinema.jpg","twitter_creator":"@VosgesInfo88","twitter_site":"@VosgesInfo88","twitter_misc":{"\u00c9crit par":"QG","Dur\u00e9e de lecture estim\u00e9e":"2 minutes"},"schema":{"@context":"https:\/\/schema.org","@graph":[{"@type":"Article","@id":"https:\/\/vosgesinfo.fr\/remiremontinfo\/2025\/04\/vacances-forcees-un-feel-good-movie-pour-un-avant-gout-de-lete\/#article","isPartOf":{"@id":"https:\/\/vosgesinfo.fr\/remiremontinfo\/2025\/04\/vacances-forcees-un-feel-good-movie-pour-un-avant-gout-de-lete\/"},"author":{"name":"QG","@id":"https:\/\/vosgesinfo.fr\/remiremontinfo\/#\/schema\/person\/db5605779a843dad16b5368f3e7613a5"},"headline":"\u00ab\u00a0Vacances Forc\u00e9es\u00a0\u00bb : un feel good movie pour un avant-go\u00fbt de l&rsquo;\u00e9t\u00e9","datePublished":"2025-04-04T11:50:18+00:00","dateModified":"2025-04-04T11:50:18+00:00","mainEntityOfPage":{"@id":"https:\/\/vosgesinfo.fr\/remiremontinfo\/2025\/04\/vacances-forcees-un-feel-good-movie-pour-un-avant-gout-de-lete\/"},"wordCount":459,"commentCount":0,"publisher":{"@id":"https:\/\/vosgesinfo.fr\/remiremontinfo\/#organization"},"image":{"@id":"https:\/\/vosgesinfo.fr\/remiremontinfo\/2025\/04\/vacances-forcees-un-feel-good-movie-pour-un-avant-gout-de-lete\/#primaryimage"},"thumbnailUrl":"https:\/\/vosgesinfo.fr\/app\/uploads\/sites\/5\/2025\/04\/stephan-archinard-et-francois-prevot-leygonie-rencontres-du-cinema.jpg","keywords":["rencontres du cin\u00e9ma","Stephan Archinard","Vacances Forc\u00e9es"],"articleSection":["A la Une","Culture","Epinal","G\u00e9rardmer","La plaine des vosges","Remiremont","Saint-di\u00e9"],"inLanguage":"fr-FR","potentialAction":[{"@type":"CommentAction","name":"Comment","target":["https:\/\/vosgesinfo.fr\/remiremontinfo\/2025\/04\/vacances-forcees-un-feel-good-movie-pour-un-avant-gout-de-lete\/#respond"]}]},{"@type":"WebPage","@id":"https:\/\/vosgesinfo.fr\/remiremontinfo\/2025\/04\/vacances-forcees-un-feel-good-movie-pour-un-avant-gout-de-lete\/","url":"https:\/\/vosgesinfo.fr\/remiremontinfo\/2025\/04\/vacances-forcees-un-feel-good-movie-pour-un-avant-gout-de-lete\/","name":"\"Vacances Forc\u00e9es\" : un feel good movie pour un avant-go\u00fbt de l'\u00e9t\u00e9 - Remiremont Info","isPartOf":{"@id":"https:\/\/vosgesinfo.fr\/remiremontinfo\/#website"},"primaryImageOfPage":{"@id":"https:\/\/vosgesinfo.fr\/remiremontinfo\/2025\/04\/vacances-forcees-un-feel-good-movie-pour-un-avant-gout-de-lete\/#primaryimage"},"image":{"@id":"https:\/\/vosgesinfo.fr\/remiremontinfo\/2025\/04\/vacances-forcees-un-feel-good-movie-pour-un-avant-gout-de-lete\/#primaryimage"},"thumbnailUrl":"https:\/\/vosgesinfo.fr\/app\/uploads\/sites\/5\/2025\/04\/stephan-archinard-et-francois-prevot-leygonie-rencontres-du-cinema.jpg","datePublished":"2025-04-04T11:50:18+00:00","dateModified":"2025-04-04T11:50:18+00:00","breadcrumb":{"@id":"https:\/\/vosgesinfo.fr\/remiremontinfo\/2025\/04\/vacances-forcees-un-feel-good-movie-pour-un-avant-gout-de-lete\/#breadcrumb"},"inLanguage":"fr-FR","potentialAction":[{"@type":"ReadAction","target":["https:\/\/vosgesinfo.fr\/remiremontinfo\/2025\/04\/vacances-forcees-un-feel-good-movie-pour-un-avant-gout-de-lete\/"]}]},{"@type":"ImageObject","inLanguage":"fr-FR","@id":"https:\/\/vosgesinfo.fr\/remiremontinfo\/2025\/04\/vacances-forcees-un-feel-good-movie-pour-un-avant-gout-de-lete\/#primaryimage","url":"https:\/\/vosgesinfo.fr\/app\/uploads\/sites\/5\/2025\/04\/stephan-archinard-et-francois-prevot-leygonie-rencontres-du-cinema.jpg","contentUrl":"https:\/\/vosgesinfo.fr\/app\/uploads\/sites\/5\/2025\/04\/stephan-archinard-et-francois-prevot-leygonie-rencontres-du-cinema.jpg","width":2040,"height":1530},{"@type":"BreadcrumbList","@id":"https:\/\/vosgesinfo.fr\/remiremontinfo\/2025\/04\/vacances-forcees-un-feel-good-movie-pour-un-avant-gout-de-lete\/#breadcrumb","itemListElement":[{"@type":"ListItem","position":1,"name":"Home","item":"https:\/\/vosgesinfo.fr\/remiremontinfo\/"},{"@type":"ListItem","position":2,"name":"\u00ab\u00a0Vacances Forc\u00e9es\u00a0\u00bb : un feel good movie pour un avant-go\u00fbt de l&rsquo;\u00e9t\u00e9"}]},{"@type":"WebSite","@id":"https:\/\/vosgesinfo.fr\/remiremontinfo\/#website","url":"https:\/\/vosgesinfo.fr\/remiremontinfo\/","name":"Remiremont Info","description":"Toute l&#039;actualit\u00e9 de Remiremont","publisher":{"@id":"https:\/\/vosgesinfo.fr\/remiremontinfo\/#organization"},"alternateName":"Toute l'actualit\u00e9 de Remiremont","potentialAction":[{"@type":"SearchAction","target":{"@type":"EntryPoint","urlTemplate":"https:\/\/vosgesinfo.fr\/remiremontinfo\/?s={search_term_string}"},"query-input":"required name=search_term_string"}],"inLanguage":"fr-FR"},{"@type":"Organization","@id":"https:\/\/vosgesinfo.fr\/remiremontinfo\/#organization","name":"Remiremont Info","url":"https:\/\/vosgesinfo.fr\/remiremontinfo\/","logo":{"@type":"ImageObject","inLanguage":"fr-FR","@id":"https:\/\/vosgesinfo.fr\/remiremontinfo\/#\/schema\/logo\/image\/","url":"https:\/\/vosgesinfo.fr\/app\/uploads\/sites\/5\/2023\/08\/favicon-remiremontinfo.png","contentUrl":"https:\/\/vosgesinfo.fr\/app\/uploads\/sites\/5\/2023\/08\/favicon-remiremontinfo.png","width":512,"height":512,"caption":"Remiremont Info"},"image":{"@id":"https:\/\/vosgesinfo.fr\/remiremontinfo\/#\/schema\/logo\/image\/"},"sameAs":["https:\/\/www.facebook.com\/remiremontinfo","https:\/\/x.com\/VosgesInfo88","https:\/\/www.youtube.com\/@vosgesinfo"]},{"@type":"Person","@id":"https:\/\/vosgesinfo.fr\/remiremontinfo\/#\/schema\/person\/db5605779a843dad16b5368f3e7613a5","name":"QG","image":{"@type":"ImageObject","inLanguage":"fr-FR","@id":"https:\/\/vosgesinfo.fr\/remiremontinfo\/#\/schema\/person\/image\/","url":"https:\/\/secure.gravatar.com\/avatar\/ea80c42c204b534408512832fde52504ecabb9706bcb6151cf6175e5b64e6793?s=96&d=mm&r=g","contentUrl":"https:\/\/secure.gravatar.com\/avatar\/ea80c42c204b534408512832fde52504ecabb9706bcb6151cf6175e5b64e6793?s=96&d=mm&r=g","caption":"QG"},"url":"https:\/\/vosgesinfo.fr\/remiremontinfo\/author\/quentin88\/"}]}},"_links":{"self":[{"href":"https:\/\/vosgesinfo.fr\/remiremontinfo\/wp-json\/wp\/v2\/posts\/80416","targetHints":{"allow":["GET"]}}],"collection":[{"href":"https:\/\/vosgesinfo.fr\/remiremontinfo\/wp-json\/wp\/v2\/posts"}],"about":[{"href":"https:\/\/vosgesinfo.fr\/remiremontinfo\/wp-json\/wp\/v2\/types\/post"}],"author":[{"embeddable":true,"href":"https:\/\/vosgesinfo.fr\/remiremontinfo\/wp-json\/wp\/v2\/users\/42"}],"replies":[{"embeddable":true,"href":"https:\/\/vosgesinfo.fr\/remiremontinfo\/wp-json\/wp\/v2\/comments?post=80416"}],"version-history":[{"count":0,"href":"https:\/\/vosgesinfo.fr\/remiremontinfo\/wp-json\/wp\/v2\/posts\/80416\/revisions"}],"wp:featuredmedia":[{"embeddable":true,"href":"https:\/\/vosgesinfo.fr\/remiremontinfo\/wp-json\/wp\/v2\/media\/80417"}],"wp:attachment":[{"href":"https:\/\/vosgesinfo.fr\/remiremontinfo\/wp-json\/wp\/v2\/media?parent=80416"}],"wp:term":[{"taxonomy":"category","embeddable":true,"href":"https:\/\/vosgesinfo.fr\/remiremontinfo\/wp-json\/wp\/v2\/categories?post=80416"},{"taxonomy":"post_tag","embeddable":true,"href":"https:\/\/vosgesinfo.fr\/remiremontinfo\/wp-json\/wp\/v2\/tags?post=80416"}],"curies":[{"name":"wp","href":"https:\/\/api.w.org\/{rel}","templated":true}]}}