{"id":80425,"date":"2025-04-04T16:00:46","date_gmt":"2025-04-04T14:00:46","guid":{"rendered":"https:\/\/vosgesinfo.fr\/remiremontinfo\/?p=80425"},"modified":"2025-04-04T15:16:25","modified_gmt":"2025-04-04T13:16:25","slug":"le-magasin-gifi-de-saint-etienne-les-remiremont-echappe-aux-fermetures-annoncees","status":"publish","type":"post","link":"https:\/\/vosgesinfo.fr\/remiremontinfo\/2025\/04\/le-magasin-gifi-de-saint-etienne-les-remiremont-echappe-aux-fermetures-annoncees\/","title":{"rendered":"Le magasin GiFi de Saint-\u00c9tienne-l\u00e8s-Remiremont \u00e9chappe aux fermetures annonc\u00e9es"},"content":{"rendered":"<div id=\"attachment_80426\" style=\"width: 1834px\" class=\"wp-caption aligncenter\"><a href=\"https:\/\/vosgesinfo.fr\/app\/uploads\/sites\/5\/2025\/04\/gifi-st-etienne.jpg\"><img decoding=\"async\" aria-describedby=\"caption-attachment-80426\" class=\"size-full wp-image-80426\" src=\"https:\/\/vosgesinfo.fr\/app\/uploads\/sites\/5\/2025\/04\/gifi-st-etienne.jpg\" alt=\"\" width=\"1824\" height=\"1084\" srcset=\"https:\/\/vosgesinfo.fr\/app\/uploads\/sites\/5\/2025\/04\/gifi-st-etienne.jpg 1824w, https:\/\/vosgesinfo.fr\/app\/uploads\/sites\/5\/2025\/04\/gifi-st-etienne-300x178.jpg 300w, https:\/\/vosgesinfo.fr\/app\/uploads\/sites\/5\/2025\/04\/gifi-st-etienne-1024x609.jpg 1024w, https:\/\/vosgesinfo.fr\/app\/uploads\/sites\/5\/2025\/04\/gifi-st-etienne-768x456.jpg 768w, https:\/\/vosgesinfo.fr\/app\/uploads\/sites\/5\/2025\/04\/gifi-st-etienne-1536x913.jpg 1536w\" sizes=\"(max-width: 1824px) 100vw, 1824px\" \/><\/a><p id=\"caption-attachment-80426\" class=\"wp-caption-text\">@Google Maps.<\/p><\/div>\n<p class=\"\" data-start=\"86\" data-end=\"410\"><strong>Bonne nouvelle pour les clients vosgiens du magasin GiFi de Saint-\u00c9tienne-l\u00e8s-Remiremont : l\u2019\u00e9tablissement est maintenu. Alors que l\u2019enseigne fran\u00e7aise sp\u00e9cialis\u00e9e dans les articles de bazar a annonc\u00e9 jeudi un important plan de sauvegarde de l\u2019emploi (PSE), le point de vente local ne figure pas sur la liste des fermetures.<\/strong><\/p>\n<p class=\"\" data-start=\"412\" data-end=\"869\">Confront\u00e9e \u00e0 des difficult\u00e9s \u00e9conomiques persistantes, la cha\u00eene avait entam\u00e9 en janvier dernier une restructuration financi\u00e8re. Le nouveau plan pr\u00e9voit la suppression de 300 postes sur les quelque 6 000 que compte le groupe en France, soit une r\u00e9duction d\u2019effectifs de 5 %. Ce sont notamment 186 salari\u00e9s du si\u00e8ge social de Villeneuve-sur-Lot qui sont concern\u00e9s, ainsi que 116 employ\u00e9s r\u00e9partis dans onze magasins qui vont d\u00e9finitivement baisser le rideau.<\/p>\n<p class=\"\" data-start=\"871\" data-end=\"1170\">Parmi les sites qui seront ferm\u00e9s figurent notamment ceux de Lyon, Thiais, Stains, Pontault-Combault, Toulouse, Neuville-en-Ferrain, Saint-Claude, Saverne, La Fert\u00e9-Mac\u00e9, Tonnerre et Besan\u00e7on. Des magasins que GiFi juge aujourd\u2019hui irr\u00e9cup\u00e9rables malgr\u00e9 les tentatives de redressement ou de reprise.<\/p>\n<p class=\"\" data-start=\"1172\" data-end=\"1408\">Le magasin GiFi de Saint-\u00c9tienne-l\u00e8s-Remiremont n\u2019est donc pas concern\u00e9 par cette vague de fermetures, au m\u00eame titre que celui d\u2019\u00c9pinal. Une information rassurante pour les salari\u00e9s comme pour les habitu\u00e9s de l\u2019enseigne dans le secteur.<\/p>\n","protected":false},"excerpt":{"rendered":"<p>Bonne nouvelle pour les clients vosgiens du magasin GiFi de Saint-\u00c9tienne-l\u00e8s-Remiremont : l\u2019\u00e9tablissement est maintenu. Alors que l\u2019enseigne fran\u00e7aise sp\u00e9cialis\u00e9e [&hellip;]<\/p>\n","protected":false},"author":418,"featured_media":80426,"comment_status":"open","ping_status":"open","sticky":false,"template":"","format":"standard","meta":{"footnotes":""},"categories":[26,5,144,43],"tags":[7652,397],"class_list":["post-80425","post","type-post","status-publish","format-standard","has-post-thumbnail","hentry","category-a-la-une","category-economie","category-entreprise","category-remiremont-remiremont-son-canton","tag-gifi","tag-saint-etienne-les-remiremont"],"acf":[],"yoast_head":"<!-- This site is optimized with the Yoast SEO plugin v22.5 - https:\/\/yoast.com\/wordpress\/plugins\/seo\/ -->\n<title>Le magasin GiFi de Saint-\u00c9tienne-l\u00e8s-Remiremont \u00e9chappe aux fermetures annonc\u00e9es - Remiremont Info<\/title>\n<meta name=\"robots\" content=\"index, follow, max-snippet:-1, max-image-preview:large, max-video-preview:-1\" \/>\n<link rel=\"canonical\" href=\"https:\/\/vosgesinfo.fr\/remiremontinfo\/2025\/04\/le-magasin-gifi-de-saint-etienne-les-remiremont-echappe-aux-fermetures-annoncees\/\" \/>\n<meta name=\"twitter:card\" content=\"summary_large_image\" \/>\n<meta name=\"twitter:title\" content=\"Le magasin GiFi de Saint-\u00c9tienne-l\u00e8s-Remiremont \u00e9chappe aux fermetures annonc\u00e9es - Remiremont Info\" \/>\n<meta name=\"twitter:description\" content=\"Bonne nouvelle pour les clients vosgiens du magasin GiFi de Saint-\u00c9tienne-l\u00e8s-Remiremont : l\u2019\u00e9tablissement est maintenu. Alors que l\u2019enseigne fran\u00e7aise sp\u00e9cialis\u00e9e [&hellip;]\" \/>\n<meta name=\"twitter:image\" content=\"https:\/\/vosgesinfo.fr\/app\/uploads\/sites\/5\/2025\/04\/gifi-st-etienne.jpg\" \/>\n<meta name=\"twitter:creator\" content=\"@VosgesInfo88\" \/>\n<meta name=\"twitter:site\" content=\"@VosgesInfo88\" \/>\n<meta name=\"twitter:label1\" content=\"\u00c9crit par\" \/>\n\t<meta name=\"twitter:data1\" content=\"C.M\" \/>\n\t<meta name=\"twitter:label2\" content=\"Dur\u00e9e de lecture estim\u00e9e\" \/>\n\t<meta name=\"twitter:data2\" content=\"1 minute\" \/>\n<script type=\"application\/ld+json\" class=\"yoast-schema-graph\">{\"@context\":\"https:\/\/schema.org\",\"@graph\":[{\"@type\":\"Article\",\"@id\":\"https:\/\/vosgesinfo.fr\/remiremontinfo\/2025\/04\/le-magasin-gifi-de-saint-etienne-les-remiremont-echappe-aux-fermetures-annoncees\/#article\",\"isPartOf\":{\"@id\":\"https:\/\/vosgesinfo.fr\/remiremontinfo\/2025\/04\/le-magasin-gifi-de-saint-etienne-les-remiremont-echappe-aux-fermetures-annoncees\/\"},\"author\":{\"name\":\"C.M\",\"@id\":\"https:\/\/vosgesinfo.fr\/remiremontinfo\/#\/schema\/person\/4f38cd3068e342935b7304695c797d08\"},\"headline\":\"Le magasin GiFi de Saint-\u00c9tienne-l\u00e8s-Remiremont \u00e9chappe aux fermetures annonc\u00e9es\",\"datePublished\":\"2025-04-04T14:00:46+00:00\",\"dateModified\":\"2025-04-04T13:16:25+00:00\",\"mainEntityOfPage\":{\"@id\":\"https:\/\/vosgesinfo.fr\/remiremontinfo\/2025\/04\/le-magasin-gifi-de-saint-etienne-les-remiremont-echappe-aux-fermetures-annoncees\/\"},\"wordCount\":239,\"commentCount\":0,\"publisher\":{\"@id\":\"https:\/\/vosgesinfo.fr\/remiremontinfo\/#organization\"},\"image\":{\"@id\":\"https:\/\/vosgesinfo.fr\/remiremontinfo\/2025\/04\/le-magasin-gifi-de-saint-etienne-les-remiremont-echappe-aux-fermetures-annoncees\/#primaryimage\"},\"thumbnailUrl\":\"https:\/\/vosgesinfo.fr\/app\/uploads\/sites\/5\/2025\/04\/gifi-st-etienne.jpg\",\"keywords\":[\"Gifi\",\"Saint-Etienne-l\u00e8s-Remiremont\"],\"articleSection\":[\"A la Une\",\"\u00c9conomie\",\"Entreprise\",\"Remiremont\"],\"inLanguage\":\"fr-FR\",\"potentialAction\":[{\"@type\":\"CommentAction\",\"name\":\"Comment\",\"target\":[\"https:\/\/vosgesinfo.fr\/remiremontinfo\/2025\/04\/le-magasin-gifi-de-saint-etienne-les-remiremont-echappe-aux-fermetures-annoncees\/#respond\"]}]},{\"@type\":\"WebPage\",\"@id\":\"https:\/\/vosgesinfo.fr\/remiremontinfo\/2025\/04\/le-magasin-gifi-de-saint-etienne-les-remiremont-echappe-aux-fermetures-annoncees\/\",\"url\":\"https:\/\/vosgesinfo.fr\/remiremontinfo\/2025\/04\/le-magasin-gifi-de-saint-etienne-les-remiremont-echappe-aux-fermetures-annoncees\/\",\"name\":\"Le magasin GiFi de Saint-\u00c9tienne-l\u00e8s-Remiremont \u00e9chappe aux fermetures annonc\u00e9es - Remiremont Info\",\"isPartOf\":{\"@id\":\"https:\/\/vosgesinfo.fr\/remiremontinfo\/#website\"},\"primaryImageOfPage\":{\"@id\":\"https:\/\/vosgesinfo.fr\/remiremontinfo\/2025\/04\/le-magasin-gifi-de-saint-etienne-les-remiremont-echappe-aux-fermetures-annoncees\/#primaryimage\"},\"image\":{\"@id\":\"https:\/\/vosgesinfo.fr\/remiremontinfo\/2025\/04\/le-magasin-gifi-de-saint-etienne-les-remiremont-echappe-aux-fermetures-annoncees\/#primaryimage\"},\"thumbnailUrl\":\"https:\/\/vosgesinfo.fr\/app\/uploads\/sites\/5\/2025\/04\/gifi-st-etienne.jpg\",\"datePublished\":\"2025-04-04T14:00:46+00:00\",\"dateModified\":\"2025-04-04T13:16:25+00:00\",\"breadcrumb\":{\"@id\":\"https:\/\/vosgesinfo.fr\/remiremontinfo\/2025\/04\/le-magasin-gifi-de-saint-etienne-les-remiremont-echappe-aux-fermetures-annoncees\/#breadcrumb\"},\"inLanguage\":\"fr-FR\",\"potentialAction\":[{\"@type\":\"ReadAction\",\"target\":[\"https:\/\/vosgesinfo.fr\/remiremontinfo\/2025\/04\/le-magasin-gifi-de-saint-etienne-les-remiremont-echappe-aux-fermetures-annoncees\/\"]}]},{\"@type\":\"ImageObject\",\"inLanguage\":\"fr-FR\",\"@id\":\"https:\/\/vosgesinfo.fr\/remiremontinfo\/2025\/04\/le-magasin-gifi-de-saint-etienne-les-remiremont-echappe-aux-fermetures-annoncees\/#primaryimage\",\"url\":\"https:\/\/vosgesinfo.fr\/app\/uploads\/sites\/5\/2025\/04\/gifi-st-etienne.jpg\",\"contentUrl\":\"https:\/\/vosgesinfo.fr\/app\/uploads\/sites\/5\/2025\/04\/gifi-st-etienne.jpg\",\"width\":1824,\"height\":1084,\"caption\":\"@Google Maps.\"},{\"@type\":\"BreadcrumbList\",\"@id\":\"https:\/\/vosgesinfo.fr\/remiremontinfo\/2025\/04\/le-magasin-gifi-de-saint-etienne-les-remiremont-echappe-aux-fermetures-annoncees\/#breadcrumb\",\"itemListElement\":[{\"@type\":\"ListItem\",\"position\":1,\"name\":\"Home\",\"item\":\"https:\/\/vosgesinfo.fr\/remiremontinfo\/\"},{\"@type\":\"ListItem\",\"position\":2,\"name\":\"Le magasin GiFi de Saint-\u00c9tienne-l\u00e8s-Remiremont \u00e9chappe aux fermetures annonc\u00e9es\"}]},{\"@type\":\"WebSite\",\"@id\":\"https:\/\/vosgesinfo.fr\/remiremontinfo\/#website\",\"url\":\"https:\/\/vosgesinfo.fr\/remiremontinfo\/\",\"name\":\"Remiremont Info\",\"description\":\"Toute l&#039;actualit\u00e9 de Remiremont\",\"publisher\":{\"@id\":\"https:\/\/vosgesinfo.fr\/remiremontinfo\/#organization\"},\"alternateName\":\"Toute l'actualit\u00e9 de Remiremont\",\"potentialAction\":[{\"@type\":\"SearchAction\",\"target\":{\"@type\":\"EntryPoint\",\"urlTemplate\":\"https:\/\/vosgesinfo.fr\/remiremontinfo\/?s={search_term_string}\"},\"query-input\":\"required name=search_term_string\"}],\"inLanguage\":\"fr-FR\"},{\"@type\":\"Organization\",\"@id\":\"https:\/\/vosgesinfo.fr\/remiremontinfo\/#organization\",\"name\":\"Remiremont Info\",\"url\":\"https:\/\/vosgesinfo.fr\/remiremontinfo\/\",\"logo\":{\"@type\":\"ImageObject\",\"inLanguage\":\"fr-FR\",\"@id\":\"https:\/\/vosgesinfo.fr\/remiremontinfo\/#\/schema\/logo\/image\/\",\"url\":\"https:\/\/vosgesinfo.fr\/app\/uploads\/sites\/5\/2023\/08\/favicon-remiremontinfo.png\",\"contentUrl\":\"https:\/\/vosgesinfo.fr\/app\/uploads\/sites\/5\/2023\/08\/favicon-remiremontinfo.png\",\"width\":512,\"height\":512,\"caption\":\"Remiremont Info\"},\"image\":{\"@id\":\"https:\/\/vosgesinfo.fr\/remiremontinfo\/#\/schema\/logo\/image\/\"},\"sameAs\":[\"https:\/\/www.facebook.com\/remiremontinfo\",\"https:\/\/x.com\/VosgesInfo88\",\"https:\/\/www.youtube.com\/@vosgesinfo\"]},{\"@type\":\"Person\",\"@id\":\"https:\/\/vosgesinfo.fr\/remiremontinfo\/#\/schema\/person\/4f38cd3068e342935b7304695c797d08\",\"name\":\"C.M\",\"image\":{\"@type\":\"ImageObject\",\"inLanguage\":\"fr-FR\",\"@id\":\"https:\/\/vosgesinfo.fr\/remiremontinfo\/#\/schema\/person\/image\/\",\"url\":\"https:\/\/secure.gravatar.com\/avatar\/fe9daaef0164d920717484172682f3c5c9bcf7d42aa8c7048c76c34f0eb6c8da?s=96&d=mm&r=g\",\"contentUrl\":\"https:\/\/secure.gravatar.com\/avatar\/fe9daaef0164d920717484172682f3c5c9bcf7d42aa8c7048c76c34f0eb6c8da?s=96&d=mm&r=g\",\"caption\":\"C.M\"},\"url\":\"https:\/\/vosgesinfo.fr\/remiremontinfo\/author\/cm88200\/\"}]}<\/script>\n<!-- \/ Yoast SEO plugin. -->","yoast_head_json":{"title":"Le magasin GiFi de Saint-\u00c9tienne-l\u00e8s-Remiremont \u00e9chappe aux fermetures annonc\u00e9es - Remiremont Info","robots":{"index":"index","follow":"follow","max-snippet":"max-snippet:-1","max-image-preview":"max-image-preview:large","max-video-preview":"max-video-preview:-1"},"canonical":"https:\/\/vosgesinfo.fr\/remiremontinfo\/2025\/04\/le-magasin-gifi-de-saint-etienne-les-remiremont-echappe-aux-fermetures-annoncees\/","twitter_card":"summary_large_image","twitter_title":"Le magasin GiFi de Saint-\u00c9tienne-l\u00e8s-Remiremont \u00e9chappe aux fermetures annonc\u00e9es - Remiremont Info","twitter_description":"Bonne nouvelle pour les clients vosgiens du magasin GiFi de Saint-\u00c9tienne-l\u00e8s-Remiremont : l\u2019\u00e9tablissement est maintenu. Alors que l\u2019enseigne fran\u00e7aise sp\u00e9cialis\u00e9e [&hellip;]","twitter_image":"https:\/\/vosgesinfo.fr\/app\/uploads\/sites\/5\/2025\/04\/gifi-st-etienne.jpg","twitter_creator":"@VosgesInfo88","twitter_site":"@VosgesInfo88","twitter_misc":{"\u00c9crit par":"C.M","Dur\u00e9e de lecture estim\u00e9e":"1 minute"},"schema":{"@context":"https:\/\/schema.org","@graph":[{"@type":"Article","@id":"https:\/\/vosgesinfo.fr\/remiremontinfo\/2025\/04\/le-magasin-gifi-de-saint-etienne-les-remiremont-echappe-aux-fermetures-annoncees\/#article","isPartOf":{"@id":"https:\/\/vosgesinfo.fr\/remiremontinfo\/2025\/04\/le-magasin-gifi-de-saint-etienne-les-remiremont-echappe-aux-fermetures-annoncees\/"},"author":{"name":"C.M","@id":"https:\/\/vosgesinfo.fr\/remiremontinfo\/#\/schema\/person\/4f38cd3068e342935b7304695c797d08"},"headline":"Le magasin GiFi de Saint-\u00c9tienne-l\u00e8s-Remiremont \u00e9chappe aux fermetures annonc\u00e9es","datePublished":"2025-04-04T14:00:46+00:00","dateModified":"2025-04-04T13:16:25+00:00","mainEntityOfPage":{"@id":"https:\/\/vosgesinfo.fr\/remiremontinfo\/2025\/04\/le-magasin-gifi-de-saint-etienne-les-remiremont-echappe-aux-fermetures-annoncees\/"},"wordCount":239,"commentCount":0,"publisher":{"@id":"https:\/\/vosgesinfo.fr\/remiremontinfo\/#organization"},"image":{"@id":"https:\/\/vosgesinfo.fr\/remiremontinfo\/2025\/04\/le-magasin-gifi-de-saint-etienne-les-remiremont-echappe-aux-fermetures-annoncees\/#primaryimage"},"thumbnailUrl":"https:\/\/vosgesinfo.fr\/app\/uploads\/sites\/5\/2025\/04\/gifi-st-etienne.jpg","keywords":["Gifi","Saint-Etienne-l\u00e8s-Remiremont"],"articleSection":["A la Une","\u00c9conomie","Entreprise","Remiremont"],"inLanguage":"fr-FR","potentialAction":[{"@type":"CommentAction","name":"Comment","target":["https:\/\/vosgesinfo.fr\/remiremontinfo\/2025\/04\/le-magasin-gifi-de-saint-etienne-les-remiremont-echappe-aux-fermetures-annoncees\/#respond"]}]},{"@type":"WebPage","@id":"https:\/\/vosgesinfo.fr\/remiremontinfo\/2025\/04\/le-magasin-gifi-de-saint-etienne-les-remiremont-echappe-aux-fermetures-annoncees\/","url":"https:\/\/vosgesinfo.fr\/remiremontinfo\/2025\/04\/le-magasin-gifi-de-saint-etienne-les-remiremont-echappe-aux-fermetures-annoncees\/","name":"Le magasin GiFi de Saint-\u00c9tienne-l\u00e8s-Remiremont \u00e9chappe aux fermetures annonc\u00e9es - Remiremont Info","isPartOf":{"@id":"https:\/\/vosgesinfo.fr\/remiremontinfo\/#website"},"primaryImageOfPage":{"@id":"https:\/\/vosgesinfo.fr\/remiremontinfo\/2025\/04\/le-magasin-gifi-de-saint-etienne-les-remiremont-echappe-aux-fermetures-annoncees\/#primaryimage"},"image":{"@id":"https:\/\/vosgesinfo.fr\/remiremontinfo\/2025\/04\/le-magasin-gifi-de-saint-etienne-les-remiremont-echappe-aux-fermetures-annoncees\/#primaryimage"},"thumbnailUrl":"https:\/\/vosgesinfo.fr\/app\/uploads\/sites\/5\/2025\/04\/gifi-st-etienne.jpg","datePublished":"2025-04-04T14:00:46+00:00","dateModified":"2025-04-04T13:16:25+00:00","breadcrumb":{"@id":"https:\/\/vosgesinfo.fr\/remiremontinfo\/2025\/04\/le-magasin-gifi-de-saint-etienne-les-remiremont-echappe-aux-fermetures-annoncees\/#breadcrumb"},"inLanguage":"fr-FR","potentialAction":[{"@type":"ReadAction","target":["https:\/\/vosgesinfo.fr\/remiremontinfo\/2025\/04\/le-magasin-gifi-de-saint-etienne-les-remiremont-echappe-aux-fermetures-annoncees\/"]}]},{"@type":"ImageObject","inLanguage":"fr-FR","@id":"https:\/\/vosgesinfo.fr\/remiremontinfo\/2025\/04\/le-magasin-gifi-de-saint-etienne-les-remiremont-echappe-aux-fermetures-annoncees\/#primaryimage","url":"https:\/\/vosgesinfo.fr\/app\/uploads\/sites\/5\/2025\/04\/gifi-st-etienne.jpg","contentUrl":"https:\/\/vosgesinfo.fr\/app\/uploads\/sites\/5\/2025\/04\/gifi-st-etienne.jpg","width":1824,"height":1084,"caption":"@Google Maps."},{"@type":"BreadcrumbList","@id":"https:\/\/vosgesinfo.fr\/remiremontinfo\/2025\/04\/le-magasin-gifi-de-saint-etienne-les-remiremont-echappe-aux-fermetures-annoncees\/#breadcrumb","itemListElement":[{"@type":"ListItem","position":1,"name":"Home","item":"https:\/\/vosgesinfo.fr\/remiremontinfo\/"},{"@type":"ListItem","position":2,"name":"Le magasin GiFi de Saint-\u00c9tienne-l\u00e8s-Remiremont \u00e9chappe aux fermetures annonc\u00e9es"}]},{"@type":"WebSite","@id":"https:\/\/vosgesinfo.fr\/remiremontinfo\/#website","url":"https:\/\/vosgesinfo.fr\/remiremontinfo\/","name":"Remiremont Info","description":"Toute l&#039;actualit\u00e9 de Remiremont","publisher":{"@id":"https:\/\/vosgesinfo.fr\/remiremontinfo\/#organization"},"alternateName":"Toute l'actualit\u00e9 de Remiremont","potentialAction":[{"@type":"SearchAction","target":{"@type":"EntryPoint","urlTemplate":"https:\/\/vosgesinfo.fr\/remiremontinfo\/?s={search_term_string}"},"query-input":"required name=search_term_string"}],"inLanguage":"fr-FR"},{"@type":"Organization","@id":"https:\/\/vosgesinfo.fr\/remiremontinfo\/#organization","name":"Remiremont Info","url":"https:\/\/vosgesinfo.fr\/remiremontinfo\/","logo":{"@type":"ImageObject","inLanguage":"fr-FR","@id":"https:\/\/vosgesinfo.fr\/remiremontinfo\/#\/schema\/logo\/image\/","url":"https:\/\/vosgesinfo.fr\/app\/uploads\/sites\/5\/2023\/08\/favicon-remiremontinfo.png","contentUrl":"https:\/\/vosgesinfo.fr\/app\/uploads\/sites\/5\/2023\/08\/favicon-remiremontinfo.png","width":512,"height":512,"caption":"Remiremont Info"},"image":{"@id":"https:\/\/vosgesinfo.fr\/remiremontinfo\/#\/schema\/logo\/image\/"},"sameAs":["https:\/\/www.facebook.com\/remiremontinfo","https:\/\/x.com\/VosgesInfo88","https:\/\/www.youtube.com\/@vosgesinfo"]},{"@type":"Person","@id":"https:\/\/vosgesinfo.fr\/remiremontinfo\/#\/schema\/person\/4f38cd3068e342935b7304695c797d08","name":"C.M","image":{"@type":"ImageObject","inLanguage":"fr-FR","@id":"https:\/\/vosgesinfo.fr\/remiremontinfo\/#\/schema\/person\/image\/","url":"https:\/\/secure.gravatar.com\/avatar\/fe9daaef0164d920717484172682f3c5c9bcf7d42aa8c7048c76c34f0eb6c8da?s=96&d=mm&r=g","contentUrl":"https:\/\/secure.gravatar.com\/avatar\/fe9daaef0164d920717484172682f3c5c9bcf7d42aa8c7048c76c34f0eb6c8da?s=96&d=mm&r=g","caption":"C.M"},"url":"https:\/\/vosgesinfo.fr\/remiremontinfo\/author\/cm88200\/"}]}},"_links":{"self":[{"href":"https:\/\/vosgesinfo.fr\/remiremontinfo\/wp-json\/wp\/v2\/posts\/80425","targetHints":{"allow":["GET"]}}],"collection":[{"href":"https:\/\/vosgesinfo.fr\/remiremontinfo\/wp-json\/wp\/v2\/posts"}],"about":[{"href":"https:\/\/vosgesinfo.fr\/remiremontinfo\/wp-json\/wp\/v2\/types\/post"}],"author":[{"embeddable":true,"href":"https:\/\/vosgesinfo.fr\/remiremontinfo\/wp-json\/wp\/v2\/users\/418"}],"replies":[{"embeddable":true,"href":"https:\/\/vosgesinfo.fr\/remiremontinfo\/wp-json\/wp\/v2\/comments?post=80425"}],"version-history":[{"count":1,"href":"https:\/\/vosgesinfo.fr\/remiremontinfo\/wp-json\/wp\/v2\/posts\/80425\/revisions"}],"predecessor-version":[{"id":80427,"href":"https:\/\/vosgesinfo.fr\/remiremontinfo\/wp-json\/wp\/v2\/posts\/80425\/revisions\/80427"}],"wp:featuredmedia":[{"embeddable":true,"href":"https:\/\/vosgesinfo.fr\/remiremontinfo\/wp-json\/wp\/v2\/media\/80426"}],"wp:attachment":[{"href":"https:\/\/vosgesinfo.fr\/remiremontinfo\/wp-json\/wp\/v2\/media?parent=80425"}],"wp:term":[{"taxonomy":"category","embeddable":true,"href":"https:\/\/vosgesinfo.fr\/remiremontinfo\/wp-json\/wp\/v2\/categories?post=80425"},{"taxonomy":"post_tag","embeddable":true,"href":"https:\/\/vosgesinfo.fr\/remiremontinfo\/wp-json\/wp\/v2\/tags?post=80425"}],"curies":[{"name":"wp","href":"https:\/\/api.w.org\/{rel}","templated":true}]}}