{"id":80760,"date":"2025-04-20T09:01:02","date_gmt":"2025-04-20T07:01:02","guid":{"rendered":"https:\/\/vosgesinfo.fr\/remiremontinfo\/?p=80760"},"modified":"2025-04-20T09:36:37","modified_gmt":"2025-04-20T07:36:37","slug":"la-brasserie-la-geromoise-recrute","status":"publish","type":"post","link":"https:\/\/vosgesinfo.fr\/remiremontinfo\/2025\/04\/la-brasserie-la-geromoise-recrute\/","title":{"rendered":"La Brasserie La G\u00e9r\u00f4moise recrute"},"content":{"rendered":"<p><strong>Lieu :<\/strong> 2, avenue Morand 88400 G\u00e9rardmer<\/p>\n<p><strong>\u00c0 propos de nous :<\/strong><\/p>\n<p>Restaurant chaleureux adoss\u00e9 \u00e0 une brasserie artisanale, mettant \u00e0 l\u2019honneur les sp\u00e9cialit\u00e9s authentiques des Vosges dans une ambiance conviviale et familiale. Nous valorisons les produits locaux et la cuisine faite maison.<\/p>\n<p><strong>Chef de Cuisine<\/strong><\/p>\n<p><strong>Type de contrat :<\/strong> CDI \/ Temps plein<\/p>\n<p><strong>Missions :<\/strong><\/p>\n<ul>\n<li>\u00c9laborer et actualiser des menus mettant en valeur les produits locaux.<\/li>\n<li>\u00c9laboration de fiches techniques et faire respecter les recettes.<\/li>\n<li>Superviser et coordonner l&rsquo;ensemble des activit\u00e9s de la cuisine, en assurant la qualit\u00e9 et la constance des plats servis.<\/li>\n<li>G\u00e9rer les approvisionnements en produits locaux et de saison, en privil\u00e9giant les circuits courts et les producteurs r\u00e9gionaux. \u200b<\/li>\n<li>Veiller au respect des normes d&rsquo;hygi\u00e8ne et de s\u00e9curit\u00e9 alimentaire (HACCP).\u200b<\/li>\n<li>Former, encadrer et motiver l&rsquo;\u00e9quipe de cuisine pour maintenir un haut niveau de performance et de coh\u00e9sion. \u200b<\/li>\n<li>Contr\u00f4ler les co\u00fbts de production et optimiser la gestion des stocks pour assurer la rentabilit\u00e9 du restaurant. \u200b<\/li>\n<\/ul>\n<p><strong>Profil recherch\u00e9 :<\/strong><\/p>\n<ul>\n<li>Dipl\u00f4me en cuisine (CAP, BEP, Bac Pro, BTS ou \u00e9quivalent).\u200b<\/li>\n<li>Exp\u00e9rience significative en tant que chef de cuisine ou second de cuisine<\/li>\n<li>Comp\u00e9tences av\u00e9r\u00e9es en gestion d&rsquo;\u00e9quipe et en organisation. \u200b<\/li>\n<li>Cr\u00e9ativit\u00e9, rigueur et sens du d\u00e9tail. \u200b<\/li>\n<\/ul>\n<p><strong>R\u00e9mun\u00e9ration :<\/strong><\/p>\n<ul>\n<li>Salaire net mensuel :2\u202f300 \u20ac selon l&rsquo;exp\u00e9rience et les qualifications.\u200b<\/li>\n<li>Avantages : repas inclus, mutuelle, primes sur objectifs.<\/li>\n<\/ul>\n<p><strong>Candidature :<\/strong> Veuillez envoyer votre CV accompagn\u00e9 d&rsquo;une lettre de motivation \u00e0 <a href=\"mailto:contact@lageromoise.fr\">contact@lageromoise.fr<\/a> et \/ou par courrier \u00e0 \u00ab\u00a0restaurant La G\u00e9r\u00f4moise, 2 av.Morand 88400 G\u00e9rardmer .<\/p>\n<p><strong>Second de cuisine<\/strong><\/p>\n<p><strong>Type de contrat :<\/strong> CDI \/ Temps plein<\/p>\n<p><strong>Missions :<\/strong><\/p>\n<ul>\n<li>Assister le chef de cuisine dans la pr\u00e9paration et l\u2019envoi des plats<\/li>\n<li>Participer activement \u00e0 l\u2019\u00e9laboration des recettes.<\/li>\n<li>G\u00e9rer l\u2019activit\u00e9 en cuisine en l\u2019absence du chef, encadrer les commis et apprentis.<\/li>\n<li>Veiller au respect des normes d\u2019hygi\u00e8ne et de s\u00e9curit\u00e9 alimentaire<\/li>\n<li>Contribuer \u00e0 la gestion des stocks et des commandes<\/li>\n<\/ul>\n<p><strong>Profil recherch\u00e9 :<\/strong><\/p>\n<ul>\n<li>Exp\u00e9rience confirm\u00e9e en tant que second ou chef de partie (2 \u00e0 3 ans minimum)<\/li>\n<li>Bonne connaissance des techniques de cuisson traditionnelles<\/li>\n<li>Go\u00fbt pour la cuisine r\u00e9gionale et produits du terroir<\/li>\n<li>Sens de l\u2019organisation, esprit d\u2019\u00e9quipe et autonomie<\/li>\n<li>Dipl\u00f4me CAP\/BEP cuisine ou \u00e9quivalent<\/li>\n<\/ul>\n<p><strong>R\u00e9mun\u00e9ration :<\/strong><\/p>\n<p>Salaire net mensuel : 1900 \u20ac selon exp\u00e9rience<\/p>\n<p><strong>Candidature :<\/strong> Veuillez envoyer votre CV accompagn\u00e9 d&rsquo;une lettre de motivation \u00e0 <a href=\"mailto:contact@lageromoise.fr\">contact@lageromoise.fr<\/a> et \/ou par courrier \u00e0 \u00ab\u00a0restaurant La G\u00e9r\u00f4moise, 2 av.Morand 88400 G\u00e9rardmer .<\/p>\n<div id=\"attachment_67709\" style=\"width: 2570px\" class=\"wp-caption alignnone\"><a href=\"https:\/\/vosgesinfo.fr\/app\/uploads\/sites\/6\/2024\/08\/vla2-scaled.jpg\"><img decoding=\"async\" aria-describedby=\"caption-attachment-67709\" class=\"size-full wp-image-67709\" src=\"https:\/\/vosgesinfo.fr\/app\/uploads\/sites\/6\/2024\/08\/vla2-scaled.jpg\" alt=\"\" width=\"2560\" height=\"2256\" \/><\/a><p id=\"caption-attachment-67709\" class=\"wp-caption-text\">Une des deux terrasses de La G\u00e9r\u00f4moise<\/p><\/div>\n","protected":false},"excerpt":{"rendered":"<p>Lieu : 2, avenue Morand 88400 G\u00e9rardmer \u00c0 propos de nous : Restaurant chaleureux adoss\u00e9 \u00e0 une brasserie artisanale, mettant [&hellip;]<\/p>\n","protected":false},"author":39,"featured_media":80761,"comment_status":"open","ping_status":"open","sticky":false,"template":"","format":"standard","meta":{"footnotes":""},"categories":[26,108,62,845,43,362],"tags":[],"class_list":["post-80760","post","type-post","status-publish","format-standard","has-post-thumbnail","hentry","category-a-la-une","category-epinal","category-gerardmer","category-la-plaine-des-vosges","category-remiremont-remiremont-son-canton","category-saint-die"],"acf":[],"yoast_head":"<!-- This site is optimized with the Yoast SEO plugin v22.5 - https:\/\/yoast.com\/wordpress\/plugins\/seo\/ -->\n<title>La Brasserie La G\u00e9r\u00f4moise recrute - Remiremont Info<\/title>\n<meta name=\"robots\" content=\"index, follow, max-snippet:-1, max-image-preview:large, max-video-preview:-1\" \/>\n<link rel=\"canonical\" href=\"https:\/\/vosgesinfo.fr\/remiremontinfo\/2025\/04\/la-brasserie-la-geromoise-recrute\/\" \/>\n<meta name=\"twitter:card\" content=\"summary_large_image\" \/>\n<meta name=\"twitter:title\" content=\"La Brasserie La G\u00e9r\u00f4moise recrute - Remiremont Info\" \/>\n<meta name=\"twitter:description\" content=\"Lieu : 2, avenue Morand 88400 G\u00e9rardmer \u00c0 propos de nous : Restaurant chaleureux adoss\u00e9 \u00e0 une brasserie artisanale, mettant [&hellip;]\" \/>\n<meta name=\"twitter:image\" content=\"https:\/\/vosgesinfo.fr\/app\/uploads\/sites\/5\/2025\/04\/vla2-scaled-1.jpg\" \/>\n<meta name=\"twitter:creator\" content=\"@VosgesInfo88\" \/>\n<meta name=\"twitter:site\" content=\"@VosgesInfo88\" \/>\n<meta name=\"twitter:label1\" content=\"\u00c9crit par\" \/>\n\t<meta name=\"twitter:data1\" content=\"Phj\" \/>\n\t<meta name=\"twitter:label2\" content=\"Dur\u00e9e de lecture estim\u00e9e\" \/>\n\t<meta name=\"twitter:data2\" content=\"3 minutes\" \/>\n<script type=\"application\/ld+json\" class=\"yoast-schema-graph\">{\"@context\":\"https:\/\/schema.org\",\"@graph\":[{\"@type\":\"Article\",\"@id\":\"https:\/\/vosgesinfo.fr\/remiremontinfo\/2025\/04\/la-brasserie-la-geromoise-recrute\/#article\",\"isPartOf\":{\"@id\":\"https:\/\/vosgesinfo.fr\/remiremontinfo\/2025\/04\/la-brasserie-la-geromoise-recrute\/\"},\"author\":{\"name\":\"Phj\",\"@id\":\"https:\/\/vosgesinfo.fr\/remiremontinfo\/#\/schema\/person\/4f57dc393faf2ac8b9f1cab30ad79250\"},\"headline\":\"La Brasserie La G\u00e9r\u00f4moise recrute\",\"datePublished\":\"2025-04-20T07:01:02+00:00\",\"dateModified\":\"2025-04-20T07:36:37+00:00\",\"mainEntityOfPage\":{\"@id\":\"https:\/\/vosgesinfo.fr\/remiremontinfo\/2025\/04\/la-brasserie-la-geromoise-recrute\/\"},\"wordCount\":433,\"commentCount\":0,\"publisher\":{\"@id\":\"https:\/\/vosgesinfo.fr\/remiremontinfo\/#organization\"},\"image\":{\"@id\":\"https:\/\/vosgesinfo.fr\/remiremontinfo\/2025\/04\/la-brasserie-la-geromoise-recrute\/#primaryimage\"},\"thumbnailUrl\":\"https:\/\/vosgesinfo.fr\/app\/uploads\/sites\/5\/2025\/04\/vla2-scaled-1.jpg\",\"articleSection\":[\"A la Une\",\"Epinal\",\"G\u00e9rardmer\",\"La plaine des vosges\",\"Remiremont\",\"Saint-di\u00e9\"],\"inLanguage\":\"fr-FR\",\"potentialAction\":[{\"@type\":\"CommentAction\",\"name\":\"Comment\",\"target\":[\"https:\/\/vosgesinfo.fr\/remiremontinfo\/2025\/04\/la-brasserie-la-geromoise-recrute\/#respond\"]}]},{\"@type\":\"WebPage\",\"@id\":\"https:\/\/vosgesinfo.fr\/remiremontinfo\/2025\/04\/la-brasserie-la-geromoise-recrute\/\",\"url\":\"https:\/\/vosgesinfo.fr\/remiremontinfo\/2025\/04\/la-brasserie-la-geromoise-recrute\/\",\"name\":\"La Brasserie La G\u00e9r\u00f4moise recrute - Remiremont Info\",\"isPartOf\":{\"@id\":\"https:\/\/vosgesinfo.fr\/remiremontinfo\/#website\"},\"primaryImageOfPage\":{\"@id\":\"https:\/\/vosgesinfo.fr\/remiremontinfo\/2025\/04\/la-brasserie-la-geromoise-recrute\/#primaryimage\"},\"image\":{\"@id\":\"https:\/\/vosgesinfo.fr\/remiremontinfo\/2025\/04\/la-brasserie-la-geromoise-recrute\/#primaryimage\"},\"thumbnailUrl\":\"https:\/\/vosgesinfo.fr\/app\/uploads\/sites\/5\/2025\/04\/vla2-scaled-1.jpg\",\"datePublished\":\"2025-04-20T07:01:02+00:00\",\"dateModified\":\"2025-04-20T07:36:37+00:00\",\"breadcrumb\":{\"@id\":\"https:\/\/vosgesinfo.fr\/remiremontinfo\/2025\/04\/la-brasserie-la-geromoise-recrute\/#breadcrumb\"},\"inLanguage\":\"fr-FR\",\"potentialAction\":[{\"@type\":\"ReadAction\",\"target\":[\"https:\/\/vosgesinfo.fr\/remiremontinfo\/2025\/04\/la-brasserie-la-geromoise-recrute\/\"]}]},{\"@type\":\"ImageObject\",\"inLanguage\":\"fr-FR\",\"@id\":\"https:\/\/vosgesinfo.fr\/remiremontinfo\/2025\/04\/la-brasserie-la-geromoise-recrute\/#primaryimage\",\"url\":\"https:\/\/vosgesinfo.fr\/app\/uploads\/sites\/5\/2025\/04\/vla2-scaled-1.jpg\",\"contentUrl\":\"https:\/\/vosgesinfo.fr\/app\/uploads\/sites\/5\/2025\/04\/vla2-scaled-1.jpg\",\"width\":2560,\"height\":2256},{\"@type\":\"BreadcrumbList\",\"@id\":\"https:\/\/vosgesinfo.fr\/remiremontinfo\/2025\/04\/la-brasserie-la-geromoise-recrute\/#breadcrumb\",\"itemListElement\":[{\"@type\":\"ListItem\",\"position\":1,\"name\":\"Home\",\"item\":\"https:\/\/vosgesinfo.fr\/remiremontinfo\/\"},{\"@type\":\"ListItem\",\"position\":2,\"name\":\"La Brasserie La G\u00e9r\u00f4moise recrute\"}]},{\"@type\":\"WebSite\",\"@id\":\"https:\/\/vosgesinfo.fr\/remiremontinfo\/#website\",\"url\":\"https:\/\/vosgesinfo.fr\/remiremontinfo\/\",\"name\":\"Remiremont Info\",\"description\":\"Toute l&#039;actualit\u00e9 de Remiremont\",\"publisher\":{\"@id\":\"https:\/\/vosgesinfo.fr\/remiremontinfo\/#organization\"},\"alternateName\":\"Toute l'actualit\u00e9 de Remiremont\",\"potentialAction\":[{\"@type\":\"SearchAction\",\"target\":{\"@type\":\"EntryPoint\",\"urlTemplate\":\"https:\/\/vosgesinfo.fr\/remiremontinfo\/?s={search_term_string}\"},\"query-input\":\"required name=search_term_string\"}],\"inLanguage\":\"fr-FR\"},{\"@type\":\"Organization\",\"@id\":\"https:\/\/vosgesinfo.fr\/remiremontinfo\/#organization\",\"name\":\"Remiremont Info\",\"url\":\"https:\/\/vosgesinfo.fr\/remiremontinfo\/\",\"logo\":{\"@type\":\"ImageObject\",\"inLanguage\":\"fr-FR\",\"@id\":\"https:\/\/vosgesinfo.fr\/remiremontinfo\/#\/schema\/logo\/image\/\",\"url\":\"https:\/\/vosgesinfo.fr\/app\/uploads\/sites\/5\/2023\/08\/favicon-remiremontinfo.png\",\"contentUrl\":\"https:\/\/vosgesinfo.fr\/app\/uploads\/sites\/5\/2023\/08\/favicon-remiremontinfo.png\",\"width\":512,\"height\":512,\"caption\":\"Remiremont Info\"},\"image\":{\"@id\":\"https:\/\/vosgesinfo.fr\/remiremontinfo\/#\/schema\/logo\/image\/\"},\"sameAs\":[\"https:\/\/www.facebook.com\/remiremontinfo\",\"https:\/\/x.com\/VosgesInfo88\",\"https:\/\/www.youtube.com\/@vosgesinfo\"]},{\"@type\":\"Person\",\"@id\":\"https:\/\/vosgesinfo.fr\/remiremontinfo\/#\/schema\/person\/4f57dc393faf2ac8b9f1cab30ad79250\",\"name\":\"Phj\",\"image\":{\"@type\":\"ImageObject\",\"inLanguage\":\"fr-FR\",\"@id\":\"https:\/\/vosgesinfo.fr\/remiremontinfo\/#\/schema\/person\/image\/\",\"url\":\"https:\/\/secure.gravatar.com\/avatar\/ada60265080fb9a89c9809bf0abb1f448a128cb85db1c08905baa5038fbe3cfe?s=96&d=mm&r=g\",\"contentUrl\":\"https:\/\/secure.gravatar.com\/avatar\/ada60265080fb9a89c9809bf0abb1f448a128cb85db1c08905baa5038fbe3cfe?s=96&d=mm&r=g\",\"caption\":\"Phj\"},\"url\":\"https:\/\/vosgesinfo.fr\/remiremontinfo\/author\/phj\/\"}]}<\/script>\n<!-- \/ Yoast SEO plugin. -->","yoast_head_json":{"title":"La Brasserie La G\u00e9r\u00f4moise recrute - Remiremont Info","robots":{"index":"index","follow":"follow","max-snippet":"max-snippet:-1","max-image-preview":"max-image-preview:large","max-video-preview":"max-video-preview:-1"},"canonical":"https:\/\/vosgesinfo.fr\/remiremontinfo\/2025\/04\/la-brasserie-la-geromoise-recrute\/","twitter_card":"summary_large_image","twitter_title":"La Brasserie La G\u00e9r\u00f4moise recrute - Remiremont Info","twitter_description":"Lieu : 2, avenue Morand 88400 G\u00e9rardmer \u00c0 propos de nous : Restaurant chaleureux adoss\u00e9 \u00e0 une brasserie artisanale, mettant [&hellip;]","twitter_image":"https:\/\/vosgesinfo.fr\/app\/uploads\/sites\/5\/2025\/04\/vla2-scaled-1.jpg","twitter_creator":"@VosgesInfo88","twitter_site":"@VosgesInfo88","twitter_misc":{"\u00c9crit par":"Phj","Dur\u00e9e de lecture estim\u00e9e":"3 minutes"},"schema":{"@context":"https:\/\/schema.org","@graph":[{"@type":"Article","@id":"https:\/\/vosgesinfo.fr\/remiremontinfo\/2025\/04\/la-brasserie-la-geromoise-recrute\/#article","isPartOf":{"@id":"https:\/\/vosgesinfo.fr\/remiremontinfo\/2025\/04\/la-brasserie-la-geromoise-recrute\/"},"author":{"name":"Phj","@id":"https:\/\/vosgesinfo.fr\/remiremontinfo\/#\/schema\/person\/4f57dc393faf2ac8b9f1cab30ad79250"},"headline":"La Brasserie La G\u00e9r\u00f4moise recrute","datePublished":"2025-04-20T07:01:02+00:00","dateModified":"2025-04-20T07:36:37+00:00","mainEntityOfPage":{"@id":"https:\/\/vosgesinfo.fr\/remiremontinfo\/2025\/04\/la-brasserie-la-geromoise-recrute\/"},"wordCount":433,"commentCount":0,"publisher":{"@id":"https:\/\/vosgesinfo.fr\/remiremontinfo\/#organization"},"image":{"@id":"https:\/\/vosgesinfo.fr\/remiremontinfo\/2025\/04\/la-brasserie-la-geromoise-recrute\/#primaryimage"},"thumbnailUrl":"https:\/\/vosgesinfo.fr\/app\/uploads\/sites\/5\/2025\/04\/vla2-scaled-1.jpg","articleSection":["A la Une","Epinal","G\u00e9rardmer","La plaine des vosges","Remiremont","Saint-di\u00e9"],"inLanguage":"fr-FR","potentialAction":[{"@type":"CommentAction","name":"Comment","target":["https:\/\/vosgesinfo.fr\/remiremontinfo\/2025\/04\/la-brasserie-la-geromoise-recrute\/#respond"]}]},{"@type":"WebPage","@id":"https:\/\/vosgesinfo.fr\/remiremontinfo\/2025\/04\/la-brasserie-la-geromoise-recrute\/","url":"https:\/\/vosgesinfo.fr\/remiremontinfo\/2025\/04\/la-brasserie-la-geromoise-recrute\/","name":"La Brasserie La G\u00e9r\u00f4moise recrute - Remiremont Info","isPartOf":{"@id":"https:\/\/vosgesinfo.fr\/remiremontinfo\/#website"},"primaryImageOfPage":{"@id":"https:\/\/vosgesinfo.fr\/remiremontinfo\/2025\/04\/la-brasserie-la-geromoise-recrute\/#primaryimage"},"image":{"@id":"https:\/\/vosgesinfo.fr\/remiremontinfo\/2025\/04\/la-brasserie-la-geromoise-recrute\/#primaryimage"},"thumbnailUrl":"https:\/\/vosgesinfo.fr\/app\/uploads\/sites\/5\/2025\/04\/vla2-scaled-1.jpg","datePublished":"2025-04-20T07:01:02+00:00","dateModified":"2025-04-20T07:36:37+00:00","breadcrumb":{"@id":"https:\/\/vosgesinfo.fr\/remiremontinfo\/2025\/04\/la-brasserie-la-geromoise-recrute\/#breadcrumb"},"inLanguage":"fr-FR","potentialAction":[{"@type":"ReadAction","target":["https:\/\/vosgesinfo.fr\/remiremontinfo\/2025\/04\/la-brasserie-la-geromoise-recrute\/"]}]},{"@type":"ImageObject","inLanguage":"fr-FR","@id":"https:\/\/vosgesinfo.fr\/remiremontinfo\/2025\/04\/la-brasserie-la-geromoise-recrute\/#primaryimage","url":"https:\/\/vosgesinfo.fr\/app\/uploads\/sites\/5\/2025\/04\/vla2-scaled-1.jpg","contentUrl":"https:\/\/vosgesinfo.fr\/app\/uploads\/sites\/5\/2025\/04\/vla2-scaled-1.jpg","width":2560,"height":2256},{"@type":"BreadcrumbList","@id":"https:\/\/vosgesinfo.fr\/remiremontinfo\/2025\/04\/la-brasserie-la-geromoise-recrute\/#breadcrumb","itemListElement":[{"@type":"ListItem","position":1,"name":"Home","item":"https:\/\/vosgesinfo.fr\/remiremontinfo\/"},{"@type":"ListItem","position":2,"name":"La Brasserie La G\u00e9r\u00f4moise recrute"}]},{"@type":"WebSite","@id":"https:\/\/vosgesinfo.fr\/remiremontinfo\/#website","url":"https:\/\/vosgesinfo.fr\/remiremontinfo\/","name":"Remiremont Info","description":"Toute l&#039;actualit\u00e9 de Remiremont","publisher":{"@id":"https:\/\/vosgesinfo.fr\/remiremontinfo\/#organization"},"alternateName":"Toute l'actualit\u00e9 de Remiremont","potentialAction":[{"@type":"SearchAction","target":{"@type":"EntryPoint","urlTemplate":"https:\/\/vosgesinfo.fr\/remiremontinfo\/?s={search_term_string}"},"query-input":"required name=search_term_string"}],"inLanguage":"fr-FR"},{"@type":"Organization","@id":"https:\/\/vosgesinfo.fr\/remiremontinfo\/#organization","name":"Remiremont Info","url":"https:\/\/vosgesinfo.fr\/remiremontinfo\/","logo":{"@type":"ImageObject","inLanguage":"fr-FR","@id":"https:\/\/vosgesinfo.fr\/remiremontinfo\/#\/schema\/logo\/image\/","url":"https:\/\/vosgesinfo.fr\/app\/uploads\/sites\/5\/2023\/08\/favicon-remiremontinfo.png","contentUrl":"https:\/\/vosgesinfo.fr\/app\/uploads\/sites\/5\/2023\/08\/favicon-remiremontinfo.png","width":512,"height":512,"caption":"Remiremont Info"},"image":{"@id":"https:\/\/vosgesinfo.fr\/remiremontinfo\/#\/schema\/logo\/image\/"},"sameAs":["https:\/\/www.facebook.com\/remiremontinfo","https:\/\/x.com\/VosgesInfo88","https:\/\/www.youtube.com\/@vosgesinfo"]},{"@type":"Person","@id":"https:\/\/vosgesinfo.fr\/remiremontinfo\/#\/schema\/person\/4f57dc393faf2ac8b9f1cab30ad79250","name":"Phj","image":{"@type":"ImageObject","inLanguage":"fr-FR","@id":"https:\/\/vosgesinfo.fr\/remiremontinfo\/#\/schema\/person\/image\/","url":"https:\/\/secure.gravatar.com\/avatar\/ada60265080fb9a89c9809bf0abb1f448a128cb85db1c08905baa5038fbe3cfe?s=96&d=mm&r=g","contentUrl":"https:\/\/secure.gravatar.com\/avatar\/ada60265080fb9a89c9809bf0abb1f448a128cb85db1c08905baa5038fbe3cfe?s=96&d=mm&r=g","caption":"Phj"},"url":"https:\/\/vosgesinfo.fr\/remiremontinfo\/author\/phj\/"}]}},"_links":{"self":[{"href":"https:\/\/vosgesinfo.fr\/remiremontinfo\/wp-json\/wp\/v2\/posts\/80760","targetHints":{"allow":["GET"]}}],"collection":[{"href":"https:\/\/vosgesinfo.fr\/remiremontinfo\/wp-json\/wp\/v2\/posts"}],"about":[{"href":"https:\/\/vosgesinfo.fr\/remiremontinfo\/wp-json\/wp\/v2\/types\/post"}],"author":[{"embeddable":true,"href":"https:\/\/vosgesinfo.fr\/remiremontinfo\/wp-json\/wp\/v2\/users\/39"}],"replies":[{"embeddable":true,"href":"https:\/\/vosgesinfo.fr\/remiremontinfo\/wp-json\/wp\/v2\/comments?post=80760"}],"version-history":[{"count":1,"href":"https:\/\/vosgesinfo.fr\/remiremontinfo\/wp-json\/wp\/v2\/posts\/80760\/revisions"}],"predecessor-version":[{"id":81026,"href":"https:\/\/vosgesinfo.fr\/remiremontinfo\/wp-json\/wp\/v2\/posts\/80760\/revisions\/81026"}],"wp:featuredmedia":[{"embeddable":true,"href":"https:\/\/vosgesinfo.fr\/remiremontinfo\/wp-json\/wp\/v2\/media\/80761"}],"wp:attachment":[{"href":"https:\/\/vosgesinfo.fr\/remiremontinfo\/wp-json\/wp\/v2\/media?parent=80760"}],"wp:term":[{"taxonomy":"category","embeddable":true,"href":"https:\/\/vosgesinfo.fr\/remiremontinfo\/wp-json\/wp\/v2\/categories?post=80760"},{"taxonomy":"post_tag","embeddable":true,"href":"https:\/\/vosgesinfo.fr\/remiremontinfo\/wp-json\/wp\/v2\/tags?post=80760"}],"curies":[{"name":"wp","href":"https:\/\/api.w.org\/{rel}","templated":true}]}}