{"id":8077,"date":"2024-07-22T14:49:23","date_gmt":"2024-07-22T12:49:23","guid":{"rendered":"https:\/\/vosgesinfo.fr\/remiremontinfo\/2024\/07\/les-quartiers-de-vosgelis-aux-couleurs-des-chantiers-jeunes\/"},"modified":"2024-07-22T14:49:23","modified_gmt":"2024-07-22T12:49:23","slug":"les-quartiers-de-vosgelis-aux-couleurs-des-chantiers-jeunes","status":"publish","type":"post","link":"https:\/\/vosgesinfo.fr\/remiremontinfo\/2024\/07\/les-quartiers-de-vosgelis-aux-couleurs-des-chantiers-jeunes\/","title":{"rendered":"Les quartiers de Vosgelis aux couleurs des \u00ab chantiers jeunes \u00bb"},"content":{"rendered":"<h2><strong><img decoding=\"async\" class=\"aligncenter size-large wp-image-43889\" src=\"https:\/\/vosgesinfo.fr\/app\/uploads\/sites\/3\/2024\/07\/thumbnail-vosgelis-juillet-photo-premium-1024x646.png\" alt=\"\" width=\"1024\" height=\"646\" \/>Dans les quartiers de Vosgelis, \u00ab\u00a0\u00e9t\u00e9\u00a0\u00bb rime avec \u00ab\u00a0chantiers\u00a0\u00bb. Parce qu\u2019il n\u2019est jamais trop t\u00f4t pour donner aux jeunes le go\u00fbt du travail, les acteurs sociaux, soutenus par Vosgelis et ses \u00e9quipes de proximit\u00e9, reconduisent chaque ann\u00e9e les \u00ab\u00a0chantiers jeunes\u00a0\u00bb. Ceux-ci permettent non seulement d\u2019occuper les enfants durant les p\u00e9riodes de vacances scolaires, mais d\u2019embellir leur cadre de vie gr\u00e2ce aux petits travaux qui leur sont confi\u00e9s.<\/strong><\/h2>\n<p><img decoding=\"async\" class=\"aligncenter size-medium wp-image-43890\" src=\"https:\/\/vosgesinfo.fr\/app\/uploads\/sites\/3\/2024\/07\/thumbnail-capture-decran-2024-07-22-110152-300x193.png\" alt=\"\" width=\"300\" height=\"193\" \/><\/p>\n<p>C\u2019est principalement \u00e0 Neufch\u00e2teau et Saint-Di\u00e9-des-Vosges que ce dispositif est en place, au rythme de 2 sessions par \u00e9t\u00e9.<\/p>\n<p><strong>A Neufch\u00e2teau, o\u00f9 les chantiers sont port\u00e9s par la MCL<\/strong> (Maison de la convivialit\u00e9 et des loisirs) et soutenus \u00e9galement par la Mission Locale, la premi\u00e8re session vient de se cl\u00f4turer. Durant 2 semaines, 8 jeunes, donc 5 locataires de Vosgelis, ont occup\u00e9 leurs matin\u00e9es \u00e0 la r\u00e9alisation d\u2019une superbe fresque, encadr\u00e9s par l\u2019artiste graffeur Emsa. Ils ont \u00e9t\u00e9 r\u00e9compens\u00e9s par une sortie au golf, des goodies et 120 euros de ch\u00e8ques-cadeaux pour chacun d\u2019entre eux\u2026 mais aussi par les f\u00e9licitations des habitants qui ont admir\u00e9 leur travail\u00a0! Vosgelis a fourni le mat\u00e9riel de peinture, offert les goodies et co-financ\u00e9 les ch\u00e8ques-cadeaux. Une seconde session est pr\u00e9vue du 22 juillet au 2 ao\u00fbt.<\/p>\n<p><img decoding=\"async\" class=\"aligncenter size-medium wp-image-43891\" src=\"https:\/\/vosgesinfo.fr\/app\/uploads\/sites\/3\/2024\/07\/thumbnail-capture-decran-2024-07-22-110205-300x184.png\" alt=\"\" width=\"300\" height=\"184\" \/><\/p>\n<p><strong>A Saint-Di\u00e9-des-Vosges, dans les quartiers Saint-Roch, l\u2019Orme et Kellermann,<\/strong> les caves, garages, soubassements et aires \u00e0 conteneurs ont pris un \u00ab\u00a0coup de jeune\u00a0\u00bb (au senspropre\ud83d\ude09). Les centres sociaux Lucie Aubrac et Germaine Tillon tiennent les r\u00eanes de ces chantiers qui battent leur plein en cette p\u00e9riode. Par groupe de 12, les jeunes, \u00e2g\u00e9s de 12 \u00e0 17 ans, s\u2019investissent durant une \u00e0 deux semaines avant de se voir r\u00e9compens\u00e9s par Vosgelis\u00a0: 50 euros de ch\u00e8que cadeau par semaine de travail (soit 100 \u20ac pour ceux qui ont \u00e9t\u00e9 pr\u00e9sents durant tout le chantier). La remise des cadeaux est pr\u00e9vue le 1<sup>er<\/sup> ao\u00fbt prochain.<\/p>\n<p><img decoding=\"async\" class=\"aligncenter size-medium wp-image-43892\" src=\"https:\/\/vosgesinfo.fr\/app\/uploads\/sites\/3\/2024\/07\/thumbnail-capture-decran-2024-07-22-110218-300x196.png\" alt=\"\" width=\"300\" height=\"196\" \/><\/p>\n<p><strong>La bienveillance et l\u2019indulgence sont le mot d\u2019ordre pour ces chantiers amateurs<\/strong>, o\u00f9 l\u2019on rencontre des situations inattendues et m\u00eame comiques\u00a0: ainsi, deux jeunes qui avaient commenc\u00e9 une fresque en partant chacun de l\u2019extr\u00e9mit\u00e9 d\u2019un mur, ont constat\u00e9 un d\u00e9calage important en se rejoignant, et pour cause\u00a0: l\u2019un mesurait 1,45 m et l\u2019autre 1,80 m\u2026 \u00ab\u00a0On aurait d\u00fb y penser\u00a0\u00bb, concluent les \u00e9quipes d\u2019encadrement qui en rient encore\u00a0!<\/p>\n<p><strong>Contact\u00a0: B\u00e9n\u00e9dicte Vanderschaeve, 07 84 39 68 41<\/strong><\/p>\n<p><strong>Vosgelis, groupe Estoria, 2 Quai Andr\u00e9 Barbier \u00e0 Epinal<\/strong><\/p>\n<p><a href=\"https:\/\/www.vosgelis.fr\/\"><strong>https:\/\/www.vosgelis.fr\/<\/strong><\/a><\/p>\n<p><strong>https:\/\/www.facebook.com\/vosgelis\/?locale=fr_FR<\/strong><\/p>\n\n\t\t<style type=\"text\/css\">\n\t\t\t#gallery-1 {\n\t\t\t\tmargin: auto;\n\t\t\t}\n\t\t\t#gallery-1 .gallery-item {\n\t\t\t\tfloat: left;\n\t\t\t\tmargin-top: 10px;\n\t\t\t\ttext-align: center;\n\t\t\t\twidth: 33%;\n\t\t\t}\n\t\t\t#gallery-1 img {\n\t\t\t\tborder: 2px solid #cfcfcf;\n\t\t\t}\n\t\t\t#gallery-1 .gallery-caption {\n\t\t\t\tmargin-left: 0;\n\t\t\t}\n\t\t\t\/* see gallery_shortcode() in wp-includes\/media.php *\/\n\t\t<\/style>\n\t\t<div id='gallery-1' class='gallery galleryid-8077 gallery-columns-3 gallery-size-large'><dl class='gallery-item'>\n\t\t\t<dt class='gallery-icon landscape'>\n\t\t\t\t<a href='https:\/\/vosgesinfo.fr\/app\/uploads\/sites\/5\/2024\/09\/202107schl.jpg'><img decoding=\"async\" width=\"800\" height=\"590\" src=\"https:\/\/vosgesinfo.fr\/app\/uploads\/sites\/5\/2024\/09\/202107schl.jpg\" class=\"attachment-large size-large\" alt=\"\" srcset=\"https:\/\/vosgesinfo.fr\/app\/uploads\/sites\/5\/2024\/09\/202107schl.jpg 800w, https:\/\/vosgesinfo.fr\/app\/uploads\/sites\/5\/2024\/09\/202107schl-300x221.jpg 300w, https:\/\/vosgesinfo.fr\/app\/uploads\/sites\/5\/2024\/09\/202107schl-768x566.jpg 768w\" sizes=\"(max-width: 800px) 100vw, 800px\" \/><\/a>\n\t\t\t<\/dt><\/dl>\n\t\t\t<br style='clear: both' \/>\n\t\t<\/div>\n\n<p>&nbsp;<\/p>\n","protected":false},"excerpt":{"rendered":"<p>Dans les quartiers de Vosgelis, \u00ab\u00a0\u00e9t\u00e9\u00a0\u00bb rime avec \u00ab\u00a0chantiers\u00a0\u00bb. Parce qu\u2019il n\u2019est jamais trop t\u00f4t pour donner aux jeunes le [&hellip;]<\/p>\n","protected":false},"author":52,"featured_media":8078,"comment_status":"open","ping_status":"open","sticky":false,"template":"","format":"standard","meta":{"footnotes":""},"categories":[26,108,62,845,11,43,362,18],"tags":[],"class_list":["post-8077","post","type-post","status-publish","format-standard","has-post-thumbnail","hentry","category-a-la-une","category-epinal","category-gerardmer","category-la-plaine-des-vosges","category-publi-reportage","category-remiremont-remiremont-son-canton","category-saint-die","category-vosges"],"acf":[],"yoast_head":"<!-- This site is optimized with the Yoast SEO plugin v22.5 - https:\/\/yoast.com\/wordpress\/plugins\/seo\/ -->\n<title>Les quartiers de Vosgelis aux couleurs des \u00ab chantiers jeunes \u00bb - Remiremont Info<\/title>\n<meta name=\"robots\" content=\"index, follow, max-snippet:-1, max-image-preview:large, max-video-preview:-1\" \/>\n<link rel=\"canonical\" href=\"https:\/\/vosgesinfo.fr\/remiremontinfo\/2024\/07\/les-quartiers-de-vosgelis-aux-couleurs-des-chantiers-jeunes\/\" \/>\n<meta name=\"twitter:card\" content=\"summary_large_image\" \/>\n<meta name=\"twitter:title\" content=\"Les quartiers de Vosgelis aux couleurs des \u00ab chantiers jeunes \u00bb - Remiremont Info\" \/>\n<meta name=\"twitter:description\" content=\"Dans les quartiers de Vosgelis, \u00ab\u00a0\u00e9t\u00e9\u00a0\u00bb rime avec \u00ab\u00a0chantiers\u00a0\u00bb. Parce qu\u2019il n\u2019est jamais trop t\u00f4t pour donner aux jeunes le [&hellip;]\" \/>\n<meta name=\"twitter:image\" content=\"https:\/\/vosgesinfo.fr\/app\/uploads\/sites\/5\/2024\/07\/thumbnail-vosgelis-juillet-photo-premium.png\" \/>\n<meta name=\"twitter:creator\" content=\"@VosgesInfo88\" \/>\n<meta name=\"twitter:site\" content=\"@VosgesInfo88\" \/>\n<meta name=\"twitter:label1\" content=\"\u00c9crit par\" \/>\n\t<meta name=\"twitter:data1\" content=\"C.K.\" \/>\n\t<meta name=\"twitter:label2\" content=\"Dur\u00e9e de lecture estim\u00e9e\" \/>\n\t<meta name=\"twitter:data2\" content=\"2 minutes\" \/>\n<script type=\"application\/ld+json\" class=\"yoast-schema-graph\">{\"@context\":\"https:\/\/schema.org\",\"@graph\":[{\"@type\":\"Article\",\"@id\":\"https:\/\/vosgesinfo.fr\/remiremontinfo\/2024\/07\/les-quartiers-de-vosgelis-aux-couleurs-des-chantiers-jeunes\/#article\",\"isPartOf\":{\"@id\":\"https:\/\/vosgesinfo.fr\/remiremontinfo\/2024\/07\/les-quartiers-de-vosgelis-aux-couleurs-des-chantiers-jeunes\/\"},\"author\":{\"name\":\"C.K.\",\"@id\":\"https:\/\/vosgesinfo.fr\/remiremontinfo\/#\/schema\/person\/6f9a650eeea99d969b6c4ab78fccbe81\"},\"headline\":\"Les quartiers de Vosgelis aux couleurs des \u00ab chantiers jeunes \u00bb\",\"datePublished\":\"2024-07-22T12:49:23+00:00\",\"dateModified\":\"2024-07-22T12:49:23+00:00\",\"mainEntityOfPage\":{\"@id\":\"https:\/\/vosgesinfo.fr\/remiremontinfo\/2024\/07\/les-quartiers-de-vosgelis-aux-couleurs-des-chantiers-jeunes\/\"},\"wordCount\":444,\"commentCount\":0,\"publisher\":{\"@id\":\"https:\/\/vosgesinfo.fr\/remiremontinfo\/#organization\"},\"image\":{\"@id\":\"https:\/\/vosgesinfo.fr\/remiremontinfo\/2024\/07\/les-quartiers-de-vosgelis-aux-couleurs-des-chantiers-jeunes\/#primaryimage\"},\"thumbnailUrl\":\"https:\/\/vosgesinfo.fr\/app\/uploads\/sites\/5\/2024\/07\/thumbnail-vosgelis-juillet-photo-premium.png\",\"articleSection\":[\"A la Une\",\"Epinal\",\"G\u00e9rardmer\",\"La plaine des vosges\",\"Publi-reportage\",\"Remiremont\",\"Saint-di\u00e9\",\"Vosges\"],\"inLanguage\":\"fr-FR\",\"potentialAction\":[{\"@type\":\"CommentAction\",\"name\":\"Comment\",\"target\":[\"https:\/\/vosgesinfo.fr\/remiremontinfo\/2024\/07\/les-quartiers-de-vosgelis-aux-couleurs-des-chantiers-jeunes\/#respond\"]}]},{\"@type\":\"WebPage\",\"@id\":\"https:\/\/vosgesinfo.fr\/remiremontinfo\/2024\/07\/les-quartiers-de-vosgelis-aux-couleurs-des-chantiers-jeunes\/\",\"url\":\"https:\/\/vosgesinfo.fr\/remiremontinfo\/2024\/07\/les-quartiers-de-vosgelis-aux-couleurs-des-chantiers-jeunes\/\",\"name\":\"Les quartiers de Vosgelis aux couleurs des \u00ab chantiers jeunes \u00bb - Remiremont Info\",\"isPartOf\":{\"@id\":\"https:\/\/vosgesinfo.fr\/remiremontinfo\/#website\"},\"primaryImageOfPage\":{\"@id\":\"https:\/\/vosgesinfo.fr\/remiremontinfo\/2024\/07\/les-quartiers-de-vosgelis-aux-couleurs-des-chantiers-jeunes\/#primaryimage\"},\"image\":{\"@id\":\"https:\/\/vosgesinfo.fr\/remiremontinfo\/2024\/07\/les-quartiers-de-vosgelis-aux-couleurs-des-chantiers-jeunes\/#primaryimage\"},\"thumbnailUrl\":\"https:\/\/vosgesinfo.fr\/app\/uploads\/sites\/5\/2024\/07\/thumbnail-vosgelis-juillet-photo-premium.png\",\"datePublished\":\"2024-07-22T12:49:23+00:00\",\"dateModified\":\"2024-07-22T12:49:23+00:00\",\"breadcrumb\":{\"@id\":\"https:\/\/vosgesinfo.fr\/remiremontinfo\/2024\/07\/les-quartiers-de-vosgelis-aux-couleurs-des-chantiers-jeunes\/#breadcrumb\"},\"inLanguage\":\"fr-FR\",\"potentialAction\":[{\"@type\":\"ReadAction\",\"target\":[\"https:\/\/vosgesinfo.fr\/remiremontinfo\/2024\/07\/les-quartiers-de-vosgelis-aux-couleurs-des-chantiers-jeunes\/\"]}]},{\"@type\":\"ImageObject\",\"inLanguage\":\"fr-FR\",\"@id\":\"https:\/\/vosgesinfo.fr\/remiremontinfo\/2024\/07\/les-quartiers-de-vosgelis-aux-couleurs-des-chantiers-jeunes\/#primaryimage\",\"url\":\"https:\/\/vosgesinfo.fr\/app\/uploads\/sites\/5\/2024\/07\/thumbnail-vosgelis-juillet-photo-premium.png\",\"contentUrl\":\"https:\/\/vosgesinfo.fr\/app\/uploads\/sites\/5\/2024\/07\/thumbnail-vosgelis-juillet-photo-premium.png\",\"width\":1172,\"height\":739},{\"@type\":\"BreadcrumbList\",\"@id\":\"https:\/\/vosgesinfo.fr\/remiremontinfo\/2024\/07\/les-quartiers-de-vosgelis-aux-couleurs-des-chantiers-jeunes\/#breadcrumb\",\"itemListElement\":[{\"@type\":\"ListItem\",\"position\":1,\"name\":\"Home\",\"item\":\"https:\/\/vosgesinfo.fr\/remiremontinfo\/\"},{\"@type\":\"ListItem\",\"position\":2,\"name\":\"Les quartiers de Vosgelis aux couleurs des \u00ab chantiers jeunes \u00bb\"}]},{\"@type\":\"WebSite\",\"@id\":\"https:\/\/vosgesinfo.fr\/remiremontinfo\/#website\",\"url\":\"https:\/\/vosgesinfo.fr\/remiremontinfo\/\",\"name\":\"Remiremont Info\",\"description\":\"Toute l&#039;actualit\u00e9 de Remiremont\",\"publisher\":{\"@id\":\"https:\/\/vosgesinfo.fr\/remiremontinfo\/#organization\"},\"alternateName\":\"Toute l'actualit\u00e9 de Remiremont\",\"potentialAction\":[{\"@type\":\"SearchAction\",\"target\":{\"@type\":\"EntryPoint\",\"urlTemplate\":\"https:\/\/vosgesinfo.fr\/remiremontinfo\/?s={search_term_string}\"},\"query-input\":\"required name=search_term_string\"}],\"inLanguage\":\"fr-FR\"},{\"@type\":\"Organization\",\"@id\":\"https:\/\/vosgesinfo.fr\/remiremontinfo\/#organization\",\"name\":\"Remiremont Info\",\"url\":\"https:\/\/vosgesinfo.fr\/remiremontinfo\/\",\"logo\":{\"@type\":\"ImageObject\",\"inLanguage\":\"fr-FR\",\"@id\":\"https:\/\/vosgesinfo.fr\/remiremontinfo\/#\/schema\/logo\/image\/\",\"url\":\"https:\/\/vosgesinfo.fr\/app\/uploads\/sites\/5\/2023\/08\/favicon-remiremontinfo.png\",\"contentUrl\":\"https:\/\/vosgesinfo.fr\/app\/uploads\/sites\/5\/2023\/08\/favicon-remiremontinfo.png\",\"width\":512,\"height\":512,\"caption\":\"Remiremont Info\"},\"image\":{\"@id\":\"https:\/\/vosgesinfo.fr\/remiremontinfo\/#\/schema\/logo\/image\/\"},\"sameAs\":[\"https:\/\/www.facebook.com\/remiremontinfo\",\"https:\/\/x.com\/VosgesInfo88\",\"https:\/\/www.youtube.com\/@vosgesinfo\"]},{\"@type\":\"Person\",\"@id\":\"https:\/\/vosgesinfo.fr\/remiremontinfo\/#\/schema\/person\/6f9a650eeea99d969b6c4ab78fccbe81\",\"name\":\"C.K.\",\"image\":{\"@type\":\"ImageObject\",\"inLanguage\":\"fr-FR\",\"@id\":\"https:\/\/vosgesinfo.fr\/remiremontinfo\/#\/schema\/person\/image\/\",\"url\":\"https:\/\/secure.gravatar.com\/avatar\/48e3fc7f8421ba8942be6b74a2b7f014ca39bc00dece156b7a8e098ae7dc87bf?s=96&d=mm&r=g\",\"contentUrl\":\"https:\/\/secure.gravatar.com\/avatar\/48e3fc7f8421ba8942be6b74a2b7f014ca39bc00dece156b7a8e098ae7dc87bf?s=96&d=mm&r=g\",\"caption\":\"C.K.\"},\"url\":\"https:\/\/vosgesinfo.fr\/remiremontinfo\/author\/celia-k-n\/\"}]}<\/script>\n<!-- \/ Yoast SEO plugin. -->","yoast_head_json":{"title":"Les quartiers de Vosgelis aux couleurs des \u00ab chantiers jeunes \u00bb - Remiremont Info","robots":{"index":"index","follow":"follow","max-snippet":"max-snippet:-1","max-image-preview":"max-image-preview:large","max-video-preview":"max-video-preview:-1"},"canonical":"https:\/\/vosgesinfo.fr\/remiremontinfo\/2024\/07\/les-quartiers-de-vosgelis-aux-couleurs-des-chantiers-jeunes\/","twitter_card":"summary_large_image","twitter_title":"Les quartiers de Vosgelis aux couleurs des \u00ab chantiers jeunes \u00bb - Remiremont Info","twitter_description":"Dans les quartiers de Vosgelis, \u00ab\u00a0\u00e9t\u00e9\u00a0\u00bb rime avec \u00ab\u00a0chantiers\u00a0\u00bb. Parce qu\u2019il n\u2019est jamais trop t\u00f4t pour donner aux jeunes le [&hellip;]","twitter_image":"https:\/\/vosgesinfo.fr\/app\/uploads\/sites\/5\/2024\/07\/thumbnail-vosgelis-juillet-photo-premium.png","twitter_creator":"@VosgesInfo88","twitter_site":"@VosgesInfo88","twitter_misc":{"\u00c9crit par":"C.K.","Dur\u00e9e de lecture estim\u00e9e":"2 minutes"},"schema":{"@context":"https:\/\/schema.org","@graph":[{"@type":"Article","@id":"https:\/\/vosgesinfo.fr\/remiremontinfo\/2024\/07\/les-quartiers-de-vosgelis-aux-couleurs-des-chantiers-jeunes\/#article","isPartOf":{"@id":"https:\/\/vosgesinfo.fr\/remiremontinfo\/2024\/07\/les-quartiers-de-vosgelis-aux-couleurs-des-chantiers-jeunes\/"},"author":{"name":"C.K.","@id":"https:\/\/vosgesinfo.fr\/remiremontinfo\/#\/schema\/person\/6f9a650eeea99d969b6c4ab78fccbe81"},"headline":"Les quartiers de Vosgelis aux couleurs des \u00ab chantiers jeunes \u00bb","datePublished":"2024-07-22T12:49:23+00:00","dateModified":"2024-07-22T12:49:23+00:00","mainEntityOfPage":{"@id":"https:\/\/vosgesinfo.fr\/remiremontinfo\/2024\/07\/les-quartiers-de-vosgelis-aux-couleurs-des-chantiers-jeunes\/"},"wordCount":444,"commentCount":0,"publisher":{"@id":"https:\/\/vosgesinfo.fr\/remiremontinfo\/#organization"},"image":{"@id":"https:\/\/vosgesinfo.fr\/remiremontinfo\/2024\/07\/les-quartiers-de-vosgelis-aux-couleurs-des-chantiers-jeunes\/#primaryimage"},"thumbnailUrl":"https:\/\/vosgesinfo.fr\/app\/uploads\/sites\/5\/2024\/07\/thumbnail-vosgelis-juillet-photo-premium.png","articleSection":["A la Une","Epinal","G\u00e9rardmer","La plaine des vosges","Publi-reportage","Remiremont","Saint-di\u00e9","Vosges"],"inLanguage":"fr-FR","potentialAction":[{"@type":"CommentAction","name":"Comment","target":["https:\/\/vosgesinfo.fr\/remiremontinfo\/2024\/07\/les-quartiers-de-vosgelis-aux-couleurs-des-chantiers-jeunes\/#respond"]}]},{"@type":"WebPage","@id":"https:\/\/vosgesinfo.fr\/remiremontinfo\/2024\/07\/les-quartiers-de-vosgelis-aux-couleurs-des-chantiers-jeunes\/","url":"https:\/\/vosgesinfo.fr\/remiremontinfo\/2024\/07\/les-quartiers-de-vosgelis-aux-couleurs-des-chantiers-jeunes\/","name":"Les quartiers de Vosgelis aux couleurs des \u00ab chantiers jeunes \u00bb - Remiremont Info","isPartOf":{"@id":"https:\/\/vosgesinfo.fr\/remiremontinfo\/#website"},"primaryImageOfPage":{"@id":"https:\/\/vosgesinfo.fr\/remiremontinfo\/2024\/07\/les-quartiers-de-vosgelis-aux-couleurs-des-chantiers-jeunes\/#primaryimage"},"image":{"@id":"https:\/\/vosgesinfo.fr\/remiremontinfo\/2024\/07\/les-quartiers-de-vosgelis-aux-couleurs-des-chantiers-jeunes\/#primaryimage"},"thumbnailUrl":"https:\/\/vosgesinfo.fr\/app\/uploads\/sites\/5\/2024\/07\/thumbnail-vosgelis-juillet-photo-premium.png","datePublished":"2024-07-22T12:49:23+00:00","dateModified":"2024-07-22T12:49:23+00:00","breadcrumb":{"@id":"https:\/\/vosgesinfo.fr\/remiremontinfo\/2024\/07\/les-quartiers-de-vosgelis-aux-couleurs-des-chantiers-jeunes\/#breadcrumb"},"inLanguage":"fr-FR","potentialAction":[{"@type":"ReadAction","target":["https:\/\/vosgesinfo.fr\/remiremontinfo\/2024\/07\/les-quartiers-de-vosgelis-aux-couleurs-des-chantiers-jeunes\/"]}]},{"@type":"ImageObject","inLanguage":"fr-FR","@id":"https:\/\/vosgesinfo.fr\/remiremontinfo\/2024\/07\/les-quartiers-de-vosgelis-aux-couleurs-des-chantiers-jeunes\/#primaryimage","url":"https:\/\/vosgesinfo.fr\/app\/uploads\/sites\/5\/2024\/07\/thumbnail-vosgelis-juillet-photo-premium.png","contentUrl":"https:\/\/vosgesinfo.fr\/app\/uploads\/sites\/5\/2024\/07\/thumbnail-vosgelis-juillet-photo-premium.png","width":1172,"height":739},{"@type":"BreadcrumbList","@id":"https:\/\/vosgesinfo.fr\/remiremontinfo\/2024\/07\/les-quartiers-de-vosgelis-aux-couleurs-des-chantiers-jeunes\/#breadcrumb","itemListElement":[{"@type":"ListItem","position":1,"name":"Home","item":"https:\/\/vosgesinfo.fr\/remiremontinfo\/"},{"@type":"ListItem","position":2,"name":"Les quartiers de Vosgelis aux couleurs des \u00ab chantiers jeunes \u00bb"}]},{"@type":"WebSite","@id":"https:\/\/vosgesinfo.fr\/remiremontinfo\/#website","url":"https:\/\/vosgesinfo.fr\/remiremontinfo\/","name":"Remiremont Info","description":"Toute l&#039;actualit\u00e9 de Remiremont","publisher":{"@id":"https:\/\/vosgesinfo.fr\/remiremontinfo\/#organization"},"alternateName":"Toute l'actualit\u00e9 de Remiremont","potentialAction":[{"@type":"SearchAction","target":{"@type":"EntryPoint","urlTemplate":"https:\/\/vosgesinfo.fr\/remiremontinfo\/?s={search_term_string}"},"query-input":"required name=search_term_string"}],"inLanguage":"fr-FR"},{"@type":"Organization","@id":"https:\/\/vosgesinfo.fr\/remiremontinfo\/#organization","name":"Remiremont Info","url":"https:\/\/vosgesinfo.fr\/remiremontinfo\/","logo":{"@type":"ImageObject","inLanguage":"fr-FR","@id":"https:\/\/vosgesinfo.fr\/remiremontinfo\/#\/schema\/logo\/image\/","url":"https:\/\/vosgesinfo.fr\/app\/uploads\/sites\/5\/2023\/08\/favicon-remiremontinfo.png","contentUrl":"https:\/\/vosgesinfo.fr\/app\/uploads\/sites\/5\/2023\/08\/favicon-remiremontinfo.png","width":512,"height":512,"caption":"Remiremont Info"},"image":{"@id":"https:\/\/vosgesinfo.fr\/remiremontinfo\/#\/schema\/logo\/image\/"},"sameAs":["https:\/\/www.facebook.com\/remiremontinfo","https:\/\/x.com\/VosgesInfo88","https:\/\/www.youtube.com\/@vosgesinfo"]},{"@type":"Person","@id":"https:\/\/vosgesinfo.fr\/remiremontinfo\/#\/schema\/person\/6f9a650eeea99d969b6c4ab78fccbe81","name":"C.K.","image":{"@type":"ImageObject","inLanguage":"fr-FR","@id":"https:\/\/vosgesinfo.fr\/remiremontinfo\/#\/schema\/person\/image\/","url":"https:\/\/secure.gravatar.com\/avatar\/48e3fc7f8421ba8942be6b74a2b7f014ca39bc00dece156b7a8e098ae7dc87bf?s=96&d=mm&r=g","contentUrl":"https:\/\/secure.gravatar.com\/avatar\/48e3fc7f8421ba8942be6b74a2b7f014ca39bc00dece156b7a8e098ae7dc87bf?s=96&d=mm&r=g","caption":"C.K."},"url":"https:\/\/vosgesinfo.fr\/remiremontinfo\/author\/celia-k-n\/"}]}},"_links":{"self":[{"href":"https:\/\/vosgesinfo.fr\/remiremontinfo\/wp-json\/wp\/v2\/posts\/8077","targetHints":{"allow":["GET"]}}],"collection":[{"href":"https:\/\/vosgesinfo.fr\/remiremontinfo\/wp-json\/wp\/v2\/posts"}],"about":[{"href":"https:\/\/vosgesinfo.fr\/remiremontinfo\/wp-json\/wp\/v2\/types\/post"}],"author":[{"embeddable":true,"href":"https:\/\/vosgesinfo.fr\/remiremontinfo\/wp-json\/wp\/v2\/users\/52"}],"replies":[{"embeddable":true,"href":"https:\/\/vosgesinfo.fr\/remiremontinfo\/wp-json\/wp\/v2\/comments?post=8077"}],"version-history":[{"count":0,"href":"https:\/\/vosgesinfo.fr\/remiremontinfo\/wp-json\/wp\/v2\/posts\/8077\/revisions"}],"wp:featuredmedia":[{"embeddable":true,"href":"https:\/\/vosgesinfo.fr\/remiremontinfo\/wp-json\/wp\/v2\/media\/8078"}],"wp:attachment":[{"href":"https:\/\/vosgesinfo.fr\/remiremontinfo\/wp-json\/wp\/v2\/media?parent=8077"}],"wp:term":[{"taxonomy":"category","embeddable":true,"href":"https:\/\/vosgesinfo.fr\/remiremontinfo\/wp-json\/wp\/v2\/categories?post=8077"},{"taxonomy":"post_tag","embeddable":true,"href":"https:\/\/vosgesinfo.fr\/remiremontinfo\/wp-json\/wp\/v2\/tags?post=8077"}],"curies":[{"name":"wp","href":"https:\/\/api.w.org\/{rel}","templated":true}]}}