{"id":80781,"date":"2025-04-13T14:48:33","date_gmt":"2025-04-13T12:48:33","guid":{"rendered":"https:\/\/vosgesinfo.fr\/remiremontinfo\/?p=80781"},"modified":"2025-04-13T13:50:44","modified_gmt":"2025-04-13T11:50:44","slug":"pas-de-modification-de-collecte-des-ordures-menageres-lundi-21-avril-a-la-bresse-saulxures-et-thiefosse","status":"publish","type":"post","link":"https:\/\/vosgesinfo.fr\/remiremontinfo\/2025\/04\/pas-de-modification-de-collecte-des-ordures-menageres-lundi-21-avril-a-la-bresse-saulxures-et-thiefosse\/","title":{"rendered":"Pas de modification de collecte des ordures m\u00e9nag\u00e8res lundi 21 avril \u00e0 La Bresse, Saulxures et Thi\u00e9fosse"},"content":{"rendered":"<p><a href=\"https:\/\/vosgesinfo.fr\/app\/uploads\/sites\/5\/2025\/04\/camion-collecte-copie.jpg\"><img decoding=\"async\" class=\"aligncenter size-full wp-image-80782\" src=\"https:\/\/vosgesinfo.fr\/app\/uploads\/sites\/5\/2025\/04\/camion-collecte-copie.jpg\" alt=\"\" width=\"1037\" height=\"544\" srcset=\"https:\/\/vosgesinfo.fr\/app\/uploads\/sites\/5\/2025\/04\/camion-collecte-copie.jpg 1037w, https:\/\/vosgesinfo.fr\/app\/uploads\/sites\/5\/2025\/04\/camion-collecte-copie-300x157.jpg 300w, https:\/\/vosgesinfo.fr\/app\/uploads\/sites\/5\/2025\/04\/camion-collecte-copie-1024x537.jpg 1024w, https:\/\/vosgesinfo.fr\/app\/uploads\/sites\/5\/2025\/04\/camion-collecte-copie-768x403.jpg 768w\" sizes=\"(max-width: 1037px) 100vw, 1037px\" \/><\/a><\/p>\n<p><strong><u>Pas de modification de collecte des ordures m\u00e9nag\u00e8res pour le lundi 21 avril 2025<\/u>.<\/strong> Les tourn\u00e9es de collecte s&rsquo;effectueront normalement ce jour l\u00e0.<\/p>\n<p>Cela concerne les communes de <b>La Bresse<\/b> (\u00e9carts \/ Chajoux) <b>Saulxures-sur-Moselotte<\/b> (centre) <b>Thi\u00e9fosse <\/b>(centre)<\/p>\n<p>Il est recommand\u00e9 de sortir son bac la veille au soir.<\/p>\n<p><b>Les d\u00e9ch\u00e8teries seront ferm\u00e9es ces jours-l\u00e0.<\/b><\/p>\n","protected":false},"excerpt":{"rendered":"<p>Pas de modification de collecte des ordures m\u00e9nag\u00e8res pour le lundi 21 avril 2025. Les tourn\u00e9es de collecte s&rsquo;effectueront normalement [&hellip;]<\/p>\n","protected":false},"author":418,"featured_media":80782,"comment_status":"open","ping_status":"open","sticky":false,"template":"","format":"standard","meta":{"footnotes":""},"categories":[26,594],"tags":[7729],"class_list":["post-80781","post","type-post","status-publish","format-standard","has-post-thumbnail","hentry","category-a-la-une","category-agenda","tag-collecte-des-ordures-menageres"],"acf":[],"yoast_head":"<!-- This site is optimized with the Yoast SEO plugin v22.5 - https:\/\/yoast.com\/wordpress\/plugins\/seo\/ -->\n<title>Pas de modification de collecte des ordures m\u00e9nag\u00e8res lundi 21 avril \u00e0 La Bresse, Saulxures et Thi\u00e9fosse - Remiremont Info<\/title>\n<meta name=\"robots\" content=\"index, follow, max-snippet:-1, max-image-preview:large, max-video-preview:-1\" \/>\n<link rel=\"canonical\" href=\"https:\/\/vosgesinfo.fr\/remiremontinfo\/2025\/04\/pas-de-modification-de-collecte-des-ordures-menageres-lundi-21-avril-a-la-bresse-saulxures-et-thiefosse\/\" \/>\n<meta name=\"twitter:card\" content=\"summary_large_image\" \/>\n<meta name=\"twitter:title\" content=\"Pas de modification de collecte des ordures m\u00e9nag\u00e8res lundi 21 avril \u00e0 La Bresse, Saulxures et Thi\u00e9fosse - Remiremont Info\" \/>\n<meta name=\"twitter:description\" content=\"Pas de modification de collecte des ordures m\u00e9nag\u00e8res pour le lundi 21 avril 2025. Les tourn\u00e9es de collecte s&rsquo;effectueront normalement [&hellip;]\" \/>\n<meta name=\"twitter:image\" content=\"https:\/\/vosgesinfo.fr\/app\/uploads\/sites\/5\/2025\/04\/camion-collecte-copie.jpg\" \/>\n<meta name=\"twitter:creator\" content=\"@VosgesInfo88\" \/>\n<meta name=\"twitter:site\" content=\"@VosgesInfo88\" \/>\n<meta name=\"twitter:label1\" content=\"\u00c9crit par\" \/>\n\t<meta name=\"twitter:data1\" content=\"C.M\" \/>\n<script type=\"application\/ld+json\" class=\"yoast-schema-graph\">{\"@context\":\"https:\/\/schema.org\",\"@graph\":[{\"@type\":\"Article\",\"@id\":\"https:\/\/vosgesinfo.fr\/remiremontinfo\/2025\/04\/pas-de-modification-de-collecte-des-ordures-menageres-lundi-21-avril-a-la-bresse-saulxures-et-thiefosse\/#article\",\"isPartOf\":{\"@id\":\"https:\/\/vosgesinfo.fr\/remiremontinfo\/2025\/04\/pas-de-modification-de-collecte-des-ordures-menageres-lundi-21-avril-a-la-bresse-saulxures-et-thiefosse\/\"},\"author\":{\"name\":\"C.M\",\"@id\":\"https:\/\/vosgesinfo.fr\/remiremontinfo\/#\/schema\/person\/4f38cd3068e342935b7304695c797d08\"},\"headline\":\"Pas de modification de collecte des ordures m\u00e9nag\u00e8res lundi 21 avril \u00e0 La Bresse, Saulxures et Thi\u00e9fosse\",\"datePublished\":\"2025-04-13T12:48:33+00:00\",\"dateModified\":\"2025-04-13T11:50:44+00:00\",\"mainEntityOfPage\":{\"@id\":\"https:\/\/vosgesinfo.fr\/remiremontinfo\/2025\/04\/pas-de-modification-de-collecte-des-ordures-menageres-lundi-21-avril-a-la-bresse-saulxures-et-thiefosse\/\"},\"wordCount\":77,\"commentCount\":0,\"publisher\":{\"@id\":\"https:\/\/vosgesinfo.fr\/remiremontinfo\/#organization\"},\"image\":{\"@id\":\"https:\/\/vosgesinfo.fr\/remiremontinfo\/2025\/04\/pas-de-modification-de-collecte-des-ordures-menageres-lundi-21-avril-a-la-bresse-saulxures-et-thiefosse\/#primaryimage\"},\"thumbnailUrl\":\"https:\/\/vosgesinfo.fr\/app\/uploads\/sites\/5\/2025\/04\/camion-collecte-copie.jpg\",\"keywords\":[\"Collecte des ordures m\u00e9nag\u00e8res\"],\"articleSection\":[\"A la Une\",\"Agenda\"],\"inLanguage\":\"fr-FR\",\"potentialAction\":[{\"@type\":\"CommentAction\",\"name\":\"Comment\",\"target\":[\"https:\/\/vosgesinfo.fr\/remiremontinfo\/2025\/04\/pas-de-modification-de-collecte-des-ordures-menageres-lundi-21-avril-a-la-bresse-saulxures-et-thiefosse\/#respond\"]}]},{\"@type\":\"WebPage\",\"@id\":\"https:\/\/vosgesinfo.fr\/remiremontinfo\/2025\/04\/pas-de-modification-de-collecte-des-ordures-menageres-lundi-21-avril-a-la-bresse-saulxures-et-thiefosse\/\",\"url\":\"https:\/\/vosgesinfo.fr\/remiremontinfo\/2025\/04\/pas-de-modification-de-collecte-des-ordures-menageres-lundi-21-avril-a-la-bresse-saulxures-et-thiefosse\/\",\"name\":\"Pas de modification de collecte des ordures m\u00e9nag\u00e8res lundi 21 avril \u00e0 La Bresse, Saulxures et Thi\u00e9fosse - Remiremont Info\",\"isPartOf\":{\"@id\":\"https:\/\/vosgesinfo.fr\/remiremontinfo\/#website\"},\"primaryImageOfPage\":{\"@id\":\"https:\/\/vosgesinfo.fr\/remiremontinfo\/2025\/04\/pas-de-modification-de-collecte-des-ordures-menageres-lundi-21-avril-a-la-bresse-saulxures-et-thiefosse\/#primaryimage\"},\"image\":{\"@id\":\"https:\/\/vosgesinfo.fr\/remiremontinfo\/2025\/04\/pas-de-modification-de-collecte-des-ordures-menageres-lundi-21-avril-a-la-bresse-saulxures-et-thiefosse\/#primaryimage\"},\"thumbnailUrl\":\"https:\/\/vosgesinfo.fr\/app\/uploads\/sites\/5\/2025\/04\/camion-collecte-copie.jpg\",\"datePublished\":\"2025-04-13T12:48:33+00:00\",\"dateModified\":\"2025-04-13T11:50:44+00:00\",\"breadcrumb\":{\"@id\":\"https:\/\/vosgesinfo.fr\/remiremontinfo\/2025\/04\/pas-de-modification-de-collecte-des-ordures-menageres-lundi-21-avril-a-la-bresse-saulxures-et-thiefosse\/#breadcrumb\"},\"inLanguage\":\"fr-FR\",\"potentialAction\":[{\"@type\":\"ReadAction\",\"target\":[\"https:\/\/vosgesinfo.fr\/remiremontinfo\/2025\/04\/pas-de-modification-de-collecte-des-ordures-menageres-lundi-21-avril-a-la-bresse-saulxures-et-thiefosse\/\"]}]},{\"@type\":\"ImageObject\",\"inLanguage\":\"fr-FR\",\"@id\":\"https:\/\/vosgesinfo.fr\/remiremontinfo\/2025\/04\/pas-de-modification-de-collecte-des-ordures-menageres-lundi-21-avril-a-la-bresse-saulxures-et-thiefosse\/#primaryimage\",\"url\":\"https:\/\/vosgesinfo.fr\/app\/uploads\/sites\/5\/2025\/04\/camion-collecte-copie.jpg\",\"contentUrl\":\"https:\/\/vosgesinfo.fr\/app\/uploads\/sites\/5\/2025\/04\/camion-collecte-copie.jpg\",\"width\":1037,\"height\":544},{\"@type\":\"BreadcrumbList\",\"@id\":\"https:\/\/vosgesinfo.fr\/remiremontinfo\/2025\/04\/pas-de-modification-de-collecte-des-ordures-menageres-lundi-21-avril-a-la-bresse-saulxures-et-thiefosse\/#breadcrumb\",\"itemListElement\":[{\"@type\":\"ListItem\",\"position\":1,\"name\":\"Home\",\"item\":\"https:\/\/vosgesinfo.fr\/remiremontinfo\/\"},{\"@type\":\"ListItem\",\"position\":2,\"name\":\"Pas de modification de collecte des ordures m\u00e9nag\u00e8res lundi 21 avril \u00e0 La Bresse, Saulxures et Thi\u00e9fosse\"}]},{\"@type\":\"WebSite\",\"@id\":\"https:\/\/vosgesinfo.fr\/remiremontinfo\/#website\",\"url\":\"https:\/\/vosgesinfo.fr\/remiremontinfo\/\",\"name\":\"Remiremont Info\",\"description\":\"Toute l&#039;actualit\u00e9 de Remiremont\",\"publisher\":{\"@id\":\"https:\/\/vosgesinfo.fr\/remiremontinfo\/#organization\"},\"alternateName\":\"Toute l'actualit\u00e9 de Remiremont\",\"potentialAction\":[{\"@type\":\"SearchAction\",\"target\":{\"@type\":\"EntryPoint\",\"urlTemplate\":\"https:\/\/vosgesinfo.fr\/remiremontinfo\/?s={search_term_string}\"},\"query-input\":\"required name=search_term_string\"}],\"inLanguage\":\"fr-FR\"},{\"@type\":\"Organization\",\"@id\":\"https:\/\/vosgesinfo.fr\/remiremontinfo\/#organization\",\"name\":\"Remiremont Info\",\"url\":\"https:\/\/vosgesinfo.fr\/remiremontinfo\/\",\"logo\":{\"@type\":\"ImageObject\",\"inLanguage\":\"fr-FR\",\"@id\":\"https:\/\/vosgesinfo.fr\/remiremontinfo\/#\/schema\/logo\/image\/\",\"url\":\"https:\/\/vosgesinfo.fr\/app\/uploads\/sites\/5\/2023\/08\/favicon-remiremontinfo.png\",\"contentUrl\":\"https:\/\/vosgesinfo.fr\/app\/uploads\/sites\/5\/2023\/08\/favicon-remiremontinfo.png\",\"width\":512,\"height\":512,\"caption\":\"Remiremont Info\"},\"image\":{\"@id\":\"https:\/\/vosgesinfo.fr\/remiremontinfo\/#\/schema\/logo\/image\/\"},\"sameAs\":[\"https:\/\/www.facebook.com\/remiremontinfo\",\"https:\/\/x.com\/VosgesInfo88\",\"https:\/\/www.youtube.com\/@vosgesinfo\"]},{\"@type\":\"Person\",\"@id\":\"https:\/\/vosgesinfo.fr\/remiremontinfo\/#\/schema\/person\/4f38cd3068e342935b7304695c797d08\",\"name\":\"C.M\",\"image\":{\"@type\":\"ImageObject\",\"inLanguage\":\"fr-FR\",\"@id\":\"https:\/\/vosgesinfo.fr\/remiremontinfo\/#\/schema\/person\/image\/\",\"url\":\"https:\/\/secure.gravatar.com\/avatar\/fe9daaef0164d920717484172682f3c5c9bcf7d42aa8c7048c76c34f0eb6c8da?s=96&d=mm&r=g\",\"contentUrl\":\"https:\/\/secure.gravatar.com\/avatar\/fe9daaef0164d920717484172682f3c5c9bcf7d42aa8c7048c76c34f0eb6c8da?s=96&d=mm&r=g\",\"caption\":\"C.M\"},\"url\":\"https:\/\/vosgesinfo.fr\/remiremontinfo\/author\/cm88200\/\"}]}<\/script>\n<!-- \/ Yoast SEO plugin. -->","yoast_head_json":{"title":"Pas de modification de collecte des ordures m\u00e9nag\u00e8res lundi 21 avril \u00e0 La Bresse, Saulxures et Thi\u00e9fosse - Remiremont Info","robots":{"index":"index","follow":"follow","max-snippet":"max-snippet:-1","max-image-preview":"max-image-preview:large","max-video-preview":"max-video-preview:-1"},"canonical":"https:\/\/vosgesinfo.fr\/remiremontinfo\/2025\/04\/pas-de-modification-de-collecte-des-ordures-menageres-lundi-21-avril-a-la-bresse-saulxures-et-thiefosse\/","twitter_card":"summary_large_image","twitter_title":"Pas de modification de collecte des ordures m\u00e9nag\u00e8res lundi 21 avril \u00e0 La Bresse, Saulxures et Thi\u00e9fosse - Remiremont Info","twitter_description":"Pas de modification de collecte des ordures m\u00e9nag\u00e8res pour le lundi 21 avril 2025. Les tourn\u00e9es de collecte s&rsquo;effectueront normalement [&hellip;]","twitter_image":"https:\/\/vosgesinfo.fr\/app\/uploads\/sites\/5\/2025\/04\/camion-collecte-copie.jpg","twitter_creator":"@VosgesInfo88","twitter_site":"@VosgesInfo88","twitter_misc":{"\u00c9crit par":"C.M"},"schema":{"@context":"https:\/\/schema.org","@graph":[{"@type":"Article","@id":"https:\/\/vosgesinfo.fr\/remiremontinfo\/2025\/04\/pas-de-modification-de-collecte-des-ordures-menageres-lundi-21-avril-a-la-bresse-saulxures-et-thiefosse\/#article","isPartOf":{"@id":"https:\/\/vosgesinfo.fr\/remiremontinfo\/2025\/04\/pas-de-modification-de-collecte-des-ordures-menageres-lundi-21-avril-a-la-bresse-saulxures-et-thiefosse\/"},"author":{"name":"C.M","@id":"https:\/\/vosgesinfo.fr\/remiremontinfo\/#\/schema\/person\/4f38cd3068e342935b7304695c797d08"},"headline":"Pas de modification de collecte des ordures m\u00e9nag\u00e8res lundi 21 avril \u00e0 La Bresse, Saulxures et Thi\u00e9fosse","datePublished":"2025-04-13T12:48:33+00:00","dateModified":"2025-04-13T11:50:44+00:00","mainEntityOfPage":{"@id":"https:\/\/vosgesinfo.fr\/remiremontinfo\/2025\/04\/pas-de-modification-de-collecte-des-ordures-menageres-lundi-21-avril-a-la-bresse-saulxures-et-thiefosse\/"},"wordCount":77,"commentCount":0,"publisher":{"@id":"https:\/\/vosgesinfo.fr\/remiremontinfo\/#organization"},"image":{"@id":"https:\/\/vosgesinfo.fr\/remiremontinfo\/2025\/04\/pas-de-modification-de-collecte-des-ordures-menageres-lundi-21-avril-a-la-bresse-saulxures-et-thiefosse\/#primaryimage"},"thumbnailUrl":"https:\/\/vosgesinfo.fr\/app\/uploads\/sites\/5\/2025\/04\/camion-collecte-copie.jpg","keywords":["Collecte des ordures m\u00e9nag\u00e8res"],"articleSection":["A la Une","Agenda"],"inLanguage":"fr-FR","potentialAction":[{"@type":"CommentAction","name":"Comment","target":["https:\/\/vosgesinfo.fr\/remiremontinfo\/2025\/04\/pas-de-modification-de-collecte-des-ordures-menageres-lundi-21-avril-a-la-bresse-saulxures-et-thiefosse\/#respond"]}]},{"@type":"WebPage","@id":"https:\/\/vosgesinfo.fr\/remiremontinfo\/2025\/04\/pas-de-modification-de-collecte-des-ordures-menageres-lundi-21-avril-a-la-bresse-saulxures-et-thiefosse\/","url":"https:\/\/vosgesinfo.fr\/remiremontinfo\/2025\/04\/pas-de-modification-de-collecte-des-ordures-menageres-lundi-21-avril-a-la-bresse-saulxures-et-thiefosse\/","name":"Pas de modification de collecte des ordures m\u00e9nag\u00e8res lundi 21 avril \u00e0 La Bresse, Saulxures et Thi\u00e9fosse - Remiremont Info","isPartOf":{"@id":"https:\/\/vosgesinfo.fr\/remiremontinfo\/#website"},"primaryImageOfPage":{"@id":"https:\/\/vosgesinfo.fr\/remiremontinfo\/2025\/04\/pas-de-modification-de-collecte-des-ordures-menageres-lundi-21-avril-a-la-bresse-saulxures-et-thiefosse\/#primaryimage"},"image":{"@id":"https:\/\/vosgesinfo.fr\/remiremontinfo\/2025\/04\/pas-de-modification-de-collecte-des-ordures-menageres-lundi-21-avril-a-la-bresse-saulxures-et-thiefosse\/#primaryimage"},"thumbnailUrl":"https:\/\/vosgesinfo.fr\/app\/uploads\/sites\/5\/2025\/04\/camion-collecte-copie.jpg","datePublished":"2025-04-13T12:48:33+00:00","dateModified":"2025-04-13T11:50:44+00:00","breadcrumb":{"@id":"https:\/\/vosgesinfo.fr\/remiremontinfo\/2025\/04\/pas-de-modification-de-collecte-des-ordures-menageres-lundi-21-avril-a-la-bresse-saulxures-et-thiefosse\/#breadcrumb"},"inLanguage":"fr-FR","potentialAction":[{"@type":"ReadAction","target":["https:\/\/vosgesinfo.fr\/remiremontinfo\/2025\/04\/pas-de-modification-de-collecte-des-ordures-menageres-lundi-21-avril-a-la-bresse-saulxures-et-thiefosse\/"]}]},{"@type":"ImageObject","inLanguage":"fr-FR","@id":"https:\/\/vosgesinfo.fr\/remiremontinfo\/2025\/04\/pas-de-modification-de-collecte-des-ordures-menageres-lundi-21-avril-a-la-bresse-saulxures-et-thiefosse\/#primaryimage","url":"https:\/\/vosgesinfo.fr\/app\/uploads\/sites\/5\/2025\/04\/camion-collecte-copie.jpg","contentUrl":"https:\/\/vosgesinfo.fr\/app\/uploads\/sites\/5\/2025\/04\/camion-collecte-copie.jpg","width":1037,"height":544},{"@type":"BreadcrumbList","@id":"https:\/\/vosgesinfo.fr\/remiremontinfo\/2025\/04\/pas-de-modification-de-collecte-des-ordures-menageres-lundi-21-avril-a-la-bresse-saulxures-et-thiefosse\/#breadcrumb","itemListElement":[{"@type":"ListItem","position":1,"name":"Home","item":"https:\/\/vosgesinfo.fr\/remiremontinfo\/"},{"@type":"ListItem","position":2,"name":"Pas de modification de collecte des ordures m\u00e9nag\u00e8res lundi 21 avril \u00e0 La Bresse, Saulxures et Thi\u00e9fosse"}]},{"@type":"WebSite","@id":"https:\/\/vosgesinfo.fr\/remiremontinfo\/#website","url":"https:\/\/vosgesinfo.fr\/remiremontinfo\/","name":"Remiremont Info","description":"Toute l&#039;actualit\u00e9 de Remiremont","publisher":{"@id":"https:\/\/vosgesinfo.fr\/remiremontinfo\/#organization"},"alternateName":"Toute l'actualit\u00e9 de Remiremont","potentialAction":[{"@type":"SearchAction","target":{"@type":"EntryPoint","urlTemplate":"https:\/\/vosgesinfo.fr\/remiremontinfo\/?s={search_term_string}"},"query-input":"required name=search_term_string"}],"inLanguage":"fr-FR"},{"@type":"Organization","@id":"https:\/\/vosgesinfo.fr\/remiremontinfo\/#organization","name":"Remiremont Info","url":"https:\/\/vosgesinfo.fr\/remiremontinfo\/","logo":{"@type":"ImageObject","inLanguage":"fr-FR","@id":"https:\/\/vosgesinfo.fr\/remiremontinfo\/#\/schema\/logo\/image\/","url":"https:\/\/vosgesinfo.fr\/app\/uploads\/sites\/5\/2023\/08\/favicon-remiremontinfo.png","contentUrl":"https:\/\/vosgesinfo.fr\/app\/uploads\/sites\/5\/2023\/08\/favicon-remiremontinfo.png","width":512,"height":512,"caption":"Remiremont Info"},"image":{"@id":"https:\/\/vosgesinfo.fr\/remiremontinfo\/#\/schema\/logo\/image\/"},"sameAs":["https:\/\/www.facebook.com\/remiremontinfo","https:\/\/x.com\/VosgesInfo88","https:\/\/www.youtube.com\/@vosgesinfo"]},{"@type":"Person","@id":"https:\/\/vosgesinfo.fr\/remiremontinfo\/#\/schema\/person\/4f38cd3068e342935b7304695c797d08","name":"C.M","image":{"@type":"ImageObject","inLanguage":"fr-FR","@id":"https:\/\/vosgesinfo.fr\/remiremontinfo\/#\/schema\/person\/image\/","url":"https:\/\/secure.gravatar.com\/avatar\/fe9daaef0164d920717484172682f3c5c9bcf7d42aa8c7048c76c34f0eb6c8da?s=96&d=mm&r=g","contentUrl":"https:\/\/secure.gravatar.com\/avatar\/fe9daaef0164d920717484172682f3c5c9bcf7d42aa8c7048c76c34f0eb6c8da?s=96&d=mm&r=g","caption":"C.M"},"url":"https:\/\/vosgesinfo.fr\/remiremontinfo\/author\/cm88200\/"}]}},"_links":{"self":[{"href":"https:\/\/vosgesinfo.fr\/remiremontinfo\/wp-json\/wp\/v2\/posts\/80781","targetHints":{"allow":["GET"]}}],"collection":[{"href":"https:\/\/vosgesinfo.fr\/remiremontinfo\/wp-json\/wp\/v2\/posts"}],"about":[{"href":"https:\/\/vosgesinfo.fr\/remiremontinfo\/wp-json\/wp\/v2\/types\/post"}],"author":[{"embeddable":true,"href":"https:\/\/vosgesinfo.fr\/remiremontinfo\/wp-json\/wp\/v2\/users\/418"}],"replies":[{"embeddable":true,"href":"https:\/\/vosgesinfo.fr\/remiremontinfo\/wp-json\/wp\/v2\/comments?post=80781"}],"version-history":[{"count":1,"href":"https:\/\/vosgesinfo.fr\/remiremontinfo\/wp-json\/wp\/v2\/posts\/80781\/revisions"}],"predecessor-version":[{"id":80783,"href":"https:\/\/vosgesinfo.fr\/remiremontinfo\/wp-json\/wp\/v2\/posts\/80781\/revisions\/80783"}],"wp:featuredmedia":[{"embeddable":true,"href":"https:\/\/vosgesinfo.fr\/remiremontinfo\/wp-json\/wp\/v2\/media\/80782"}],"wp:attachment":[{"href":"https:\/\/vosgesinfo.fr\/remiremontinfo\/wp-json\/wp\/v2\/media?parent=80781"}],"wp:term":[{"taxonomy":"category","embeddable":true,"href":"https:\/\/vosgesinfo.fr\/remiremontinfo\/wp-json\/wp\/v2\/categories?post=80781"},{"taxonomy":"post_tag","embeddable":true,"href":"https:\/\/vosgesinfo.fr\/remiremontinfo\/wp-json\/wp\/v2\/tags?post=80781"}],"curies":[{"name":"wp","href":"https:\/\/api.w.org\/{rel}","templated":true}]}}