{"id":80792,"date":"2025-04-14T10:14:40","date_gmt":"2025-04-14T08:14:40","guid":{"rendered":"https:\/\/vosgesinfo.fr\/remiremontinfo\/?p=80792"},"modified":"2025-04-14T10:14:40","modified_gmt":"2025-04-14T08:14:40","slug":"edwy-plenel-fait-salle-comble-au-majestic-avec-le-documentaire-personne-ny-comprend-rien","status":"publish","type":"post","link":"https:\/\/vosgesinfo.fr\/remiremontinfo\/2025\/04\/edwy-plenel-fait-salle-comble-au-majestic-avec-le-documentaire-personne-ny-comprend-rien\/","title":{"rendered":"Edwy Plenel fait salle comble au Majestic avec le documentaire \u00ab\u00a0Personne n\u2019y comprend rien !\u00a0\u00bb"},"content":{"rendered":"<p data-pm-slice=\"0 0 []\"><a href=\"https:\/\/vosgesinfo.fr\/app\/uploads\/sites\/5\/2025\/04\/edwy-plenel-remiremont-1-scaled.jpg\"><img decoding=\"async\" class=\"aligncenter size-full wp-image-80796\" src=\"https:\/\/vosgesinfo.fr\/app\/uploads\/sites\/5\/2025\/04\/edwy-plenel-remiremont-1-scaled.jpg\" alt=\"\" width=\"2560\" height=\"1920\" srcset=\"https:\/\/vosgesinfo.fr\/app\/uploads\/sites\/5\/2025\/04\/edwy-plenel-remiremont-1-scaled.jpg 2560w, https:\/\/vosgesinfo.fr\/app\/uploads\/sites\/5\/2025\/04\/edwy-plenel-remiremont-1-300x225.jpg 300w, https:\/\/vosgesinfo.fr\/app\/uploads\/sites\/5\/2025\/04\/edwy-plenel-remiremont-1-1024x768.jpg 1024w, https:\/\/vosgesinfo.fr\/app\/uploads\/sites\/5\/2025\/04\/edwy-plenel-remiremont-1-768x576.jpg 768w, https:\/\/vosgesinfo.fr\/app\/uploads\/sites\/5\/2025\/04\/edwy-plenel-remiremont-1-1536x1152.jpg 1536w, https:\/\/vosgesinfo.fr\/app\/uploads\/sites\/5\/2025\/04\/edwy-plenel-remiremont-1-2048x1536.jpg 2048w\" sizes=\"(max-width: 2560px) 100vw, 2560px\" \/><\/a><\/p>\n<p data-pm-slice=\"0 0 []\"><strong>Ce dimanche, le cin\u00e9ma Majestic de Remiremont affichait complet \u00e0 l\u2019occasion d\u2019une s\u00e9ance exceptionnelle organis\u00e9e par l\u2019association Passion Cin\u00e9ma, avec la venue d\u2019Edwy Plenel, cofondateur de Mediapart. Une rencontre qui a rassembl\u00e9 pr\u00e8s de 115 spectateurs, faisant salle comble, venus assister \u00e0 la projection du documentaire \u00ab\u00a0Personne n\u2019y comprend rien !\u00a0\u00bb, sorti d\u00e9but 2025.<\/strong><\/p>\n<p>Le film retrace l\u2019affaire Sarkozy-Kadhafi, r\u00e9v\u00e9l\u00e9e en 2012 par Mediapart, lorsque le site d\u2019investigation publie des documents \u00e9voquant un financement occulte de la campagne pr\u00e9sidentielle de Nicolas Sarkozy par le r\u00e9gime libyen. \u00c0 l\u2019\u00e9poque, cette r\u00e9v\u00e9lation est largement ignor\u00e9e par les grands m\u00e9dias, laissant Mediapart seul face au silence g\u00e9n\u00e9ral. Ce constat d\u2019isolement est d\u2019ailleurs \u00e0 l\u2019origine du titre du film, en r\u00e9f\u00e9rence \u00e0 une phrase prononc\u00e9e par Nicolas Sarkozy lui-m\u00eame.<\/p>\n<p>Le documentaire, soutenu par une campagne de financement participatif ayant rassembl\u00e9 550 000 euros de dons, conna\u00eet depuis sa sortie un v\u00e9ritable succ\u00e8s avec 150 000 entr\u00e9es en salles \u00e0 ce jour.<\/p>\n<p>Edwy Plenel a \u00e9chang\u00e9 longuement avec le public, avant la diffusion, revenant sur les enjeux du journalisme d\u2019investigation, les pressions subies par les m\u00e9dias ind\u00e9pendants et l\u2019importance cruciale de l\u2019ind\u00e9pendance de la presse dans une d\u00e9mocratie. Il a \u00e9galement partag\u00e9 sa vision du m\u00e9tier de journaliste, tel que le d\u00e9fend Mediapart depuis sa cr\u00e9ation. Il est ensuite revenu \u00e9changer sous forme de questions-r\u00e9ponses avec les spectateurs.<\/p>\n<p>Un moment fort, \u00e0 la fois cin\u00e9matographique et citoyen, salu\u00e9 par les spectateurs pr\u00e9sents et par les organisateurs de cette soir\u00e9e engag\u00e9e.<\/p>\n\n\t\t<style type=\"text\/css\">\n\t\t\t#gallery-1 {\n\t\t\t\tmargin: auto;\n\t\t\t}\n\t\t\t#gallery-1 .gallery-item {\n\t\t\t\tfloat: left;\n\t\t\t\tmargin-top: 10px;\n\t\t\t\ttext-align: center;\n\t\t\t\twidth: 50%;\n\t\t\t}\n\t\t\t#gallery-1 img {\n\t\t\t\tborder: 2px solid #cfcfcf;\n\t\t\t}\n\t\t\t#gallery-1 .gallery-caption {\n\t\t\t\tmargin-left: 0;\n\t\t\t}\n\t\t\t\/* see gallery_shortcode() in wp-includes\/media.php *\/\n\t\t<\/style>\n\t\t<div id='gallery-1' class='gallery galleryid-80792 gallery-columns-2 gallery-size-full'><dl class='gallery-item'>\n\t\t\t<dt class='gallery-icon landscape'>\n\t\t\t\t<a href='https:\/\/vosgesinfo.fr\/remiremontinfo\/2025\/04\/edwy-plenel-fait-salle-comble-au-majestic-avec-le-documentaire-personne-ny-comprend-rien\/edwy-plenel-remiremont\/'><img decoding=\"async\" width=\"2560\" height=\"1920\" src=\"https:\/\/vosgesinfo.fr\/app\/uploads\/sites\/5\/2025\/04\/edwy-plenel-remiremont-scaled.jpg\" class=\"attachment-full size-full\" alt=\"\" srcset=\"https:\/\/vosgesinfo.fr\/app\/uploads\/sites\/5\/2025\/04\/edwy-plenel-remiremont-scaled.jpg 2560w, https:\/\/vosgesinfo.fr\/app\/uploads\/sites\/5\/2025\/04\/edwy-plenel-remiremont-300x225.jpg 300w, https:\/\/vosgesinfo.fr\/app\/uploads\/sites\/5\/2025\/04\/edwy-plenel-remiremont-1024x768.jpg 1024w, https:\/\/vosgesinfo.fr\/app\/uploads\/sites\/5\/2025\/04\/edwy-plenel-remiremont-768x576.jpg 768w, https:\/\/vosgesinfo.fr\/app\/uploads\/sites\/5\/2025\/04\/edwy-plenel-remiremont-1536x1152.jpg 1536w, https:\/\/vosgesinfo.fr\/app\/uploads\/sites\/5\/2025\/04\/edwy-plenel-remiremont-2048x1536.jpg 2048w\" sizes=\"(max-width: 2560px) 100vw, 2560px\" \/><\/a>\n\t\t\t<\/dt><\/dl><dl class='gallery-item'>\n\t\t\t<dt class='gallery-icon landscape'>\n\t\t\t\t<a href='https:\/\/vosgesinfo.fr\/remiremontinfo\/2025\/04\/edwy-plenel-fait-salle-comble-au-majestic-avec-le-documentaire-personne-ny-comprend-rien\/edwy-plenel-remiremont-2\/'><img decoding=\"async\" width=\"2560\" height=\"1920\" src=\"https:\/\/vosgesinfo.fr\/app\/uploads\/sites\/5\/2025\/04\/edwy-plenel-remiremont-2-scaled.jpg\" class=\"attachment-full size-full\" alt=\"\" srcset=\"https:\/\/vosgesinfo.fr\/app\/uploads\/sites\/5\/2025\/04\/edwy-plenel-remiremont-2-scaled.jpg 2560w, https:\/\/vosgesinfo.fr\/app\/uploads\/sites\/5\/2025\/04\/edwy-plenel-remiremont-2-300x225.jpg 300w, https:\/\/vosgesinfo.fr\/app\/uploads\/sites\/5\/2025\/04\/edwy-plenel-remiremont-2-1024x768.jpg 1024w, https:\/\/vosgesinfo.fr\/app\/uploads\/sites\/5\/2025\/04\/edwy-plenel-remiremont-2-768x576.jpg 768w, https:\/\/vosgesinfo.fr\/app\/uploads\/sites\/5\/2025\/04\/edwy-plenel-remiremont-2-1536x1152.jpg 1536w, https:\/\/vosgesinfo.fr\/app\/uploads\/sites\/5\/2025\/04\/edwy-plenel-remiremont-2-2048x1536.jpg 2048w\" sizes=\"(max-width: 2560px) 100vw, 2560px\" \/><\/a>\n\t\t\t<\/dt><\/dl><br style=\"clear: both\" \/><dl class='gallery-item'>\n\t\t\t<dt class='gallery-icon landscape'>\n\t\t\t\t<a href='https:\/\/vosgesinfo.fr\/remiremontinfo\/2025\/04\/edwy-plenel-fait-salle-comble-au-majestic-avec-le-documentaire-personne-ny-comprend-rien\/edwy-plenel-remiremont-3\/'><img decoding=\"async\" width=\"2560\" height=\"1920\" src=\"https:\/\/vosgesinfo.fr\/app\/uploads\/sites\/5\/2025\/04\/edwy-plenel-remiremont-3-scaled.jpg\" class=\"attachment-full size-full\" alt=\"\" srcset=\"https:\/\/vosgesinfo.fr\/app\/uploads\/sites\/5\/2025\/04\/edwy-plenel-remiremont-3-scaled.jpg 2560w, https:\/\/vosgesinfo.fr\/app\/uploads\/sites\/5\/2025\/04\/edwy-plenel-remiremont-3-300x225.jpg 300w, https:\/\/vosgesinfo.fr\/app\/uploads\/sites\/5\/2025\/04\/edwy-plenel-remiremont-3-1024x768.jpg 1024w, https:\/\/vosgesinfo.fr\/app\/uploads\/sites\/5\/2025\/04\/edwy-plenel-remiremont-3-768x576.jpg 768w, https:\/\/vosgesinfo.fr\/app\/uploads\/sites\/5\/2025\/04\/edwy-plenel-remiremont-3-1536x1152.jpg 1536w, https:\/\/vosgesinfo.fr\/app\/uploads\/sites\/5\/2025\/04\/edwy-plenel-remiremont-3-2048x1536.jpg 2048w\" sizes=\"(max-width: 2560px) 100vw, 2560px\" \/><\/a>\n\t\t\t<\/dt><\/dl><dl class='gallery-item'>\n\t\t\t<dt class='gallery-icon landscape'>\n\t\t\t\t<a href='https:\/\/vosgesinfo.fr\/remiremontinfo\/2025\/04\/edwy-plenel-fait-salle-comble-au-majestic-avec-le-documentaire-personne-ny-comprend-rien\/edwy-plenel-remiremont-4\/'><img decoding=\"async\" width=\"2560\" height=\"1920\" src=\"https:\/\/vosgesinfo.fr\/app\/uploads\/sites\/5\/2025\/04\/edwy-plenel-remiremont-4-scaled.jpg\" class=\"attachment-full size-full\" alt=\"\" srcset=\"https:\/\/vosgesinfo.fr\/app\/uploads\/sites\/5\/2025\/04\/edwy-plenel-remiremont-4-scaled.jpg 2560w, https:\/\/vosgesinfo.fr\/app\/uploads\/sites\/5\/2025\/04\/edwy-plenel-remiremont-4-300x225.jpg 300w, https:\/\/vosgesinfo.fr\/app\/uploads\/sites\/5\/2025\/04\/edwy-plenel-remiremont-4-1024x768.jpg 1024w, https:\/\/vosgesinfo.fr\/app\/uploads\/sites\/5\/2025\/04\/edwy-plenel-remiremont-4-768x576.jpg 768w, https:\/\/vosgesinfo.fr\/app\/uploads\/sites\/5\/2025\/04\/edwy-plenel-remiremont-4-1536x1152.jpg 1536w, https:\/\/vosgesinfo.fr\/app\/uploads\/sites\/5\/2025\/04\/edwy-plenel-remiremont-4-2048x1536.jpg 2048w\" sizes=\"(max-width: 2560px) 100vw, 2560px\" \/><\/a>\n\t\t\t<\/dt><\/dl><br style=\"clear: both\" \/>\n\t\t<\/div>\n\n","protected":false},"excerpt":{"rendered":"<p>Ce dimanche, le cin\u00e9ma Majestic de Remiremont affichait complet \u00e0 l\u2019occasion d\u2019une s\u00e9ance exceptionnelle organis\u00e9e par l\u2019association Passion Cin\u00e9ma, avec [&hellip;]<\/p>\n","protected":false},"author":418,"featured_media":80793,"comment_status":"open","ping_status":"open","sticky":false,"template":"","format":"standard","meta":{"footnotes":""},"categories":[26,108,1547,845,43,362,18],"tags":[5032,7692,1272,7693],"class_list":["post-80792","post","type-post","status-publish","format-standard","has-post-thumbnail","hentry","category-a-la-une","category-epinal","category-gerardmer-2","category-la-plaine-des-vosges","category-remiremont-remiremont-son-canton","category-saint-die","category-vosges","tag-cinema-majestic-remiremont","tag-edwy-plenel","tag-passion-cinema","tag-personne-ny-comprend-rien"],"acf":[],"yoast_head":"<!-- This site is optimized with the Yoast SEO plugin v22.5 - https:\/\/yoast.com\/wordpress\/plugins\/seo\/ -->\n<title>Edwy Plenel fait salle comble au Majestic avec le documentaire &quot;Personne n\u2019y comprend rien !&quot; - Remiremont Info<\/title>\n<meta name=\"robots\" content=\"index, follow, max-snippet:-1, max-image-preview:large, max-video-preview:-1\" \/>\n<link rel=\"canonical\" href=\"https:\/\/vosgesinfo.fr\/remiremontinfo\/?p=80792\" \/>\n<meta name=\"twitter:card\" content=\"summary_large_image\" \/>\n<meta name=\"twitter:title\" content=\"Edwy Plenel fait salle comble au Majestic avec le documentaire &quot;Personne n\u2019y comprend rien !&quot; - Remiremont Info\" \/>\n<meta name=\"twitter:description\" content=\"Ce dimanche, le cin\u00e9ma Majestic de Remiremont affichait complet \u00e0 l\u2019occasion d\u2019une s\u00e9ance exceptionnelle organis\u00e9e par l\u2019association Passion Cin\u00e9ma, avec [&hellip;]\" \/>\n<meta name=\"twitter:creator\" content=\"@VosgesInfo88\" \/>\n<meta name=\"twitter:site\" content=\"@VosgesInfo88\" \/>\n<meta name=\"twitter:label1\" content=\"\u00c9crit par\" \/>\n\t<meta name=\"twitter:data1\" content=\"C.M\" \/>\n\t<meta name=\"twitter:label2\" content=\"Dur\u00e9e de lecture estim\u00e9e\" \/>\n\t<meta name=\"twitter:data2\" content=\"1 minute\" \/>\n<script type=\"application\/ld+json\" class=\"yoast-schema-graph\">{\"@context\":\"https:\/\/schema.org\",\"@graph\":[{\"@type\":\"Article\",\"@id\":\"https:\/\/vosgesinfo.fr\/remiremontinfo\/?p=80792#article\",\"isPartOf\":{\"@id\":\"https:\/\/vosgesinfo.fr\/remiremontinfo\/?p=80792\"},\"author\":{\"name\":\"C.M\",\"@id\":\"https:\/\/vosgesinfo.fr\/remiremontinfo\/#\/schema\/person\/4f38cd3068e342935b7304695c797d08\"},\"headline\":\"Edwy Plenel fait salle comble au Majestic avec le documentaire \u00ab\u00a0Personne n\u2019y comprend rien !\u00a0\u00bb\",\"datePublished\":\"2025-04-14T08:14:40+00:00\",\"dateModified\":\"2025-04-14T08:14:40+00:00\",\"mainEntityOfPage\":{\"@id\":\"https:\/\/vosgesinfo.fr\/remiremontinfo\/?p=80792\"},\"wordCount\":301,\"commentCount\":2,\"publisher\":{\"@id\":\"https:\/\/vosgesinfo.fr\/remiremontinfo\/#organization\"},\"image\":{\"@id\":\"https:\/\/vosgesinfo.fr\/remiremontinfo\/?p=80792#primaryimage\"},\"thumbnailUrl\":\"https:\/\/vosgesinfo.fr\/app\/uploads\/sites\/5\/2025\/04\/edwy-plenel-remiremont-4-scaled.jpg\",\"keywords\":[\"cin\u00e9ma majestic remiremont\",\"Edwy Plenel\",\"Passion cin\u00e9ma\",\"Personne n'y comprend rien\"],\"articleSection\":[\"A la Une\",\"Epinal\",\"Gerardmer\",\"La plaine des vosges\",\"Remiremont\",\"Saint-di\u00e9\",\"Vosges\"],\"inLanguage\":\"fr-FR\",\"potentialAction\":[{\"@type\":\"CommentAction\",\"name\":\"Comment\",\"target\":[\"https:\/\/vosgesinfo.fr\/remiremontinfo\/?p=80792#respond\"]}]},{\"@type\":\"WebPage\",\"@id\":\"https:\/\/vosgesinfo.fr\/remiremontinfo\/?p=80792\",\"url\":\"https:\/\/vosgesinfo.fr\/remiremontinfo\/?p=80792\",\"name\":\"Edwy Plenel fait salle comble au Majestic avec le documentaire \\\"Personne n\u2019y comprend rien !\\\" - Remiremont Info\",\"isPartOf\":{\"@id\":\"https:\/\/vosgesinfo.fr\/remiremontinfo\/#website\"},\"primaryImageOfPage\":{\"@id\":\"https:\/\/vosgesinfo.fr\/remiremontinfo\/?p=80792#primaryimage\"},\"image\":{\"@id\":\"https:\/\/vosgesinfo.fr\/remiremontinfo\/?p=80792#primaryimage\"},\"thumbnailUrl\":\"https:\/\/vosgesinfo.fr\/app\/uploads\/sites\/5\/2025\/04\/edwy-plenel-remiremont-4-scaled.jpg\",\"datePublished\":\"2025-04-14T08:14:40+00:00\",\"dateModified\":\"2025-04-14T08:14:40+00:00\",\"breadcrumb\":{\"@id\":\"https:\/\/vosgesinfo.fr\/remiremontinfo\/?p=80792#breadcrumb\"},\"inLanguage\":\"fr-FR\",\"potentialAction\":[{\"@type\":\"ReadAction\",\"target\":[\"https:\/\/vosgesinfo.fr\/remiremontinfo\/?p=80792\"]}]},{\"@type\":\"ImageObject\",\"inLanguage\":\"fr-FR\",\"@id\":\"https:\/\/vosgesinfo.fr\/remiremontinfo\/?p=80792#primaryimage\",\"url\":\"https:\/\/vosgesinfo.fr\/app\/uploads\/sites\/5\/2025\/04\/edwy-plenel-remiremont-4-scaled.jpg\",\"contentUrl\":\"https:\/\/vosgesinfo.fr\/app\/uploads\/sites\/5\/2025\/04\/edwy-plenel-remiremont-4-scaled.jpg\",\"width\":2560,\"height\":1920},{\"@type\":\"BreadcrumbList\",\"@id\":\"https:\/\/vosgesinfo.fr\/remiremontinfo\/?p=80792#breadcrumb\",\"itemListElement\":[{\"@type\":\"ListItem\",\"position\":1,\"name\":\"Home\",\"item\":\"https:\/\/vosgesinfo.fr\/remiremontinfo\/\"},{\"@type\":\"ListItem\",\"position\":2,\"name\":\"Edwy Plenel fait salle comble au Majestic avec le documentaire &#8220;Personne n\u2019y comprend rien !&#8221;\"}]},{\"@type\":\"WebSite\",\"@id\":\"https:\/\/vosgesinfo.fr\/remiremontinfo\/#website\",\"url\":\"https:\/\/vosgesinfo.fr\/remiremontinfo\/\",\"name\":\"Remiremont Info\",\"description\":\"Toute l&#039;actualit\u00e9 de Remiremont\",\"publisher\":{\"@id\":\"https:\/\/vosgesinfo.fr\/remiremontinfo\/#organization\"},\"alternateName\":\"Toute l'actualit\u00e9 de Remiremont\",\"potentialAction\":[{\"@type\":\"SearchAction\",\"target\":{\"@type\":\"EntryPoint\",\"urlTemplate\":\"https:\/\/vosgesinfo.fr\/remiremontinfo\/?s={search_term_string}\"},\"query-input\":\"required name=search_term_string\"}],\"inLanguage\":\"fr-FR\"},{\"@type\":\"Organization\",\"@id\":\"https:\/\/vosgesinfo.fr\/remiremontinfo\/#organization\",\"name\":\"Remiremont Info\",\"url\":\"https:\/\/vosgesinfo.fr\/remiremontinfo\/\",\"logo\":{\"@type\":\"ImageObject\",\"inLanguage\":\"fr-FR\",\"@id\":\"https:\/\/vosgesinfo.fr\/remiremontinfo\/#\/schema\/logo\/image\/\",\"url\":\"https:\/\/vosgesinfo.fr\/app\/uploads\/sites\/5\/2023\/08\/favicon-remiremontinfo.png\",\"contentUrl\":\"https:\/\/vosgesinfo.fr\/app\/uploads\/sites\/5\/2023\/08\/favicon-remiremontinfo.png\",\"width\":512,\"height\":512,\"caption\":\"Remiremont Info\"},\"image\":{\"@id\":\"https:\/\/vosgesinfo.fr\/remiremontinfo\/#\/schema\/logo\/image\/\"},\"sameAs\":[\"https:\/\/www.facebook.com\/remiremontinfo\",\"https:\/\/x.com\/VosgesInfo88\",\"https:\/\/www.youtube.com\/@vosgesinfo\"]},{\"@type\":\"Person\",\"@id\":\"https:\/\/vosgesinfo.fr\/remiremontinfo\/#\/schema\/person\/4f38cd3068e342935b7304695c797d08\",\"name\":\"C.M\",\"image\":{\"@type\":\"ImageObject\",\"inLanguage\":\"fr-FR\",\"@id\":\"https:\/\/vosgesinfo.fr\/remiremontinfo\/#\/schema\/person\/image\/\",\"url\":\"https:\/\/secure.gravatar.com\/avatar\/fe9daaef0164d920717484172682f3c5c9bcf7d42aa8c7048c76c34f0eb6c8da?s=96&d=mm&r=g\",\"contentUrl\":\"https:\/\/secure.gravatar.com\/avatar\/fe9daaef0164d920717484172682f3c5c9bcf7d42aa8c7048c76c34f0eb6c8da?s=96&d=mm&r=g\",\"caption\":\"C.M\"},\"url\":\"https:\/\/vosgesinfo.fr\/remiremontinfo\/author\/cm88200\/\"}]}<\/script>\n<!-- \/ Yoast SEO plugin. -->","yoast_head_json":{"title":"Edwy Plenel fait salle comble au Majestic avec le documentaire \"Personne n\u2019y comprend rien !\" - Remiremont Info","robots":{"index":"index","follow":"follow","max-snippet":"max-snippet:-1","max-image-preview":"max-image-preview:large","max-video-preview":"max-video-preview:-1"},"canonical":"https:\/\/vosgesinfo.fr\/remiremontinfo\/?p=80792","twitter_card":"summary_large_image","twitter_title":"Edwy Plenel fait salle comble au Majestic avec le documentaire \"Personne n\u2019y comprend rien !\" - Remiremont Info","twitter_description":"Ce dimanche, le cin\u00e9ma Majestic de Remiremont affichait complet \u00e0 l\u2019occasion d\u2019une s\u00e9ance exceptionnelle organis\u00e9e par l\u2019association Passion Cin\u00e9ma, avec [&hellip;]","twitter_creator":"@VosgesInfo88","twitter_site":"@VosgesInfo88","twitter_misc":{"\u00c9crit par":"C.M","Dur\u00e9e de lecture estim\u00e9e":"1 minute"},"schema":{"@context":"https:\/\/schema.org","@graph":[{"@type":"Article","@id":"https:\/\/vosgesinfo.fr\/remiremontinfo\/?p=80792#article","isPartOf":{"@id":"https:\/\/vosgesinfo.fr\/remiremontinfo\/?p=80792"},"author":{"name":"C.M","@id":"https:\/\/vosgesinfo.fr\/remiremontinfo\/#\/schema\/person\/4f38cd3068e342935b7304695c797d08"},"headline":"Edwy Plenel fait salle comble au Majestic avec le documentaire \u00ab\u00a0Personne n\u2019y comprend rien !\u00a0\u00bb","datePublished":"2025-04-14T08:14:40+00:00","dateModified":"2025-04-14T08:14:40+00:00","mainEntityOfPage":{"@id":"https:\/\/vosgesinfo.fr\/remiremontinfo\/?p=80792"},"wordCount":301,"commentCount":2,"publisher":{"@id":"https:\/\/vosgesinfo.fr\/remiremontinfo\/#organization"},"image":{"@id":"https:\/\/vosgesinfo.fr\/remiremontinfo\/?p=80792#primaryimage"},"thumbnailUrl":"https:\/\/vosgesinfo.fr\/app\/uploads\/sites\/5\/2025\/04\/edwy-plenel-remiremont-4-scaled.jpg","keywords":["cin\u00e9ma majestic remiremont","Edwy Plenel","Passion cin\u00e9ma","Personne n'y comprend rien"],"articleSection":["A la Une","Epinal","Gerardmer","La plaine des vosges","Remiremont","Saint-di\u00e9","Vosges"],"inLanguage":"fr-FR","potentialAction":[{"@type":"CommentAction","name":"Comment","target":["https:\/\/vosgesinfo.fr\/remiremontinfo\/?p=80792#respond"]}]},{"@type":"WebPage","@id":"https:\/\/vosgesinfo.fr\/remiremontinfo\/?p=80792","url":"https:\/\/vosgesinfo.fr\/remiremontinfo\/?p=80792","name":"Edwy Plenel fait salle comble au Majestic avec le documentaire \"Personne n\u2019y comprend rien !\" - Remiremont Info","isPartOf":{"@id":"https:\/\/vosgesinfo.fr\/remiremontinfo\/#website"},"primaryImageOfPage":{"@id":"https:\/\/vosgesinfo.fr\/remiremontinfo\/?p=80792#primaryimage"},"image":{"@id":"https:\/\/vosgesinfo.fr\/remiremontinfo\/?p=80792#primaryimage"},"thumbnailUrl":"https:\/\/vosgesinfo.fr\/app\/uploads\/sites\/5\/2025\/04\/edwy-plenel-remiremont-4-scaled.jpg","datePublished":"2025-04-14T08:14:40+00:00","dateModified":"2025-04-14T08:14:40+00:00","breadcrumb":{"@id":"https:\/\/vosgesinfo.fr\/remiremontinfo\/?p=80792#breadcrumb"},"inLanguage":"fr-FR","potentialAction":[{"@type":"ReadAction","target":["https:\/\/vosgesinfo.fr\/remiremontinfo\/?p=80792"]}]},{"@type":"ImageObject","inLanguage":"fr-FR","@id":"https:\/\/vosgesinfo.fr\/remiremontinfo\/?p=80792#primaryimage","url":"https:\/\/vosgesinfo.fr\/app\/uploads\/sites\/5\/2025\/04\/edwy-plenel-remiremont-4-scaled.jpg","contentUrl":"https:\/\/vosgesinfo.fr\/app\/uploads\/sites\/5\/2025\/04\/edwy-plenel-remiremont-4-scaled.jpg","width":2560,"height":1920},{"@type":"BreadcrumbList","@id":"https:\/\/vosgesinfo.fr\/remiremontinfo\/?p=80792#breadcrumb","itemListElement":[{"@type":"ListItem","position":1,"name":"Home","item":"https:\/\/vosgesinfo.fr\/remiremontinfo\/"},{"@type":"ListItem","position":2,"name":"Edwy Plenel fait salle comble au Majestic avec le documentaire &#8220;Personne n\u2019y comprend rien !&#8221;"}]},{"@type":"WebSite","@id":"https:\/\/vosgesinfo.fr\/remiremontinfo\/#website","url":"https:\/\/vosgesinfo.fr\/remiremontinfo\/","name":"Remiremont Info","description":"Toute l&#039;actualit\u00e9 de Remiremont","publisher":{"@id":"https:\/\/vosgesinfo.fr\/remiremontinfo\/#organization"},"alternateName":"Toute l'actualit\u00e9 de Remiremont","potentialAction":[{"@type":"SearchAction","target":{"@type":"EntryPoint","urlTemplate":"https:\/\/vosgesinfo.fr\/remiremontinfo\/?s={search_term_string}"},"query-input":"required name=search_term_string"}],"inLanguage":"fr-FR"},{"@type":"Organization","@id":"https:\/\/vosgesinfo.fr\/remiremontinfo\/#organization","name":"Remiremont Info","url":"https:\/\/vosgesinfo.fr\/remiremontinfo\/","logo":{"@type":"ImageObject","inLanguage":"fr-FR","@id":"https:\/\/vosgesinfo.fr\/remiremontinfo\/#\/schema\/logo\/image\/","url":"https:\/\/vosgesinfo.fr\/app\/uploads\/sites\/5\/2023\/08\/favicon-remiremontinfo.png","contentUrl":"https:\/\/vosgesinfo.fr\/app\/uploads\/sites\/5\/2023\/08\/favicon-remiremontinfo.png","width":512,"height":512,"caption":"Remiremont Info"},"image":{"@id":"https:\/\/vosgesinfo.fr\/remiremontinfo\/#\/schema\/logo\/image\/"},"sameAs":["https:\/\/www.facebook.com\/remiremontinfo","https:\/\/x.com\/VosgesInfo88","https:\/\/www.youtube.com\/@vosgesinfo"]},{"@type":"Person","@id":"https:\/\/vosgesinfo.fr\/remiremontinfo\/#\/schema\/person\/4f38cd3068e342935b7304695c797d08","name":"C.M","image":{"@type":"ImageObject","inLanguage":"fr-FR","@id":"https:\/\/vosgesinfo.fr\/remiremontinfo\/#\/schema\/person\/image\/","url":"https:\/\/secure.gravatar.com\/avatar\/fe9daaef0164d920717484172682f3c5c9bcf7d42aa8c7048c76c34f0eb6c8da?s=96&d=mm&r=g","contentUrl":"https:\/\/secure.gravatar.com\/avatar\/fe9daaef0164d920717484172682f3c5c9bcf7d42aa8c7048c76c34f0eb6c8da?s=96&d=mm&r=g","caption":"C.M"},"url":"https:\/\/vosgesinfo.fr\/remiremontinfo\/author\/cm88200\/"}]}},"_links":{"self":[{"href":"https:\/\/vosgesinfo.fr\/remiremontinfo\/wp-json\/wp\/v2\/posts\/80792","targetHints":{"allow":["GET"]}}],"collection":[{"href":"https:\/\/vosgesinfo.fr\/remiremontinfo\/wp-json\/wp\/v2\/posts"}],"about":[{"href":"https:\/\/vosgesinfo.fr\/remiremontinfo\/wp-json\/wp\/v2\/types\/post"}],"author":[{"embeddable":true,"href":"https:\/\/vosgesinfo.fr\/remiremontinfo\/wp-json\/wp\/v2\/users\/418"}],"replies":[{"embeddable":true,"href":"https:\/\/vosgesinfo.fr\/remiremontinfo\/wp-json\/wp\/v2\/comments?post=80792"}],"version-history":[{"count":1,"href":"https:\/\/vosgesinfo.fr\/remiremontinfo\/wp-json\/wp\/v2\/posts\/80792\/revisions"}],"predecessor-version":[{"id":80798,"href":"https:\/\/vosgesinfo.fr\/remiremontinfo\/wp-json\/wp\/v2\/posts\/80792\/revisions\/80798"}],"wp:featuredmedia":[{"embeddable":true,"href":"https:\/\/vosgesinfo.fr\/remiremontinfo\/wp-json\/wp\/v2\/media\/80793"}],"wp:attachment":[{"href":"https:\/\/vosgesinfo.fr\/remiremontinfo\/wp-json\/wp\/v2\/media?parent=80792"}],"wp:term":[{"taxonomy":"category","embeddable":true,"href":"https:\/\/vosgesinfo.fr\/remiremontinfo\/wp-json\/wp\/v2\/categories?post=80792"},{"taxonomy":"post_tag","embeddable":true,"href":"https:\/\/vosgesinfo.fr\/remiremontinfo\/wp-json\/wp\/v2\/tags?post=80792"}],"curies":[{"name":"wp","href":"https:\/\/api.w.org\/{rel}","templated":true}]}}