{"id":80818,"date":"2025-04-14T16:01:19","date_gmt":"2025-04-14T14:01:19","guid":{"rendered":"https:\/\/vosgesinfo.fr\/remiremontinfo\/?p=80818"},"modified":"2025-04-14T14:03:58","modified_gmt":"2025-04-14T12:03:58","slug":"les-jeunes-sapeurs-pompiers-de-remiremont-recrutent-pour-la-rentree-de-septembre-2025","status":"publish","type":"post","link":"https:\/\/vosgesinfo.fr\/remiremontinfo\/2025\/04\/les-jeunes-sapeurs-pompiers-de-remiremont-recrutent-pour-la-rentree-de-septembre-2025\/","title":{"rendered":"Les jeunes sapeurs-pompiers de Remiremont recrutent pour la rentr\u00e9e de septembre 2025"},"content":{"rendered":"<p data-start=\"152\" data-end=\"401\"><a href=\"https:\/\/vosgesinfo.fr\/app\/uploads\/sites\/5\/2025\/04\/jsp.jpg\"><img decoding=\"async\" class=\"aligncenter size-full wp-image-80819\" src=\"https:\/\/vosgesinfo.fr\/app\/uploads\/sites\/5\/2025\/04\/jsp.jpg\" alt=\"\" width=\"1080\" height=\"1350\" srcset=\"https:\/\/vosgesinfo.fr\/app\/uploads\/sites\/5\/2025\/04\/jsp.jpg 1080w, https:\/\/vosgesinfo.fr\/app\/uploads\/sites\/5\/2025\/04\/jsp-240x300.jpg 240w, https:\/\/vosgesinfo.fr\/app\/uploads\/sites\/5\/2025\/04\/jsp-819x1024.jpg 819w, https:\/\/vosgesinfo.fr\/app\/uploads\/sites\/5\/2025\/04\/jsp-768x960.jpg 768w\" sizes=\"(max-width: 1080px) 100vw, 1080px\" \/><\/a><\/p>\n<p class=\"\" data-start=\"152\" data-end=\"401\"><strong>La section des jeunes sapeurs-pompiers (JSP) de Remiremont lance sa campagne de recrutement pour la rentr\u00e9e de septembre 2025. L\u2019appel s\u2019adresse aux jeunes n\u00e9s en 2011 ou 2012, motiv\u00e9s et int\u00e9ress\u00e9s par le monde des sapeurs-pompiers.<\/strong><\/p>\n<p class=\"\" data-start=\"403\" data-end=\"663\">La formation s\u2019adresse aux habitants des communes suivantes :<br data-start=\"464\" data-end=\"467\" \/>Dommartin-l\u00e8s-Remiremont, Le Val d\u2019Ajol, Girmont Val d\u2019Ajol, Plombi\u00e8res-les-Bains, Bellefontaine, Raon-aux-Bois, Remiremont, Saint-\u00c9tienne-l\u00e8s-Remiremont, Saint-Nabord, Rupt-sur-Moselle et Vecoux.<\/p>\n<p class=\"\" data-start=\"665\" data-end=\"734\">Le programme de formation, r\u00e9parti sur trois ann\u00e9es, comprend :<\/p>\n<ul data-start=\"735\" data-end=\"884\">\n<li class=\"\" data-start=\"735\" data-end=\"766\">\n<p class=\"\" data-start=\"737\" data-end=\"766\">Des cours de secourisme<\/p>\n<\/li>\n<li class=\"\" data-start=\"767\" data-end=\"817\">\n<p class=\"\" data-start=\"769\" data-end=\"817\">Des modules sur la lutte contre l\u2019incendie<\/p>\n<\/li>\n<li class=\"\" data-start=\"818\" data-end=\"854\">\n<p class=\"\" data-start=\"820\" data-end=\"854\">Des enseignements th\u00e9oriques<\/p>\n<\/li>\n<li class=\"\" data-start=\"855\" data-end=\"884\">\n<p class=\"\" data-start=\"857\" data-end=\"884\">Des activit\u00e9s sportives<\/p>\n<\/li>\n<\/ul>\n<p class=\"\" data-start=\"886\" data-end=\"1008\">\u00c0 l\u2019issue de ce parcours, les jeunes seront pr\u00eats \u00e0 int\u00e9grer leur centre de secours avec l\u2019ensemble des bases n\u00e9cessaires.<\/p>\n<p class=\"\" data-start=\"1010\" data-end=\"1225\">Pour candidater, les int\u00e9ress\u00e9s doivent se rendre sur le site <a class=\"\" href=\"http:\/\/www.jsp-remiremont.fr\/\" target=\"_blank\" rel=\"noopener\" data-start=\"1074\" data-end=\"1095\">www.jsp-remiremont.fr<\/a>, rubrique \u00ab Devenir JSP \u00bb. Il est demand\u00e9 de pr\u00e9parer une lettre de motivation et de remplir le dossier de candidature.<\/p>\n<p class=\"\" data-start=\"1227\" data-end=\"1358\">Les candidatures sont \u00e0 envoyer avant le 7 juin 2025. Des tests de recrutement se tiendront le samedi 21 juin au matin.<\/p>\n<p class=\"\" data-start=\"1360\" data-end=\"1471\">Une belle opportunit\u00e9 pour d\u00e9couvrir l\u2019engagement citoyen et la solidarit\u00e9 au c\u0153ur du m\u00e9tier de sapeur-pompier.<\/p>\n","protected":false},"excerpt":{"rendered":"<p>La section des jeunes sapeurs-pompiers (JSP) de Remiremont lance sa campagne de recrutement pour la rentr\u00e9e de septembre 2025. L\u2019appel [&hellip;]<\/p>\n","protected":false},"author":418,"featured_media":80819,"comment_status":"open","ping_status":"open","sticky":false,"template":"","format":"standard","meta":{"footnotes":""},"categories":[26,594,43,60],"tags":[7740,7739,44],"class_list":["post-80818","post","type-post","status-publish","format-standard","has-post-thumbnail","hentry","category-a-la-une","category-agenda","category-remiremont-remiremont-son-canton","category-solidarite","tag-inscriptions-jsp","tag-jeunes-sapeurs-pompiers","tag-remiremont"],"acf":[],"yoast_head":"<!-- This site is optimized with the Yoast SEO plugin v22.5 - https:\/\/yoast.com\/wordpress\/plugins\/seo\/ -->\n<title>Les jeunes sapeurs-pompiers de Remiremont recrutent pour la rentr\u00e9e de septembre 2025 - Remiremont Info<\/title>\n<meta name=\"robots\" content=\"index, follow, max-snippet:-1, max-image-preview:large, max-video-preview:-1\" \/>\n<link rel=\"canonical\" href=\"https:\/\/vosgesinfo.fr\/remiremontinfo\/2025\/04\/les-jeunes-sapeurs-pompiers-de-remiremont-recrutent-pour-la-rentree-de-septembre-2025\/\" \/>\n<meta name=\"twitter:card\" content=\"summary_large_image\" \/>\n<meta name=\"twitter:title\" content=\"Les jeunes sapeurs-pompiers de Remiremont recrutent pour la rentr\u00e9e de septembre 2025 - Remiremont Info\" \/>\n<meta name=\"twitter:description\" content=\"La section des jeunes sapeurs-pompiers (JSP) de Remiremont lance sa campagne de recrutement pour la rentr\u00e9e de septembre 2025. L\u2019appel [&hellip;]\" \/>\n<meta name=\"twitter:image\" content=\"https:\/\/vosgesinfo.fr\/app\/uploads\/sites\/5\/2025\/04\/jsp.jpg\" \/>\n<meta name=\"twitter:creator\" content=\"@VosgesInfo88\" \/>\n<meta name=\"twitter:site\" content=\"@VosgesInfo88\" \/>\n<meta name=\"twitter:label1\" content=\"\u00c9crit par\" \/>\n\t<meta name=\"twitter:data1\" content=\"C.M\" \/>\n\t<meta name=\"twitter:label2\" content=\"Dur\u00e9e de lecture estim\u00e9e\" \/>\n\t<meta name=\"twitter:data2\" content=\"1 minute\" \/>\n<script type=\"application\/ld+json\" class=\"yoast-schema-graph\">{\"@context\":\"https:\/\/schema.org\",\"@graph\":[{\"@type\":\"Article\",\"@id\":\"https:\/\/vosgesinfo.fr\/remiremontinfo\/2025\/04\/les-jeunes-sapeurs-pompiers-de-remiremont-recrutent-pour-la-rentree-de-septembre-2025\/#article\",\"isPartOf\":{\"@id\":\"https:\/\/vosgesinfo.fr\/remiremontinfo\/2025\/04\/les-jeunes-sapeurs-pompiers-de-remiremont-recrutent-pour-la-rentree-de-septembre-2025\/\"},\"author\":{\"name\":\"C.M\",\"@id\":\"https:\/\/vosgesinfo.fr\/remiremontinfo\/#\/schema\/person\/4f38cd3068e342935b7304695c797d08\"},\"headline\":\"Les jeunes sapeurs-pompiers de Remiremont recrutent pour la rentr\u00e9e de septembre 2025\",\"datePublished\":\"2025-04-14T14:01:19+00:00\",\"dateModified\":\"2025-04-14T12:03:58+00:00\",\"mainEntityOfPage\":{\"@id\":\"https:\/\/vosgesinfo.fr\/remiremontinfo\/2025\/04\/les-jeunes-sapeurs-pompiers-de-remiremont-recrutent-pour-la-rentree-de-septembre-2025\/\"},\"wordCount\":210,\"commentCount\":0,\"publisher\":{\"@id\":\"https:\/\/vosgesinfo.fr\/remiremontinfo\/#organization\"},\"image\":{\"@id\":\"https:\/\/vosgesinfo.fr\/remiremontinfo\/2025\/04\/les-jeunes-sapeurs-pompiers-de-remiremont-recrutent-pour-la-rentree-de-septembre-2025\/#primaryimage\"},\"thumbnailUrl\":\"https:\/\/vosgesinfo.fr\/app\/uploads\/sites\/5\/2025\/04\/jsp.jpg\",\"keywords\":[\"inscriptions JSP\",\"Jeunes sapeurs-pompiers\",\"remiremont\"],\"articleSection\":[\"A la Une\",\"Agenda\",\"Remiremont\",\"Solidarit\u00e9\"],\"inLanguage\":\"fr-FR\",\"potentialAction\":[{\"@type\":\"CommentAction\",\"name\":\"Comment\",\"target\":[\"https:\/\/vosgesinfo.fr\/remiremontinfo\/2025\/04\/les-jeunes-sapeurs-pompiers-de-remiremont-recrutent-pour-la-rentree-de-septembre-2025\/#respond\"]}]},{\"@type\":\"WebPage\",\"@id\":\"https:\/\/vosgesinfo.fr\/remiremontinfo\/2025\/04\/les-jeunes-sapeurs-pompiers-de-remiremont-recrutent-pour-la-rentree-de-septembre-2025\/\",\"url\":\"https:\/\/vosgesinfo.fr\/remiremontinfo\/2025\/04\/les-jeunes-sapeurs-pompiers-de-remiremont-recrutent-pour-la-rentree-de-septembre-2025\/\",\"name\":\"Les jeunes sapeurs-pompiers de Remiremont recrutent pour la rentr\u00e9e de septembre 2025 - Remiremont Info\",\"isPartOf\":{\"@id\":\"https:\/\/vosgesinfo.fr\/remiremontinfo\/#website\"},\"primaryImageOfPage\":{\"@id\":\"https:\/\/vosgesinfo.fr\/remiremontinfo\/2025\/04\/les-jeunes-sapeurs-pompiers-de-remiremont-recrutent-pour-la-rentree-de-septembre-2025\/#primaryimage\"},\"image\":{\"@id\":\"https:\/\/vosgesinfo.fr\/remiremontinfo\/2025\/04\/les-jeunes-sapeurs-pompiers-de-remiremont-recrutent-pour-la-rentree-de-septembre-2025\/#primaryimage\"},\"thumbnailUrl\":\"https:\/\/vosgesinfo.fr\/app\/uploads\/sites\/5\/2025\/04\/jsp.jpg\",\"datePublished\":\"2025-04-14T14:01:19+00:00\",\"dateModified\":\"2025-04-14T12:03:58+00:00\",\"breadcrumb\":{\"@id\":\"https:\/\/vosgesinfo.fr\/remiremontinfo\/2025\/04\/les-jeunes-sapeurs-pompiers-de-remiremont-recrutent-pour-la-rentree-de-septembre-2025\/#breadcrumb\"},\"inLanguage\":\"fr-FR\",\"potentialAction\":[{\"@type\":\"ReadAction\",\"target\":[\"https:\/\/vosgesinfo.fr\/remiremontinfo\/2025\/04\/les-jeunes-sapeurs-pompiers-de-remiremont-recrutent-pour-la-rentree-de-septembre-2025\/\"]}]},{\"@type\":\"ImageObject\",\"inLanguage\":\"fr-FR\",\"@id\":\"https:\/\/vosgesinfo.fr\/remiremontinfo\/2025\/04\/les-jeunes-sapeurs-pompiers-de-remiremont-recrutent-pour-la-rentree-de-septembre-2025\/#primaryimage\",\"url\":\"https:\/\/vosgesinfo.fr\/app\/uploads\/sites\/5\/2025\/04\/jsp.jpg\",\"contentUrl\":\"https:\/\/vosgesinfo.fr\/app\/uploads\/sites\/5\/2025\/04\/jsp.jpg\",\"width\":1080,\"height\":1350},{\"@type\":\"BreadcrumbList\",\"@id\":\"https:\/\/vosgesinfo.fr\/remiremontinfo\/2025\/04\/les-jeunes-sapeurs-pompiers-de-remiremont-recrutent-pour-la-rentree-de-septembre-2025\/#breadcrumb\",\"itemListElement\":[{\"@type\":\"ListItem\",\"position\":1,\"name\":\"Home\",\"item\":\"https:\/\/vosgesinfo.fr\/remiremontinfo\/\"},{\"@type\":\"ListItem\",\"position\":2,\"name\":\"Les jeunes sapeurs-pompiers de Remiremont recrutent pour la rentr\u00e9e de septembre 2025\"}]},{\"@type\":\"WebSite\",\"@id\":\"https:\/\/vosgesinfo.fr\/remiremontinfo\/#website\",\"url\":\"https:\/\/vosgesinfo.fr\/remiremontinfo\/\",\"name\":\"Remiremont Info\",\"description\":\"Toute l&#039;actualit\u00e9 de Remiremont\",\"publisher\":{\"@id\":\"https:\/\/vosgesinfo.fr\/remiremontinfo\/#organization\"},\"alternateName\":\"Toute l'actualit\u00e9 de Remiremont\",\"potentialAction\":[{\"@type\":\"SearchAction\",\"target\":{\"@type\":\"EntryPoint\",\"urlTemplate\":\"https:\/\/vosgesinfo.fr\/remiremontinfo\/?s={search_term_string}\"},\"query-input\":\"required name=search_term_string\"}],\"inLanguage\":\"fr-FR\"},{\"@type\":\"Organization\",\"@id\":\"https:\/\/vosgesinfo.fr\/remiremontinfo\/#organization\",\"name\":\"Remiremont Info\",\"url\":\"https:\/\/vosgesinfo.fr\/remiremontinfo\/\",\"logo\":{\"@type\":\"ImageObject\",\"inLanguage\":\"fr-FR\",\"@id\":\"https:\/\/vosgesinfo.fr\/remiremontinfo\/#\/schema\/logo\/image\/\",\"url\":\"https:\/\/vosgesinfo.fr\/app\/uploads\/sites\/5\/2023\/08\/favicon-remiremontinfo.png\",\"contentUrl\":\"https:\/\/vosgesinfo.fr\/app\/uploads\/sites\/5\/2023\/08\/favicon-remiremontinfo.png\",\"width\":512,\"height\":512,\"caption\":\"Remiremont Info\"},\"image\":{\"@id\":\"https:\/\/vosgesinfo.fr\/remiremontinfo\/#\/schema\/logo\/image\/\"},\"sameAs\":[\"https:\/\/www.facebook.com\/remiremontinfo\",\"https:\/\/x.com\/VosgesInfo88\",\"https:\/\/www.youtube.com\/@vosgesinfo\"]},{\"@type\":\"Person\",\"@id\":\"https:\/\/vosgesinfo.fr\/remiremontinfo\/#\/schema\/person\/4f38cd3068e342935b7304695c797d08\",\"name\":\"C.M\",\"image\":{\"@type\":\"ImageObject\",\"inLanguage\":\"fr-FR\",\"@id\":\"https:\/\/vosgesinfo.fr\/remiremontinfo\/#\/schema\/person\/image\/\",\"url\":\"https:\/\/secure.gravatar.com\/avatar\/fe9daaef0164d920717484172682f3c5c9bcf7d42aa8c7048c76c34f0eb6c8da?s=96&d=mm&r=g\",\"contentUrl\":\"https:\/\/secure.gravatar.com\/avatar\/fe9daaef0164d920717484172682f3c5c9bcf7d42aa8c7048c76c34f0eb6c8da?s=96&d=mm&r=g\",\"caption\":\"C.M\"},\"url\":\"https:\/\/vosgesinfo.fr\/remiremontinfo\/author\/cm88200\/\"}]}<\/script>\n<!-- \/ Yoast SEO plugin. -->","yoast_head_json":{"title":"Les jeunes sapeurs-pompiers de Remiremont recrutent pour la rentr\u00e9e de septembre 2025 - Remiremont Info","robots":{"index":"index","follow":"follow","max-snippet":"max-snippet:-1","max-image-preview":"max-image-preview:large","max-video-preview":"max-video-preview:-1"},"canonical":"https:\/\/vosgesinfo.fr\/remiremontinfo\/2025\/04\/les-jeunes-sapeurs-pompiers-de-remiremont-recrutent-pour-la-rentree-de-septembre-2025\/","twitter_card":"summary_large_image","twitter_title":"Les jeunes sapeurs-pompiers de Remiremont recrutent pour la rentr\u00e9e de septembre 2025 - Remiremont Info","twitter_description":"La section des jeunes sapeurs-pompiers (JSP) de Remiremont lance sa campagne de recrutement pour la rentr\u00e9e de septembre 2025. L\u2019appel [&hellip;]","twitter_image":"https:\/\/vosgesinfo.fr\/app\/uploads\/sites\/5\/2025\/04\/jsp.jpg","twitter_creator":"@VosgesInfo88","twitter_site":"@VosgesInfo88","twitter_misc":{"\u00c9crit par":"C.M","Dur\u00e9e de lecture estim\u00e9e":"1 minute"},"schema":{"@context":"https:\/\/schema.org","@graph":[{"@type":"Article","@id":"https:\/\/vosgesinfo.fr\/remiremontinfo\/2025\/04\/les-jeunes-sapeurs-pompiers-de-remiremont-recrutent-pour-la-rentree-de-septembre-2025\/#article","isPartOf":{"@id":"https:\/\/vosgesinfo.fr\/remiremontinfo\/2025\/04\/les-jeunes-sapeurs-pompiers-de-remiremont-recrutent-pour-la-rentree-de-septembre-2025\/"},"author":{"name":"C.M","@id":"https:\/\/vosgesinfo.fr\/remiremontinfo\/#\/schema\/person\/4f38cd3068e342935b7304695c797d08"},"headline":"Les jeunes sapeurs-pompiers de Remiremont recrutent pour la rentr\u00e9e de septembre 2025","datePublished":"2025-04-14T14:01:19+00:00","dateModified":"2025-04-14T12:03:58+00:00","mainEntityOfPage":{"@id":"https:\/\/vosgesinfo.fr\/remiremontinfo\/2025\/04\/les-jeunes-sapeurs-pompiers-de-remiremont-recrutent-pour-la-rentree-de-septembre-2025\/"},"wordCount":210,"commentCount":0,"publisher":{"@id":"https:\/\/vosgesinfo.fr\/remiremontinfo\/#organization"},"image":{"@id":"https:\/\/vosgesinfo.fr\/remiremontinfo\/2025\/04\/les-jeunes-sapeurs-pompiers-de-remiremont-recrutent-pour-la-rentree-de-septembre-2025\/#primaryimage"},"thumbnailUrl":"https:\/\/vosgesinfo.fr\/app\/uploads\/sites\/5\/2025\/04\/jsp.jpg","keywords":["inscriptions JSP","Jeunes sapeurs-pompiers","remiremont"],"articleSection":["A la Une","Agenda","Remiremont","Solidarit\u00e9"],"inLanguage":"fr-FR","potentialAction":[{"@type":"CommentAction","name":"Comment","target":["https:\/\/vosgesinfo.fr\/remiremontinfo\/2025\/04\/les-jeunes-sapeurs-pompiers-de-remiremont-recrutent-pour-la-rentree-de-septembre-2025\/#respond"]}]},{"@type":"WebPage","@id":"https:\/\/vosgesinfo.fr\/remiremontinfo\/2025\/04\/les-jeunes-sapeurs-pompiers-de-remiremont-recrutent-pour-la-rentree-de-septembre-2025\/","url":"https:\/\/vosgesinfo.fr\/remiremontinfo\/2025\/04\/les-jeunes-sapeurs-pompiers-de-remiremont-recrutent-pour-la-rentree-de-septembre-2025\/","name":"Les jeunes sapeurs-pompiers de Remiremont recrutent pour la rentr\u00e9e de septembre 2025 - Remiremont Info","isPartOf":{"@id":"https:\/\/vosgesinfo.fr\/remiremontinfo\/#website"},"primaryImageOfPage":{"@id":"https:\/\/vosgesinfo.fr\/remiremontinfo\/2025\/04\/les-jeunes-sapeurs-pompiers-de-remiremont-recrutent-pour-la-rentree-de-septembre-2025\/#primaryimage"},"image":{"@id":"https:\/\/vosgesinfo.fr\/remiremontinfo\/2025\/04\/les-jeunes-sapeurs-pompiers-de-remiremont-recrutent-pour-la-rentree-de-septembre-2025\/#primaryimage"},"thumbnailUrl":"https:\/\/vosgesinfo.fr\/app\/uploads\/sites\/5\/2025\/04\/jsp.jpg","datePublished":"2025-04-14T14:01:19+00:00","dateModified":"2025-04-14T12:03:58+00:00","breadcrumb":{"@id":"https:\/\/vosgesinfo.fr\/remiremontinfo\/2025\/04\/les-jeunes-sapeurs-pompiers-de-remiremont-recrutent-pour-la-rentree-de-septembre-2025\/#breadcrumb"},"inLanguage":"fr-FR","potentialAction":[{"@type":"ReadAction","target":["https:\/\/vosgesinfo.fr\/remiremontinfo\/2025\/04\/les-jeunes-sapeurs-pompiers-de-remiremont-recrutent-pour-la-rentree-de-septembre-2025\/"]}]},{"@type":"ImageObject","inLanguage":"fr-FR","@id":"https:\/\/vosgesinfo.fr\/remiremontinfo\/2025\/04\/les-jeunes-sapeurs-pompiers-de-remiremont-recrutent-pour-la-rentree-de-septembre-2025\/#primaryimage","url":"https:\/\/vosgesinfo.fr\/app\/uploads\/sites\/5\/2025\/04\/jsp.jpg","contentUrl":"https:\/\/vosgesinfo.fr\/app\/uploads\/sites\/5\/2025\/04\/jsp.jpg","width":1080,"height":1350},{"@type":"BreadcrumbList","@id":"https:\/\/vosgesinfo.fr\/remiremontinfo\/2025\/04\/les-jeunes-sapeurs-pompiers-de-remiremont-recrutent-pour-la-rentree-de-septembre-2025\/#breadcrumb","itemListElement":[{"@type":"ListItem","position":1,"name":"Home","item":"https:\/\/vosgesinfo.fr\/remiremontinfo\/"},{"@type":"ListItem","position":2,"name":"Les jeunes sapeurs-pompiers de Remiremont recrutent pour la rentr\u00e9e de septembre 2025"}]},{"@type":"WebSite","@id":"https:\/\/vosgesinfo.fr\/remiremontinfo\/#website","url":"https:\/\/vosgesinfo.fr\/remiremontinfo\/","name":"Remiremont Info","description":"Toute l&#039;actualit\u00e9 de Remiremont","publisher":{"@id":"https:\/\/vosgesinfo.fr\/remiremontinfo\/#organization"},"alternateName":"Toute l'actualit\u00e9 de Remiremont","potentialAction":[{"@type":"SearchAction","target":{"@type":"EntryPoint","urlTemplate":"https:\/\/vosgesinfo.fr\/remiremontinfo\/?s={search_term_string}"},"query-input":"required name=search_term_string"}],"inLanguage":"fr-FR"},{"@type":"Organization","@id":"https:\/\/vosgesinfo.fr\/remiremontinfo\/#organization","name":"Remiremont Info","url":"https:\/\/vosgesinfo.fr\/remiremontinfo\/","logo":{"@type":"ImageObject","inLanguage":"fr-FR","@id":"https:\/\/vosgesinfo.fr\/remiremontinfo\/#\/schema\/logo\/image\/","url":"https:\/\/vosgesinfo.fr\/app\/uploads\/sites\/5\/2023\/08\/favicon-remiremontinfo.png","contentUrl":"https:\/\/vosgesinfo.fr\/app\/uploads\/sites\/5\/2023\/08\/favicon-remiremontinfo.png","width":512,"height":512,"caption":"Remiremont Info"},"image":{"@id":"https:\/\/vosgesinfo.fr\/remiremontinfo\/#\/schema\/logo\/image\/"},"sameAs":["https:\/\/www.facebook.com\/remiremontinfo","https:\/\/x.com\/VosgesInfo88","https:\/\/www.youtube.com\/@vosgesinfo"]},{"@type":"Person","@id":"https:\/\/vosgesinfo.fr\/remiremontinfo\/#\/schema\/person\/4f38cd3068e342935b7304695c797d08","name":"C.M","image":{"@type":"ImageObject","inLanguage":"fr-FR","@id":"https:\/\/vosgesinfo.fr\/remiremontinfo\/#\/schema\/person\/image\/","url":"https:\/\/secure.gravatar.com\/avatar\/fe9daaef0164d920717484172682f3c5c9bcf7d42aa8c7048c76c34f0eb6c8da?s=96&d=mm&r=g","contentUrl":"https:\/\/secure.gravatar.com\/avatar\/fe9daaef0164d920717484172682f3c5c9bcf7d42aa8c7048c76c34f0eb6c8da?s=96&d=mm&r=g","caption":"C.M"},"url":"https:\/\/vosgesinfo.fr\/remiremontinfo\/author\/cm88200\/"}]}},"_links":{"self":[{"href":"https:\/\/vosgesinfo.fr\/remiremontinfo\/wp-json\/wp\/v2\/posts\/80818","targetHints":{"allow":["GET"]}}],"collection":[{"href":"https:\/\/vosgesinfo.fr\/remiremontinfo\/wp-json\/wp\/v2\/posts"}],"about":[{"href":"https:\/\/vosgesinfo.fr\/remiremontinfo\/wp-json\/wp\/v2\/types\/post"}],"author":[{"embeddable":true,"href":"https:\/\/vosgesinfo.fr\/remiremontinfo\/wp-json\/wp\/v2\/users\/418"}],"replies":[{"embeddable":true,"href":"https:\/\/vosgesinfo.fr\/remiremontinfo\/wp-json\/wp\/v2\/comments?post=80818"}],"version-history":[{"count":1,"href":"https:\/\/vosgesinfo.fr\/remiremontinfo\/wp-json\/wp\/v2\/posts\/80818\/revisions"}],"predecessor-version":[{"id":80820,"href":"https:\/\/vosgesinfo.fr\/remiremontinfo\/wp-json\/wp\/v2\/posts\/80818\/revisions\/80820"}],"wp:featuredmedia":[{"embeddable":true,"href":"https:\/\/vosgesinfo.fr\/remiremontinfo\/wp-json\/wp\/v2\/media\/80819"}],"wp:attachment":[{"href":"https:\/\/vosgesinfo.fr\/remiremontinfo\/wp-json\/wp\/v2\/media?parent=80818"}],"wp:term":[{"taxonomy":"category","embeddable":true,"href":"https:\/\/vosgesinfo.fr\/remiremontinfo\/wp-json\/wp\/v2\/categories?post=80818"},{"taxonomy":"post_tag","embeddable":true,"href":"https:\/\/vosgesinfo.fr\/remiremontinfo\/wp-json\/wp\/v2\/tags?post=80818"}],"curies":[{"name":"wp","href":"https:\/\/api.w.org\/{rel}","templated":true}]}}