{"id":80834,"date":"2025-04-15T09:00:06","date_gmt":"2025-04-15T07:00:06","guid":{"rendered":"https:\/\/vosgesinfo.fr\/remiremontinfo\/?p=80834"},"modified":"2025-04-15T09:00:06","modified_gmt":"2025-04-15T07:00:06","slug":"drame-a-padoux-un-policier-de-la-crs-39-met-fin-a-ses-jours-a-son-domicile","status":"publish","type":"post","link":"https:\/\/vosgesinfo.fr\/remiremontinfo\/2025\/04\/drame-a-padoux-un-policier-de-la-crs-39-met-fin-a-ses-jours-a-son-domicile\/","title":{"rendered":"Drame \u00e0 Padoux : un policier de la CRS 39 met fin \u00e0 ses jours \u00e0 son domicile"},"content":{"rendered":"<h2 data-start=\"452\" data-end=\"767\"><strong><a href=\"https:\/\/vosgesinfo.fr\/app\/uploads\/sites\/3\/2025\/02\/police-nationale-01.jpg\"><img decoding=\"async\" class=\"aligncenter size-full wp-image-128417\" src=\"https:\/\/vosgesinfo.fr\/app\/uploads\/sites\/3\/2025\/02\/police-nationale-01.jpg\" alt=\"\" width=\"1024\" height=\"576\" \/><\/a>Un tragique \u00e9v\u00e9nement a endeuill\u00e9 la commune de Padoux, dans les Vosges, ce dimanche 13 avril 2025. Un policier de 49 ans, affect\u00e9 \u00e0 la CRS 39 de Jarville-la-Malgrange, pr\u00e8s de Nancy, s\u2019est suicid\u00e9 \u00e0 son domicile, selon les informations relay\u00e9es par le m\u00e9dia <a href=\"https:\/\/actu17.fr\/faits-divers\/vosges-un-policier-de-49-ans-affecte-a-la-crs-39-sest-suicide.html\">Actu17<\/a>, confirm\u00e9es par des sources polici\u00e8res.<\/strong><\/h2>\n<p class=\"\" data-start=\"769\" data-end=\"1091\">Le brigadier-chef, mari\u00e9 et p\u00e8re de deux enfants, \u00e9tait un agent exp\u00e9riment\u00e9 appr\u00e9ci\u00e9 dans son unit\u00e9. Son geste a boulevers\u00e9 ses coll\u00e8gues comme sa communaut\u00e9. Pour l\u2019heure, les raisons de ce drame restent inconnues. Une enqu\u00eate a \u00e9t\u00e9 ouverte afin de mieux comprendre les circonstances de son passage \u00e0 l\u2019acte.<\/p>\n<h3 class=\"\" data-start=\"1093\" data-end=\"1154\">Un nouveau drame dans les rangs de la Police nationale<\/h3>\n<p class=\"\" data-start=\"1156\" data-end=\"1394\">Selon<a href=\"https:\/\/actu17.fr\/faits-divers\/vosges-un-policier-de-49-ans-affecte-a-la-crs-39-sest-suicide.html\"> Actu17<\/a>, il s\u2019agirait du 8e suicide de policier depuis le d\u00e9but de l\u2019ann\u00e9e 2025 en France. Une semaine auparavant, un autre agent, appartenant \u00e0 la CRS autorouti\u00e8re Nord \u00cele-de-France, avait \u00e9galement mis fin \u00e0 ses jours.<\/p>\n<p class=\"\" data-start=\"1396\" data-end=\"1731\">Cette s\u00e9rie de trag\u00e9dies relance une fois de plus les inqui\u00e9tudes sur le mal-\u00eatre au sein des forces de l\u2019ordre. Sur les r\u00e9seaux sociaux, plusieurs syndicats de police ont exprim\u00e9 leur profonde tristesse et leur solidarit\u00e9 envers la famille de la victime, tout en appelant \u00e0 des mesures urgentes pour mieux pr\u00e9venir ces drames.<\/p>\n<blockquote data-start=\"1733\" data-end=\"1879\">\n<p class=\"\" data-start=\"1735\" data-end=\"1879\">\u00ab\u00a0Nous perdons un coll\u00e8gue, un p\u00e8re, un mari. Nos pens\u00e9es vont \u00e0 sa famille et \u00e0 ses proches\u00a0\u00bb, peut-on lire dans plusieurs communiqu\u00e9s syndicaux.<\/p>\n<\/blockquote>\n<h3 class=\"\" data-start=\"1881\" data-end=\"1913\">Soutien et recueillement<\/h3>\n<p class=\"\" data-start=\"1915\" data-end=\"2226\">Ce nouveau drame rappelle \u00e0 quel point le quotidien des forces de s\u00e9curit\u00e9 peut \u00eatre \u00e9prouvant, tant sur le plan physique que psychologique. Des dispositifs de soutien psychologique sont r\u00e9guli\u00e8rement \u00e9voqu\u00e9s, mais nombreux sont ceux qui estiment qu\u2019ils restent insuffisants face \u00e0 l\u2019ampleur du malaise.<\/p>\n<p class=\"\" data-start=\"2228\" data-end=\"2478\">L\u2019ensemble de la communaut\u00e9 de Padoux et les coll\u00e8gues du d\u00e9funt sont aujourd\u2019hui en deuil. Une pens\u00e9e solidaire est adress\u00e9e \u00e0 sa famille, \u00e0 ses enfants, \u00e0 ses proches, ainsi qu\u2019\u00e0 tous les agents touch\u00e9s par ce nouveau choc dans leurs rangs.<\/p>\n","protected":false},"excerpt":{"rendered":"<p>Un tragique \u00e9v\u00e9nement a endeuill\u00e9 la commune de Padoux, dans les Vosges, ce dimanche 13 avril 2025. Un policier de [&hellip;]<\/p>\n","protected":false},"author":52,"featured_media":80835,"comment_status":"open","ping_status":"open","sticky":false,"template":"","format":"standard","meta":{"footnotes":""},"categories":[26,108,6375,8,62,845,43,362],"tags":[],"class_list":["post-80834","post","type-post","status-publish","format-standard","has-post-thumbnail","hentry","category-a-la-une","category-epinal","category-fait-divers","category-faits-divers","category-gerardmer","category-la-plaine-des-vosges","category-remiremont-remiremont-son-canton","category-saint-die"],"acf":[],"yoast_head":"<!-- This site is optimized with the Yoast SEO plugin v22.5 - https:\/\/yoast.com\/wordpress\/plugins\/seo\/ -->\n<title>Drame \u00e0 Padoux : un policier de la CRS 39 met fin \u00e0 ses jours \u00e0 son domicile - Remiremont Info<\/title>\n<meta name=\"robots\" content=\"index, follow, max-snippet:-1, max-image-preview:large, max-video-preview:-1\" \/>\n<link rel=\"canonical\" href=\"https:\/\/vosgesinfo.fr\/remiremontinfo\/2025\/04\/drame-a-padoux-un-policier-de-la-crs-39-met-fin-a-ses-jours-a-son-domicile\/\" \/>\n<meta name=\"twitter:card\" content=\"summary_large_image\" \/>\n<meta name=\"twitter:title\" content=\"Drame \u00e0 Padoux : un policier de la CRS 39 met fin \u00e0 ses jours \u00e0 son domicile - Remiremont Info\" \/>\n<meta name=\"twitter:description\" content=\"Un tragique \u00e9v\u00e9nement a endeuill\u00e9 la commune de Padoux, dans les Vosges, ce dimanche 13 avril 2025. Un policier de [&hellip;]\" \/>\n<meta name=\"twitter:image\" content=\"https:\/\/vosgesinfo.fr\/app\/uploads\/sites\/5\/2025\/04\/police-nationale-01.jpg\" \/>\n<meta name=\"twitter:creator\" content=\"@VosgesInfo88\" \/>\n<meta name=\"twitter:site\" content=\"@VosgesInfo88\" \/>\n<meta name=\"twitter:label1\" content=\"\u00c9crit par\" \/>\n\t<meta name=\"twitter:data1\" content=\"C.K.\" \/>\n\t<meta name=\"twitter:label2\" content=\"Dur\u00e9e de lecture estim\u00e9e\" \/>\n\t<meta name=\"twitter:data2\" content=\"2 minutes\" \/>\n<script type=\"application\/ld+json\" class=\"yoast-schema-graph\">{\"@context\":\"https:\/\/schema.org\",\"@graph\":[{\"@type\":\"Article\",\"@id\":\"https:\/\/vosgesinfo.fr\/remiremontinfo\/2025\/04\/drame-a-padoux-un-policier-de-la-crs-39-met-fin-a-ses-jours-a-son-domicile\/#article\",\"isPartOf\":{\"@id\":\"https:\/\/vosgesinfo.fr\/remiremontinfo\/2025\/04\/drame-a-padoux-un-policier-de-la-crs-39-met-fin-a-ses-jours-a-son-domicile\/\"},\"author\":{\"name\":\"C.K.\",\"@id\":\"https:\/\/vosgesinfo.fr\/remiremontinfo\/#\/schema\/person\/6f9a650eeea99d969b6c4ab78fccbe81\"},\"headline\":\"Drame \u00e0 Padoux : un policier de la CRS 39 met fin \u00e0 ses jours \u00e0 son domicile\",\"datePublished\":\"2025-04-15T07:00:06+00:00\",\"dateModified\":\"2025-04-15T07:00:06+00:00\",\"mainEntityOfPage\":{\"@id\":\"https:\/\/vosgesinfo.fr\/remiremontinfo\/2025\/04\/drame-a-padoux-un-policier-de-la-crs-39-met-fin-a-ses-jours-a-son-domicile\/\"},\"wordCount\":353,\"commentCount\":0,\"publisher\":{\"@id\":\"https:\/\/vosgesinfo.fr\/remiremontinfo\/#organization\"},\"image\":{\"@id\":\"https:\/\/vosgesinfo.fr\/remiremontinfo\/2025\/04\/drame-a-padoux-un-policier-de-la-crs-39-met-fin-a-ses-jours-a-son-domicile\/#primaryimage\"},\"thumbnailUrl\":\"https:\/\/vosgesinfo.fr\/app\/uploads\/sites\/5\/2025\/04\/police-nationale-01.jpg\",\"articleSection\":[\"A la Une\",\"Epinal\",\"Fait Divers\",\"Faits-divers\",\"G\u00e9rardmer\",\"La plaine des vosges\",\"Remiremont\",\"Saint-di\u00e9\"],\"inLanguage\":\"fr-FR\",\"potentialAction\":[{\"@type\":\"CommentAction\",\"name\":\"Comment\",\"target\":[\"https:\/\/vosgesinfo.fr\/remiremontinfo\/2025\/04\/drame-a-padoux-un-policier-de-la-crs-39-met-fin-a-ses-jours-a-son-domicile\/#respond\"]}]},{\"@type\":\"WebPage\",\"@id\":\"https:\/\/vosgesinfo.fr\/remiremontinfo\/2025\/04\/drame-a-padoux-un-policier-de-la-crs-39-met-fin-a-ses-jours-a-son-domicile\/\",\"url\":\"https:\/\/vosgesinfo.fr\/remiremontinfo\/2025\/04\/drame-a-padoux-un-policier-de-la-crs-39-met-fin-a-ses-jours-a-son-domicile\/\",\"name\":\"Drame \u00e0 Padoux : un policier de la CRS 39 met fin \u00e0 ses jours \u00e0 son domicile - Remiremont Info\",\"isPartOf\":{\"@id\":\"https:\/\/vosgesinfo.fr\/remiremontinfo\/#website\"},\"primaryImageOfPage\":{\"@id\":\"https:\/\/vosgesinfo.fr\/remiremontinfo\/2025\/04\/drame-a-padoux-un-policier-de-la-crs-39-met-fin-a-ses-jours-a-son-domicile\/#primaryimage\"},\"image\":{\"@id\":\"https:\/\/vosgesinfo.fr\/remiremontinfo\/2025\/04\/drame-a-padoux-un-policier-de-la-crs-39-met-fin-a-ses-jours-a-son-domicile\/#primaryimage\"},\"thumbnailUrl\":\"https:\/\/vosgesinfo.fr\/app\/uploads\/sites\/5\/2025\/04\/police-nationale-01.jpg\",\"datePublished\":\"2025-04-15T07:00:06+00:00\",\"dateModified\":\"2025-04-15T07:00:06+00:00\",\"breadcrumb\":{\"@id\":\"https:\/\/vosgesinfo.fr\/remiremontinfo\/2025\/04\/drame-a-padoux-un-policier-de-la-crs-39-met-fin-a-ses-jours-a-son-domicile\/#breadcrumb\"},\"inLanguage\":\"fr-FR\",\"potentialAction\":[{\"@type\":\"ReadAction\",\"target\":[\"https:\/\/vosgesinfo.fr\/remiremontinfo\/2025\/04\/drame-a-padoux-un-policier-de-la-crs-39-met-fin-a-ses-jours-a-son-domicile\/\"]}]},{\"@type\":\"ImageObject\",\"inLanguage\":\"fr-FR\",\"@id\":\"https:\/\/vosgesinfo.fr\/remiremontinfo\/2025\/04\/drame-a-padoux-un-policier-de-la-crs-39-met-fin-a-ses-jours-a-son-domicile\/#primaryimage\",\"url\":\"https:\/\/vosgesinfo.fr\/app\/uploads\/sites\/5\/2025\/04\/police-nationale-01.jpg\",\"contentUrl\":\"https:\/\/vosgesinfo.fr\/app\/uploads\/sites\/5\/2025\/04\/police-nationale-01.jpg\",\"width\":1024,\"height\":576},{\"@type\":\"BreadcrumbList\",\"@id\":\"https:\/\/vosgesinfo.fr\/remiremontinfo\/2025\/04\/drame-a-padoux-un-policier-de-la-crs-39-met-fin-a-ses-jours-a-son-domicile\/#breadcrumb\",\"itemListElement\":[{\"@type\":\"ListItem\",\"position\":1,\"name\":\"Home\",\"item\":\"https:\/\/vosgesinfo.fr\/remiremontinfo\/\"},{\"@type\":\"ListItem\",\"position\":2,\"name\":\"Drame \u00e0 Padoux : un policier de la CRS 39 met fin \u00e0 ses jours \u00e0 son domicile\"}]},{\"@type\":\"WebSite\",\"@id\":\"https:\/\/vosgesinfo.fr\/remiremontinfo\/#website\",\"url\":\"https:\/\/vosgesinfo.fr\/remiremontinfo\/\",\"name\":\"Remiremont Info\",\"description\":\"Toute l&#039;actualit\u00e9 de Remiremont\",\"publisher\":{\"@id\":\"https:\/\/vosgesinfo.fr\/remiremontinfo\/#organization\"},\"alternateName\":\"Toute l'actualit\u00e9 de Remiremont\",\"potentialAction\":[{\"@type\":\"SearchAction\",\"target\":{\"@type\":\"EntryPoint\",\"urlTemplate\":\"https:\/\/vosgesinfo.fr\/remiremontinfo\/?s={search_term_string}\"},\"query-input\":\"required name=search_term_string\"}],\"inLanguage\":\"fr-FR\"},{\"@type\":\"Organization\",\"@id\":\"https:\/\/vosgesinfo.fr\/remiremontinfo\/#organization\",\"name\":\"Remiremont Info\",\"url\":\"https:\/\/vosgesinfo.fr\/remiremontinfo\/\",\"logo\":{\"@type\":\"ImageObject\",\"inLanguage\":\"fr-FR\",\"@id\":\"https:\/\/vosgesinfo.fr\/remiremontinfo\/#\/schema\/logo\/image\/\",\"url\":\"https:\/\/vosgesinfo.fr\/app\/uploads\/sites\/5\/2023\/08\/favicon-remiremontinfo.png\",\"contentUrl\":\"https:\/\/vosgesinfo.fr\/app\/uploads\/sites\/5\/2023\/08\/favicon-remiremontinfo.png\",\"width\":512,\"height\":512,\"caption\":\"Remiremont Info\"},\"image\":{\"@id\":\"https:\/\/vosgesinfo.fr\/remiremontinfo\/#\/schema\/logo\/image\/\"},\"sameAs\":[\"https:\/\/www.facebook.com\/remiremontinfo\",\"https:\/\/x.com\/VosgesInfo88\",\"https:\/\/www.youtube.com\/@vosgesinfo\"]},{\"@type\":\"Person\",\"@id\":\"https:\/\/vosgesinfo.fr\/remiremontinfo\/#\/schema\/person\/6f9a650eeea99d969b6c4ab78fccbe81\",\"name\":\"C.K.\",\"image\":{\"@type\":\"ImageObject\",\"inLanguage\":\"fr-FR\",\"@id\":\"https:\/\/vosgesinfo.fr\/remiremontinfo\/#\/schema\/person\/image\/\",\"url\":\"https:\/\/secure.gravatar.com\/avatar\/48e3fc7f8421ba8942be6b74a2b7f014ca39bc00dece156b7a8e098ae7dc87bf?s=96&d=mm&r=g\",\"contentUrl\":\"https:\/\/secure.gravatar.com\/avatar\/48e3fc7f8421ba8942be6b74a2b7f014ca39bc00dece156b7a8e098ae7dc87bf?s=96&d=mm&r=g\",\"caption\":\"C.K.\"},\"url\":\"https:\/\/vosgesinfo.fr\/remiremontinfo\/author\/celia-k-n\/\"}]}<\/script>\n<!-- \/ Yoast SEO plugin. -->","yoast_head_json":{"title":"Drame \u00e0 Padoux : un policier de la CRS 39 met fin \u00e0 ses jours \u00e0 son domicile - Remiremont Info","robots":{"index":"index","follow":"follow","max-snippet":"max-snippet:-1","max-image-preview":"max-image-preview:large","max-video-preview":"max-video-preview:-1"},"canonical":"https:\/\/vosgesinfo.fr\/remiremontinfo\/2025\/04\/drame-a-padoux-un-policier-de-la-crs-39-met-fin-a-ses-jours-a-son-domicile\/","twitter_card":"summary_large_image","twitter_title":"Drame \u00e0 Padoux : un policier de la CRS 39 met fin \u00e0 ses jours \u00e0 son domicile - Remiremont Info","twitter_description":"Un tragique \u00e9v\u00e9nement a endeuill\u00e9 la commune de Padoux, dans les Vosges, ce dimanche 13 avril 2025. Un policier de [&hellip;]","twitter_image":"https:\/\/vosgesinfo.fr\/app\/uploads\/sites\/5\/2025\/04\/police-nationale-01.jpg","twitter_creator":"@VosgesInfo88","twitter_site":"@VosgesInfo88","twitter_misc":{"\u00c9crit par":"C.K.","Dur\u00e9e de lecture estim\u00e9e":"2 minutes"},"schema":{"@context":"https:\/\/schema.org","@graph":[{"@type":"Article","@id":"https:\/\/vosgesinfo.fr\/remiremontinfo\/2025\/04\/drame-a-padoux-un-policier-de-la-crs-39-met-fin-a-ses-jours-a-son-domicile\/#article","isPartOf":{"@id":"https:\/\/vosgesinfo.fr\/remiremontinfo\/2025\/04\/drame-a-padoux-un-policier-de-la-crs-39-met-fin-a-ses-jours-a-son-domicile\/"},"author":{"name":"C.K.","@id":"https:\/\/vosgesinfo.fr\/remiremontinfo\/#\/schema\/person\/6f9a650eeea99d969b6c4ab78fccbe81"},"headline":"Drame \u00e0 Padoux : un policier de la CRS 39 met fin \u00e0 ses jours \u00e0 son domicile","datePublished":"2025-04-15T07:00:06+00:00","dateModified":"2025-04-15T07:00:06+00:00","mainEntityOfPage":{"@id":"https:\/\/vosgesinfo.fr\/remiremontinfo\/2025\/04\/drame-a-padoux-un-policier-de-la-crs-39-met-fin-a-ses-jours-a-son-domicile\/"},"wordCount":353,"commentCount":0,"publisher":{"@id":"https:\/\/vosgesinfo.fr\/remiremontinfo\/#organization"},"image":{"@id":"https:\/\/vosgesinfo.fr\/remiremontinfo\/2025\/04\/drame-a-padoux-un-policier-de-la-crs-39-met-fin-a-ses-jours-a-son-domicile\/#primaryimage"},"thumbnailUrl":"https:\/\/vosgesinfo.fr\/app\/uploads\/sites\/5\/2025\/04\/police-nationale-01.jpg","articleSection":["A la Une","Epinal","Fait Divers","Faits-divers","G\u00e9rardmer","La plaine des vosges","Remiremont","Saint-di\u00e9"],"inLanguage":"fr-FR","potentialAction":[{"@type":"CommentAction","name":"Comment","target":["https:\/\/vosgesinfo.fr\/remiremontinfo\/2025\/04\/drame-a-padoux-un-policier-de-la-crs-39-met-fin-a-ses-jours-a-son-domicile\/#respond"]}]},{"@type":"WebPage","@id":"https:\/\/vosgesinfo.fr\/remiremontinfo\/2025\/04\/drame-a-padoux-un-policier-de-la-crs-39-met-fin-a-ses-jours-a-son-domicile\/","url":"https:\/\/vosgesinfo.fr\/remiremontinfo\/2025\/04\/drame-a-padoux-un-policier-de-la-crs-39-met-fin-a-ses-jours-a-son-domicile\/","name":"Drame \u00e0 Padoux : un policier de la CRS 39 met fin \u00e0 ses jours \u00e0 son domicile - Remiremont Info","isPartOf":{"@id":"https:\/\/vosgesinfo.fr\/remiremontinfo\/#website"},"primaryImageOfPage":{"@id":"https:\/\/vosgesinfo.fr\/remiremontinfo\/2025\/04\/drame-a-padoux-un-policier-de-la-crs-39-met-fin-a-ses-jours-a-son-domicile\/#primaryimage"},"image":{"@id":"https:\/\/vosgesinfo.fr\/remiremontinfo\/2025\/04\/drame-a-padoux-un-policier-de-la-crs-39-met-fin-a-ses-jours-a-son-domicile\/#primaryimage"},"thumbnailUrl":"https:\/\/vosgesinfo.fr\/app\/uploads\/sites\/5\/2025\/04\/police-nationale-01.jpg","datePublished":"2025-04-15T07:00:06+00:00","dateModified":"2025-04-15T07:00:06+00:00","breadcrumb":{"@id":"https:\/\/vosgesinfo.fr\/remiremontinfo\/2025\/04\/drame-a-padoux-un-policier-de-la-crs-39-met-fin-a-ses-jours-a-son-domicile\/#breadcrumb"},"inLanguage":"fr-FR","potentialAction":[{"@type":"ReadAction","target":["https:\/\/vosgesinfo.fr\/remiremontinfo\/2025\/04\/drame-a-padoux-un-policier-de-la-crs-39-met-fin-a-ses-jours-a-son-domicile\/"]}]},{"@type":"ImageObject","inLanguage":"fr-FR","@id":"https:\/\/vosgesinfo.fr\/remiremontinfo\/2025\/04\/drame-a-padoux-un-policier-de-la-crs-39-met-fin-a-ses-jours-a-son-domicile\/#primaryimage","url":"https:\/\/vosgesinfo.fr\/app\/uploads\/sites\/5\/2025\/04\/police-nationale-01.jpg","contentUrl":"https:\/\/vosgesinfo.fr\/app\/uploads\/sites\/5\/2025\/04\/police-nationale-01.jpg","width":1024,"height":576},{"@type":"BreadcrumbList","@id":"https:\/\/vosgesinfo.fr\/remiremontinfo\/2025\/04\/drame-a-padoux-un-policier-de-la-crs-39-met-fin-a-ses-jours-a-son-domicile\/#breadcrumb","itemListElement":[{"@type":"ListItem","position":1,"name":"Home","item":"https:\/\/vosgesinfo.fr\/remiremontinfo\/"},{"@type":"ListItem","position":2,"name":"Drame \u00e0 Padoux : un policier de la CRS 39 met fin \u00e0 ses jours \u00e0 son domicile"}]},{"@type":"WebSite","@id":"https:\/\/vosgesinfo.fr\/remiremontinfo\/#website","url":"https:\/\/vosgesinfo.fr\/remiremontinfo\/","name":"Remiremont Info","description":"Toute l&#039;actualit\u00e9 de Remiremont","publisher":{"@id":"https:\/\/vosgesinfo.fr\/remiremontinfo\/#organization"},"alternateName":"Toute l'actualit\u00e9 de Remiremont","potentialAction":[{"@type":"SearchAction","target":{"@type":"EntryPoint","urlTemplate":"https:\/\/vosgesinfo.fr\/remiremontinfo\/?s={search_term_string}"},"query-input":"required name=search_term_string"}],"inLanguage":"fr-FR"},{"@type":"Organization","@id":"https:\/\/vosgesinfo.fr\/remiremontinfo\/#organization","name":"Remiremont Info","url":"https:\/\/vosgesinfo.fr\/remiremontinfo\/","logo":{"@type":"ImageObject","inLanguage":"fr-FR","@id":"https:\/\/vosgesinfo.fr\/remiremontinfo\/#\/schema\/logo\/image\/","url":"https:\/\/vosgesinfo.fr\/app\/uploads\/sites\/5\/2023\/08\/favicon-remiremontinfo.png","contentUrl":"https:\/\/vosgesinfo.fr\/app\/uploads\/sites\/5\/2023\/08\/favicon-remiremontinfo.png","width":512,"height":512,"caption":"Remiremont Info"},"image":{"@id":"https:\/\/vosgesinfo.fr\/remiremontinfo\/#\/schema\/logo\/image\/"},"sameAs":["https:\/\/www.facebook.com\/remiremontinfo","https:\/\/x.com\/VosgesInfo88","https:\/\/www.youtube.com\/@vosgesinfo"]},{"@type":"Person","@id":"https:\/\/vosgesinfo.fr\/remiremontinfo\/#\/schema\/person\/6f9a650eeea99d969b6c4ab78fccbe81","name":"C.K.","image":{"@type":"ImageObject","inLanguage":"fr-FR","@id":"https:\/\/vosgesinfo.fr\/remiremontinfo\/#\/schema\/person\/image\/","url":"https:\/\/secure.gravatar.com\/avatar\/48e3fc7f8421ba8942be6b74a2b7f014ca39bc00dece156b7a8e098ae7dc87bf?s=96&d=mm&r=g","contentUrl":"https:\/\/secure.gravatar.com\/avatar\/48e3fc7f8421ba8942be6b74a2b7f014ca39bc00dece156b7a8e098ae7dc87bf?s=96&d=mm&r=g","caption":"C.K."},"url":"https:\/\/vosgesinfo.fr\/remiremontinfo\/author\/celia-k-n\/"}]}},"_links":{"self":[{"href":"https:\/\/vosgesinfo.fr\/remiremontinfo\/wp-json\/wp\/v2\/posts\/80834","targetHints":{"allow":["GET"]}}],"collection":[{"href":"https:\/\/vosgesinfo.fr\/remiremontinfo\/wp-json\/wp\/v2\/posts"}],"about":[{"href":"https:\/\/vosgesinfo.fr\/remiremontinfo\/wp-json\/wp\/v2\/types\/post"}],"author":[{"embeddable":true,"href":"https:\/\/vosgesinfo.fr\/remiremontinfo\/wp-json\/wp\/v2\/users\/52"}],"replies":[{"embeddable":true,"href":"https:\/\/vosgesinfo.fr\/remiremontinfo\/wp-json\/wp\/v2\/comments?post=80834"}],"version-history":[{"count":0,"href":"https:\/\/vosgesinfo.fr\/remiremontinfo\/wp-json\/wp\/v2\/posts\/80834\/revisions"}],"wp:featuredmedia":[{"embeddable":true,"href":"https:\/\/vosgesinfo.fr\/remiremontinfo\/wp-json\/wp\/v2\/media\/80835"}],"wp:attachment":[{"href":"https:\/\/vosgesinfo.fr\/remiremontinfo\/wp-json\/wp\/v2\/media?parent=80834"}],"wp:term":[{"taxonomy":"category","embeddable":true,"href":"https:\/\/vosgesinfo.fr\/remiremontinfo\/wp-json\/wp\/v2\/categories?post=80834"},{"taxonomy":"post_tag","embeddable":true,"href":"https:\/\/vosgesinfo.fr\/remiremontinfo\/wp-json\/wp\/v2\/tags?post=80834"}],"curies":[{"name":"wp","href":"https:\/\/api.w.org\/{rel}","templated":true}]}}