{"id":80836,"date":"2025-04-15T09:30:05","date_gmt":"2025-04-15T07:30:05","guid":{"rendered":"https:\/\/vosgesinfo.fr\/remiremontinfo\/?p=80836"},"modified":"2025-04-15T09:08:26","modified_gmt":"2025-04-15T07:08:26","slug":"vagnexpo-lincontournable-salon-de-printemps-aura-lieu-les-25-26-et-27-avril","status":"publish","type":"post","link":"https:\/\/vosgesinfo.fr\/remiremontinfo\/2025\/04\/vagnexpo-lincontournable-salon-de-printemps-aura-lieu-les-25-26-et-27-avril\/","title":{"rendered":"Vagn\u2019Expo, l\u2019incontournable salon de printemps, aura lieu les 25, 26 et 27 avril"},"content":{"rendered":"<p class=\"western\"><a href=\"https:\/\/vosgesinfo.fr\/app\/uploads\/sites\/5\/2025\/04\/vagnexpo-represente-un-salon-de-printemps-de-reference-photo-archives-vosges-info.jpg\"><img decoding=\"async\" class=\"aligncenter size-medium wp-image-80837\" src=\"https:\/\/vosgesinfo.fr\/app\/uploads\/sites\/5\/2025\/04\/vagnexpo-represente-un-salon-de-printemps-de-reference-photo-archives-vosges-info-300x225.jpg\" alt=\"\" width=\"300\" height=\"225\" srcset=\"https:\/\/vosgesinfo.fr\/app\/uploads\/sites\/5\/2025\/04\/vagnexpo-represente-un-salon-de-printemps-de-reference-photo-archives-vosges-info-300x225.jpg 300w, https:\/\/vosgesinfo.fr\/app\/uploads\/sites\/5\/2025\/04\/vagnexpo-represente-un-salon-de-printemps-de-reference-photo-archives-vosges-info-1024x768.jpg 1024w, https:\/\/vosgesinfo.fr\/app\/uploads\/sites\/5\/2025\/04\/vagnexpo-represente-un-salon-de-printemps-de-reference-photo-archives-vosges-info-768x576.jpg 768w, https:\/\/vosgesinfo.fr\/app\/uploads\/sites\/5\/2025\/04\/vagnexpo-represente-un-salon-de-printemps-de-reference-photo-archives-vosges-info-1536x1152.jpg 1536w, https:\/\/vosgesinfo.fr\/app\/uploads\/sites\/5\/2025\/04\/vagnexpo-represente-un-salon-de-printemps-de-reference-photo-archives-vosges-info-2048x1536.jpg 2048w\" sizes=\"(max-width: 300px) 100vw, 300px\" \/><\/a><\/p>\n<p class=\"western\"><b>Il s\u2019agira de la 23\u00e8me \u00e9dition de ce grand rendez-vous organis\u00e9 par l\u2019association des commer\u00e7ants<\/b> <b>et artisans de Vagney et des environs. La cinquantaine d\u2019exposants sera atteinte cette ann\u00e9e, dont de nombreux nouveaux. <\/b><\/p>\n<p class=\"western\">Vagn\u2019Expo est une manifestation d\u2019envergure qui a su se forger une v\u00e9ritable identit\u00e9 au fil des ann\u00e9es. Une popularit\u00e9 reconnue partout \u00e0 la ronde et appr\u00e9ci\u00e9e pour son attractivit\u00e9. Ce salon de printemps a su tisser des liens forts entre exposants et leur public avide de nouveaut\u00e9s. Rendez-vous les 25, 26 et 27 avril \u00e0 la fois en ext\u00e9rieur (place de la Lib\u00e9ration) et \u00e9galement \u00e0 l\u2019int\u00e9rieur de la salle polyvalente voinraude jouxtant la dite place.<\/p>\n<p class=\"western\"><a href=\"https:\/\/vosgesinfo.fr\/app\/uploads\/sites\/5\/2025\/04\/en-exterieur-ainsi-que-dans-la-salle-polyvalente-les-visiteurs-decouvriront-une-cinquantaine-dexposants-photo-archives-2024-vosges-info-.jpg\"><img decoding=\"async\" class=\"alignright size-medium wp-image-80838\" src=\"https:\/\/vosgesinfo.fr\/app\/uploads\/sites\/5\/2025\/04\/en-exterieur-ainsi-que-dans-la-salle-polyvalente-les-visiteurs-decouvriront-une-cinquantaine-dexposants-photo-archives-2024-vosges-info--300x224.jpg\" alt=\"\" width=\"300\" height=\"224\" srcset=\"https:\/\/vosgesinfo.fr\/app\/uploads\/sites\/5\/2025\/04\/en-exterieur-ainsi-que-dans-la-salle-polyvalente-les-visiteurs-decouvriront-une-cinquantaine-dexposants-photo-archives-2024-vosges-info--300x224.jpg 300w, https:\/\/vosgesinfo.fr\/app\/uploads\/sites\/5\/2025\/04\/en-exterieur-ainsi-que-dans-la-salle-polyvalente-les-visiteurs-decouvriront-une-cinquantaine-dexposants-photo-archives-2024-vosges-info--1024x764.jpg 1024w, https:\/\/vosgesinfo.fr\/app\/uploads\/sites\/5\/2025\/04\/en-exterieur-ainsi-que-dans-la-salle-polyvalente-les-visiteurs-decouvriront-une-cinquantaine-dexposants-photo-archives-2024-vosges-info--768x573.jpg 768w, https:\/\/vosgesinfo.fr\/app\/uploads\/sites\/5\/2025\/04\/en-exterieur-ainsi-que-dans-la-salle-polyvalente-les-visiteurs-decouvriront-une-cinquantaine-dexposants-photo-archives-2024-vosges-info--1536x1147.jpg 1536w, https:\/\/vosgesinfo.fr\/app\/uploads\/sites\/5\/2025\/04\/en-exterieur-ainsi-que-dans-la-salle-polyvalente-les-visiteurs-decouvriront-une-cinquantaine-dexposants-photo-archives-2024-vosges-info--2048x1529.jpg 2048w\" sizes=\"(max-width: 300px) 100vw, 300px\" \/><\/a>Vagn\u2019Expo, une organisation travaill\u00e9e avec plusieurs mois d\u2019avance et r\u00e9unissant en 1<sup>er<\/sup> lieu une large panoplie d\u2019artisans et entrepreneurs locaux et du secteur proche, mais s\u2019ouvrant cette ann\u00e9e \u00e0 des professionnels venant de plus loin. C\u2019est ainsi qu\u2019une cinquantaine d\u2019exposants seront recens\u00e9s lors de cette \u00e9dition 2025, ainsi que nous l\u2019a soulign\u00e9 avec enthousiasme Julien Petitjean, pr\u00e9sident de l\u2019association des commer\u00e7ants et artisans de Vagney et des environs. <b> <\/b><\/p>\n<p class=\"western\"><b>Une panoplie d\u2019exposants couvrant une diversit\u00e9 d\u2019activit\u00e9s <\/b><\/p>\n<p class=\"western\">Ce salon de printemps fait promesse d\u2019offrir un tr\u00e8s grand choix aux visiteurs. Cela ira des m\u00e9tiers de bouche et du terroir, en passant par le confort de la maison, les loisirs et le bien-\u00eatre, l\u2019habitat et le jardin dont un \u00e9v\u00e9nement sp\u00e9cial \u00ab\u00a0jardins et ext\u00e9rieurs\u00a0\u00bb avec notamment pr\u00e9sence de plusieurs p\u00e9pini\u00e9ristes et d\u2019un paysagiste. Sans oublier les garages automobiles pr\u00e9sentant leur marque respective, de m\u00eame que le garage Robert et les camions Man. Les visiteurs trouveront \u00e9galement buvette et restauration sur place.<\/p>\n<p class=\"western\">Outre l\u2019entr\u00e9e gratuite, Vagn\u2019Expo proposera une fois encore de participer \u00e0 un jeu (gratuit lui aussi) permettant de remporter de nombreux lots et pas des moindres, avec en 1<sup>er<\/sup> prix un voyage en R\u00e9publicaine Dominicaine d\u2019une valeur de 5.000 \u20ac. Le second lot se constituera de 2.000 \u20ac de courses, en partenariat avec le Super U de Vagney et le 3\u00e8me prix sera un salon de jardin d\u2019une valeur de 1.500 \u20ac. Le tirage d\u00e9signant les gagnant(e)s sera effectu\u00e9 le dimanche \u00e0 17 h 30.<\/p>\n<p class=\"western\">\n<p class=\"western\">Vagn\u2019Expo 2025 promet une 23\u00e8me \u00e9dition riche en rencontres, d\u00e9couvertes et \u00e9changes fructueux. Un rendez-vous \u00e0 privil\u00e9gier au centre de Vagney les <b>vendredi 25 avril de 14 h 00 \u00e0 19 h 00, samedi 26 avril de 10 h 00 \u00e0 19 h 00 et dimanche 27 avril de 10 h 00 \u00e0 18 h 00. <\/b><\/p>\n","protected":false},"excerpt":{"rendered":"<p>Il s\u2019agira de la 23\u00e8me \u00e9dition de ce grand rendez-vous organis\u00e9 par l\u2019association des commer\u00e7ants et artisans de Vagney et [&hellip;]<\/p>\n","protected":false},"author":392,"featured_media":80837,"comment_status":"open","ping_status":"open","sticky":false,"template":"","format":"standard","meta":{"footnotes":""},"categories":[26,1547,11,58,43],"tags":[959],"class_list":["post-80836","post","type-post","status-publish","format-standard","has-post-thumbnail","hentry","category-a-la-une","category-gerardmer-2","category-publi-reportage","category-publireportage","category-remiremont-remiremont-son-canton","tag-vagnexpo"],"acf":[],"yoast_head":"<!-- This site is optimized with the Yoast SEO plugin v22.5 - https:\/\/yoast.com\/wordpress\/plugins\/seo\/ -->\n<title>Vagn\u2019Expo, l\u2019incontournable salon de printemps, aura lieu les 25, 26 et 27 avril - Remiremont Info<\/title>\n<meta name=\"robots\" content=\"index, follow, max-snippet:-1, max-image-preview:large, max-video-preview:-1\" \/>\n<link rel=\"canonical\" href=\"https:\/\/vosgesinfo.fr\/remiremontinfo\/2025\/04\/vagnexpo-lincontournable-salon-de-printemps-aura-lieu-les-25-26-et-27-avril\/\" \/>\n<meta name=\"twitter:card\" content=\"summary_large_image\" \/>\n<meta name=\"twitter:title\" content=\"Vagn\u2019Expo, l\u2019incontournable salon de printemps, aura lieu les 25, 26 et 27 avril - Remiremont Info\" \/>\n<meta name=\"twitter:description\" content=\"Il s\u2019agira de la 23\u00e8me \u00e9dition de ce grand rendez-vous organis\u00e9 par l\u2019association des commer\u00e7ants et artisans de Vagney et [&hellip;]\" \/>\n<meta name=\"twitter:image\" content=\"https:\/\/vosgesinfo.fr\/app\/uploads\/sites\/5\/2025\/04\/vagnexpo-represente-un-salon-de-printemps-de-reference-photo-archives-vosges-info.jpg\" \/>\n<meta name=\"twitter:creator\" content=\"@VosgesInfo88\" \/>\n<meta name=\"twitter:site\" content=\"@VosgesInfo88\" \/>\n<meta name=\"twitter:label1\" content=\"\u00c9crit par\" \/>\n\t<meta name=\"twitter:data1\" content=\"La redaction\" \/>\n\t<meta name=\"twitter:label2\" content=\"Dur\u00e9e de lecture estim\u00e9e\" \/>\n\t<meta name=\"twitter:data2\" content=\"2 minutes\" \/>\n<script type=\"application\/ld+json\" class=\"yoast-schema-graph\">{\"@context\":\"https:\/\/schema.org\",\"@graph\":[{\"@type\":\"Article\",\"@id\":\"https:\/\/vosgesinfo.fr\/remiremontinfo\/2025\/04\/vagnexpo-lincontournable-salon-de-printemps-aura-lieu-les-25-26-et-27-avril\/#article\",\"isPartOf\":{\"@id\":\"https:\/\/vosgesinfo.fr\/remiremontinfo\/2025\/04\/vagnexpo-lincontournable-salon-de-printemps-aura-lieu-les-25-26-et-27-avril\/\"},\"author\":{\"name\":\"La redaction\",\"@id\":\"https:\/\/vosgesinfo.fr\/remiremontinfo\/#\/schema\/person\/80c6ea85ff4afefe81dceaf949954c76\"},\"headline\":\"Vagn\u2019Expo, l\u2019incontournable salon de printemps, aura lieu les 25, 26 et 27 avril\",\"datePublished\":\"2025-04-15T07:30:05+00:00\",\"dateModified\":\"2025-04-15T07:08:26+00:00\",\"mainEntityOfPage\":{\"@id\":\"https:\/\/vosgesinfo.fr\/remiremontinfo\/2025\/04\/vagnexpo-lincontournable-salon-de-printemps-aura-lieu-les-25-26-et-27-avril\/\"},\"wordCount\":442,\"commentCount\":0,\"publisher\":{\"@id\":\"https:\/\/vosgesinfo.fr\/remiremontinfo\/#organization\"},\"image\":{\"@id\":\"https:\/\/vosgesinfo.fr\/remiremontinfo\/2025\/04\/vagnexpo-lincontournable-salon-de-printemps-aura-lieu-les-25-26-et-27-avril\/#primaryimage\"},\"thumbnailUrl\":\"https:\/\/vosgesinfo.fr\/app\/uploads\/sites\/5\/2025\/04\/vagnexpo-represente-un-salon-de-printemps-de-reference-photo-archives-vosges-info.jpg\",\"keywords\":[\"Vagn'expo\"],\"articleSection\":[\"A la Une\",\"Gerardmer\",\"Publi-reportage\",\"Publireportage\",\"Remiremont\"],\"inLanguage\":\"fr-FR\",\"potentialAction\":[{\"@type\":\"CommentAction\",\"name\":\"Comment\",\"target\":[\"https:\/\/vosgesinfo.fr\/remiremontinfo\/2025\/04\/vagnexpo-lincontournable-salon-de-printemps-aura-lieu-les-25-26-et-27-avril\/#respond\"]}]},{\"@type\":\"WebPage\",\"@id\":\"https:\/\/vosgesinfo.fr\/remiremontinfo\/2025\/04\/vagnexpo-lincontournable-salon-de-printemps-aura-lieu-les-25-26-et-27-avril\/\",\"url\":\"https:\/\/vosgesinfo.fr\/remiremontinfo\/2025\/04\/vagnexpo-lincontournable-salon-de-printemps-aura-lieu-les-25-26-et-27-avril\/\",\"name\":\"Vagn\u2019Expo, l\u2019incontournable salon de printemps, aura lieu les 25, 26 et 27 avril - Remiremont Info\",\"isPartOf\":{\"@id\":\"https:\/\/vosgesinfo.fr\/remiremontinfo\/#website\"},\"primaryImageOfPage\":{\"@id\":\"https:\/\/vosgesinfo.fr\/remiremontinfo\/2025\/04\/vagnexpo-lincontournable-salon-de-printemps-aura-lieu-les-25-26-et-27-avril\/#primaryimage\"},\"image\":{\"@id\":\"https:\/\/vosgesinfo.fr\/remiremontinfo\/2025\/04\/vagnexpo-lincontournable-salon-de-printemps-aura-lieu-les-25-26-et-27-avril\/#primaryimage\"},\"thumbnailUrl\":\"https:\/\/vosgesinfo.fr\/app\/uploads\/sites\/5\/2025\/04\/vagnexpo-represente-un-salon-de-printemps-de-reference-photo-archives-vosges-info.jpg\",\"datePublished\":\"2025-04-15T07:30:05+00:00\",\"dateModified\":\"2025-04-15T07:08:26+00:00\",\"breadcrumb\":{\"@id\":\"https:\/\/vosgesinfo.fr\/remiremontinfo\/2025\/04\/vagnexpo-lincontournable-salon-de-printemps-aura-lieu-les-25-26-et-27-avril\/#breadcrumb\"},\"inLanguage\":\"fr-FR\",\"potentialAction\":[{\"@type\":\"ReadAction\",\"target\":[\"https:\/\/vosgesinfo.fr\/remiremontinfo\/2025\/04\/vagnexpo-lincontournable-salon-de-printemps-aura-lieu-les-25-26-et-27-avril\/\"]}]},{\"@type\":\"ImageObject\",\"inLanguage\":\"fr-FR\",\"@id\":\"https:\/\/vosgesinfo.fr\/remiremontinfo\/2025\/04\/vagnexpo-lincontournable-salon-de-printemps-aura-lieu-les-25-26-et-27-avril\/#primaryimage\",\"url\":\"https:\/\/vosgesinfo.fr\/app\/uploads\/sites\/5\/2025\/04\/vagnexpo-represente-un-salon-de-printemps-de-reference-photo-archives-vosges-info.jpg\",\"contentUrl\":\"https:\/\/vosgesinfo.fr\/app\/uploads\/sites\/5\/2025\/04\/vagnexpo-represente-un-salon-de-printemps-de-reference-photo-archives-vosges-info.jpg\",\"width\":2560,\"height\":1920},{\"@type\":\"BreadcrumbList\",\"@id\":\"https:\/\/vosgesinfo.fr\/remiremontinfo\/2025\/04\/vagnexpo-lincontournable-salon-de-printemps-aura-lieu-les-25-26-et-27-avril\/#breadcrumb\",\"itemListElement\":[{\"@type\":\"ListItem\",\"position\":1,\"name\":\"Home\",\"item\":\"https:\/\/vosgesinfo.fr\/remiremontinfo\/\"},{\"@type\":\"ListItem\",\"position\":2,\"name\":\"Vagn\u2019Expo, l\u2019incontournable salon de printemps, aura lieu les 25, 26 et 27 avril\"}]},{\"@type\":\"WebSite\",\"@id\":\"https:\/\/vosgesinfo.fr\/remiremontinfo\/#website\",\"url\":\"https:\/\/vosgesinfo.fr\/remiremontinfo\/\",\"name\":\"Remiremont Info\",\"description\":\"Toute l&#039;actualit\u00e9 de Remiremont\",\"publisher\":{\"@id\":\"https:\/\/vosgesinfo.fr\/remiremontinfo\/#organization\"},\"alternateName\":\"Toute l'actualit\u00e9 de Remiremont\",\"potentialAction\":[{\"@type\":\"SearchAction\",\"target\":{\"@type\":\"EntryPoint\",\"urlTemplate\":\"https:\/\/vosgesinfo.fr\/remiremontinfo\/?s={search_term_string}\"},\"query-input\":\"required name=search_term_string\"}],\"inLanguage\":\"fr-FR\"},{\"@type\":\"Organization\",\"@id\":\"https:\/\/vosgesinfo.fr\/remiremontinfo\/#organization\",\"name\":\"Remiremont Info\",\"url\":\"https:\/\/vosgesinfo.fr\/remiremontinfo\/\",\"logo\":{\"@type\":\"ImageObject\",\"inLanguage\":\"fr-FR\",\"@id\":\"https:\/\/vosgesinfo.fr\/remiremontinfo\/#\/schema\/logo\/image\/\",\"url\":\"https:\/\/vosgesinfo.fr\/app\/uploads\/sites\/5\/2023\/08\/favicon-remiremontinfo.png\",\"contentUrl\":\"https:\/\/vosgesinfo.fr\/app\/uploads\/sites\/5\/2023\/08\/favicon-remiremontinfo.png\",\"width\":512,\"height\":512,\"caption\":\"Remiremont Info\"},\"image\":{\"@id\":\"https:\/\/vosgesinfo.fr\/remiremontinfo\/#\/schema\/logo\/image\/\"},\"sameAs\":[\"https:\/\/www.facebook.com\/remiremontinfo\",\"https:\/\/x.com\/VosgesInfo88\",\"https:\/\/www.youtube.com\/@vosgesinfo\"]},{\"@type\":\"Person\",\"@id\":\"https:\/\/vosgesinfo.fr\/remiremontinfo\/#\/schema\/person\/80c6ea85ff4afefe81dceaf949954c76\",\"name\":\"La redaction\",\"image\":{\"@type\":\"ImageObject\",\"inLanguage\":\"fr-FR\",\"@id\":\"https:\/\/vosgesinfo.fr\/remiremontinfo\/#\/schema\/person\/image\/\",\"url\":\"https:\/\/secure.gravatar.com\/avatar\/fa684fed8c27e631d40f39d17520286009f89cf7526728ea4e58b5a8c426c16a?s=96&d=mm&r=g\",\"contentUrl\":\"https:\/\/secure.gravatar.com\/avatar\/fa684fed8c27e631d40f39d17520286009f89cf7526728ea4e58b5a8c426c16a?s=96&d=mm&r=g\",\"caption\":\"La redaction\"},\"url\":\"https:\/\/vosgesinfo.fr\/remiremontinfo\/author\/d-p\/\"}]}<\/script>\n<!-- \/ Yoast SEO plugin. -->","yoast_head_json":{"title":"Vagn\u2019Expo, l\u2019incontournable salon de printemps, aura lieu les 25, 26 et 27 avril - Remiremont Info","robots":{"index":"index","follow":"follow","max-snippet":"max-snippet:-1","max-image-preview":"max-image-preview:large","max-video-preview":"max-video-preview:-1"},"canonical":"https:\/\/vosgesinfo.fr\/remiremontinfo\/2025\/04\/vagnexpo-lincontournable-salon-de-printemps-aura-lieu-les-25-26-et-27-avril\/","twitter_card":"summary_large_image","twitter_title":"Vagn\u2019Expo, l\u2019incontournable salon de printemps, aura lieu les 25, 26 et 27 avril - Remiremont Info","twitter_description":"Il s\u2019agira de la 23\u00e8me \u00e9dition de ce grand rendez-vous organis\u00e9 par l\u2019association des commer\u00e7ants et artisans de Vagney et [&hellip;]","twitter_image":"https:\/\/vosgesinfo.fr\/app\/uploads\/sites\/5\/2025\/04\/vagnexpo-represente-un-salon-de-printemps-de-reference-photo-archives-vosges-info.jpg","twitter_creator":"@VosgesInfo88","twitter_site":"@VosgesInfo88","twitter_misc":{"\u00c9crit par":"La redaction","Dur\u00e9e de lecture estim\u00e9e":"2 minutes"},"schema":{"@context":"https:\/\/schema.org","@graph":[{"@type":"Article","@id":"https:\/\/vosgesinfo.fr\/remiremontinfo\/2025\/04\/vagnexpo-lincontournable-salon-de-printemps-aura-lieu-les-25-26-et-27-avril\/#article","isPartOf":{"@id":"https:\/\/vosgesinfo.fr\/remiremontinfo\/2025\/04\/vagnexpo-lincontournable-salon-de-printemps-aura-lieu-les-25-26-et-27-avril\/"},"author":{"name":"La redaction","@id":"https:\/\/vosgesinfo.fr\/remiremontinfo\/#\/schema\/person\/80c6ea85ff4afefe81dceaf949954c76"},"headline":"Vagn\u2019Expo, l\u2019incontournable salon de printemps, aura lieu les 25, 26 et 27 avril","datePublished":"2025-04-15T07:30:05+00:00","dateModified":"2025-04-15T07:08:26+00:00","mainEntityOfPage":{"@id":"https:\/\/vosgesinfo.fr\/remiremontinfo\/2025\/04\/vagnexpo-lincontournable-salon-de-printemps-aura-lieu-les-25-26-et-27-avril\/"},"wordCount":442,"commentCount":0,"publisher":{"@id":"https:\/\/vosgesinfo.fr\/remiremontinfo\/#organization"},"image":{"@id":"https:\/\/vosgesinfo.fr\/remiremontinfo\/2025\/04\/vagnexpo-lincontournable-salon-de-printemps-aura-lieu-les-25-26-et-27-avril\/#primaryimage"},"thumbnailUrl":"https:\/\/vosgesinfo.fr\/app\/uploads\/sites\/5\/2025\/04\/vagnexpo-represente-un-salon-de-printemps-de-reference-photo-archives-vosges-info.jpg","keywords":["Vagn'expo"],"articleSection":["A la Une","Gerardmer","Publi-reportage","Publireportage","Remiremont"],"inLanguage":"fr-FR","potentialAction":[{"@type":"CommentAction","name":"Comment","target":["https:\/\/vosgesinfo.fr\/remiremontinfo\/2025\/04\/vagnexpo-lincontournable-salon-de-printemps-aura-lieu-les-25-26-et-27-avril\/#respond"]}]},{"@type":"WebPage","@id":"https:\/\/vosgesinfo.fr\/remiremontinfo\/2025\/04\/vagnexpo-lincontournable-salon-de-printemps-aura-lieu-les-25-26-et-27-avril\/","url":"https:\/\/vosgesinfo.fr\/remiremontinfo\/2025\/04\/vagnexpo-lincontournable-salon-de-printemps-aura-lieu-les-25-26-et-27-avril\/","name":"Vagn\u2019Expo, l\u2019incontournable salon de printemps, aura lieu les 25, 26 et 27 avril - Remiremont Info","isPartOf":{"@id":"https:\/\/vosgesinfo.fr\/remiremontinfo\/#website"},"primaryImageOfPage":{"@id":"https:\/\/vosgesinfo.fr\/remiremontinfo\/2025\/04\/vagnexpo-lincontournable-salon-de-printemps-aura-lieu-les-25-26-et-27-avril\/#primaryimage"},"image":{"@id":"https:\/\/vosgesinfo.fr\/remiremontinfo\/2025\/04\/vagnexpo-lincontournable-salon-de-printemps-aura-lieu-les-25-26-et-27-avril\/#primaryimage"},"thumbnailUrl":"https:\/\/vosgesinfo.fr\/app\/uploads\/sites\/5\/2025\/04\/vagnexpo-represente-un-salon-de-printemps-de-reference-photo-archives-vosges-info.jpg","datePublished":"2025-04-15T07:30:05+00:00","dateModified":"2025-04-15T07:08:26+00:00","breadcrumb":{"@id":"https:\/\/vosgesinfo.fr\/remiremontinfo\/2025\/04\/vagnexpo-lincontournable-salon-de-printemps-aura-lieu-les-25-26-et-27-avril\/#breadcrumb"},"inLanguage":"fr-FR","potentialAction":[{"@type":"ReadAction","target":["https:\/\/vosgesinfo.fr\/remiremontinfo\/2025\/04\/vagnexpo-lincontournable-salon-de-printemps-aura-lieu-les-25-26-et-27-avril\/"]}]},{"@type":"ImageObject","inLanguage":"fr-FR","@id":"https:\/\/vosgesinfo.fr\/remiremontinfo\/2025\/04\/vagnexpo-lincontournable-salon-de-printemps-aura-lieu-les-25-26-et-27-avril\/#primaryimage","url":"https:\/\/vosgesinfo.fr\/app\/uploads\/sites\/5\/2025\/04\/vagnexpo-represente-un-salon-de-printemps-de-reference-photo-archives-vosges-info.jpg","contentUrl":"https:\/\/vosgesinfo.fr\/app\/uploads\/sites\/5\/2025\/04\/vagnexpo-represente-un-salon-de-printemps-de-reference-photo-archives-vosges-info.jpg","width":2560,"height":1920},{"@type":"BreadcrumbList","@id":"https:\/\/vosgesinfo.fr\/remiremontinfo\/2025\/04\/vagnexpo-lincontournable-salon-de-printemps-aura-lieu-les-25-26-et-27-avril\/#breadcrumb","itemListElement":[{"@type":"ListItem","position":1,"name":"Home","item":"https:\/\/vosgesinfo.fr\/remiremontinfo\/"},{"@type":"ListItem","position":2,"name":"Vagn\u2019Expo, l\u2019incontournable salon de printemps, aura lieu les 25, 26 et 27 avril"}]},{"@type":"WebSite","@id":"https:\/\/vosgesinfo.fr\/remiremontinfo\/#website","url":"https:\/\/vosgesinfo.fr\/remiremontinfo\/","name":"Remiremont Info","description":"Toute l&#039;actualit\u00e9 de Remiremont","publisher":{"@id":"https:\/\/vosgesinfo.fr\/remiremontinfo\/#organization"},"alternateName":"Toute l'actualit\u00e9 de Remiremont","potentialAction":[{"@type":"SearchAction","target":{"@type":"EntryPoint","urlTemplate":"https:\/\/vosgesinfo.fr\/remiremontinfo\/?s={search_term_string}"},"query-input":"required name=search_term_string"}],"inLanguage":"fr-FR"},{"@type":"Organization","@id":"https:\/\/vosgesinfo.fr\/remiremontinfo\/#organization","name":"Remiremont Info","url":"https:\/\/vosgesinfo.fr\/remiremontinfo\/","logo":{"@type":"ImageObject","inLanguage":"fr-FR","@id":"https:\/\/vosgesinfo.fr\/remiremontinfo\/#\/schema\/logo\/image\/","url":"https:\/\/vosgesinfo.fr\/app\/uploads\/sites\/5\/2023\/08\/favicon-remiremontinfo.png","contentUrl":"https:\/\/vosgesinfo.fr\/app\/uploads\/sites\/5\/2023\/08\/favicon-remiremontinfo.png","width":512,"height":512,"caption":"Remiremont Info"},"image":{"@id":"https:\/\/vosgesinfo.fr\/remiremontinfo\/#\/schema\/logo\/image\/"},"sameAs":["https:\/\/www.facebook.com\/remiremontinfo","https:\/\/x.com\/VosgesInfo88","https:\/\/www.youtube.com\/@vosgesinfo"]},{"@type":"Person","@id":"https:\/\/vosgesinfo.fr\/remiremontinfo\/#\/schema\/person\/80c6ea85ff4afefe81dceaf949954c76","name":"La redaction","image":{"@type":"ImageObject","inLanguage":"fr-FR","@id":"https:\/\/vosgesinfo.fr\/remiremontinfo\/#\/schema\/person\/image\/","url":"https:\/\/secure.gravatar.com\/avatar\/fa684fed8c27e631d40f39d17520286009f89cf7526728ea4e58b5a8c426c16a?s=96&d=mm&r=g","contentUrl":"https:\/\/secure.gravatar.com\/avatar\/fa684fed8c27e631d40f39d17520286009f89cf7526728ea4e58b5a8c426c16a?s=96&d=mm&r=g","caption":"La redaction"},"url":"https:\/\/vosgesinfo.fr\/remiremontinfo\/author\/d-p\/"}]}},"_links":{"self":[{"href":"https:\/\/vosgesinfo.fr\/remiremontinfo\/wp-json\/wp\/v2\/posts\/80836","targetHints":{"allow":["GET"]}}],"collection":[{"href":"https:\/\/vosgesinfo.fr\/remiremontinfo\/wp-json\/wp\/v2\/posts"}],"about":[{"href":"https:\/\/vosgesinfo.fr\/remiremontinfo\/wp-json\/wp\/v2\/types\/post"}],"author":[{"embeddable":true,"href":"https:\/\/vosgesinfo.fr\/remiremontinfo\/wp-json\/wp\/v2\/users\/392"}],"replies":[{"embeddable":true,"href":"https:\/\/vosgesinfo.fr\/remiremontinfo\/wp-json\/wp\/v2\/comments?post=80836"}],"version-history":[{"count":1,"href":"https:\/\/vosgesinfo.fr\/remiremontinfo\/wp-json\/wp\/v2\/posts\/80836\/revisions"}],"predecessor-version":[{"id":80839,"href":"https:\/\/vosgesinfo.fr\/remiremontinfo\/wp-json\/wp\/v2\/posts\/80836\/revisions\/80839"}],"wp:featuredmedia":[{"embeddable":true,"href":"https:\/\/vosgesinfo.fr\/remiremontinfo\/wp-json\/wp\/v2\/media\/80837"}],"wp:attachment":[{"href":"https:\/\/vosgesinfo.fr\/remiremontinfo\/wp-json\/wp\/v2\/media?parent=80836"}],"wp:term":[{"taxonomy":"category","embeddable":true,"href":"https:\/\/vosgesinfo.fr\/remiremontinfo\/wp-json\/wp\/v2\/categories?post=80836"},{"taxonomy":"post_tag","embeddable":true,"href":"https:\/\/vosgesinfo.fr\/remiremontinfo\/wp-json\/wp\/v2\/tags?post=80836"}],"curies":[{"name":"wp","href":"https:\/\/api.w.org\/{rel}","templated":true}]}}