{"id":80891,"date":"2025-04-16T13:00:07","date_gmt":"2025-04-16T11:00:07","guid":{"rendered":"https:\/\/vosgesinfo.fr\/remiremontinfo\/?p=80891"},"modified":"2025-04-16T13:00:07","modified_gmt":"2025-04-16T11:00:07","slug":"la-pascaline-2025-une-ode-a-la-gourmandise-signee-pascal-cunin-mentre","status":"publish","type":"post","link":"https:\/\/vosgesinfo.fr\/remiremontinfo\/2025\/04\/la-pascaline-2025-une-ode-a-la-gourmandise-signee-pascal-cunin-mentre\/","title":{"rendered":"La \u00ab Pascaline 2025 \u00bb : Une ode \u00e0 la gourmandise sign\u00e9e Pascal Cunin-Mentr\u00e9"},"content":{"rendered":"<div id=\"attachment_131052\" style=\"width: 702px\" class=\"wp-caption aligncenter\"><a href=\"https:\/\/vosgesinfo.fr\/app\/uploads\/sites\/3\/2025\/04\/gateau-pascaline-2025-experts-patissiers-de-lorraine.jpg\"><img decoding=\"async\" aria-describedby=\"caption-attachment-131052\" class=\"size-full wp-image-131052\" src=\"https:\/\/vosgesinfo.fr\/app\/uploads\/sites\/3\/2025\/04\/gateau-pascaline-2025-experts-patissiers-de-lorraine.jpg\" alt=\"\" width=\"692\" height=\"517\" \/><\/a><p id=\"caption-attachment-131052\" class=\"wp-caption-text\">photo Experts P\u00e2tissiers de Lorraine<\/p><\/div>\n<h2 data-start=\"458\" data-end=\"840\"><strong>Comme chaque ann\u00e9e, l\u2019arriv\u00e9e du printemps est l\u2019occasion pour les Experts P\u00e2tissiers de Lorraine de c\u00e9l\u00e9brer les f\u00eates de P\u00e2ques avec une douceur qui fleure bon la tradition\u2026 et l\u2019innovation ! Cette saison encore, ils ravivent les papilles avec une cr\u00e9ation qui conjugue savoir-faire artisanal et audace gourmande. Et autant le dire tout de suite : la tentation est totale.<\/strong><\/h2>\n<p class=\"\" data-start=\"842\" data-end=\"1243\">La vedette de cette \u00e9dition 2025 ? La Pascaline, une \u0153uvre p\u00e2tissi\u00e8re aussi \u00e9l\u00e9gante que savoureuse, imagin\u00e9e par le talentueux Pascal Cunin-Mentr\u00e9, p\u00e2tissier-chocolatier install\u00e9 \u00e0 Charmes, dans les Vosges. H\u00e9ritier d\u2019un savoir-faire familial et toujours en qu\u00eate de nouvelles harmonies gustatives, ce passionn\u00e9 propose une interpr\u00e9tation tout en finesse du traditionnel g\u00e2teau de P\u00e2ques.<\/p>\n<h3 class=\"\" data-start=\"1250\" data-end=\"1306\"><strong data-start=\"1254\" data-end=\"1306\">Un voyage des sens au c\u0153ur du chocolat grand cru<\/strong><\/h3>\n<p class=\"\" data-start=\"1308\" data-end=\"1679\">Derri\u00e8re une silhouette d\u00e9licatement travaill\u00e9e se cache un dessert aux multiples textures et saveurs. \u00c0 la base, un pain de G\u00eanes croustillant, alliance subtile entre moelleux et croquant. Vient ensuite une mousse Tanariva, r\u00e9alis\u00e9e \u00e0 partir d\u2019un chocolat grand cru au lait 33 %, d\u2019origine Madagascar, connu pour ses notes lact\u00e9es et l\u00e9g\u00e8rement caram\u00e9lis\u00e9es.<\/p>\n<p class=\"\" data-start=\"1681\" data-end=\"1949\">Le c\u0153ur de la Pascaline r\u00e9v\u00e8le une compot\u00e9e de poires aux \u00e9clats de poires caram\u00e9lis\u00e9es au miel, apportant une fra\u00eecheur fruit\u00e9e et fondante \u00e0 l\u2019ensemble. Le tout est sublim\u00e9 par un d\u00e9licat crumble au chocolat qui ajoute une touche de gourmandise irr\u00e9sistible.<\/p>\n<h3 class=\"\" data-start=\"1956\" data-end=\"2017\"><strong data-start=\"1960\" data-end=\"2017\">Une cr\u00e9ation r\u00e9gionale \u00e0 savourer partout en Lorraine<\/strong><\/h3>\n<p class=\"\" data-start=\"2019\" data-end=\"2397\">Ce chef-d&rsquo;\u0153uvre sucr\u00e9 est disponible dans 35 p\u00e2tisseries artisanales r\u00e9parties dans les quatre d\u00e9partements lorrains, symbole d\u2019un terroir riche en talents et en traditions. Chaque ann\u00e9e, l&rsquo;association des Experts P\u00e2tissiers de Lorraine confie \u00e0 un cr\u00e9ateur diff\u00e9rent le soin de concevoir cette recette exclusive, garantissant ainsi une diversit\u00e9 de go\u00fbts et d\u2019inspirations.<\/p>\n<p class=\"\" data-start=\"2399\" data-end=\"2621\">La Pascaline 2025, propos\u00e9e entre 30 et 38 euros selon la taille, promet de tr\u00f4ner fi\u00e8rement sur les tables pascales, pour le plus grand bonheur des amateurs de chocolat\u2026 et des amoureux de l\u2019excellence p\u00e2tissi\u00e8re.<\/p>\n<p class=\"\" data-start=\"2628\" data-end=\"2753\">Une cr\u00e9ation \u00e0 ne pas manquer, \u00e0 d\u00e9couvrir jusqu\u2019\u00e0 la fin du mois d\u2019avril dans les meilleures p\u00e2tisseries de Lorraine.<\/p>\n","protected":false},"excerpt":{"rendered":"<p>Comme chaque ann\u00e9e, l\u2019arriv\u00e9e du printemps est l\u2019occasion pour les Experts P\u00e2tissiers de Lorraine de c\u00e9l\u00e9brer les f\u00eates de P\u00e2ques [&hellip;]<\/p>\n","protected":false},"author":52,"featured_media":80892,"comment_status":"open","ping_status":"open","sticky":false,"template":"","format":"standard","meta":{"footnotes":""},"categories":[26,139,108,62,845,43,362],"tags":[7758,5702,7759,7760],"class_list":["post-80891","post","type-post","status-publish","format-standard","has-post-thumbnail","hentry","category-a-la-une","category-charmes","category-epinal","category-gerardmer","category-la-plaine-des-vosges","category-remiremont-remiremont-son-canton","category-saint-die","tag-experts-patissiers-de-lorraine","tag-gateau","tag-paques-2025","tag-pascaline"],"acf":[],"yoast_head":"<!-- This site is optimized with the Yoast SEO plugin v22.5 - https:\/\/yoast.com\/wordpress\/plugins\/seo\/ -->\n<title>La \u00ab Pascaline 2025 \u00bb : Une ode \u00e0 la gourmandise sign\u00e9e Pascal Cunin-Mentr\u00e9 - Remiremont Info<\/title>\n<meta name=\"robots\" content=\"index, follow, max-snippet:-1, max-image-preview:large, max-video-preview:-1\" \/>\n<link rel=\"canonical\" href=\"https:\/\/vosgesinfo.fr\/remiremontinfo\/2025\/04\/la-pascaline-2025-une-ode-a-la-gourmandise-signee-pascal-cunin-mentre\/\" \/>\n<meta name=\"twitter:card\" content=\"summary_large_image\" \/>\n<meta name=\"twitter:title\" content=\"La \u00ab Pascaline 2025 \u00bb : Une ode \u00e0 la gourmandise sign\u00e9e Pascal Cunin-Mentr\u00e9 - Remiremont Info\" \/>\n<meta name=\"twitter:description\" content=\"Comme chaque ann\u00e9e, l\u2019arriv\u00e9e du printemps est l\u2019occasion pour les Experts P\u00e2tissiers de Lorraine de c\u00e9l\u00e9brer les f\u00eates de P\u00e2ques [&hellip;]\" \/>\n<meta name=\"twitter:image\" content=\"https:\/\/vosgesinfo.fr\/app\/uploads\/sites\/5\/2025\/04\/gateau-pascaline-2025-experts-patissiers-de-lorraine.jpg\" \/>\n<meta name=\"twitter:creator\" content=\"@VosgesInfo88\" \/>\n<meta name=\"twitter:site\" content=\"@VosgesInfo88\" \/>\n<meta name=\"twitter:label1\" content=\"\u00c9crit par\" \/>\n\t<meta name=\"twitter:data1\" content=\"C.K.\" \/>\n\t<meta name=\"twitter:label2\" content=\"Dur\u00e9e de lecture estim\u00e9e\" \/>\n\t<meta name=\"twitter:data2\" content=\"2 minutes\" \/>\n<script type=\"application\/ld+json\" class=\"yoast-schema-graph\">{\"@context\":\"https:\/\/schema.org\",\"@graph\":[{\"@type\":\"Article\",\"@id\":\"https:\/\/vosgesinfo.fr\/remiremontinfo\/2025\/04\/la-pascaline-2025-une-ode-a-la-gourmandise-signee-pascal-cunin-mentre\/#article\",\"isPartOf\":{\"@id\":\"https:\/\/vosgesinfo.fr\/remiremontinfo\/2025\/04\/la-pascaline-2025-une-ode-a-la-gourmandise-signee-pascal-cunin-mentre\/\"},\"author\":{\"name\":\"C.K.\",\"@id\":\"https:\/\/vosgesinfo.fr\/remiremontinfo\/#\/schema\/person\/6f9a650eeea99d969b6c4ab78fccbe81\"},\"headline\":\"La \u00ab Pascaline 2025 \u00bb : Une ode \u00e0 la gourmandise sign\u00e9e Pascal Cunin-Mentr\u00e9\",\"datePublished\":\"2025-04-16T11:00:07+00:00\",\"dateModified\":\"2025-04-16T11:00:07+00:00\",\"mainEntityOfPage\":{\"@id\":\"https:\/\/vosgesinfo.fr\/remiremontinfo\/2025\/04\/la-pascaline-2025-une-ode-a-la-gourmandise-signee-pascal-cunin-mentre\/\"},\"wordCount\":411,\"commentCount\":0,\"publisher\":{\"@id\":\"https:\/\/vosgesinfo.fr\/remiremontinfo\/#organization\"},\"image\":{\"@id\":\"https:\/\/vosgesinfo.fr\/remiremontinfo\/2025\/04\/la-pascaline-2025-une-ode-a-la-gourmandise-signee-pascal-cunin-mentre\/#primaryimage\"},\"thumbnailUrl\":\"https:\/\/vosgesinfo.fr\/app\/uploads\/sites\/5\/2025\/04\/gateau-pascaline-2025-experts-patissiers-de-lorraine.jpg\",\"keywords\":[\"experts p\u00e2tissiers de Lorraine\",\"gateau\",\"P\u00e2ques 2025\",\"Pascaline\"],\"articleSection\":[\"A la Une\",\"Charmes\",\"Epinal\",\"G\u00e9rardmer\",\"La plaine des vosges\",\"Remiremont\",\"Saint-di\u00e9\"],\"inLanguage\":\"fr-FR\",\"potentialAction\":[{\"@type\":\"CommentAction\",\"name\":\"Comment\",\"target\":[\"https:\/\/vosgesinfo.fr\/remiremontinfo\/2025\/04\/la-pascaline-2025-une-ode-a-la-gourmandise-signee-pascal-cunin-mentre\/#respond\"]}]},{\"@type\":\"WebPage\",\"@id\":\"https:\/\/vosgesinfo.fr\/remiremontinfo\/2025\/04\/la-pascaline-2025-une-ode-a-la-gourmandise-signee-pascal-cunin-mentre\/\",\"url\":\"https:\/\/vosgesinfo.fr\/remiremontinfo\/2025\/04\/la-pascaline-2025-une-ode-a-la-gourmandise-signee-pascal-cunin-mentre\/\",\"name\":\"La \u00ab Pascaline 2025 \u00bb : Une ode \u00e0 la gourmandise sign\u00e9e Pascal Cunin-Mentr\u00e9 - Remiremont Info\",\"isPartOf\":{\"@id\":\"https:\/\/vosgesinfo.fr\/remiremontinfo\/#website\"},\"primaryImageOfPage\":{\"@id\":\"https:\/\/vosgesinfo.fr\/remiremontinfo\/2025\/04\/la-pascaline-2025-une-ode-a-la-gourmandise-signee-pascal-cunin-mentre\/#primaryimage\"},\"image\":{\"@id\":\"https:\/\/vosgesinfo.fr\/remiremontinfo\/2025\/04\/la-pascaline-2025-une-ode-a-la-gourmandise-signee-pascal-cunin-mentre\/#primaryimage\"},\"thumbnailUrl\":\"https:\/\/vosgesinfo.fr\/app\/uploads\/sites\/5\/2025\/04\/gateau-pascaline-2025-experts-patissiers-de-lorraine.jpg\",\"datePublished\":\"2025-04-16T11:00:07+00:00\",\"dateModified\":\"2025-04-16T11:00:07+00:00\",\"breadcrumb\":{\"@id\":\"https:\/\/vosgesinfo.fr\/remiremontinfo\/2025\/04\/la-pascaline-2025-une-ode-a-la-gourmandise-signee-pascal-cunin-mentre\/#breadcrumb\"},\"inLanguage\":\"fr-FR\",\"potentialAction\":[{\"@type\":\"ReadAction\",\"target\":[\"https:\/\/vosgesinfo.fr\/remiremontinfo\/2025\/04\/la-pascaline-2025-une-ode-a-la-gourmandise-signee-pascal-cunin-mentre\/\"]}]},{\"@type\":\"ImageObject\",\"inLanguage\":\"fr-FR\",\"@id\":\"https:\/\/vosgesinfo.fr\/remiremontinfo\/2025\/04\/la-pascaline-2025-une-ode-a-la-gourmandise-signee-pascal-cunin-mentre\/#primaryimage\",\"url\":\"https:\/\/vosgesinfo.fr\/app\/uploads\/sites\/5\/2025\/04\/gateau-pascaline-2025-experts-patissiers-de-lorraine.jpg\",\"contentUrl\":\"https:\/\/vosgesinfo.fr\/app\/uploads\/sites\/5\/2025\/04\/gateau-pascaline-2025-experts-patissiers-de-lorraine.jpg\",\"width\":692,\"height\":517},{\"@type\":\"BreadcrumbList\",\"@id\":\"https:\/\/vosgesinfo.fr\/remiremontinfo\/2025\/04\/la-pascaline-2025-une-ode-a-la-gourmandise-signee-pascal-cunin-mentre\/#breadcrumb\",\"itemListElement\":[{\"@type\":\"ListItem\",\"position\":1,\"name\":\"Home\",\"item\":\"https:\/\/vosgesinfo.fr\/remiremontinfo\/\"},{\"@type\":\"ListItem\",\"position\":2,\"name\":\"La \u00ab Pascaline 2025 \u00bb : Une ode \u00e0 la gourmandise sign\u00e9e Pascal Cunin-Mentr\u00e9\"}]},{\"@type\":\"WebSite\",\"@id\":\"https:\/\/vosgesinfo.fr\/remiremontinfo\/#website\",\"url\":\"https:\/\/vosgesinfo.fr\/remiremontinfo\/\",\"name\":\"Remiremont Info\",\"description\":\"Toute l&#039;actualit\u00e9 de Remiremont\",\"publisher\":{\"@id\":\"https:\/\/vosgesinfo.fr\/remiremontinfo\/#organization\"},\"alternateName\":\"Toute l'actualit\u00e9 de Remiremont\",\"potentialAction\":[{\"@type\":\"SearchAction\",\"target\":{\"@type\":\"EntryPoint\",\"urlTemplate\":\"https:\/\/vosgesinfo.fr\/remiremontinfo\/?s={search_term_string}\"},\"query-input\":\"required name=search_term_string\"}],\"inLanguage\":\"fr-FR\"},{\"@type\":\"Organization\",\"@id\":\"https:\/\/vosgesinfo.fr\/remiremontinfo\/#organization\",\"name\":\"Remiremont Info\",\"url\":\"https:\/\/vosgesinfo.fr\/remiremontinfo\/\",\"logo\":{\"@type\":\"ImageObject\",\"inLanguage\":\"fr-FR\",\"@id\":\"https:\/\/vosgesinfo.fr\/remiremontinfo\/#\/schema\/logo\/image\/\",\"url\":\"https:\/\/vosgesinfo.fr\/app\/uploads\/sites\/5\/2023\/08\/favicon-remiremontinfo.png\",\"contentUrl\":\"https:\/\/vosgesinfo.fr\/app\/uploads\/sites\/5\/2023\/08\/favicon-remiremontinfo.png\",\"width\":512,\"height\":512,\"caption\":\"Remiremont Info\"},\"image\":{\"@id\":\"https:\/\/vosgesinfo.fr\/remiremontinfo\/#\/schema\/logo\/image\/\"},\"sameAs\":[\"https:\/\/www.facebook.com\/remiremontinfo\",\"https:\/\/x.com\/VosgesInfo88\",\"https:\/\/www.youtube.com\/@vosgesinfo\"]},{\"@type\":\"Person\",\"@id\":\"https:\/\/vosgesinfo.fr\/remiremontinfo\/#\/schema\/person\/6f9a650eeea99d969b6c4ab78fccbe81\",\"name\":\"C.K.\",\"image\":{\"@type\":\"ImageObject\",\"inLanguage\":\"fr-FR\",\"@id\":\"https:\/\/vosgesinfo.fr\/remiremontinfo\/#\/schema\/person\/image\/\",\"url\":\"https:\/\/secure.gravatar.com\/avatar\/48e3fc7f8421ba8942be6b74a2b7f014ca39bc00dece156b7a8e098ae7dc87bf?s=96&d=mm&r=g\",\"contentUrl\":\"https:\/\/secure.gravatar.com\/avatar\/48e3fc7f8421ba8942be6b74a2b7f014ca39bc00dece156b7a8e098ae7dc87bf?s=96&d=mm&r=g\",\"caption\":\"C.K.\"},\"url\":\"https:\/\/vosgesinfo.fr\/remiremontinfo\/author\/celia-k-n\/\"}]}<\/script>\n<!-- \/ Yoast SEO plugin. -->","yoast_head_json":{"title":"La \u00ab Pascaline 2025 \u00bb : Une ode \u00e0 la gourmandise sign\u00e9e Pascal Cunin-Mentr\u00e9 - Remiremont Info","robots":{"index":"index","follow":"follow","max-snippet":"max-snippet:-1","max-image-preview":"max-image-preview:large","max-video-preview":"max-video-preview:-1"},"canonical":"https:\/\/vosgesinfo.fr\/remiremontinfo\/2025\/04\/la-pascaline-2025-une-ode-a-la-gourmandise-signee-pascal-cunin-mentre\/","twitter_card":"summary_large_image","twitter_title":"La \u00ab Pascaline 2025 \u00bb : Une ode \u00e0 la gourmandise sign\u00e9e Pascal Cunin-Mentr\u00e9 - Remiremont Info","twitter_description":"Comme chaque ann\u00e9e, l\u2019arriv\u00e9e du printemps est l\u2019occasion pour les Experts P\u00e2tissiers de Lorraine de c\u00e9l\u00e9brer les f\u00eates de P\u00e2ques [&hellip;]","twitter_image":"https:\/\/vosgesinfo.fr\/app\/uploads\/sites\/5\/2025\/04\/gateau-pascaline-2025-experts-patissiers-de-lorraine.jpg","twitter_creator":"@VosgesInfo88","twitter_site":"@VosgesInfo88","twitter_misc":{"\u00c9crit par":"C.K.","Dur\u00e9e de lecture estim\u00e9e":"2 minutes"},"schema":{"@context":"https:\/\/schema.org","@graph":[{"@type":"Article","@id":"https:\/\/vosgesinfo.fr\/remiremontinfo\/2025\/04\/la-pascaline-2025-une-ode-a-la-gourmandise-signee-pascal-cunin-mentre\/#article","isPartOf":{"@id":"https:\/\/vosgesinfo.fr\/remiremontinfo\/2025\/04\/la-pascaline-2025-une-ode-a-la-gourmandise-signee-pascal-cunin-mentre\/"},"author":{"name":"C.K.","@id":"https:\/\/vosgesinfo.fr\/remiremontinfo\/#\/schema\/person\/6f9a650eeea99d969b6c4ab78fccbe81"},"headline":"La \u00ab Pascaline 2025 \u00bb : Une ode \u00e0 la gourmandise sign\u00e9e Pascal Cunin-Mentr\u00e9","datePublished":"2025-04-16T11:00:07+00:00","dateModified":"2025-04-16T11:00:07+00:00","mainEntityOfPage":{"@id":"https:\/\/vosgesinfo.fr\/remiremontinfo\/2025\/04\/la-pascaline-2025-une-ode-a-la-gourmandise-signee-pascal-cunin-mentre\/"},"wordCount":411,"commentCount":0,"publisher":{"@id":"https:\/\/vosgesinfo.fr\/remiremontinfo\/#organization"},"image":{"@id":"https:\/\/vosgesinfo.fr\/remiremontinfo\/2025\/04\/la-pascaline-2025-une-ode-a-la-gourmandise-signee-pascal-cunin-mentre\/#primaryimage"},"thumbnailUrl":"https:\/\/vosgesinfo.fr\/app\/uploads\/sites\/5\/2025\/04\/gateau-pascaline-2025-experts-patissiers-de-lorraine.jpg","keywords":["experts p\u00e2tissiers de Lorraine","gateau","P\u00e2ques 2025","Pascaline"],"articleSection":["A la Une","Charmes","Epinal","G\u00e9rardmer","La plaine des vosges","Remiremont","Saint-di\u00e9"],"inLanguage":"fr-FR","potentialAction":[{"@type":"CommentAction","name":"Comment","target":["https:\/\/vosgesinfo.fr\/remiremontinfo\/2025\/04\/la-pascaline-2025-une-ode-a-la-gourmandise-signee-pascal-cunin-mentre\/#respond"]}]},{"@type":"WebPage","@id":"https:\/\/vosgesinfo.fr\/remiremontinfo\/2025\/04\/la-pascaline-2025-une-ode-a-la-gourmandise-signee-pascal-cunin-mentre\/","url":"https:\/\/vosgesinfo.fr\/remiremontinfo\/2025\/04\/la-pascaline-2025-une-ode-a-la-gourmandise-signee-pascal-cunin-mentre\/","name":"La \u00ab Pascaline 2025 \u00bb : Une ode \u00e0 la gourmandise sign\u00e9e Pascal Cunin-Mentr\u00e9 - Remiremont Info","isPartOf":{"@id":"https:\/\/vosgesinfo.fr\/remiremontinfo\/#website"},"primaryImageOfPage":{"@id":"https:\/\/vosgesinfo.fr\/remiremontinfo\/2025\/04\/la-pascaline-2025-une-ode-a-la-gourmandise-signee-pascal-cunin-mentre\/#primaryimage"},"image":{"@id":"https:\/\/vosgesinfo.fr\/remiremontinfo\/2025\/04\/la-pascaline-2025-une-ode-a-la-gourmandise-signee-pascal-cunin-mentre\/#primaryimage"},"thumbnailUrl":"https:\/\/vosgesinfo.fr\/app\/uploads\/sites\/5\/2025\/04\/gateau-pascaline-2025-experts-patissiers-de-lorraine.jpg","datePublished":"2025-04-16T11:00:07+00:00","dateModified":"2025-04-16T11:00:07+00:00","breadcrumb":{"@id":"https:\/\/vosgesinfo.fr\/remiremontinfo\/2025\/04\/la-pascaline-2025-une-ode-a-la-gourmandise-signee-pascal-cunin-mentre\/#breadcrumb"},"inLanguage":"fr-FR","potentialAction":[{"@type":"ReadAction","target":["https:\/\/vosgesinfo.fr\/remiremontinfo\/2025\/04\/la-pascaline-2025-une-ode-a-la-gourmandise-signee-pascal-cunin-mentre\/"]}]},{"@type":"ImageObject","inLanguage":"fr-FR","@id":"https:\/\/vosgesinfo.fr\/remiremontinfo\/2025\/04\/la-pascaline-2025-une-ode-a-la-gourmandise-signee-pascal-cunin-mentre\/#primaryimage","url":"https:\/\/vosgesinfo.fr\/app\/uploads\/sites\/5\/2025\/04\/gateau-pascaline-2025-experts-patissiers-de-lorraine.jpg","contentUrl":"https:\/\/vosgesinfo.fr\/app\/uploads\/sites\/5\/2025\/04\/gateau-pascaline-2025-experts-patissiers-de-lorraine.jpg","width":692,"height":517},{"@type":"BreadcrumbList","@id":"https:\/\/vosgesinfo.fr\/remiremontinfo\/2025\/04\/la-pascaline-2025-une-ode-a-la-gourmandise-signee-pascal-cunin-mentre\/#breadcrumb","itemListElement":[{"@type":"ListItem","position":1,"name":"Home","item":"https:\/\/vosgesinfo.fr\/remiremontinfo\/"},{"@type":"ListItem","position":2,"name":"La \u00ab Pascaline 2025 \u00bb : Une ode \u00e0 la gourmandise sign\u00e9e Pascal Cunin-Mentr\u00e9"}]},{"@type":"WebSite","@id":"https:\/\/vosgesinfo.fr\/remiremontinfo\/#website","url":"https:\/\/vosgesinfo.fr\/remiremontinfo\/","name":"Remiremont Info","description":"Toute l&#039;actualit\u00e9 de Remiremont","publisher":{"@id":"https:\/\/vosgesinfo.fr\/remiremontinfo\/#organization"},"alternateName":"Toute l'actualit\u00e9 de Remiremont","potentialAction":[{"@type":"SearchAction","target":{"@type":"EntryPoint","urlTemplate":"https:\/\/vosgesinfo.fr\/remiremontinfo\/?s={search_term_string}"},"query-input":"required name=search_term_string"}],"inLanguage":"fr-FR"},{"@type":"Organization","@id":"https:\/\/vosgesinfo.fr\/remiremontinfo\/#organization","name":"Remiremont Info","url":"https:\/\/vosgesinfo.fr\/remiremontinfo\/","logo":{"@type":"ImageObject","inLanguage":"fr-FR","@id":"https:\/\/vosgesinfo.fr\/remiremontinfo\/#\/schema\/logo\/image\/","url":"https:\/\/vosgesinfo.fr\/app\/uploads\/sites\/5\/2023\/08\/favicon-remiremontinfo.png","contentUrl":"https:\/\/vosgesinfo.fr\/app\/uploads\/sites\/5\/2023\/08\/favicon-remiremontinfo.png","width":512,"height":512,"caption":"Remiremont Info"},"image":{"@id":"https:\/\/vosgesinfo.fr\/remiremontinfo\/#\/schema\/logo\/image\/"},"sameAs":["https:\/\/www.facebook.com\/remiremontinfo","https:\/\/x.com\/VosgesInfo88","https:\/\/www.youtube.com\/@vosgesinfo"]},{"@type":"Person","@id":"https:\/\/vosgesinfo.fr\/remiremontinfo\/#\/schema\/person\/6f9a650eeea99d969b6c4ab78fccbe81","name":"C.K.","image":{"@type":"ImageObject","inLanguage":"fr-FR","@id":"https:\/\/vosgesinfo.fr\/remiremontinfo\/#\/schema\/person\/image\/","url":"https:\/\/secure.gravatar.com\/avatar\/48e3fc7f8421ba8942be6b74a2b7f014ca39bc00dece156b7a8e098ae7dc87bf?s=96&d=mm&r=g","contentUrl":"https:\/\/secure.gravatar.com\/avatar\/48e3fc7f8421ba8942be6b74a2b7f014ca39bc00dece156b7a8e098ae7dc87bf?s=96&d=mm&r=g","caption":"C.K."},"url":"https:\/\/vosgesinfo.fr\/remiremontinfo\/author\/celia-k-n\/"}]}},"_links":{"self":[{"href":"https:\/\/vosgesinfo.fr\/remiremontinfo\/wp-json\/wp\/v2\/posts\/80891","targetHints":{"allow":["GET"]}}],"collection":[{"href":"https:\/\/vosgesinfo.fr\/remiremontinfo\/wp-json\/wp\/v2\/posts"}],"about":[{"href":"https:\/\/vosgesinfo.fr\/remiremontinfo\/wp-json\/wp\/v2\/types\/post"}],"author":[{"embeddable":true,"href":"https:\/\/vosgesinfo.fr\/remiremontinfo\/wp-json\/wp\/v2\/users\/52"}],"replies":[{"embeddable":true,"href":"https:\/\/vosgesinfo.fr\/remiremontinfo\/wp-json\/wp\/v2\/comments?post=80891"}],"version-history":[{"count":0,"href":"https:\/\/vosgesinfo.fr\/remiremontinfo\/wp-json\/wp\/v2\/posts\/80891\/revisions"}],"wp:featuredmedia":[{"embeddable":true,"href":"https:\/\/vosgesinfo.fr\/remiremontinfo\/wp-json\/wp\/v2\/media\/80892"}],"wp:attachment":[{"href":"https:\/\/vosgesinfo.fr\/remiremontinfo\/wp-json\/wp\/v2\/media?parent=80891"}],"wp:term":[{"taxonomy":"category","embeddable":true,"href":"https:\/\/vosgesinfo.fr\/remiremontinfo\/wp-json\/wp\/v2\/categories?post=80891"},{"taxonomy":"post_tag","embeddable":true,"href":"https:\/\/vosgesinfo.fr\/remiremontinfo\/wp-json\/wp\/v2\/tags?post=80891"}],"curies":[{"name":"wp","href":"https:\/\/api.w.org\/{rel}","templated":true}]}}