{"id":80965,"date":"2025-04-18T12:00:11","date_gmt":"2025-04-18T10:00:11","guid":{"rendered":"https:\/\/vosgesinfo.fr\/remiremontinfo\/?p=80965"},"modified":"2025-04-18T11:32:09","modified_gmt":"2025-04-18T09:32:09","slug":"le-conseil-municipal-des-jeunes-de-st-etienne-les-remiremont-en-visite-au-senat","status":"publish","type":"post","link":"https:\/\/vosgesinfo.fr\/remiremontinfo\/2025\/04\/le-conseil-municipal-des-jeunes-de-st-etienne-les-remiremont-en-visite-au-senat\/","title":{"rendered":"Le Conseil Municipal des Jeunes de St-Etienne-l\u00e8s-Remiremont en visite au S\u00e9nat"},"content":{"rendered":"<p style=\"font-weight: 400;\"><strong>Le Conseil Municipal des Jeunes de St-Etienne-l\u00e8s-Remiremont en visite au S\u00e9nat<\/strong><\/p>\n<div id=\"attachment_80966\" style=\"width: 676px\" class=\"wp-caption aligncenter\"><a href=\"https:\/\/vosgesinfo.fr\/app\/uploads\/sites\/5\/2025\/04\/visite-senat-cmj-09-04-25-20-web.jpg\"><img decoding=\"async\" aria-describedby=\"caption-attachment-80966\" class=\"size-full wp-image-80966\" src=\"https:\/\/vosgesinfo.fr\/app\/uploads\/sites\/5\/2025\/04\/visite-senat-cmj-09-04-25-20-web.jpg\" alt=\"\" width=\"666\" height=\"500\" srcset=\"https:\/\/vosgesinfo.fr\/app\/uploads\/sites\/5\/2025\/04\/visite-senat-cmj-09-04-25-20-web.jpg 666w, https:\/\/vosgesinfo.fr\/app\/uploads\/sites\/5\/2025\/04\/visite-senat-cmj-09-04-25-20-web-300x225.jpg 300w\" sizes=\"(max-width: 666px) 100vw, 666px\" \/><\/a><p id=\"caption-attachment-80966\" class=\"wp-caption-text\">Photographie : Mairie de St-Etienne-l\u00e8s-Remiremont.<\/p><\/div>\n<p data-pm-slice=\"0 0 []\">Le mercredi 9 avril, le Conseil Municipal des Jeunes (CMJ) a eu l&rsquo;opportunit\u00e9 de se rendre \u00e0 Paris pour d\u00e9couvrir le S\u00e9nat, organe institutionnel repr\u00e9sentant les collectivit\u00e9s territoriales.<\/p>\n<p>Accompagn\u00e9s de M. le Maire Michel Demange, ainsi que de tous les adjoints et certains conseillers municipaux, les membres du CMJ ont d&rsquo;abord pris le bus \u00e0 la gare de Remiremont vers la gare de Nancy, avant de poursuivre leur voyage en TGV jusqu&rsquo;\u00e0 la gare de l&rsquo;Est.<\/p>\n<p>\u00c0 leur arriv\u00e9e dans la capitale, le groupe a \u00e9t\u00e9 accueilli par nos deux s\u00e9nateurs, MM. Daniel Gremillet et Jean Hingray, et Mme Louise Mentrel, attach\u00e9e parlementaire, pour le d\u00e9jeuner au restaurant \u00ab Le Procope \u00bb, le plus ancien caf\u00e9 de Paris, fond\u00e9 en 1686.<\/p>\n<p>Apr\u00e8s ce repas, le groupe s&rsquo;est dirig\u00e9 vers le S\u00e9nat, o\u00f9 il a pu apercevoir l&rsquo;entr\u00e9e des ministres \u00e0 l&rsquo;arri\u00e8re du Palais du Luxembourg, ainsi que la sortie de la Garde r\u00e9publicaine, cr\u00e9\u00e9e par Napol\u00e9on Bonaparte en 1802.<\/p>\n<p>Les jeunes ont ensuite visit\u00e9 l&rsquo;h\u00e9micycle o\u00f9 ils ont eu l&rsquo;occasion d&rsquo;\u00e9couter l\u2019espace de quelques minutes la s\u00e9ance des questions au gouvernement.<\/p>\n<p>Ils ont \u00e9galement d\u00e9couvert la biblioth\u00e8que, dont les collections sont abrit\u00e9es dans une galerie de 52 m\u00e8tres de long, orn\u00e9e de magnifiques toiles au plafond et d&rsquo;une coupole impressionnante.<\/p>\n<p>La visite s&rsquo;est poursuivie dans la salle des conf\u00e9rences, un espace d&rsquo;exception de pr\u00e8s de 650 m\u00b2, o\u00f9 se trouve le tr\u00f4ne de Napol\u00e9on Ier en bois dor\u00e9.<\/p>\n<p>Alors que l&rsquo;apr\u00e8s-midi touchait \u00e0 sa fin, le groupe a fait le trajet retour vers la gare de l&rsquo;Est \u00e0 pied, en passant par la cath\u00e9drale Notre-Dame.<\/p>\n<p>Cette journ\u00e9e a \u00e9t\u00e9 riche en d\u00e9couvertes et en symboles pour le CMJ et tous les membres pr\u00e9sents.<\/p>\n<p>La municipalit\u00e9 tient \u00e0 exprimer sa gratitude aux s\u00e9nateurs MM. Daniel Gremillet et Jean Hingray pour leur chaleureux accueil et leur disponibilit\u00e9, en faveur de futurs acteurs de la vie locale. Un grand merci \u00e0 eux.<\/p>\n\n\t\t<style type=\"text\/css\">\n\t\t\t#gallery-1 {\n\t\t\t\tmargin: auto;\n\t\t\t}\n\t\t\t#gallery-1 .gallery-item {\n\t\t\t\tfloat: left;\n\t\t\t\tmargin-top: 10px;\n\t\t\t\ttext-align: center;\n\t\t\t\twidth: 50%;\n\t\t\t}\n\t\t\t#gallery-1 img {\n\t\t\t\tborder: 2px solid #cfcfcf;\n\t\t\t}\n\t\t\t#gallery-1 .gallery-caption {\n\t\t\t\tmargin-left: 0;\n\t\t\t}\n\t\t\t\/* see gallery_shortcode() in wp-includes\/media.php *\/\n\t\t<\/style>\n\t\t<div id='gallery-1' class='gallery galleryid-80965 gallery-columns-2 gallery-size-full'><dl class='gallery-item'>\n\t\t\t<dt class='gallery-icon landscape'>\n\t\t\t\t<a href='https:\/\/vosgesinfo.fr\/remiremontinfo\/2025\/04\/le-conseil-municipal-des-jeunes-de-st-etienne-les-remiremont-en-visite-au-senat\/visite-senat-cmj-09-04-25-1_web\/'><img decoding=\"async\" width=\"1111\" height=\"500\" src=\"https:\/\/vosgesinfo.fr\/app\/uploads\/sites\/5\/2025\/04\/visite-senat-cmj-09-04-25-1-web.jpg\" class=\"attachment-full size-full\" alt=\"\" aria-describedby=\"gallery-1-80970\" srcset=\"https:\/\/vosgesinfo.fr\/app\/uploads\/sites\/5\/2025\/04\/visite-senat-cmj-09-04-25-1-web.jpg 1111w, https:\/\/vosgesinfo.fr\/app\/uploads\/sites\/5\/2025\/04\/visite-senat-cmj-09-04-25-1-web-300x135.jpg 300w, https:\/\/vosgesinfo.fr\/app\/uploads\/sites\/5\/2025\/04\/visite-senat-cmj-09-04-25-1-web-1024x461.jpg 1024w, https:\/\/vosgesinfo.fr\/app\/uploads\/sites\/5\/2025\/04\/visite-senat-cmj-09-04-25-1-web-768x346.jpg 768w\" sizes=\"(max-width: 1111px) 100vw, 1111px\" \/><\/a>\n\t\t\t<\/dt>\n\t\t\t\t<dd class='wp-caption-text gallery-caption' id='gallery-1-80970'>\n\t\t\t\tPhotographie : Mairie de St-Etienne-l\u00e8s-Remiremont. \n\t\t\t\t<\/dd><\/dl><dl class='gallery-item'>\n\t\t\t<dt class='gallery-icon landscape'>\n\t\t\t\t<a href='https:\/\/vosgesinfo.fr\/remiremontinfo\/2025\/04\/le-conseil-municipal-des-jeunes-de-st-etienne-les-remiremont-en-visite-au-senat\/visite-senat-cmj-09-04-25-4_web\/'><img decoding=\"async\" width=\"833\" height=\"500\" src=\"https:\/\/vosgesinfo.fr\/app\/uploads\/sites\/5\/2025\/04\/visite-senat-cmj-09-04-25-4-web.jpg\" class=\"attachment-full size-full\" alt=\"\" aria-describedby=\"gallery-1-80969\" srcset=\"https:\/\/vosgesinfo.fr\/app\/uploads\/sites\/5\/2025\/04\/visite-senat-cmj-09-04-25-4-web.jpg 833w, https:\/\/vosgesinfo.fr\/app\/uploads\/sites\/5\/2025\/04\/visite-senat-cmj-09-04-25-4-web-300x180.jpg 300w, https:\/\/vosgesinfo.fr\/app\/uploads\/sites\/5\/2025\/04\/visite-senat-cmj-09-04-25-4-web-768x461.jpg 768w\" sizes=\"(max-width: 833px) 100vw, 833px\" \/><\/a>\n\t\t\t<\/dt>\n\t\t\t\t<dd class='wp-caption-text gallery-caption' id='gallery-1-80969'>\n\t\t\t\tPhotographie : Mairie de St-Etienne-l\u00e8s-Remiremont. \n\t\t\t\t<\/dd><\/dl><br style=\"clear: both\" \/><dl class='gallery-item'>\n\t\t\t<dt class='gallery-icon landscape'>\n\t\t\t\t<a href='https:\/\/vosgesinfo.fr\/remiremontinfo\/2025\/04\/le-conseil-municipal-des-jeunes-de-st-etienne-les-remiremont-en-visite-au-senat\/notre-dame_web\/'><img decoding=\"async\" width=\"598\" height=\"499\" src=\"https:\/\/vosgesinfo.fr\/app\/uploads\/sites\/5\/2025\/04\/notre-dame-web.jpg\" class=\"attachment-full size-full\" alt=\"\" aria-describedby=\"gallery-1-80967\" srcset=\"https:\/\/vosgesinfo.fr\/app\/uploads\/sites\/5\/2025\/04\/notre-dame-web.jpg 598w, https:\/\/vosgesinfo.fr\/app\/uploads\/sites\/5\/2025\/04\/notre-dame-web-300x250.jpg 300w\" sizes=\"(max-width: 598px) 100vw, 598px\" \/><\/a>\n\t\t\t<\/dt>\n\t\t\t\t<dd class='wp-caption-text gallery-caption' id='gallery-1-80967'>\n\t\t\t\tPhotographie : Mairie de St-Etienne-l\u00e8s-Remiremont. \n\t\t\t\t<\/dd><\/dl><dl class='gallery-item'>\n\t\t\t<dt class='gallery-icon portrait'>\n\t\t\t\t<a href='https:\/\/vosgesinfo.fr\/remiremontinfo\/2025\/04\/le-conseil-municipal-des-jeunes-de-st-etienne-les-remiremont-en-visite-au-senat\/visite-senat-cmj-09-04-25-17_web\/'><img decoding=\"async\" width=\"375\" height=\"500\" src=\"https:\/\/vosgesinfo.fr\/app\/uploads\/sites\/5\/2025\/04\/visite-senat-cmj-09-04-25-17-web.jpg\" class=\"attachment-full size-full\" alt=\"\" aria-describedby=\"gallery-1-80968\" srcset=\"https:\/\/vosgesinfo.fr\/app\/uploads\/sites\/5\/2025\/04\/visite-senat-cmj-09-04-25-17-web.jpg 375w, https:\/\/vosgesinfo.fr\/app\/uploads\/sites\/5\/2025\/04\/visite-senat-cmj-09-04-25-17-web-225x300.jpg 225w\" sizes=\"(max-width: 375px) 100vw, 375px\" \/><\/a>\n\t\t\t<\/dt>\n\t\t\t\t<dd class='wp-caption-text gallery-caption' id='gallery-1-80968'>\n\t\t\t\tPhotographie : Mairie de St-Etienne-l\u00e8s-Remiremont. \n\t\t\t\t<\/dd><\/dl><br style=\"clear: both\" \/>\n\t\t<\/div>\n\n","protected":false},"excerpt":{"rendered":"<p>Le Conseil Municipal des Jeunes de St-Etienne-l\u00e8s-Remiremont en visite au S\u00e9nat Le mercredi 9 avril, le Conseil Municipal des Jeunes [&hellip;]<\/p>\n","protected":false},"author":391,"featured_media":80966,"comment_status":"open","ping_status":"open","sticky":false,"template":"","format":"standard","meta":{"footnotes":""},"categories":[26,155],"tags":[7794,7793],"class_list":["post-80965","post","type-post","status-publish","format-standard","has-post-thumbnail","hentry","category-a-la-une","category-saint-etienne","tag-cmj-saint-etienne-les-remiremont","tag-visite-senat"],"acf":[],"yoast_head":"<!-- This site is optimized with the Yoast SEO plugin v22.5 - https:\/\/yoast.com\/wordpress\/plugins\/seo\/ -->\n<title>Le Conseil Municipal des Jeunes de St-Etienne-l\u00e8s-Remiremont en visite au S\u00e9nat - Remiremont Info<\/title>\n<meta name=\"robots\" content=\"index, follow, max-snippet:-1, max-image-preview:large, max-video-preview:-1\" \/>\n<link rel=\"canonical\" href=\"https:\/\/vosgesinfo.fr\/remiremontinfo\/2025\/04\/le-conseil-municipal-des-jeunes-de-st-etienne-les-remiremont-en-visite-au-senat\/\" \/>\n<meta name=\"twitter:card\" content=\"summary_large_image\" \/>\n<meta name=\"twitter:title\" content=\"Le Conseil Municipal des Jeunes de St-Etienne-l\u00e8s-Remiremont en visite au S\u00e9nat - Remiremont Info\" \/>\n<meta name=\"twitter:description\" content=\"Le Conseil Municipal des Jeunes de St-Etienne-l\u00e8s-Remiremont en visite au S\u00e9nat Le mercredi 9 avril, le Conseil Municipal des Jeunes [&hellip;]\" \/>\n<meta name=\"twitter:image\" content=\"https:\/\/vosgesinfo.fr\/app\/uploads\/sites\/5\/2025\/04\/visite-senat-cmj-09-04-25-20-web.jpg\" \/>\n<meta name=\"twitter:creator\" content=\"@VosgesInfo88\" \/>\n<meta name=\"twitter:site\" content=\"@VosgesInfo88\" \/>\n<meta name=\"twitter:label1\" content=\"\u00c9crit par\" \/>\n\t<meta name=\"twitter:data1\" content=\"La redaction\" \/>\n\t<meta name=\"twitter:label2\" content=\"Dur\u00e9e de lecture estim\u00e9e\" \/>\n\t<meta name=\"twitter:data2\" content=\"2 minutes\" \/>\n<script type=\"application\/ld+json\" class=\"yoast-schema-graph\">{\"@context\":\"https:\/\/schema.org\",\"@graph\":[{\"@type\":\"Article\",\"@id\":\"https:\/\/vosgesinfo.fr\/remiremontinfo\/2025\/04\/le-conseil-municipal-des-jeunes-de-st-etienne-les-remiremont-en-visite-au-senat\/#article\",\"isPartOf\":{\"@id\":\"https:\/\/vosgesinfo.fr\/remiremontinfo\/2025\/04\/le-conseil-municipal-des-jeunes-de-st-etienne-les-remiremont-en-visite-au-senat\/\"},\"author\":{\"name\":\"La redaction\",\"@id\":\"https:\/\/vosgesinfo.fr\/remiremontinfo\/#\/schema\/person\/27a3695b06db98895b354c0765cdfc31\"},\"headline\":\"Le Conseil Municipal des Jeunes de St-Etienne-l\u00e8s-Remiremont en visite au S\u00e9nat\",\"datePublished\":\"2025-04-18T10:00:11+00:00\",\"dateModified\":\"2025-04-18T09:32:09+00:00\",\"mainEntityOfPage\":{\"@id\":\"https:\/\/vosgesinfo.fr\/remiremontinfo\/2025\/04\/le-conseil-municipal-des-jeunes-de-st-etienne-les-remiremont-en-visite-au-senat\/\"},\"wordCount\":395,\"commentCount\":0,\"publisher\":{\"@id\":\"https:\/\/vosgesinfo.fr\/remiremontinfo\/#organization\"},\"image\":{\"@id\":\"https:\/\/vosgesinfo.fr\/remiremontinfo\/2025\/04\/le-conseil-municipal-des-jeunes-de-st-etienne-les-remiremont-en-visite-au-senat\/#primaryimage\"},\"thumbnailUrl\":\"https:\/\/vosgesinfo.fr\/app\/uploads\/sites\/5\/2025\/04\/visite-senat-cmj-09-04-25-20-web.jpg\",\"keywords\":[\"CMJ Saint-Etienne-les-Remiremont\",\"Visite S\u00e9nat\"],\"articleSection\":[\"A la Une\",\"Saint-Etienne\"],\"inLanguage\":\"fr-FR\",\"potentialAction\":[{\"@type\":\"CommentAction\",\"name\":\"Comment\",\"target\":[\"https:\/\/vosgesinfo.fr\/remiremontinfo\/2025\/04\/le-conseil-municipal-des-jeunes-de-st-etienne-les-remiremont-en-visite-au-senat\/#respond\"]}]},{\"@type\":\"WebPage\",\"@id\":\"https:\/\/vosgesinfo.fr\/remiremontinfo\/2025\/04\/le-conseil-municipal-des-jeunes-de-st-etienne-les-remiremont-en-visite-au-senat\/\",\"url\":\"https:\/\/vosgesinfo.fr\/remiremontinfo\/2025\/04\/le-conseil-municipal-des-jeunes-de-st-etienne-les-remiremont-en-visite-au-senat\/\",\"name\":\"Le Conseil Municipal des Jeunes de St-Etienne-l\u00e8s-Remiremont en visite au S\u00e9nat - Remiremont Info\",\"isPartOf\":{\"@id\":\"https:\/\/vosgesinfo.fr\/remiremontinfo\/#website\"},\"primaryImageOfPage\":{\"@id\":\"https:\/\/vosgesinfo.fr\/remiremontinfo\/2025\/04\/le-conseil-municipal-des-jeunes-de-st-etienne-les-remiremont-en-visite-au-senat\/#primaryimage\"},\"image\":{\"@id\":\"https:\/\/vosgesinfo.fr\/remiremontinfo\/2025\/04\/le-conseil-municipal-des-jeunes-de-st-etienne-les-remiremont-en-visite-au-senat\/#primaryimage\"},\"thumbnailUrl\":\"https:\/\/vosgesinfo.fr\/app\/uploads\/sites\/5\/2025\/04\/visite-senat-cmj-09-04-25-20-web.jpg\",\"datePublished\":\"2025-04-18T10:00:11+00:00\",\"dateModified\":\"2025-04-18T09:32:09+00:00\",\"breadcrumb\":{\"@id\":\"https:\/\/vosgesinfo.fr\/remiremontinfo\/2025\/04\/le-conseil-municipal-des-jeunes-de-st-etienne-les-remiremont-en-visite-au-senat\/#breadcrumb\"},\"inLanguage\":\"fr-FR\",\"potentialAction\":[{\"@type\":\"ReadAction\",\"target\":[\"https:\/\/vosgesinfo.fr\/remiremontinfo\/2025\/04\/le-conseil-municipal-des-jeunes-de-st-etienne-les-remiremont-en-visite-au-senat\/\"]}]},{\"@type\":\"ImageObject\",\"inLanguage\":\"fr-FR\",\"@id\":\"https:\/\/vosgesinfo.fr\/remiremontinfo\/2025\/04\/le-conseil-municipal-des-jeunes-de-st-etienne-les-remiremont-en-visite-au-senat\/#primaryimage\",\"url\":\"https:\/\/vosgesinfo.fr\/app\/uploads\/sites\/5\/2025\/04\/visite-senat-cmj-09-04-25-20-web.jpg\",\"contentUrl\":\"https:\/\/vosgesinfo.fr\/app\/uploads\/sites\/5\/2025\/04\/visite-senat-cmj-09-04-25-20-web.jpg\",\"width\":666,\"height\":500,\"caption\":\"Photographie : Mairie de St-Etienne-l\u00e8s-Remiremont.\"},{\"@type\":\"BreadcrumbList\",\"@id\":\"https:\/\/vosgesinfo.fr\/remiremontinfo\/2025\/04\/le-conseil-municipal-des-jeunes-de-st-etienne-les-remiremont-en-visite-au-senat\/#breadcrumb\",\"itemListElement\":[{\"@type\":\"ListItem\",\"position\":1,\"name\":\"Home\",\"item\":\"https:\/\/vosgesinfo.fr\/remiremontinfo\/\"},{\"@type\":\"ListItem\",\"position\":2,\"name\":\"Le Conseil Municipal des Jeunes de St-Etienne-l\u00e8s-Remiremont en visite au S\u00e9nat\"}]},{\"@type\":\"WebSite\",\"@id\":\"https:\/\/vosgesinfo.fr\/remiremontinfo\/#website\",\"url\":\"https:\/\/vosgesinfo.fr\/remiremontinfo\/\",\"name\":\"Remiremont Info\",\"description\":\"Toute l&#039;actualit\u00e9 de Remiremont\",\"publisher\":{\"@id\":\"https:\/\/vosgesinfo.fr\/remiremontinfo\/#organization\"},\"alternateName\":\"Toute l'actualit\u00e9 de Remiremont\",\"potentialAction\":[{\"@type\":\"SearchAction\",\"target\":{\"@type\":\"EntryPoint\",\"urlTemplate\":\"https:\/\/vosgesinfo.fr\/remiremontinfo\/?s={search_term_string}\"},\"query-input\":\"required name=search_term_string\"}],\"inLanguage\":\"fr-FR\"},{\"@type\":\"Organization\",\"@id\":\"https:\/\/vosgesinfo.fr\/remiremontinfo\/#organization\",\"name\":\"Remiremont Info\",\"url\":\"https:\/\/vosgesinfo.fr\/remiremontinfo\/\",\"logo\":{\"@type\":\"ImageObject\",\"inLanguage\":\"fr-FR\",\"@id\":\"https:\/\/vosgesinfo.fr\/remiremontinfo\/#\/schema\/logo\/image\/\",\"url\":\"https:\/\/vosgesinfo.fr\/app\/uploads\/sites\/5\/2023\/08\/favicon-remiremontinfo.png\",\"contentUrl\":\"https:\/\/vosgesinfo.fr\/app\/uploads\/sites\/5\/2023\/08\/favicon-remiremontinfo.png\",\"width\":512,\"height\":512,\"caption\":\"Remiremont Info\"},\"image\":{\"@id\":\"https:\/\/vosgesinfo.fr\/remiremontinfo\/#\/schema\/logo\/image\/\"},\"sameAs\":[\"https:\/\/www.facebook.com\/remiremontinfo\",\"https:\/\/x.com\/VosgesInfo88\",\"https:\/\/www.youtube.com\/@vosgesinfo\"]},{\"@type\":\"Person\",\"@id\":\"https:\/\/vosgesinfo.fr\/remiremontinfo\/#\/schema\/person\/27a3695b06db98895b354c0765cdfc31\",\"name\":\"La redaction\",\"image\":{\"@type\":\"ImageObject\",\"inLanguage\":\"fr-FR\",\"@id\":\"https:\/\/vosgesinfo.fr\/remiremontinfo\/#\/schema\/person\/image\/\",\"url\":\"https:\/\/secure.gravatar.com\/avatar\/64c76a78e501cedee55736f43f332df901e1896ae9cd8fad269ae2236dd0e8b6?s=96&d=mm&r=g\",\"contentUrl\":\"https:\/\/secure.gravatar.com\/avatar\/64c76a78e501cedee55736f43f332df901e1896ae9cd8fad269ae2236dd0e8b6?s=96&d=mm&r=g\",\"caption\":\"La redaction\"},\"url\":\"https:\/\/vosgesinfo.fr\/remiremontinfo\/author\/la-redaction\/\"}]}<\/script>\n<!-- \/ Yoast SEO plugin. -->","yoast_head_json":{"title":"Le Conseil Municipal des Jeunes de St-Etienne-l\u00e8s-Remiremont en visite au S\u00e9nat - Remiremont Info","robots":{"index":"index","follow":"follow","max-snippet":"max-snippet:-1","max-image-preview":"max-image-preview:large","max-video-preview":"max-video-preview:-1"},"canonical":"https:\/\/vosgesinfo.fr\/remiremontinfo\/2025\/04\/le-conseil-municipal-des-jeunes-de-st-etienne-les-remiremont-en-visite-au-senat\/","twitter_card":"summary_large_image","twitter_title":"Le Conseil Municipal des Jeunes de St-Etienne-l\u00e8s-Remiremont en visite au S\u00e9nat - Remiremont Info","twitter_description":"Le Conseil Municipal des Jeunes de St-Etienne-l\u00e8s-Remiremont en visite au S\u00e9nat Le mercredi 9 avril, le Conseil Municipal des Jeunes [&hellip;]","twitter_image":"https:\/\/vosgesinfo.fr\/app\/uploads\/sites\/5\/2025\/04\/visite-senat-cmj-09-04-25-20-web.jpg","twitter_creator":"@VosgesInfo88","twitter_site":"@VosgesInfo88","twitter_misc":{"\u00c9crit par":"La redaction","Dur\u00e9e de lecture estim\u00e9e":"2 minutes"},"schema":{"@context":"https:\/\/schema.org","@graph":[{"@type":"Article","@id":"https:\/\/vosgesinfo.fr\/remiremontinfo\/2025\/04\/le-conseil-municipal-des-jeunes-de-st-etienne-les-remiremont-en-visite-au-senat\/#article","isPartOf":{"@id":"https:\/\/vosgesinfo.fr\/remiremontinfo\/2025\/04\/le-conseil-municipal-des-jeunes-de-st-etienne-les-remiremont-en-visite-au-senat\/"},"author":{"name":"La redaction","@id":"https:\/\/vosgesinfo.fr\/remiremontinfo\/#\/schema\/person\/27a3695b06db98895b354c0765cdfc31"},"headline":"Le Conseil Municipal des Jeunes de St-Etienne-l\u00e8s-Remiremont en visite au S\u00e9nat","datePublished":"2025-04-18T10:00:11+00:00","dateModified":"2025-04-18T09:32:09+00:00","mainEntityOfPage":{"@id":"https:\/\/vosgesinfo.fr\/remiremontinfo\/2025\/04\/le-conseil-municipal-des-jeunes-de-st-etienne-les-remiremont-en-visite-au-senat\/"},"wordCount":395,"commentCount":0,"publisher":{"@id":"https:\/\/vosgesinfo.fr\/remiremontinfo\/#organization"},"image":{"@id":"https:\/\/vosgesinfo.fr\/remiremontinfo\/2025\/04\/le-conseil-municipal-des-jeunes-de-st-etienne-les-remiremont-en-visite-au-senat\/#primaryimage"},"thumbnailUrl":"https:\/\/vosgesinfo.fr\/app\/uploads\/sites\/5\/2025\/04\/visite-senat-cmj-09-04-25-20-web.jpg","keywords":["CMJ Saint-Etienne-les-Remiremont","Visite S\u00e9nat"],"articleSection":["A la Une","Saint-Etienne"],"inLanguage":"fr-FR","potentialAction":[{"@type":"CommentAction","name":"Comment","target":["https:\/\/vosgesinfo.fr\/remiremontinfo\/2025\/04\/le-conseil-municipal-des-jeunes-de-st-etienne-les-remiremont-en-visite-au-senat\/#respond"]}]},{"@type":"WebPage","@id":"https:\/\/vosgesinfo.fr\/remiremontinfo\/2025\/04\/le-conseil-municipal-des-jeunes-de-st-etienne-les-remiremont-en-visite-au-senat\/","url":"https:\/\/vosgesinfo.fr\/remiremontinfo\/2025\/04\/le-conseil-municipal-des-jeunes-de-st-etienne-les-remiremont-en-visite-au-senat\/","name":"Le Conseil Municipal des Jeunes de St-Etienne-l\u00e8s-Remiremont en visite au S\u00e9nat - Remiremont Info","isPartOf":{"@id":"https:\/\/vosgesinfo.fr\/remiremontinfo\/#website"},"primaryImageOfPage":{"@id":"https:\/\/vosgesinfo.fr\/remiremontinfo\/2025\/04\/le-conseil-municipal-des-jeunes-de-st-etienne-les-remiremont-en-visite-au-senat\/#primaryimage"},"image":{"@id":"https:\/\/vosgesinfo.fr\/remiremontinfo\/2025\/04\/le-conseil-municipal-des-jeunes-de-st-etienne-les-remiremont-en-visite-au-senat\/#primaryimage"},"thumbnailUrl":"https:\/\/vosgesinfo.fr\/app\/uploads\/sites\/5\/2025\/04\/visite-senat-cmj-09-04-25-20-web.jpg","datePublished":"2025-04-18T10:00:11+00:00","dateModified":"2025-04-18T09:32:09+00:00","breadcrumb":{"@id":"https:\/\/vosgesinfo.fr\/remiremontinfo\/2025\/04\/le-conseil-municipal-des-jeunes-de-st-etienne-les-remiremont-en-visite-au-senat\/#breadcrumb"},"inLanguage":"fr-FR","potentialAction":[{"@type":"ReadAction","target":["https:\/\/vosgesinfo.fr\/remiremontinfo\/2025\/04\/le-conseil-municipal-des-jeunes-de-st-etienne-les-remiremont-en-visite-au-senat\/"]}]},{"@type":"ImageObject","inLanguage":"fr-FR","@id":"https:\/\/vosgesinfo.fr\/remiremontinfo\/2025\/04\/le-conseil-municipal-des-jeunes-de-st-etienne-les-remiremont-en-visite-au-senat\/#primaryimage","url":"https:\/\/vosgesinfo.fr\/app\/uploads\/sites\/5\/2025\/04\/visite-senat-cmj-09-04-25-20-web.jpg","contentUrl":"https:\/\/vosgesinfo.fr\/app\/uploads\/sites\/5\/2025\/04\/visite-senat-cmj-09-04-25-20-web.jpg","width":666,"height":500,"caption":"Photographie : Mairie de St-Etienne-l\u00e8s-Remiremont."},{"@type":"BreadcrumbList","@id":"https:\/\/vosgesinfo.fr\/remiremontinfo\/2025\/04\/le-conseil-municipal-des-jeunes-de-st-etienne-les-remiremont-en-visite-au-senat\/#breadcrumb","itemListElement":[{"@type":"ListItem","position":1,"name":"Home","item":"https:\/\/vosgesinfo.fr\/remiremontinfo\/"},{"@type":"ListItem","position":2,"name":"Le Conseil Municipal des Jeunes de St-Etienne-l\u00e8s-Remiremont en visite au S\u00e9nat"}]},{"@type":"WebSite","@id":"https:\/\/vosgesinfo.fr\/remiremontinfo\/#website","url":"https:\/\/vosgesinfo.fr\/remiremontinfo\/","name":"Remiremont Info","description":"Toute l&#039;actualit\u00e9 de Remiremont","publisher":{"@id":"https:\/\/vosgesinfo.fr\/remiremontinfo\/#organization"},"alternateName":"Toute l'actualit\u00e9 de Remiremont","potentialAction":[{"@type":"SearchAction","target":{"@type":"EntryPoint","urlTemplate":"https:\/\/vosgesinfo.fr\/remiremontinfo\/?s={search_term_string}"},"query-input":"required name=search_term_string"}],"inLanguage":"fr-FR"},{"@type":"Organization","@id":"https:\/\/vosgesinfo.fr\/remiremontinfo\/#organization","name":"Remiremont Info","url":"https:\/\/vosgesinfo.fr\/remiremontinfo\/","logo":{"@type":"ImageObject","inLanguage":"fr-FR","@id":"https:\/\/vosgesinfo.fr\/remiremontinfo\/#\/schema\/logo\/image\/","url":"https:\/\/vosgesinfo.fr\/app\/uploads\/sites\/5\/2023\/08\/favicon-remiremontinfo.png","contentUrl":"https:\/\/vosgesinfo.fr\/app\/uploads\/sites\/5\/2023\/08\/favicon-remiremontinfo.png","width":512,"height":512,"caption":"Remiremont Info"},"image":{"@id":"https:\/\/vosgesinfo.fr\/remiremontinfo\/#\/schema\/logo\/image\/"},"sameAs":["https:\/\/www.facebook.com\/remiremontinfo","https:\/\/x.com\/VosgesInfo88","https:\/\/www.youtube.com\/@vosgesinfo"]},{"@type":"Person","@id":"https:\/\/vosgesinfo.fr\/remiremontinfo\/#\/schema\/person\/27a3695b06db98895b354c0765cdfc31","name":"La redaction","image":{"@type":"ImageObject","inLanguage":"fr-FR","@id":"https:\/\/vosgesinfo.fr\/remiremontinfo\/#\/schema\/person\/image\/","url":"https:\/\/secure.gravatar.com\/avatar\/64c76a78e501cedee55736f43f332df901e1896ae9cd8fad269ae2236dd0e8b6?s=96&d=mm&r=g","contentUrl":"https:\/\/secure.gravatar.com\/avatar\/64c76a78e501cedee55736f43f332df901e1896ae9cd8fad269ae2236dd0e8b6?s=96&d=mm&r=g","caption":"La redaction"},"url":"https:\/\/vosgesinfo.fr\/remiremontinfo\/author\/la-redaction\/"}]}},"_links":{"self":[{"href":"https:\/\/vosgesinfo.fr\/remiremontinfo\/wp-json\/wp\/v2\/posts\/80965","targetHints":{"allow":["GET"]}}],"collection":[{"href":"https:\/\/vosgesinfo.fr\/remiremontinfo\/wp-json\/wp\/v2\/posts"}],"about":[{"href":"https:\/\/vosgesinfo.fr\/remiremontinfo\/wp-json\/wp\/v2\/types\/post"}],"author":[{"embeddable":true,"href":"https:\/\/vosgesinfo.fr\/remiremontinfo\/wp-json\/wp\/v2\/users\/391"}],"replies":[{"embeddable":true,"href":"https:\/\/vosgesinfo.fr\/remiremontinfo\/wp-json\/wp\/v2\/comments?post=80965"}],"version-history":[{"count":1,"href":"https:\/\/vosgesinfo.fr\/remiremontinfo\/wp-json\/wp\/v2\/posts\/80965\/revisions"}],"predecessor-version":[{"id":80971,"href":"https:\/\/vosgesinfo.fr\/remiremontinfo\/wp-json\/wp\/v2\/posts\/80965\/revisions\/80971"}],"wp:featuredmedia":[{"embeddable":true,"href":"https:\/\/vosgesinfo.fr\/remiremontinfo\/wp-json\/wp\/v2\/media\/80966"}],"wp:attachment":[{"href":"https:\/\/vosgesinfo.fr\/remiremontinfo\/wp-json\/wp\/v2\/media?parent=80965"}],"wp:term":[{"taxonomy":"category","embeddable":true,"href":"https:\/\/vosgesinfo.fr\/remiremontinfo\/wp-json\/wp\/v2\/categories?post=80965"},{"taxonomy":"post_tag","embeddable":true,"href":"https:\/\/vosgesinfo.fr\/remiremontinfo\/wp-json\/wp\/v2\/tags?post=80965"}],"curies":[{"name":"wp","href":"https:\/\/api.w.org\/{rel}","templated":true}]}}