{"id":81115,"date":"2025-04-23T12:00:11","date_gmt":"2025-04-23T10:00:11","guid":{"rendered":"https:\/\/vosgesinfo.fr\/remiremontinfo\/?p=81115"},"modified":"2025-04-23T10:42:55","modified_gmt":"2025-04-23T08:42:55","slug":"jarmenil-chasse-aux-oeufs-reussie-grace-au-comite-des-fetes-et-a-la-commune","status":"publish","type":"post","link":"https:\/\/vosgesinfo.fr\/remiremontinfo\/2025\/04\/jarmenil-chasse-aux-oeufs-reussie-grace-au-comite-des-fetes-et-a-la-commune\/","title":{"rendered":"Jarm\u00e9nil &#8211; Chasse aux \u0153ufs r\u00e9ussie gr\u00e2ce au Comit\u00e9 des f\u00eates et \u00e0 la commune"},"content":{"rendered":"<div id=\"attachment_81117\" style=\"width: 910px\" class=\"wp-caption aligncenter\"><a href=\"https:\/\/vosgesinfo.fr\/app\/uploads\/sites\/5\/2025\/04\/chasse-aux-oeufs-jarmenil2.jpeg\"><img decoding=\"async\" aria-describedby=\"caption-attachment-81117\" class=\"size-full wp-image-81117\" src=\"https:\/\/vosgesinfo.fr\/app\/uploads\/sites\/5\/2025\/04\/chasse-aux-oeufs-jarmenil2.jpeg\" alt=\"\" width=\"900\" height=\"675\" srcset=\"https:\/\/vosgesinfo.fr\/app\/uploads\/sites\/5\/2025\/04\/chasse-aux-oeufs-jarmenil2.jpeg 900w, https:\/\/vosgesinfo.fr\/app\/uploads\/sites\/5\/2025\/04\/chasse-aux-oeufs-jarmenil2-300x225.jpeg 300w, https:\/\/vosgesinfo.fr\/app\/uploads\/sites\/5\/2025\/04\/chasse-aux-oeufs-jarmenil2-768x576.jpeg 768w\" sizes=\"(max-width: 900px) 100vw, 900px\" \/><\/a><p id=\"caption-attachment-81117\" class=\"wp-caption-text\">Photographie : Commune de Jarm\u00e9nil.<\/p><\/div>\n<p class=\"\" data-start=\"144\" data-end=\"452\"><strong>Ce samedi 19 avril \u00e0 10 heures, 24 enfants ont r\u00e9pondu pr\u00e9sents \u00e0 l\u2019invitation du Comit\u00e9 des f\u00eates et de la commune de Jarm\u00e9nil pour participer \u00e0 la traditionnelle chasse aux \u0153ufs. Sur les 40 petits invit\u00e9s, ceux qui ont fait le d\u00e9placement ont pu profiter d\u2019un moment convivial et gourmand, sous le regard bienveillant de leurs parents.<\/strong><\/p>\n<p class=\"\" data-start=\"454\" data-end=\"740\">Le Comit\u00e9 des f\u00eates, qui avait financ\u00e9 les chocolats gr\u00e2ce \u00e0 la recette du dernier vide-greniers, s\u2019est associ\u00e9 \u00e0 la commune, laquelle avait pr\u00e9par\u00e9 un go\u00fbter pour cl\u00f4turer la matin\u00e9e. Les enfants, ravis, sont repartis les poches pleines de d\u00e9licieux chocolats et le sourire aux l\u00e8vres.<\/p>\n<p class=\"\" data-start=\"742\" data-end=\"910\">Les organisateurs adressent un grand merci \u00e0 Jean Levaudel pour le pr\u00eat du terrain, qui a permis de maintenir cette animation printani\u00e8re dans d&rsquo;excellentes conditions.<\/p>\n<p class=\"\" data-start=\"912\" data-end=\"1001\">Une \u00e9dition 2025 plac\u00e9e sous le signe du partage, de la simplicit\u00e9 et de la bonne humeur.<\/p>\n<div id=\"attachment_81116\" style=\"width: 910px\" class=\"wp-caption aligncenter\"><a href=\"https:\/\/vosgesinfo.fr\/app\/uploads\/sites\/5\/2025\/04\/chasse-aux-oeufs-jarmenil1.jpeg\"><img decoding=\"async\" aria-describedby=\"caption-attachment-81116\" class=\"size-full wp-image-81116\" src=\"https:\/\/vosgesinfo.fr\/app\/uploads\/sites\/5\/2025\/04\/chasse-aux-oeufs-jarmenil1.jpeg\" alt=\"\" width=\"900\" height=\"1200\" srcset=\"https:\/\/vosgesinfo.fr\/app\/uploads\/sites\/5\/2025\/04\/chasse-aux-oeufs-jarmenil1.jpeg 900w, https:\/\/vosgesinfo.fr\/app\/uploads\/sites\/5\/2025\/04\/chasse-aux-oeufs-jarmenil1-225x300.jpeg 225w, https:\/\/vosgesinfo.fr\/app\/uploads\/sites\/5\/2025\/04\/chasse-aux-oeufs-jarmenil1-768x1024.jpeg 768w\" sizes=\"(max-width: 900px) 100vw, 900px\" \/><\/a><p id=\"caption-attachment-81116\" class=\"wp-caption-text\">Photographie : Commune de Jarm\u00e9nil.<\/p><\/div>\n","protected":false},"excerpt":{"rendered":"<p>Ce samedi 19 avril \u00e0 10 heures, 24 enfants ont r\u00e9pondu pr\u00e9sents \u00e0 l\u2019invitation du Comit\u00e9 des f\u00eates et de [&hellip;]<\/p>\n","protected":false},"author":418,"featured_media":81117,"comment_status":"open","ping_status":"open","sticky":false,"template":"","format":"standard","meta":{"footnotes":""},"categories":[26,108,43],"tags":[1898,7816,1257],"class_list":["post-81115","post","type-post","status-publish","format-standard","has-post-thumbnail","hentry","category-a-la-une","category-epinal","category-remiremont-remiremont-son-canton","tag-chasse-aux-oeufs","tag-comite-des-fetes-de-jarmenil","tag-jarmenil"],"acf":[],"yoast_head":"<!-- This site is optimized with the Yoast SEO plugin v22.5 - https:\/\/yoast.com\/wordpress\/plugins\/seo\/ -->\n<title>Jarm\u00e9nil - Chasse aux \u0153ufs r\u00e9ussie gr\u00e2ce au Comit\u00e9 des f\u00eates et \u00e0 la commune - Remiremont Info<\/title>\n<meta name=\"robots\" content=\"index, follow, max-snippet:-1, max-image-preview:large, max-video-preview:-1\" \/>\n<link rel=\"canonical\" href=\"https:\/\/vosgesinfo.fr\/remiremontinfo\/2025\/04\/jarmenil-chasse-aux-oeufs-reussie-grace-au-comite-des-fetes-et-a-la-commune\/\" \/>\n<meta name=\"twitter:card\" content=\"summary_large_image\" \/>\n<meta name=\"twitter:title\" content=\"Jarm\u00e9nil - Chasse aux \u0153ufs r\u00e9ussie gr\u00e2ce au Comit\u00e9 des f\u00eates et \u00e0 la commune - Remiremont Info\" \/>\n<meta name=\"twitter:description\" content=\"Ce samedi 19 avril \u00e0 10 heures, 24 enfants ont r\u00e9pondu pr\u00e9sents \u00e0 l\u2019invitation du Comit\u00e9 des f\u00eates et de [&hellip;]\" \/>\n<meta name=\"twitter:image\" content=\"https:\/\/vosgesinfo.fr\/app\/uploads\/sites\/5\/2025\/04\/chasse-aux-oeufs-jarmenil2.jpeg\" \/>\n<meta name=\"twitter:creator\" content=\"@VosgesInfo88\" \/>\n<meta name=\"twitter:site\" content=\"@VosgesInfo88\" \/>\n<meta name=\"twitter:label1\" content=\"\u00c9crit par\" \/>\n\t<meta name=\"twitter:data1\" content=\"C.M\" \/>\n\t<meta name=\"twitter:label2\" content=\"Dur\u00e9e de lecture estim\u00e9e\" \/>\n\t<meta name=\"twitter:data2\" content=\"1 minute\" \/>\n<script type=\"application\/ld+json\" class=\"yoast-schema-graph\">{\"@context\":\"https:\/\/schema.org\",\"@graph\":[{\"@type\":\"Article\",\"@id\":\"https:\/\/vosgesinfo.fr\/remiremontinfo\/2025\/04\/jarmenil-chasse-aux-oeufs-reussie-grace-au-comite-des-fetes-et-a-la-commune\/#article\",\"isPartOf\":{\"@id\":\"https:\/\/vosgesinfo.fr\/remiremontinfo\/2025\/04\/jarmenil-chasse-aux-oeufs-reussie-grace-au-comite-des-fetes-et-a-la-commune\/\"},\"author\":{\"name\":\"C.M\",\"@id\":\"https:\/\/vosgesinfo.fr\/remiremontinfo\/#\/schema\/person\/4f38cd3068e342935b7304695c797d08\"},\"headline\":\"Jarm\u00e9nil &#8211; Chasse aux \u0153ufs r\u00e9ussie gr\u00e2ce au Comit\u00e9 des f\u00eates et \u00e0 la commune\",\"datePublished\":\"2025-04-23T10:00:11+00:00\",\"dateModified\":\"2025-04-23T08:42:55+00:00\",\"mainEntityOfPage\":{\"@id\":\"https:\/\/vosgesinfo.fr\/remiremontinfo\/2025\/04\/jarmenil-chasse-aux-oeufs-reussie-grace-au-comite-des-fetes-et-a-la-commune\/\"},\"wordCount\":198,\"commentCount\":0,\"publisher\":{\"@id\":\"https:\/\/vosgesinfo.fr\/remiremontinfo\/#organization\"},\"image\":{\"@id\":\"https:\/\/vosgesinfo.fr\/remiremontinfo\/2025\/04\/jarmenil-chasse-aux-oeufs-reussie-grace-au-comite-des-fetes-et-a-la-commune\/#primaryimage\"},\"thumbnailUrl\":\"https:\/\/vosgesinfo.fr\/app\/uploads\/sites\/5\/2025\/04\/chasse-aux-oeufs-jarmenil2.jpeg\",\"keywords\":[\"chasse aux oeufs\",\"Comit\u00e9 des f\u00eates de Jarm\u00e9nil\",\"Jarm\u00e9nil\"],\"articleSection\":[\"A la Une\",\"Epinal\",\"Remiremont\"],\"inLanguage\":\"fr-FR\",\"potentialAction\":[{\"@type\":\"CommentAction\",\"name\":\"Comment\",\"target\":[\"https:\/\/vosgesinfo.fr\/remiremontinfo\/2025\/04\/jarmenil-chasse-aux-oeufs-reussie-grace-au-comite-des-fetes-et-a-la-commune\/#respond\"]}]},{\"@type\":\"WebPage\",\"@id\":\"https:\/\/vosgesinfo.fr\/remiremontinfo\/2025\/04\/jarmenil-chasse-aux-oeufs-reussie-grace-au-comite-des-fetes-et-a-la-commune\/\",\"url\":\"https:\/\/vosgesinfo.fr\/remiremontinfo\/2025\/04\/jarmenil-chasse-aux-oeufs-reussie-grace-au-comite-des-fetes-et-a-la-commune\/\",\"name\":\"Jarm\u00e9nil - Chasse aux \u0153ufs r\u00e9ussie gr\u00e2ce au Comit\u00e9 des f\u00eates et \u00e0 la commune - Remiremont Info\",\"isPartOf\":{\"@id\":\"https:\/\/vosgesinfo.fr\/remiremontinfo\/#website\"},\"primaryImageOfPage\":{\"@id\":\"https:\/\/vosgesinfo.fr\/remiremontinfo\/2025\/04\/jarmenil-chasse-aux-oeufs-reussie-grace-au-comite-des-fetes-et-a-la-commune\/#primaryimage\"},\"image\":{\"@id\":\"https:\/\/vosgesinfo.fr\/remiremontinfo\/2025\/04\/jarmenil-chasse-aux-oeufs-reussie-grace-au-comite-des-fetes-et-a-la-commune\/#primaryimage\"},\"thumbnailUrl\":\"https:\/\/vosgesinfo.fr\/app\/uploads\/sites\/5\/2025\/04\/chasse-aux-oeufs-jarmenil2.jpeg\",\"datePublished\":\"2025-04-23T10:00:11+00:00\",\"dateModified\":\"2025-04-23T08:42:55+00:00\",\"breadcrumb\":{\"@id\":\"https:\/\/vosgesinfo.fr\/remiremontinfo\/2025\/04\/jarmenil-chasse-aux-oeufs-reussie-grace-au-comite-des-fetes-et-a-la-commune\/#breadcrumb\"},\"inLanguage\":\"fr-FR\",\"potentialAction\":[{\"@type\":\"ReadAction\",\"target\":[\"https:\/\/vosgesinfo.fr\/remiremontinfo\/2025\/04\/jarmenil-chasse-aux-oeufs-reussie-grace-au-comite-des-fetes-et-a-la-commune\/\"]}]},{\"@type\":\"ImageObject\",\"inLanguage\":\"fr-FR\",\"@id\":\"https:\/\/vosgesinfo.fr\/remiremontinfo\/2025\/04\/jarmenil-chasse-aux-oeufs-reussie-grace-au-comite-des-fetes-et-a-la-commune\/#primaryimage\",\"url\":\"https:\/\/vosgesinfo.fr\/app\/uploads\/sites\/5\/2025\/04\/chasse-aux-oeufs-jarmenil2.jpeg\",\"contentUrl\":\"https:\/\/vosgesinfo.fr\/app\/uploads\/sites\/5\/2025\/04\/chasse-aux-oeufs-jarmenil2.jpeg\",\"width\":900,\"height\":675,\"caption\":\"Photographie : Commune de Jarm\u00e9nil.\"},{\"@type\":\"BreadcrumbList\",\"@id\":\"https:\/\/vosgesinfo.fr\/remiremontinfo\/2025\/04\/jarmenil-chasse-aux-oeufs-reussie-grace-au-comite-des-fetes-et-a-la-commune\/#breadcrumb\",\"itemListElement\":[{\"@type\":\"ListItem\",\"position\":1,\"name\":\"Home\",\"item\":\"https:\/\/vosgesinfo.fr\/remiremontinfo\/\"},{\"@type\":\"ListItem\",\"position\":2,\"name\":\"Jarm\u00e9nil &#8211; Chasse aux \u0153ufs r\u00e9ussie gr\u00e2ce au Comit\u00e9 des f\u00eates et \u00e0 la commune\"}]},{\"@type\":\"WebSite\",\"@id\":\"https:\/\/vosgesinfo.fr\/remiremontinfo\/#website\",\"url\":\"https:\/\/vosgesinfo.fr\/remiremontinfo\/\",\"name\":\"Remiremont Info\",\"description\":\"Toute l&#039;actualit\u00e9 de Remiremont\",\"publisher\":{\"@id\":\"https:\/\/vosgesinfo.fr\/remiremontinfo\/#organization\"},\"alternateName\":\"Toute l'actualit\u00e9 de Remiremont\",\"potentialAction\":[{\"@type\":\"SearchAction\",\"target\":{\"@type\":\"EntryPoint\",\"urlTemplate\":\"https:\/\/vosgesinfo.fr\/remiremontinfo\/?s={search_term_string}\"},\"query-input\":\"required name=search_term_string\"}],\"inLanguage\":\"fr-FR\"},{\"@type\":\"Organization\",\"@id\":\"https:\/\/vosgesinfo.fr\/remiremontinfo\/#organization\",\"name\":\"Remiremont Info\",\"url\":\"https:\/\/vosgesinfo.fr\/remiremontinfo\/\",\"logo\":{\"@type\":\"ImageObject\",\"inLanguage\":\"fr-FR\",\"@id\":\"https:\/\/vosgesinfo.fr\/remiremontinfo\/#\/schema\/logo\/image\/\",\"url\":\"https:\/\/vosgesinfo.fr\/app\/uploads\/sites\/5\/2023\/08\/favicon-remiremontinfo.png\",\"contentUrl\":\"https:\/\/vosgesinfo.fr\/app\/uploads\/sites\/5\/2023\/08\/favicon-remiremontinfo.png\",\"width\":512,\"height\":512,\"caption\":\"Remiremont Info\"},\"image\":{\"@id\":\"https:\/\/vosgesinfo.fr\/remiremontinfo\/#\/schema\/logo\/image\/\"},\"sameAs\":[\"https:\/\/www.facebook.com\/remiremontinfo\",\"https:\/\/x.com\/VosgesInfo88\",\"https:\/\/www.youtube.com\/@vosgesinfo\"]},{\"@type\":\"Person\",\"@id\":\"https:\/\/vosgesinfo.fr\/remiremontinfo\/#\/schema\/person\/4f38cd3068e342935b7304695c797d08\",\"name\":\"C.M\",\"image\":{\"@type\":\"ImageObject\",\"inLanguage\":\"fr-FR\",\"@id\":\"https:\/\/vosgesinfo.fr\/remiremontinfo\/#\/schema\/person\/image\/\",\"url\":\"https:\/\/secure.gravatar.com\/avatar\/fe9daaef0164d920717484172682f3c5c9bcf7d42aa8c7048c76c34f0eb6c8da?s=96&d=mm&r=g\",\"contentUrl\":\"https:\/\/secure.gravatar.com\/avatar\/fe9daaef0164d920717484172682f3c5c9bcf7d42aa8c7048c76c34f0eb6c8da?s=96&d=mm&r=g\",\"caption\":\"C.M\"},\"url\":\"https:\/\/vosgesinfo.fr\/remiremontinfo\/author\/cm88200\/\"}]}<\/script>\n<!-- \/ Yoast SEO plugin. -->","yoast_head_json":{"title":"Jarm\u00e9nil - Chasse aux \u0153ufs r\u00e9ussie gr\u00e2ce au Comit\u00e9 des f\u00eates et \u00e0 la commune - Remiremont Info","robots":{"index":"index","follow":"follow","max-snippet":"max-snippet:-1","max-image-preview":"max-image-preview:large","max-video-preview":"max-video-preview:-1"},"canonical":"https:\/\/vosgesinfo.fr\/remiremontinfo\/2025\/04\/jarmenil-chasse-aux-oeufs-reussie-grace-au-comite-des-fetes-et-a-la-commune\/","twitter_card":"summary_large_image","twitter_title":"Jarm\u00e9nil - Chasse aux \u0153ufs r\u00e9ussie gr\u00e2ce au Comit\u00e9 des f\u00eates et \u00e0 la commune - Remiremont Info","twitter_description":"Ce samedi 19 avril \u00e0 10 heures, 24 enfants ont r\u00e9pondu pr\u00e9sents \u00e0 l\u2019invitation du Comit\u00e9 des f\u00eates et de [&hellip;]","twitter_image":"https:\/\/vosgesinfo.fr\/app\/uploads\/sites\/5\/2025\/04\/chasse-aux-oeufs-jarmenil2.jpeg","twitter_creator":"@VosgesInfo88","twitter_site":"@VosgesInfo88","twitter_misc":{"\u00c9crit par":"C.M","Dur\u00e9e de lecture estim\u00e9e":"1 minute"},"schema":{"@context":"https:\/\/schema.org","@graph":[{"@type":"Article","@id":"https:\/\/vosgesinfo.fr\/remiremontinfo\/2025\/04\/jarmenil-chasse-aux-oeufs-reussie-grace-au-comite-des-fetes-et-a-la-commune\/#article","isPartOf":{"@id":"https:\/\/vosgesinfo.fr\/remiremontinfo\/2025\/04\/jarmenil-chasse-aux-oeufs-reussie-grace-au-comite-des-fetes-et-a-la-commune\/"},"author":{"name":"C.M","@id":"https:\/\/vosgesinfo.fr\/remiremontinfo\/#\/schema\/person\/4f38cd3068e342935b7304695c797d08"},"headline":"Jarm\u00e9nil &#8211; Chasse aux \u0153ufs r\u00e9ussie gr\u00e2ce au Comit\u00e9 des f\u00eates et \u00e0 la commune","datePublished":"2025-04-23T10:00:11+00:00","dateModified":"2025-04-23T08:42:55+00:00","mainEntityOfPage":{"@id":"https:\/\/vosgesinfo.fr\/remiremontinfo\/2025\/04\/jarmenil-chasse-aux-oeufs-reussie-grace-au-comite-des-fetes-et-a-la-commune\/"},"wordCount":198,"commentCount":0,"publisher":{"@id":"https:\/\/vosgesinfo.fr\/remiremontinfo\/#organization"},"image":{"@id":"https:\/\/vosgesinfo.fr\/remiremontinfo\/2025\/04\/jarmenil-chasse-aux-oeufs-reussie-grace-au-comite-des-fetes-et-a-la-commune\/#primaryimage"},"thumbnailUrl":"https:\/\/vosgesinfo.fr\/app\/uploads\/sites\/5\/2025\/04\/chasse-aux-oeufs-jarmenil2.jpeg","keywords":["chasse aux oeufs","Comit\u00e9 des f\u00eates de Jarm\u00e9nil","Jarm\u00e9nil"],"articleSection":["A la Une","Epinal","Remiremont"],"inLanguage":"fr-FR","potentialAction":[{"@type":"CommentAction","name":"Comment","target":["https:\/\/vosgesinfo.fr\/remiremontinfo\/2025\/04\/jarmenil-chasse-aux-oeufs-reussie-grace-au-comite-des-fetes-et-a-la-commune\/#respond"]}]},{"@type":"WebPage","@id":"https:\/\/vosgesinfo.fr\/remiremontinfo\/2025\/04\/jarmenil-chasse-aux-oeufs-reussie-grace-au-comite-des-fetes-et-a-la-commune\/","url":"https:\/\/vosgesinfo.fr\/remiremontinfo\/2025\/04\/jarmenil-chasse-aux-oeufs-reussie-grace-au-comite-des-fetes-et-a-la-commune\/","name":"Jarm\u00e9nil - Chasse aux \u0153ufs r\u00e9ussie gr\u00e2ce au Comit\u00e9 des f\u00eates et \u00e0 la commune - Remiremont Info","isPartOf":{"@id":"https:\/\/vosgesinfo.fr\/remiremontinfo\/#website"},"primaryImageOfPage":{"@id":"https:\/\/vosgesinfo.fr\/remiremontinfo\/2025\/04\/jarmenil-chasse-aux-oeufs-reussie-grace-au-comite-des-fetes-et-a-la-commune\/#primaryimage"},"image":{"@id":"https:\/\/vosgesinfo.fr\/remiremontinfo\/2025\/04\/jarmenil-chasse-aux-oeufs-reussie-grace-au-comite-des-fetes-et-a-la-commune\/#primaryimage"},"thumbnailUrl":"https:\/\/vosgesinfo.fr\/app\/uploads\/sites\/5\/2025\/04\/chasse-aux-oeufs-jarmenil2.jpeg","datePublished":"2025-04-23T10:00:11+00:00","dateModified":"2025-04-23T08:42:55+00:00","breadcrumb":{"@id":"https:\/\/vosgesinfo.fr\/remiremontinfo\/2025\/04\/jarmenil-chasse-aux-oeufs-reussie-grace-au-comite-des-fetes-et-a-la-commune\/#breadcrumb"},"inLanguage":"fr-FR","potentialAction":[{"@type":"ReadAction","target":["https:\/\/vosgesinfo.fr\/remiremontinfo\/2025\/04\/jarmenil-chasse-aux-oeufs-reussie-grace-au-comite-des-fetes-et-a-la-commune\/"]}]},{"@type":"ImageObject","inLanguage":"fr-FR","@id":"https:\/\/vosgesinfo.fr\/remiremontinfo\/2025\/04\/jarmenil-chasse-aux-oeufs-reussie-grace-au-comite-des-fetes-et-a-la-commune\/#primaryimage","url":"https:\/\/vosgesinfo.fr\/app\/uploads\/sites\/5\/2025\/04\/chasse-aux-oeufs-jarmenil2.jpeg","contentUrl":"https:\/\/vosgesinfo.fr\/app\/uploads\/sites\/5\/2025\/04\/chasse-aux-oeufs-jarmenil2.jpeg","width":900,"height":675,"caption":"Photographie : Commune de Jarm\u00e9nil."},{"@type":"BreadcrumbList","@id":"https:\/\/vosgesinfo.fr\/remiremontinfo\/2025\/04\/jarmenil-chasse-aux-oeufs-reussie-grace-au-comite-des-fetes-et-a-la-commune\/#breadcrumb","itemListElement":[{"@type":"ListItem","position":1,"name":"Home","item":"https:\/\/vosgesinfo.fr\/remiremontinfo\/"},{"@type":"ListItem","position":2,"name":"Jarm\u00e9nil &#8211; Chasse aux \u0153ufs r\u00e9ussie gr\u00e2ce au Comit\u00e9 des f\u00eates et \u00e0 la commune"}]},{"@type":"WebSite","@id":"https:\/\/vosgesinfo.fr\/remiremontinfo\/#website","url":"https:\/\/vosgesinfo.fr\/remiremontinfo\/","name":"Remiremont Info","description":"Toute l&#039;actualit\u00e9 de Remiremont","publisher":{"@id":"https:\/\/vosgesinfo.fr\/remiremontinfo\/#organization"},"alternateName":"Toute l'actualit\u00e9 de Remiremont","potentialAction":[{"@type":"SearchAction","target":{"@type":"EntryPoint","urlTemplate":"https:\/\/vosgesinfo.fr\/remiremontinfo\/?s={search_term_string}"},"query-input":"required name=search_term_string"}],"inLanguage":"fr-FR"},{"@type":"Organization","@id":"https:\/\/vosgesinfo.fr\/remiremontinfo\/#organization","name":"Remiremont Info","url":"https:\/\/vosgesinfo.fr\/remiremontinfo\/","logo":{"@type":"ImageObject","inLanguage":"fr-FR","@id":"https:\/\/vosgesinfo.fr\/remiremontinfo\/#\/schema\/logo\/image\/","url":"https:\/\/vosgesinfo.fr\/app\/uploads\/sites\/5\/2023\/08\/favicon-remiremontinfo.png","contentUrl":"https:\/\/vosgesinfo.fr\/app\/uploads\/sites\/5\/2023\/08\/favicon-remiremontinfo.png","width":512,"height":512,"caption":"Remiremont Info"},"image":{"@id":"https:\/\/vosgesinfo.fr\/remiremontinfo\/#\/schema\/logo\/image\/"},"sameAs":["https:\/\/www.facebook.com\/remiremontinfo","https:\/\/x.com\/VosgesInfo88","https:\/\/www.youtube.com\/@vosgesinfo"]},{"@type":"Person","@id":"https:\/\/vosgesinfo.fr\/remiremontinfo\/#\/schema\/person\/4f38cd3068e342935b7304695c797d08","name":"C.M","image":{"@type":"ImageObject","inLanguage":"fr-FR","@id":"https:\/\/vosgesinfo.fr\/remiremontinfo\/#\/schema\/person\/image\/","url":"https:\/\/secure.gravatar.com\/avatar\/fe9daaef0164d920717484172682f3c5c9bcf7d42aa8c7048c76c34f0eb6c8da?s=96&d=mm&r=g","contentUrl":"https:\/\/secure.gravatar.com\/avatar\/fe9daaef0164d920717484172682f3c5c9bcf7d42aa8c7048c76c34f0eb6c8da?s=96&d=mm&r=g","caption":"C.M"},"url":"https:\/\/vosgesinfo.fr\/remiremontinfo\/author\/cm88200\/"}]}},"_links":{"self":[{"href":"https:\/\/vosgesinfo.fr\/remiremontinfo\/wp-json\/wp\/v2\/posts\/81115","targetHints":{"allow":["GET"]}}],"collection":[{"href":"https:\/\/vosgesinfo.fr\/remiremontinfo\/wp-json\/wp\/v2\/posts"}],"about":[{"href":"https:\/\/vosgesinfo.fr\/remiremontinfo\/wp-json\/wp\/v2\/types\/post"}],"author":[{"embeddable":true,"href":"https:\/\/vosgesinfo.fr\/remiremontinfo\/wp-json\/wp\/v2\/users\/418"}],"replies":[{"embeddable":true,"href":"https:\/\/vosgesinfo.fr\/remiremontinfo\/wp-json\/wp\/v2\/comments?post=81115"}],"version-history":[{"count":1,"href":"https:\/\/vosgesinfo.fr\/remiremontinfo\/wp-json\/wp\/v2\/posts\/81115\/revisions"}],"predecessor-version":[{"id":81118,"href":"https:\/\/vosgesinfo.fr\/remiremontinfo\/wp-json\/wp\/v2\/posts\/81115\/revisions\/81118"}],"wp:featuredmedia":[{"embeddable":true,"href":"https:\/\/vosgesinfo.fr\/remiremontinfo\/wp-json\/wp\/v2\/media\/81117"}],"wp:attachment":[{"href":"https:\/\/vosgesinfo.fr\/remiremontinfo\/wp-json\/wp\/v2\/media?parent=81115"}],"wp:term":[{"taxonomy":"category","embeddable":true,"href":"https:\/\/vosgesinfo.fr\/remiremontinfo\/wp-json\/wp\/v2\/categories?post=81115"},{"taxonomy":"post_tag","embeddable":true,"href":"https:\/\/vosgesinfo.fr\/remiremontinfo\/wp-json\/wp\/v2\/tags?post=81115"}],"curies":[{"name":"wp","href":"https:\/\/api.w.org\/{rel}","templated":true}]}}