{"id":81119,"date":"2025-04-23T12:30:41","date_gmt":"2025-04-23T10:30:41","guid":{"rendered":"https:\/\/vosgesinfo.fr\/remiremontinfo\/?p=81119"},"modified":"2025-04-23T11:27:51","modified_gmt":"2025-04-23T09:27:51","slug":"la-legendaire-chouette-dor-sinvite-au-majestic-de-remiremont","status":"publish","type":"post","link":"https:\/\/vosgesinfo.fr\/remiremontinfo\/2025\/04\/la-legendaire-chouette-dor-sinvite-au-majestic-de-remiremont\/","title":{"rendered":"La l\u00e9gendaire Chouette d\u2019or s\u2019invite au Majestic de Remiremont"},"content":{"rendered":"<p class=\"\" data-start=\"130\" data-end=\"386\"><strong>Le Cin\u00e9ma Majestic de Remiremont proposera, le vendredi 2 mai \u00e0 20 h 30, la diffusion du documentaire tant attendu consacr\u00e9 \u00e0 l\u2019\u00e9nigme de la Chouette d\u2019or, c\u00e9l\u00e8bre chasse au tr\u00e9sor qui a passionn\u00e9 des milliers de chercheurs pendant plus de trois d\u00e9cennies.<\/strong><\/p>\n<p class=\"\" data-start=\"388\" data-end=\"751\">Lanc\u00e9e en 1993, cette chasse hors du commun reposait sur 11 \u00e9nigmes \u00e0 r\u00e9soudre pour retrouver une chouette compos\u00e9e d&rsquo;argent, d&rsquo;or, de rubis et de diamants, enterr\u00e9e quelque part en France. Imagin\u00e9e par R\u00e9gis Hauser, alias Max Valentin, et financ\u00e9e par l\u2019artiste Michel Becker, l\u2019aventure commence dans la nuit du 24 avril 1993 avec l\u2019enfouissement de la contremarque, aux alentours de 3 h 30 du matin.<\/p>\n<p class=\"\" data-start=\"753\" data-end=\"1030\">\u00c0 l\u2019\u00e9poque, son cr\u00e9ateur pensait que la qu\u00eate durerait un \u00e0 deux ans. Elle s\u2019\u00e9talera finalement sur 31 ann\u00e9es. Ce n\u2019est que le 3 octobre 2024 qu\u2019un joueur parvient enfin \u00e0 r\u00e9soudre toutes les \u00e9nigmes et \u00e0 mettre fin \u00e0 l\u2019une des plus longues chasses au tr\u00e9sor jamais organis\u00e9es.<\/p>\n<p class=\"\" data-start=\"1032\" data-end=\"1298\">Depuis la d\u00e9couverte de la chouette, de nombreuses rumeurs circulent sur l\u2019endroit exact de sa cachette. Certaines avancent qu\u2019elle se trouvait en Lorraine, et plus pr\u00e9cis\u00e9ment \u00e0 Dabo, en Moselle. Mais pour en avoir le c\u0153ur net, il faudra aller voir le documentaire\u2026<\/p>\n<p class=\"\" data-start=\"1300\" data-end=\"1480\">Face \u00e0 la curiosit\u00e9 grandissante du public et des passionn\u00e9s, ce film d\u00e9voile les coulisses de cette aventure unique, ainsi que les r\u00e9ponses tant attendues aux diff\u00e9rentes \u00e9nigmes.<\/p>\n<p class=\"\" data-start=\"1482\" data-end=\"1738\">Pour celles et ceux qui souhaitent percer le myst\u00e8re de la Chouette d\u2019or, rendez-vous le 2 mai au Cin\u00e9ma Majestic de Remiremont. Une occasion exceptionnelle de revivre l\u2019histoire fascinante d\u2019un tr\u00e9sor qui aura tenu en haleine des g\u00e9n\u00e9rations de chasseurs.<\/p>\n<p><a href=\"https:\/\/vosgesinfo.fr\/app\/uploads\/sites\/5\/2025\/04\/enigme-de-la-chouette-d-or.jpg\"><img decoding=\"async\" class=\"aligncenter size-full wp-image-81120\" src=\"https:\/\/vosgesinfo.fr\/app\/uploads\/sites\/5\/2025\/04\/enigme-de-la-chouette-d-or.jpg\" alt=\"\" width=\"2048\" height=\"1448\" srcset=\"https:\/\/vosgesinfo.fr\/app\/uploads\/sites\/5\/2025\/04\/enigme-de-la-chouette-d-or.jpg 2048w, https:\/\/vosgesinfo.fr\/app\/uploads\/sites\/5\/2025\/04\/enigme-de-la-chouette-d-or-300x212.jpg 300w, https:\/\/vosgesinfo.fr\/app\/uploads\/sites\/5\/2025\/04\/enigme-de-la-chouette-d-or-1024x724.jpg 1024w, https:\/\/vosgesinfo.fr\/app\/uploads\/sites\/5\/2025\/04\/enigme-de-la-chouette-d-or-768x543.jpg 768w, https:\/\/vosgesinfo.fr\/app\/uploads\/sites\/5\/2025\/04\/enigme-de-la-chouette-d-or-1536x1086.jpg 1536w\" sizes=\"(max-width: 2048px) 100vw, 2048px\" \/><\/a><\/p>\n","protected":false},"excerpt":{"rendered":"<p>Le Cin\u00e9ma Majestic de Remiremont proposera, le vendredi 2 mai \u00e0 20 h 30, la diffusion du documentaire tant attendu [&hellip;]<\/p>\n","protected":false},"author":418,"featured_media":81121,"comment_status":"open","ping_status":"open","sticky":false,"template":"","format":"standard","meta":{"footnotes":""},"categories":[26,594,6676,64,43,18],"tags":[7818,5032,7817],"class_list":["post-81119","post","type-post","status-publish","format-standard","has-post-thumbnail","hentry","category-a-la-une","category-agenda","category-cinema","category-evenements","category-remiremont-remiremont-son-canton","category-vosges","tag-chouette-dor","tag-cinema-majestic-remiremont","tag-sur-la-trace-de-la-chouette-dor"],"acf":[],"yoast_head":"<!-- This site is optimized with the Yoast SEO plugin v22.5 - https:\/\/yoast.com\/wordpress\/plugins\/seo\/ -->\n<title>La l\u00e9gendaire Chouette d\u2019or s\u2019invite au Majestic de Remiremont - Remiremont Info<\/title>\n<meta name=\"robots\" content=\"index, follow, max-snippet:-1, max-image-preview:large, max-video-preview:-1\" \/>\n<link rel=\"canonical\" href=\"https:\/\/vosgesinfo.fr\/remiremontinfo\/2025\/04\/la-legendaire-chouette-dor-sinvite-au-majestic-de-remiremont\/\" \/>\n<meta name=\"twitter:card\" content=\"summary_large_image\" \/>\n<meta name=\"twitter:title\" content=\"La l\u00e9gendaire Chouette d\u2019or s\u2019invite au Majestic de Remiremont - Remiremont Info\" \/>\n<meta name=\"twitter:description\" content=\"Le Cin\u00e9ma Majestic de Remiremont proposera, le vendredi 2 mai \u00e0 20 h 30, la diffusion du documentaire tant attendu [&hellip;]\" \/>\n<meta name=\"twitter:image\" content=\"https:\/\/vosgesinfo.fr\/app\/uploads\/sites\/5\/2025\/04\/chouette-d-or-.jpg\" \/>\n<meta name=\"twitter:creator\" content=\"@VosgesInfo88\" \/>\n<meta name=\"twitter:site\" content=\"@VosgesInfo88\" \/>\n<meta name=\"twitter:label1\" content=\"\u00c9crit par\" \/>\n\t<meta name=\"twitter:data1\" content=\"C.M\" \/>\n\t<meta name=\"twitter:label2\" content=\"Dur\u00e9e de lecture estim\u00e9e\" \/>\n\t<meta name=\"twitter:data2\" content=\"1 minute\" \/>\n<script type=\"application\/ld+json\" class=\"yoast-schema-graph\">{\"@context\":\"https:\/\/schema.org\",\"@graph\":[{\"@type\":\"Article\",\"@id\":\"https:\/\/vosgesinfo.fr\/remiremontinfo\/2025\/04\/la-legendaire-chouette-dor-sinvite-au-majestic-de-remiremont\/#article\",\"isPartOf\":{\"@id\":\"https:\/\/vosgesinfo.fr\/remiremontinfo\/2025\/04\/la-legendaire-chouette-dor-sinvite-au-majestic-de-remiremont\/\"},\"author\":{\"name\":\"C.M\",\"@id\":\"https:\/\/vosgesinfo.fr\/remiremontinfo\/#\/schema\/person\/4f38cd3068e342935b7304695c797d08\"},\"headline\":\"La l\u00e9gendaire Chouette d\u2019or s\u2019invite au Majestic de Remiremont\",\"datePublished\":\"2025-04-23T10:30:41+00:00\",\"dateModified\":\"2025-04-23T09:27:51+00:00\",\"mainEntityOfPage\":{\"@id\":\"https:\/\/vosgesinfo.fr\/remiremontinfo\/2025\/04\/la-legendaire-chouette-dor-sinvite-au-majestic-de-remiremont\/\"},\"wordCount\":306,\"commentCount\":0,\"publisher\":{\"@id\":\"https:\/\/vosgesinfo.fr\/remiremontinfo\/#organization\"},\"image\":{\"@id\":\"https:\/\/vosgesinfo.fr\/remiremontinfo\/2025\/04\/la-legendaire-chouette-dor-sinvite-au-majestic-de-remiremont\/#primaryimage\"},\"thumbnailUrl\":\"https:\/\/vosgesinfo.fr\/app\/uploads\/sites\/5\/2025\/04\/chouette-d-or-.jpg\",\"keywords\":[\"Chouette d'Or\",\"cin\u00e9ma majestic remiremont\",\"Sur la trace de la Chouette d'Or\"],\"articleSection\":[\"A la Une\",\"Agenda\",\"cin\u00e9ma\",\"Ev\u00e8nements\",\"Remiremont\",\"Vosges\"],\"inLanguage\":\"fr-FR\",\"potentialAction\":[{\"@type\":\"CommentAction\",\"name\":\"Comment\",\"target\":[\"https:\/\/vosgesinfo.fr\/remiremontinfo\/2025\/04\/la-legendaire-chouette-dor-sinvite-au-majestic-de-remiremont\/#respond\"]}]},{\"@type\":\"WebPage\",\"@id\":\"https:\/\/vosgesinfo.fr\/remiremontinfo\/2025\/04\/la-legendaire-chouette-dor-sinvite-au-majestic-de-remiremont\/\",\"url\":\"https:\/\/vosgesinfo.fr\/remiremontinfo\/2025\/04\/la-legendaire-chouette-dor-sinvite-au-majestic-de-remiremont\/\",\"name\":\"La l\u00e9gendaire Chouette d\u2019or s\u2019invite au Majestic de Remiremont - Remiremont Info\",\"isPartOf\":{\"@id\":\"https:\/\/vosgesinfo.fr\/remiremontinfo\/#website\"},\"primaryImageOfPage\":{\"@id\":\"https:\/\/vosgesinfo.fr\/remiremontinfo\/2025\/04\/la-legendaire-chouette-dor-sinvite-au-majestic-de-remiremont\/#primaryimage\"},\"image\":{\"@id\":\"https:\/\/vosgesinfo.fr\/remiremontinfo\/2025\/04\/la-legendaire-chouette-dor-sinvite-au-majestic-de-remiremont\/#primaryimage\"},\"thumbnailUrl\":\"https:\/\/vosgesinfo.fr\/app\/uploads\/sites\/5\/2025\/04\/chouette-d-or-.jpg\",\"datePublished\":\"2025-04-23T10:30:41+00:00\",\"dateModified\":\"2025-04-23T09:27:51+00:00\",\"breadcrumb\":{\"@id\":\"https:\/\/vosgesinfo.fr\/remiremontinfo\/2025\/04\/la-legendaire-chouette-dor-sinvite-au-majestic-de-remiremont\/#breadcrumb\"},\"inLanguage\":\"fr-FR\",\"potentialAction\":[{\"@type\":\"ReadAction\",\"target\":[\"https:\/\/vosgesinfo.fr\/remiremontinfo\/2025\/04\/la-legendaire-chouette-dor-sinvite-au-majestic-de-remiremont\/\"]}]},{\"@type\":\"ImageObject\",\"inLanguage\":\"fr-FR\",\"@id\":\"https:\/\/vosgesinfo.fr\/remiremontinfo\/2025\/04\/la-legendaire-chouette-dor-sinvite-au-majestic-de-remiremont\/#primaryimage\",\"url\":\"https:\/\/vosgesinfo.fr\/app\/uploads\/sites\/5\/2025\/04\/chouette-d-or-.jpg\",\"contentUrl\":\"https:\/\/vosgesinfo.fr\/app\/uploads\/sites\/5\/2025\/04\/chouette-d-or-.jpg\",\"width\":1772,\"height\":1370},{\"@type\":\"BreadcrumbList\",\"@id\":\"https:\/\/vosgesinfo.fr\/remiremontinfo\/2025\/04\/la-legendaire-chouette-dor-sinvite-au-majestic-de-remiremont\/#breadcrumb\",\"itemListElement\":[{\"@type\":\"ListItem\",\"position\":1,\"name\":\"Home\",\"item\":\"https:\/\/vosgesinfo.fr\/remiremontinfo\/\"},{\"@type\":\"ListItem\",\"position\":2,\"name\":\"La l\u00e9gendaire Chouette d\u2019or s\u2019invite au Majestic de Remiremont\"}]},{\"@type\":\"WebSite\",\"@id\":\"https:\/\/vosgesinfo.fr\/remiremontinfo\/#website\",\"url\":\"https:\/\/vosgesinfo.fr\/remiremontinfo\/\",\"name\":\"Remiremont Info\",\"description\":\"Toute l&#039;actualit\u00e9 de Remiremont\",\"publisher\":{\"@id\":\"https:\/\/vosgesinfo.fr\/remiremontinfo\/#organization\"},\"alternateName\":\"Toute l'actualit\u00e9 de Remiremont\",\"potentialAction\":[{\"@type\":\"SearchAction\",\"target\":{\"@type\":\"EntryPoint\",\"urlTemplate\":\"https:\/\/vosgesinfo.fr\/remiremontinfo\/?s={search_term_string}\"},\"query-input\":\"required name=search_term_string\"}],\"inLanguage\":\"fr-FR\"},{\"@type\":\"Organization\",\"@id\":\"https:\/\/vosgesinfo.fr\/remiremontinfo\/#organization\",\"name\":\"Remiremont Info\",\"url\":\"https:\/\/vosgesinfo.fr\/remiremontinfo\/\",\"logo\":{\"@type\":\"ImageObject\",\"inLanguage\":\"fr-FR\",\"@id\":\"https:\/\/vosgesinfo.fr\/remiremontinfo\/#\/schema\/logo\/image\/\",\"url\":\"https:\/\/vosgesinfo.fr\/app\/uploads\/sites\/5\/2023\/08\/favicon-remiremontinfo.png\",\"contentUrl\":\"https:\/\/vosgesinfo.fr\/app\/uploads\/sites\/5\/2023\/08\/favicon-remiremontinfo.png\",\"width\":512,\"height\":512,\"caption\":\"Remiremont Info\"},\"image\":{\"@id\":\"https:\/\/vosgesinfo.fr\/remiremontinfo\/#\/schema\/logo\/image\/\"},\"sameAs\":[\"https:\/\/www.facebook.com\/remiremontinfo\",\"https:\/\/x.com\/VosgesInfo88\",\"https:\/\/www.youtube.com\/@vosgesinfo\"]},{\"@type\":\"Person\",\"@id\":\"https:\/\/vosgesinfo.fr\/remiremontinfo\/#\/schema\/person\/4f38cd3068e342935b7304695c797d08\",\"name\":\"C.M\",\"image\":{\"@type\":\"ImageObject\",\"inLanguage\":\"fr-FR\",\"@id\":\"https:\/\/vosgesinfo.fr\/remiremontinfo\/#\/schema\/person\/image\/\",\"url\":\"https:\/\/secure.gravatar.com\/avatar\/fe9daaef0164d920717484172682f3c5c9bcf7d42aa8c7048c76c34f0eb6c8da?s=96&d=mm&r=g\",\"contentUrl\":\"https:\/\/secure.gravatar.com\/avatar\/fe9daaef0164d920717484172682f3c5c9bcf7d42aa8c7048c76c34f0eb6c8da?s=96&d=mm&r=g\",\"caption\":\"C.M\"},\"url\":\"https:\/\/vosgesinfo.fr\/remiremontinfo\/author\/cm88200\/\"}]}<\/script>\n<!-- \/ Yoast SEO plugin. -->","yoast_head_json":{"title":"La l\u00e9gendaire Chouette d\u2019or s\u2019invite au Majestic de Remiremont - Remiremont Info","robots":{"index":"index","follow":"follow","max-snippet":"max-snippet:-1","max-image-preview":"max-image-preview:large","max-video-preview":"max-video-preview:-1"},"canonical":"https:\/\/vosgesinfo.fr\/remiremontinfo\/2025\/04\/la-legendaire-chouette-dor-sinvite-au-majestic-de-remiremont\/","twitter_card":"summary_large_image","twitter_title":"La l\u00e9gendaire Chouette d\u2019or s\u2019invite au Majestic de Remiremont - Remiremont Info","twitter_description":"Le Cin\u00e9ma Majestic de Remiremont proposera, le vendredi 2 mai \u00e0 20 h 30, la diffusion du documentaire tant attendu [&hellip;]","twitter_image":"https:\/\/vosgesinfo.fr\/app\/uploads\/sites\/5\/2025\/04\/chouette-d-or-.jpg","twitter_creator":"@VosgesInfo88","twitter_site":"@VosgesInfo88","twitter_misc":{"\u00c9crit par":"C.M","Dur\u00e9e de lecture estim\u00e9e":"1 minute"},"schema":{"@context":"https:\/\/schema.org","@graph":[{"@type":"Article","@id":"https:\/\/vosgesinfo.fr\/remiremontinfo\/2025\/04\/la-legendaire-chouette-dor-sinvite-au-majestic-de-remiremont\/#article","isPartOf":{"@id":"https:\/\/vosgesinfo.fr\/remiremontinfo\/2025\/04\/la-legendaire-chouette-dor-sinvite-au-majestic-de-remiremont\/"},"author":{"name":"C.M","@id":"https:\/\/vosgesinfo.fr\/remiremontinfo\/#\/schema\/person\/4f38cd3068e342935b7304695c797d08"},"headline":"La l\u00e9gendaire Chouette d\u2019or s\u2019invite au Majestic de Remiremont","datePublished":"2025-04-23T10:30:41+00:00","dateModified":"2025-04-23T09:27:51+00:00","mainEntityOfPage":{"@id":"https:\/\/vosgesinfo.fr\/remiremontinfo\/2025\/04\/la-legendaire-chouette-dor-sinvite-au-majestic-de-remiremont\/"},"wordCount":306,"commentCount":0,"publisher":{"@id":"https:\/\/vosgesinfo.fr\/remiremontinfo\/#organization"},"image":{"@id":"https:\/\/vosgesinfo.fr\/remiremontinfo\/2025\/04\/la-legendaire-chouette-dor-sinvite-au-majestic-de-remiremont\/#primaryimage"},"thumbnailUrl":"https:\/\/vosgesinfo.fr\/app\/uploads\/sites\/5\/2025\/04\/chouette-d-or-.jpg","keywords":["Chouette d'Or","cin\u00e9ma majestic remiremont","Sur la trace de la Chouette d'Or"],"articleSection":["A la Une","Agenda","cin\u00e9ma","Ev\u00e8nements","Remiremont","Vosges"],"inLanguage":"fr-FR","potentialAction":[{"@type":"CommentAction","name":"Comment","target":["https:\/\/vosgesinfo.fr\/remiremontinfo\/2025\/04\/la-legendaire-chouette-dor-sinvite-au-majestic-de-remiremont\/#respond"]}]},{"@type":"WebPage","@id":"https:\/\/vosgesinfo.fr\/remiremontinfo\/2025\/04\/la-legendaire-chouette-dor-sinvite-au-majestic-de-remiremont\/","url":"https:\/\/vosgesinfo.fr\/remiremontinfo\/2025\/04\/la-legendaire-chouette-dor-sinvite-au-majestic-de-remiremont\/","name":"La l\u00e9gendaire Chouette d\u2019or s\u2019invite au Majestic de Remiremont - Remiremont Info","isPartOf":{"@id":"https:\/\/vosgesinfo.fr\/remiremontinfo\/#website"},"primaryImageOfPage":{"@id":"https:\/\/vosgesinfo.fr\/remiremontinfo\/2025\/04\/la-legendaire-chouette-dor-sinvite-au-majestic-de-remiremont\/#primaryimage"},"image":{"@id":"https:\/\/vosgesinfo.fr\/remiremontinfo\/2025\/04\/la-legendaire-chouette-dor-sinvite-au-majestic-de-remiremont\/#primaryimage"},"thumbnailUrl":"https:\/\/vosgesinfo.fr\/app\/uploads\/sites\/5\/2025\/04\/chouette-d-or-.jpg","datePublished":"2025-04-23T10:30:41+00:00","dateModified":"2025-04-23T09:27:51+00:00","breadcrumb":{"@id":"https:\/\/vosgesinfo.fr\/remiremontinfo\/2025\/04\/la-legendaire-chouette-dor-sinvite-au-majestic-de-remiremont\/#breadcrumb"},"inLanguage":"fr-FR","potentialAction":[{"@type":"ReadAction","target":["https:\/\/vosgesinfo.fr\/remiremontinfo\/2025\/04\/la-legendaire-chouette-dor-sinvite-au-majestic-de-remiremont\/"]}]},{"@type":"ImageObject","inLanguage":"fr-FR","@id":"https:\/\/vosgesinfo.fr\/remiremontinfo\/2025\/04\/la-legendaire-chouette-dor-sinvite-au-majestic-de-remiremont\/#primaryimage","url":"https:\/\/vosgesinfo.fr\/app\/uploads\/sites\/5\/2025\/04\/chouette-d-or-.jpg","contentUrl":"https:\/\/vosgesinfo.fr\/app\/uploads\/sites\/5\/2025\/04\/chouette-d-or-.jpg","width":1772,"height":1370},{"@type":"BreadcrumbList","@id":"https:\/\/vosgesinfo.fr\/remiremontinfo\/2025\/04\/la-legendaire-chouette-dor-sinvite-au-majestic-de-remiremont\/#breadcrumb","itemListElement":[{"@type":"ListItem","position":1,"name":"Home","item":"https:\/\/vosgesinfo.fr\/remiremontinfo\/"},{"@type":"ListItem","position":2,"name":"La l\u00e9gendaire Chouette d\u2019or s\u2019invite au Majestic de Remiremont"}]},{"@type":"WebSite","@id":"https:\/\/vosgesinfo.fr\/remiremontinfo\/#website","url":"https:\/\/vosgesinfo.fr\/remiremontinfo\/","name":"Remiremont Info","description":"Toute l&#039;actualit\u00e9 de Remiremont","publisher":{"@id":"https:\/\/vosgesinfo.fr\/remiremontinfo\/#organization"},"alternateName":"Toute l'actualit\u00e9 de Remiremont","potentialAction":[{"@type":"SearchAction","target":{"@type":"EntryPoint","urlTemplate":"https:\/\/vosgesinfo.fr\/remiremontinfo\/?s={search_term_string}"},"query-input":"required name=search_term_string"}],"inLanguage":"fr-FR"},{"@type":"Organization","@id":"https:\/\/vosgesinfo.fr\/remiremontinfo\/#organization","name":"Remiremont Info","url":"https:\/\/vosgesinfo.fr\/remiremontinfo\/","logo":{"@type":"ImageObject","inLanguage":"fr-FR","@id":"https:\/\/vosgesinfo.fr\/remiremontinfo\/#\/schema\/logo\/image\/","url":"https:\/\/vosgesinfo.fr\/app\/uploads\/sites\/5\/2023\/08\/favicon-remiremontinfo.png","contentUrl":"https:\/\/vosgesinfo.fr\/app\/uploads\/sites\/5\/2023\/08\/favicon-remiremontinfo.png","width":512,"height":512,"caption":"Remiremont Info"},"image":{"@id":"https:\/\/vosgesinfo.fr\/remiremontinfo\/#\/schema\/logo\/image\/"},"sameAs":["https:\/\/www.facebook.com\/remiremontinfo","https:\/\/x.com\/VosgesInfo88","https:\/\/www.youtube.com\/@vosgesinfo"]},{"@type":"Person","@id":"https:\/\/vosgesinfo.fr\/remiremontinfo\/#\/schema\/person\/4f38cd3068e342935b7304695c797d08","name":"C.M","image":{"@type":"ImageObject","inLanguage":"fr-FR","@id":"https:\/\/vosgesinfo.fr\/remiremontinfo\/#\/schema\/person\/image\/","url":"https:\/\/secure.gravatar.com\/avatar\/fe9daaef0164d920717484172682f3c5c9bcf7d42aa8c7048c76c34f0eb6c8da?s=96&d=mm&r=g","contentUrl":"https:\/\/secure.gravatar.com\/avatar\/fe9daaef0164d920717484172682f3c5c9bcf7d42aa8c7048c76c34f0eb6c8da?s=96&d=mm&r=g","caption":"C.M"},"url":"https:\/\/vosgesinfo.fr\/remiremontinfo\/author\/cm88200\/"}]}},"_links":{"self":[{"href":"https:\/\/vosgesinfo.fr\/remiremontinfo\/wp-json\/wp\/v2\/posts\/81119","targetHints":{"allow":["GET"]}}],"collection":[{"href":"https:\/\/vosgesinfo.fr\/remiremontinfo\/wp-json\/wp\/v2\/posts"}],"about":[{"href":"https:\/\/vosgesinfo.fr\/remiremontinfo\/wp-json\/wp\/v2\/types\/post"}],"author":[{"embeddable":true,"href":"https:\/\/vosgesinfo.fr\/remiremontinfo\/wp-json\/wp\/v2\/users\/418"}],"replies":[{"embeddable":true,"href":"https:\/\/vosgesinfo.fr\/remiremontinfo\/wp-json\/wp\/v2\/comments?post=81119"}],"version-history":[{"count":1,"href":"https:\/\/vosgesinfo.fr\/remiremontinfo\/wp-json\/wp\/v2\/posts\/81119\/revisions"}],"predecessor-version":[{"id":81122,"href":"https:\/\/vosgesinfo.fr\/remiremontinfo\/wp-json\/wp\/v2\/posts\/81119\/revisions\/81122"}],"wp:featuredmedia":[{"embeddable":true,"href":"https:\/\/vosgesinfo.fr\/remiremontinfo\/wp-json\/wp\/v2\/media\/81121"}],"wp:attachment":[{"href":"https:\/\/vosgesinfo.fr\/remiremontinfo\/wp-json\/wp\/v2\/media?parent=81119"}],"wp:term":[{"taxonomy":"category","embeddable":true,"href":"https:\/\/vosgesinfo.fr\/remiremontinfo\/wp-json\/wp\/v2\/categories?post=81119"},{"taxonomy":"post_tag","embeddable":true,"href":"https:\/\/vosgesinfo.fr\/remiremontinfo\/wp-json\/wp\/v2\/tags?post=81119"}],"curies":[{"name":"wp","href":"https:\/\/api.w.org\/{rel}","templated":true}]}}