{"id":81127,"date":"2025-04-23T16:00:55","date_gmt":"2025-04-23T14:00:55","guid":{"rendered":"https:\/\/vosgesinfo.fr\/remiremontinfo\/?p=81127"},"modified":"2025-04-23T14:25:11","modified_gmt":"2025-04-23T12:25:11","slug":"lorraine-culture-du-monde-presente-3eme-festival-voyages-entre-imaginaires-et-realite","status":"publish","type":"post","link":"https:\/\/vosgesinfo.fr\/remiremontinfo\/2025\/04\/lorraine-culture-du-monde-presente-3eme-festival-voyages-entre-imaginaires-et-realite\/","title":{"rendered":"Lorraine &#8211; Culture du monde pr\u00e9sente : 3\u00e8me festival Voyages entre imaginaires et r\u00e9alit\u00e9"},"content":{"rendered":"<p><strong>1\u00e8re Partie du 12 au 22 juin 2025<\/strong><br class=\"wixui-rich-text__text\" \/><strong>aux JARDINS DE BERNADETTE &#8211; Haut du T\u00f4t (Vosges)<\/strong><\/p>\n<p><a href=\"https:\/\/vosgesinfo.fr\/app\/uploads\/sites\/5\/2025\/04\/capture-decran-0007-04-04-a-14.03.26-copie.jpg\"><img decoding=\"async\" class=\"aligncenter size-full wp-image-81128\" src=\"https:\/\/vosgesinfo.fr\/app\/uploads\/sites\/5\/2025\/04\/capture-decran-0007-04-04-a-14.03.26-copie.jpg\" alt=\"\" width=\"2206\" height=\"1632\" srcset=\"https:\/\/vosgesinfo.fr\/app\/uploads\/sites\/5\/2025\/04\/capture-decran-0007-04-04-a-14.03.26-copie.jpg 2206w, https:\/\/vosgesinfo.fr\/app\/uploads\/sites\/5\/2025\/04\/capture-decran-0007-04-04-a-14.03.26-copie-300x222.jpg 300w, https:\/\/vosgesinfo.fr\/app\/uploads\/sites\/5\/2025\/04\/capture-decran-0007-04-04-a-14.03.26-copie-1024x758.jpg 1024w, https:\/\/vosgesinfo.fr\/app\/uploads\/sites\/5\/2025\/04\/capture-decran-0007-04-04-a-14.03.26-copie-768x568.jpg 768w, https:\/\/vosgesinfo.fr\/app\/uploads\/sites\/5\/2025\/04\/capture-decran-0007-04-04-a-14.03.26-copie-1536x1136.jpg 1536w, https:\/\/vosgesinfo.fr\/app\/uploads\/sites\/5\/2025\/04\/capture-decran-0007-04-04-a-14.03.26-copie-2048x1515.jpg 2048w\" sizes=\"(max-width: 2206px) 100vw, 2206px\" \/><\/a><\/p>\n<p>&nbsp;<\/p>\n<p><span style=\"font-family: tahoma, sans-serif;\">Il s\u2019est d\u2019abord fait conna\u00eetre sous le nom de <\/span><a href=\"https:\/\/www.lexpress.fr\/culture\/musique\/deux-raisons-d-aller-aux-nuits-de-l-alligator_961406.html\" target=\"_blank\" rel=\"noopener\">Youri Blow<\/a><span style=\"font-family: tahoma, sans-serif;\">\u00a0et revient aujourd\u2019hui \u00e0 son premier patronyme.\u00a0<\/span><a href=\"https:\/\/www.sunburnsout.com\/youri-de-france-chamane-le-souffle-du-loup-appel-du-sauvage\/\" target=\"_blank\" rel=\"noopener\">Youri Defrance<\/a><span style=\"font-family: tahoma, sans-serif;\">\u00a0est de Champagne (sa r\u00e9gion d\u2019origine), de Bretagne (celle d\u2019adoption) et d\u2019ailleurs.<\/span><\/p>\n<div>\n<div title=\"Page 1\">\n<p><span style=\"font-family: tahoma, sans-serif;\">Il est aussi un globe-trotteur qui a sillonn\u00e9 les steppes mongoles, les r\u00e9serves indiennes am\u00e9ricaines, les terres aborig\u00e8nes et les cit\u00e9s incas, doubl\u00e9 d\u2019un musicien mystique r\u00eavant au Delta blues et croyant aux esprits du vent, des arbres et des rivi\u00e8res. Il les convoque d\u2019une voix gutturale, tr\u00e8s grasse, flirte avec le chant diphonique (ce n\u2019est pas donn\u00e9 \u00e0 tout le monde), tout en ferraillant avec les cordes d\u00e9pouill\u00e9es des guitares, des guimbardes ou d\u2019une vi\u00e8le mongole : \u00e0 lui seul, il fusionne les \u00e9l\u00e9ments terrestres et spirituels des diff\u00e9rentes tribus rencontr\u00e9es au cours de sa vie.<\/span><\/p>\n<p><b>TELERAMA<\/b>\u00a0Magazine &#8211;\u00a0<i>Anne Berthod \u2013<\/i><\/p>\n<\/div>\n<\/div>\n<div>\n<table border=\"0\" width=\"100%\" cellspacing=\"0\" cellpadding=\"0\" align=\"center\">\n<tbody>\n<tr>\n<td align=\"left\"><b><span style=\"font-size: large;\"><a href=\"https:\/\/lcm5454.wixsite.com\/website\/festivals-voyages\" target=\"_blank\" rel=\"noopener\">PLUS D&rsquo;INFOS<\/a><\/span><\/b><\/td>\n<\/tr>\n<\/tbody>\n<\/table>\n<\/div>\n<p><a href=\"https:\/\/vosgesinfo.fr\/app\/uploads\/sites\/5\/2025\/04\/lap-8190-modifier-copie-scaled.jpg\"><img decoding=\"async\" class=\"aligncenter size-full wp-image-81129\" src=\"https:\/\/vosgesinfo.fr\/app\/uploads\/sites\/5\/2025\/04\/lap-8190-modifier-copie-scaled.jpg\" alt=\"\" width=\"1704\" height=\"2560\" srcset=\"https:\/\/vosgesinfo.fr\/app\/uploads\/sites\/5\/2025\/04\/lap-8190-modifier-copie-scaled.jpg 1704w, https:\/\/vosgesinfo.fr\/app\/uploads\/sites\/5\/2025\/04\/lap-8190-modifier-copie-200x300.jpg 200w, https:\/\/vosgesinfo.fr\/app\/uploads\/sites\/5\/2025\/04\/lap-8190-modifier-copie-682x1024.jpg 682w, https:\/\/vosgesinfo.fr\/app\/uploads\/sites\/5\/2025\/04\/lap-8190-modifier-copie-768x1154.jpg 768w, https:\/\/vosgesinfo.fr\/app\/uploads\/sites\/5\/2025\/04\/lap-8190-modifier-copie-1022x1536.jpg 1022w, https:\/\/vosgesinfo.fr\/app\/uploads\/sites\/5\/2025\/04\/lap-8190-modifier-copie-1363x2048.jpg 1363w\" sizes=\"(max-width: 1704px) 100vw, 1704px\" \/><\/a><\/p>\n","protected":false},"excerpt":{"rendered":"<p>1\u00e8re Partie du 12 au 22 juin 2025aux JARDINS DE BERNADETTE &#8211; Haut du T\u00f4t (Vosges) &nbsp; Il s\u2019est d\u2019abord [&hellip;]<\/p>\n","protected":false},"author":391,"featured_media":81128,"comment_status":"open","ping_status":"open","sticky":false,"template":"","format":"standard","meta":{"footnotes":""},"categories":[26,594,36,18],"tags":[7821,7820],"class_list":["post-81127","post","type-post","status-publish","format-standard","has-post-thumbnail","hentry","category-a-la-une","category-agenda","category-vagney","category-vosges","tag-festival-voyages-entre-imaginaires-et-realite","tag-lorraine-culture-du-monde"],"acf":[],"yoast_head":"<!-- This site is optimized with the Yoast SEO plugin v22.5 - https:\/\/yoast.com\/wordpress\/plugins\/seo\/ -->\n<title>Lorraine - Culture du monde pr\u00e9sente : 3\u00e8me festival Voyages entre imaginaires et r\u00e9alit\u00e9 - Remiremont Info<\/title>\n<meta name=\"robots\" content=\"index, follow, max-snippet:-1, max-image-preview:large, max-video-preview:-1\" \/>\n<link rel=\"canonical\" href=\"https:\/\/vosgesinfo.fr\/remiremontinfo\/2025\/04\/lorraine-culture-du-monde-presente-3eme-festival-voyages-entre-imaginaires-et-realite\/\" \/>\n<meta name=\"twitter:card\" content=\"summary_large_image\" \/>\n<meta name=\"twitter:title\" content=\"Lorraine - Culture du monde pr\u00e9sente : 3\u00e8me festival Voyages entre imaginaires et r\u00e9alit\u00e9 - Remiremont Info\" \/>\n<meta name=\"twitter:description\" content=\"1\u00e8re Partie du 12 au 22 juin 2025aux JARDINS DE BERNADETTE &#8211; Haut du T\u00f4t (Vosges) &nbsp; Il s\u2019est d\u2019abord [&hellip;]\" \/>\n<meta name=\"twitter:image\" content=\"https:\/\/vosgesinfo.fr\/app\/uploads\/sites\/5\/2025\/04\/capture-decran-0007-04-04-a-14.03.26-copie.jpg\" \/>\n<meta name=\"twitter:creator\" content=\"@VosgesInfo88\" \/>\n<meta name=\"twitter:site\" content=\"@VosgesInfo88\" \/>\n<meta name=\"twitter:label1\" content=\"\u00c9crit par\" \/>\n\t<meta name=\"twitter:data1\" content=\"La redaction\" \/>\n\t<meta name=\"twitter:label2\" content=\"Dur\u00e9e de lecture estim\u00e9e\" \/>\n\t<meta name=\"twitter:data2\" content=\"1 minute\" \/>\n<script type=\"application\/ld+json\" class=\"yoast-schema-graph\">{\"@context\":\"https:\/\/schema.org\",\"@graph\":[{\"@type\":\"Article\",\"@id\":\"https:\/\/vosgesinfo.fr\/remiremontinfo\/2025\/04\/lorraine-culture-du-monde-presente-3eme-festival-voyages-entre-imaginaires-et-realite\/#article\",\"isPartOf\":{\"@id\":\"https:\/\/vosgesinfo.fr\/remiremontinfo\/2025\/04\/lorraine-culture-du-monde-presente-3eme-festival-voyages-entre-imaginaires-et-realite\/\"},\"author\":{\"name\":\"La redaction\",\"@id\":\"https:\/\/vosgesinfo.fr\/remiremontinfo\/#\/schema\/person\/27a3695b06db98895b354c0765cdfc31\"},\"headline\":\"Lorraine &#8211; Culture du monde pr\u00e9sente : 3\u00e8me festival Voyages entre imaginaires et r\u00e9alit\u00e9\",\"datePublished\":\"2025-04-23T14:00:55+00:00\",\"dateModified\":\"2025-04-23T12:25:11+00:00\",\"mainEntityOfPage\":{\"@id\":\"https:\/\/vosgesinfo.fr\/remiremontinfo\/2025\/04\/lorraine-culture-du-monde-presente-3eme-festival-voyages-entre-imaginaires-et-realite\/\"},\"wordCount\":189,\"commentCount\":0,\"publisher\":{\"@id\":\"https:\/\/vosgesinfo.fr\/remiremontinfo\/#organization\"},\"image\":{\"@id\":\"https:\/\/vosgesinfo.fr\/remiremontinfo\/2025\/04\/lorraine-culture-du-monde-presente-3eme-festival-voyages-entre-imaginaires-et-realite\/#primaryimage\"},\"thumbnailUrl\":\"https:\/\/vosgesinfo.fr\/app\/uploads\/sites\/5\/2025\/04\/capture-decran-0007-04-04-a-14.03.26-copie.jpg\",\"keywords\":[\"Festival Voyages entre imaginaires et r\u00e9alit\u00e9\",\"Lorraine Culture du monde\"],\"articleSection\":[\"A la Une\",\"Agenda\",\"Vagney\",\"Vosges\"],\"inLanguage\":\"fr-FR\",\"potentialAction\":[{\"@type\":\"CommentAction\",\"name\":\"Comment\",\"target\":[\"https:\/\/vosgesinfo.fr\/remiremontinfo\/2025\/04\/lorraine-culture-du-monde-presente-3eme-festival-voyages-entre-imaginaires-et-realite\/#respond\"]}]},{\"@type\":\"WebPage\",\"@id\":\"https:\/\/vosgesinfo.fr\/remiremontinfo\/2025\/04\/lorraine-culture-du-monde-presente-3eme-festival-voyages-entre-imaginaires-et-realite\/\",\"url\":\"https:\/\/vosgesinfo.fr\/remiremontinfo\/2025\/04\/lorraine-culture-du-monde-presente-3eme-festival-voyages-entre-imaginaires-et-realite\/\",\"name\":\"Lorraine - Culture du monde pr\u00e9sente : 3\u00e8me festival Voyages entre imaginaires et r\u00e9alit\u00e9 - Remiremont Info\",\"isPartOf\":{\"@id\":\"https:\/\/vosgesinfo.fr\/remiremontinfo\/#website\"},\"primaryImageOfPage\":{\"@id\":\"https:\/\/vosgesinfo.fr\/remiremontinfo\/2025\/04\/lorraine-culture-du-monde-presente-3eme-festival-voyages-entre-imaginaires-et-realite\/#primaryimage\"},\"image\":{\"@id\":\"https:\/\/vosgesinfo.fr\/remiremontinfo\/2025\/04\/lorraine-culture-du-monde-presente-3eme-festival-voyages-entre-imaginaires-et-realite\/#primaryimage\"},\"thumbnailUrl\":\"https:\/\/vosgesinfo.fr\/app\/uploads\/sites\/5\/2025\/04\/capture-decran-0007-04-04-a-14.03.26-copie.jpg\",\"datePublished\":\"2025-04-23T14:00:55+00:00\",\"dateModified\":\"2025-04-23T12:25:11+00:00\",\"breadcrumb\":{\"@id\":\"https:\/\/vosgesinfo.fr\/remiremontinfo\/2025\/04\/lorraine-culture-du-monde-presente-3eme-festival-voyages-entre-imaginaires-et-realite\/#breadcrumb\"},\"inLanguage\":\"fr-FR\",\"potentialAction\":[{\"@type\":\"ReadAction\",\"target\":[\"https:\/\/vosgesinfo.fr\/remiremontinfo\/2025\/04\/lorraine-culture-du-monde-presente-3eme-festival-voyages-entre-imaginaires-et-realite\/\"]}]},{\"@type\":\"ImageObject\",\"inLanguage\":\"fr-FR\",\"@id\":\"https:\/\/vosgesinfo.fr\/remiremontinfo\/2025\/04\/lorraine-culture-du-monde-presente-3eme-festival-voyages-entre-imaginaires-et-realite\/#primaryimage\",\"url\":\"https:\/\/vosgesinfo.fr\/app\/uploads\/sites\/5\/2025\/04\/capture-decran-0007-04-04-a-14.03.26-copie.jpg\",\"contentUrl\":\"https:\/\/vosgesinfo.fr\/app\/uploads\/sites\/5\/2025\/04\/capture-decran-0007-04-04-a-14.03.26-copie.jpg\",\"width\":2206,\"height\":1632},{\"@type\":\"BreadcrumbList\",\"@id\":\"https:\/\/vosgesinfo.fr\/remiremontinfo\/2025\/04\/lorraine-culture-du-monde-presente-3eme-festival-voyages-entre-imaginaires-et-realite\/#breadcrumb\",\"itemListElement\":[{\"@type\":\"ListItem\",\"position\":1,\"name\":\"Home\",\"item\":\"https:\/\/vosgesinfo.fr\/remiremontinfo\/\"},{\"@type\":\"ListItem\",\"position\":2,\"name\":\"Lorraine &#8211; Culture du monde pr\u00e9sente : 3\u00e8me festival Voyages entre imaginaires et r\u00e9alit\u00e9\"}]},{\"@type\":\"WebSite\",\"@id\":\"https:\/\/vosgesinfo.fr\/remiremontinfo\/#website\",\"url\":\"https:\/\/vosgesinfo.fr\/remiremontinfo\/\",\"name\":\"Remiremont Info\",\"description\":\"Toute l&#039;actualit\u00e9 de Remiremont\",\"publisher\":{\"@id\":\"https:\/\/vosgesinfo.fr\/remiremontinfo\/#organization\"},\"alternateName\":\"Toute l'actualit\u00e9 de Remiremont\",\"potentialAction\":[{\"@type\":\"SearchAction\",\"target\":{\"@type\":\"EntryPoint\",\"urlTemplate\":\"https:\/\/vosgesinfo.fr\/remiremontinfo\/?s={search_term_string}\"},\"query-input\":\"required name=search_term_string\"}],\"inLanguage\":\"fr-FR\"},{\"@type\":\"Organization\",\"@id\":\"https:\/\/vosgesinfo.fr\/remiremontinfo\/#organization\",\"name\":\"Remiremont Info\",\"url\":\"https:\/\/vosgesinfo.fr\/remiremontinfo\/\",\"logo\":{\"@type\":\"ImageObject\",\"inLanguage\":\"fr-FR\",\"@id\":\"https:\/\/vosgesinfo.fr\/remiremontinfo\/#\/schema\/logo\/image\/\",\"url\":\"https:\/\/vosgesinfo.fr\/app\/uploads\/sites\/5\/2023\/08\/favicon-remiremontinfo.png\",\"contentUrl\":\"https:\/\/vosgesinfo.fr\/app\/uploads\/sites\/5\/2023\/08\/favicon-remiremontinfo.png\",\"width\":512,\"height\":512,\"caption\":\"Remiremont Info\"},\"image\":{\"@id\":\"https:\/\/vosgesinfo.fr\/remiremontinfo\/#\/schema\/logo\/image\/\"},\"sameAs\":[\"https:\/\/www.facebook.com\/remiremontinfo\",\"https:\/\/x.com\/VosgesInfo88\",\"https:\/\/www.youtube.com\/@vosgesinfo\"]},{\"@type\":\"Person\",\"@id\":\"https:\/\/vosgesinfo.fr\/remiremontinfo\/#\/schema\/person\/27a3695b06db98895b354c0765cdfc31\",\"name\":\"La redaction\",\"image\":{\"@type\":\"ImageObject\",\"inLanguage\":\"fr-FR\",\"@id\":\"https:\/\/vosgesinfo.fr\/remiremontinfo\/#\/schema\/person\/image\/\",\"url\":\"https:\/\/secure.gravatar.com\/avatar\/64c76a78e501cedee55736f43f332df901e1896ae9cd8fad269ae2236dd0e8b6?s=96&d=mm&r=g\",\"contentUrl\":\"https:\/\/secure.gravatar.com\/avatar\/64c76a78e501cedee55736f43f332df901e1896ae9cd8fad269ae2236dd0e8b6?s=96&d=mm&r=g\",\"caption\":\"La redaction\"},\"url\":\"https:\/\/vosgesinfo.fr\/remiremontinfo\/author\/la-redaction\/\"}]}<\/script>\n<!-- \/ Yoast SEO plugin. -->","yoast_head_json":{"title":"Lorraine - Culture du monde pr\u00e9sente : 3\u00e8me festival Voyages entre imaginaires et r\u00e9alit\u00e9 - Remiremont Info","robots":{"index":"index","follow":"follow","max-snippet":"max-snippet:-1","max-image-preview":"max-image-preview:large","max-video-preview":"max-video-preview:-1"},"canonical":"https:\/\/vosgesinfo.fr\/remiremontinfo\/2025\/04\/lorraine-culture-du-monde-presente-3eme-festival-voyages-entre-imaginaires-et-realite\/","twitter_card":"summary_large_image","twitter_title":"Lorraine - Culture du monde pr\u00e9sente : 3\u00e8me festival Voyages entre imaginaires et r\u00e9alit\u00e9 - Remiremont Info","twitter_description":"1\u00e8re Partie du 12 au 22 juin 2025aux JARDINS DE BERNADETTE &#8211; Haut du T\u00f4t (Vosges) &nbsp; Il s\u2019est d\u2019abord [&hellip;]","twitter_image":"https:\/\/vosgesinfo.fr\/app\/uploads\/sites\/5\/2025\/04\/capture-decran-0007-04-04-a-14.03.26-copie.jpg","twitter_creator":"@VosgesInfo88","twitter_site":"@VosgesInfo88","twitter_misc":{"\u00c9crit par":"La redaction","Dur\u00e9e de lecture estim\u00e9e":"1 minute"},"schema":{"@context":"https:\/\/schema.org","@graph":[{"@type":"Article","@id":"https:\/\/vosgesinfo.fr\/remiremontinfo\/2025\/04\/lorraine-culture-du-monde-presente-3eme-festival-voyages-entre-imaginaires-et-realite\/#article","isPartOf":{"@id":"https:\/\/vosgesinfo.fr\/remiremontinfo\/2025\/04\/lorraine-culture-du-monde-presente-3eme-festival-voyages-entre-imaginaires-et-realite\/"},"author":{"name":"La redaction","@id":"https:\/\/vosgesinfo.fr\/remiremontinfo\/#\/schema\/person\/27a3695b06db98895b354c0765cdfc31"},"headline":"Lorraine &#8211; Culture du monde pr\u00e9sente : 3\u00e8me festival Voyages entre imaginaires et r\u00e9alit\u00e9","datePublished":"2025-04-23T14:00:55+00:00","dateModified":"2025-04-23T12:25:11+00:00","mainEntityOfPage":{"@id":"https:\/\/vosgesinfo.fr\/remiremontinfo\/2025\/04\/lorraine-culture-du-monde-presente-3eme-festival-voyages-entre-imaginaires-et-realite\/"},"wordCount":189,"commentCount":0,"publisher":{"@id":"https:\/\/vosgesinfo.fr\/remiremontinfo\/#organization"},"image":{"@id":"https:\/\/vosgesinfo.fr\/remiremontinfo\/2025\/04\/lorraine-culture-du-monde-presente-3eme-festival-voyages-entre-imaginaires-et-realite\/#primaryimage"},"thumbnailUrl":"https:\/\/vosgesinfo.fr\/app\/uploads\/sites\/5\/2025\/04\/capture-decran-0007-04-04-a-14.03.26-copie.jpg","keywords":["Festival Voyages entre imaginaires et r\u00e9alit\u00e9","Lorraine Culture du monde"],"articleSection":["A la Une","Agenda","Vagney","Vosges"],"inLanguage":"fr-FR","potentialAction":[{"@type":"CommentAction","name":"Comment","target":["https:\/\/vosgesinfo.fr\/remiremontinfo\/2025\/04\/lorraine-culture-du-monde-presente-3eme-festival-voyages-entre-imaginaires-et-realite\/#respond"]}]},{"@type":"WebPage","@id":"https:\/\/vosgesinfo.fr\/remiremontinfo\/2025\/04\/lorraine-culture-du-monde-presente-3eme-festival-voyages-entre-imaginaires-et-realite\/","url":"https:\/\/vosgesinfo.fr\/remiremontinfo\/2025\/04\/lorraine-culture-du-monde-presente-3eme-festival-voyages-entre-imaginaires-et-realite\/","name":"Lorraine - Culture du monde pr\u00e9sente : 3\u00e8me festival Voyages entre imaginaires et r\u00e9alit\u00e9 - Remiremont Info","isPartOf":{"@id":"https:\/\/vosgesinfo.fr\/remiremontinfo\/#website"},"primaryImageOfPage":{"@id":"https:\/\/vosgesinfo.fr\/remiremontinfo\/2025\/04\/lorraine-culture-du-monde-presente-3eme-festival-voyages-entre-imaginaires-et-realite\/#primaryimage"},"image":{"@id":"https:\/\/vosgesinfo.fr\/remiremontinfo\/2025\/04\/lorraine-culture-du-monde-presente-3eme-festival-voyages-entre-imaginaires-et-realite\/#primaryimage"},"thumbnailUrl":"https:\/\/vosgesinfo.fr\/app\/uploads\/sites\/5\/2025\/04\/capture-decran-0007-04-04-a-14.03.26-copie.jpg","datePublished":"2025-04-23T14:00:55+00:00","dateModified":"2025-04-23T12:25:11+00:00","breadcrumb":{"@id":"https:\/\/vosgesinfo.fr\/remiremontinfo\/2025\/04\/lorraine-culture-du-monde-presente-3eme-festival-voyages-entre-imaginaires-et-realite\/#breadcrumb"},"inLanguage":"fr-FR","potentialAction":[{"@type":"ReadAction","target":["https:\/\/vosgesinfo.fr\/remiremontinfo\/2025\/04\/lorraine-culture-du-monde-presente-3eme-festival-voyages-entre-imaginaires-et-realite\/"]}]},{"@type":"ImageObject","inLanguage":"fr-FR","@id":"https:\/\/vosgesinfo.fr\/remiremontinfo\/2025\/04\/lorraine-culture-du-monde-presente-3eme-festival-voyages-entre-imaginaires-et-realite\/#primaryimage","url":"https:\/\/vosgesinfo.fr\/app\/uploads\/sites\/5\/2025\/04\/capture-decran-0007-04-04-a-14.03.26-copie.jpg","contentUrl":"https:\/\/vosgesinfo.fr\/app\/uploads\/sites\/5\/2025\/04\/capture-decran-0007-04-04-a-14.03.26-copie.jpg","width":2206,"height":1632},{"@type":"BreadcrumbList","@id":"https:\/\/vosgesinfo.fr\/remiremontinfo\/2025\/04\/lorraine-culture-du-monde-presente-3eme-festival-voyages-entre-imaginaires-et-realite\/#breadcrumb","itemListElement":[{"@type":"ListItem","position":1,"name":"Home","item":"https:\/\/vosgesinfo.fr\/remiremontinfo\/"},{"@type":"ListItem","position":2,"name":"Lorraine &#8211; Culture du monde pr\u00e9sente : 3\u00e8me festival Voyages entre imaginaires et r\u00e9alit\u00e9"}]},{"@type":"WebSite","@id":"https:\/\/vosgesinfo.fr\/remiremontinfo\/#website","url":"https:\/\/vosgesinfo.fr\/remiremontinfo\/","name":"Remiremont Info","description":"Toute l&#039;actualit\u00e9 de Remiremont","publisher":{"@id":"https:\/\/vosgesinfo.fr\/remiremontinfo\/#organization"},"alternateName":"Toute l'actualit\u00e9 de Remiremont","potentialAction":[{"@type":"SearchAction","target":{"@type":"EntryPoint","urlTemplate":"https:\/\/vosgesinfo.fr\/remiremontinfo\/?s={search_term_string}"},"query-input":"required name=search_term_string"}],"inLanguage":"fr-FR"},{"@type":"Organization","@id":"https:\/\/vosgesinfo.fr\/remiremontinfo\/#organization","name":"Remiremont Info","url":"https:\/\/vosgesinfo.fr\/remiremontinfo\/","logo":{"@type":"ImageObject","inLanguage":"fr-FR","@id":"https:\/\/vosgesinfo.fr\/remiremontinfo\/#\/schema\/logo\/image\/","url":"https:\/\/vosgesinfo.fr\/app\/uploads\/sites\/5\/2023\/08\/favicon-remiremontinfo.png","contentUrl":"https:\/\/vosgesinfo.fr\/app\/uploads\/sites\/5\/2023\/08\/favicon-remiremontinfo.png","width":512,"height":512,"caption":"Remiremont Info"},"image":{"@id":"https:\/\/vosgesinfo.fr\/remiremontinfo\/#\/schema\/logo\/image\/"},"sameAs":["https:\/\/www.facebook.com\/remiremontinfo","https:\/\/x.com\/VosgesInfo88","https:\/\/www.youtube.com\/@vosgesinfo"]},{"@type":"Person","@id":"https:\/\/vosgesinfo.fr\/remiremontinfo\/#\/schema\/person\/27a3695b06db98895b354c0765cdfc31","name":"La redaction","image":{"@type":"ImageObject","inLanguage":"fr-FR","@id":"https:\/\/vosgesinfo.fr\/remiremontinfo\/#\/schema\/person\/image\/","url":"https:\/\/secure.gravatar.com\/avatar\/64c76a78e501cedee55736f43f332df901e1896ae9cd8fad269ae2236dd0e8b6?s=96&d=mm&r=g","contentUrl":"https:\/\/secure.gravatar.com\/avatar\/64c76a78e501cedee55736f43f332df901e1896ae9cd8fad269ae2236dd0e8b6?s=96&d=mm&r=g","caption":"La redaction"},"url":"https:\/\/vosgesinfo.fr\/remiremontinfo\/author\/la-redaction\/"}]}},"_links":{"self":[{"href":"https:\/\/vosgesinfo.fr\/remiremontinfo\/wp-json\/wp\/v2\/posts\/81127","targetHints":{"allow":["GET"]}}],"collection":[{"href":"https:\/\/vosgesinfo.fr\/remiremontinfo\/wp-json\/wp\/v2\/posts"}],"about":[{"href":"https:\/\/vosgesinfo.fr\/remiremontinfo\/wp-json\/wp\/v2\/types\/post"}],"author":[{"embeddable":true,"href":"https:\/\/vosgesinfo.fr\/remiremontinfo\/wp-json\/wp\/v2\/users\/391"}],"replies":[{"embeddable":true,"href":"https:\/\/vosgesinfo.fr\/remiremontinfo\/wp-json\/wp\/v2\/comments?post=81127"}],"version-history":[{"count":1,"href":"https:\/\/vosgesinfo.fr\/remiremontinfo\/wp-json\/wp\/v2\/posts\/81127\/revisions"}],"predecessor-version":[{"id":81130,"href":"https:\/\/vosgesinfo.fr\/remiremontinfo\/wp-json\/wp\/v2\/posts\/81127\/revisions\/81130"}],"wp:featuredmedia":[{"embeddable":true,"href":"https:\/\/vosgesinfo.fr\/remiremontinfo\/wp-json\/wp\/v2\/media\/81128"}],"wp:attachment":[{"href":"https:\/\/vosgesinfo.fr\/remiremontinfo\/wp-json\/wp\/v2\/media?parent=81127"}],"wp:term":[{"taxonomy":"category","embeddable":true,"href":"https:\/\/vosgesinfo.fr\/remiremontinfo\/wp-json\/wp\/v2\/categories?post=81127"},{"taxonomy":"post_tag","embeddable":true,"href":"https:\/\/vosgesinfo.fr\/remiremontinfo\/wp-json\/wp\/v2\/tags?post=81127"}],"curies":[{"name":"wp","href":"https:\/\/api.w.org\/{rel}","templated":true}]}}