{"id":81134,"date":"2025-04-25T05:58:55","date_gmt":"2025-04-25T03:58:55","guid":{"rendered":"https:\/\/vosgesinfo.fr\/remiremontinfo\/?p=81134"},"modified":"2025-04-25T05:58:55","modified_gmt":"2025-04-25T03:58:55","slug":"cine-debat-la-foret-et-le-changement-climatique-a-la-mcl-de-gerardmer","status":"publish","type":"post","link":"https:\/\/vosgesinfo.fr\/remiremontinfo\/2025\/04\/cine-debat-la-foret-et-le-changement-climatique-a-la-mcl-de-gerardmer\/","title":{"rendered":"Cin\u00e9-d\u00e9bat : la for\u00eat et le changement climatique \u00e0 la MCL de G\u00e9rardmer"},"content":{"rendered":"<h3><span data-olk-copy-source=\"MessageBody\">Le Pays de la D\u00e9odatie et la Communaut\u00e9 de Communes de G\u00e9rardmer-Hautes-Vosges vous invitent \u00e0 un cin\u00e9-d\u00e9bat le <b>mardi 29 avril \u00e0 20h00 \u00e0 la MCL de G\u00e9rardmer.<\/b><\/span><\/h3>\n<p>&nbsp;<\/p>\n<p><a href=\"https:\/\/vosgesinfo.fr\/app\/uploads\/sites\/6\/2025\/04\/utf-8affiche-de-communication-page-000111-scaled.jpg\"><img decoding=\"async\" class=\"alignright size-medium wp-image-77194\" src=\"https:\/\/vosgesinfo.fr\/app\/uploads\/sites\/6\/2025\/04\/utf-8affiche-de-communication-page-000111-212x300.jpg\" alt=\"\" width=\"212\" height=\"300\" \/><\/a>Venez assister \u00e0 la projection de mini-films documentaires sur la for\u00eat et le changement climatique, suivis de discussions entre experts du milieu forestier.<\/p>\n<p>Professionnels, chercheurs et acteurs du milieu partageront leurs connaissances sur l\u2019\u00e9volution du massif vosgien, les d\u00e9fis \u00e0 relever et les solutions mises en \u0153uvre pour pr\u00e9server ces \u00e9cosyst\u00e8mes face aux bouleversements climatiques.<\/p>\n<p>&nbsp;<\/p>\n<h4>En pr\u00e9sence de\u00a0:<\/h4>\n<ul>\n<li>Jacques Bernhard, responsable du secteur de G\u00e9rardmer pour l\u2019Office National des For\u00eats<\/li>\n<li>Cyril Vitu, directeur adjoint au Centre National de la Propri\u00e9t\u00e9 Foresti\u00e8re Grand Est et r\u00e9f\u00e9rent technique sur les questions d\u2019adaptation aux \u00e9volutions climatiques<\/li>\n<li>Maxence Arnould, enseignant chercheur \u00e0 AgroParisTech Nancy<\/li>\n<li>Nicolas Bilot, charg\u00e9 de valorisation des services rendus par les arbres pour le collectif Des Hommes et Des Arbres<\/li>\n<\/ul>\n","protected":false},"excerpt":{"rendered":"<p>Le Pays de la D\u00e9odatie et la Communaut\u00e9 de Communes de G\u00e9rardmer-Hautes-Vosges vous invitent \u00e0 un cin\u00e9-d\u00e9bat le mardi 29 [&hellip;]<\/p>\n","protected":false},"author":391,"featured_media":81135,"comment_status":"open","ping_status":"open","sticky":false,"template":"","format":"standard","meta":{"footnotes":""},"categories":[26,7,62,43,362],"tags":[1102,3777],"class_list":["post-81134","post","type-post","status-publish","format-standard","has-post-thumbnail","hentry","category-a-la-une","category-environnement","category-gerardmer","category-remiremont-remiremont-son-canton","category-saint-die","tag-ccghv","tag-changement-climatique"],"acf":[],"yoast_head":"<!-- This site is optimized with the Yoast SEO plugin v22.5 - https:\/\/yoast.com\/wordpress\/plugins\/seo\/ -->\n<title>Cin\u00e9-d\u00e9bat : la for\u00eat et le changement climatique \u00e0 la MCL de G\u00e9rardmer - Remiremont Info<\/title>\n<meta name=\"robots\" content=\"index, follow, max-snippet:-1, max-image-preview:large, max-video-preview:-1\" \/>\n<link rel=\"canonical\" href=\"https:\/\/vosgesinfo.fr\/remiremontinfo\/2025\/04\/cine-debat-la-foret-et-le-changement-climatique-a-la-mcl-de-gerardmer\/\" \/>\n<meta name=\"twitter:card\" content=\"summary_large_image\" \/>\n<meta name=\"twitter:title\" content=\"Cin\u00e9-d\u00e9bat : la for\u00eat et le changement climatique \u00e0 la MCL de G\u00e9rardmer - Remiremont Info\" \/>\n<meta name=\"twitter:description\" content=\"Le Pays de la D\u00e9odatie et la Communaut\u00e9 de Communes de G\u00e9rardmer-Hautes-Vosges vous invitent \u00e0 un cin\u00e9-d\u00e9bat le mardi 29 [&hellip;]\" \/>\n<meta name=\"twitter:image\" content=\"https:\/\/vosgesinfo.fr\/app\/uploads\/sites\/5\/2025\/04\/utf-8affiche-de-communication-page-000111-scaled-1.jpg\" \/>\n<meta name=\"twitter:creator\" content=\"@VosgesInfo88\" \/>\n<meta name=\"twitter:site\" content=\"@VosgesInfo88\" \/>\n<meta name=\"twitter:label1\" content=\"\u00c9crit par\" \/>\n\t<meta name=\"twitter:data1\" content=\"La redaction\" \/>\n\t<meta name=\"twitter:label2\" content=\"Dur\u00e9e de lecture estim\u00e9e\" \/>\n\t<meta name=\"twitter:data2\" content=\"1 minute\" \/>\n<script type=\"application\/ld+json\" class=\"yoast-schema-graph\">{\"@context\":\"https:\/\/schema.org\",\"@graph\":[{\"@type\":\"Article\",\"@id\":\"https:\/\/vosgesinfo.fr\/remiremontinfo\/2025\/04\/cine-debat-la-foret-et-le-changement-climatique-a-la-mcl-de-gerardmer\/#article\",\"isPartOf\":{\"@id\":\"https:\/\/vosgesinfo.fr\/remiremontinfo\/2025\/04\/cine-debat-la-foret-et-le-changement-climatique-a-la-mcl-de-gerardmer\/\"},\"author\":{\"name\":\"La redaction\",\"@id\":\"https:\/\/vosgesinfo.fr\/remiremontinfo\/#\/schema\/person\/27a3695b06db98895b354c0765cdfc31\"},\"headline\":\"Cin\u00e9-d\u00e9bat : la for\u00eat et le changement climatique \u00e0 la MCL de G\u00e9rardmer\",\"datePublished\":\"2025-04-25T03:58:55+00:00\",\"dateModified\":\"2025-04-25T03:58:55+00:00\",\"mainEntityOfPage\":{\"@id\":\"https:\/\/vosgesinfo.fr\/remiremontinfo\/2025\/04\/cine-debat-la-foret-et-le-changement-climatique-a-la-mcl-de-gerardmer\/\"},\"wordCount\":176,\"commentCount\":0,\"publisher\":{\"@id\":\"https:\/\/vosgesinfo.fr\/remiremontinfo\/#organization\"},\"image\":{\"@id\":\"https:\/\/vosgesinfo.fr\/remiremontinfo\/2025\/04\/cine-debat-la-foret-et-le-changement-climatique-a-la-mcl-de-gerardmer\/#primaryimage\"},\"thumbnailUrl\":\"https:\/\/vosgesinfo.fr\/app\/uploads\/sites\/5\/2025\/04\/utf-8affiche-de-communication-page-000111-scaled-1.jpg\",\"keywords\":[\"CCGHV\",\"changement climatique\"],\"articleSection\":[\"A la Une\",\"Environnement\",\"G\u00e9rardmer\",\"Remiremont\",\"Saint-di\u00e9\"],\"inLanguage\":\"fr-FR\",\"potentialAction\":[{\"@type\":\"CommentAction\",\"name\":\"Comment\",\"target\":[\"https:\/\/vosgesinfo.fr\/remiremontinfo\/2025\/04\/cine-debat-la-foret-et-le-changement-climatique-a-la-mcl-de-gerardmer\/#respond\"]}]},{\"@type\":\"WebPage\",\"@id\":\"https:\/\/vosgesinfo.fr\/remiremontinfo\/2025\/04\/cine-debat-la-foret-et-le-changement-climatique-a-la-mcl-de-gerardmer\/\",\"url\":\"https:\/\/vosgesinfo.fr\/remiremontinfo\/2025\/04\/cine-debat-la-foret-et-le-changement-climatique-a-la-mcl-de-gerardmer\/\",\"name\":\"Cin\u00e9-d\u00e9bat : la for\u00eat et le changement climatique \u00e0 la MCL de G\u00e9rardmer - Remiremont Info\",\"isPartOf\":{\"@id\":\"https:\/\/vosgesinfo.fr\/remiremontinfo\/#website\"},\"primaryImageOfPage\":{\"@id\":\"https:\/\/vosgesinfo.fr\/remiremontinfo\/2025\/04\/cine-debat-la-foret-et-le-changement-climatique-a-la-mcl-de-gerardmer\/#primaryimage\"},\"image\":{\"@id\":\"https:\/\/vosgesinfo.fr\/remiremontinfo\/2025\/04\/cine-debat-la-foret-et-le-changement-climatique-a-la-mcl-de-gerardmer\/#primaryimage\"},\"thumbnailUrl\":\"https:\/\/vosgesinfo.fr\/app\/uploads\/sites\/5\/2025\/04\/utf-8affiche-de-communication-page-000111-scaled-1.jpg\",\"datePublished\":\"2025-04-25T03:58:55+00:00\",\"dateModified\":\"2025-04-25T03:58:55+00:00\",\"breadcrumb\":{\"@id\":\"https:\/\/vosgesinfo.fr\/remiremontinfo\/2025\/04\/cine-debat-la-foret-et-le-changement-climatique-a-la-mcl-de-gerardmer\/#breadcrumb\"},\"inLanguage\":\"fr-FR\",\"potentialAction\":[{\"@type\":\"ReadAction\",\"target\":[\"https:\/\/vosgesinfo.fr\/remiremontinfo\/2025\/04\/cine-debat-la-foret-et-le-changement-climatique-a-la-mcl-de-gerardmer\/\"]}]},{\"@type\":\"ImageObject\",\"inLanguage\":\"fr-FR\",\"@id\":\"https:\/\/vosgesinfo.fr\/remiremontinfo\/2025\/04\/cine-debat-la-foret-et-le-changement-climatique-a-la-mcl-de-gerardmer\/#primaryimage\",\"url\":\"https:\/\/vosgesinfo.fr\/app\/uploads\/sites\/5\/2025\/04\/utf-8affiche-de-communication-page-000111-scaled-1.jpg\",\"contentUrl\":\"https:\/\/vosgesinfo.fr\/app\/uploads\/sites\/5\/2025\/04\/utf-8affiche-de-communication-page-000111-scaled-1.jpg\",\"width\":1810,\"height\":2560},{\"@type\":\"BreadcrumbList\",\"@id\":\"https:\/\/vosgesinfo.fr\/remiremontinfo\/2025\/04\/cine-debat-la-foret-et-le-changement-climatique-a-la-mcl-de-gerardmer\/#breadcrumb\",\"itemListElement\":[{\"@type\":\"ListItem\",\"position\":1,\"name\":\"Home\",\"item\":\"https:\/\/vosgesinfo.fr\/remiremontinfo\/\"},{\"@type\":\"ListItem\",\"position\":2,\"name\":\"Cin\u00e9-d\u00e9bat : la for\u00eat et le changement climatique \u00e0 la MCL de G\u00e9rardmer\"}]},{\"@type\":\"WebSite\",\"@id\":\"https:\/\/vosgesinfo.fr\/remiremontinfo\/#website\",\"url\":\"https:\/\/vosgesinfo.fr\/remiremontinfo\/\",\"name\":\"Remiremont Info\",\"description\":\"Toute l&#039;actualit\u00e9 de Remiremont\",\"publisher\":{\"@id\":\"https:\/\/vosgesinfo.fr\/remiremontinfo\/#organization\"},\"alternateName\":\"Toute l'actualit\u00e9 de Remiremont\",\"potentialAction\":[{\"@type\":\"SearchAction\",\"target\":{\"@type\":\"EntryPoint\",\"urlTemplate\":\"https:\/\/vosgesinfo.fr\/remiremontinfo\/?s={search_term_string}\"},\"query-input\":\"required name=search_term_string\"}],\"inLanguage\":\"fr-FR\"},{\"@type\":\"Organization\",\"@id\":\"https:\/\/vosgesinfo.fr\/remiremontinfo\/#organization\",\"name\":\"Remiremont Info\",\"url\":\"https:\/\/vosgesinfo.fr\/remiremontinfo\/\",\"logo\":{\"@type\":\"ImageObject\",\"inLanguage\":\"fr-FR\",\"@id\":\"https:\/\/vosgesinfo.fr\/remiremontinfo\/#\/schema\/logo\/image\/\",\"url\":\"https:\/\/vosgesinfo.fr\/app\/uploads\/sites\/5\/2023\/08\/favicon-remiremontinfo.png\",\"contentUrl\":\"https:\/\/vosgesinfo.fr\/app\/uploads\/sites\/5\/2023\/08\/favicon-remiremontinfo.png\",\"width\":512,\"height\":512,\"caption\":\"Remiremont Info\"},\"image\":{\"@id\":\"https:\/\/vosgesinfo.fr\/remiremontinfo\/#\/schema\/logo\/image\/\"},\"sameAs\":[\"https:\/\/www.facebook.com\/remiremontinfo\",\"https:\/\/x.com\/VosgesInfo88\",\"https:\/\/www.youtube.com\/@vosgesinfo\"]},{\"@type\":\"Person\",\"@id\":\"https:\/\/vosgesinfo.fr\/remiremontinfo\/#\/schema\/person\/27a3695b06db98895b354c0765cdfc31\",\"name\":\"La redaction\",\"image\":{\"@type\":\"ImageObject\",\"inLanguage\":\"fr-FR\",\"@id\":\"https:\/\/vosgesinfo.fr\/remiremontinfo\/#\/schema\/person\/image\/\",\"url\":\"https:\/\/secure.gravatar.com\/avatar\/64c76a78e501cedee55736f43f332df901e1896ae9cd8fad269ae2236dd0e8b6?s=96&d=mm&r=g\",\"contentUrl\":\"https:\/\/secure.gravatar.com\/avatar\/64c76a78e501cedee55736f43f332df901e1896ae9cd8fad269ae2236dd0e8b6?s=96&d=mm&r=g\",\"caption\":\"La redaction\"},\"url\":\"https:\/\/vosgesinfo.fr\/remiremontinfo\/author\/la-redaction\/\"}]}<\/script>\n<!-- \/ Yoast SEO plugin. -->","yoast_head_json":{"title":"Cin\u00e9-d\u00e9bat : la for\u00eat et le changement climatique \u00e0 la MCL de G\u00e9rardmer - Remiremont Info","robots":{"index":"index","follow":"follow","max-snippet":"max-snippet:-1","max-image-preview":"max-image-preview:large","max-video-preview":"max-video-preview:-1"},"canonical":"https:\/\/vosgesinfo.fr\/remiremontinfo\/2025\/04\/cine-debat-la-foret-et-le-changement-climatique-a-la-mcl-de-gerardmer\/","twitter_card":"summary_large_image","twitter_title":"Cin\u00e9-d\u00e9bat : la for\u00eat et le changement climatique \u00e0 la MCL de G\u00e9rardmer - Remiremont Info","twitter_description":"Le Pays de la D\u00e9odatie et la Communaut\u00e9 de Communes de G\u00e9rardmer-Hautes-Vosges vous invitent \u00e0 un cin\u00e9-d\u00e9bat le mardi 29 [&hellip;]","twitter_image":"https:\/\/vosgesinfo.fr\/app\/uploads\/sites\/5\/2025\/04\/utf-8affiche-de-communication-page-000111-scaled-1.jpg","twitter_creator":"@VosgesInfo88","twitter_site":"@VosgesInfo88","twitter_misc":{"\u00c9crit par":"La redaction","Dur\u00e9e de lecture estim\u00e9e":"1 minute"},"schema":{"@context":"https:\/\/schema.org","@graph":[{"@type":"Article","@id":"https:\/\/vosgesinfo.fr\/remiremontinfo\/2025\/04\/cine-debat-la-foret-et-le-changement-climatique-a-la-mcl-de-gerardmer\/#article","isPartOf":{"@id":"https:\/\/vosgesinfo.fr\/remiremontinfo\/2025\/04\/cine-debat-la-foret-et-le-changement-climatique-a-la-mcl-de-gerardmer\/"},"author":{"name":"La redaction","@id":"https:\/\/vosgesinfo.fr\/remiremontinfo\/#\/schema\/person\/27a3695b06db98895b354c0765cdfc31"},"headline":"Cin\u00e9-d\u00e9bat : la for\u00eat et le changement climatique \u00e0 la MCL de G\u00e9rardmer","datePublished":"2025-04-25T03:58:55+00:00","dateModified":"2025-04-25T03:58:55+00:00","mainEntityOfPage":{"@id":"https:\/\/vosgesinfo.fr\/remiremontinfo\/2025\/04\/cine-debat-la-foret-et-le-changement-climatique-a-la-mcl-de-gerardmer\/"},"wordCount":176,"commentCount":0,"publisher":{"@id":"https:\/\/vosgesinfo.fr\/remiremontinfo\/#organization"},"image":{"@id":"https:\/\/vosgesinfo.fr\/remiremontinfo\/2025\/04\/cine-debat-la-foret-et-le-changement-climatique-a-la-mcl-de-gerardmer\/#primaryimage"},"thumbnailUrl":"https:\/\/vosgesinfo.fr\/app\/uploads\/sites\/5\/2025\/04\/utf-8affiche-de-communication-page-000111-scaled-1.jpg","keywords":["CCGHV","changement climatique"],"articleSection":["A la Une","Environnement","G\u00e9rardmer","Remiremont","Saint-di\u00e9"],"inLanguage":"fr-FR","potentialAction":[{"@type":"CommentAction","name":"Comment","target":["https:\/\/vosgesinfo.fr\/remiremontinfo\/2025\/04\/cine-debat-la-foret-et-le-changement-climatique-a-la-mcl-de-gerardmer\/#respond"]}]},{"@type":"WebPage","@id":"https:\/\/vosgesinfo.fr\/remiremontinfo\/2025\/04\/cine-debat-la-foret-et-le-changement-climatique-a-la-mcl-de-gerardmer\/","url":"https:\/\/vosgesinfo.fr\/remiremontinfo\/2025\/04\/cine-debat-la-foret-et-le-changement-climatique-a-la-mcl-de-gerardmer\/","name":"Cin\u00e9-d\u00e9bat : la for\u00eat et le changement climatique \u00e0 la MCL de G\u00e9rardmer - Remiremont Info","isPartOf":{"@id":"https:\/\/vosgesinfo.fr\/remiremontinfo\/#website"},"primaryImageOfPage":{"@id":"https:\/\/vosgesinfo.fr\/remiremontinfo\/2025\/04\/cine-debat-la-foret-et-le-changement-climatique-a-la-mcl-de-gerardmer\/#primaryimage"},"image":{"@id":"https:\/\/vosgesinfo.fr\/remiremontinfo\/2025\/04\/cine-debat-la-foret-et-le-changement-climatique-a-la-mcl-de-gerardmer\/#primaryimage"},"thumbnailUrl":"https:\/\/vosgesinfo.fr\/app\/uploads\/sites\/5\/2025\/04\/utf-8affiche-de-communication-page-000111-scaled-1.jpg","datePublished":"2025-04-25T03:58:55+00:00","dateModified":"2025-04-25T03:58:55+00:00","breadcrumb":{"@id":"https:\/\/vosgesinfo.fr\/remiremontinfo\/2025\/04\/cine-debat-la-foret-et-le-changement-climatique-a-la-mcl-de-gerardmer\/#breadcrumb"},"inLanguage":"fr-FR","potentialAction":[{"@type":"ReadAction","target":["https:\/\/vosgesinfo.fr\/remiremontinfo\/2025\/04\/cine-debat-la-foret-et-le-changement-climatique-a-la-mcl-de-gerardmer\/"]}]},{"@type":"ImageObject","inLanguage":"fr-FR","@id":"https:\/\/vosgesinfo.fr\/remiremontinfo\/2025\/04\/cine-debat-la-foret-et-le-changement-climatique-a-la-mcl-de-gerardmer\/#primaryimage","url":"https:\/\/vosgesinfo.fr\/app\/uploads\/sites\/5\/2025\/04\/utf-8affiche-de-communication-page-000111-scaled-1.jpg","contentUrl":"https:\/\/vosgesinfo.fr\/app\/uploads\/sites\/5\/2025\/04\/utf-8affiche-de-communication-page-000111-scaled-1.jpg","width":1810,"height":2560},{"@type":"BreadcrumbList","@id":"https:\/\/vosgesinfo.fr\/remiremontinfo\/2025\/04\/cine-debat-la-foret-et-le-changement-climatique-a-la-mcl-de-gerardmer\/#breadcrumb","itemListElement":[{"@type":"ListItem","position":1,"name":"Home","item":"https:\/\/vosgesinfo.fr\/remiremontinfo\/"},{"@type":"ListItem","position":2,"name":"Cin\u00e9-d\u00e9bat : la for\u00eat et le changement climatique \u00e0 la MCL de G\u00e9rardmer"}]},{"@type":"WebSite","@id":"https:\/\/vosgesinfo.fr\/remiremontinfo\/#website","url":"https:\/\/vosgesinfo.fr\/remiremontinfo\/","name":"Remiremont Info","description":"Toute l&#039;actualit\u00e9 de Remiremont","publisher":{"@id":"https:\/\/vosgesinfo.fr\/remiremontinfo\/#organization"},"alternateName":"Toute l'actualit\u00e9 de Remiremont","potentialAction":[{"@type":"SearchAction","target":{"@type":"EntryPoint","urlTemplate":"https:\/\/vosgesinfo.fr\/remiremontinfo\/?s={search_term_string}"},"query-input":"required name=search_term_string"}],"inLanguage":"fr-FR"},{"@type":"Organization","@id":"https:\/\/vosgesinfo.fr\/remiremontinfo\/#organization","name":"Remiremont Info","url":"https:\/\/vosgesinfo.fr\/remiremontinfo\/","logo":{"@type":"ImageObject","inLanguage":"fr-FR","@id":"https:\/\/vosgesinfo.fr\/remiremontinfo\/#\/schema\/logo\/image\/","url":"https:\/\/vosgesinfo.fr\/app\/uploads\/sites\/5\/2023\/08\/favicon-remiremontinfo.png","contentUrl":"https:\/\/vosgesinfo.fr\/app\/uploads\/sites\/5\/2023\/08\/favicon-remiremontinfo.png","width":512,"height":512,"caption":"Remiremont Info"},"image":{"@id":"https:\/\/vosgesinfo.fr\/remiremontinfo\/#\/schema\/logo\/image\/"},"sameAs":["https:\/\/www.facebook.com\/remiremontinfo","https:\/\/x.com\/VosgesInfo88","https:\/\/www.youtube.com\/@vosgesinfo"]},{"@type":"Person","@id":"https:\/\/vosgesinfo.fr\/remiremontinfo\/#\/schema\/person\/27a3695b06db98895b354c0765cdfc31","name":"La redaction","image":{"@type":"ImageObject","inLanguage":"fr-FR","@id":"https:\/\/vosgesinfo.fr\/remiremontinfo\/#\/schema\/person\/image\/","url":"https:\/\/secure.gravatar.com\/avatar\/64c76a78e501cedee55736f43f332df901e1896ae9cd8fad269ae2236dd0e8b6?s=96&d=mm&r=g","contentUrl":"https:\/\/secure.gravatar.com\/avatar\/64c76a78e501cedee55736f43f332df901e1896ae9cd8fad269ae2236dd0e8b6?s=96&d=mm&r=g","caption":"La redaction"},"url":"https:\/\/vosgesinfo.fr\/remiremontinfo\/author\/la-redaction\/"}]}},"_links":{"self":[{"href":"https:\/\/vosgesinfo.fr\/remiremontinfo\/wp-json\/wp\/v2\/posts\/81134","targetHints":{"allow":["GET"]}}],"collection":[{"href":"https:\/\/vosgesinfo.fr\/remiremontinfo\/wp-json\/wp\/v2\/posts"}],"about":[{"href":"https:\/\/vosgesinfo.fr\/remiremontinfo\/wp-json\/wp\/v2\/types\/post"}],"author":[{"embeddable":true,"href":"https:\/\/vosgesinfo.fr\/remiremontinfo\/wp-json\/wp\/v2\/users\/391"}],"replies":[{"embeddable":true,"href":"https:\/\/vosgesinfo.fr\/remiremontinfo\/wp-json\/wp\/v2\/comments?post=81134"}],"version-history":[{"count":0,"href":"https:\/\/vosgesinfo.fr\/remiremontinfo\/wp-json\/wp\/v2\/posts\/81134\/revisions"}],"wp:featuredmedia":[{"embeddable":true,"href":"https:\/\/vosgesinfo.fr\/remiremontinfo\/wp-json\/wp\/v2\/media\/81135"}],"wp:attachment":[{"href":"https:\/\/vosgesinfo.fr\/remiremontinfo\/wp-json\/wp\/v2\/media?parent=81134"}],"wp:term":[{"taxonomy":"category","embeddable":true,"href":"https:\/\/vosgesinfo.fr\/remiremontinfo\/wp-json\/wp\/v2\/categories?post=81134"},{"taxonomy":"post_tag","embeddable":true,"href":"https:\/\/vosgesinfo.fr\/remiremontinfo\/wp-json\/wp\/v2\/tags?post=81134"}],"curies":[{"name":"wp","href":"https:\/\/api.w.org\/{rel}","templated":true}]}}