{"id":81162,"date":"2025-04-24T18:00:02","date_gmt":"2025-04-24T16:00:02","guid":{"rendered":"https:\/\/vosgesinfo.fr\/remiremontinfo\/?p=81162"},"modified":"2025-04-24T14:58:20","modified_gmt":"2025-04-24T12:58:20","slug":"remiremont-le-carrefour-des-metiers-et-de-lalternance-reunit-professionnels-et-demandeurs-demploi-au-palais-des-congres","status":"publish","type":"post","link":"https:\/\/vosgesinfo.fr\/remiremontinfo\/2025\/04\/remiremont-le-carrefour-des-metiers-et-de-lalternance-reunit-professionnels-et-demandeurs-demploi-au-palais-des-congres\/","title":{"rendered":"Remiremont : le Carrefour des m\u00e9tiers et de l\u2019alternance r\u00e9unit professionnels et demandeurs d&#8217;emploi au Palais des Congr\u00e8s"},"content":{"rendered":"<p data-start=\"176\" data-end=\"567\"><a href=\"https:\/\/vosgesinfo.fr\/app\/uploads\/sites\/5\/2025\/04\/carrefour-des-metiers-et-de-l-alternance-remiremont1.jpg\"><img decoding=\"async\" class=\"aligncenter size-full wp-image-81164\" src=\"https:\/\/vosgesinfo.fr\/app\/uploads\/sites\/5\/2025\/04\/carrefour-des-metiers-et-de-l-alternance-remiremont1.jpg\" alt=\"\" width=\"1600\" height=\"1200\" srcset=\"https:\/\/vosgesinfo.fr\/app\/uploads\/sites\/5\/2025\/04\/carrefour-des-metiers-et-de-l-alternance-remiremont1.jpg 1600w, https:\/\/vosgesinfo.fr\/app\/uploads\/sites\/5\/2025\/04\/carrefour-des-metiers-et-de-l-alternance-remiremont1-300x225.jpg 300w, https:\/\/vosgesinfo.fr\/app\/uploads\/sites\/5\/2025\/04\/carrefour-des-metiers-et-de-l-alternance-remiremont1-1024x768.jpg 1024w, https:\/\/vosgesinfo.fr\/app\/uploads\/sites\/5\/2025\/04\/carrefour-des-metiers-et-de-l-alternance-remiremont1-768x576.jpg 768w, https:\/\/vosgesinfo.fr\/app\/uploads\/sites\/5\/2025\/04\/carrefour-des-metiers-et-de-l-alternance-remiremont1-1536x1152.jpg 1536w\" sizes=\"(max-width: 1600px) 100vw, 1600px\" \/><\/a><\/p>\n<p class=\"\" data-start=\"176\" data-end=\"567\"><strong>Ce jeudi 24 avril, le Palais des Congr\u00e8s de Remiremont accueillait le Carrefour des m\u00e9tiers et de l\u2019alternance, un \u00e9v\u00e9nement d\u2019envergure d\u00e9di\u00e9 \u00e0 l\u2019emploi, la formation et l\u2019orientation professionnelle. Organis\u00e9 en partenariat par la Mission Locale, France Travail, Cap Emploi, l\u2019AFPA et la DDETSPP des Vosges, le rendez-vous a r\u00e9uni pr\u00e8s de 80 exposants issus de secteurs d\u2019activit\u00e9s vari\u00e9s.<\/strong><\/p>\n<p class=\"\" data-start=\"569\" data-end=\"995\">BTP, industrie, sant\u00e9, h\u00f4tellerie-restauration, commerce&#8230; toutes les grandes branches professionnelles \u00e9taient repr\u00e9sent\u00e9es afin de permettre aux visiteurs de d\u00e9couvrir la diversit\u00e9 des opportunit\u00e9s disponibles dans la r\u00e9gion. Destin\u00e9 aussi bien aux jeunes en recherche d\u2019orientation qu\u2019aux demandeurs d\u2019emploi ou aux personnes en reconversion, le carrefour se veut un espace d\u2019\u00e9change, d\u2019information et de mise en relation.<\/p>\n<p class=\"\" data-start=\"997\" data-end=\"1297\">Des stands informatifs, des d\u00e9monstrations de savoir-faire, des conseils personnalis\u00e9s sur les formations en alternance et les perspectives d\u2019emploi ont rythm\u00e9 cette journ\u00e9e plac\u00e9e sous le signe de la d\u00e9couverte et de la proximit\u00e9 entre acteurs \u00e9conomiques et publics en qu\u00eate d\u2019avenir professionnel.<\/p>\n<p class=\"\" data-start=\"1299\" data-end=\"1594\">\u00c0 travers cette initiative, les organisateurs entendent promouvoir l\u2019alternance comme voie d\u2019excellence, tout en valorisant les m\u00e9tiers porteurs sur le territoire vosgien. Un \u00e9v\u00e9nement qui confirme l\u2019engagement collectif en faveur de l\u2019insertion, de l\u2019emploi et du d\u00e9veloppement des comp\u00e9tences.<\/p>\n\n\t\t<style type=\"text\/css\">\n\t\t\t#gallery-1 {\n\t\t\t\tmargin: auto;\n\t\t\t}\n\t\t\t#gallery-1 .gallery-item {\n\t\t\t\tfloat: left;\n\t\t\t\tmargin-top: 10px;\n\t\t\t\ttext-align: center;\n\t\t\t\twidth: 50%;\n\t\t\t}\n\t\t\t#gallery-1 img {\n\t\t\t\tborder: 2px solid #cfcfcf;\n\t\t\t}\n\t\t\t#gallery-1 .gallery-caption {\n\t\t\t\tmargin-left: 0;\n\t\t\t}\n\t\t\t\/* see gallery_shortcode() in wp-includes\/media.php *\/\n\t\t<\/style>\n\t\t<div id='gallery-1' class='gallery galleryid-81162 gallery-columns-2 gallery-size-full'><dl class='gallery-item'>\n\t\t\t<dt class='gallery-icon landscape'>\n\t\t\t\t<a href='https:\/\/vosgesinfo.fr\/remiremontinfo\/2025\/04\/remiremont-le-carrefour-des-metiers-et-de-lalternance-reunit-professionnels-et-demandeurs-demploi-au-palais-des-congres\/carrefour-des-metiers-et-de-l-alternance-remiremont3\/'><img decoding=\"async\" width=\"1600\" height=\"1200\" src=\"https:\/\/vosgesinfo.fr\/app\/uploads\/sites\/5\/2025\/04\/carrefour-des-metiers-et-de-l-alternance-remiremont3.jpg\" class=\"attachment-full size-full\" alt=\"\" srcset=\"https:\/\/vosgesinfo.fr\/app\/uploads\/sites\/5\/2025\/04\/carrefour-des-metiers-et-de-l-alternance-remiremont3.jpg 1600w, https:\/\/vosgesinfo.fr\/app\/uploads\/sites\/5\/2025\/04\/carrefour-des-metiers-et-de-l-alternance-remiremont3-300x225.jpg 300w, https:\/\/vosgesinfo.fr\/app\/uploads\/sites\/5\/2025\/04\/carrefour-des-metiers-et-de-l-alternance-remiremont3-1024x768.jpg 1024w, https:\/\/vosgesinfo.fr\/app\/uploads\/sites\/5\/2025\/04\/carrefour-des-metiers-et-de-l-alternance-remiremont3-768x576.jpg 768w, https:\/\/vosgesinfo.fr\/app\/uploads\/sites\/5\/2025\/04\/carrefour-des-metiers-et-de-l-alternance-remiremont3-1536x1152.jpg 1536w\" sizes=\"(max-width: 1600px) 100vw, 1600px\" \/><\/a>\n\t\t\t<\/dt><\/dl><dl class='gallery-item'>\n\t\t\t<dt class='gallery-icon landscape'>\n\t\t\t\t<a href='https:\/\/vosgesinfo.fr\/remiremontinfo\/2025\/04\/remiremont-le-carrefour-des-metiers-et-de-lalternance-reunit-professionnels-et-demandeurs-demploi-au-palais-des-congres\/carrefour-des-metiers-et-de-l-alternance-remiremont2\/'><img decoding=\"async\" width=\"1600\" height=\"1200\" src=\"https:\/\/vosgesinfo.fr\/app\/uploads\/sites\/5\/2025\/04\/carrefour-des-metiers-et-de-l-alternance-remiremont2.jpg\" class=\"attachment-full size-full\" alt=\"\" srcset=\"https:\/\/vosgesinfo.fr\/app\/uploads\/sites\/5\/2025\/04\/carrefour-des-metiers-et-de-l-alternance-remiremont2.jpg 1600w, https:\/\/vosgesinfo.fr\/app\/uploads\/sites\/5\/2025\/04\/carrefour-des-metiers-et-de-l-alternance-remiremont2-300x225.jpg 300w, https:\/\/vosgesinfo.fr\/app\/uploads\/sites\/5\/2025\/04\/carrefour-des-metiers-et-de-l-alternance-remiremont2-1024x768.jpg 1024w, https:\/\/vosgesinfo.fr\/app\/uploads\/sites\/5\/2025\/04\/carrefour-des-metiers-et-de-l-alternance-remiremont2-768x576.jpg 768w, https:\/\/vosgesinfo.fr\/app\/uploads\/sites\/5\/2025\/04\/carrefour-des-metiers-et-de-l-alternance-remiremont2-1536x1152.jpg 1536w\" sizes=\"(max-width: 1600px) 100vw, 1600px\" \/><\/a>\n\t\t\t<\/dt><\/dl><br style=\"clear: both\" \/>\n\t\t<\/div>\n\n","protected":false},"excerpt":{"rendered":"<p>Ce jeudi 24 avril, le Palais des Congr\u00e8s de Remiremont accueillait le Carrefour des m\u00e9tiers et de l\u2019alternance, un \u00e9v\u00e9nement [&hellip;]<\/p>\n","protected":false},"author":418,"featured_media":81164,"comment_status":"open","ping_status":"open","sticky":false,"template":"","format":"standard","meta":{"footnotes":""},"categories":[26,43],"tags":[7832,7578,7831,7833,7053,6278,44],"class_list":["post-81162","post","type-post","status-publish","format-standard","has-post-thumbnail","hentry","category-a-la-une","category-remiremont-remiremont-son-canton","tag-afpa","tag-cap-emploi-remiremont","tag-carrefour-des-metiers-et-de-lalternance","tag-ddetspp88","tag-france-travail","tag-mission-locale-remiremont","tag-remiremont"],"acf":[],"yoast_head":"<!-- This site is optimized with the Yoast SEO plugin v22.5 - https:\/\/yoast.com\/wordpress\/plugins\/seo\/ -->\n<title>Remiremont : le Carrefour des m\u00e9tiers et de l\u2019alternance r\u00e9unit professionnels et demandeurs d&#039;emploi au Palais des Congr\u00e8s - Remiremont Info<\/title>\n<meta name=\"robots\" content=\"index, follow, max-snippet:-1, max-image-preview:large, max-video-preview:-1\" \/>\n<link rel=\"canonical\" href=\"https:\/\/vosgesinfo.fr\/remiremontinfo\/2025\/04\/remiremont-le-carrefour-des-metiers-et-de-lalternance-reunit-professionnels-et-demandeurs-demploi-au-palais-des-congres\/\" \/>\n<meta name=\"twitter:card\" content=\"summary_large_image\" \/>\n<meta name=\"twitter:title\" content=\"Remiremont : le Carrefour des m\u00e9tiers et de l\u2019alternance r\u00e9unit professionnels et demandeurs d&#039;emploi au Palais des Congr\u00e8s - Remiremont Info\" \/>\n<meta name=\"twitter:description\" content=\"Ce jeudi 24 avril, le Palais des Congr\u00e8s de Remiremont accueillait le Carrefour des m\u00e9tiers et de l\u2019alternance, un \u00e9v\u00e9nement [&hellip;]\" \/>\n<meta name=\"twitter:image\" content=\"https:\/\/vosgesinfo.fr\/app\/uploads\/sites\/5\/2025\/04\/carrefour-des-metiers-et-de-l-alternance-remiremont1.jpg\" \/>\n<meta name=\"twitter:creator\" content=\"@VosgesInfo88\" \/>\n<meta name=\"twitter:site\" content=\"@VosgesInfo88\" \/>\n<meta name=\"twitter:label1\" content=\"\u00c9crit par\" \/>\n\t<meta name=\"twitter:data1\" content=\"C.M\" \/>\n\t<meta name=\"twitter:label2\" content=\"Dur\u00e9e de lecture estim\u00e9e\" \/>\n\t<meta name=\"twitter:data2\" content=\"1 minute\" \/>\n<script type=\"application\/ld+json\" class=\"yoast-schema-graph\">{\"@context\":\"https:\/\/schema.org\",\"@graph\":[{\"@type\":\"Article\",\"@id\":\"https:\/\/vosgesinfo.fr\/remiremontinfo\/2025\/04\/remiremont-le-carrefour-des-metiers-et-de-lalternance-reunit-professionnels-et-demandeurs-demploi-au-palais-des-congres\/#article\",\"isPartOf\":{\"@id\":\"https:\/\/vosgesinfo.fr\/remiremontinfo\/2025\/04\/remiremont-le-carrefour-des-metiers-et-de-lalternance-reunit-professionnels-et-demandeurs-demploi-au-palais-des-congres\/\"},\"author\":{\"name\":\"C.M\",\"@id\":\"https:\/\/vosgesinfo.fr\/remiremontinfo\/#\/schema\/person\/4f38cd3068e342935b7304695c797d08\"},\"headline\":\"Remiremont : le Carrefour des m\u00e9tiers et de l\u2019alternance r\u00e9unit professionnels et demandeurs d&#8217;emploi au Palais des Congr\u00e8s\",\"datePublished\":\"2025-04-24T16:00:02+00:00\",\"dateModified\":\"2025-04-24T12:58:20+00:00\",\"mainEntityOfPage\":{\"@id\":\"https:\/\/vosgesinfo.fr\/remiremontinfo\/2025\/04\/remiremont-le-carrefour-des-metiers-et-de-lalternance-reunit-professionnels-et-demandeurs-demploi-au-palais-des-congres\/\"},\"wordCount\":262,\"commentCount\":0,\"publisher\":{\"@id\":\"https:\/\/vosgesinfo.fr\/remiremontinfo\/#organization\"},\"image\":{\"@id\":\"https:\/\/vosgesinfo.fr\/remiremontinfo\/2025\/04\/remiremont-le-carrefour-des-metiers-et-de-lalternance-reunit-professionnels-et-demandeurs-demploi-au-palais-des-congres\/#primaryimage\"},\"thumbnailUrl\":\"https:\/\/vosgesinfo.fr\/app\/uploads\/sites\/5\/2025\/04\/carrefour-des-metiers-et-de-l-alternance-remiremont1.jpg\",\"keywords\":[\"AFPA\",\"Cap Emploi Remiremont\",\"Carrefour des m\u00e9tiers et de l'alternance\",\"DDETSPP88\",\"France Travail\",\"Mission locale Remiremont\",\"remiremont\"],\"articleSection\":[\"A la Une\",\"Remiremont\"],\"inLanguage\":\"fr-FR\",\"potentialAction\":[{\"@type\":\"CommentAction\",\"name\":\"Comment\",\"target\":[\"https:\/\/vosgesinfo.fr\/remiremontinfo\/2025\/04\/remiremont-le-carrefour-des-metiers-et-de-lalternance-reunit-professionnels-et-demandeurs-demploi-au-palais-des-congres\/#respond\"]}]},{\"@type\":\"WebPage\",\"@id\":\"https:\/\/vosgesinfo.fr\/remiremontinfo\/2025\/04\/remiremont-le-carrefour-des-metiers-et-de-lalternance-reunit-professionnels-et-demandeurs-demploi-au-palais-des-congres\/\",\"url\":\"https:\/\/vosgesinfo.fr\/remiremontinfo\/2025\/04\/remiremont-le-carrefour-des-metiers-et-de-lalternance-reunit-professionnels-et-demandeurs-demploi-au-palais-des-congres\/\",\"name\":\"Remiremont : le Carrefour des m\u00e9tiers et de l\u2019alternance r\u00e9unit professionnels et demandeurs d'emploi au Palais des Congr\u00e8s - Remiremont Info\",\"isPartOf\":{\"@id\":\"https:\/\/vosgesinfo.fr\/remiremontinfo\/#website\"},\"primaryImageOfPage\":{\"@id\":\"https:\/\/vosgesinfo.fr\/remiremontinfo\/2025\/04\/remiremont-le-carrefour-des-metiers-et-de-lalternance-reunit-professionnels-et-demandeurs-demploi-au-palais-des-congres\/#primaryimage\"},\"image\":{\"@id\":\"https:\/\/vosgesinfo.fr\/remiremontinfo\/2025\/04\/remiremont-le-carrefour-des-metiers-et-de-lalternance-reunit-professionnels-et-demandeurs-demploi-au-palais-des-congres\/#primaryimage\"},\"thumbnailUrl\":\"https:\/\/vosgesinfo.fr\/app\/uploads\/sites\/5\/2025\/04\/carrefour-des-metiers-et-de-l-alternance-remiremont1.jpg\",\"datePublished\":\"2025-04-24T16:00:02+00:00\",\"dateModified\":\"2025-04-24T12:58:20+00:00\",\"breadcrumb\":{\"@id\":\"https:\/\/vosgesinfo.fr\/remiremontinfo\/2025\/04\/remiremont-le-carrefour-des-metiers-et-de-lalternance-reunit-professionnels-et-demandeurs-demploi-au-palais-des-congres\/#breadcrumb\"},\"inLanguage\":\"fr-FR\",\"potentialAction\":[{\"@type\":\"ReadAction\",\"target\":[\"https:\/\/vosgesinfo.fr\/remiremontinfo\/2025\/04\/remiremont-le-carrefour-des-metiers-et-de-lalternance-reunit-professionnels-et-demandeurs-demploi-au-palais-des-congres\/\"]}]},{\"@type\":\"ImageObject\",\"inLanguage\":\"fr-FR\",\"@id\":\"https:\/\/vosgesinfo.fr\/remiremontinfo\/2025\/04\/remiremont-le-carrefour-des-metiers-et-de-lalternance-reunit-professionnels-et-demandeurs-demploi-au-palais-des-congres\/#primaryimage\",\"url\":\"https:\/\/vosgesinfo.fr\/app\/uploads\/sites\/5\/2025\/04\/carrefour-des-metiers-et-de-l-alternance-remiremont1.jpg\",\"contentUrl\":\"https:\/\/vosgesinfo.fr\/app\/uploads\/sites\/5\/2025\/04\/carrefour-des-metiers-et-de-l-alternance-remiremont1.jpg\",\"width\":1600,\"height\":1200},{\"@type\":\"BreadcrumbList\",\"@id\":\"https:\/\/vosgesinfo.fr\/remiremontinfo\/2025\/04\/remiremont-le-carrefour-des-metiers-et-de-lalternance-reunit-professionnels-et-demandeurs-demploi-au-palais-des-congres\/#breadcrumb\",\"itemListElement\":[{\"@type\":\"ListItem\",\"position\":1,\"name\":\"Home\",\"item\":\"https:\/\/vosgesinfo.fr\/remiremontinfo\/\"},{\"@type\":\"ListItem\",\"position\":2,\"name\":\"Remiremont : le Carrefour des m\u00e9tiers et de l\u2019alternance r\u00e9unit professionnels et demandeurs d&#8217;emploi au Palais des Congr\u00e8s\"}]},{\"@type\":\"WebSite\",\"@id\":\"https:\/\/vosgesinfo.fr\/remiremontinfo\/#website\",\"url\":\"https:\/\/vosgesinfo.fr\/remiremontinfo\/\",\"name\":\"Remiremont Info\",\"description\":\"Toute l&#039;actualit\u00e9 de Remiremont\",\"publisher\":{\"@id\":\"https:\/\/vosgesinfo.fr\/remiremontinfo\/#organization\"},\"alternateName\":\"Toute l'actualit\u00e9 de Remiremont\",\"potentialAction\":[{\"@type\":\"SearchAction\",\"target\":{\"@type\":\"EntryPoint\",\"urlTemplate\":\"https:\/\/vosgesinfo.fr\/remiremontinfo\/?s={search_term_string}\"},\"query-input\":\"required name=search_term_string\"}],\"inLanguage\":\"fr-FR\"},{\"@type\":\"Organization\",\"@id\":\"https:\/\/vosgesinfo.fr\/remiremontinfo\/#organization\",\"name\":\"Remiremont Info\",\"url\":\"https:\/\/vosgesinfo.fr\/remiremontinfo\/\",\"logo\":{\"@type\":\"ImageObject\",\"inLanguage\":\"fr-FR\",\"@id\":\"https:\/\/vosgesinfo.fr\/remiremontinfo\/#\/schema\/logo\/image\/\",\"url\":\"https:\/\/vosgesinfo.fr\/app\/uploads\/sites\/5\/2023\/08\/favicon-remiremontinfo.png\",\"contentUrl\":\"https:\/\/vosgesinfo.fr\/app\/uploads\/sites\/5\/2023\/08\/favicon-remiremontinfo.png\",\"width\":512,\"height\":512,\"caption\":\"Remiremont Info\"},\"image\":{\"@id\":\"https:\/\/vosgesinfo.fr\/remiremontinfo\/#\/schema\/logo\/image\/\"},\"sameAs\":[\"https:\/\/www.facebook.com\/remiremontinfo\",\"https:\/\/x.com\/VosgesInfo88\",\"https:\/\/www.youtube.com\/@vosgesinfo\"]},{\"@type\":\"Person\",\"@id\":\"https:\/\/vosgesinfo.fr\/remiremontinfo\/#\/schema\/person\/4f38cd3068e342935b7304695c797d08\",\"name\":\"C.M\",\"image\":{\"@type\":\"ImageObject\",\"inLanguage\":\"fr-FR\",\"@id\":\"https:\/\/vosgesinfo.fr\/remiremontinfo\/#\/schema\/person\/image\/\",\"url\":\"https:\/\/secure.gravatar.com\/avatar\/fe9daaef0164d920717484172682f3c5c9bcf7d42aa8c7048c76c34f0eb6c8da?s=96&d=mm&r=g\",\"contentUrl\":\"https:\/\/secure.gravatar.com\/avatar\/fe9daaef0164d920717484172682f3c5c9bcf7d42aa8c7048c76c34f0eb6c8da?s=96&d=mm&r=g\",\"caption\":\"C.M\"},\"url\":\"https:\/\/vosgesinfo.fr\/remiremontinfo\/author\/cm88200\/\"}]}<\/script>\n<!-- \/ Yoast SEO plugin. -->","yoast_head_json":{"title":"Remiremont : le Carrefour des m\u00e9tiers et de l\u2019alternance r\u00e9unit professionnels et demandeurs d'emploi au Palais des Congr\u00e8s - Remiremont Info","robots":{"index":"index","follow":"follow","max-snippet":"max-snippet:-1","max-image-preview":"max-image-preview:large","max-video-preview":"max-video-preview:-1"},"canonical":"https:\/\/vosgesinfo.fr\/remiremontinfo\/2025\/04\/remiremont-le-carrefour-des-metiers-et-de-lalternance-reunit-professionnels-et-demandeurs-demploi-au-palais-des-congres\/","twitter_card":"summary_large_image","twitter_title":"Remiremont : le Carrefour des m\u00e9tiers et de l\u2019alternance r\u00e9unit professionnels et demandeurs d'emploi au Palais des Congr\u00e8s - Remiremont Info","twitter_description":"Ce jeudi 24 avril, le Palais des Congr\u00e8s de Remiremont accueillait le Carrefour des m\u00e9tiers et de l\u2019alternance, un \u00e9v\u00e9nement [&hellip;]","twitter_image":"https:\/\/vosgesinfo.fr\/app\/uploads\/sites\/5\/2025\/04\/carrefour-des-metiers-et-de-l-alternance-remiremont1.jpg","twitter_creator":"@VosgesInfo88","twitter_site":"@VosgesInfo88","twitter_misc":{"\u00c9crit par":"C.M","Dur\u00e9e de lecture estim\u00e9e":"1 minute"},"schema":{"@context":"https:\/\/schema.org","@graph":[{"@type":"Article","@id":"https:\/\/vosgesinfo.fr\/remiremontinfo\/2025\/04\/remiremont-le-carrefour-des-metiers-et-de-lalternance-reunit-professionnels-et-demandeurs-demploi-au-palais-des-congres\/#article","isPartOf":{"@id":"https:\/\/vosgesinfo.fr\/remiremontinfo\/2025\/04\/remiremont-le-carrefour-des-metiers-et-de-lalternance-reunit-professionnels-et-demandeurs-demploi-au-palais-des-congres\/"},"author":{"name":"C.M","@id":"https:\/\/vosgesinfo.fr\/remiremontinfo\/#\/schema\/person\/4f38cd3068e342935b7304695c797d08"},"headline":"Remiremont : le Carrefour des m\u00e9tiers et de l\u2019alternance r\u00e9unit professionnels et demandeurs d&#8217;emploi au Palais des Congr\u00e8s","datePublished":"2025-04-24T16:00:02+00:00","dateModified":"2025-04-24T12:58:20+00:00","mainEntityOfPage":{"@id":"https:\/\/vosgesinfo.fr\/remiremontinfo\/2025\/04\/remiremont-le-carrefour-des-metiers-et-de-lalternance-reunit-professionnels-et-demandeurs-demploi-au-palais-des-congres\/"},"wordCount":262,"commentCount":0,"publisher":{"@id":"https:\/\/vosgesinfo.fr\/remiremontinfo\/#organization"},"image":{"@id":"https:\/\/vosgesinfo.fr\/remiremontinfo\/2025\/04\/remiremont-le-carrefour-des-metiers-et-de-lalternance-reunit-professionnels-et-demandeurs-demploi-au-palais-des-congres\/#primaryimage"},"thumbnailUrl":"https:\/\/vosgesinfo.fr\/app\/uploads\/sites\/5\/2025\/04\/carrefour-des-metiers-et-de-l-alternance-remiremont1.jpg","keywords":["AFPA","Cap Emploi Remiremont","Carrefour des m\u00e9tiers et de l'alternance","DDETSPP88","France Travail","Mission locale Remiremont","remiremont"],"articleSection":["A la Une","Remiremont"],"inLanguage":"fr-FR","potentialAction":[{"@type":"CommentAction","name":"Comment","target":["https:\/\/vosgesinfo.fr\/remiremontinfo\/2025\/04\/remiremont-le-carrefour-des-metiers-et-de-lalternance-reunit-professionnels-et-demandeurs-demploi-au-palais-des-congres\/#respond"]}]},{"@type":"WebPage","@id":"https:\/\/vosgesinfo.fr\/remiremontinfo\/2025\/04\/remiremont-le-carrefour-des-metiers-et-de-lalternance-reunit-professionnels-et-demandeurs-demploi-au-palais-des-congres\/","url":"https:\/\/vosgesinfo.fr\/remiremontinfo\/2025\/04\/remiremont-le-carrefour-des-metiers-et-de-lalternance-reunit-professionnels-et-demandeurs-demploi-au-palais-des-congres\/","name":"Remiremont : le Carrefour des m\u00e9tiers et de l\u2019alternance r\u00e9unit professionnels et demandeurs d'emploi au Palais des Congr\u00e8s - Remiremont Info","isPartOf":{"@id":"https:\/\/vosgesinfo.fr\/remiremontinfo\/#website"},"primaryImageOfPage":{"@id":"https:\/\/vosgesinfo.fr\/remiremontinfo\/2025\/04\/remiremont-le-carrefour-des-metiers-et-de-lalternance-reunit-professionnels-et-demandeurs-demploi-au-palais-des-congres\/#primaryimage"},"image":{"@id":"https:\/\/vosgesinfo.fr\/remiremontinfo\/2025\/04\/remiremont-le-carrefour-des-metiers-et-de-lalternance-reunit-professionnels-et-demandeurs-demploi-au-palais-des-congres\/#primaryimage"},"thumbnailUrl":"https:\/\/vosgesinfo.fr\/app\/uploads\/sites\/5\/2025\/04\/carrefour-des-metiers-et-de-l-alternance-remiremont1.jpg","datePublished":"2025-04-24T16:00:02+00:00","dateModified":"2025-04-24T12:58:20+00:00","breadcrumb":{"@id":"https:\/\/vosgesinfo.fr\/remiremontinfo\/2025\/04\/remiremont-le-carrefour-des-metiers-et-de-lalternance-reunit-professionnels-et-demandeurs-demploi-au-palais-des-congres\/#breadcrumb"},"inLanguage":"fr-FR","potentialAction":[{"@type":"ReadAction","target":["https:\/\/vosgesinfo.fr\/remiremontinfo\/2025\/04\/remiremont-le-carrefour-des-metiers-et-de-lalternance-reunit-professionnels-et-demandeurs-demploi-au-palais-des-congres\/"]}]},{"@type":"ImageObject","inLanguage":"fr-FR","@id":"https:\/\/vosgesinfo.fr\/remiremontinfo\/2025\/04\/remiremont-le-carrefour-des-metiers-et-de-lalternance-reunit-professionnels-et-demandeurs-demploi-au-palais-des-congres\/#primaryimage","url":"https:\/\/vosgesinfo.fr\/app\/uploads\/sites\/5\/2025\/04\/carrefour-des-metiers-et-de-l-alternance-remiremont1.jpg","contentUrl":"https:\/\/vosgesinfo.fr\/app\/uploads\/sites\/5\/2025\/04\/carrefour-des-metiers-et-de-l-alternance-remiremont1.jpg","width":1600,"height":1200},{"@type":"BreadcrumbList","@id":"https:\/\/vosgesinfo.fr\/remiremontinfo\/2025\/04\/remiremont-le-carrefour-des-metiers-et-de-lalternance-reunit-professionnels-et-demandeurs-demploi-au-palais-des-congres\/#breadcrumb","itemListElement":[{"@type":"ListItem","position":1,"name":"Home","item":"https:\/\/vosgesinfo.fr\/remiremontinfo\/"},{"@type":"ListItem","position":2,"name":"Remiremont : le Carrefour des m\u00e9tiers et de l\u2019alternance r\u00e9unit professionnels et demandeurs d&#8217;emploi au Palais des Congr\u00e8s"}]},{"@type":"WebSite","@id":"https:\/\/vosgesinfo.fr\/remiremontinfo\/#website","url":"https:\/\/vosgesinfo.fr\/remiremontinfo\/","name":"Remiremont Info","description":"Toute l&#039;actualit\u00e9 de Remiremont","publisher":{"@id":"https:\/\/vosgesinfo.fr\/remiremontinfo\/#organization"},"alternateName":"Toute l'actualit\u00e9 de Remiremont","potentialAction":[{"@type":"SearchAction","target":{"@type":"EntryPoint","urlTemplate":"https:\/\/vosgesinfo.fr\/remiremontinfo\/?s={search_term_string}"},"query-input":"required name=search_term_string"}],"inLanguage":"fr-FR"},{"@type":"Organization","@id":"https:\/\/vosgesinfo.fr\/remiremontinfo\/#organization","name":"Remiremont Info","url":"https:\/\/vosgesinfo.fr\/remiremontinfo\/","logo":{"@type":"ImageObject","inLanguage":"fr-FR","@id":"https:\/\/vosgesinfo.fr\/remiremontinfo\/#\/schema\/logo\/image\/","url":"https:\/\/vosgesinfo.fr\/app\/uploads\/sites\/5\/2023\/08\/favicon-remiremontinfo.png","contentUrl":"https:\/\/vosgesinfo.fr\/app\/uploads\/sites\/5\/2023\/08\/favicon-remiremontinfo.png","width":512,"height":512,"caption":"Remiremont Info"},"image":{"@id":"https:\/\/vosgesinfo.fr\/remiremontinfo\/#\/schema\/logo\/image\/"},"sameAs":["https:\/\/www.facebook.com\/remiremontinfo","https:\/\/x.com\/VosgesInfo88","https:\/\/www.youtube.com\/@vosgesinfo"]},{"@type":"Person","@id":"https:\/\/vosgesinfo.fr\/remiremontinfo\/#\/schema\/person\/4f38cd3068e342935b7304695c797d08","name":"C.M","image":{"@type":"ImageObject","inLanguage":"fr-FR","@id":"https:\/\/vosgesinfo.fr\/remiremontinfo\/#\/schema\/person\/image\/","url":"https:\/\/secure.gravatar.com\/avatar\/fe9daaef0164d920717484172682f3c5c9bcf7d42aa8c7048c76c34f0eb6c8da?s=96&d=mm&r=g","contentUrl":"https:\/\/secure.gravatar.com\/avatar\/fe9daaef0164d920717484172682f3c5c9bcf7d42aa8c7048c76c34f0eb6c8da?s=96&d=mm&r=g","caption":"C.M"},"url":"https:\/\/vosgesinfo.fr\/remiremontinfo\/author\/cm88200\/"}]}},"_links":{"self":[{"href":"https:\/\/vosgesinfo.fr\/remiremontinfo\/wp-json\/wp\/v2\/posts\/81162","targetHints":{"allow":["GET"]}}],"collection":[{"href":"https:\/\/vosgesinfo.fr\/remiremontinfo\/wp-json\/wp\/v2\/posts"}],"about":[{"href":"https:\/\/vosgesinfo.fr\/remiremontinfo\/wp-json\/wp\/v2\/types\/post"}],"author":[{"embeddable":true,"href":"https:\/\/vosgesinfo.fr\/remiremontinfo\/wp-json\/wp\/v2\/users\/418"}],"replies":[{"embeddable":true,"href":"https:\/\/vosgesinfo.fr\/remiremontinfo\/wp-json\/wp\/v2\/comments?post=81162"}],"version-history":[{"count":1,"href":"https:\/\/vosgesinfo.fr\/remiremontinfo\/wp-json\/wp\/v2\/posts\/81162\/revisions"}],"predecessor-version":[{"id":81166,"href":"https:\/\/vosgesinfo.fr\/remiremontinfo\/wp-json\/wp\/v2\/posts\/81162\/revisions\/81166"}],"wp:featuredmedia":[{"embeddable":true,"href":"https:\/\/vosgesinfo.fr\/remiremontinfo\/wp-json\/wp\/v2\/media\/81164"}],"wp:attachment":[{"href":"https:\/\/vosgesinfo.fr\/remiremontinfo\/wp-json\/wp\/v2\/media?parent=81162"}],"wp:term":[{"taxonomy":"category","embeddable":true,"href":"https:\/\/vosgesinfo.fr\/remiremontinfo\/wp-json\/wp\/v2\/categories?post=81162"},{"taxonomy":"post_tag","embeddable":true,"href":"https:\/\/vosgesinfo.fr\/remiremontinfo\/wp-json\/wp\/v2\/tags?post=81162"}],"curies":[{"name":"wp","href":"https:\/\/api.w.org\/{rel}","templated":true}]}}