{"id":81373,"date":"2025-05-02T10:50:28","date_gmt":"2025-05-02T08:50:28","guid":{"rendered":"https:\/\/vosgesinfo.fr\/remiremontinfo\/?p=81373"},"modified":"2025-05-02T09:55:40","modified_gmt":"2025-05-02T07:55:40","slug":"infernal-trail-2025-lancement-des-inscriptions-benevoles","status":"publish","type":"post","link":"https:\/\/vosgesinfo.fr\/remiremontinfo\/2025\/05\/infernal-trail-2025-lancement-des-inscriptions-benevoles\/","title":{"rendered":"Infernal Trail 2025 : lancement des inscriptions b\u00e9n\u00e9voles"},"content":{"rendered":"<div id=\"attachment_81374\" style=\"width: 1630px\" class=\"wp-caption aligncenter\"><a href=\"https:\/\/vosgesinfo.fr\/app\/uploads\/sites\/5\/2025\/05\/benevoles-infernal-trail-.webp\"><img decoding=\"async\" aria-describedby=\"caption-attachment-81374\" class=\"size-full wp-image-81374\" src=\"https:\/\/vosgesinfo.fr\/app\/uploads\/sites\/5\/2025\/05\/benevoles-infernal-trail-.webp\" alt=\"\" width=\"1620\" height=\"1080\" srcset=\"https:\/\/vosgesinfo.fr\/app\/uploads\/sites\/5\/2025\/05\/benevoles-infernal-trail-.webp 1620w, https:\/\/vosgesinfo.fr\/app\/uploads\/sites\/5\/2025\/05\/benevoles-infernal-trail--300x200.webp 300w, https:\/\/vosgesinfo.fr\/app\/uploads\/sites\/5\/2025\/05\/benevoles-infernal-trail--1024x683.webp 1024w, https:\/\/vosgesinfo.fr\/app\/uploads\/sites\/5\/2025\/05\/benevoles-infernal-trail--768x512.webp 768w, https:\/\/vosgesinfo.fr\/app\/uploads\/sites\/5\/2025\/05\/benevoles-infernal-trail--1536x1024.webp 1536w\" sizes=\"(max-width: 1620px) 100vw, 1620px\" \/><\/a><p id=\"caption-attachment-81374\" class=\"wp-caption-text\">Photographie : Infernal Trail.<\/p><\/div>\n<table border=\"0\" width=\"100%\" cellspacing=\"0\" cellpadding=\"0\">\n<tbody>\n<tr>\n<td align=\"left\">\n<div>\n<p class=\"text-build-content\"><b>Le grand moment est arriv\u00e9 : notre plateforme d&rsquo;inscription pour les b\u00e9n\u00e9voles est d\u00e9sormais ouverte !<\/b><\/p>\n<\/div>\n<\/td>\n<\/tr>\n<tr>\n<td align=\"left\">\n<div>\n<p class=\"text-build-content\"><b>La 17\u1d49 \u00e9dition de L&rsquo;Infernal Trail des Vosges\u00ae approche \u00e0 grands pas et il est temps de rassembler notre grande famille pour \u00e9crire une nouvelle page de cette formidable aventure.<\/b><\/p>\n<\/div>\n<\/td>\n<\/tr>\n<\/tbody>\n<\/table>\n<table border=\"0\" width=\"100%\" cellspacing=\"0\" cellpadding=\"0\">\n<tbody>\n<tr>\n<td align=\"left\">\n<div>\n<p>&nbsp;<\/p>\n<p class=\"text-build-content\"><b>Une place pour chacun<\/b><\/p>\n<\/div>\n<\/td>\n<\/tr>\n<tr>\n<td align=\"left\">\n<div>\n<p class=\"text-build-content\"><b>Chaque ann\u00e9e, l&rsquo;\u00e9quipe d&rsquo;organisation passe en revue tous les p\u00f4les et postes b\u00e9n\u00e9voles pour faire de cet \u00e9v\u00e9nement une r\u00e9ussite collective et un moment inoubliable.<\/b><\/p>\n<p class=\"text-build-content\">Nous recensons soigneusement tous les besoins logistiques pour assurer la fluidit\u00e9 de l&rsquo;\u00e9v\u00e9nement, en veillant \u00e0 mutualiser les comp\u00e9tences et talents de chacun afin que tout le monde trouve sa place et s&rsquo;\u00e9panouisse.<\/p>\n<p class=\"text-build-content\"><b>\u00c0 L&rsquo;Infernal\u00ae, tout le monde met la main \u00e0 la p\u00e2te !\u00a0<\/b><\/p>\n<p class=\"text-build-content\">C&rsquo;est justement cette richesse humaine, ce m\u00e9lange d&rsquo;horizons et de savoir-faire, qui constitue l&rsquo;une de nos plus grandes forces.<\/p>\n<p class=\"text-build-content\">Alors, si tu h\u00e9sites encore \u00e0 nous rejoindre parce que tu ne sais pas exactement comment contribuer, n&rsquo;aie crainte : nous t&rsquo;accueillons \u00e0 bras ouverts !<\/p>\n<p class=\"text-build-content\"><b>Rejoins notre joyeuse \u00e9quipe de plus de 650 b\u00e9n\u00e9voles<\/b>.<\/p>\n<p class=\"text-build-content\">Partage-nous tes envies et nous trouverons ensemble le poste qui te correspondra le mieux, dans la mesure du possible. En attendant :<\/p>\n<\/div>\n<\/td>\n<\/tr>\n<\/tbody>\n<\/table>\n<p style=\"text-align: center;\"><a href=\"https:\/\/linfernaltraildesvosges.org\/devenir-benevole\/\" target=\"_blank\" rel=\"noopener\">Clique sur ce lien pour t&rsquo;inscrire !\u00a0<\/a><\/p>\n<div>\n<table border=\"0\" cellspacing=\"0\" cellpadding=\"0\" align=\"center\">\n<tbody>\n<tr>\n<td>\n<div class=\"mj-column-per-100 mj-outlook-group-fix\">\n<table border=\"0\" width=\"100%\" cellspacing=\"0\" cellpadding=\"0\">\n<tbody>\n<tr>\n<td align=\"left\">\n<div>\n<p class=\"text-build-content\"><b>Nouveaut\u00e9 cette ann\u00e9e <\/b><b>: des fiches mission pour chaque poste !<\/b><\/p>\n<\/div>\n<\/td>\n<\/tr>\n<\/tbody>\n<\/table>\n<\/div>\n<\/td>\n<\/tr>\n<\/tbody>\n<\/table>\n<\/div>\n<div>\n<table border=\"0\" cellspacing=\"0\" cellpadding=\"0\" align=\"center\">\n<tbody>\n<tr>\n<td>\n<div class=\"mj-column-per-100 mj-outlook-group-fix\">\n<table border=\"0\" width=\"100%\" cellspacing=\"0\" cellpadding=\"0\">\n<tbody>\n<tr>\n<td align=\"left\">\n<div>\n<p class=\"text-build-content\"><b>Des fiches mission pour vous orienter pas \u00e0 pas !<\/b><\/p>\n<p class=\"text-build-content\">Dans notre d\u00e9marche d&rsquo;am\u00e9lioration continue, nous avons cr\u00e9\u00e9 cette ann\u00e9e des fiches mission claires et pr\u00e9cises pour chaque r\u00f4le b\u00e9n\u00e9vole. Tu sauras ainsi exactement ce qu&rsquo;on attend de toi, tout en \u00e9tant bien accompagn\u00e9 !<\/p>\n<\/div>\n<\/td>\n<\/tr>\n<\/tbody>\n<\/table>\n<\/div>\n<\/td>\n<\/tr>\n<\/tbody>\n<\/table>\n<p style=\"text-align: center;\"><a href=\"https:\/\/linfernaltraildesvosges.org\/missions-benevoles\/\" target=\"_blank\" rel=\"noopener\">Les missions \u00e0 d\u00e9couvrir ici !\u00a0<\/a><\/p>\n<p class=\"text-build-content\"><u>Un long travail de fond r\u00e9alis\u00e9 entre autres par Sabrina Simon, notre Responsable B\u00e9n\u00e9voles et \u00c9milie Henky, notre Responsable des Inscriptions.\u00a0<\/u><\/p>\n<p class=\"text-build-content\">Chaque ann\u00e9e, nous mettons tout en \u0153uvre pour rendre ton exp\u00e9rience aussi fluide, agr\u00e9able et enrichissante que possible.<\/p>\n<p class=\"text-build-content\"><b>Plus on est de fous, plus on rit !\u00a0<\/b><\/p>\n<p class=\"text-build-content\">N&rsquo;h\u00e9site pas \u00e0 partager l&rsquo;info autour de toi : amis, famille, coll\u00e8gues, voisins&#8230; Toute bonne volont\u00e9 est la bienvenue ! \ud83d\udcaa\ud83c\udffb C&rsquo;est l&rsquo;occasion parfaite de vivre l&rsquo;inside et le c\u0153ur de L&rsquo;Infernal\u00ae en direct, de cr\u00e9er des souvenirs inoubliables et de faire partie d&rsquo;une aventure humaine \u00e0 taille g\u00e9ante.<\/p>\n<p class=\"text-build-content\">Ensemble, faisons grandir notre belle famille de b\u00e9n\u00e9voles et donnons encore plus de c\u0153ur et de chaleur \u00e0 cet \u00e9v\u00e9nement hors du commun !<\/p>\n<p><b>\u00c0 ton agenda : Assembl\u00e9e G\u00e9n\u00e9rale de L&rsquo;Infernal\u00ae<\/b><\/p>\n<table border=\"0\" width=\"100%\" cellspacing=\"0\" cellpadding=\"0\">\n<tbody>\n<tr>\n<td align=\"left\">\n<div>\n<p class=\"text-build-content\">Le vendredi 16 mai prochain, nous organisons l&rsquo;assembl\u00e9e g\u00e9n\u00e9rale \u00e0 20h au centre socio-culturel de Saint-Nabord. Sens-toi libre de nous rejoindre pour connaitre le bilan de l&rsquo;\u00e9dition 2024 et les nouveaut\u00e9s \u00e0 venir pour cette 17\u00e8me \u00e9dition en 2025.<\/p>\n<\/div>\n<\/td>\n<\/tr>\n<tr>\n<td>\n<div><\/div>\n<\/td>\n<\/tr>\n<tr>\n<td align=\"left\">\n<div>\n<p class=\"text-build-content\"><b>Un immense merci pour votre engagement ! Nous sommes impatients de vivre cette nouvelle \u00e9dition \u00e0 vos c\u00f4t\u00e9s. Pr\u00e9parez-vous \u00e0 une aventure plus intense, plus vibrante et plus conviviale que jamais !<\/b><\/p>\n<\/div>\n<\/td>\n<\/tr>\n<tr>\n<td align=\"left\">\n<div>\n<p class=\"text-build-content\">L&rsquo;ensemble des formats propos\u00e9s et toutes les informations sur l&rsquo;\u00e9v\u00e9nement sont consultables sur notre site officiel : <a class=\"link-build-content\" href=\"http:\/\/xk5vh.mjt.lu\/lnk\/AVEAAGtNaHsAAc51eywAA9BZFiMAAYCsj9IAn6T3ABWYgwBoE5rFspGk4kARQPuWz8CN7kUIiQAVWUs\/6\/952kt4GpONL2T8EH47pBUA\/aHR0cHM6Ly9saW5mZXJuYWx0cmFpbGRlc3Zvc2dlcy5vcmcu\" target=\"_blank\" rel=\"noopener noreferrer\"><b><u>linfernaltraildesvosges.org<\/u><\/b><\/a><\/p>\n<\/div>\n<\/td>\n<\/tr>\n<\/tbody>\n<\/table>\n<p>&nbsp;<\/p>\n<\/div>\n","protected":false},"excerpt":{"rendered":"<p>Le grand moment est arriv\u00e9 : notre plateforme d&rsquo;inscription pour les b\u00e9n\u00e9voles est d\u00e9sormais ouverte ! La 17\u1d49 \u00e9dition de [&hellip;]<\/p>\n","protected":false},"author":391,"featured_media":81374,"comment_status":"open","ping_status":"open","sticky":false,"template":"","format":"standard","meta":{"footnotes":""},"categories":[26,594,64,43,14,18],"tags":[703,1411],"class_list":["post-81373","post","type-post","status-publish","format-standard","has-post-thumbnail","hentry","category-a-la-une","category-agenda","category-evenements","category-remiremont-remiremont-son-canton","category-sport","category-vosges","tag-benevoles","tag-infernal-trail"],"acf":[],"yoast_head":"<!-- This site is optimized with the Yoast SEO plugin v22.5 - https:\/\/yoast.com\/wordpress\/plugins\/seo\/ -->\n<title>Infernal Trail 2025 : lancement des inscriptions b\u00e9n\u00e9voles - Remiremont Info<\/title>\n<meta name=\"robots\" content=\"index, follow, max-snippet:-1, max-image-preview:large, max-video-preview:-1\" \/>\n<link rel=\"canonical\" href=\"https:\/\/vosgesinfo.fr\/remiremontinfo\/2025\/05\/infernal-trail-2025-lancement-des-inscriptions-benevoles\/\" \/>\n<meta name=\"twitter:card\" content=\"summary_large_image\" \/>\n<meta name=\"twitter:title\" content=\"Infernal Trail 2025 : lancement des inscriptions b\u00e9n\u00e9voles - Remiremont Info\" \/>\n<meta name=\"twitter:description\" content=\"Le grand moment est arriv\u00e9 : notre plateforme d&rsquo;inscription pour les b\u00e9n\u00e9voles est d\u00e9sormais ouverte ! La 17\u1d49 \u00e9dition de [&hellip;]\" \/>\n<meta name=\"twitter:image\" content=\"https:\/\/vosgesinfo.fr\/app\/uploads\/sites\/5\/2025\/05\/benevoles-infernal-trail-.webp\" \/>\n<meta name=\"twitter:creator\" content=\"@VosgesInfo88\" \/>\n<meta name=\"twitter:site\" content=\"@VosgesInfo88\" \/>\n<meta name=\"twitter:label1\" content=\"\u00c9crit par\" \/>\n\t<meta name=\"twitter:data1\" content=\"La redaction\" \/>\n\t<meta name=\"twitter:label2\" content=\"Dur\u00e9e de lecture estim\u00e9e\" \/>\n\t<meta name=\"twitter:data2\" content=\"3 minutes\" \/>\n<script type=\"application\/ld+json\" class=\"yoast-schema-graph\">{\"@context\":\"https:\/\/schema.org\",\"@graph\":[{\"@type\":\"Article\",\"@id\":\"https:\/\/vosgesinfo.fr\/remiremontinfo\/2025\/05\/infernal-trail-2025-lancement-des-inscriptions-benevoles\/#article\",\"isPartOf\":{\"@id\":\"https:\/\/vosgesinfo.fr\/remiremontinfo\/2025\/05\/infernal-trail-2025-lancement-des-inscriptions-benevoles\/\"},\"author\":{\"name\":\"La redaction\",\"@id\":\"https:\/\/vosgesinfo.fr\/remiremontinfo\/#\/schema\/person\/27a3695b06db98895b354c0765cdfc31\"},\"headline\":\"Infernal Trail 2025 : lancement des inscriptions b\u00e9n\u00e9voles\",\"datePublished\":\"2025-05-02T08:50:28+00:00\",\"dateModified\":\"2025-05-02T07:55:40+00:00\",\"mainEntityOfPage\":{\"@id\":\"https:\/\/vosgesinfo.fr\/remiremontinfo\/2025\/05\/infernal-trail-2025-lancement-des-inscriptions-benevoles\/\"},\"wordCount\":541,\"commentCount\":0,\"publisher\":{\"@id\":\"https:\/\/vosgesinfo.fr\/remiremontinfo\/#organization\"},\"image\":{\"@id\":\"https:\/\/vosgesinfo.fr\/remiremontinfo\/2025\/05\/infernal-trail-2025-lancement-des-inscriptions-benevoles\/#primaryimage\"},\"thumbnailUrl\":\"https:\/\/vosgesinfo.fr\/app\/uploads\/sites\/5\/2025\/05\/benevoles-infernal-trail-.webp\",\"keywords\":[\"benevoles\",\"Infernal Trail\"],\"articleSection\":[\"A la Une\",\"Agenda\",\"Ev\u00e8nements\",\"Remiremont\",\"Sport\",\"Vosges\"],\"inLanguage\":\"fr-FR\",\"potentialAction\":[{\"@type\":\"CommentAction\",\"name\":\"Comment\",\"target\":[\"https:\/\/vosgesinfo.fr\/remiremontinfo\/2025\/05\/infernal-trail-2025-lancement-des-inscriptions-benevoles\/#respond\"]}]},{\"@type\":\"WebPage\",\"@id\":\"https:\/\/vosgesinfo.fr\/remiremontinfo\/2025\/05\/infernal-trail-2025-lancement-des-inscriptions-benevoles\/\",\"url\":\"https:\/\/vosgesinfo.fr\/remiremontinfo\/2025\/05\/infernal-trail-2025-lancement-des-inscriptions-benevoles\/\",\"name\":\"Infernal Trail 2025 : lancement des inscriptions b\u00e9n\u00e9voles - Remiremont Info\",\"isPartOf\":{\"@id\":\"https:\/\/vosgesinfo.fr\/remiremontinfo\/#website\"},\"primaryImageOfPage\":{\"@id\":\"https:\/\/vosgesinfo.fr\/remiremontinfo\/2025\/05\/infernal-trail-2025-lancement-des-inscriptions-benevoles\/#primaryimage\"},\"image\":{\"@id\":\"https:\/\/vosgesinfo.fr\/remiremontinfo\/2025\/05\/infernal-trail-2025-lancement-des-inscriptions-benevoles\/#primaryimage\"},\"thumbnailUrl\":\"https:\/\/vosgesinfo.fr\/app\/uploads\/sites\/5\/2025\/05\/benevoles-infernal-trail-.webp\",\"datePublished\":\"2025-05-02T08:50:28+00:00\",\"dateModified\":\"2025-05-02T07:55:40+00:00\",\"breadcrumb\":{\"@id\":\"https:\/\/vosgesinfo.fr\/remiremontinfo\/2025\/05\/infernal-trail-2025-lancement-des-inscriptions-benevoles\/#breadcrumb\"},\"inLanguage\":\"fr-FR\",\"potentialAction\":[{\"@type\":\"ReadAction\",\"target\":[\"https:\/\/vosgesinfo.fr\/remiremontinfo\/2025\/05\/infernal-trail-2025-lancement-des-inscriptions-benevoles\/\"]}]},{\"@type\":\"ImageObject\",\"inLanguage\":\"fr-FR\",\"@id\":\"https:\/\/vosgesinfo.fr\/remiremontinfo\/2025\/05\/infernal-trail-2025-lancement-des-inscriptions-benevoles\/#primaryimage\",\"url\":\"https:\/\/vosgesinfo.fr\/app\/uploads\/sites\/5\/2025\/05\/benevoles-infernal-trail-.webp\",\"contentUrl\":\"https:\/\/vosgesinfo.fr\/app\/uploads\/sites\/5\/2025\/05\/benevoles-infernal-trail-.webp\",\"width\":1620,\"height\":1080,\"caption\":\"Photographie : Infernal Trail.\"},{\"@type\":\"BreadcrumbList\",\"@id\":\"https:\/\/vosgesinfo.fr\/remiremontinfo\/2025\/05\/infernal-trail-2025-lancement-des-inscriptions-benevoles\/#breadcrumb\",\"itemListElement\":[{\"@type\":\"ListItem\",\"position\":1,\"name\":\"Home\",\"item\":\"https:\/\/vosgesinfo.fr\/remiremontinfo\/\"},{\"@type\":\"ListItem\",\"position\":2,\"name\":\"Infernal Trail 2025 : lancement des inscriptions b\u00e9n\u00e9voles\"}]},{\"@type\":\"WebSite\",\"@id\":\"https:\/\/vosgesinfo.fr\/remiremontinfo\/#website\",\"url\":\"https:\/\/vosgesinfo.fr\/remiremontinfo\/\",\"name\":\"Remiremont Info\",\"description\":\"Toute l&#039;actualit\u00e9 de Remiremont\",\"publisher\":{\"@id\":\"https:\/\/vosgesinfo.fr\/remiremontinfo\/#organization\"},\"alternateName\":\"Toute l'actualit\u00e9 de Remiremont\",\"potentialAction\":[{\"@type\":\"SearchAction\",\"target\":{\"@type\":\"EntryPoint\",\"urlTemplate\":\"https:\/\/vosgesinfo.fr\/remiremontinfo\/?s={search_term_string}\"},\"query-input\":\"required name=search_term_string\"}],\"inLanguage\":\"fr-FR\"},{\"@type\":\"Organization\",\"@id\":\"https:\/\/vosgesinfo.fr\/remiremontinfo\/#organization\",\"name\":\"Remiremont Info\",\"url\":\"https:\/\/vosgesinfo.fr\/remiremontinfo\/\",\"logo\":{\"@type\":\"ImageObject\",\"inLanguage\":\"fr-FR\",\"@id\":\"https:\/\/vosgesinfo.fr\/remiremontinfo\/#\/schema\/logo\/image\/\",\"url\":\"https:\/\/vosgesinfo.fr\/app\/uploads\/sites\/5\/2023\/08\/favicon-remiremontinfo.png\",\"contentUrl\":\"https:\/\/vosgesinfo.fr\/app\/uploads\/sites\/5\/2023\/08\/favicon-remiremontinfo.png\",\"width\":512,\"height\":512,\"caption\":\"Remiremont Info\"},\"image\":{\"@id\":\"https:\/\/vosgesinfo.fr\/remiremontinfo\/#\/schema\/logo\/image\/\"},\"sameAs\":[\"https:\/\/www.facebook.com\/remiremontinfo\",\"https:\/\/x.com\/VosgesInfo88\",\"https:\/\/www.youtube.com\/@vosgesinfo\"]},{\"@type\":\"Person\",\"@id\":\"https:\/\/vosgesinfo.fr\/remiremontinfo\/#\/schema\/person\/27a3695b06db98895b354c0765cdfc31\",\"name\":\"La redaction\",\"image\":{\"@type\":\"ImageObject\",\"inLanguage\":\"fr-FR\",\"@id\":\"https:\/\/vosgesinfo.fr\/remiremontinfo\/#\/schema\/person\/image\/\",\"url\":\"https:\/\/secure.gravatar.com\/avatar\/64c76a78e501cedee55736f43f332df901e1896ae9cd8fad269ae2236dd0e8b6?s=96&d=mm&r=g\",\"contentUrl\":\"https:\/\/secure.gravatar.com\/avatar\/64c76a78e501cedee55736f43f332df901e1896ae9cd8fad269ae2236dd0e8b6?s=96&d=mm&r=g\",\"caption\":\"La redaction\"},\"url\":\"https:\/\/vosgesinfo.fr\/remiremontinfo\/author\/la-redaction\/\"}]}<\/script>\n<!-- \/ Yoast SEO plugin. -->","yoast_head_json":{"title":"Infernal Trail 2025 : lancement des inscriptions b\u00e9n\u00e9voles - Remiremont Info","robots":{"index":"index","follow":"follow","max-snippet":"max-snippet:-1","max-image-preview":"max-image-preview:large","max-video-preview":"max-video-preview:-1"},"canonical":"https:\/\/vosgesinfo.fr\/remiremontinfo\/2025\/05\/infernal-trail-2025-lancement-des-inscriptions-benevoles\/","twitter_card":"summary_large_image","twitter_title":"Infernal Trail 2025 : lancement des inscriptions b\u00e9n\u00e9voles - Remiremont Info","twitter_description":"Le grand moment est arriv\u00e9 : notre plateforme d&rsquo;inscription pour les b\u00e9n\u00e9voles est d\u00e9sormais ouverte ! La 17\u1d49 \u00e9dition de [&hellip;]","twitter_image":"https:\/\/vosgesinfo.fr\/app\/uploads\/sites\/5\/2025\/05\/benevoles-infernal-trail-.webp","twitter_creator":"@VosgesInfo88","twitter_site":"@VosgesInfo88","twitter_misc":{"\u00c9crit par":"La redaction","Dur\u00e9e de lecture estim\u00e9e":"3 minutes"},"schema":{"@context":"https:\/\/schema.org","@graph":[{"@type":"Article","@id":"https:\/\/vosgesinfo.fr\/remiremontinfo\/2025\/05\/infernal-trail-2025-lancement-des-inscriptions-benevoles\/#article","isPartOf":{"@id":"https:\/\/vosgesinfo.fr\/remiremontinfo\/2025\/05\/infernal-trail-2025-lancement-des-inscriptions-benevoles\/"},"author":{"name":"La redaction","@id":"https:\/\/vosgesinfo.fr\/remiremontinfo\/#\/schema\/person\/27a3695b06db98895b354c0765cdfc31"},"headline":"Infernal Trail 2025 : lancement des inscriptions b\u00e9n\u00e9voles","datePublished":"2025-05-02T08:50:28+00:00","dateModified":"2025-05-02T07:55:40+00:00","mainEntityOfPage":{"@id":"https:\/\/vosgesinfo.fr\/remiremontinfo\/2025\/05\/infernal-trail-2025-lancement-des-inscriptions-benevoles\/"},"wordCount":541,"commentCount":0,"publisher":{"@id":"https:\/\/vosgesinfo.fr\/remiremontinfo\/#organization"},"image":{"@id":"https:\/\/vosgesinfo.fr\/remiremontinfo\/2025\/05\/infernal-trail-2025-lancement-des-inscriptions-benevoles\/#primaryimage"},"thumbnailUrl":"https:\/\/vosgesinfo.fr\/app\/uploads\/sites\/5\/2025\/05\/benevoles-infernal-trail-.webp","keywords":["benevoles","Infernal Trail"],"articleSection":["A la Une","Agenda","Ev\u00e8nements","Remiremont","Sport","Vosges"],"inLanguage":"fr-FR","potentialAction":[{"@type":"CommentAction","name":"Comment","target":["https:\/\/vosgesinfo.fr\/remiremontinfo\/2025\/05\/infernal-trail-2025-lancement-des-inscriptions-benevoles\/#respond"]}]},{"@type":"WebPage","@id":"https:\/\/vosgesinfo.fr\/remiremontinfo\/2025\/05\/infernal-trail-2025-lancement-des-inscriptions-benevoles\/","url":"https:\/\/vosgesinfo.fr\/remiremontinfo\/2025\/05\/infernal-trail-2025-lancement-des-inscriptions-benevoles\/","name":"Infernal Trail 2025 : lancement des inscriptions b\u00e9n\u00e9voles - Remiremont Info","isPartOf":{"@id":"https:\/\/vosgesinfo.fr\/remiremontinfo\/#website"},"primaryImageOfPage":{"@id":"https:\/\/vosgesinfo.fr\/remiremontinfo\/2025\/05\/infernal-trail-2025-lancement-des-inscriptions-benevoles\/#primaryimage"},"image":{"@id":"https:\/\/vosgesinfo.fr\/remiremontinfo\/2025\/05\/infernal-trail-2025-lancement-des-inscriptions-benevoles\/#primaryimage"},"thumbnailUrl":"https:\/\/vosgesinfo.fr\/app\/uploads\/sites\/5\/2025\/05\/benevoles-infernal-trail-.webp","datePublished":"2025-05-02T08:50:28+00:00","dateModified":"2025-05-02T07:55:40+00:00","breadcrumb":{"@id":"https:\/\/vosgesinfo.fr\/remiremontinfo\/2025\/05\/infernal-trail-2025-lancement-des-inscriptions-benevoles\/#breadcrumb"},"inLanguage":"fr-FR","potentialAction":[{"@type":"ReadAction","target":["https:\/\/vosgesinfo.fr\/remiremontinfo\/2025\/05\/infernal-trail-2025-lancement-des-inscriptions-benevoles\/"]}]},{"@type":"ImageObject","inLanguage":"fr-FR","@id":"https:\/\/vosgesinfo.fr\/remiremontinfo\/2025\/05\/infernal-trail-2025-lancement-des-inscriptions-benevoles\/#primaryimage","url":"https:\/\/vosgesinfo.fr\/app\/uploads\/sites\/5\/2025\/05\/benevoles-infernal-trail-.webp","contentUrl":"https:\/\/vosgesinfo.fr\/app\/uploads\/sites\/5\/2025\/05\/benevoles-infernal-trail-.webp","width":1620,"height":1080,"caption":"Photographie : Infernal Trail."},{"@type":"BreadcrumbList","@id":"https:\/\/vosgesinfo.fr\/remiremontinfo\/2025\/05\/infernal-trail-2025-lancement-des-inscriptions-benevoles\/#breadcrumb","itemListElement":[{"@type":"ListItem","position":1,"name":"Home","item":"https:\/\/vosgesinfo.fr\/remiremontinfo\/"},{"@type":"ListItem","position":2,"name":"Infernal Trail 2025 : lancement des inscriptions b\u00e9n\u00e9voles"}]},{"@type":"WebSite","@id":"https:\/\/vosgesinfo.fr\/remiremontinfo\/#website","url":"https:\/\/vosgesinfo.fr\/remiremontinfo\/","name":"Remiremont Info","description":"Toute l&#039;actualit\u00e9 de Remiremont","publisher":{"@id":"https:\/\/vosgesinfo.fr\/remiremontinfo\/#organization"},"alternateName":"Toute l'actualit\u00e9 de Remiremont","potentialAction":[{"@type":"SearchAction","target":{"@type":"EntryPoint","urlTemplate":"https:\/\/vosgesinfo.fr\/remiremontinfo\/?s={search_term_string}"},"query-input":"required name=search_term_string"}],"inLanguage":"fr-FR"},{"@type":"Organization","@id":"https:\/\/vosgesinfo.fr\/remiremontinfo\/#organization","name":"Remiremont Info","url":"https:\/\/vosgesinfo.fr\/remiremontinfo\/","logo":{"@type":"ImageObject","inLanguage":"fr-FR","@id":"https:\/\/vosgesinfo.fr\/remiremontinfo\/#\/schema\/logo\/image\/","url":"https:\/\/vosgesinfo.fr\/app\/uploads\/sites\/5\/2023\/08\/favicon-remiremontinfo.png","contentUrl":"https:\/\/vosgesinfo.fr\/app\/uploads\/sites\/5\/2023\/08\/favicon-remiremontinfo.png","width":512,"height":512,"caption":"Remiremont Info"},"image":{"@id":"https:\/\/vosgesinfo.fr\/remiremontinfo\/#\/schema\/logo\/image\/"},"sameAs":["https:\/\/www.facebook.com\/remiremontinfo","https:\/\/x.com\/VosgesInfo88","https:\/\/www.youtube.com\/@vosgesinfo"]},{"@type":"Person","@id":"https:\/\/vosgesinfo.fr\/remiremontinfo\/#\/schema\/person\/27a3695b06db98895b354c0765cdfc31","name":"La redaction","image":{"@type":"ImageObject","inLanguage":"fr-FR","@id":"https:\/\/vosgesinfo.fr\/remiremontinfo\/#\/schema\/person\/image\/","url":"https:\/\/secure.gravatar.com\/avatar\/64c76a78e501cedee55736f43f332df901e1896ae9cd8fad269ae2236dd0e8b6?s=96&d=mm&r=g","contentUrl":"https:\/\/secure.gravatar.com\/avatar\/64c76a78e501cedee55736f43f332df901e1896ae9cd8fad269ae2236dd0e8b6?s=96&d=mm&r=g","caption":"La redaction"},"url":"https:\/\/vosgesinfo.fr\/remiremontinfo\/author\/la-redaction\/"}]}},"_links":{"self":[{"href":"https:\/\/vosgesinfo.fr\/remiremontinfo\/wp-json\/wp\/v2\/posts\/81373","targetHints":{"allow":["GET"]}}],"collection":[{"href":"https:\/\/vosgesinfo.fr\/remiremontinfo\/wp-json\/wp\/v2\/posts"}],"about":[{"href":"https:\/\/vosgesinfo.fr\/remiremontinfo\/wp-json\/wp\/v2\/types\/post"}],"author":[{"embeddable":true,"href":"https:\/\/vosgesinfo.fr\/remiremontinfo\/wp-json\/wp\/v2\/users\/391"}],"replies":[{"embeddable":true,"href":"https:\/\/vosgesinfo.fr\/remiremontinfo\/wp-json\/wp\/v2\/comments?post=81373"}],"version-history":[{"count":1,"href":"https:\/\/vosgesinfo.fr\/remiremontinfo\/wp-json\/wp\/v2\/posts\/81373\/revisions"}],"predecessor-version":[{"id":81375,"href":"https:\/\/vosgesinfo.fr\/remiremontinfo\/wp-json\/wp\/v2\/posts\/81373\/revisions\/81375"}],"wp:featuredmedia":[{"embeddable":true,"href":"https:\/\/vosgesinfo.fr\/remiremontinfo\/wp-json\/wp\/v2\/media\/81374"}],"wp:attachment":[{"href":"https:\/\/vosgesinfo.fr\/remiremontinfo\/wp-json\/wp\/v2\/media?parent=81373"}],"wp:term":[{"taxonomy":"category","embeddable":true,"href":"https:\/\/vosgesinfo.fr\/remiremontinfo\/wp-json\/wp\/v2\/categories?post=81373"},{"taxonomy":"post_tag","embeddable":true,"href":"https:\/\/vosgesinfo.fr\/remiremontinfo\/wp-json\/wp\/v2\/tags?post=81373"}],"curies":[{"name":"wp","href":"https:\/\/api.w.org\/{rel}","templated":true}]}}