{"id":81443,"date":"2025-05-06T17:00:58","date_gmt":"2025-05-06T15:00:58","guid":{"rendered":"https:\/\/vosgesinfo.fr\/remiremontinfo\/?p=81443"},"modified":"2025-05-06T16:08:42","modified_gmt":"2025-05-06T14:08:42","slug":"remiremont-le-3e-prix-de-la-ville-reunira-les-jeunes-cyclistes-au-plan-deau-le-8-mai","status":"publish","type":"post","link":"https:\/\/vosgesinfo.fr\/remiremontinfo\/2025\/05\/remiremont-le-3e-prix-de-la-ville-reunira-les-jeunes-cyclistes-au-plan-deau-le-8-mai\/","title":{"rendered":"Remiremont : le 3e Prix de la Ville r\u00e9unira les jeunes cyclistes au plan d\u2019eau le 8 mai"},"content":{"rendered":"<p class=\"\" data-start=\"161\" data-end=\"511\"><strong>Le jeudi 8 mai 2025, le secteur du plan d\u2019eau de Remiremont accueillera la 3e \u00e9dition du Prix de la Ville, une manifestation sportive d\u00e9di\u00e9e aux jeunes cyclistes. Organis\u00e9 par l\u2019Union Cycliste de Remiremont (UCR), l\u2019\u00e9v\u00e9nement prendra la forme d\u2019un rassemblement des \u00e9coles de v\u00e9lo, avec d\u00e9j\u00e0 une quarantaine de jeunes engag\u00e9s.<\/strong><\/p>\n<p class=\"\" data-start=\"513\" data-end=\"854\">Ce rendez-vous, inscrit dans le calendrier r\u00e9gional, vise \u00e0 promouvoir la pratique du cyclisme chez les plus jeunes, dans un cadre s\u00e9curis\u00e9 et adapt\u00e9. Les jeunes comp\u00e9titeurs, issus de diff\u00e9rents clubs, auront l\u2019occasion de s\u2019affronter dans un esprit de convivialit\u00e9 et de fair-play, tout en d\u00e9veloppant leur technique et leur endurance.<\/p>\n<p class=\"\" data-start=\"856\" data-end=\"1126\">Le secteur du plan d\u2019eau offre un environnement naturel id\u00e9al pour ce type de manifestation, \u00e0 la fois accessible au public et propice \u00e0 l\u2019organisation de circuits vari\u00e9s. Parents, supporters et curieux sont les bienvenus pour encourager la rel\u00e8ve du cyclisme local.<\/p>\n<p class=\"\" data-start=\"1128\" data-end=\"1315\">Ce rassemblement s\u2019inscrit pleinement dans la dynamique sportive de la ville et du territoire, et met en lumi\u00e8re l\u2019engagement de l\u2019UCR en faveur du d\u00e9veloppement du sport chez les jeunes.<\/p>\n<p data-start=\"1128\" data-end=\"1315\"><a href=\"https:\/\/vosgesinfo.fr\/app\/uploads\/sites\/5\/2025\/05\/affiche-rassemblement-des-ecoles-de-cyclisme-8mai2025-1-page-0001.jpg\"><img decoding=\"async\" class=\"aligncenter size-full wp-image-81444\" src=\"https:\/\/vosgesinfo.fr\/app\/uploads\/sites\/5\/2025\/05\/affiche-rassemblement-des-ecoles-de-cyclisme-8mai2025-1-page-0001.jpg\" alt=\"\" width=\"1241\" height=\"1755\" srcset=\"https:\/\/vosgesinfo.fr\/app\/uploads\/sites\/5\/2025\/05\/affiche-rassemblement-des-ecoles-de-cyclisme-8mai2025-1-page-0001.jpg 1241w, https:\/\/vosgesinfo.fr\/app\/uploads\/sites\/5\/2025\/05\/affiche-rassemblement-des-ecoles-de-cyclisme-8mai2025-1-page-0001-212x300.jpg 212w, https:\/\/vosgesinfo.fr\/app\/uploads\/sites\/5\/2025\/05\/affiche-rassemblement-des-ecoles-de-cyclisme-8mai2025-1-page-0001-724x1024.jpg 724w, https:\/\/vosgesinfo.fr\/app\/uploads\/sites\/5\/2025\/05\/affiche-rassemblement-des-ecoles-de-cyclisme-8mai2025-1-page-0001-768x1086.jpg 768w, https:\/\/vosgesinfo.fr\/app\/uploads\/sites\/5\/2025\/05\/affiche-rassemblement-des-ecoles-de-cyclisme-8mai2025-1-page-0001-1086x1536.jpg 1086w\" sizes=\"(max-width: 1241px) 100vw, 1241px\" \/><\/a><\/p>\n","protected":false},"excerpt":{"rendered":"<p>Le jeudi 8 mai 2025, le secteur du plan d\u2019eau de Remiremont accueillera la 3e \u00e9dition du Prix de la [&hellip;]<\/p>\n","protected":false},"author":418,"featured_media":81444,"comment_status":"open","ping_status":"open","sticky":false,"template":"","format":"standard","meta":{"footnotes":""},"categories":[26,594,43,17],"tags":[7879,44,1315],"class_list":["post-81443","post","type-post","status-publish","format-standard","has-post-thumbnail","hentry","category-a-la-une","category-agenda","category-remiremont-remiremont-son-canton","category-vie-associative","tag-prix-de-la-ville","tag-remiremont","tag-ucr"],"acf":[],"yoast_head":"<!-- This site is optimized with the Yoast SEO plugin v22.5 - https:\/\/yoast.com\/wordpress\/plugins\/seo\/ -->\n<title>Remiremont : le 3e Prix de la Ville r\u00e9unira les jeunes cyclistes au plan d\u2019eau le 8 mai - Remiremont Info<\/title>\n<meta name=\"robots\" content=\"index, follow, max-snippet:-1, max-image-preview:large, max-video-preview:-1\" \/>\n<link rel=\"canonical\" href=\"https:\/\/vosgesinfo.fr\/remiremontinfo\/2025\/05\/remiremont-le-3e-prix-de-la-ville-reunira-les-jeunes-cyclistes-au-plan-deau-le-8-mai\/\" \/>\n<meta name=\"twitter:card\" content=\"summary_large_image\" \/>\n<meta name=\"twitter:title\" content=\"Remiremont : le 3e Prix de la Ville r\u00e9unira les jeunes cyclistes au plan d\u2019eau le 8 mai - Remiremont Info\" \/>\n<meta name=\"twitter:description\" content=\"Le jeudi 8 mai 2025, le secteur du plan d\u2019eau de Remiremont accueillera la 3e \u00e9dition du Prix de la [&hellip;]\" \/>\n<meta name=\"twitter:image\" content=\"https:\/\/vosgesinfo.fr\/app\/uploads\/sites\/5\/2025\/05\/affiche-rassemblement-des-ecoles-de-cyclisme-8mai2025-1-page-0001.jpg\" \/>\n<meta name=\"twitter:creator\" content=\"@VosgesInfo88\" \/>\n<meta name=\"twitter:site\" content=\"@VosgesInfo88\" \/>\n<meta name=\"twitter:label1\" content=\"\u00c9crit par\" \/>\n\t<meta name=\"twitter:data1\" content=\"C.M\" \/>\n\t<meta name=\"twitter:label2\" content=\"Dur\u00e9e de lecture estim\u00e9e\" \/>\n\t<meta name=\"twitter:data2\" content=\"1 minute\" \/>\n<script type=\"application\/ld+json\" class=\"yoast-schema-graph\">{\"@context\":\"https:\/\/schema.org\",\"@graph\":[{\"@type\":\"Article\",\"@id\":\"https:\/\/vosgesinfo.fr\/remiremontinfo\/2025\/05\/remiremont-le-3e-prix-de-la-ville-reunira-les-jeunes-cyclistes-au-plan-deau-le-8-mai\/#article\",\"isPartOf\":{\"@id\":\"https:\/\/vosgesinfo.fr\/remiremontinfo\/2025\/05\/remiremont-le-3e-prix-de-la-ville-reunira-les-jeunes-cyclistes-au-plan-deau-le-8-mai\/\"},\"author\":{\"name\":\"C.M\",\"@id\":\"https:\/\/vosgesinfo.fr\/remiremontinfo\/#\/schema\/person\/4f38cd3068e342935b7304695c797d08\"},\"headline\":\"Remiremont : le 3e Prix de la Ville r\u00e9unira les jeunes cyclistes au plan d\u2019eau le 8 mai\",\"datePublished\":\"2025-05-06T15:00:58+00:00\",\"dateModified\":\"2025-05-06T14:08:42+00:00\",\"mainEntityOfPage\":{\"@id\":\"https:\/\/vosgesinfo.fr\/remiremontinfo\/2025\/05\/remiremont-le-3e-prix-de-la-ville-reunira-les-jeunes-cyclistes-au-plan-deau-le-8-mai\/\"},\"wordCount\":215,\"commentCount\":0,\"publisher\":{\"@id\":\"https:\/\/vosgesinfo.fr\/remiremontinfo\/#organization\"},\"image\":{\"@id\":\"https:\/\/vosgesinfo.fr\/remiremontinfo\/2025\/05\/remiremont-le-3e-prix-de-la-ville-reunira-les-jeunes-cyclistes-au-plan-deau-le-8-mai\/#primaryimage\"},\"thumbnailUrl\":\"https:\/\/vosgesinfo.fr\/app\/uploads\/sites\/5\/2025\/05\/affiche-rassemblement-des-ecoles-de-cyclisme-8mai2025-1-page-0001.jpg\",\"keywords\":[\"Prix de la ville\",\"remiremont\",\"UCR\"],\"articleSection\":[\"A la Une\",\"Agenda\",\"Remiremont\",\"Vie associative\"],\"inLanguage\":\"fr-FR\",\"potentialAction\":[{\"@type\":\"CommentAction\",\"name\":\"Comment\",\"target\":[\"https:\/\/vosgesinfo.fr\/remiremontinfo\/2025\/05\/remiremont-le-3e-prix-de-la-ville-reunira-les-jeunes-cyclistes-au-plan-deau-le-8-mai\/#respond\"]}]},{\"@type\":\"WebPage\",\"@id\":\"https:\/\/vosgesinfo.fr\/remiremontinfo\/2025\/05\/remiremont-le-3e-prix-de-la-ville-reunira-les-jeunes-cyclistes-au-plan-deau-le-8-mai\/\",\"url\":\"https:\/\/vosgesinfo.fr\/remiremontinfo\/2025\/05\/remiremont-le-3e-prix-de-la-ville-reunira-les-jeunes-cyclistes-au-plan-deau-le-8-mai\/\",\"name\":\"Remiremont : le 3e Prix de la Ville r\u00e9unira les jeunes cyclistes au plan d\u2019eau le 8 mai - Remiremont Info\",\"isPartOf\":{\"@id\":\"https:\/\/vosgesinfo.fr\/remiremontinfo\/#website\"},\"primaryImageOfPage\":{\"@id\":\"https:\/\/vosgesinfo.fr\/remiremontinfo\/2025\/05\/remiremont-le-3e-prix-de-la-ville-reunira-les-jeunes-cyclistes-au-plan-deau-le-8-mai\/#primaryimage\"},\"image\":{\"@id\":\"https:\/\/vosgesinfo.fr\/remiremontinfo\/2025\/05\/remiremont-le-3e-prix-de-la-ville-reunira-les-jeunes-cyclistes-au-plan-deau-le-8-mai\/#primaryimage\"},\"thumbnailUrl\":\"https:\/\/vosgesinfo.fr\/app\/uploads\/sites\/5\/2025\/05\/affiche-rassemblement-des-ecoles-de-cyclisme-8mai2025-1-page-0001.jpg\",\"datePublished\":\"2025-05-06T15:00:58+00:00\",\"dateModified\":\"2025-05-06T14:08:42+00:00\",\"breadcrumb\":{\"@id\":\"https:\/\/vosgesinfo.fr\/remiremontinfo\/2025\/05\/remiremont-le-3e-prix-de-la-ville-reunira-les-jeunes-cyclistes-au-plan-deau-le-8-mai\/#breadcrumb\"},\"inLanguage\":\"fr-FR\",\"potentialAction\":[{\"@type\":\"ReadAction\",\"target\":[\"https:\/\/vosgesinfo.fr\/remiremontinfo\/2025\/05\/remiremont-le-3e-prix-de-la-ville-reunira-les-jeunes-cyclistes-au-plan-deau-le-8-mai\/\"]}]},{\"@type\":\"ImageObject\",\"inLanguage\":\"fr-FR\",\"@id\":\"https:\/\/vosgesinfo.fr\/remiremontinfo\/2025\/05\/remiremont-le-3e-prix-de-la-ville-reunira-les-jeunes-cyclistes-au-plan-deau-le-8-mai\/#primaryimage\",\"url\":\"https:\/\/vosgesinfo.fr\/app\/uploads\/sites\/5\/2025\/05\/affiche-rassemblement-des-ecoles-de-cyclisme-8mai2025-1-page-0001.jpg\",\"contentUrl\":\"https:\/\/vosgesinfo.fr\/app\/uploads\/sites\/5\/2025\/05\/affiche-rassemblement-des-ecoles-de-cyclisme-8mai2025-1-page-0001.jpg\",\"width\":1241,\"height\":1755},{\"@type\":\"BreadcrumbList\",\"@id\":\"https:\/\/vosgesinfo.fr\/remiremontinfo\/2025\/05\/remiremont-le-3e-prix-de-la-ville-reunira-les-jeunes-cyclistes-au-plan-deau-le-8-mai\/#breadcrumb\",\"itemListElement\":[{\"@type\":\"ListItem\",\"position\":1,\"name\":\"Home\",\"item\":\"https:\/\/vosgesinfo.fr\/remiremontinfo\/\"},{\"@type\":\"ListItem\",\"position\":2,\"name\":\"Remiremont : le 3e Prix de la Ville r\u00e9unira les jeunes cyclistes au plan d\u2019eau le 8 mai\"}]},{\"@type\":\"WebSite\",\"@id\":\"https:\/\/vosgesinfo.fr\/remiremontinfo\/#website\",\"url\":\"https:\/\/vosgesinfo.fr\/remiremontinfo\/\",\"name\":\"Remiremont Info\",\"description\":\"Toute l&#039;actualit\u00e9 de Remiremont\",\"publisher\":{\"@id\":\"https:\/\/vosgesinfo.fr\/remiremontinfo\/#organization\"},\"alternateName\":\"Toute l'actualit\u00e9 de Remiremont\",\"potentialAction\":[{\"@type\":\"SearchAction\",\"target\":{\"@type\":\"EntryPoint\",\"urlTemplate\":\"https:\/\/vosgesinfo.fr\/remiremontinfo\/?s={search_term_string}\"},\"query-input\":\"required name=search_term_string\"}],\"inLanguage\":\"fr-FR\"},{\"@type\":\"Organization\",\"@id\":\"https:\/\/vosgesinfo.fr\/remiremontinfo\/#organization\",\"name\":\"Remiremont Info\",\"url\":\"https:\/\/vosgesinfo.fr\/remiremontinfo\/\",\"logo\":{\"@type\":\"ImageObject\",\"inLanguage\":\"fr-FR\",\"@id\":\"https:\/\/vosgesinfo.fr\/remiremontinfo\/#\/schema\/logo\/image\/\",\"url\":\"https:\/\/vosgesinfo.fr\/app\/uploads\/sites\/5\/2023\/08\/favicon-remiremontinfo.png\",\"contentUrl\":\"https:\/\/vosgesinfo.fr\/app\/uploads\/sites\/5\/2023\/08\/favicon-remiremontinfo.png\",\"width\":512,\"height\":512,\"caption\":\"Remiremont Info\"},\"image\":{\"@id\":\"https:\/\/vosgesinfo.fr\/remiremontinfo\/#\/schema\/logo\/image\/\"},\"sameAs\":[\"https:\/\/www.facebook.com\/remiremontinfo\",\"https:\/\/x.com\/VosgesInfo88\",\"https:\/\/www.youtube.com\/@vosgesinfo\"]},{\"@type\":\"Person\",\"@id\":\"https:\/\/vosgesinfo.fr\/remiremontinfo\/#\/schema\/person\/4f38cd3068e342935b7304695c797d08\",\"name\":\"C.M\",\"image\":{\"@type\":\"ImageObject\",\"inLanguage\":\"fr-FR\",\"@id\":\"https:\/\/vosgesinfo.fr\/remiremontinfo\/#\/schema\/person\/image\/\",\"url\":\"https:\/\/secure.gravatar.com\/avatar\/fe9daaef0164d920717484172682f3c5c9bcf7d42aa8c7048c76c34f0eb6c8da?s=96&d=mm&r=g\",\"contentUrl\":\"https:\/\/secure.gravatar.com\/avatar\/fe9daaef0164d920717484172682f3c5c9bcf7d42aa8c7048c76c34f0eb6c8da?s=96&d=mm&r=g\",\"caption\":\"C.M\"},\"url\":\"https:\/\/vosgesinfo.fr\/remiremontinfo\/author\/cm88200\/\"}]}<\/script>\n<!-- \/ Yoast SEO plugin. -->","yoast_head_json":{"title":"Remiremont : le 3e Prix de la Ville r\u00e9unira les jeunes cyclistes au plan d\u2019eau le 8 mai - Remiremont Info","robots":{"index":"index","follow":"follow","max-snippet":"max-snippet:-1","max-image-preview":"max-image-preview:large","max-video-preview":"max-video-preview:-1"},"canonical":"https:\/\/vosgesinfo.fr\/remiremontinfo\/2025\/05\/remiremont-le-3e-prix-de-la-ville-reunira-les-jeunes-cyclistes-au-plan-deau-le-8-mai\/","twitter_card":"summary_large_image","twitter_title":"Remiremont : le 3e Prix de la Ville r\u00e9unira les jeunes cyclistes au plan d\u2019eau le 8 mai - Remiremont Info","twitter_description":"Le jeudi 8 mai 2025, le secteur du plan d\u2019eau de Remiremont accueillera la 3e \u00e9dition du Prix de la [&hellip;]","twitter_image":"https:\/\/vosgesinfo.fr\/app\/uploads\/sites\/5\/2025\/05\/affiche-rassemblement-des-ecoles-de-cyclisme-8mai2025-1-page-0001.jpg","twitter_creator":"@VosgesInfo88","twitter_site":"@VosgesInfo88","twitter_misc":{"\u00c9crit par":"C.M","Dur\u00e9e de lecture estim\u00e9e":"1 minute"},"schema":{"@context":"https:\/\/schema.org","@graph":[{"@type":"Article","@id":"https:\/\/vosgesinfo.fr\/remiremontinfo\/2025\/05\/remiremont-le-3e-prix-de-la-ville-reunira-les-jeunes-cyclistes-au-plan-deau-le-8-mai\/#article","isPartOf":{"@id":"https:\/\/vosgesinfo.fr\/remiremontinfo\/2025\/05\/remiremont-le-3e-prix-de-la-ville-reunira-les-jeunes-cyclistes-au-plan-deau-le-8-mai\/"},"author":{"name":"C.M","@id":"https:\/\/vosgesinfo.fr\/remiremontinfo\/#\/schema\/person\/4f38cd3068e342935b7304695c797d08"},"headline":"Remiremont : le 3e Prix de la Ville r\u00e9unira les jeunes cyclistes au plan d\u2019eau le 8 mai","datePublished":"2025-05-06T15:00:58+00:00","dateModified":"2025-05-06T14:08:42+00:00","mainEntityOfPage":{"@id":"https:\/\/vosgesinfo.fr\/remiremontinfo\/2025\/05\/remiremont-le-3e-prix-de-la-ville-reunira-les-jeunes-cyclistes-au-plan-deau-le-8-mai\/"},"wordCount":215,"commentCount":0,"publisher":{"@id":"https:\/\/vosgesinfo.fr\/remiremontinfo\/#organization"},"image":{"@id":"https:\/\/vosgesinfo.fr\/remiremontinfo\/2025\/05\/remiremont-le-3e-prix-de-la-ville-reunira-les-jeunes-cyclistes-au-plan-deau-le-8-mai\/#primaryimage"},"thumbnailUrl":"https:\/\/vosgesinfo.fr\/app\/uploads\/sites\/5\/2025\/05\/affiche-rassemblement-des-ecoles-de-cyclisme-8mai2025-1-page-0001.jpg","keywords":["Prix de la ville","remiremont","UCR"],"articleSection":["A la Une","Agenda","Remiremont","Vie associative"],"inLanguage":"fr-FR","potentialAction":[{"@type":"CommentAction","name":"Comment","target":["https:\/\/vosgesinfo.fr\/remiremontinfo\/2025\/05\/remiremont-le-3e-prix-de-la-ville-reunira-les-jeunes-cyclistes-au-plan-deau-le-8-mai\/#respond"]}]},{"@type":"WebPage","@id":"https:\/\/vosgesinfo.fr\/remiremontinfo\/2025\/05\/remiremont-le-3e-prix-de-la-ville-reunira-les-jeunes-cyclistes-au-plan-deau-le-8-mai\/","url":"https:\/\/vosgesinfo.fr\/remiremontinfo\/2025\/05\/remiremont-le-3e-prix-de-la-ville-reunira-les-jeunes-cyclistes-au-plan-deau-le-8-mai\/","name":"Remiremont : le 3e Prix de la Ville r\u00e9unira les jeunes cyclistes au plan d\u2019eau le 8 mai - Remiremont Info","isPartOf":{"@id":"https:\/\/vosgesinfo.fr\/remiremontinfo\/#website"},"primaryImageOfPage":{"@id":"https:\/\/vosgesinfo.fr\/remiremontinfo\/2025\/05\/remiremont-le-3e-prix-de-la-ville-reunira-les-jeunes-cyclistes-au-plan-deau-le-8-mai\/#primaryimage"},"image":{"@id":"https:\/\/vosgesinfo.fr\/remiremontinfo\/2025\/05\/remiremont-le-3e-prix-de-la-ville-reunira-les-jeunes-cyclistes-au-plan-deau-le-8-mai\/#primaryimage"},"thumbnailUrl":"https:\/\/vosgesinfo.fr\/app\/uploads\/sites\/5\/2025\/05\/affiche-rassemblement-des-ecoles-de-cyclisme-8mai2025-1-page-0001.jpg","datePublished":"2025-05-06T15:00:58+00:00","dateModified":"2025-05-06T14:08:42+00:00","breadcrumb":{"@id":"https:\/\/vosgesinfo.fr\/remiremontinfo\/2025\/05\/remiremont-le-3e-prix-de-la-ville-reunira-les-jeunes-cyclistes-au-plan-deau-le-8-mai\/#breadcrumb"},"inLanguage":"fr-FR","potentialAction":[{"@type":"ReadAction","target":["https:\/\/vosgesinfo.fr\/remiremontinfo\/2025\/05\/remiremont-le-3e-prix-de-la-ville-reunira-les-jeunes-cyclistes-au-plan-deau-le-8-mai\/"]}]},{"@type":"ImageObject","inLanguage":"fr-FR","@id":"https:\/\/vosgesinfo.fr\/remiremontinfo\/2025\/05\/remiremont-le-3e-prix-de-la-ville-reunira-les-jeunes-cyclistes-au-plan-deau-le-8-mai\/#primaryimage","url":"https:\/\/vosgesinfo.fr\/app\/uploads\/sites\/5\/2025\/05\/affiche-rassemblement-des-ecoles-de-cyclisme-8mai2025-1-page-0001.jpg","contentUrl":"https:\/\/vosgesinfo.fr\/app\/uploads\/sites\/5\/2025\/05\/affiche-rassemblement-des-ecoles-de-cyclisme-8mai2025-1-page-0001.jpg","width":1241,"height":1755},{"@type":"BreadcrumbList","@id":"https:\/\/vosgesinfo.fr\/remiremontinfo\/2025\/05\/remiremont-le-3e-prix-de-la-ville-reunira-les-jeunes-cyclistes-au-plan-deau-le-8-mai\/#breadcrumb","itemListElement":[{"@type":"ListItem","position":1,"name":"Home","item":"https:\/\/vosgesinfo.fr\/remiremontinfo\/"},{"@type":"ListItem","position":2,"name":"Remiremont : le 3e Prix de la Ville r\u00e9unira les jeunes cyclistes au plan d\u2019eau le 8 mai"}]},{"@type":"WebSite","@id":"https:\/\/vosgesinfo.fr\/remiremontinfo\/#website","url":"https:\/\/vosgesinfo.fr\/remiremontinfo\/","name":"Remiremont Info","description":"Toute l&#039;actualit\u00e9 de Remiremont","publisher":{"@id":"https:\/\/vosgesinfo.fr\/remiremontinfo\/#organization"},"alternateName":"Toute l'actualit\u00e9 de Remiremont","potentialAction":[{"@type":"SearchAction","target":{"@type":"EntryPoint","urlTemplate":"https:\/\/vosgesinfo.fr\/remiremontinfo\/?s={search_term_string}"},"query-input":"required name=search_term_string"}],"inLanguage":"fr-FR"},{"@type":"Organization","@id":"https:\/\/vosgesinfo.fr\/remiremontinfo\/#organization","name":"Remiremont Info","url":"https:\/\/vosgesinfo.fr\/remiremontinfo\/","logo":{"@type":"ImageObject","inLanguage":"fr-FR","@id":"https:\/\/vosgesinfo.fr\/remiremontinfo\/#\/schema\/logo\/image\/","url":"https:\/\/vosgesinfo.fr\/app\/uploads\/sites\/5\/2023\/08\/favicon-remiremontinfo.png","contentUrl":"https:\/\/vosgesinfo.fr\/app\/uploads\/sites\/5\/2023\/08\/favicon-remiremontinfo.png","width":512,"height":512,"caption":"Remiremont Info"},"image":{"@id":"https:\/\/vosgesinfo.fr\/remiremontinfo\/#\/schema\/logo\/image\/"},"sameAs":["https:\/\/www.facebook.com\/remiremontinfo","https:\/\/x.com\/VosgesInfo88","https:\/\/www.youtube.com\/@vosgesinfo"]},{"@type":"Person","@id":"https:\/\/vosgesinfo.fr\/remiremontinfo\/#\/schema\/person\/4f38cd3068e342935b7304695c797d08","name":"C.M","image":{"@type":"ImageObject","inLanguage":"fr-FR","@id":"https:\/\/vosgesinfo.fr\/remiremontinfo\/#\/schema\/person\/image\/","url":"https:\/\/secure.gravatar.com\/avatar\/fe9daaef0164d920717484172682f3c5c9bcf7d42aa8c7048c76c34f0eb6c8da?s=96&d=mm&r=g","contentUrl":"https:\/\/secure.gravatar.com\/avatar\/fe9daaef0164d920717484172682f3c5c9bcf7d42aa8c7048c76c34f0eb6c8da?s=96&d=mm&r=g","caption":"C.M"},"url":"https:\/\/vosgesinfo.fr\/remiremontinfo\/author\/cm88200\/"}]}},"_links":{"self":[{"href":"https:\/\/vosgesinfo.fr\/remiremontinfo\/wp-json\/wp\/v2\/posts\/81443","targetHints":{"allow":["GET"]}}],"collection":[{"href":"https:\/\/vosgesinfo.fr\/remiremontinfo\/wp-json\/wp\/v2\/posts"}],"about":[{"href":"https:\/\/vosgesinfo.fr\/remiremontinfo\/wp-json\/wp\/v2\/types\/post"}],"author":[{"embeddable":true,"href":"https:\/\/vosgesinfo.fr\/remiremontinfo\/wp-json\/wp\/v2\/users\/418"}],"replies":[{"embeddable":true,"href":"https:\/\/vosgesinfo.fr\/remiremontinfo\/wp-json\/wp\/v2\/comments?post=81443"}],"version-history":[{"count":1,"href":"https:\/\/vosgesinfo.fr\/remiremontinfo\/wp-json\/wp\/v2\/posts\/81443\/revisions"}],"predecessor-version":[{"id":81445,"href":"https:\/\/vosgesinfo.fr\/remiremontinfo\/wp-json\/wp\/v2\/posts\/81443\/revisions\/81445"}],"wp:featuredmedia":[{"embeddable":true,"href":"https:\/\/vosgesinfo.fr\/remiremontinfo\/wp-json\/wp\/v2\/media\/81444"}],"wp:attachment":[{"href":"https:\/\/vosgesinfo.fr\/remiremontinfo\/wp-json\/wp\/v2\/media?parent=81443"}],"wp:term":[{"taxonomy":"category","embeddable":true,"href":"https:\/\/vosgesinfo.fr\/remiremontinfo\/wp-json\/wp\/v2\/categories?post=81443"},{"taxonomy":"post_tag","embeddable":true,"href":"https:\/\/vosgesinfo.fr\/remiremontinfo\/wp-json\/wp\/v2\/tags?post=81443"}],"curies":[{"name":"wp","href":"https:\/\/api.w.org\/{rel}","templated":true}]}}