{"id":81446,"date":"2025-05-06T18:00:07","date_gmt":"2025-05-06T16:00:07","guid":{"rendered":"https:\/\/vosgesinfo.fr\/remiremontinfo\/?p=81446"},"modified":"2025-05-06T16:13:23","modified_gmt":"2025-05-06T14:13:23","slug":"cleurie-le-grand-prix-de-la-municipalite-aura-lieu-ce-dimanche-11-mai","status":"publish","type":"post","link":"https:\/\/vosgesinfo.fr\/remiremontinfo\/2025\/05\/cleurie-le-grand-prix-de-la-municipalite-aura-lieu-ce-dimanche-11-mai\/","title":{"rendered":"Cleurie : le Grand Prix de la municipalit\u00e9 aura lieu ce dimanche 11 mai"},"content":{"rendered":"<p class=\"\" data-start=\"135\" data-end=\"334\"><strong>Ce dimanche 11 mai, la commune de Cleurie accueillera une nouvelle \u00e9dition du Grand Prix de la municipalit\u00e9, une journ\u00e9e sportive d\u00e9di\u00e9e aux jeunes cyclistes de la cat\u00e9gorie U7 \u00e0 U13.<\/strong><\/p>\n<p class=\"\" data-start=\"336\" data-end=\"515\">Au programme : course et sprints route d\u00e8s le d\u00e9but de matin\u00e9e sur le secteur de Xhoris, suivis de jeux et d\u2019\u00e9preuves de cyclocross organis\u00e9s dans la cour de l\u2019\u00e9cole.<\/p>\n<p class=\"\" data-start=\"517\" data-end=\"673\">Une belle occasion de voir s\u2019exprimer la rel\u00e8ve du cyclisme dans une ambiance conviviale et familiale, gr\u00e2ce \u00e0 une organisation pens\u00e9e pour les plus jeunes.<\/p>\n<p><a href=\"https:\/\/vosgesinfo.fr\/app\/uploads\/sites\/5\/2025\/05\/photo-1.jpeg\"><img decoding=\"async\" class=\"aligncenter size-full wp-image-81447\" src=\"https:\/\/vosgesinfo.fr\/app\/uploads\/sites\/5\/2025\/05\/photo-1.jpeg\" alt=\"\" width=\"1149\" height=\"1600\" srcset=\"https:\/\/vosgesinfo.fr\/app\/uploads\/sites\/5\/2025\/05\/photo-1.jpeg 1149w, https:\/\/vosgesinfo.fr\/app\/uploads\/sites\/5\/2025\/05\/photo-1-215x300.jpeg 215w, https:\/\/vosgesinfo.fr\/app\/uploads\/sites\/5\/2025\/05\/photo-1-735x1024.jpeg 735w, https:\/\/vosgesinfo.fr\/app\/uploads\/sites\/5\/2025\/05\/photo-1-768x1069.jpeg 768w, https:\/\/vosgesinfo.fr\/app\/uploads\/sites\/5\/2025\/05\/photo-1-1103x1536.jpeg 1103w\" sizes=\"(max-width: 1149px) 100vw, 1149px\" \/><\/a><\/p>\n","protected":false},"excerpt":{"rendered":"<p>Ce dimanche 11 mai, la commune de Cleurie accueillera une nouvelle \u00e9dition du Grand Prix de la municipalit\u00e9, une journ\u00e9e [&hellip;]<\/p>\n","protected":false},"author":418,"featured_media":81447,"comment_status":"open","ping_status":"open","sticky":false,"template":"","format":"standard","meta":{"footnotes":""},"categories":[26,594],"tags":[7880],"class_list":["post-81446","post","type-post","status-publish","format-standard","has-post-thumbnail","hentry","category-a-la-une","category-agenda","tag-grand-prix-de-la-municipalite-cleurie"],"acf":[],"yoast_head":"<!-- This site is optimized with the Yoast SEO plugin v22.5 - https:\/\/yoast.com\/wordpress\/plugins\/seo\/ -->\n<title>Cleurie : le Grand Prix de la municipalit\u00e9 aura lieu ce dimanche 11 mai - Remiremont Info<\/title>\n<meta name=\"robots\" content=\"index, follow, max-snippet:-1, max-image-preview:large, max-video-preview:-1\" \/>\n<link rel=\"canonical\" href=\"https:\/\/vosgesinfo.fr\/remiremontinfo\/2025\/05\/cleurie-le-grand-prix-de-la-municipalite-aura-lieu-ce-dimanche-11-mai\/\" \/>\n<meta name=\"twitter:card\" content=\"summary_large_image\" \/>\n<meta name=\"twitter:title\" content=\"Cleurie : le Grand Prix de la municipalit\u00e9 aura lieu ce dimanche 11 mai - Remiremont Info\" \/>\n<meta name=\"twitter:description\" content=\"Ce dimanche 11 mai, la commune de Cleurie accueillera une nouvelle \u00e9dition du Grand Prix de la municipalit\u00e9, une journ\u00e9e [&hellip;]\" \/>\n<meta name=\"twitter:image\" content=\"https:\/\/vosgesinfo.fr\/app\/uploads\/sites\/5\/2025\/05\/photo-1.jpeg\" \/>\n<meta name=\"twitter:creator\" content=\"@VosgesInfo88\" \/>\n<meta name=\"twitter:site\" content=\"@VosgesInfo88\" \/>\n<meta name=\"twitter:label1\" content=\"\u00c9crit par\" \/>\n\t<meta name=\"twitter:data1\" content=\"C.M\" \/>\n<script type=\"application\/ld+json\" class=\"yoast-schema-graph\">{\"@context\":\"https:\/\/schema.org\",\"@graph\":[{\"@type\":\"Article\",\"@id\":\"https:\/\/vosgesinfo.fr\/remiremontinfo\/2025\/05\/cleurie-le-grand-prix-de-la-municipalite-aura-lieu-ce-dimanche-11-mai\/#article\",\"isPartOf\":{\"@id\":\"https:\/\/vosgesinfo.fr\/remiremontinfo\/2025\/05\/cleurie-le-grand-prix-de-la-municipalite-aura-lieu-ce-dimanche-11-mai\/\"},\"author\":{\"name\":\"C.M\",\"@id\":\"https:\/\/vosgesinfo.fr\/remiremontinfo\/#\/schema\/person\/4f38cd3068e342935b7304695c797d08\"},\"headline\":\"Cleurie : le Grand Prix de la municipalit\u00e9 aura lieu ce dimanche 11 mai\",\"datePublished\":\"2025-05-06T16:00:07+00:00\",\"dateModified\":\"2025-05-06T14:13:23+00:00\",\"mainEntityOfPage\":{\"@id\":\"https:\/\/vosgesinfo.fr\/remiremontinfo\/2025\/05\/cleurie-le-grand-prix-de-la-municipalite-aura-lieu-ce-dimanche-11-mai\/\"},\"wordCount\":108,\"commentCount\":0,\"publisher\":{\"@id\":\"https:\/\/vosgesinfo.fr\/remiremontinfo\/#organization\"},\"image\":{\"@id\":\"https:\/\/vosgesinfo.fr\/remiremontinfo\/2025\/05\/cleurie-le-grand-prix-de-la-municipalite-aura-lieu-ce-dimanche-11-mai\/#primaryimage\"},\"thumbnailUrl\":\"https:\/\/vosgesinfo.fr\/app\/uploads\/sites\/5\/2025\/05\/photo-1.jpeg\",\"keywords\":[\"Grand prix de la municipalit\u00e9 Cleurie\"],\"articleSection\":[\"A la Une\",\"Agenda\"],\"inLanguage\":\"fr-FR\",\"potentialAction\":[{\"@type\":\"CommentAction\",\"name\":\"Comment\",\"target\":[\"https:\/\/vosgesinfo.fr\/remiremontinfo\/2025\/05\/cleurie-le-grand-prix-de-la-municipalite-aura-lieu-ce-dimanche-11-mai\/#respond\"]}]},{\"@type\":\"WebPage\",\"@id\":\"https:\/\/vosgesinfo.fr\/remiremontinfo\/2025\/05\/cleurie-le-grand-prix-de-la-municipalite-aura-lieu-ce-dimanche-11-mai\/\",\"url\":\"https:\/\/vosgesinfo.fr\/remiremontinfo\/2025\/05\/cleurie-le-grand-prix-de-la-municipalite-aura-lieu-ce-dimanche-11-mai\/\",\"name\":\"Cleurie : le Grand Prix de la municipalit\u00e9 aura lieu ce dimanche 11 mai - Remiremont Info\",\"isPartOf\":{\"@id\":\"https:\/\/vosgesinfo.fr\/remiremontinfo\/#website\"},\"primaryImageOfPage\":{\"@id\":\"https:\/\/vosgesinfo.fr\/remiremontinfo\/2025\/05\/cleurie-le-grand-prix-de-la-municipalite-aura-lieu-ce-dimanche-11-mai\/#primaryimage\"},\"image\":{\"@id\":\"https:\/\/vosgesinfo.fr\/remiremontinfo\/2025\/05\/cleurie-le-grand-prix-de-la-municipalite-aura-lieu-ce-dimanche-11-mai\/#primaryimage\"},\"thumbnailUrl\":\"https:\/\/vosgesinfo.fr\/app\/uploads\/sites\/5\/2025\/05\/photo-1.jpeg\",\"datePublished\":\"2025-05-06T16:00:07+00:00\",\"dateModified\":\"2025-05-06T14:13:23+00:00\",\"breadcrumb\":{\"@id\":\"https:\/\/vosgesinfo.fr\/remiremontinfo\/2025\/05\/cleurie-le-grand-prix-de-la-municipalite-aura-lieu-ce-dimanche-11-mai\/#breadcrumb\"},\"inLanguage\":\"fr-FR\",\"potentialAction\":[{\"@type\":\"ReadAction\",\"target\":[\"https:\/\/vosgesinfo.fr\/remiremontinfo\/2025\/05\/cleurie-le-grand-prix-de-la-municipalite-aura-lieu-ce-dimanche-11-mai\/\"]}]},{\"@type\":\"ImageObject\",\"inLanguage\":\"fr-FR\",\"@id\":\"https:\/\/vosgesinfo.fr\/remiremontinfo\/2025\/05\/cleurie-le-grand-prix-de-la-municipalite-aura-lieu-ce-dimanche-11-mai\/#primaryimage\",\"url\":\"https:\/\/vosgesinfo.fr\/app\/uploads\/sites\/5\/2025\/05\/photo-1.jpeg\",\"contentUrl\":\"https:\/\/vosgesinfo.fr\/app\/uploads\/sites\/5\/2025\/05\/photo-1.jpeg\",\"width\":1149,\"height\":1600},{\"@type\":\"BreadcrumbList\",\"@id\":\"https:\/\/vosgesinfo.fr\/remiremontinfo\/2025\/05\/cleurie-le-grand-prix-de-la-municipalite-aura-lieu-ce-dimanche-11-mai\/#breadcrumb\",\"itemListElement\":[{\"@type\":\"ListItem\",\"position\":1,\"name\":\"Home\",\"item\":\"https:\/\/vosgesinfo.fr\/remiremontinfo\/\"},{\"@type\":\"ListItem\",\"position\":2,\"name\":\"Cleurie : le Grand Prix de la municipalit\u00e9 aura lieu ce dimanche 11 mai\"}]},{\"@type\":\"WebSite\",\"@id\":\"https:\/\/vosgesinfo.fr\/remiremontinfo\/#website\",\"url\":\"https:\/\/vosgesinfo.fr\/remiremontinfo\/\",\"name\":\"Remiremont Info\",\"description\":\"Toute l&#039;actualit\u00e9 de Remiremont\",\"publisher\":{\"@id\":\"https:\/\/vosgesinfo.fr\/remiremontinfo\/#organization\"},\"alternateName\":\"Toute l'actualit\u00e9 de Remiremont\",\"potentialAction\":[{\"@type\":\"SearchAction\",\"target\":{\"@type\":\"EntryPoint\",\"urlTemplate\":\"https:\/\/vosgesinfo.fr\/remiremontinfo\/?s={search_term_string}\"},\"query-input\":\"required name=search_term_string\"}],\"inLanguage\":\"fr-FR\"},{\"@type\":\"Organization\",\"@id\":\"https:\/\/vosgesinfo.fr\/remiremontinfo\/#organization\",\"name\":\"Remiremont Info\",\"url\":\"https:\/\/vosgesinfo.fr\/remiremontinfo\/\",\"logo\":{\"@type\":\"ImageObject\",\"inLanguage\":\"fr-FR\",\"@id\":\"https:\/\/vosgesinfo.fr\/remiremontinfo\/#\/schema\/logo\/image\/\",\"url\":\"https:\/\/vosgesinfo.fr\/app\/uploads\/sites\/5\/2023\/08\/favicon-remiremontinfo.png\",\"contentUrl\":\"https:\/\/vosgesinfo.fr\/app\/uploads\/sites\/5\/2023\/08\/favicon-remiremontinfo.png\",\"width\":512,\"height\":512,\"caption\":\"Remiremont Info\"},\"image\":{\"@id\":\"https:\/\/vosgesinfo.fr\/remiremontinfo\/#\/schema\/logo\/image\/\"},\"sameAs\":[\"https:\/\/www.facebook.com\/remiremontinfo\",\"https:\/\/x.com\/VosgesInfo88\",\"https:\/\/www.youtube.com\/@vosgesinfo\"]},{\"@type\":\"Person\",\"@id\":\"https:\/\/vosgesinfo.fr\/remiremontinfo\/#\/schema\/person\/4f38cd3068e342935b7304695c797d08\",\"name\":\"C.M\",\"image\":{\"@type\":\"ImageObject\",\"inLanguage\":\"fr-FR\",\"@id\":\"https:\/\/vosgesinfo.fr\/remiremontinfo\/#\/schema\/person\/image\/\",\"url\":\"https:\/\/secure.gravatar.com\/avatar\/fe9daaef0164d920717484172682f3c5c9bcf7d42aa8c7048c76c34f0eb6c8da?s=96&d=mm&r=g\",\"contentUrl\":\"https:\/\/secure.gravatar.com\/avatar\/fe9daaef0164d920717484172682f3c5c9bcf7d42aa8c7048c76c34f0eb6c8da?s=96&d=mm&r=g\",\"caption\":\"C.M\"},\"url\":\"https:\/\/vosgesinfo.fr\/remiremontinfo\/author\/cm88200\/\"}]}<\/script>\n<!-- \/ Yoast SEO plugin. -->","yoast_head_json":{"title":"Cleurie : le Grand Prix de la municipalit\u00e9 aura lieu ce dimanche 11 mai - Remiremont Info","robots":{"index":"index","follow":"follow","max-snippet":"max-snippet:-1","max-image-preview":"max-image-preview:large","max-video-preview":"max-video-preview:-1"},"canonical":"https:\/\/vosgesinfo.fr\/remiremontinfo\/2025\/05\/cleurie-le-grand-prix-de-la-municipalite-aura-lieu-ce-dimanche-11-mai\/","twitter_card":"summary_large_image","twitter_title":"Cleurie : le Grand Prix de la municipalit\u00e9 aura lieu ce dimanche 11 mai - Remiremont Info","twitter_description":"Ce dimanche 11 mai, la commune de Cleurie accueillera une nouvelle \u00e9dition du Grand Prix de la municipalit\u00e9, une journ\u00e9e [&hellip;]","twitter_image":"https:\/\/vosgesinfo.fr\/app\/uploads\/sites\/5\/2025\/05\/photo-1.jpeg","twitter_creator":"@VosgesInfo88","twitter_site":"@VosgesInfo88","twitter_misc":{"\u00c9crit par":"C.M"},"schema":{"@context":"https:\/\/schema.org","@graph":[{"@type":"Article","@id":"https:\/\/vosgesinfo.fr\/remiremontinfo\/2025\/05\/cleurie-le-grand-prix-de-la-municipalite-aura-lieu-ce-dimanche-11-mai\/#article","isPartOf":{"@id":"https:\/\/vosgesinfo.fr\/remiremontinfo\/2025\/05\/cleurie-le-grand-prix-de-la-municipalite-aura-lieu-ce-dimanche-11-mai\/"},"author":{"name":"C.M","@id":"https:\/\/vosgesinfo.fr\/remiremontinfo\/#\/schema\/person\/4f38cd3068e342935b7304695c797d08"},"headline":"Cleurie : le Grand Prix de la municipalit\u00e9 aura lieu ce dimanche 11 mai","datePublished":"2025-05-06T16:00:07+00:00","dateModified":"2025-05-06T14:13:23+00:00","mainEntityOfPage":{"@id":"https:\/\/vosgesinfo.fr\/remiremontinfo\/2025\/05\/cleurie-le-grand-prix-de-la-municipalite-aura-lieu-ce-dimanche-11-mai\/"},"wordCount":108,"commentCount":0,"publisher":{"@id":"https:\/\/vosgesinfo.fr\/remiremontinfo\/#organization"},"image":{"@id":"https:\/\/vosgesinfo.fr\/remiremontinfo\/2025\/05\/cleurie-le-grand-prix-de-la-municipalite-aura-lieu-ce-dimanche-11-mai\/#primaryimage"},"thumbnailUrl":"https:\/\/vosgesinfo.fr\/app\/uploads\/sites\/5\/2025\/05\/photo-1.jpeg","keywords":["Grand prix de la municipalit\u00e9 Cleurie"],"articleSection":["A la Une","Agenda"],"inLanguage":"fr-FR","potentialAction":[{"@type":"CommentAction","name":"Comment","target":["https:\/\/vosgesinfo.fr\/remiremontinfo\/2025\/05\/cleurie-le-grand-prix-de-la-municipalite-aura-lieu-ce-dimanche-11-mai\/#respond"]}]},{"@type":"WebPage","@id":"https:\/\/vosgesinfo.fr\/remiremontinfo\/2025\/05\/cleurie-le-grand-prix-de-la-municipalite-aura-lieu-ce-dimanche-11-mai\/","url":"https:\/\/vosgesinfo.fr\/remiremontinfo\/2025\/05\/cleurie-le-grand-prix-de-la-municipalite-aura-lieu-ce-dimanche-11-mai\/","name":"Cleurie : le Grand Prix de la municipalit\u00e9 aura lieu ce dimanche 11 mai - Remiremont Info","isPartOf":{"@id":"https:\/\/vosgesinfo.fr\/remiremontinfo\/#website"},"primaryImageOfPage":{"@id":"https:\/\/vosgesinfo.fr\/remiremontinfo\/2025\/05\/cleurie-le-grand-prix-de-la-municipalite-aura-lieu-ce-dimanche-11-mai\/#primaryimage"},"image":{"@id":"https:\/\/vosgesinfo.fr\/remiremontinfo\/2025\/05\/cleurie-le-grand-prix-de-la-municipalite-aura-lieu-ce-dimanche-11-mai\/#primaryimage"},"thumbnailUrl":"https:\/\/vosgesinfo.fr\/app\/uploads\/sites\/5\/2025\/05\/photo-1.jpeg","datePublished":"2025-05-06T16:00:07+00:00","dateModified":"2025-05-06T14:13:23+00:00","breadcrumb":{"@id":"https:\/\/vosgesinfo.fr\/remiremontinfo\/2025\/05\/cleurie-le-grand-prix-de-la-municipalite-aura-lieu-ce-dimanche-11-mai\/#breadcrumb"},"inLanguage":"fr-FR","potentialAction":[{"@type":"ReadAction","target":["https:\/\/vosgesinfo.fr\/remiremontinfo\/2025\/05\/cleurie-le-grand-prix-de-la-municipalite-aura-lieu-ce-dimanche-11-mai\/"]}]},{"@type":"ImageObject","inLanguage":"fr-FR","@id":"https:\/\/vosgesinfo.fr\/remiremontinfo\/2025\/05\/cleurie-le-grand-prix-de-la-municipalite-aura-lieu-ce-dimanche-11-mai\/#primaryimage","url":"https:\/\/vosgesinfo.fr\/app\/uploads\/sites\/5\/2025\/05\/photo-1.jpeg","contentUrl":"https:\/\/vosgesinfo.fr\/app\/uploads\/sites\/5\/2025\/05\/photo-1.jpeg","width":1149,"height":1600},{"@type":"BreadcrumbList","@id":"https:\/\/vosgesinfo.fr\/remiremontinfo\/2025\/05\/cleurie-le-grand-prix-de-la-municipalite-aura-lieu-ce-dimanche-11-mai\/#breadcrumb","itemListElement":[{"@type":"ListItem","position":1,"name":"Home","item":"https:\/\/vosgesinfo.fr\/remiremontinfo\/"},{"@type":"ListItem","position":2,"name":"Cleurie : le Grand Prix de la municipalit\u00e9 aura lieu ce dimanche 11 mai"}]},{"@type":"WebSite","@id":"https:\/\/vosgesinfo.fr\/remiremontinfo\/#website","url":"https:\/\/vosgesinfo.fr\/remiremontinfo\/","name":"Remiremont Info","description":"Toute l&#039;actualit\u00e9 de Remiremont","publisher":{"@id":"https:\/\/vosgesinfo.fr\/remiremontinfo\/#organization"},"alternateName":"Toute l'actualit\u00e9 de Remiremont","potentialAction":[{"@type":"SearchAction","target":{"@type":"EntryPoint","urlTemplate":"https:\/\/vosgesinfo.fr\/remiremontinfo\/?s={search_term_string}"},"query-input":"required name=search_term_string"}],"inLanguage":"fr-FR"},{"@type":"Organization","@id":"https:\/\/vosgesinfo.fr\/remiremontinfo\/#organization","name":"Remiremont Info","url":"https:\/\/vosgesinfo.fr\/remiremontinfo\/","logo":{"@type":"ImageObject","inLanguage":"fr-FR","@id":"https:\/\/vosgesinfo.fr\/remiremontinfo\/#\/schema\/logo\/image\/","url":"https:\/\/vosgesinfo.fr\/app\/uploads\/sites\/5\/2023\/08\/favicon-remiremontinfo.png","contentUrl":"https:\/\/vosgesinfo.fr\/app\/uploads\/sites\/5\/2023\/08\/favicon-remiremontinfo.png","width":512,"height":512,"caption":"Remiremont Info"},"image":{"@id":"https:\/\/vosgesinfo.fr\/remiremontinfo\/#\/schema\/logo\/image\/"},"sameAs":["https:\/\/www.facebook.com\/remiremontinfo","https:\/\/x.com\/VosgesInfo88","https:\/\/www.youtube.com\/@vosgesinfo"]},{"@type":"Person","@id":"https:\/\/vosgesinfo.fr\/remiremontinfo\/#\/schema\/person\/4f38cd3068e342935b7304695c797d08","name":"C.M","image":{"@type":"ImageObject","inLanguage":"fr-FR","@id":"https:\/\/vosgesinfo.fr\/remiremontinfo\/#\/schema\/person\/image\/","url":"https:\/\/secure.gravatar.com\/avatar\/fe9daaef0164d920717484172682f3c5c9bcf7d42aa8c7048c76c34f0eb6c8da?s=96&d=mm&r=g","contentUrl":"https:\/\/secure.gravatar.com\/avatar\/fe9daaef0164d920717484172682f3c5c9bcf7d42aa8c7048c76c34f0eb6c8da?s=96&d=mm&r=g","caption":"C.M"},"url":"https:\/\/vosgesinfo.fr\/remiremontinfo\/author\/cm88200\/"}]}},"_links":{"self":[{"href":"https:\/\/vosgesinfo.fr\/remiremontinfo\/wp-json\/wp\/v2\/posts\/81446","targetHints":{"allow":["GET"]}}],"collection":[{"href":"https:\/\/vosgesinfo.fr\/remiremontinfo\/wp-json\/wp\/v2\/posts"}],"about":[{"href":"https:\/\/vosgesinfo.fr\/remiremontinfo\/wp-json\/wp\/v2\/types\/post"}],"author":[{"embeddable":true,"href":"https:\/\/vosgesinfo.fr\/remiremontinfo\/wp-json\/wp\/v2\/users\/418"}],"replies":[{"embeddable":true,"href":"https:\/\/vosgesinfo.fr\/remiremontinfo\/wp-json\/wp\/v2\/comments?post=81446"}],"version-history":[{"count":1,"href":"https:\/\/vosgesinfo.fr\/remiremontinfo\/wp-json\/wp\/v2\/posts\/81446\/revisions"}],"predecessor-version":[{"id":81448,"href":"https:\/\/vosgesinfo.fr\/remiremontinfo\/wp-json\/wp\/v2\/posts\/81446\/revisions\/81448"}],"wp:featuredmedia":[{"embeddable":true,"href":"https:\/\/vosgesinfo.fr\/remiremontinfo\/wp-json\/wp\/v2\/media\/81447"}],"wp:attachment":[{"href":"https:\/\/vosgesinfo.fr\/remiremontinfo\/wp-json\/wp\/v2\/media?parent=81446"}],"wp:term":[{"taxonomy":"category","embeddable":true,"href":"https:\/\/vosgesinfo.fr\/remiremontinfo\/wp-json\/wp\/v2\/categories?post=81446"},{"taxonomy":"post_tag","embeddable":true,"href":"https:\/\/vosgesinfo.fr\/remiremontinfo\/wp-json\/wp\/v2\/tags?post=81446"}],"curies":[{"name":"wp","href":"https:\/\/api.w.org\/{rel}","templated":true}]}}