{"id":81461,"date":"2025-05-07T10:45:58","date_gmt":"2025-05-07T08:45:58","guid":{"rendered":"https:\/\/vosgesinfo.fr\/remiremontinfo\/?p=81461"},"modified":"2025-05-07T10:22:44","modified_gmt":"2025-05-07T08:22:44","slug":"don-du-sang-de-16-h-a-19-h-30-ce-jour-a-rupt-sur-moselle","status":"publish","type":"post","link":"https:\/\/vosgesinfo.fr\/remiremontinfo\/2025\/05\/don-du-sang-de-16-h-a-19-h-30-ce-jour-a-rupt-sur-moselle\/","title":{"rendered":"Don du sang de 16 h \u00e0 19 h 30 ce jour \u00e0 Rupt-sur-Moselle"},"content":{"rendered":"<p><strong>Une collecte de sang est organis\u00e9e ce mercredi 7 mai, de 16 h \u00e0 19 h 30 au Centre socioculturel de Rupt-sur-Moselle.\u00a0<\/strong><\/p>\n<p>Conditions :<\/p>\n<ul>\n<li>\u00catre \u00e2g\u00e9 entre 18 et 70 ans<\/li>\n<li>Peser au minimum 50 kg<\/li>\n<li>\u00catre reconnu apte lors de l\u2019entretien au pr\u00e9alable<\/li>\n<li>\u00catre muni d\u2019une pi\u00e8ce d\u2019identit\u00e9 comportant une photographie<\/li>\n<li>Bien s\u2019hydrater.<\/li>\n<li>Prendre un petit d\u00e9jeuner si collecte le matin ou un repas pour l\u2019apr\u00e8s-midi.<\/li>\n<\/ul>\n<p>&nbsp;<\/p>\n<p><a href=\"https:\/\/vosgesinfo.fr\/app\/uploads\/sites\/5\/2025\/05\/3322c4093de7151ef8de81eb59f7874e.jpeg\"><img decoding=\"async\" class=\"aligncenter size-full wp-image-81462\" src=\"https:\/\/vosgesinfo.fr\/app\/uploads\/sites\/5\/2025\/05\/3322c4093de7151ef8de81eb59f7874e.jpeg\" alt=\"\" width=\"899\" height=\"1272\" srcset=\"https:\/\/vosgesinfo.fr\/app\/uploads\/sites\/5\/2025\/05\/3322c4093de7151ef8de81eb59f7874e.jpeg 899w, https:\/\/vosgesinfo.fr\/app\/uploads\/sites\/5\/2025\/05\/3322c4093de7151ef8de81eb59f7874e-212x300.jpeg 212w, https:\/\/vosgesinfo.fr\/app\/uploads\/sites\/5\/2025\/05\/3322c4093de7151ef8de81eb59f7874e-724x1024.jpeg 724w, https:\/\/vosgesinfo.fr\/app\/uploads\/sites\/5\/2025\/05\/3322c4093de7151ef8de81eb59f7874e-768x1087.jpeg 768w\" sizes=\"(max-width: 899px) 100vw, 899px\" \/><\/a><\/p>\n","protected":false},"excerpt":{"rendered":"<p>Une collecte de sang est organis\u00e9e ce mercredi 7 mai, de 16 h \u00e0 19 h 30 au Centre socioculturel [&hellip;]<\/p>\n","protected":false},"author":418,"featured_media":81295,"comment_status":"open","ping_status":"open","sticky":false,"template":"","format":"standard","meta":{"footnotes":""},"categories":[26,594,250,12],"tags":[6847,2564,310],"class_list":["post-81461","post","type-post","status-publish","format-standard","has-post-thumbnail","hentry","category-a-la-une","category-agenda","category-rupt-sur-moselle","category-sante","tag-collecte-de-sang","tag-efs","tag-rupt-sur-moselle"],"acf":[],"yoast_head":"<!-- This site is optimized with the Yoast SEO plugin v22.5 - https:\/\/yoast.com\/wordpress\/plugins\/seo\/ -->\n<title>Don du sang de 16 h \u00e0 19 h 30 ce jour \u00e0 Rupt-sur-Moselle - Remiremont Info<\/title>\n<meta name=\"robots\" content=\"index, follow, max-snippet:-1, max-image-preview:large, max-video-preview:-1\" \/>\n<link rel=\"canonical\" href=\"https:\/\/vosgesinfo.fr\/remiremontinfo\/2025\/05\/don-du-sang-de-16-h-a-19-h-30-ce-jour-a-rupt-sur-moselle\/\" \/>\n<meta name=\"twitter:card\" content=\"summary_large_image\" \/>\n<meta name=\"twitter:title\" content=\"Don du sang de 16 h \u00e0 19 h 30 ce jour \u00e0 Rupt-sur-Moselle - Remiremont Info\" \/>\n<meta name=\"twitter:description\" content=\"Une collecte de sang est organis\u00e9e ce mercredi 7 mai, de 16 h \u00e0 19 h 30 au Centre socioculturel [&hellip;]\" \/>\n<meta name=\"twitter:image\" content=\"https:\/\/vosgesinfo.fr\/app\/uploads\/sites\/5\/2025\/04\/202008don-du-sang11-41.jpg\" \/>\n<meta name=\"twitter:creator\" content=\"@VosgesInfo88\" \/>\n<meta name=\"twitter:site\" content=\"@VosgesInfo88\" \/>\n<meta name=\"twitter:label1\" content=\"\u00c9crit par\" \/>\n\t<meta name=\"twitter:data1\" content=\"C.M\" \/>\n<script type=\"application\/ld+json\" class=\"yoast-schema-graph\">{\"@context\":\"https:\/\/schema.org\",\"@graph\":[{\"@type\":\"Article\",\"@id\":\"https:\/\/vosgesinfo.fr\/remiremontinfo\/2025\/05\/don-du-sang-de-16-h-a-19-h-30-ce-jour-a-rupt-sur-moselle\/#article\",\"isPartOf\":{\"@id\":\"https:\/\/vosgesinfo.fr\/remiremontinfo\/2025\/05\/don-du-sang-de-16-h-a-19-h-30-ce-jour-a-rupt-sur-moselle\/\"},\"author\":{\"name\":\"C.M\",\"@id\":\"https:\/\/vosgesinfo.fr\/remiremontinfo\/#\/schema\/person\/4f38cd3068e342935b7304695c797d08\"},\"headline\":\"Don du sang de 16 h \u00e0 19 h 30 ce jour \u00e0 Rupt-sur-Moselle\",\"datePublished\":\"2025-05-07T08:45:58+00:00\",\"dateModified\":\"2025-05-07T08:22:44+00:00\",\"mainEntityOfPage\":{\"@id\":\"https:\/\/vosgesinfo.fr\/remiremontinfo\/2025\/05\/don-du-sang-de-16-h-a-19-h-30-ce-jour-a-rupt-sur-moselle\/\"},\"wordCount\":78,\"commentCount\":0,\"publisher\":{\"@id\":\"https:\/\/vosgesinfo.fr\/remiremontinfo\/#organization\"},\"image\":{\"@id\":\"https:\/\/vosgesinfo.fr\/remiremontinfo\/2025\/05\/don-du-sang-de-16-h-a-19-h-30-ce-jour-a-rupt-sur-moselle\/#primaryimage\"},\"thumbnailUrl\":\"https:\/\/vosgesinfo.fr\/app\/uploads\/sites\/5\/2025\/04\/202008don-du-sang11-41.jpg\",\"keywords\":[\"Collecte de sang\",\"efs\",\"rupt-sur-moselle\"],\"articleSection\":[\"A la Une\",\"Agenda\",\"Rupt-Sur-Moselle\",\"Sant\u00e9\"],\"inLanguage\":\"fr-FR\",\"potentialAction\":[{\"@type\":\"CommentAction\",\"name\":\"Comment\",\"target\":[\"https:\/\/vosgesinfo.fr\/remiremontinfo\/2025\/05\/don-du-sang-de-16-h-a-19-h-30-ce-jour-a-rupt-sur-moselle\/#respond\"]}]},{\"@type\":\"WebPage\",\"@id\":\"https:\/\/vosgesinfo.fr\/remiremontinfo\/2025\/05\/don-du-sang-de-16-h-a-19-h-30-ce-jour-a-rupt-sur-moselle\/\",\"url\":\"https:\/\/vosgesinfo.fr\/remiremontinfo\/2025\/05\/don-du-sang-de-16-h-a-19-h-30-ce-jour-a-rupt-sur-moselle\/\",\"name\":\"Don du sang de 16 h \u00e0 19 h 30 ce jour \u00e0 Rupt-sur-Moselle - Remiremont Info\",\"isPartOf\":{\"@id\":\"https:\/\/vosgesinfo.fr\/remiremontinfo\/#website\"},\"primaryImageOfPage\":{\"@id\":\"https:\/\/vosgesinfo.fr\/remiremontinfo\/2025\/05\/don-du-sang-de-16-h-a-19-h-30-ce-jour-a-rupt-sur-moselle\/#primaryimage\"},\"image\":{\"@id\":\"https:\/\/vosgesinfo.fr\/remiremontinfo\/2025\/05\/don-du-sang-de-16-h-a-19-h-30-ce-jour-a-rupt-sur-moselle\/#primaryimage\"},\"thumbnailUrl\":\"https:\/\/vosgesinfo.fr\/app\/uploads\/sites\/5\/2025\/04\/202008don-du-sang11-41.jpg\",\"datePublished\":\"2025-05-07T08:45:58+00:00\",\"dateModified\":\"2025-05-07T08:22:44+00:00\",\"breadcrumb\":{\"@id\":\"https:\/\/vosgesinfo.fr\/remiremontinfo\/2025\/05\/don-du-sang-de-16-h-a-19-h-30-ce-jour-a-rupt-sur-moselle\/#breadcrumb\"},\"inLanguage\":\"fr-FR\",\"potentialAction\":[{\"@type\":\"ReadAction\",\"target\":[\"https:\/\/vosgesinfo.fr\/remiremontinfo\/2025\/05\/don-du-sang-de-16-h-a-19-h-30-ce-jour-a-rupt-sur-moselle\/\"]}]},{\"@type\":\"ImageObject\",\"inLanguage\":\"fr-FR\",\"@id\":\"https:\/\/vosgesinfo.fr\/remiremontinfo\/2025\/05\/don-du-sang-de-16-h-a-19-h-30-ce-jour-a-rupt-sur-moselle\/#primaryimage\",\"url\":\"https:\/\/vosgesinfo.fr\/app\/uploads\/sites\/5\/2025\/04\/202008don-du-sang11-41.jpg\",\"contentUrl\":\"https:\/\/vosgesinfo.fr\/app\/uploads\/sites\/5\/2025\/04\/202008don-du-sang11-41.jpg\",\"width\":600,\"height\":402},{\"@type\":\"BreadcrumbList\",\"@id\":\"https:\/\/vosgesinfo.fr\/remiremontinfo\/2025\/05\/don-du-sang-de-16-h-a-19-h-30-ce-jour-a-rupt-sur-moselle\/#breadcrumb\",\"itemListElement\":[{\"@type\":\"ListItem\",\"position\":1,\"name\":\"Home\",\"item\":\"https:\/\/vosgesinfo.fr\/remiremontinfo\/\"},{\"@type\":\"ListItem\",\"position\":2,\"name\":\"Don du sang de 16 h \u00e0 19 h 30 ce jour \u00e0 Rupt-sur-Moselle\"}]},{\"@type\":\"WebSite\",\"@id\":\"https:\/\/vosgesinfo.fr\/remiremontinfo\/#website\",\"url\":\"https:\/\/vosgesinfo.fr\/remiremontinfo\/\",\"name\":\"Remiremont Info\",\"description\":\"Toute l&#039;actualit\u00e9 de Remiremont\",\"publisher\":{\"@id\":\"https:\/\/vosgesinfo.fr\/remiremontinfo\/#organization\"},\"alternateName\":\"Toute l'actualit\u00e9 de Remiremont\",\"potentialAction\":[{\"@type\":\"SearchAction\",\"target\":{\"@type\":\"EntryPoint\",\"urlTemplate\":\"https:\/\/vosgesinfo.fr\/remiremontinfo\/?s={search_term_string}\"},\"query-input\":\"required name=search_term_string\"}],\"inLanguage\":\"fr-FR\"},{\"@type\":\"Organization\",\"@id\":\"https:\/\/vosgesinfo.fr\/remiremontinfo\/#organization\",\"name\":\"Remiremont Info\",\"url\":\"https:\/\/vosgesinfo.fr\/remiremontinfo\/\",\"logo\":{\"@type\":\"ImageObject\",\"inLanguage\":\"fr-FR\",\"@id\":\"https:\/\/vosgesinfo.fr\/remiremontinfo\/#\/schema\/logo\/image\/\",\"url\":\"https:\/\/vosgesinfo.fr\/app\/uploads\/sites\/5\/2023\/08\/favicon-remiremontinfo.png\",\"contentUrl\":\"https:\/\/vosgesinfo.fr\/app\/uploads\/sites\/5\/2023\/08\/favicon-remiremontinfo.png\",\"width\":512,\"height\":512,\"caption\":\"Remiremont Info\"},\"image\":{\"@id\":\"https:\/\/vosgesinfo.fr\/remiremontinfo\/#\/schema\/logo\/image\/\"},\"sameAs\":[\"https:\/\/www.facebook.com\/remiremontinfo\",\"https:\/\/x.com\/VosgesInfo88\",\"https:\/\/www.youtube.com\/@vosgesinfo\"]},{\"@type\":\"Person\",\"@id\":\"https:\/\/vosgesinfo.fr\/remiremontinfo\/#\/schema\/person\/4f38cd3068e342935b7304695c797d08\",\"name\":\"C.M\",\"image\":{\"@type\":\"ImageObject\",\"inLanguage\":\"fr-FR\",\"@id\":\"https:\/\/vosgesinfo.fr\/remiremontinfo\/#\/schema\/person\/image\/\",\"url\":\"https:\/\/secure.gravatar.com\/avatar\/fe9daaef0164d920717484172682f3c5c9bcf7d42aa8c7048c76c34f0eb6c8da?s=96&d=mm&r=g\",\"contentUrl\":\"https:\/\/secure.gravatar.com\/avatar\/fe9daaef0164d920717484172682f3c5c9bcf7d42aa8c7048c76c34f0eb6c8da?s=96&d=mm&r=g\",\"caption\":\"C.M\"},\"url\":\"https:\/\/vosgesinfo.fr\/remiremontinfo\/author\/cm88200\/\"}]}<\/script>\n<!-- \/ Yoast SEO plugin. -->","yoast_head_json":{"title":"Don du sang de 16 h \u00e0 19 h 30 ce jour \u00e0 Rupt-sur-Moselle - Remiremont Info","robots":{"index":"index","follow":"follow","max-snippet":"max-snippet:-1","max-image-preview":"max-image-preview:large","max-video-preview":"max-video-preview:-1"},"canonical":"https:\/\/vosgesinfo.fr\/remiremontinfo\/2025\/05\/don-du-sang-de-16-h-a-19-h-30-ce-jour-a-rupt-sur-moselle\/","twitter_card":"summary_large_image","twitter_title":"Don du sang de 16 h \u00e0 19 h 30 ce jour \u00e0 Rupt-sur-Moselle - Remiremont Info","twitter_description":"Une collecte de sang est organis\u00e9e ce mercredi 7 mai, de 16 h \u00e0 19 h 30 au Centre socioculturel [&hellip;]","twitter_image":"https:\/\/vosgesinfo.fr\/app\/uploads\/sites\/5\/2025\/04\/202008don-du-sang11-41.jpg","twitter_creator":"@VosgesInfo88","twitter_site":"@VosgesInfo88","twitter_misc":{"\u00c9crit par":"C.M"},"schema":{"@context":"https:\/\/schema.org","@graph":[{"@type":"Article","@id":"https:\/\/vosgesinfo.fr\/remiremontinfo\/2025\/05\/don-du-sang-de-16-h-a-19-h-30-ce-jour-a-rupt-sur-moselle\/#article","isPartOf":{"@id":"https:\/\/vosgesinfo.fr\/remiremontinfo\/2025\/05\/don-du-sang-de-16-h-a-19-h-30-ce-jour-a-rupt-sur-moselle\/"},"author":{"name":"C.M","@id":"https:\/\/vosgesinfo.fr\/remiremontinfo\/#\/schema\/person\/4f38cd3068e342935b7304695c797d08"},"headline":"Don du sang de 16 h \u00e0 19 h 30 ce jour \u00e0 Rupt-sur-Moselle","datePublished":"2025-05-07T08:45:58+00:00","dateModified":"2025-05-07T08:22:44+00:00","mainEntityOfPage":{"@id":"https:\/\/vosgesinfo.fr\/remiremontinfo\/2025\/05\/don-du-sang-de-16-h-a-19-h-30-ce-jour-a-rupt-sur-moselle\/"},"wordCount":78,"commentCount":0,"publisher":{"@id":"https:\/\/vosgesinfo.fr\/remiremontinfo\/#organization"},"image":{"@id":"https:\/\/vosgesinfo.fr\/remiremontinfo\/2025\/05\/don-du-sang-de-16-h-a-19-h-30-ce-jour-a-rupt-sur-moselle\/#primaryimage"},"thumbnailUrl":"https:\/\/vosgesinfo.fr\/app\/uploads\/sites\/5\/2025\/04\/202008don-du-sang11-41.jpg","keywords":["Collecte de sang","efs","rupt-sur-moselle"],"articleSection":["A la Une","Agenda","Rupt-Sur-Moselle","Sant\u00e9"],"inLanguage":"fr-FR","potentialAction":[{"@type":"CommentAction","name":"Comment","target":["https:\/\/vosgesinfo.fr\/remiremontinfo\/2025\/05\/don-du-sang-de-16-h-a-19-h-30-ce-jour-a-rupt-sur-moselle\/#respond"]}]},{"@type":"WebPage","@id":"https:\/\/vosgesinfo.fr\/remiremontinfo\/2025\/05\/don-du-sang-de-16-h-a-19-h-30-ce-jour-a-rupt-sur-moselle\/","url":"https:\/\/vosgesinfo.fr\/remiremontinfo\/2025\/05\/don-du-sang-de-16-h-a-19-h-30-ce-jour-a-rupt-sur-moselle\/","name":"Don du sang de 16 h \u00e0 19 h 30 ce jour \u00e0 Rupt-sur-Moselle - Remiremont Info","isPartOf":{"@id":"https:\/\/vosgesinfo.fr\/remiremontinfo\/#website"},"primaryImageOfPage":{"@id":"https:\/\/vosgesinfo.fr\/remiremontinfo\/2025\/05\/don-du-sang-de-16-h-a-19-h-30-ce-jour-a-rupt-sur-moselle\/#primaryimage"},"image":{"@id":"https:\/\/vosgesinfo.fr\/remiremontinfo\/2025\/05\/don-du-sang-de-16-h-a-19-h-30-ce-jour-a-rupt-sur-moselle\/#primaryimage"},"thumbnailUrl":"https:\/\/vosgesinfo.fr\/app\/uploads\/sites\/5\/2025\/04\/202008don-du-sang11-41.jpg","datePublished":"2025-05-07T08:45:58+00:00","dateModified":"2025-05-07T08:22:44+00:00","breadcrumb":{"@id":"https:\/\/vosgesinfo.fr\/remiremontinfo\/2025\/05\/don-du-sang-de-16-h-a-19-h-30-ce-jour-a-rupt-sur-moselle\/#breadcrumb"},"inLanguage":"fr-FR","potentialAction":[{"@type":"ReadAction","target":["https:\/\/vosgesinfo.fr\/remiremontinfo\/2025\/05\/don-du-sang-de-16-h-a-19-h-30-ce-jour-a-rupt-sur-moselle\/"]}]},{"@type":"ImageObject","inLanguage":"fr-FR","@id":"https:\/\/vosgesinfo.fr\/remiremontinfo\/2025\/05\/don-du-sang-de-16-h-a-19-h-30-ce-jour-a-rupt-sur-moselle\/#primaryimage","url":"https:\/\/vosgesinfo.fr\/app\/uploads\/sites\/5\/2025\/04\/202008don-du-sang11-41.jpg","contentUrl":"https:\/\/vosgesinfo.fr\/app\/uploads\/sites\/5\/2025\/04\/202008don-du-sang11-41.jpg","width":600,"height":402},{"@type":"BreadcrumbList","@id":"https:\/\/vosgesinfo.fr\/remiremontinfo\/2025\/05\/don-du-sang-de-16-h-a-19-h-30-ce-jour-a-rupt-sur-moselle\/#breadcrumb","itemListElement":[{"@type":"ListItem","position":1,"name":"Home","item":"https:\/\/vosgesinfo.fr\/remiremontinfo\/"},{"@type":"ListItem","position":2,"name":"Don du sang de 16 h \u00e0 19 h 30 ce jour \u00e0 Rupt-sur-Moselle"}]},{"@type":"WebSite","@id":"https:\/\/vosgesinfo.fr\/remiremontinfo\/#website","url":"https:\/\/vosgesinfo.fr\/remiremontinfo\/","name":"Remiremont Info","description":"Toute l&#039;actualit\u00e9 de Remiremont","publisher":{"@id":"https:\/\/vosgesinfo.fr\/remiremontinfo\/#organization"},"alternateName":"Toute l'actualit\u00e9 de Remiremont","potentialAction":[{"@type":"SearchAction","target":{"@type":"EntryPoint","urlTemplate":"https:\/\/vosgesinfo.fr\/remiremontinfo\/?s={search_term_string}"},"query-input":"required name=search_term_string"}],"inLanguage":"fr-FR"},{"@type":"Organization","@id":"https:\/\/vosgesinfo.fr\/remiremontinfo\/#organization","name":"Remiremont Info","url":"https:\/\/vosgesinfo.fr\/remiremontinfo\/","logo":{"@type":"ImageObject","inLanguage":"fr-FR","@id":"https:\/\/vosgesinfo.fr\/remiremontinfo\/#\/schema\/logo\/image\/","url":"https:\/\/vosgesinfo.fr\/app\/uploads\/sites\/5\/2023\/08\/favicon-remiremontinfo.png","contentUrl":"https:\/\/vosgesinfo.fr\/app\/uploads\/sites\/5\/2023\/08\/favicon-remiremontinfo.png","width":512,"height":512,"caption":"Remiremont Info"},"image":{"@id":"https:\/\/vosgesinfo.fr\/remiremontinfo\/#\/schema\/logo\/image\/"},"sameAs":["https:\/\/www.facebook.com\/remiremontinfo","https:\/\/x.com\/VosgesInfo88","https:\/\/www.youtube.com\/@vosgesinfo"]},{"@type":"Person","@id":"https:\/\/vosgesinfo.fr\/remiremontinfo\/#\/schema\/person\/4f38cd3068e342935b7304695c797d08","name":"C.M","image":{"@type":"ImageObject","inLanguage":"fr-FR","@id":"https:\/\/vosgesinfo.fr\/remiremontinfo\/#\/schema\/person\/image\/","url":"https:\/\/secure.gravatar.com\/avatar\/fe9daaef0164d920717484172682f3c5c9bcf7d42aa8c7048c76c34f0eb6c8da?s=96&d=mm&r=g","contentUrl":"https:\/\/secure.gravatar.com\/avatar\/fe9daaef0164d920717484172682f3c5c9bcf7d42aa8c7048c76c34f0eb6c8da?s=96&d=mm&r=g","caption":"C.M"},"url":"https:\/\/vosgesinfo.fr\/remiremontinfo\/author\/cm88200\/"}]}},"_links":{"self":[{"href":"https:\/\/vosgesinfo.fr\/remiremontinfo\/wp-json\/wp\/v2\/posts\/81461","targetHints":{"allow":["GET"]}}],"collection":[{"href":"https:\/\/vosgesinfo.fr\/remiremontinfo\/wp-json\/wp\/v2\/posts"}],"about":[{"href":"https:\/\/vosgesinfo.fr\/remiremontinfo\/wp-json\/wp\/v2\/types\/post"}],"author":[{"embeddable":true,"href":"https:\/\/vosgesinfo.fr\/remiremontinfo\/wp-json\/wp\/v2\/users\/418"}],"replies":[{"embeddable":true,"href":"https:\/\/vosgesinfo.fr\/remiremontinfo\/wp-json\/wp\/v2\/comments?post=81461"}],"version-history":[{"count":1,"href":"https:\/\/vosgesinfo.fr\/remiremontinfo\/wp-json\/wp\/v2\/posts\/81461\/revisions"}],"predecessor-version":[{"id":81463,"href":"https:\/\/vosgesinfo.fr\/remiremontinfo\/wp-json\/wp\/v2\/posts\/81461\/revisions\/81463"}],"wp:featuredmedia":[{"embeddable":true,"href":"https:\/\/vosgesinfo.fr\/remiremontinfo\/wp-json\/wp\/v2\/media\/81295"}],"wp:attachment":[{"href":"https:\/\/vosgesinfo.fr\/remiremontinfo\/wp-json\/wp\/v2\/media?parent=81461"}],"wp:term":[{"taxonomy":"category","embeddable":true,"href":"https:\/\/vosgesinfo.fr\/remiremontinfo\/wp-json\/wp\/v2\/categories?post=81461"},{"taxonomy":"post_tag","embeddable":true,"href":"https:\/\/vosgesinfo.fr\/remiremontinfo\/wp-json\/wp\/v2\/tags?post=81461"}],"curies":[{"name":"wp","href":"https:\/\/api.w.org\/{rel}","templated":true}]}}