{"id":81523,"date":"2025-05-08T16:15:11","date_gmt":"2025-05-08T14:15:11","guid":{"rendered":"https:\/\/vosgesinfo.fr\/remiremontinfo\/?p=81523"},"modified":"2025-05-08T15:51:52","modified_gmt":"2025-05-08T13:51:52","slug":"eloyes-jarmenil-arches-archettes-et-pouxeux-unies-pour-une-commemoration-inedite-ce-8-mai","status":"publish","type":"post","link":"https:\/\/vosgesinfo.fr\/remiremontinfo\/2025\/05\/eloyes-jarmenil-arches-archettes-et-pouxeux-unies-pour-une-commemoration-inedite-ce-8-mai\/","title":{"rendered":"Eloyes, Jarm\u00e9nil, Arches, Archettes et Pouxeux unies pour une comm\u00e9moration in\u00e9dite ce 8 Mai"},"content":{"rendered":"<p data-start=\"150\" data-end=\"500\"><a href=\"https:\/\/vosgesinfo.fr\/app\/uploads\/sites\/5\/2025\/05\/ceremonie-8-mai-jarmenil4.jpg\"><img decoding=\"async\" class=\"aligncenter size-full wp-image-81529\" src=\"https:\/\/vosgesinfo.fr\/app\/uploads\/sites\/5\/2025\/05\/ceremonie-8-mai-jarmenil4.jpg\" alt=\"\" width=\"1350\" height=\"759\" srcset=\"https:\/\/vosgesinfo.fr\/app\/uploads\/sites\/5\/2025\/05\/ceremonie-8-mai-jarmenil4.jpg 1350w, https:\/\/vosgesinfo.fr\/app\/uploads\/sites\/5\/2025\/05\/ceremonie-8-mai-jarmenil4-300x169.jpg 300w, https:\/\/vosgesinfo.fr\/app\/uploads\/sites\/5\/2025\/05\/ceremonie-8-mai-jarmenil4-1024x576.jpg 1024w, https:\/\/vosgesinfo.fr\/app\/uploads\/sites\/5\/2025\/05\/ceremonie-8-mai-jarmenil4-768x432.jpg 768w\" sizes=\"(max-width: 1350px) 100vw, 1350px\" \/><\/a><\/p>\n<p class=\"\" data-start=\"150\" data-end=\"500\"><strong>Pour marquer les 80 ans de la victoire de la Seconde Guerre mondiale, les communes de Pouxeux, Jarm\u00e9nil, Eloyes, Arches et Archettes ont d\u00e9cid\u00e9 d\u2019unir leurs forces pour organiser une comm\u00e9moration commune ce jeudi 8 mai. Une premi\u00e8re dans la vall\u00e9e, symbolisant \u00e0 la fois le souvenir partag\u00e9 et l\u2019importance de transmettre la m\u00e9moire.<\/strong><\/p>\n<p class=\"\" data-start=\"502\" data-end=\"785\">Tout au long de l\u2019apr\u00e8s-midi, une colonne de v\u00e9hicules militaires anciens, compos\u00e9e notamment de Jeep et de camions GMC, sillonne les cinq communes. \u00c0 chaque \u00e9tape, un arr\u00eat c\u00e9r\u00e9moniel permet la tenue d\u2019un d\u00e9p\u00f4t de gerbe en hommage aux combattants et aux victimes du conflit.<\/p>\n<p class=\"\" data-start=\"787\" data-end=\"1171\">\u00c0 Jarm\u00e9nil, les habitants ont pu assister \u00e0 une c\u00e9r\u00e9monie empreinte de solennit\u00e9, m\u00ealant recueillement et transmission de l\u2019histoire locale. Les maires des cinq communes \u00e9taient pr\u00e9sents, t\u00e9moignant de leur engagement commun pour le devoir de m\u00e9moire, aux c\u00f4t\u00e9s du d\u00e9put\u00e9 Christophe Naegelen et du s\u00e9nateur Jean Hingray, tous deux venus saluer cette initiative locale.<\/p>\n<p class=\"\" data-start=\"1173\" data-end=\"1372\">Pour celles et ceux qui souhaitent encore admirer les v\u00e9hicules, le dernier arr\u00eat est pr\u00e9vu \u00e0 Pouxeux \u00e0 17h, avec une exposition stationnaire \u00e0 partir de 17h30 sur le parking du p\u00e9riscolaire.<\/p>\n<p class=\"\" data-start=\"1374\" data-end=\"1626\">L\u2019initiative revient \u00e0 Jean-Louis Thomas, maire de Pouxeux, qui a propos\u00e9 ce projet de comm\u00e9moration collective \u00e0 ses homologues. Une id\u00e9e aussit\u00f4t adopt\u00e9e, chacun mesurant la port\u00e9e symbolique de cette collaboration en faveur du devoir de m\u00e9moire.<\/p>\n<p class=\"\" data-start=\"1628\" data-end=\"1859\">Pour les collectionneurs de v\u00e9hicules militaires, cette reconstitution historique permet non seulement de faire vivre leur passion, mais aussi de sensibiliser les jeunes g\u00e9n\u00e9rations \u00e0 travers une approche vivante de l\u2019histoire.<\/p>\n<p data-start=\"1628\" data-end=\"1859\"><iframe loading=\"lazy\" style=\"border: none; overflow: hidden;\" src=\"https:\/\/www.facebook.com\/plugins\/video.php?height=314&amp;href=https%3A%2F%2Fwww.facebook.com%2Fremiremontinfo%2Fvideos%2F1017584306656493%2F&amp;show_text=false&amp;width=560&amp;t=0\" width=\"560\" height=\"314\" frameborder=\"0\" scrolling=\"no\" allowfullscreen=\"allowfullscreen\"><\/iframe><\/p>\n\n\t\t<style type=\"text\/css\">\n\t\t\t#gallery-1 {\n\t\t\t\tmargin: auto;\n\t\t\t}\n\t\t\t#gallery-1 .gallery-item {\n\t\t\t\tfloat: left;\n\t\t\t\tmargin-top: 10px;\n\t\t\t\ttext-align: center;\n\t\t\t\twidth: 33%;\n\t\t\t}\n\t\t\t#gallery-1 img {\n\t\t\t\tborder: 2px solid #cfcfcf;\n\t\t\t}\n\t\t\t#gallery-1 .gallery-caption {\n\t\t\t\tmargin-left: 0;\n\t\t\t}\n\t\t\t\/* see gallery_shortcode() in wp-includes\/media.php *\/\n\t\t<\/style>\n\t\t<div id='gallery-1' class='gallery galleryid-81523 gallery-columns-3 gallery-size-full'><dl class='gallery-item'>\n\t\t\t<dt class='gallery-icon landscape'>\n\t\t\t\t<a href='https:\/\/vosgesinfo.fr\/remiremontinfo\/2025\/05\/eloyes-jarmenil-arches-archettes-et-pouxeux-unies-pour-une-commemoration-inedite-ce-8-mai\/ceremonie-8-mai-jarmenil1\/'><img decoding=\"async\" width=\"1350\" height=\"759\" src=\"https:\/\/vosgesinfo.fr\/app\/uploads\/sites\/5\/2025\/05\/ceremonie-8-mai-jarmenil1.jpg\" class=\"attachment-full size-full\" alt=\"\" srcset=\"https:\/\/vosgesinfo.fr\/app\/uploads\/sites\/5\/2025\/05\/ceremonie-8-mai-jarmenil1.jpg 1350w, https:\/\/vosgesinfo.fr\/app\/uploads\/sites\/5\/2025\/05\/ceremonie-8-mai-jarmenil1-300x169.jpg 300w, https:\/\/vosgesinfo.fr\/app\/uploads\/sites\/5\/2025\/05\/ceremonie-8-mai-jarmenil1-1024x576.jpg 1024w, https:\/\/vosgesinfo.fr\/app\/uploads\/sites\/5\/2025\/05\/ceremonie-8-mai-jarmenil1-768x432.jpg 768w\" sizes=\"(max-width: 1350px) 100vw, 1350px\" \/><\/a>\n\t\t\t<\/dt><\/dl><dl class='gallery-item'>\n\t\t\t<dt class='gallery-icon landscape'>\n\t\t\t\t<a href='https:\/\/vosgesinfo.fr\/remiremontinfo\/2025\/05\/eloyes-jarmenil-arches-archettes-et-pouxeux-unies-pour-une-commemoration-inedite-ce-8-mai\/ceremonie-8-mai-jarmenil16\/'><img decoding=\"async\" width=\"1350\" height=\"1013\" src=\"https:\/\/vosgesinfo.fr\/app\/uploads\/sites\/5\/2025\/05\/ceremonie-8-mai-jarmenil16.jpg\" class=\"attachment-full size-full\" alt=\"\" srcset=\"https:\/\/vosgesinfo.fr\/app\/uploads\/sites\/5\/2025\/05\/ceremonie-8-mai-jarmenil16.jpg 1350w, https:\/\/vosgesinfo.fr\/app\/uploads\/sites\/5\/2025\/05\/ceremonie-8-mai-jarmenil16-300x225.jpg 300w, https:\/\/vosgesinfo.fr\/app\/uploads\/sites\/5\/2025\/05\/ceremonie-8-mai-jarmenil16-1024x768.jpg 1024w, https:\/\/vosgesinfo.fr\/app\/uploads\/sites\/5\/2025\/05\/ceremonie-8-mai-jarmenil16-768x576.jpg 768w\" sizes=\"(max-width: 1350px) 100vw, 1350px\" \/><\/a>\n\t\t\t<\/dt><\/dl><dl class='gallery-item'>\n\t\t\t<dt class='gallery-icon landscape'>\n\t\t\t\t<a href='https:\/\/vosgesinfo.fr\/remiremontinfo\/2025\/05\/eloyes-jarmenil-arches-archettes-et-pouxeux-unies-pour-une-commemoration-inedite-ce-8-mai\/ceremonie-8-mai-jarmenil17\/'><img decoding=\"async\" width=\"1350\" height=\"759\" src=\"https:\/\/vosgesinfo.fr\/app\/uploads\/sites\/5\/2025\/05\/ceremonie-8-mai-jarmenil17.jpg\" class=\"attachment-full size-full\" alt=\"\" srcset=\"https:\/\/vosgesinfo.fr\/app\/uploads\/sites\/5\/2025\/05\/ceremonie-8-mai-jarmenil17.jpg 1350w, https:\/\/vosgesinfo.fr\/app\/uploads\/sites\/5\/2025\/05\/ceremonie-8-mai-jarmenil17-300x169.jpg 300w, https:\/\/vosgesinfo.fr\/app\/uploads\/sites\/5\/2025\/05\/ceremonie-8-mai-jarmenil17-1024x576.jpg 1024w, https:\/\/vosgesinfo.fr\/app\/uploads\/sites\/5\/2025\/05\/ceremonie-8-mai-jarmenil17-768x432.jpg 768w\" sizes=\"(max-width: 1350px) 100vw, 1350px\" \/><\/a>\n\t\t\t<\/dt><\/dl><br style=\"clear: both\" \/><dl class='gallery-item'>\n\t\t\t<dt class='gallery-icon landscape'>\n\t\t\t\t<a href='https:\/\/vosgesinfo.fr\/remiremontinfo\/2025\/05\/eloyes-jarmenil-arches-archettes-et-pouxeux-unies-pour-une-commemoration-inedite-ce-8-mai\/ceremonie-8-mai-jarmenil19\/'><img decoding=\"async\" width=\"1350\" height=\"759\" src=\"https:\/\/vosgesinfo.fr\/app\/uploads\/sites\/5\/2025\/05\/ceremonie-8-mai-jarmenil19.jpg\" class=\"attachment-full size-full\" alt=\"\" srcset=\"https:\/\/vosgesinfo.fr\/app\/uploads\/sites\/5\/2025\/05\/ceremonie-8-mai-jarmenil19.jpg 1350w, https:\/\/vosgesinfo.fr\/app\/uploads\/sites\/5\/2025\/05\/ceremonie-8-mai-jarmenil19-300x169.jpg 300w, https:\/\/vosgesinfo.fr\/app\/uploads\/sites\/5\/2025\/05\/ceremonie-8-mai-jarmenil19-1024x576.jpg 1024w, https:\/\/vosgesinfo.fr\/app\/uploads\/sites\/5\/2025\/05\/ceremonie-8-mai-jarmenil19-768x432.jpg 768w\" sizes=\"(max-width: 1350px) 100vw, 1350px\" \/><\/a>\n\t\t\t<\/dt><\/dl><dl class='gallery-item'>\n\t\t\t<dt class='gallery-icon landscape'>\n\t\t\t\t<a href='https:\/\/vosgesinfo.fr\/remiremontinfo\/2025\/05\/eloyes-jarmenil-arches-archettes-et-pouxeux-unies-pour-une-commemoration-inedite-ce-8-mai\/ceremonie-8-mai-jarmenil18\/'><img decoding=\"async\" width=\"1350\" height=\"759\" src=\"https:\/\/vosgesinfo.fr\/app\/uploads\/sites\/5\/2025\/05\/ceremonie-8-mai-jarmenil18.jpg\" class=\"attachment-full size-full\" alt=\"\" srcset=\"https:\/\/vosgesinfo.fr\/app\/uploads\/sites\/5\/2025\/05\/ceremonie-8-mai-jarmenil18.jpg 1350w, https:\/\/vosgesinfo.fr\/app\/uploads\/sites\/5\/2025\/05\/ceremonie-8-mai-jarmenil18-300x169.jpg 300w, https:\/\/vosgesinfo.fr\/app\/uploads\/sites\/5\/2025\/05\/ceremonie-8-mai-jarmenil18-1024x576.jpg 1024w, https:\/\/vosgesinfo.fr\/app\/uploads\/sites\/5\/2025\/05\/ceremonie-8-mai-jarmenil18-768x432.jpg 768w\" sizes=\"(max-width: 1350px) 100vw, 1350px\" \/><\/a>\n\t\t\t<\/dt><\/dl><dl class='gallery-item'>\n\t\t\t<dt class='gallery-icon landscape'>\n\t\t\t\t<a href='https:\/\/vosgesinfo.fr\/remiremontinfo\/2025\/05\/eloyes-jarmenil-arches-archettes-et-pouxeux-unies-pour-une-commemoration-inedite-ce-8-mai\/ceremonie-8-mai-jarmenil2\/'><img decoding=\"async\" width=\"1350\" height=\"759\" src=\"https:\/\/vosgesinfo.fr\/app\/uploads\/sites\/5\/2025\/05\/ceremonie-8-mai-jarmenil2.jpg\" class=\"attachment-full size-full\" alt=\"\" srcset=\"https:\/\/vosgesinfo.fr\/app\/uploads\/sites\/5\/2025\/05\/ceremonie-8-mai-jarmenil2.jpg 1350w, https:\/\/vosgesinfo.fr\/app\/uploads\/sites\/5\/2025\/05\/ceremonie-8-mai-jarmenil2-300x169.jpg 300w, https:\/\/vosgesinfo.fr\/app\/uploads\/sites\/5\/2025\/05\/ceremonie-8-mai-jarmenil2-1024x576.jpg 1024w, https:\/\/vosgesinfo.fr\/app\/uploads\/sites\/5\/2025\/05\/ceremonie-8-mai-jarmenil2-768x432.jpg 768w\" sizes=\"(max-width: 1350px) 100vw, 1350px\" \/><\/a>\n\t\t\t<\/dt><\/dl><br style=\"clear: both\" \/><dl class='gallery-item'>\n\t\t\t<dt class='gallery-icon landscape'>\n\t\t\t\t<a href='https:\/\/vosgesinfo.fr\/remiremontinfo\/2025\/05\/eloyes-jarmenil-arches-archettes-et-pouxeux-unies-pour-une-commemoration-inedite-ce-8-mai\/ceremonie-8-mai-jarmenil20\/'><img decoding=\"async\" width=\"1350\" height=\"759\" src=\"https:\/\/vosgesinfo.fr\/app\/uploads\/sites\/5\/2025\/05\/ceremonie-8-mai-jarmenil20.jpg\" class=\"attachment-full size-full\" alt=\"\" srcset=\"https:\/\/vosgesinfo.fr\/app\/uploads\/sites\/5\/2025\/05\/ceremonie-8-mai-jarmenil20.jpg 1350w, https:\/\/vosgesinfo.fr\/app\/uploads\/sites\/5\/2025\/05\/ceremonie-8-mai-jarmenil20-300x169.jpg 300w, https:\/\/vosgesinfo.fr\/app\/uploads\/sites\/5\/2025\/05\/ceremonie-8-mai-jarmenil20-1024x576.jpg 1024w, https:\/\/vosgesinfo.fr\/app\/uploads\/sites\/5\/2025\/05\/ceremonie-8-mai-jarmenil20-768x432.jpg 768w\" sizes=\"(max-width: 1350px) 100vw, 1350px\" \/><\/a>\n\t\t\t<\/dt><\/dl><dl class='gallery-item'>\n\t\t\t<dt class='gallery-icon landscape'>\n\t\t\t\t<a href='https:\/\/vosgesinfo.fr\/remiremontinfo\/2025\/05\/eloyes-jarmenil-arches-archettes-et-pouxeux-unies-pour-une-commemoration-inedite-ce-8-mai\/ceremonie-8-mai-jarmenil3\/'><img decoding=\"async\" width=\"1350\" height=\"759\" src=\"https:\/\/vosgesinfo.fr\/app\/uploads\/sites\/5\/2025\/05\/ceremonie-8-mai-jarmenil3.jpg\" class=\"attachment-full size-full\" alt=\"\" srcset=\"https:\/\/vosgesinfo.fr\/app\/uploads\/sites\/5\/2025\/05\/ceremonie-8-mai-jarmenil3.jpg 1350w, https:\/\/vosgesinfo.fr\/app\/uploads\/sites\/5\/2025\/05\/ceremonie-8-mai-jarmenil3-300x169.jpg 300w, https:\/\/vosgesinfo.fr\/app\/uploads\/sites\/5\/2025\/05\/ceremonie-8-mai-jarmenil3-1024x576.jpg 1024w, https:\/\/vosgesinfo.fr\/app\/uploads\/sites\/5\/2025\/05\/ceremonie-8-mai-jarmenil3-768x432.jpg 768w\" sizes=\"(max-width: 1350px) 100vw, 1350px\" \/><\/a>\n\t\t\t<\/dt><\/dl><dl class='gallery-item'>\n\t\t\t<dt class='gallery-icon landscape'>\n\t\t\t\t<a href='https:\/\/vosgesinfo.fr\/remiremontinfo\/2025\/05\/eloyes-jarmenil-arches-archettes-et-pouxeux-unies-pour-une-commemoration-inedite-ce-8-mai\/ceremonie-8-mai-jarmenil4\/'><img decoding=\"async\" width=\"1350\" height=\"759\" src=\"https:\/\/vosgesinfo.fr\/app\/uploads\/sites\/5\/2025\/05\/ceremonie-8-mai-jarmenil4.jpg\" class=\"attachment-full size-full\" alt=\"\" srcset=\"https:\/\/vosgesinfo.fr\/app\/uploads\/sites\/5\/2025\/05\/ceremonie-8-mai-jarmenil4.jpg 1350w, https:\/\/vosgesinfo.fr\/app\/uploads\/sites\/5\/2025\/05\/ceremonie-8-mai-jarmenil4-300x169.jpg 300w, https:\/\/vosgesinfo.fr\/app\/uploads\/sites\/5\/2025\/05\/ceremonie-8-mai-jarmenil4-1024x576.jpg 1024w, https:\/\/vosgesinfo.fr\/app\/uploads\/sites\/5\/2025\/05\/ceremonie-8-mai-jarmenil4-768x432.jpg 768w\" sizes=\"(max-width: 1350px) 100vw, 1350px\" \/><\/a>\n\t\t\t<\/dt><\/dl><br style=\"clear: both\" \/><dl class='gallery-item'>\n\t\t\t<dt class='gallery-icon landscape'>\n\t\t\t\t<a href='https:\/\/vosgesinfo.fr\/remiremontinfo\/2025\/05\/eloyes-jarmenil-arches-archettes-et-pouxeux-unies-pour-une-commemoration-inedite-ce-8-mai\/ceremonie-8-mai-jarmenil10\/'><img decoding=\"async\" width=\"1350\" height=\"1013\" src=\"https:\/\/vosgesinfo.fr\/app\/uploads\/sites\/5\/2025\/05\/ceremonie-8-mai-jarmenil10.jpg\" class=\"attachment-full size-full\" alt=\"\" srcset=\"https:\/\/vosgesinfo.fr\/app\/uploads\/sites\/5\/2025\/05\/ceremonie-8-mai-jarmenil10.jpg 1350w, https:\/\/vosgesinfo.fr\/app\/uploads\/sites\/5\/2025\/05\/ceremonie-8-mai-jarmenil10-300x225.jpg 300w, https:\/\/vosgesinfo.fr\/app\/uploads\/sites\/5\/2025\/05\/ceremonie-8-mai-jarmenil10-1024x768.jpg 1024w, https:\/\/vosgesinfo.fr\/app\/uploads\/sites\/5\/2025\/05\/ceremonie-8-mai-jarmenil10-768x576.jpg 768w\" sizes=\"(max-width: 1350px) 100vw, 1350px\" \/><\/a>\n\t\t\t<\/dt><\/dl><dl class='gallery-item'>\n\t\t\t<dt class='gallery-icon landscape'>\n\t\t\t\t<a href='https:\/\/vosgesinfo.fr\/remiremontinfo\/2025\/05\/eloyes-jarmenil-arches-archettes-et-pouxeux-unies-pour-une-commemoration-inedite-ce-8-mai\/ceremonie-8-mai-jarmenil11\/'><img decoding=\"async\" width=\"1350\" height=\"1013\" src=\"https:\/\/vosgesinfo.fr\/app\/uploads\/sites\/5\/2025\/05\/ceremonie-8-mai-jarmenil11.jpg\" class=\"attachment-full size-full\" alt=\"\" srcset=\"https:\/\/vosgesinfo.fr\/app\/uploads\/sites\/5\/2025\/05\/ceremonie-8-mai-jarmenil11.jpg 1350w, https:\/\/vosgesinfo.fr\/app\/uploads\/sites\/5\/2025\/05\/ceremonie-8-mai-jarmenil11-300x225.jpg 300w, https:\/\/vosgesinfo.fr\/app\/uploads\/sites\/5\/2025\/05\/ceremonie-8-mai-jarmenil11-1024x768.jpg 1024w, https:\/\/vosgesinfo.fr\/app\/uploads\/sites\/5\/2025\/05\/ceremonie-8-mai-jarmenil11-768x576.jpg 768w\" sizes=\"(max-width: 1350px) 100vw, 1350px\" \/><\/a>\n\t\t\t<\/dt><\/dl><dl class='gallery-item'>\n\t\t\t<dt class='gallery-icon landscape'>\n\t\t\t\t<a href='https:\/\/vosgesinfo.fr\/remiremontinfo\/2025\/05\/eloyes-jarmenil-arches-archettes-et-pouxeux-unies-pour-une-commemoration-inedite-ce-8-mai\/ceremonie-8-mai-jarmenil5\/'><img decoding=\"async\" width=\"1350\" height=\"1013\" src=\"https:\/\/vosgesinfo.fr\/app\/uploads\/sites\/5\/2025\/05\/ceremonie-8-mai-jarmenil5.jpg\" class=\"attachment-full size-full\" alt=\"\" srcset=\"https:\/\/vosgesinfo.fr\/app\/uploads\/sites\/5\/2025\/05\/ceremonie-8-mai-jarmenil5.jpg 1350w, https:\/\/vosgesinfo.fr\/app\/uploads\/sites\/5\/2025\/05\/ceremonie-8-mai-jarmenil5-300x225.jpg 300w, https:\/\/vosgesinfo.fr\/app\/uploads\/sites\/5\/2025\/05\/ceremonie-8-mai-jarmenil5-1024x768.jpg 1024w, https:\/\/vosgesinfo.fr\/app\/uploads\/sites\/5\/2025\/05\/ceremonie-8-mai-jarmenil5-768x576.jpg 768w\" sizes=\"(max-width: 1350px) 100vw, 1350px\" \/><\/a>\n\t\t\t<\/dt><\/dl><br style=\"clear: both\" \/><dl class='gallery-item'>\n\t\t\t<dt class='gallery-icon landscape'>\n\t\t\t\t<a href='https:\/\/vosgesinfo.fr\/remiremontinfo\/2025\/05\/eloyes-jarmenil-arches-archettes-et-pouxeux-unies-pour-une-commemoration-inedite-ce-8-mai\/ceremonie-8-mai-jarmenil6\/'><img decoding=\"async\" width=\"1350\" height=\"1013\" src=\"https:\/\/vosgesinfo.fr\/app\/uploads\/sites\/5\/2025\/05\/ceremonie-8-mai-jarmenil6.jpg\" class=\"attachment-full size-full\" alt=\"\" srcset=\"https:\/\/vosgesinfo.fr\/app\/uploads\/sites\/5\/2025\/05\/ceremonie-8-mai-jarmenil6.jpg 1350w, https:\/\/vosgesinfo.fr\/app\/uploads\/sites\/5\/2025\/05\/ceremonie-8-mai-jarmenil6-300x225.jpg 300w, https:\/\/vosgesinfo.fr\/app\/uploads\/sites\/5\/2025\/05\/ceremonie-8-mai-jarmenil6-1024x768.jpg 1024w, https:\/\/vosgesinfo.fr\/app\/uploads\/sites\/5\/2025\/05\/ceremonie-8-mai-jarmenil6-768x576.jpg 768w\" sizes=\"(max-width: 1350px) 100vw, 1350px\" \/><\/a>\n\t\t\t<\/dt><\/dl><dl class='gallery-item'>\n\t\t\t<dt class='gallery-icon landscape'>\n\t\t\t\t<a href='https:\/\/vosgesinfo.fr\/remiremontinfo\/2025\/05\/eloyes-jarmenil-arches-archettes-et-pouxeux-unies-pour-une-commemoration-inedite-ce-8-mai\/ceremonie-8-mai-jarmenil12\/'><img decoding=\"async\" width=\"1350\" height=\"1013\" src=\"https:\/\/vosgesinfo.fr\/app\/uploads\/sites\/5\/2025\/05\/ceremonie-8-mai-jarmenil12.jpg\" class=\"attachment-full size-full\" alt=\"\" srcset=\"https:\/\/vosgesinfo.fr\/app\/uploads\/sites\/5\/2025\/05\/ceremonie-8-mai-jarmenil12.jpg 1350w, https:\/\/vosgesinfo.fr\/app\/uploads\/sites\/5\/2025\/05\/ceremonie-8-mai-jarmenil12-300x225.jpg 300w, https:\/\/vosgesinfo.fr\/app\/uploads\/sites\/5\/2025\/05\/ceremonie-8-mai-jarmenil12-1024x768.jpg 1024w, https:\/\/vosgesinfo.fr\/app\/uploads\/sites\/5\/2025\/05\/ceremonie-8-mai-jarmenil12-768x576.jpg 768w\" sizes=\"(max-width: 1350px) 100vw, 1350px\" \/><\/a>\n\t\t\t<\/dt><\/dl><dl class='gallery-item'>\n\t\t\t<dt class='gallery-icon landscape'>\n\t\t\t\t<a href='https:\/\/vosgesinfo.fr\/remiremontinfo\/2025\/05\/eloyes-jarmenil-arches-archettes-et-pouxeux-unies-pour-une-commemoration-inedite-ce-8-mai\/ceremonie-8-mai-jarmenil13\/'><img decoding=\"async\" width=\"1350\" height=\"1013\" src=\"https:\/\/vosgesinfo.fr\/app\/uploads\/sites\/5\/2025\/05\/ceremonie-8-mai-jarmenil13.jpg\" class=\"attachment-full size-full\" alt=\"\" srcset=\"https:\/\/vosgesinfo.fr\/app\/uploads\/sites\/5\/2025\/05\/ceremonie-8-mai-jarmenil13.jpg 1350w, https:\/\/vosgesinfo.fr\/app\/uploads\/sites\/5\/2025\/05\/ceremonie-8-mai-jarmenil13-300x225.jpg 300w, https:\/\/vosgesinfo.fr\/app\/uploads\/sites\/5\/2025\/05\/ceremonie-8-mai-jarmenil13-1024x768.jpg 1024w, https:\/\/vosgesinfo.fr\/app\/uploads\/sites\/5\/2025\/05\/ceremonie-8-mai-jarmenil13-768x576.jpg 768w\" sizes=\"(max-width: 1350px) 100vw, 1350px\" \/><\/a>\n\t\t\t<\/dt><\/dl><br style=\"clear: both\" \/><dl class='gallery-item'>\n\t\t\t<dt class='gallery-icon landscape'>\n\t\t\t\t<a href='https:\/\/vosgesinfo.fr\/remiremontinfo\/2025\/05\/eloyes-jarmenil-arches-archettes-et-pouxeux-unies-pour-une-commemoration-inedite-ce-8-mai\/ceremonie-8-mai-jarmenil7\/'><img decoding=\"async\" width=\"1350\" height=\"1013\" src=\"https:\/\/vosgesinfo.fr\/app\/uploads\/sites\/5\/2025\/05\/ceremonie-8-mai-jarmenil7.jpg\" class=\"attachment-full size-full\" alt=\"\" srcset=\"https:\/\/vosgesinfo.fr\/app\/uploads\/sites\/5\/2025\/05\/ceremonie-8-mai-jarmenil7.jpg 1350w, https:\/\/vosgesinfo.fr\/app\/uploads\/sites\/5\/2025\/05\/ceremonie-8-mai-jarmenil7-300x225.jpg 300w, https:\/\/vosgesinfo.fr\/app\/uploads\/sites\/5\/2025\/05\/ceremonie-8-mai-jarmenil7-1024x768.jpg 1024w, https:\/\/vosgesinfo.fr\/app\/uploads\/sites\/5\/2025\/05\/ceremonie-8-mai-jarmenil7-768x576.jpg 768w\" sizes=\"(max-width: 1350px) 100vw, 1350px\" \/><\/a>\n\t\t\t<\/dt><\/dl><dl class='gallery-item'>\n\t\t\t<dt class='gallery-icon landscape'>\n\t\t\t\t<a href='https:\/\/vosgesinfo.fr\/remiremontinfo\/2025\/05\/eloyes-jarmenil-arches-archettes-et-pouxeux-unies-pour-une-commemoration-inedite-ce-8-mai\/ceremonie-8-mai-jarmenil8\/'><img decoding=\"async\" width=\"1350\" height=\"1013\" src=\"https:\/\/vosgesinfo.fr\/app\/uploads\/sites\/5\/2025\/05\/ceremonie-8-mai-jarmenil8.jpg\" class=\"attachment-full size-full\" alt=\"\" srcset=\"https:\/\/vosgesinfo.fr\/app\/uploads\/sites\/5\/2025\/05\/ceremonie-8-mai-jarmenil8.jpg 1350w, https:\/\/vosgesinfo.fr\/app\/uploads\/sites\/5\/2025\/05\/ceremonie-8-mai-jarmenil8-300x225.jpg 300w, https:\/\/vosgesinfo.fr\/app\/uploads\/sites\/5\/2025\/05\/ceremonie-8-mai-jarmenil8-1024x768.jpg 1024w, https:\/\/vosgesinfo.fr\/app\/uploads\/sites\/5\/2025\/05\/ceremonie-8-mai-jarmenil8-768x576.jpg 768w\" sizes=\"(max-width: 1350px) 100vw, 1350px\" \/><\/a>\n\t\t\t<\/dt><\/dl><dl class='gallery-item'>\n\t\t\t<dt class='gallery-icon landscape'>\n\t\t\t\t<a href='https:\/\/vosgesinfo.fr\/remiremontinfo\/2025\/05\/eloyes-jarmenil-arches-archettes-et-pouxeux-unies-pour-une-commemoration-inedite-ce-8-mai\/ceremonie-8-mai-jarmenil9\/'><img decoding=\"async\" width=\"1350\" height=\"1013\" src=\"https:\/\/vosgesinfo.fr\/app\/uploads\/sites\/5\/2025\/05\/ceremonie-8-mai-jarmenil9.jpg\" class=\"attachment-full size-full\" alt=\"\" srcset=\"https:\/\/vosgesinfo.fr\/app\/uploads\/sites\/5\/2025\/05\/ceremonie-8-mai-jarmenil9.jpg 1350w, https:\/\/vosgesinfo.fr\/app\/uploads\/sites\/5\/2025\/05\/ceremonie-8-mai-jarmenil9-300x225.jpg 300w, https:\/\/vosgesinfo.fr\/app\/uploads\/sites\/5\/2025\/05\/ceremonie-8-mai-jarmenil9-1024x768.jpg 1024w, https:\/\/vosgesinfo.fr\/app\/uploads\/sites\/5\/2025\/05\/ceremonie-8-mai-jarmenil9-768x576.jpg 768w\" sizes=\"(max-width: 1350px) 100vw, 1350px\" \/><\/a>\n\t\t\t<\/dt><\/dl><br style=\"clear: both\" \/><dl class='gallery-item'>\n\t\t\t<dt class='gallery-icon landscape'>\n\t\t\t\t<a href='https:\/\/vosgesinfo.fr\/remiremontinfo\/2025\/05\/eloyes-jarmenil-arches-archettes-et-pouxeux-unies-pour-une-commemoration-inedite-ce-8-mai\/ceremonie-8-mai-jarmenil14\/'><img decoding=\"async\" width=\"1350\" height=\"1013\" src=\"https:\/\/vosgesinfo.fr\/app\/uploads\/sites\/5\/2025\/05\/ceremonie-8-mai-jarmenil14.jpg\" class=\"attachment-full size-full\" alt=\"\" srcset=\"https:\/\/vosgesinfo.fr\/app\/uploads\/sites\/5\/2025\/05\/ceremonie-8-mai-jarmenil14.jpg 1350w, https:\/\/vosgesinfo.fr\/app\/uploads\/sites\/5\/2025\/05\/ceremonie-8-mai-jarmenil14-300x225.jpg 300w, https:\/\/vosgesinfo.fr\/app\/uploads\/sites\/5\/2025\/05\/ceremonie-8-mai-jarmenil14-1024x768.jpg 1024w, https:\/\/vosgesinfo.fr\/app\/uploads\/sites\/5\/2025\/05\/ceremonie-8-mai-jarmenil14-768x576.jpg 768w\" sizes=\"(max-width: 1350px) 100vw, 1350px\" \/><\/a>\n\t\t\t<\/dt><\/dl><dl class='gallery-item'>\n\t\t\t<dt class='gallery-icon landscape'>\n\t\t\t\t<a href='https:\/\/vosgesinfo.fr\/remiremontinfo\/2025\/05\/eloyes-jarmenil-arches-archettes-et-pouxeux-unies-pour-une-commemoration-inedite-ce-8-mai\/ceremonie-8-mai-jarmenil15\/'><img decoding=\"async\" width=\"1350\" height=\"1013\" src=\"https:\/\/vosgesinfo.fr\/app\/uploads\/sites\/5\/2025\/05\/ceremonie-8-mai-jarmenil15.jpg\" class=\"attachment-full size-full\" alt=\"\" srcset=\"https:\/\/vosgesinfo.fr\/app\/uploads\/sites\/5\/2025\/05\/ceremonie-8-mai-jarmenil15.jpg 1350w, https:\/\/vosgesinfo.fr\/app\/uploads\/sites\/5\/2025\/05\/ceremonie-8-mai-jarmenil15-300x225.jpg 300w, https:\/\/vosgesinfo.fr\/app\/uploads\/sites\/5\/2025\/05\/ceremonie-8-mai-jarmenil15-1024x768.jpg 1024w, https:\/\/vosgesinfo.fr\/app\/uploads\/sites\/5\/2025\/05\/ceremonie-8-mai-jarmenil15-768x576.jpg 768w\" sizes=\"(max-width: 1350px) 100vw, 1350px\" \/><\/a>\n\t\t\t<\/dt><\/dl>\n\t\t\t<br style='clear: both' \/>\n\t\t<\/div>\n\n","protected":false},"excerpt":{"rendered":"<p>Pour marquer les 80 ans de la victoire de la Seconde Guerre mondiale, les communes de Pouxeux, Jarm\u00e9nil, Eloyes, Arches [&hellip;]<\/p>\n","protected":false},"author":418,"featured_media":81535,"comment_status":"open","ping_status":"open","sticky":false,"template":"","format":"standard","meta":{"footnotes":""},"categories":[26,108,86,43],"tags":[1324,7486,7888,319,1257,107],"class_list":["post-81523","post","type-post","status-publish","format-standard","has-post-thumbnail","hentry","category-a-la-une","category-epinal","category-histoire","category-remiremont-remiremont-son-canton","tag-arches","tag-archettes","tag-ceremonie-8-mai","tag-eloyes","tag-jarmenil","tag-pouxeux"],"acf":[],"yoast_head":"<!-- This site is optimized with the Yoast SEO plugin v22.5 - https:\/\/yoast.com\/wordpress\/plugins\/seo\/ -->\n<title>Eloyes, Jarm\u00e9nil, Arches, Archettes et Pouxeux unies pour une comm\u00e9moration in\u00e9dite ce 8 Mai - Remiremont Info<\/title>\n<meta name=\"robots\" content=\"index, follow, max-snippet:-1, max-image-preview:large, max-video-preview:-1\" \/>\n<link rel=\"canonical\" href=\"https:\/\/vosgesinfo.fr\/remiremontinfo\/2025\/05\/eloyes-jarmenil-arches-archettes-et-pouxeux-unies-pour-une-commemoration-inedite-ce-8-mai\/\" \/>\n<meta name=\"twitter:card\" content=\"summary_large_image\" \/>\n<meta name=\"twitter:title\" content=\"Eloyes, Jarm\u00e9nil, Arches, Archettes et Pouxeux unies pour une comm\u00e9moration in\u00e9dite ce 8 Mai - Remiremont Info\" \/>\n<meta name=\"twitter:description\" content=\"Pour marquer les 80 ans de la victoire de la Seconde Guerre mondiale, les communes de Pouxeux, Jarm\u00e9nil, Eloyes, Arches [&hellip;]\" \/>\n<meta name=\"twitter:image\" content=\"https:\/\/vosgesinfo.fr\/app\/uploads\/sites\/5\/2025\/05\/ceremonie-8-mai-jarmenil17.jpg\" \/>\n<meta name=\"twitter:creator\" content=\"@VosgesInfo88\" \/>\n<meta name=\"twitter:site\" content=\"@VosgesInfo88\" \/>\n<meta name=\"twitter:label1\" content=\"\u00c9crit par\" \/>\n\t<meta name=\"twitter:data1\" content=\"C.M\" \/>\n\t<meta name=\"twitter:label2\" content=\"Dur\u00e9e de lecture estim\u00e9e\" \/>\n\t<meta name=\"twitter:data2\" content=\"2 minutes\" \/>\n<script type=\"application\/ld+json\" class=\"yoast-schema-graph\">{\"@context\":\"https:\/\/schema.org\",\"@graph\":[{\"@type\":\"Article\",\"@id\":\"https:\/\/vosgesinfo.fr\/remiremontinfo\/2025\/05\/eloyes-jarmenil-arches-archettes-et-pouxeux-unies-pour-une-commemoration-inedite-ce-8-mai\/#article\",\"isPartOf\":{\"@id\":\"https:\/\/vosgesinfo.fr\/remiremontinfo\/2025\/05\/eloyes-jarmenil-arches-archettes-et-pouxeux-unies-pour-une-commemoration-inedite-ce-8-mai\/\"},\"author\":{\"name\":\"C.M\",\"@id\":\"https:\/\/vosgesinfo.fr\/remiremontinfo\/#\/schema\/person\/4f38cd3068e342935b7304695c797d08\"},\"headline\":\"Eloyes, Jarm\u00e9nil, Arches, Archettes et Pouxeux unies pour une comm\u00e9moration in\u00e9dite ce 8 Mai\",\"datePublished\":\"2025-05-08T14:15:11+00:00\",\"dateModified\":\"2025-05-08T13:51:52+00:00\",\"mainEntityOfPage\":{\"@id\":\"https:\/\/vosgesinfo.fr\/remiremontinfo\/2025\/05\/eloyes-jarmenil-arches-archettes-et-pouxeux-unies-pour-une-commemoration-inedite-ce-8-mai\/\"},\"wordCount\":307,\"commentCount\":0,\"publisher\":{\"@id\":\"https:\/\/vosgesinfo.fr\/remiremontinfo\/#organization\"},\"image\":{\"@id\":\"https:\/\/vosgesinfo.fr\/remiremontinfo\/2025\/05\/eloyes-jarmenil-arches-archettes-et-pouxeux-unies-pour-une-commemoration-inedite-ce-8-mai\/#primaryimage\"},\"thumbnailUrl\":\"https:\/\/vosgesinfo.fr\/app\/uploads\/sites\/5\/2025\/05\/ceremonie-8-mai-jarmenil17.jpg\",\"keywords\":[\"Arches\",\"Archettes\",\"C\u00e9r\u00e9monie 8 mai\",\"eloyes\",\"Jarm\u00e9nil\",\"Pouxeux\"],\"articleSection\":[\"A la Une\",\"Epinal\",\"Histoire\",\"Remiremont\"],\"inLanguage\":\"fr-FR\",\"potentialAction\":[{\"@type\":\"CommentAction\",\"name\":\"Comment\",\"target\":[\"https:\/\/vosgesinfo.fr\/remiremontinfo\/2025\/05\/eloyes-jarmenil-arches-archettes-et-pouxeux-unies-pour-une-commemoration-inedite-ce-8-mai\/#respond\"]}]},{\"@type\":\"WebPage\",\"@id\":\"https:\/\/vosgesinfo.fr\/remiremontinfo\/2025\/05\/eloyes-jarmenil-arches-archettes-et-pouxeux-unies-pour-une-commemoration-inedite-ce-8-mai\/\",\"url\":\"https:\/\/vosgesinfo.fr\/remiremontinfo\/2025\/05\/eloyes-jarmenil-arches-archettes-et-pouxeux-unies-pour-une-commemoration-inedite-ce-8-mai\/\",\"name\":\"Eloyes, Jarm\u00e9nil, Arches, Archettes et Pouxeux unies pour une comm\u00e9moration in\u00e9dite ce 8 Mai - Remiremont Info\",\"isPartOf\":{\"@id\":\"https:\/\/vosgesinfo.fr\/remiremontinfo\/#website\"},\"primaryImageOfPage\":{\"@id\":\"https:\/\/vosgesinfo.fr\/remiremontinfo\/2025\/05\/eloyes-jarmenil-arches-archettes-et-pouxeux-unies-pour-une-commemoration-inedite-ce-8-mai\/#primaryimage\"},\"image\":{\"@id\":\"https:\/\/vosgesinfo.fr\/remiremontinfo\/2025\/05\/eloyes-jarmenil-arches-archettes-et-pouxeux-unies-pour-une-commemoration-inedite-ce-8-mai\/#primaryimage\"},\"thumbnailUrl\":\"https:\/\/vosgesinfo.fr\/app\/uploads\/sites\/5\/2025\/05\/ceremonie-8-mai-jarmenil17.jpg\",\"datePublished\":\"2025-05-08T14:15:11+00:00\",\"dateModified\":\"2025-05-08T13:51:52+00:00\",\"breadcrumb\":{\"@id\":\"https:\/\/vosgesinfo.fr\/remiremontinfo\/2025\/05\/eloyes-jarmenil-arches-archettes-et-pouxeux-unies-pour-une-commemoration-inedite-ce-8-mai\/#breadcrumb\"},\"inLanguage\":\"fr-FR\",\"potentialAction\":[{\"@type\":\"ReadAction\",\"target\":[\"https:\/\/vosgesinfo.fr\/remiremontinfo\/2025\/05\/eloyes-jarmenil-arches-archettes-et-pouxeux-unies-pour-une-commemoration-inedite-ce-8-mai\/\"]}]},{\"@type\":\"ImageObject\",\"inLanguage\":\"fr-FR\",\"@id\":\"https:\/\/vosgesinfo.fr\/remiremontinfo\/2025\/05\/eloyes-jarmenil-arches-archettes-et-pouxeux-unies-pour-une-commemoration-inedite-ce-8-mai\/#primaryimage\",\"url\":\"https:\/\/vosgesinfo.fr\/app\/uploads\/sites\/5\/2025\/05\/ceremonie-8-mai-jarmenil17.jpg\",\"contentUrl\":\"https:\/\/vosgesinfo.fr\/app\/uploads\/sites\/5\/2025\/05\/ceremonie-8-mai-jarmenil17.jpg\",\"width\":1350,\"height\":759},{\"@type\":\"BreadcrumbList\",\"@id\":\"https:\/\/vosgesinfo.fr\/remiremontinfo\/2025\/05\/eloyes-jarmenil-arches-archettes-et-pouxeux-unies-pour-une-commemoration-inedite-ce-8-mai\/#breadcrumb\",\"itemListElement\":[{\"@type\":\"ListItem\",\"position\":1,\"name\":\"Home\",\"item\":\"https:\/\/vosgesinfo.fr\/remiremontinfo\/\"},{\"@type\":\"ListItem\",\"position\":2,\"name\":\"Eloyes, Jarm\u00e9nil, Arches, Archettes et Pouxeux unies pour une comm\u00e9moration in\u00e9dite ce 8 Mai\"}]},{\"@type\":\"WebSite\",\"@id\":\"https:\/\/vosgesinfo.fr\/remiremontinfo\/#website\",\"url\":\"https:\/\/vosgesinfo.fr\/remiremontinfo\/\",\"name\":\"Remiremont Info\",\"description\":\"Toute l&#039;actualit\u00e9 de Remiremont\",\"publisher\":{\"@id\":\"https:\/\/vosgesinfo.fr\/remiremontinfo\/#organization\"},\"alternateName\":\"Toute l'actualit\u00e9 de Remiremont\",\"potentialAction\":[{\"@type\":\"SearchAction\",\"target\":{\"@type\":\"EntryPoint\",\"urlTemplate\":\"https:\/\/vosgesinfo.fr\/remiremontinfo\/?s={search_term_string}\"},\"query-input\":\"required name=search_term_string\"}],\"inLanguage\":\"fr-FR\"},{\"@type\":\"Organization\",\"@id\":\"https:\/\/vosgesinfo.fr\/remiremontinfo\/#organization\",\"name\":\"Remiremont Info\",\"url\":\"https:\/\/vosgesinfo.fr\/remiremontinfo\/\",\"logo\":{\"@type\":\"ImageObject\",\"inLanguage\":\"fr-FR\",\"@id\":\"https:\/\/vosgesinfo.fr\/remiremontinfo\/#\/schema\/logo\/image\/\",\"url\":\"https:\/\/vosgesinfo.fr\/app\/uploads\/sites\/5\/2023\/08\/favicon-remiremontinfo.png\",\"contentUrl\":\"https:\/\/vosgesinfo.fr\/app\/uploads\/sites\/5\/2023\/08\/favicon-remiremontinfo.png\",\"width\":512,\"height\":512,\"caption\":\"Remiremont Info\"},\"image\":{\"@id\":\"https:\/\/vosgesinfo.fr\/remiremontinfo\/#\/schema\/logo\/image\/\"},\"sameAs\":[\"https:\/\/www.facebook.com\/remiremontinfo\",\"https:\/\/x.com\/VosgesInfo88\",\"https:\/\/www.youtube.com\/@vosgesinfo\"]},{\"@type\":\"Person\",\"@id\":\"https:\/\/vosgesinfo.fr\/remiremontinfo\/#\/schema\/person\/4f38cd3068e342935b7304695c797d08\",\"name\":\"C.M\",\"image\":{\"@type\":\"ImageObject\",\"inLanguage\":\"fr-FR\",\"@id\":\"https:\/\/vosgesinfo.fr\/remiremontinfo\/#\/schema\/person\/image\/\",\"url\":\"https:\/\/secure.gravatar.com\/avatar\/fe9daaef0164d920717484172682f3c5c9bcf7d42aa8c7048c76c34f0eb6c8da?s=96&d=mm&r=g\",\"contentUrl\":\"https:\/\/secure.gravatar.com\/avatar\/fe9daaef0164d920717484172682f3c5c9bcf7d42aa8c7048c76c34f0eb6c8da?s=96&d=mm&r=g\",\"caption\":\"C.M\"},\"url\":\"https:\/\/vosgesinfo.fr\/remiremontinfo\/author\/cm88200\/\"}]}<\/script>\n<!-- \/ Yoast SEO plugin. -->","yoast_head_json":{"title":"Eloyes, Jarm\u00e9nil, Arches, Archettes et Pouxeux unies pour une comm\u00e9moration in\u00e9dite ce 8 Mai - Remiremont Info","robots":{"index":"index","follow":"follow","max-snippet":"max-snippet:-1","max-image-preview":"max-image-preview:large","max-video-preview":"max-video-preview:-1"},"canonical":"https:\/\/vosgesinfo.fr\/remiremontinfo\/2025\/05\/eloyes-jarmenil-arches-archettes-et-pouxeux-unies-pour-une-commemoration-inedite-ce-8-mai\/","twitter_card":"summary_large_image","twitter_title":"Eloyes, Jarm\u00e9nil, Arches, Archettes et Pouxeux unies pour une comm\u00e9moration in\u00e9dite ce 8 Mai - Remiremont Info","twitter_description":"Pour marquer les 80 ans de la victoire de la Seconde Guerre mondiale, les communes de Pouxeux, Jarm\u00e9nil, Eloyes, Arches [&hellip;]","twitter_image":"https:\/\/vosgesinfo.fr\/app\/uploads\/sites\/5\/2025\/05\/ceremonie-8-mai-jarmenil17.jpg","twitter_creator":"@VosgesInfo88","twitter_site":"@VosgesInfo88","twitter_misc":{"\u00c9crit par":"C.M","Dur\u00e9e de lecture estim\u00e9e":"2 minutes"},"schema":{"@context":"https:\/\/schema.org","@graph":[{"@type":"Article","@id":"https:\/\/vosgesinfo.fr\/remiremontinfo\/2025\/05\/eloyes-jarmenil-arches-archettes-et-pouxeux-unies-pour-une-commemoration-inedite-ce-8-mai\/#article","isPartOf":{"@id":"https:\/\/vosgesinfo.fr\/remiremontinfo\/2025\/05\/eloyes-jarmenil-arches-archettes-et-pouxeux-unies-pour-une-commemoration-inedite-ce-8-mai\/"},"author":{"name":"C.M","@id":"https:\/\/vosgesinfo.fr\/remiremontinfo\/#\/schema\/person\/4f38cd3068e342935b7304695c797d08"},"headline":"Eloyes, Jarm\u00e9nil, Arches, Archettes et Pouxeux unies pour une comm\u00e9moration in\u00e9dite ce 8 Mai","datePublished":"2025-05-08T14:15:11+00:00","dateModified":"2025-05-08T13:51:52+00:00","mainEntityOfPage":{"@id":"https:\/\/vosgesinfo.fr\/remiremontinfo\/2025\/05\/eloyes-jarmenil-arches-archettes-et-pouxeux-unies-pour-une-commemoration-inedite-ce-8-mai\/"},"wordCount":307,"commentCount":0,"publisher":{"@id":"https:\/\/vosgesinfo.fr\/remiremontinfo\/#organization"},"image":{"@id":"https:\/\/vosgesinfo.fr\/remiremontinfo\/2025\/05\/eloyes-jarmenil-arches-archettes-et-pouxeux-unies-pour-une-commemoration-inedite-ce-8-mai\/#primaryimage"},"thumbnailUrl":"https:\/\/vosgesinfo.fr\/app\/uploads\/sites\/5\/2025\/05\/ceremonie-8-mai-jarmenil17.jpg","keywords":["Arches","Archettes","C\u00e9r\u00e9monie 8 mai","eloyes","Jarm\u00e9nil","Pouxeux"],"articleSection":["A la Une","Epinal","Histoire","Remiremont"],"inLanguage":"fr-FR","potentialAction":[{"@type":"CommentAction","name":"Comment","target":["https:\/\/vosgesinfo.fr\/remiremontinfo\/2025\/05\/eloyes-jarmenil-arches-archettes-et-pouxeux-unies-pour-une-commemoration-inedite-ce-8-mai\/#respond"]}]},{"@type":"WebPage","@id":"https:\/\/vosgesinfo.fr\/remiremontinfo\/2025\/05\/eloyes-jarmenil-arches-archettes-et-pouxeux-unies-pour-une-commemoration-inedite-ce-8-mai\/","url":"https:\/\/vosgesinfo.fr\/remiremontinfo\/2025\/05\/eloyes-jarmenil-arches-archettes-et-pouxeux-unies-pour-une-commemoration-inedite-ce-8-mai\/","name":"Eloyes, Jarm\u00e9nil, Arches, Archettes et Pouxeux unies pour une comm\u00e9moration in\u00e9dite ce 8 Mai - Remiremont Info","isPartOf":{"@id":"https:\/\/vosgesinfo.fr\/remiremontinfo\/#website"},"primaryImageOfPage":{"@id":"https:\/\/vosgesinfo.fr\/remiremontinfo\/2025\/05\/eloyes-jarmenil-arches-archettes-et-pouxeux-unies-pour-une-commemoration-inedite-ce-8-mai\/#primaryimage"},"image":{"@id":"https:\/\/vosgesinfo.fr\/remiremontinfo\/2025\/05\/eloyes-jarmenil-arches-archettes-et-pouxeux-unies-pour-une-commemoration-inedite-ce-8-mai\/#primaryimage"},"thumbnailUrl":"https:\/\/vosgesinfo.fr\/app\/uploads\/sites\/5\/2025\/05\/ceremonie-8-mai-jarmenil17.jpg","datePublished":"2025-05-08T14:15:11+00:00","dateModified":"2025-05-08T13:51:52+00:00","breadcrumb":{"@id":"https:\/\/vosgesinfo.fr\/remiremontinfo\/2025\/05\/eloyes-jarmenil-arches-archettes-et-pouxeux-unies-pour-une-commemoration-inedite-ce-8-mai\/#breadcrumb"},"inLanguage":"fr-FR","potentialAction":[{"@type":"ReadAction","target":["https:\/\/vosgesinfo.fr\/remiremontinfo\/2025\/05\/eloyes-jarmenil-arches-archettes-et-pouxeux-unies-pour-une-commemoration-inedite-ce-8-mai\/"]}]},{"@type":"ImageObject","inLanguage":"fr-FR","@id":"https:\/\/vosgesinfo.fr\/remiremontinfo\/2025\/05\/eloyes-jarmenil-arches-archettes-et-pouxeux-unies-pour-une-commemoration-inedite-ce-8-mai\/#primaryimage","url":"https:\/\/vosgesinfo.fr\/app\/uploads\/sites\/5\/2025\/05\/ceremonie-8-mai-jarmenil17.jpg","contentUrl":"https:\/\/vosgesinfo.fr\/app\/uploads\/sites\/5\/2025\/05\/ceremonie-8-mai-jarmenil17.jpg","width":1350,"height":759},{"@type":"BreadcrumbList","@id":"https:\/\/vosgesinfo.fr\/remiremontinfo\/2025\/05\/eloyes-jarmenil-arches-archettes-et-pouxeux-unies-pour-une-commemoration-inedite-ce-8-mai\/#breadcrumb","itemListElement":[{"@type":"ListItem","position":1,"name":"Home","item":"https:\/\/vosgesinfo.fr\/remiremontinfo\/"},{"@type":"ListItem","position":2,"name":"Eloyes, Jarm\u00e9nil, Arches, Archettes et Pouxeux unies pour une comm\u00e9moration in\u00e9dite ce 8 Mai"}]},{"@type":"WebSite","@id":"https:\/\/vosgesinfo.fr\/remiremontinfo\/#website","url":"https:\/\/vosgesinfo.fr\/remiremontinfo\/","name":"Remiremont Info","description":"Toute l&#039;actualit\u00e9 de Remiremont","publisher":{"@id":"https:\/\/vosgesinfo.fr\/remiremontinfo\/#organization"},"alternateName":"Toute l'actualit\u00e9 de Remiremont","potentialAction":[{"@type":"SearchAction","target":{"@type":"EntryPoint","urlTemplate":"https:\/\/vosgesinfo.fr\/remiremontinfo\/?s={search_term_string}"},"query-input":"required name=search_term_string"}],"inLanguage":"fr-FR"},{"@type":"Organization","@id":"https:\/\/vosgesinfo.fr\/remiremontinfo\/#organization","name":"Remiremont Info","url":"https:\/\/vosgesinfo.fr\/remiremontinfo\/","logo":{"@type":"ImageObject","inLanguage":"fr-FR","@id":"https:\/\/vosgesinfo.fr\/remiremontinfo\/#\/schema\/logo\/image\/","url":"https:\/\/vosgesinfo.fr\/app\/uploads\/sites\/5\/2023\/08\/favicon-remiremontinfo.png","contentUrl":"https:\/\/vosgesinfo.fr\/app\/uploads\/sites\/5\/2023\/08\/favicon-remiremontinfo.png","width":512,"height":512,"caption":"Remiremont Info"},"image":{"@id":"https:\/\/vosgesinfo.fr\/remiremontinfo\/#\/schema\/logo\/image\/"},"sameAs":["https:\/\/www.facebook.com\/remiremontinfo","https:\/\/x.com\/VosgesInfo88","https:\/\/www.youtube.com\/@vosgesinfo"]},{"@type":"Person","@id":"https:\/\/vosgesinfo.fr\/remiremontinfo\/#\/schema\/person\/4f38cd3068e342935b7304695c797d08","name":"C.M","image":{"@type":"ImageObject","inLanguage":"fr-FR","@id":"https:\/\/vosgesinfo.fr\/remiremontinfo\/#\/schema\/person\/image\/","url":"https:\/\/secure.gravatar.com\/avatar\/fe9daaef0164d920717484172682f3c5c9bcf7d42aa8c7048c76c34f0eb6c8da?s=96&d=mm&r=g","contentUrl":"https:\/\/secure.gravatar.com\/avatar\/fe9daaef0164d920717484172682f3c5c9bcf7d42aa8c7048c76c34f0eb6c8da?s=96&d=mm&r=g","caption":"C.M"},"url":"https:\/\/vosgesinfo.fr\/remiremontinfo\/author\/cm88200\/"}]}},"_links":{"self":[{"href":"https:\/\/vosgesinfo.fr\/remiremontinfo\/wp-json\/wp\/v2\/posts\/81523","targetHints":{"allow":["GET"]}}],"collection":[{"href":"https:\/\/vosgesinfo.fr\/remiremontinfo\/wp-json\/wp\/v2\/posts"}],"about":[{"href":"https:\/\/vosgesinfo.fr\/remiremontinfo\/wp-json\/wp\/v2\/types\/post"}],"author":[{"embeddable":true,"href":"https:\/\/vosgesinfo.fr\/remiremontinfo\/wp-json\/wp\/v2\/users\/418"}],"replies":[{"embeddable":true,"href":"https:\/\/vosgesinfo.fr\/remiremontinfo\/wp-json\/wp\/v2\/comments?post=81523"}],"version-history":[{"count":2,"href":"https:\/\/vosgesinfo.fr\/remiremontinfo\/wp-json\/wp\/v2\/posts\/81523\/revisions"}],"predecessor-version":[{"id":81545,"href":"https:\/\/vosgesinfo.fr\/remiremontinfo\/wp-json\/wp\/v2\/posts\/81523\/revisions\/81545"}],"wp:featuredmedia":[{"embeddable":true,"href":"https:\/\/vosgesinfo.fr\/remiremontinfo\/wp-json\/wp\/v2\/media\/81535"}],"wp:attachment":[{"href":"https:\/\/vosgesinfo.fr\/remiremontinfo\/wp-json\/wp\/v2\/media?parent=81523"}],"wp:term":[{"taxonomy":"category","embeddable":true,"href":"https:\/\/vosgesinfo.fr\/remiremontinfo\/wp-json\/wp\/v2\/categories?post=81523"},{"taxonomy":"post_tag","embeddable":true,"href":"https:\/\/vosgesinfo.fr\/remiremontinfo\/wp-json\/wp\/v2\/tags?post=81523"}],"curies":[{"name":"wp","href":"https:\/\/api.w.org\/{rel}","templated":true}]}}