{"id":81554,"date":"2025-05-08T18:30:24","date_gmt":"2025-05-08T16:30:24","guid":{"rendered":"https:\/\/vosgesinfo.fr\/remiremontinfo\/?p=81554"},"modified":"2025-05-08T16:08:11","modified_gmt":"2025-05-08T14:08:11","slug":"saint-nabord-24eme-marche-populaire-internationale-dimanche-18-mai","status":"publish","type":"post","link":"https:\/\/vosgesinfo.fr\/remiremontinfo\/2025\/05\/saint-nabord-24eme-marche-populaire-internationale-dimanche-18-mai\/","title":{"rendered":"Saint-Nabord \u2013 24\u00e8me marche populaire internationale, dimanche 18 Mai"},"content":{"rendered":"<div id=\"attachment_81555\" style=\"width: 1034px\" class=\"wp-caption aligncenter\"><a href=\"https:\/\/vosgesinfo.fr\/app\/uploads\/sites\/5\/2025\/05\/2023-05-21-parcours-016.jpeg\"><img decoding=\"async\" aria-describedby=\"caption-attachment-81555\" class=\"wp-image-81555 size-full\" src=\"https:\/\/vosgesinfo.fr\/app\/uploads\/sites\/5\/2025\/05\/2023-05-21-parcours-016.jpeg\" alt=\"\" width=\"1024\" height=\"577\" srcset=\"https:\/\/vosgesinfo.fr\/app\/uploads\/sites\/5\/2025\/05\/2023-05-21-parcours-016.jpeg 1024w, https:\/\/vosgesinfo.fr\/app\/uploads\/sites\/5\/2025\/05\/2023-05-21-parcours-016-300x169.jpeg 300w, https:\/\/vosgesinfo.fr\/app\/uploads\/sites\/5\/2025\/05\/2023-05-21-parcours-016-768x433.jpeg 768w\" sizes=\"(max-width: 1024px) 100vw, 1024px\" \/><\/a><p id=\"caption-attachment-81555\" class=\"wp-caption-text\">association Falli\u00e8res Sport D\u00e9tente<\/p><\/div>\n<p style=\"text-align: center;\"><strong><span class=\"s2\">Saint-Nabord \u2013 24\u00e8me marche populaire internationale, dimanche 18 Mai <\/span><\/strong><\/p>\n<p>&nbsp;<\/p>\n<p><span class=\"s2\">\u00a0 \u00a0 \u00a0 \u00a0 \u00a0 \u00a0 \u00a0 \u00a0 \u00a0 \u00a0<\/span><span class=\"s3\">Une manifestation toujours tr\u00e8s pris\u00e9e par les randonneurs venant m\u00eame de d\u00e9partements limitrophes, la marche populaire navoiriaude est fid\u00e8lement organis\u00e9e le 3\u00e8me dimanche de mai par l\u2019association \u00ab Falli\u00e8res-Sport-D\u00e9tente \u00bb. D\u00e9parts et arriv\u00e9es au centre socioculturel de Saint-Nabord, au centre de la commune. <\/span><\/p>\n<p>&nbsp;<\/p>\n<p><span class=\"s3\">\u00a0 \u00a0 \u00a0 \u00a0 \u00a0 \u00a0 \u00a0 \u00a0 \u00a0 \u00a0 \u00a0<\/span><span class=\"s4\">Trois parcours sont inscrits \u00e0 cette marche populaire\u00a0: le 20 km avec d\u00e9parts de 7 h 00 \u00e0 13 h 00, le 10 km avec d\u00e9parts de 7 h 00 \u00e0 14 h 00 et le 5 km avec d\u00e9parts \u00e9galement de 7 h 00 \u00e0 14 h 00. <\/span><\/p>\n<p>&nbsp;<\/p>\n<p><span class=\"s4\">\u00a0 \u00a0 \u00a0 \u00a0 \u00a0 \u00a0 \u00a0 \u00a0 \u00a0 \u00a0 \u00a0 \u00a0<\/span><span class=\"s4\">Ces randonn\u00e9es p\u00e9destres sont accessibles \u00e0 tous, sans limite d\u2019\u00e2ge, sauf contre-indication m\u00e9dicale. Elles se pratique<\/span><span class=\"s4\">nt<\/span><span class=\"s4\"> sans contrainte de performance, suivant son rythme. L\u2019inscription \u00e0 la marche vaut d\u00e9claration de bonne sant\u00e9. Les enfants de moins de 10 ans doivent \u00eatre accompagn\u00e9s. <\/span><span class=\"s4\">La <\/span><span class=\"s4\">manifestation aura lieu \u00a0quelques s<\/span><span class=\"s4\">oient les conditions m\u00e9t\u00e9orologiques, sauf arr\u00eat\u00e9 pr\u00e9fectoral ou municipal sp\u00e9cifique. <\/span><\/p>\n<p>&nbsp;<\/p>\n<p><span class=\"s4\">\u00a0 \u00a0 \u00a0 \u00a0 \u00a0 \u00a0 \u00a0 \u00a0 \u00a0 \u00a0 \u00a0 \u00a0<strong> \u00a0<\/strong><\/span><span class=\"s3\"><strong>Important\u00a0<\/strong>&#8211; <\/span><span class=\"s4\">Interdiction absolue de fumer et d\u2019allumer du feu sur les parcours. \u00a0Les chiens devront obligatoirement \u00eatre tenus en laisse. Il sera \u00e9galement interdit de quitter les chemins et en cas de d\u00e9g\u00e2ts occasionn\u00e9s, la responsabilit\u00e9 des contrevenants sera engag\u00e9e. <\/span><\/p>\n<p>&nbsp;<\/p>\n<p><span class=\"s4\">\u00a0 \u00a0 \u00a0 \u00a0 \u00a0 \u00a0 \u00a0 \u00a0 \u00a0 \u00a0 \u00a0 \u00a0 \u00a0<\/span><span class=\"s3\">Cotisation et participation &#8211; <\/span><span class=\"s4\">la licence de participation FFSP sera d\u00e9livr\u00e9e au d\u00e9part contre une cotisation de participation fix\u00e9e \u00e0 3 \u20ac sans souvenir ou 6 \u20ac avec souvenir. Licence famille \u00e0 6 \u20ac parents + enfants (gratuit\u00e9 enfants jusqu\u2019\u00e0 16 ans). <\/span><\/p>\n<p>&nbsp;<\/p>\n<p><span class=\"s4\">\u00a0 \u00a0 \u00a0 \u00a0 \u00a0 \u00a0 \u00a0 \u00a0 \u00a0 \u00a0 \u00a0 \u00a0 \u00a0 <\/span><span class=\"s3\">Ravitaillements &#8211; <\/span><span class=\"s4\">sont gratuits\u00a0: caf\u00e9 au d\u00e9part, eau, sirop et petites collations \u00e0 tous les contr\u00f4les\u00a0; \u00a0sont payants\u00a0: sandwichs, frites et grillades sur les parcours, repas tofailles \u00e0 l\u2019arriv\u00e9e ainsi que les boissons en bouteilles. <\/span><\/p>\n<p>&nbsp;<\/p>\n<p><span class=\"s4\">\u00a0 \u00a0 \u00a0 \u00a0 \u00a0 \u00a0 \u00a0 \u00a0 \u00a0 \u00a0 \u00a0 \u00a0 \u00a0 \u00a0 <\/span><span class=\"s3\">Bon \u00e0 savoir &#8211; <\/span><span class=\"s4\">les randonneurs devront venir avec leurs gobelets r\u00e9utilisables, il n\u2019y aura pas de gobelets jetables sur les parcours. <\/span><\/p>\n<p>&nbsp;<\/p>\n<p><span class=\"s4\">\u00a0 \u00a0 \u00a0 \u00a0 \u00a0 \u00a0 \u00a0 \u00a0 \u00a0 \u00a0 \u00a0 \u00a0 \u00a0 \u00a0 \u00a0<\/span><span class=\"s4\">Informations\u00a0: <\/span><a href=\"https:\/\/fsdsaintnabord.free.fr\/\"><span class=\"s5\">https:\/\/fsdsaintnabord.free.fr<\/span><\/a><\/p>\n<p>&nbsp;<\/p>\n<p><a href=\"https:\/\/vosgesinfo.fr\/app\/uploads\/sites\/5\/2025\/05\/24eme-marche-populaire-internationale-18-mai-saint-nabvord.jpg\"><img decoding=\"async\" class=\"aligncenter size-full wp-image-81556\" src=\"https:\/\/vosgesinfo.fr\/app\/uploads\/sites\/5\/2025\/05\/24eme-marche-populaire-internationale-18-mai-saint-nabvord.jpg\" alt=\"\" width=\"1680\" height=\"2376\" srcset=\"https:\/\/vosgesinfo.fr\/app\/uploads\/sites\/5\/2025\/05\/24eme-marche-populaire-internationale-18-mai-saint-nabvord.jpg 1680w, https:\/\/vosgesinfo.fr\/app\/uploads\/sites\/5\/2025\/05\/24eme-marche-populaire-internationale-18-mai-saint-nabvord-212x300.jpg 212w, https:\/\/vosgesinfo.fr\/app\/uploads\/sites\/5\/2025\/05\/24eme-marche-populaire-internationale-18-mai-saint-nabvord-724x1024.jpg 724w, https:\/\/vosgesinfo.fr\/app\/uploads\/sites\/5\/2025\/05\/24eme-marche-populaire-internationale-18-mai-saint-nabvord-768x1086.jpg 768w, https:\/\/vosgesinfo.fr\/app\/uploads\/sites\/5\/2025\/05\/24eme-marche-populaire-internationale-18-mai-saint-nabvord-1086x1536.jpg 1086w, https:\/\/vosgesinfo.fr\/app\/uploads\/sites\/5\/2025\/05\/24eme-marche-populaire-internationale-18-mai-saint-nabvord-1448x2048.jpg 1448w\" sizes=\"(max-width: 1680px) 100vw, 1680px\" \/><\/a><\/p>\n","protected":false},"excerpt":{"rendered":"<p>Saint-Nabord \u2013 24\u00e8me marche populaire internationale, dimanche 18 Mai &nbsp; \u00a0 \u00a0 \u00a0 \u00a0 \u00a0 \u00a0 \u00a0 \u00a0 \u00a0 \u00a0Une [&hellip;]<\/p>\n","protected":false},"author":391,"featured_media":81555,"comment_status":"open","ping_status":"open","sticky":false,"template":"","format":"standard","meta":{"footnotes":""},"categories":[26,594,100,14,17],"tags":[7891,1045,42],"class_list":["post-81554","post","type-post","status-publish","format-standard","has-post-thumbnail","hentry","category-a-la-une","category-agenda","category-saint-nabord","category-sport","category-vie-associative","tag-association-fallieres-sport-detente","tag-marche-populaire-internationale","tag-saint-nabord"],"acf":[],"yoast_head":"<!-- This site is optimized with the Yoast SEO plugin v22.5 - https:\/\/yoast.com\/wordpress\/plugins\/seo\/ -->\n<title>Saint-Nabord \u2013 24\u00e8me marche populaire internationale, dimanche 18 Mai - Remiremont Info<\/title>\n<meta name=\"robots\" content=\"index, follow, max-snippet:-1, max-image-preview:large, max-video-preview:-1\" \/>\n<link rel=\"canonical\" href=\"https:\/\/vosgesinfo.fr\/remiremontinfo\/2025\/05\/saint-nabord-24eme-marche-populaire-internationale-dimanche-18-mai\/\" \/>\n<meta name=\"twitter:card\" content=\"summary_large_image\" \/>\n<meta name=\"twitter:title\" content=\"Saint-Nabord \u2013 24\u00e8me marche populaire internationale, dimanche 18 Mai - Remiremont Info\" \/>\n<meta name=\"twitter:description\" content=\"Saint-Nabord \u2013 24\u00e8me marche populaire internationale, dimanche 18 Mai &nbsp; \u00a0 \u00a0 \u00a0 \u00a0 \u00a0 \u00a0 \u00a0 \u00a0 \u00a0 \u00a0Une [&hellip;]\" \/>\n<meta name=\"twitter:image\" content=\"https:\/\/vosgesinfo.fr\/app\/uploads\/sites\/5\/2025\/05\/2023-05-21-parcours-016.jpeg\" \/>\n<meta name=\"twitter:creator\" content=\"@VosgesInfo88\" \/>\n<meta name=\"twitter:site\" content=\"@VosgesInfo88\" \/>\n<meta name=\"twitter:label1\" content=\"\u00c9crit par\" \/>\n\t<meta name=\"twitter:data1\" content=\"La redaction\" \/>\n\t<meta name=\"twitter:label2\" content=\"Dur\u00e9e de lecture estim\u00e9e\" \/>\n\t<meta name=\"twitter:data2\" content=\"2 minutes\" \/>\n<script type=\"application\/ld+json\" class=\"yoast-schema-graph\">{\"@context\":\"https:\/\/schema.org\",\"@graph\":[{\"@type\":\"Article\",\"@id\":\"https:\/\/vosgesinfo.fr\/remiremontinfo\/2025\/05\/saint-nabord-24eme-marche-populaire-internationale-dimanche-18-mai\/#article\",\"isPartOf\":{\"@id\":\"https:\/\/vosgesinfo.fr\/remiremontinfo\/2025\/05\/saint-nabord-24eme-marche-populaire-internationale-dimanche-18-mai\/\"},\"author\":{\"name\":\"La redaction\",\"@id\":\"https:\/\/vosgesinfo.fr\/remiremontinfo\/#\/schema\/person\/27a3695b06db98895b354c0765cdfc31\"},\"headline\":\"Saint-Nabord \u2013 24\u00e8me marche populaire internationale, dimanche 18 Mai\",\"datePublished\":\"2025-05-08T16:30:24+00:00\",\"dateModified\":\"2025-05-08T14:08:11+00:00\",\"mainEntityOfPage\":{\"@id\":\"https:\/\/vosgesinfo.fr\/remiremontinfo\/2025\/05\/saint-nabord-24eme-marche-populaire-internationale-dimanche-18-mai\/\"},\"wordCount\":336,\"commentCount\":0,\"publisher\":{\"@id\":\"https:\/\/vosgesinfo.fr\/remiremontinfo\/#organization\"},\"image\":{\"@id\":\"https:\/\/vosgesinfo.fr\/remiremontinfo\/2025\/05\/saint-nabord-24eme-marche-populaire-internationale-dimanche-18-mai\/#primaryimage\"},\"thumbnailUrl\":\"https:\/\/vosgesinfo.fr\/app\/uploads\/sites\/5\/2025\/05\/2023-05-21-parcours-016.jpeg\",\"keywords\":[\"Association Falli\u00e8res Sport D\u00e9tente\",\"marche populaire internationale\",\"saint-nabord\"],\"articleSection\":[\"A la Une\",\"Agenda\",\"Saint-Nabord\",\"Sport\",\"Vie associative\"],\"inLanguage\":\"fr-FR\",\"potentialAction\":[{\"@type\":\"CommentAction\",\"name\":\"Comment\",\"target\":[\"https:\/\/vosgesinfo.fr\/remiremontinfo\/2025\/05\/saint-nabord-24eme-marche-populaire-internationale-dimanche-18-mai\/#respond\"]}]},{\"@type\":\"WebPage\",\"@id\":\"https:\/\/vosgesinfo.fr\/remiremontinfo\/2025\/05\/saint-nabord-24eme-marche-populaire-internationale-dimanche-18-mai\/\",\"url\":\"https:\/\/vosgesinfo.fr\/remiremontinfo\/2025\/05\/saint-nabord-24eme-marche-populaire-internationale-dimanche-18-mai\/\",\"name\":\"Saint-Nabord \u2013 24\u00e8me marche populaire internationale, dimanche 18 Mai - Remiremont Info\",\"isPartOf\":{\"@id\":\"https:\/\/vosgesinfo.fr\/remiremontinfo\/#website\"},\"primaryImageOfPage\":{\"@id\":\"https:\/\/vosgesinfo.fr\/remiremontinfo\/2025\/05\/saint-nabord-24eme-marche-populaire-internationale-dimanche-18-mai\/#primaryimage\"},\"image\":{\"@id\":\"https:\/\/vosgesinfo.fr\/remiremontinfo\/2025\/05\/saint-nabord-24eme-marche-populaire-internationale-dimanche-18-mai\/#primaryimage\"},\"thumbnailUrl\":\"https:\/\/vosgesinfo.fr\/app\/uploads\/sites\/5\/2025\/05\/2023-05-21-parcours-016.jpeg\",\"datePublished\":\"2025-05-08T16:30:24+00:00\",\"dateModified\":\"2025-05-08T14:08:11+00:00\",\"breadcrumb\":{\"@id\":\"https:\/\/vosgesinfo.fr\/remiremontinfo\/2025\/05\/saint-nabord-24eme-marche-populaire-internationale-dimanche-18-mai\/#breadcrumb\"},\"inLanguage\":\"fr-FR\",\"potentialAction\":[{\"@type\":\"ReadAction\",\"target\":[\"https:\/\/vosgesinfo.fr\/remiremontinfo\/2025\/05\/saint-nabord-24eme-marche-populaire-internationale-dimanche-18-mai\/\"]}]},{\"@type\":\"ImageObject\",\"inLanguage\":\"fr-FR\",\"@id\":\"https:\/\/vosgesinfo.fr\/remiremontinfo\/2025\/05\/saint-nabord-24eme-marche-populaire-internationale-dimanche-18-mai\/#primaryimage\",\"url\":\"https:\/\/vosgesinfo.fr\/app\/uploads\/sites\/5\/2025\/05\/2023-05-21-parcours-016.jpeg\",\"contentUrl\":\"https:\/\/vosgesinfo.fr\/app\/uploads\/sites\/5\/2025\/05\/2023-05-21-parcours-016.jpeg\",\"width\":1024,\"height\":577},{\"@type\":\"BreadcrumbList\",\"@id\":\"https:\/\/vosgesinfo.fr\/remiremontinfo\/2025\/05\/saint-nabord-24eme-marche-populaire-internationale-dimanche-18-mai\/#breadcrumb\",\"itemListElement\":[{\"@type\":\"ListItem\",\"position\":1,\"name\":\"Home\",\"item\":\"https:\/\/vosgesinfo.fr\/remiremontinfo\/\"},{\"@type\":\"ListItem\",\"position\":2,\"name\":\"Saint-Nabord \u2013 24\u00e8me marche populaire internationale, dimanche 18 Mai\"}]},{\"@type\":\"WebSite\",\"@id\":\"https:\/\/vosgesinfo.fr\/remiremontinfo\/#website\",\"url\":\"https:\/\/vosgesinfo.fr\/remiremontinfo\/\",\"name\":\"Remiremont Info\",\"description\":\"Toute l&#039;actualit\u00e9 de Remiremont\",\"publisher\":{\"@id\":\"https:\/\/vosgesinfo.fr\/remiremontinfo\/#organization\"},\"alternateName\":\"Toute l'actualit\u00e9 de Remiremont\",\"potentialAction\":[{\"@type\":\"SearchAction\",\"target\":{\"@type\":\"EntryPoint\",\"urlTemplate\":\"https:\/\/vosgesinfo.fr\/remiremontinfo\/?s={search_term_string}\"},\"query-input\":\"required name=search_term_string\"}],\"inLanguage\":\"fr-FR\"},{\"@type\":\"Organization\",\"@id\":\"https:\/\/vosgesinfo.fr\/remiremontinfo\/#organization\",\"name\":\"Remiremont Info\",\"url\":\"https:\/\/vosgesinfo.fr\/remiremontinfo\/\",\"logo\":{\"@type\":\"ImageObject\",\"inLanguage\":\"fr-FR\",\"@id\":\"https:\/\/vosgesinfo.fr\/remiremontinfo\/#\/schema\/logo\/image\/\",\"url\":\"https:\/\/vosgesinfo.fr\/app\/uploads\/sites\/5\/2023\/08\/favicon-remiremontinfo.png\",\"contentUrl\":\"https:\/\/vosgesinfo.fr\/app\/uploads\/sites\/5\/2023\/08\/favicon-remiremontinfo.png\",\"width\":512,\"height\":512,\"caption\":\"Remiremont Info\"},\"image\":{\"@id\":\"https:\/\/vosgesinfo.fr\/remiremontinfo\/#\/schema\/logo\/image\/\"},\"sameAs\":[\"https:\/\/www.facebook.com\/remiremontinfo\",\"https:\/\/x.com\/VosgesInfo88\",\"https:\/\/www.youtube.com\/@vosgesinfo\"]},{\"@type\":\"Person\",\"@id\":\"https:\/\/vosgesinfo.fr\/remiremontinfo\/#\/schema\/person\/27a3695b06db98895b354c0765cdfc31\",\"name\":\"La redaction\",\"image\":{\"@type\":\"ImageObject\",\"inLanguage\":\"fr-FR\",\"@id\":\"https:\/\/vosgesinfo.fr\/remiremontinfo\/#\/schema\/person\/image\/\",\"url\":\"https:\/\/secure.gravatar.com\/avatar\/64c76a78e501cedee55736f43f332df901e1896ae9cd8fad269ae2236dd0e8b6?s=96&d=mm&r=g\",\"contentUrl\":\"https:\/\/secure.gravatar.com\/avatar\/64c76a78e501cedee55736f43f332df901e1896ae9cd8fad269ae2236dd0e8b6?s=96&d=mm&r=g\",\"caption\":\"La redaction\"},\"url\":\"https:\/\/vosgesinfo.fr\/remiremontinfo\/author\/la-redaction\/\"}]}<\/script>\n<!-- \/ Yoast SEO plugin. -->","yoast_head_json":{"title":"Saint-Nabord \u2013 24\u00e8me marche populaire internationale, dimanche 18 Mai - Remiremont Info","robots":{"index":"index","follow":"follow","max-snippet":"max-snippet:-1","max-image-preview":"max-image-preview:large","max-video-preview":"max-video-preview:-1"},"canonical":"https:\/\/vosgesinfo.fr\/remiremontinfo\/2025\/05\/saint-nabord-24eme-marche-populaire-internationale-dimanche-18-mai\/","twitter_card":"summary_large_image","twitter_title":"Saint-Nabord \u2013 24\u00e8me marche populaire internationale, dimanche 18 Mai - Remiremont Info","twitter_description":"Saint-Nabord \u2013 24\u00e8me marche populaire internationale, dimanche 18 Mai &nbsp; \u00a0 \u00a0 \u00a0 \u00a0 \u00a0 \u00a0 \u00a0 \u00a0 \u00a0 \u00a0Une [&hellip;]","twitter_image":"https:\/\/vosgesinfo.fr\/app\/uploads\/sites\/5\/2025\/05\/2023-05-21-parcours-016.jpeg","twitter_creator":"@VosgesInfo88","twitter_site":"@VosgesInfo88","twitter_misc":{"\u00c9crit par":"La redaction","Dur\u00e9e de lecture estim\u00e9e":"2 minutes"},"schema":{"@context":"https:\/\/schema.org","@graph":[{"@type":"Article","@id":"https:\/\/vosgesinfo.fr\/remiremontinfo\/2025\/05\/saint-nabord-24eme-marche-populaire-internationale-dimanche-18-mai\/#article","isPartOf":{"@id":"https:\/\/vosgesinfo.fr\/remiremontinfo\/2025\/05\/saint-nabord-24eme-marche-populaire-internationale-dimanche-18-mai\/"},"author":{"name":"La redaction","@id":"https:\/\/vosgesinfo.fr\/remiremontinfo\/#\/schema\/person\/27a3695b06db98895b354c0765cdfc31"},"headline":"Saint-Nabord \u2013 24\u00e8me marche populaire internationale, dimanche 18 Mai","datePublished":"2025-05-08T16:30:24+00:00","dateModified":"2025-05-08T14:08:11+00:00","mainEntityOfPage":{"@id":"https:\/\/vosgesinfo.fr\/remiremontinfo\/2025\/05\/saint-nabord-24eme-marche-populaire-internationale-dimanche-18-mai\/"},"wordCount":336,"commentCount":0,"publisher":{"@id":"https:\/\/vosgesinfo.fr\/remiremontinfo\/#organization"},"image":{"@id":"https:\/\/vosgesinfo.fr\/remiremontinfo\/2025\/05\/saint-nabord-24eme-marche-populaire-internationale-dimanche-18-mai\/#primaryimage"},"thumbnailUrl":"https:\/\/vosgesinfo.fr\/app\/uploads\/sites\/5\/2025\/05\/2023-05-21-parcours-016.jpeg","keywords":["Association Falli\u00e8res Sport D\u00e9tente","marche populaire internationale","saint-nabord"],"articleSection":["A la Une","Agenda","Saint-Nabord","Sport","Vie associative"],"inLanguage":"fr-FR","potentialAction":[{"@type":"CommentAction","name":"Comment","target":["https:\/\/vosgesinfo.fr\/remiremontinfo\/2025\/05\/saint-nabord-24eme-marche-populaire-internationale-dimanche-18-mai\/#respond"]}]},{"@type":"WebPage","@id":"https:\/\/vosgesinfo.fr\/remiremontinfo\/2025\/05\/saint-nabord-24eme-marche-populaire-internationale-dimanche-18-mai\/","url":"https:\/\/vosgesinfo.fr\/remiremontinfo\/2025\/05\/saint-nabord-24eme-marche-populaire-internationale-dimanche-18-mai\/","name":"Saint-Nabord \u2013 24\u00e8me marche populaire internationale, dimanche 18 Mai - Remiremont Info","isPartOf":{"@id":"https:\/\/vosgesinfo.fr\/remiremontinfo\/#website"},"primaryImageOfPage":{"@id":"https:\/\/vosgesinfo.fr\/remiremontinfo\/2025\/05\/saint-nabord-24eme-marche-populaire-internationale-dimanche-18-mai\/#primaryimage"},"image":{"@id":"https:\/\/vosgesinfo.fr\/remiremontinfo\/2025\/05\/saint-nabord-24eme-marche-populaire-internationale-dimanche-18-mai\/#primaryimage"},"thumbnailUrl":"https:\/\/vosgesinfo.fr\/app\/uploads\/sites\/5\/2025\/05\/2023-05-21-parcours-016.jpeg","datePublished":"2025-05-08T16:30:24+00:00","dateModified":"2025-05-08T14:08:11+00:00","breadcrumb":{"@id":"https:\/\/vosgesinfo.fr\/remiremontinfo\/2025\/05\/saint-nabord-24eme-marche-populaire-internationale-dimanche-18-mai\/#breadcrumb"},"inLanguage":"fr-FR","potentialAction":[{"@type":"ReadAction","target":["https:\/\/vosgesinfo.fr\/remiremontinfo\/2025\/05\/saint-nabord-24eme-marche-populaire-internationale-dimanche-18-mai\/"]}]},{"@type":"ImageObject","inLanguage":"fr-FR","@id":"https:\/\/vosgesinfo.fr\/remiremontinfo\/2025\/05\/saint-nabord-24eme-marche-populaire-internationale-dimanche-18-mai\/#primaryimage","url":"https:\/\/vosgesinfo.fr\/app\/uploads\/sites\/5\/2025\/05\/2023-05-21-parcours-016.jpeg","contentUrl":"https:\/\/vosgesinfo.fr\/app\/uploads\/sites\/5\/2025\/05\/2023-05-21-parcours-016.jpeg","width":1024,"height":577},{"@type":"BreadcrumbList","@id":"https:\/\/vosgesinfo.fr\/remiremontinfo\/2025\/05\/saint-nabord-24eme-marche-populaire-internationale-dimanche-18-mai\/#breadcrumb","itemListElement":[{"@type":"ListItem","position":1,"name":"Home","item":"https:\/\/vosgesinfo.fr\/remiremontinfo\/"},{"@type":"ListItem","position":2,"name":"Saint-Nabord \u2013 24\u00e8me marche populaire internationale, dimanche 18 Mai"}]},{"@type":"WebSite","@id":"https:\/\/vosgesinfo.fr\/remiremontinfo\/#website","url":"https:\/\/vosgesinfo.fr\/remiremontinfo\/","name":"Remiremont Info","description":"Toute l&#039;actualit\u00e9 de Remiremont","publisher":{"@id":"https:\/\/vosgesinfo.fr\/remiremontinfo\/#organization"},"alternateName":"Toute l'actualit\u00e9 de Remiremont","potentialAction":[{"@type":"SearchAction","target":{"@type":"EntryPoint","urlTemplate":"https:\/\/vosgesinfo.fr\/remiremontinfo\/?s={search_term_string}"},"query-input":"required name=search_term_string"}],"inLanguage":"fr-FR"},{"@type":"Organization","@id":"https:\/\/vosgesinfo.fr\/remiremontinfo\/#organization","name":"Remiremont Info","url":"https:\/\/vosgesinfo.fr\/remiremontinfo\/","logo":{"@type":"ImageObject","inLanguage":"fr-FR","@id":"https:\/\/vosgesinfo.fr\/remiremontinfo\/#\/schema\/logo\/image\/","url":"https:\/\/vosgesinfo.fr\/app\/uploads\/sites\/5\/2023\/08\/favicon-remiremontinfo.png","contentUrl":"https:\/\/vosgesinfo.fr\/app\/uploads\/sites\/5\/2023\/08\/favicon-remiremontinfo.png","width":512,"height":512,"caption":"Remiremont Info"},"image":{"@id":"https:\/\/vosgesinfo.fr\/remiremontinfo\/#\/schema\/logo\/image\/"},"sameAs":["https:\/\/www.facebook.com\/remiremontinfo","https:\/\/x.com\/VosgesInfo88","https:\/\/www.youtube.com\/@vosgesinfo"]},{"@type":"Person","@id":"https:\/\/vosgesinfo.fr\/remiremontinfo\/#\/schema\/person\/27a3695b06db98895b354c0765cdfc31","name":"La redaction","image":{"@type":"ImageObject","inLanguage":"fr-FR","@id":"https:\/\/vosgesinfo.fr\/remiremontinfo\/#\/schema\/person\/image\/","url":"https:\/\/secure.gravatar.com\/avatar\/64c76a78e501cedee55736f43f332df901e1896ae9cd8fad269ae2236dd0e8b6?s=96&d=mm&r=g","contentUrl":"https:\/\/secure.gravatar.com\/avatar\/64c76a78e501cedee55736f43f332df901e1896ae9cd8fad269ae2236dd0e8b6?s=96&d=mm&r=g","caption":"La redaction"},"url":"https:\/\/vosgesinfo.fr\/remiremontinfo\/author\/la-redaction\/"}]}},"_links":{"self":[{"href":"https:\/\/vosgesinfo.fr\/remiremontinfo\/wp-json\/wp\/v2\/posts\/81554","targetHints":{"allow":["GET"]}}],"collection":[{"href":"https:\/\/vosgesinfo.fr\/remiremontinfo\/wp-json\/wp\/v2\/posts"}],"about":[{"href":"https:\/\/vosgesinfo.fr\/remiremontinfo\/wp-json\/wp\/v2\/types\/post"}],"author":[{"embeddable":true,"href":"https:\/\/vosgesinfo.fr\/remiremontinfo\/wp-json\/wp\/v2\/users\/391"}],"replies":[{"embeddable":true,"href":"https:\/\/vosgesinfo.fr\/remiremontinfo\/wp-json\/wp\/v2\/comments?post=81554"}],"version-history":[{"count":1,"href":"https:\/\/vosgesinfo.fr\/remiremontinfo\/wp-json\/wp\/v2\/posts\/81554\/revisions"}],"predecessor-version":[{"id":81557,"href":"https:\/\/vosgesinfo.fr\/remiremontinfo\/wp-json\/wp\/v2\/posts\/81554\/revisions\/81557"}],"wp:featuredmedia":[{"embeddable":true,"href":"https:\/\/vosgesinfo.fr\/remiremontinfo\/wp-json\/wp\/v2\/media\/81555"}],"wp:attachment":[{"href":"https:\/\/vosgesinfo.fr\/remiremontinfo\/wp-json\/wp\/v2\/media?parent=81554"}],"wp:term":[{"taxonomy":"category","embeddable":true,"href":"https:\/\/vosgesinfo.fr\/remiremontinfo\/wp-json\/wp\/v2\/categories?post=81554"},{"taxonomy":"post_tag","embeddable":true,"href":"https:\/\/vosgesinfo.fr\/remiremontinfo\/wp-json\/wp\/v2\/tags?post=81554"}],"curies":[{"name":"wp","href":"https:\/\/api.w.org\/{rel}","templated":true}]}}