{"id":81776,"date":"2025-05-19T05:58:25","date_gmt":"2025-05-19T03:58:25","guid":{"rendered":"https:\/\/vosgesinfo.fr\/remiremontinfo\/?p=81776"},"modified":"2025-05-19T05:58:25","modified_gmt":"2025-05-19T03:58:25","slug":"marche-gourmande-de-lamicale-des-sapeurs-pompiers-de-rochesson","status":"publish","type":"post","link":"https:\/\/vosgesinfo.fr\/remiremontinfo\/2025\/05\/marche-gourmande-de-lamicale-des-sapeurs-pompiers-de-rochesson\/","title":{"rendered":"Marche Gourmande de L&rsquo;Amicale des Sapeurs Pompiers de Rochesson"},"content":{"rendered":"<h3 dir=\"auto\">L&rsquo;Amicale des Sapeurs Pompiers de Rochesson organise sa 1ere marche gourmande le dimanche 8 juin 2025 \u00e0 Rochesson.<\/h3>\n<div dir=\"auto\"><\/div>\n<div dir=\"auto\">Sur un parcours de 8km, comprenant 5 stands (ap\u00e9ro, entr\u00e9e, plat, fromage, dessert) , vous d\u00e9gusterez des produits locaux. \u00c0 chaque stand une boisson est offerte.<\/div>\n<div dir=\"auto\"><\/div>\n<div dir=\"auto\">Le premier d\u00e9part sera \u00e0 11h, puis toutes les 20min.<\/div>\n<div dir=\"auto\"><\/div>\n<div dir=\"auto\">Tarif adulte 38\u20ac<\/div>\n<div dir=\"auto\">Tarif enfant (- de 12ans) 25\u20ac<\/div>\n<div dir=\"auto\">Uniquement sur R\u00c9SERVATION (ch\u00e8que \u00e0 envoyer \u00e0 Mr Fabien FRAN\u00c7OIS 14, Rue de l&rsquo;\u00e9glise &#8211; 88120 ROCHESSON) les places \u00e9tant limit\u00e9es.<\/div>\n<div dir=\"auto\"><\/div>\n<div dir=\"auto\"><a href=\"https:\/\/vosgesinfo.fr\/app\/uploads\/sites\/6\/2025\/05\/screenshot-20250425-074637.jpg\"><img decoding=\"async\" class=\"aligncenter size-large wp-image-78058\" src=\"https:\/\/vosgesinfo.fr\/app\/uploads\/sites\/6\/2025\/05\/screenshot-20250425-074637-707x1024.jpg\" alt=\"\" width=\"707\" height=\"1024\" \/><\/a><\/div>\n","protected":false},"excerpt":{"rendered":"<p>L&rsquo;Amicale des Sapeurs Pompiers de Rochesson organise sa 1ere marche gourmande le dimanche 8 juin 2025 \u00e0 Rochesson. Sur un [&hellip;]<\/p>\n","protected":false},"author":391,"featured_media":81777,"comment_status":"open","ping_status":"open","sticky":false,"template":"","format":"standard","meta":{"footnotes":""},"categories":[26,62,43,17],"tags":[2056,92],"class_list":["post-81776","post","type-post","status-publish","format-standard","has-post-thumbnail","hentry","category-a-la-une","category-gerardmer","category-remiremont-remiremont-son-canton","category-vie-associative","tag-marche-gourmande","tag-rochesson"],"acf":[],"yoast_head":"<!-- This site is optimized with the Yoast SEO plugin v22.5 - https:\/\/yoast.com\/wordpress\/plugins\/seo\/ -->\n<title>Marche Gourmande de L&#039;Amicale des Sapeurs Pompiers de Rochesson - Remiremont Info<\/title>\n<meta name=\"robots\" content=\"index, follow, max-snippet:-1, max-image-preview:large, max-video-preview:-1\" \/>\n<link rel=\"canonical\" href=\"https:\/\/vosgesinfo.fr\/remiremontinfo\/2025\/05\/marche-gourmande-de-lamicale-des-sapeurs-pompiers-de-rochesson\/\" \/>\n<meta name=\"twitter:card\" content=\"summary_large_image\" \/>\n<meta name=\"twitter:title\" content=\"Marche Gourmande de L&#039;Amicale des Sapeurs Pompiers de Rochesson - Remiremont Info\" \/>\n<meta name=\"twitter:description\" content=\"L&rsquo;Amicale des Sapeurs Pompiers de Rochesson organise sa 1ere marche gourmande le dimanche 8 juin 2025 \u00e0 Rochesson. Sur un [&hellip;]\" \/>\n<meta name=\"twitter:image\" content=\"https:\/\/vosgesinfo.fr\/app\/uploads\/sites\/5\/2025\/05\/screenshot-20250425-074637.jpg\" \/>\n<meta name=\"twitter:creator\" content=\"@VosgesInfo88\" \/>\n<meta name=\"twitter:site\" content=\"@VosgesInfo88\" \/>\n<meta name=\"twitter:label1\" content=\"\u00c9crit par\" \/>\n\t<meta name=\"twitter:data1\" content=\"La redaction\" \/>\n<script type=\"application\/ld+json\" class=\"yoast-schema-graph\">{\"@context\":\"https:\/\/schema.org\",\"@graph\":[{\"@type\":\"Article\",\"@id\":\"https:\/\/vosgesinfo.fr\/remiremontinfo\/2025\/05\/marche-gourmande-de-lamicale-des-sapeurs-pompiers-de-rochesson\/#article\",\"isPartOf\":{\"@id\":\"https:\/\/vosgesinfo.fr\/remiremontinfo\/2025\/05\/marche-gourmande-de-lamicale-des-sapeurs-pompiers-de-rochesson\/\"},\"author\":{\"name\":\"La redaction\",\"@id\":\"https:\/\/vosgesinfo.fr\/remiremontinfo\/#\/schema\/person\/27a3695b06db98895b354c0765cdfc31\"},\"headline\":\"Marche Gourmande de L&rsquo;Amicale des Sapeurs Pompiers de Rochesson\",\"datePublished\":\"2025-05-19T03:58:25+00:00\",\"dateModified\":\"2025-05-19T03:58:25+00:00\",\"mainEntityOfPage\":{\"@id\":\"https:\/\/vosgesinfo.fr\/remiremontinfo\/2025\/05\/marche-gourmande-de-lamicale-des-sapeurs-pompiers-de-rochesson\/\"},\"wordCount\":91,\"commentCount\":0,\"publisher\":{\"@id\":\"https:\/\/vosgesinfo.fr\/remiremontinfo\/#organization\"},\"image\":{\"@id\":\"https:\/\/vosgesinfo.fr\/remiremontinfo\/2025\/05\/marche-gourmande-de-lamicale-des-sapeurs-pompiers-de-rochesson\/#primaryimage\"},\"thumbnailUrl\":\"https:\/\/vosgesinfo.fr\/app\/uploads\/sites\/5\/2025\/05\/screenshot-20250425-074637.jpg\",\"keywords\":[\"marche gourmande\",\"rochesson\"],\"articleSection\":[\"A la Une\",\"G\u00e9rardmer\",\"Remiremont\",\"Vie associative\"],\"inLanguage\":\"fr-FR\",\"potentialAction\":[{\"@type\":\"CommentAction\",\"name\":\"Comment\",\"target\":[\"https:\/\/vosgesinfo.fr\/remiremontinfo\/2025\/05\/marche-gourmande-de-lamicale-des-sapeurs-pompiers-de-rochesson\/#respond\"]}]},{\"@type\":\"WebPage\",\"@id\":\"https:\/\/vosgesinfo.fr\/remiremontinfo\/2025\/05\/marche-gourmande-de-lamicale-des-sapeurs-pompiers-de-rochesson\/\",\"url\":\"https:\/\/vosgesinfo.fr\/remiremontinfo\/2025\/05\/marche-gourmande-de-lamicale-des-sapeurs-pompiers-de-rochesson\/\",\"name\":\"Marche Gourmande de L'Amicale des Sapeurs Pompiers de Rochesson - Remiremont Info\",\"isPartOf\":{\"@id\":\"https:\/\/vosgesinfo.fr\/remiremontinfo\/#website\"},\"primaryImageOfPage\":{\"@id\":\"https:\/\/vosgesinfo.fr\/remiremontinfo\/2025\/05\/marche-gourmande-de-lamicale-des-sapeurs-pompiers-de-rochesson\/#primaryimage\"},\"image\":{\"@id\":\"https:\/\/vosgesinfo.fr\/remiremontinfo\/2025\/05\/marche-gourmande-de-lamicale-des-sapeurs-pompiers-de-rochesson\/#primaryimage\"},\"thumbnailUrl\":\"https:\/\/vosgesinfo.fr\/app\/uploads\/sites\/5\/2025\/05\/screenshot-20250425-074637.jpg\",\"datePublished\":\"2025-05-19T03:58:25+00:00\",\"dateModified\":\"2025-05-19T03:58:25+00:00\",\"breadcrumb\":{\"@id\":\"https:\/\/vosgesinfo.fr\/remiremontinfo\/2025\/05\/marche-gourmande-de-lamicale-des-sapeurs-pompiers-de-rochesson\/#breadcrumb\"},\"inLanguage\":\"fr-FR\",\"potentialAction\":[{\"@type\":\"ReadAction\",\"target\":[\"https:\/\/vosgesinfo.fr\/remiremontinfo\/2025\/05\/marche-gourmande-de-lamicale-des-sapeurs-pompiers-de-rochesson\/\"]}]},{\"@type\":\"ImageObject\",\"inLanguage\":\"fr-FR\",\"@id\":\"https:\/\/vosgesinfo.fr\/remiremontinfo\/2025\/05\/marche-gourmande-de-lamicale-des-sapeurs-pompiers-de-rochesson\/#primaryimage\",\"url\":\"https:\/\/vosgesinfo.fr\/app\/uploads\/sites\/5\/2025\/05\/screenshot-20250425-074637.jpg\",\"contentUrl\":\"https:\/\/vosgesinfo.fr\/app\/uploads\/sites\/5\/2025\/05\/screenshot-20250425-074637.jpg\",\"width\":1044,\"height\":1513},{\"@type\":\"BreadcrumbList\",\"@id\":\"https:\/\/vosgesinfo.fr\/remiremontinfo\/2025\/05\/marche-gourmande-de-lamicale-des-sapeurs-pompiers-de-rochesson\/#breadcrumb\",\"itemListElement\":[{\"@type\":\"ListItem\",\"position\":1,\"name\":\"Home\",\"item\":\"https:\/\/vosgesinfo.fr\/remiremontinfo\/\"},{\"@type\":\"ListItem\",\"position\":2,\"name\":\"Marche Gourmande de L&rsquo;Amicale des Sapeurs Pompiers de Rochesson\"}]},{\"@type\":\"WebSite\",\"@id\":\"https:\/\/vosgesinfo.fr\/remiremontinfo\/#website\",\"url\":\"https:\/\/vosgesinfo.fr\/remiremontinfo\/\",\"name\":\"Remiremont Info\",\"description\":\"Toute l&#039;actualit\u00e9 de Remiremont\",\"publisher\":{\"@id\":\"https:\/\/vosgesinfo.fr\/remiremontinfo\/#organization\"},\"alternateName\":\"Toute l'actualit\u00e9 de Remiremont\",\"potentialAction\":[{\"@type\":\"SearchAction\",\"target\":{\"@type\":\"EntryPoint\",\"urlTemplate\":\"https:\/\/vosgesinfo.fr\/remiremontinfo\/?s={search_term_string}\"},\"query-input\":\"required name=search_term_string\"}],\"inLanguage\":\"fr-FR\"},{\"@type\":\"Organization\",\"@id\":\"https:\/\/vosgesinfo.fr\/remiremontinfo\/#organization\",\"name\":\"Remiremont Info\",\"url\":\"https:\/\/vosgesinfo.fr\/remiremontinfo\/\",\"logo\":{\"@type\":\"ImageObject\",\"inLanguage\":\"fr-FR\",\"@id\":\"https:\/\/vosgesinfo.fr\/remiremontinfo\/#\/schema\/logo\/image\/\",\"url\":\"https:\/\/vosgesinfo.fr\/app\/uploads\/sites\/5\/2023\/08\/favicon-remiremontinfo.png\",\"contentUrl\":\"https:\/\/vosgesinfo.fr\/app\/uploads\/sites\/5\/2023\/08\/favicon-remiremontinfo.png\",\"width\":512,\"height\":512,\"caption\":\"Remiremont Info\"},\"image\":{\"@id\":\"https:\/\/vosgesinfo.fr\/remiremontinfo\/#\/schema\/logo\/image\/\"},\"sameAs\":[\"https:\/\/www.facebook.com\/remiremontinfo\",\"https:\/\/x.com\/VosgesInfo88\",\"https:\/\/www.youtube.com\/@vosgesinfo\"]},{\"@type\":\"Person\",\"@id\":\"https:\/\/vosgesinfo.fr\/remiremontinfo\/#\/schema\/person\/27a3695b06db98895b354c0765cdfc31\",\"name\":\"La redaction\",\"image\":{\"@type\":\"ImageObject\",\"inLanguage\":\"fr-FR\",\"@id\":\"https:\/\/vosgesinfo.fr\/remiremontinfo\/#\/schema\/person\/image\/\",\"url\":\"https:\/\/secure.gravatar.com\/avatar\/64c76a78e501cedee55736f43f332df901e1896ae9cd8fad269ae2236dd0e8b6?s=96&d=mm&r=g\",\"contentUrl\":\"https:\/\/secure.gravatar.com\/avatar\/64c76a78e501cedee55736f43f332df901e1896ae9cd8fad269ae2236dd0e8b6?s=96&d=mm&r=g\",\"caption\":\"La redaction\"},\"url\":\"https:\/\/vosgesinfo.fr\/remiremontinfo\/author\/la-redaction\/\"}]}<\/script>\n<!-- \/ Yoast SEO plugin. -->","yoast_head_json":{"title":"Marche Gourmande de L'Amicale des Sapeurs Pompiers de Rochesson - Remiremont Info","robots":{"index":"index","follow":"follow","max-snippet":"max-snippet:-1","max-image-preview":"max-image-preview:large","max-video-preview":"max-video-preview:-1"},"canonical":"https:\/\/vosgesinfo.fr\/remiremontinfo\/2025\/05\/marche-gourmande-de-lamicale-des-sapeurs-pompiers-de-rochesson\/","twitter_card":"summary_large_image","twitter_title":"Marche Gourmande de L'Amicale des Sapeurs Pompiers de Rochesson - Remiremont Info","twitter_description":"L&rsquo;Amicale des Sapeurs Pompiers de Rochesson organise sa 1ere marche gourmande le dimanche 8 juin 2025 \u00e0 Rochesson. Sur un [&hellip;]","twitter_image":"https:\/\/vosgesinfo.fr\/app\/uploads\/sites\/5\/2025\/05\/screenshot-20250425-074637.jpg","twitter_creator":"@VosgesInfo88","twitter_site":"@VosgesInfo88","twitter_misc":{"\u00c9crit par":"La redaction"},"schema":{"@context":"https:\/\/schema.org","@graph":[{"@type":"Article","@id":"https:\/\/vosgesinfo.fr\/remiremontinfo\/2025\/05\/marche-gourmande-de-lamicale-des-sapeurs-pompiers-de-rochesson\/#article","isPartOf":{"@id":"https:\/\/vosgesinfo.fr\/remiremontinfo\/2025\/05\/marche-gourmande-de-lamicale-des-sapeurs-pompiers-de-rochesson\/"},"author":{"name":"La redaction","@id":"https:\/\/vosgesinfo.fr\/remiremontinfo\/#\/schema\/person\/27a3695b06db98895b354c0765cdfc31"},"headline":"Marche Gourmande de L&rsquo;Amicale des Sapeurs Pompiers de Rochesson","datePublished":"2025-05-19T03:58:25+00:00","dateModified":"2025-05-19T03:58:25+00:00","mainEntityOfPage":{"@id":"https:\/\/vosgesinfo.fr\/remiremontinfo\/2025\/05\/marche-gourmande-de-lamicale-des-sapeurs-pompiers-de-rochesson\/"},"wordCount":91,"commentCount":0,"publisher":{"@id":"https:\/\/vosgesinfo.fr\/remiremontinfo\/#organization"},"image":{"@id":"https:\/\/vosgesinfo.fr\/remiremontinfo\/2025\/05\/marche-gourmande-de-lamicale-des-sapeurs-pompiers-de-rochesson\/#primaryimage"},"thumbnailUrl":"https:\/\/vosgesinfo.fr\/app\/uploads\/sites\/5\/2025\/05\/screenshot-20250425-074637.jpg","keywords":["marche gourmande","rochesson"],"articleSection":["A la Une","G\u00e9rardmer","Remiremont","Vie associative"],"inLanguage":"fr-FR","potentialAction":[{"@type":"CommentAction","name":"Comment","target":["https:\/\/vosgesinfo.fr\/remiremontinfo\/2025\/05\/marche-gourmande-de-lamicale-des-sapeurs-pompiers-de-rochesson\/#respond"]}]},{"@type":"WebPage","@id":"https:\/\/vosgesinfo.fr\/remiremontinfo\/2025\/05\/marche-gourmande-de-lamicale-des-sapeurs-pompiers-de-rochesson\/","url":"https:\/\/vosgesinfo.fr\/remiremontinfo\/2025\/05\/marche-gourmande-de-lamicale-des-sapeurs-pompiers-de-rochesson\/","name":"Marche Gourmande de L'Amicale des Sapeurs Pompiers de Rochesson - Remiremont Info","isPartOf":{"@id":"https:\/\/vosgesinfo.fr\/remiremontinfo\/#website"},"primaryImageOfPage":{"@id":"https:\/\/vosgesinfo.fr\/remiremontinfo\/2025\/05\/marche-gourmande-de-lamicale-des-sapeurs-pompiers-de-rochesson\/#primaryimage"},"image":{"@id":"https:\/\/vosgesinfo.fr\/remiremontinfo\/2025\/05\/marche-gourmande-de-lamicale-des-sapeurs-pompiers-de-rochesson\/#primaryimage"},"thumbnailUrl":"https:\/\/vosgesinfo.fr\/app\/uploads\/sites\/5\/2025\/05\/screenshot-20250425-074637.jpg","datePublished":"2025-05-19T03:58:25+00:00","dateModified":"2025-05-19T03:58:25+00:00","breadcrumb":{"@id":"https:\/\/vosgesinfo.fr\/remiremontinfo\/2025\/05\/marche-gourmande-de-lamicale-des-sapeurs-pompiers-de-rochesson\/#breadcrumb"},"inLanguage":"fr-FR","potentialAction":[{"@type":"ReadAction","target":["https:\/\/vosgesinfo.fr\/remiremontinfo\/2025\/05\/marche-gourmande-de-lamicale-des-sapeurs-pompiers-de-rochesson\/"]}]},{"@type":"ImageObject","inLanguage":"fr-FR","@id":"https:\/\/vosgesinfo.fr\/remiremontinfo\/2025\/05\/marche-gourmande-de-lamicale-des-sapeurs-pompiers-de-rochesson\/#primaryimage","url":"https:\/\/vosgesinfo.fr\/app\/uploads\/sites\/5\/2025\/05\/screenshot-20250425-074637.jpg","contentUrl":"https:\/\/vosgesinfo.fr\/app\/uploads\/sites\/5\/2025\/05\/screenshot-20250425-074637.jpg","width":1044,"height":1513},{"@type":"BreadcrumbList","@id":"https:\/\/vosgesinfo.fr\/remiremontinfo\/2025\/05\/marche-gourmande-de-lamicale-des-sapeurs-pompiers-de-rochesson\/#breadcrumb","itemListElement":[{"@type":"ListItem","position":1,"name":"Home","item":"https:\/\/vosgesinfo.fr\/remiremontinfo\/"},{"@type":"ListItem","position":2,"name":"Marche Gourmande de L&rsquo;Amicale des Sapeurs Pompiers de Rochesson"}]},{"@type":"WebSite","@id":"https:\/\/vosgesinfo.fr\/remiremontinfo\/#website","url":"https:\/\/vosgesinfo.fr\/remiremontinfo\/","name":"Remiremont Info","description":"Toute l&#039;actualit\u00e9 de Remiremont","publisher":{"@id":"https:\/\/vosgesinfo.fr\/remiremontinfo\/#organization"},"alternateName":"Toute l'actualit\u00e9 de Remiremont","potentialAction":[{"@type":"SearchAction","target":{"@type":"EntryPoint","urlTemplate":"https:\/\/vosgesinfo.fr\/remiremontinfo\/?s={search_term_string}"},"query-input":"required name=search_term_string"}],"inLanguage":"fr-FR"},{"@type":"Organization","@id":"https:\/\/vosgesinfo.fr\/remiremontinfo\/#organization","name":"Remiremont Info","url":"https:\/\/vosgesinfo.fr\/remiremontinfo\/","logo":{"@type":"ImageObject","inLanguage":"fr-FR","@id":"https:\/\/vosgesinfo.fr\/remiremontinfo\/#\/schema\/logo\/image\/","url":"https:\/\/vosgesinfo.fr\/app\/uploads\/sites\/5\/2023\/08\/favicon-remiremontinfo.png","contentUrl":"https:\/\/vosgesinfo.fr\/app\/uploads\/sites\/5\/2023\/08\/favicon-remiremontinfo.png","width":512,"height":512,"caption":"Remiremont Info"},"image":{"@id":"https:\/\/vosgesinfo.fr\/remiremontinfo\/#\/schema\/logo\/image\/"},"sameAs":["https:\/\/www.facebook.com\/remiremontinfo","https:\/\/x.com\/VosgesInfo88","https:\/\/www.youtube.com\/@vosgesinfo"]},{"@type":"Person","@id":"https:\/\/vosgesinfo.fr\/remiremontinfo\/#\/schema\/person\/27a3695b06db98895b354c0765cdfc31","name":"La redaction","image":{"@type":"ImageObject","inLanguage":"fr-FR","@id":"https:\/\/vosgesinfo.fr\/remiremontinfo\/#\/schema\/person\/image\/","url":"https:\/\/secure.gravatar.com\/avatar\/64c76a78e501cedee55736f43f332df901e1896ae9cd8fad269ae2236dd0e8b6?s=96&d=mm&r=g","contentUrl":"https:\/\/secure.gravatar.com\/avatar\/64c76a78e501cedee55736f43f332df901e1896ae9cd8fad269ae2236dd0e8b6?s=96&d=mm&r=g","caption":"La redaction"},"url":"https:\/\/vosgesinfo.fr\/remiremontinfo\/author\/la-redaction\/"}]}},"_links":{"self":[{"href":"https:\/\/vosgesinfo.fr\/remiremontinfo\/wp-json\/wp\/v2\/posts\/81776","targetHints":{"allow":["GET"]}}],"collection":[{"href":"https:\/\/vosgesinfo.fr\/remiremontinfo\/wp-json\/wp\/v2\/posts"}],"about":[{"href":"https:\/\/vosgesinfo.fr\/remiremontinfo\/wp-json\/wp\/v2\/types\/post"}],"author":[{"embeddable":true,"href":"https:\/\/vosgesinfo.fr\/remiremontinfo\/wp-json\/wp\/v2\/users\/391"}],"replies":[{"embeddable":true,"href":"https:\/\/vosgesinfo.fr\/remiremontinfo\/wp-json\/wp\/v2\/comments?post=81776"}],"version-history":[{"count":0,"href":"https:\/\/vosgesinfo.fr\/remiremontinfo\/wp-json\/wp\/v2\/posts\/81776\/revisions"}],"wp:featuredmedia":[{"embeddable":true,"href":"https:\/\/vosgesinfo.fr\/remiremontinfo\/wp-json\/wp\/v2\/media\/81777"}],"wp:attachment":[{"href":"https:\/\/vosgesinfo.fr\/remiremontinfo\/wp-json\/wp\/v2\/media?parent=81776"}],"wp:term":[{"taxonomy":"category","embeddable":true,"href":"https:\/\/vosgesinfo.fr\/remiremontinfo\/wp-json\/wp\/v2\/categories?post=81776"},{"taxonomy":"post_tag","embeddable":true,"href":"https:\/\/vosgesinfo.fr\/remiremontinfo\/wp-json\/wp\/v2\/tags?post=81776"}],"curies":[{"name":"wp","href":"https:\/\/api.w.org\/{rel}","templated":true}]}}