{"id":8178,"date":"2024-07-26T15:36:38","date_gmt":"2024-07-26T13:36:38","guid":{"rendered":"https:\/\/vosgesinfo.fr\/remiremontinfo\/2024\/07\/jo-paris-2024-ou-regarder-la-ceremonie-douverture-dans-les-vosges\/"},"modified":"2024-07-26T15:36:38","modified_gmt":"2024-07-26T13:36:38","slug":"jo-paris-2024-ou-regarder-la-ceremonie-douverture-dans-les-vosges","status":"publish","type":"post","link":"https:\/\/vosgesinfo.fr\/remiremontinfo\/2024\/07\/jo-paris-2024-ou-regarder-la-ceremonie-douverture-dans-les-vosges\/","title":{"rendered":"JO Paris 2024 : o\u00f9 regarder la c\u00e9r\u00e9monie d&rsquo;ouverture dans les Vosges ?"},"content":{"rendered":"<h2><img decoding=\"async\" class=\"aligncenter size-full wp-image-43935\" src=\"https:\/\/vosgesinfo.fr\/app\/uploads\/sites\/3\/2024\/07\/jeux-olympiques.webp\" alt=\"\" width=\"960\" height=\"640\" \/>La c\u00e9r\u00e9monie d&rsquo;ouverture de Jeux Olympiques de Paris 2024 aura lieu ce vendredi 26 juillet 2024. O\u00f9 pourra-t-on voir cet \u00e9v\u00e9nement dans les Vosges ?<\/h2>\n<p>Ce vendredi, aucune excuse valable : vous serez tous devant la t\u00e9l\u00e9vision pour suivre la grande c\u00e9r\u00e9monie d&rsquo;ouverture des JO de Paris 2024. Le d\u00e9part sera donn\u00e9 \u00e0 19h30 depuis le pont d&rsquo;Austerlitz, en face du Jardin des plantes. Elle se conclura devant le Trocad\u00e9ro avec l&rsquo;allumage de la vasque olympique, sur les coups de 23h.<\/p>\n<h3>O\u00f9 pourra-ton suivre cet \u00e9v\u00e8nement dans les Vosges?<\/h3>\n<h3>A Vittel<\/h3>\n<p>La c\u00e9r\u00e9monie d\u2019ouverture des Jeux Olympiques sera diffus\u00e9e sur \u00e9cran g\u00e9ant \u00e0 <strong>Vittel, dans le parc Thermal, \u00e0 partir de 17h.<\/strong><\/p>\n<div class=\"x11i5rnm xat24cr x1mh8g0r x1vvkbs xtlvy1s x126k92a\">\n<div dir=\"auto\">Mise en place d&rsquo;un \ud835\ude03\ud835\uddf6\ud835\uddf9\ud835\uddf9\ud835\uddee\ud835\uddf4\ud835\uddf2 \ud835\ude00\ud835\uddfd\ud835\uddfc\ud835\uddff\ud835\ude01\ud835\uddf6\ud835\uddf3 avec la participation des \ud835\uddee\ud835\ude00\ud835\ude00\ud835\uddfc\ud835\uddf0\ud835\uddf6\ud835\uddee\ud835\ude01\ud835\uddf6\ud835\uddfc\ud835\uddfb\ud835\ude00 \ud835\ude00\ud835\uddfd\ud835\uddfc\ud835\uddff\ud835\ude01\ud835\uddf6\ud835\ude03\ud835\uddf2\ud835\ude00 \ud835\udde9\ud835\uddf6\ud835\ude01\ud835\ude01\ud835\uddf2\ud835\uddf9\ud835\uddf9\ud835\uddfc\ud835\uddf6\ud835\ude00\ud835\uddf2\ud835\ude00. (CSV Tennis, SRV Triathlon, SRV Tennis de table, Basket Club Thermal, CSV Rugby, CSV Rugby, CSV Escrime, SRV Gym, Danse Moderne Academy)<\/div>\n<\/div>\n<div class=\"x11i5rnm xat24cr x1mh8g0r x1vvkbs xtlvy1s x126k92a\">\n<div dir=\"auto\">\u00a0D\u00e9monstration de \ud835\uddd9\ud835\uddff\ud835\uddf2\ud835\uddf2\ud835\ude00\ud835\ude01\ud835\ude06\ud835\uddf9\ud835\uddf2 \ud835\uddd9\ud835\uddfc\ud835\uddfc\ud835\ude01\ud835\uddef\ud835\uddee\ud835\uddf9\ud835\uddf9, de \ud835\udfed\ud835\udff4\ud835\uddf5\ud835\udfec\ud835\udfec \ud835\uddee\u0300 \ud835\udfee\ud835\udfec\ud835\uddf5\ud835\udfec\ud835\udfec<\/div>\n<div dir=\"auto\">Initiations de freestyle football par \ud835\uddda\ud835\uddee\ud835\uddf2\u0308\ud835\ude01\ud835\uddee\ud835\uddfb \ud835\uddf2\ud835\ude01 \ud835\uddd7\ud835\uddfc\ud835\ude03\ud835\uddee\ud835\uddfb\ud835\uddf2, Une discipline m\u00ealant des \ud835\uddf4\ud835\uddf2\ud835\ude00\ud835\ude01\ud835\uddf2\ud835\ude00 \ud835\ude01\ud835\uddf2\ud835\uddf0\ud835\uddf5\ud835\uddfb\ud835\uddf6\ud835\uddfe\ud835\ude02\ud835\uddf2\ud835\ude00 de football, du \ud835\uddf7\ud835\uddfc\ud835\uddfb\ud835\uddf4\ud835\uddf9\ud835\uddee\ud835\uddf4\ud835\uddf2 et de la \ud835\uddf0\ud835\uddff\ud835\uddf2\u0301\ud835\uddee\ud835\ude01\ud835\uddf6\ud835\ude03\ud835\uddf6\ud835\ude01\ud835\uddf2\u0301 !<\/div>\n<\/div>\n<div class=\"x11i5rnm xat24cr x1mh8g0r x1vvkbs xtlvy1s x126k92a\">\n<div dir=\"auto\">\u00a0Mise en place de \ud835\udde6\ud835\ude01\ud835\uddff\ud835\ude02\ud835\uddf0\ud835\ude01\ud835\ude02\ud835\uddff\ud835\uddf2\ud835\ude00 \ud835\uddf4\ud835\uddfc\ud835\uddfb\ud835\uddf3\ud835\uddf9\ud835\uddee\ud835\uddef\ud835\uddf9\ud835\uddf2\ud835\ude00 : Sumos adultes et enfants , Baby-Foot humain, Drafts foot, duels \u00e9lastique, Bumper ball<\/div>\n<\/div>\n<div class=\"x11i5rnm xat24cr x1mh8g0r x1vvkbs xtlvy1s x126k92a\">\n<div dir=\"auto\">\u00a0Diffusion de la \ud835\uddf0\ud835\uddf2\u0301\ud835\uddff\ud835\uddf2\u0301\ud835\uddfa\ud835\uddfc\ud835\uddfb\ud835\uddf6\ud835\uddf2 \ud835\uddf1&rsquo;\ud835\uddfc\ud835\ude02\ud835\ude03\ud835\uddf2\ud835\uddff\ud835\ude01\ud835\ude02\ud835\uddff\ud835\uddf2 \ud835\uddf1\ud835\uddf2\ud835\ude00 \ud835\uddf7\ud835\uddf2\ud835\ude02\ud835\ude05 \ud835\uddfc\ud835\uddf9\ud835\ude06\ud835\uddfa\ud835\uddfd\ud835\uddf6\ud835\uddfe\ud835\ude02\ud835\uddf2\ud835\ude00 sur \ud835\uddf2\u0301\ud835\uddf0\ud835\uddff\ud835\uddee\ud835\uddfb \ud835\uddf4\ud835\uddf2\u0301\ud835\uddee\ud835\uddfb\ud835\ude01, sous la galerie thermale \u00e0 partir de \ud835\udfee\ud835\udfec\ud835\uddf5\ud835\udfef\ud835\udfec<\/div>\n<\/div>\n<div dir=\"auto\"><\/div>\n<h3 dir=\"auto\">A Saint-Di\u00e9-des-Vosges<\/h3>\n<div dir=\"auto\">Rendez-vous \u00e0 Saint-Di\u00e9-des-Vosges, de 19 h \u00e0 minuit, pour la c\u00e9r\u00e9monie d\u2019ouverture des JO Paris 2024 par la Ville, avec animations par la Ville et repas concert propos\u00e9 par la SPA D\u00e9odatienne suivi d\u2019une animation avec DJ, place du G\u00e9n\u00e9ral-de-Gaulle.<\/div>\n<div dir=\"auto\"><\/div>\n<h3 dir=\"auto\">Rambervillers<\/h3>\n<div dir=\"auto\">Rendez-vous \u00e0 la Maison du peuple de Rambervillers \u00e0 18h45 pour la diffusion sur \u00e9cran g\u00e9ant.<\/div>\n<div dir=\"auto\"><\/div>\n<h3 dir=\"auto\">Xertigny<\/h3>\n<div dir=\"auto\"><span class=\"x193iq5w xeuugli x13faqbe x1vvkbs x1xmvt09 x1lliihq x1s928wv xhkezso x1gmr53x x1cpjm7i x1fgarty x1943h6x xudqn12 x3x7a5m x6prxxf xvq8zen xo1l8bm xzsf02u x1yc453h\" dir=\"auto\">La Ville de Xertigny vous propose \ud835\udc2e\ud835\udc27\ud835\udc1e \ud835\udc2c\ud835\udc28\ud835\udc22\ud835\udc2b\ud835\udc1e\u0301\ud835\udc1e \ud835\udc1d\ud835\udc1e \ud835\udc29\ud835\udc2b\ud835\udc1e\u0301\ud835\udc2c\ud835\udc1e\ud835\udc27\ud835\udc2d\ud835\udc1a\ud835\udc2d\ud835\udc22\ud835\udc28\ud835\udc27 \ud835\udc1d\ud835\udc1e\ud835\udc2c \ud835\udc0e\ud835\udc25\ud835\udc32\ud835\udc26\ud835\udc29\ud835\udc22\ud835\udc1a\ud835\udc1d\ud835\udc1e\ud835\udc2c \ud835\udc2c\ud835\udc2e\ud835\udc22\ud835\udc2f\ud835\udc22e \ud835\udc29\ud835\udc1a\ud835\udc2b \ud835\udc25\ud835\udc1a \ud835\udc1d\ud835\udc22\ud835\udc1f\ud835\udc1f\ud835\udc2e\ud835\udc2c\ud835\udc22\ud835\udc28\ud835\udc27 \ud835\udc1d\ud835\udc1e \ud835\udc25\ud835\udc1a \ud835\udc02\ud835\udc1e\u0301\ud835\udc2b\ud835\udc1e\u0301\ud835\udc26\ud835\udc28\ud835\udc27\ud835\udc22\ud835\udc1e \ud835\udc1d&rsquo;\ud835\udc28\ud835\udc2e\ud835\udc2f\ud835\udc1e\ud835\udc2b\ud835\udc2d\ud835\udc2e\ud835\udc2b\ud835\udc1e \ud835\udc1d\ud835\udc1e\ud835\udc2c \ud835\udc09\ud835\udc0e \ud835\udc0f\ud835\udc1a\ud835\udc2b\ud835\udc22\ud835\udc2c \ud835\udfd0\ud835\udfce\ud835\udfd0\ud835\udfd2 : \ud835\udc25\ud835\udc1e \ud835\udc15\ud835\udc1e\ud835\udc27\ud835\udc1d\ud835\udc2b\ud835\udc1e\ud835\udc1d\ud835\udc22 \ud835\udfd0\ud835\udfd4 \ud835\udc09\ud835\udc2e\ud835\udc22\ud835\udc25\ud835\udc25\ud835\udc1e\ud835\udc2d \ud835\udc1d\ud835\udc1e\u0300\ud835\udc2c \ud835\udfcf\ud835\udfd6\ud835\udc21\ud835\udfce\ud835\udfce \ud835\udc1a\u0300 \ud835\udc25\ud835\udc1a \ud835\udc12\ud835\udc1a\ud835\udc25\ud835\udc25\ud835\udc1e \ud835\udc0f\ud835\udc28\ud835\udc25\ud835\udc32\ud835\udc2f\ud835\udc1a\ud835\udc25\ud835\udc1e\ud835\udc27\ud835\udc2d\ud835\udc1e. (Quizz ludique et verre de l&rsquo;amiti\u00e9 \u00e0 l&rsquo;issue de l&rsquo;\u00e9v\u00e9nement) <\/span><\/div>\n<div dir=\"auto\"><\/div>\n","protected":false},"excerpt":{"rendered":"<p>La c\u00e9r\u00e9monie d&rsquo;ouverture de Jeux Olympiques de Paris 2024 aura lieu ce vendredi 26 juillet 2024. O\u00f9 pourra-t-on voir cet [&hellip;]<\/p>\n","protected":false},"author":52,"featured_media":8179,"comment_status":"open","ping_status":"open","sticky":false,"template":"","format":"standard","meta":{"footnotes":""},"categories":[26,108,62,845,43,362],"tags":[1332,1333],"class_list":["post-8178","post","type-post","status-publish","format-standard","has-post-thumbnail","hentry","category-a-la-une","category-epinal","category-gerardmer","category-la-plaine-des-vosges","category-remiremont-remiremont-son-canton","category-saint-die","tag-ceremonie-douverture","tag-jo-paris-2024"],"acf":[],"yoast_head":"<!-- This site is optimized with the Yoast SEO plugin v22.5 - https:\/\/yoast.com\/wordpress\/plugins\/seo\/ -->\n<title>JO Paris 2024 : o\u00f9 regarder la c\u00e9r\u00e9monie d&#039;ouverture dans les Vosges ? - Remiremont Info<\/title>\n<meta name=\"robots\" content=\"index, follow, max-snippet:-1, max-image-preview:large, max-video-preview:-1\" \/>\n<link rel=\"canonical\" href=\"https:\/\/vosgesinfo.fr\/remiremontinfo\/2024\/07\/jo-paris-2024-ou-regarder-la-ceremonie-douverture-dans-les-vosges\/\" \/>\n<meta name=\"twitter:card\" content=\"summary_large_image\" \/>\n<meta name=\"twitter:title\" content=\"JO Paris 2024 : o\u00f9 regarder la c\u00e9r\u00e9monie d&#039;ouverture dans les Vosges ? - Remiremont Info\" \/>\n<meta name=\"twitter:description\" content=\"La c\u00e9r\u00e9monie d&rsquo;ouverture de Jeux Olympiques de Paris 2024 aura lieu ce vendredi 26 juillet 2024. O\u00f9 pourra-t-on voir cet [&hellip;]\" \/>\n<meta name=\"twitter:image\" content=\"https:\/\/vosgesinfo.fr\/app\/uploads\/sites\/5\/2024\/07\/jeux-olympiques.webp\" \/>\n<meta name=\"twitter:creator\" content=\"@VosgesInfo88\" \/>\n<meta name=\"twitter:site\" content=\"@VosgesInfo88\" \/>\n<meta name=\"twitter:label1\" content=\"\u00c9crit par\" \/>\n\t<meta name=\"twitter:data1\" content=\"C.K.\" \/>\n\t<meta name=\"twitter:label2\" content=\"Dur\u00e9e de lecture estim\u00e9e\" \/>\n\t<meta name=\"twitter:data2\" content=\"1 minute\" \/>\n<script type=\"application\/ld+json\" class=\"yoast-schema-graph\">{\"@context\":\"https:\/\/schema.org\",\"@graph\":[{\"@type\":\"Article\",\"@id\":\"https:\/\/vosgesinfo.fr\/remiremontinfo\/2024\/07\/jo-paris-2024-ou-regarder-la-ceremonie-douverture-dans-les-vosges\/#article\",\"isPartOf\":{\"@id\":\"https:\/\/vosgesinfo.fr\/remiremontinfo\/2024\/07\/jo-paris-2024-ou-regarder-la-ceremonie-douverture-dans-les-vosges\/\"},\"author\":{\"name\":\"C.K.\",\"@id\":\"https:\/\/vosgesinfo.fr\/remiremontinfo\/#\/schema\/person\/6f9a650eeea99d969b6c4ab78fccbe81\"},\"headline\":\"JO Paris 2024 : o\u00f9 regarder la c\u00e9r\u00e9monie d&rsquo;ouverture dans les Vosges ?\",\"datePublished\":\"2024-07-26T13:36:38+00:00\",\"dateModified\":\"2024-07-26T13:36:38+00:00\",\"mainEntityOfPage\":{\"@id\":\"https:\/\/vosgesinfo.fr\/remiremontinfo\/2024\/07\/jo-paris-2024-ou-regarder-la-ceremonie-douverture-dans-les-vosges\/\"},\"wordCount\":296,\"commentCount\":0,\"publisher\":{\"@id\":\"https:\/\/vosgesinfo.fr\/remiremontinfo\/#organization\"},\"image\":{\"@id\":\"https:\/\/vosgesinfo.fr\/remiremontinfo\/2024\/07\/jo-paris-2024-ou-regarder-la-ceremonie-douverture-dans-les-vosges\/#primaryimage\"},\"thumbnailUrl\":\"https:\/\/vosgesinfo.fr\/app\/uploads\/sites\/5\/2024\/07\/jeux-olympiques.webp\",\"keywords\":[\"c\u00e9r\u00e9monie d'ouverture\",\"JO Paris 2024\"],\"articleSection\":[\"A la Une\",\"Epinal\",\"G\u00e9rardmer\",\"La plaine des vosges\",\"Remiremont\",\"Saint-di\u00e9\"],\"inLanguage\":\"fr-FR\",\"potentialAction\":[{\"@type\":\"CommentAction\",\"name\":\"Comment\",\"target\":[\"https:\/\/vosgesinfo.fr\/remiremontinfo\/2024\/07\/jo-paris-2024-ou-regarder-la-ceremonie-douverture-dans-les-vosges\/#respond\"]}]},{\"@type\":\"WebPage\",\"@id\":\"https:\/\/vosgesinfo.fr\/remiremontinfo\/2024\/07\/jo-paris-2024-ou-regarder-la-ceremonie-douverture-dans-les-vosges\/\",\"url\":\"https:\/\/vosgesinfo.fr\/remiremontinfo\/2024\/07\/jo-paris-2024-ou-regarder-la-ceremonie-douverture-dans-les-vosges\/\",\"name\":\"JO Paris 2024 : o\u00f9 regarder la c\u00e9r\u00e9monie d'ouverture dans les Vosges ? - Remiremont Info\",\"isPartOf\":{\"@id\":\"https:\/\/vosgesinfo.fr\/remiremontinfo\/#website\"},\"primaryImageOfPage\":{\"@id\":\"https:\/\/vosgesinfo.fr\/remiremontinfo\/2024\/07\/jo-paris-2024-ou-regarder-la-ceremonie-douverture-dans-les-vosges\/#primaryimage\"},\"image\":{\"@id\":\"https:\/\/vosgesinfo.fr\/remiremontinfo\/2024\/07\/jo-paris-2024-ou-regarder-la-ceremonie-douverture-dans-les-vosges\/#primaryimage\"},\"thumbnailUrl\":\"https:\/\/vosgesinfo.fr\/app\/uploads\/sites\/5\/2024\/07\/jeux-olympiques.webp\",\"datePublished\":\"2024-07-26T13:36:38+00:00\",\"dateModified\":\"2024-07-26T13:36:38+00:00\",\"breadcrumb\":{\"@id\":\"https:\/\/vosgesinfo.fr\/remiremontinfo\/2024\/07\/jo-paris-2024-ou-regarder-la-ceremonie-douverture-dans-les-vosges\/#breadcrumb\"},\"inLanguage\":\"fr-FR\",\"potentialAction\":[{\"@type\":\"ReadAction\",\"target\":[\"https:\/\/vosgesinfo.fr\/remiremontinfo\/2024\/07\/jo-paris-2024-ou-regarder-la-ceremonie-douverture-dans-les-vosges\/\"]}]},{\"@type\":\"ImageObject\",\"inLanguage\":\"fr-FR\",\"@id\":\"https:\/\/vosgesinfo.fr\/remiremontinfo\/2024\/07\/jo-paris-2024-ou-regarder-la-ceremonie-douverture-dans-les-vosges\/#primaryimage\",\"url\":\"https:\/\/vosgesinfo.fr\/app\/uploads\/sites\/5\/2024\/07\/jeux-olympiques.webp\",\"contentUrl\":\"https:\/\/vosgesinfo.fr\/app\/uploads\/sites\/5\/2024\/07\/jeux-olympiques.webp\",\"width\":960,\"height\":640},{\"@type\":\"BreadcrumbList\",\"@id\":\"https:\/\/vosgesinfo.fr\/remiremontinfo\/2024\/07\/jo-paris-2024-ou-regarder-la-ceremonie-douverture-dans-les-vosges\/#breadcrumb\",\"itemListElement\":[{\"@type\":\"ListItem\",\"position\":1,\"name\":\"Home\",\"item\":\"https:\/\/vosgesinfo.fr\/remiremontinfo\/\"},{\"@type\":\"ListItem\",\"position\":2,\"name\":\"JO Paris 2024 : o\u00f9 regarder la c\u00e9r\u00e9monie d&rsquo;ouverture dans les Vosges ?\"}]},{\"@type\":\"WebSite\",\"@id\":\"https:\/\/vosgesinfo.fr\/remiremontinfo\/#website\",\"url\":\"https:\/\/vosgesinfo.fr\/remiremontinfo\/\",\"name\":\"Remiremont Info\",\"description\":\"Toute l&#039;actualit\u00e9 de Remiremont\",\"publisher\":{\"@id\":\"https:\/\/vosgesinfo.fr\/remiremontinfo\/#organization\"},\"alternateName\":\"Toute l'actualit\u00e9 de Remiremont\",\"potentialAction\":[{\"@type\":\"SearchAction\",\"target\":{\"@type\":\"EntryPoint\",\"urlTemplate\":\"https:\/\/vosgesinfo.fr\/remiremontinfo\/?s={search_term_string}\"},\"query-input\":\"required name=search_term_string\"}],\"inLanguage\":\"fr-FR\"},{\"@type\":\"Organization\",\"@id\":\"https:\/\/vosgesinfo.fr\/remiremontinfo\/#organization\",\"name\":\"Remiremont Info\",\"url\":\"https:\/\/vosgesinfo.fr\/remiremontinfo\/\",\"logo\":{\"@type\":\"ImageObject\",\"inLanguage\":\"fr-FR\",\"@id\":\"https:\/\/vosgesinfo.fr\/remiremontinfo\/#\/schema\/logo\/image\/\",\"url\":\"https:\/\/vosgesinfo.fr\/app\/uploads\/sites\/5\/2023\/08\/favicon-remiremontinfo.png\",\"contentUrl\":\"https:\/\/vosgesinfo.fr\/app\/uploads\/sites\/5\/2023\/08\/favicon-remiremontinfo.png\",\"width\":512,\"height\":512,\"caption\":\"Remiremont Info\"},\"image\":{\"@id\":\"https:\/\/vosgesinfo.fr\/remiremontinfo\/#\/schema\/logo\/image\/\"},\"sameAs\":[\"https:\/\/www.facebook.com\/remiremontinfo\",\"https:\/\/x.com\/VosgesInfo88\",\"https:\/\/www.youtube.com\/@vosgesinfo\"]},{\"@type\":\"Person\",\"@id\":\"https:\/\/vosgesinfo.fr\/remiremontinfo\/#\/schema\/person\/6f9a650eeea99d969b6c4ab78fccbe81\",\"name\":\"C.K.\",\"image\":{\"@type\":\"ImageObject\",\"inLanguage\":\"fr-FR\",\"@id\":\"https:\/\/vosgesinfo.fr\/remiremontinfo\/#\/schema\/person\/image\/\",\"url\":\"https:\/\/secure.gravatar.com\/avatar\/48e3fc7f8421ba8942be6b74a2b7f014ca39bc00dece156b7a8e098ae7dc87bf?s=96&d=mm&r=g\",\"contentUrl\":\"https:\/\/secure.gravatar.com\/avatar\/48e3fc7f8421ba8942be6b74a2b7f014ca39bc00dece156b7a8e098ae7dc87bf?s=96&d=mm&r=g\",\"caption\":\"C.K.\"},\"url\":\"https:\/\/vosgesinfo.fr\/remiremontinfo\/author\/celia-k-n\/\"}]}<\/script>\n<!-- \/ Yoast SEO plugin. -->","yoast_head_json":{"title":"JO Paris 2024 : o\u00f9 regarder la c\u00e9r\u00e9monie d'ouverture dans les Vosges ? - Remiremont Info","robots":{"index":"index","follow":"follow","max-snippet":"max-snippet:-1","max-image-preview":"max-image-preview:large","max-video-preview":"max-video-preview:-1"},"canonical":"https:\/\/vosgesinfo.fr\/remiremontinfo\/2024\/07\/jo-paris-2024-ou-regarder-la-ceremonie-douverture-dans-les-vosges\/","twitter_card":"summary_large_image","twitter_title":"JO Paris 2024 : o\u00f9 regarder la c\u00e9r\u00e9monie d'ouverture dans les Vosges ? - Remiremont Info","twitter_description":"La c\u00e9r\u00e9monie d&rsquo;ouverture de Jeux Olympiques de Paris 2024 aura lieu ce vendredi 26 juillet 2024. O\u00f9 pourra-t-on voir cet [&hellip;]","twitter_image":"https:\/\/vosgesinfo.fr\/app\/uploads\/sites\/5\/2024\/07\/jeux-olympiques.webp","twitter_creator":"@VosgesInfo88","twitter_site":"@VosgesInfo88","twitter_misc":{"\u00c9crit par":"C.K.","Dur\u00e9e de lecture estim\u00e9e":"1 minute"},"schema":{"@context":"https:\/\/schema.org","@graph":[{"@type":"Article","@id":"https:\/\/vosgesinfo.fr\/remiremontinfo\/2024\/07\/jo-paris-2024-ou-regarder-la-ceremonie-douverture-dans-les-vosges\/#article","isPartOf":{"@id":"https:\/\/vosgesinfo.fr\/remiremontinfo\/2024\/07\/jo-paris-2024-ou-regarder-la-ceremonie-douverture-dans-les-vosges\/"},"author":{"name":"C.K.","@id":"https:\/\/vosgesinfo.fr\/remiremontinfo\/#\/schema\/person\/6f9a650eeea99d969b6c4ab78fccbe81"},"headline":"JO Paris 2024 : o\u00f9 regarder la c\u00e9r\u00e9monie d&rsquo;ouverture dans les Vosges ?","datePublished":"2024-07-26T13:36:38+00:00","dateModified":"2024-07-26T13:36:38+00:00","mainEntityOfPage":{"@id":"https:\/\/vosgesinfo.fr\/remiremontinfo\/2024\/07\/jo-paris-2024-ou-regarder-la-ceremonie-douverture-dans-les-vosges\/"},"wordCount":296,"commentCount":0,"publisher":{"@id":"https:\/\/vosgesinfo.fr\/remiremontinfo\/#organization"},"image":{"@id":"https:\/\/vosgesinfo.fr\/remiremontinfo\/2024\/07\/jo-paris-2024-ou-regarder-la-ceremonie-douverture-dans-les-vosges\/#primaryimage"},"thumbnailUrl":"https:\/\/vosgesinfo.fr\/app\/uploads\/sites\/5\/2024\/07\/jeux-olympiques.webp","keywords":["c\u00e9r\u00e9monie d'ouverture","JO Paris 2024"],"articleSection":["A la Une","Epinal","G\u00e9rardmer","La plaine des vosges","Remiremont","Saint-di\u00e9"],"inLanguage":"fr-FR","potentialAction":[{"@type":"CommentAction","name":"Comment","target":["https:\/\/vosgesinfo.fr\/remiremontinfo\/2024\/07\/jo-paris-2024-ou-regarder-la-ceremonie-douverture-dans-les-vosges\/#respond"]}]},{"@type":"WebPage","@id":"https:\/\/vosgesinfo.fr\/remiremontinfo\/2024\/07\/jo-paris-2024-ou-regarder-la-ceremonie-douverture-dans-les-vosges\/","url":"https:\/\/vosgesinfo.fr\/remiremontinfo\/2024\/07\/jo-paris-2024-ou-regarder-la-ceremonie-douverture-dans-les-vosges\/","name":"JO Paris 2024 : o\u00f9 regarder la c\u00e9r\u00e9monie d'ouverture dans les Vosges ? - Remiremont Info","isPartOf":{"@id":"https:\/\/vosgesinfo.fr\/remiremontinfo\/#website"},"primaryImageOfPage":{"@id":"https:\/\/vosgesinfo.fr\/remiremontinfo\/2024\/07\/jo-paris-2024-ou-regarder-la-ceremonie-douverture-dans-les-vosges\/#primaryimage"},"image":{"@id":"https:\/\/vosgesinfo.fr\/remiremontinfo\/2024\/07\/jo-paris-2024-ou-regarder-la-ceremonie-douverture-dans-les-vosges\/#primaryimage"},"thumbnailUrl":"https:\/\/vosgesinfo.fr\/app\/uploads\/sites\/5\/2024\/07\/jeux-olympiques.webp","datePublished":"2024-07-26T13:36:38+00:00","dateModified":"2024-07-26T13:36:38+00:00","breadcrumb":{"@id":"https:\/\/vosgesinfo.fr\/remiremontinfo\/2024\/07\/jo-paris-2024-ou-regarder-la-ceremonie-douverture-dans-les-vosges\/#breadcrumb"},"inLanguage":"fr-FR","potentialAction":[{"@type":"ReadAction","target":["https:\/\/vosgesinfo.fr\/remiremontinfo\/2024\/07\/jo-paris-2024-ou-regarder-la-ceremonie-douverture-dans-les-vosges\/"]}]},{"@type":"ImageObject","inLanguage":"fr-FR","@id":"https:\/\/vosgesinfo.fr\/remiremontinfo\/2024\/07\/jo-paris-2024-ou-regarder-la-ceremonie-douverture-dans-les-vosges\/#primaryimage","url":"https:\/\/vosgesinfo.fr\/app\/uploads\/sites\/5\/2024\/07\/jeux-olympiques.webp","contentUrl":"https:\/\/vosgesinfo.fr\/app\/uploads\/sites\/5\/2024\/07\/jeux-olympiques.webp","width":960,"height":640},{"@type":"BreadcrumbList","@id":"https:\/\/vosgesinfo.fr\/remiremontinfo\/2024\/07\/jo-paris-2024-ou-regarder-la-ceremonie-douverture-dans-les-vosges\/#breadcrumb","itemListElement":[{"@type":"ListItem","position":1,"name":"Home","item":"https:\/\/vosgesinfo.fr\/remiremontinfo\/"},{"@type":"ListItem","position":2,"name":"JO Paris 2024 : o\u00f9 regarder la c\u00e9r\u00e9monie d&rsquo;ouverture dans les Vosges ?"}]},{"@type":"WebSite","@id":"https:\/\/vosgesinfo.fr\/remiremontinfo\/#website","url":"https:\/\/vosgesinfo.fr\/remiremontinfo\/","name":"Remiremont Info","description":"Toute l&#039;actualit\u00e9 de Remiremont","publisher":{"@id":"https:\/\/vosgesinfo.fr\/remiremontinfo\/#organization"},"alternateName":"Toute l'actualit\u00e9 de Remiremont","potentialAction":[{"@type":"SearchAction","target":{"@type":"EntryPoint","urlTemplate":"https:\/\/vosgesinfo.fr\/remiremontinfo\/?s={search_term_string}"},"query-input":"required name=search_term_string"}],"inLanguage":"fr-FR"},{"@type":"Organization","@id":"https:\/\/vosgesinfo.fr\/remiremontinfo\/#organization","name":"Remiremont Info","url":"https:\/\/vosgesinfo.fr\/remiremontinfo\/","logo":{"@type":"ImageObject","inLanguage":"fr-FR","@id":"https:\/\/vosgesinfo.fr\/remiremontinfo\/#\/schema\/logo\/image\/","url":"https:\/\/vosgesinfo.fr\/app\/uploads\/sites\/5\/2023\/08\/favicon-remiremontinfo.png","contentUrl":"https:\/\/vosgesinfo.fr\/app\/uploads\/sites\/5\/2023\/08\/favicon-remiremontinfo.png","width":512,"height":512,"caption":"Remiremont Info"},"image":{"@id":"https:\/\/vosgesinfo.fr\/remiremontinfo\/#\/schema\/logo\/image\/"},"sameAs":["https:\/\/www.facebook.com\/remiremontinfo","https:\/\/x.com\/VosgesInfo88","https:\/\/www.youtube.com\/@vosgesinfo"]},{"@type":"Person","@id":"https:\/\/vosgesinfo.fr\/remiremontinfo\/#\/schema\/person\/6f9a650eeea99d969b6c4ab78fccbe81","name":"C.K.","image":{"@type":"ImageObject","inLanguage":"fr-FR","@id":"https:\/\/vosgesinfo.fr\/remiremontinfo\/#\/schema\/person\/image\/","url":"https:\/\/secure.gravatar.com\/avatar\/48e3fc7f8421ba8942be6b74a2b7f014ca39bc00dece156b7a8e098ae7dc87bf?s=96&d=mm&r=g","contentUrl":"https:\/\/secure.gravatar.com\/avatar\/48e3fc7f8421ba8942be6b74a2b7f014ca39bc00dece156b7a8e098ae7dc87bf?s=96&d=mm&r=g","caption":"C.K."},"url":"https:\/\/vosgesinfo.fr\/remiremontinfo\/author\/celia-k-n\/"}]}},"_links":{"self":[{"href":"https:\/\/vosgesinfo.fr\/remiremontinfo\/wp-json\/wp\/v2\/posts\/8178","targetHints":{"allow":["GET"]}}],"collection":[{"href":"https:\/\/vosgesinfo.fr\/remiremontinfo\/wp-json\/wp\/v2\/posts"}],"about":[{"href":"https:\/\/vosgesinfo.fr\/remiremontinfo\/wp-json\/wp\/v2\/types\/post"}],"author":[{"embeddable":true,"href":"https:\/\/vosgesinfo.fr\/remiremontinfo\/wp-json\/wp\/v2\/users\/52"}],"replies":[{"embeddable":true,"href":"https:\/\/vosgesinfo.fr\/remiremontinfo\/wp-json\/wp\/v2\/comments?post=8178"}],"version-history":[{"count":0,"href":"https:\/\/vosgesinfo.fr\/remiremontinfo\/wp-json\/wp\/v2\/posts\/8178\/revisions"}],"wp:featuredmedia":[{"embeddable":true,"href":"https:\/\/vosgesinfo.fr\/remiremontinfo\/wp-json\/wp\/v2\/media\/8179"}],"wp:attachment":[{"href":"https:\/\/vosgesinfo.fr\/remiremontinfo\/wp-json\/wp\/v2\/media?parent=8178"}],"wp:term":[{"taxonomy":"category","embeddable":true,"href":"https:\/\/vosgesinfo.fr\/remiremontinfo\/wp-json\/wp\/v2\/categories?post=8178"},{"taxonomy":"post_tag","embeddable":true,"href":"https:\/\/vosgesinfo.fr\/remiremontinfo\/wp-json\/wp\/v2\/tags?post=8178"}],"curies":[{"name":"wp","href":"https:\/\/api.w.org\/{rel}","templated":true}]}}