{"id":81958,"date":"2025-05-19T17:47:15","date_gmt":"2025-05-19T15:47:15","guid":{"rendered":"https:\/\/vosgesinfo.fr\/remiremontinfo\/?p=81958"},"modified":"2025-05-19T12:38:36","modified_gmt":"2025-05-19T10:38:36","slug":"semaine-du-paysage-2025-cultivons-local-de-la-vallee-a-lassiette","status":"publish","type":"post","link":"https:\/\/vosgesinfo.fr\/remiremontinfo\/2025\/05\/semaine-du-paysage-2025-cultivons-local-de-la-vallee-a-lassiette\/","title":{"rendered":"Semaine du paysage 2025 &#8211; cultivons local, de la vall\u00e9e \u00e0 l&rsquo;assiette"},"content":{"rendered":"<p style=\"text-align: center;\"><strong>La Semaine du paysage 2025 se d\u00e9roulera du vendredi 6 juin au dimanche 15 juin 2025.<\/strong><\/p>\n<p>&nbsp;<\/p>\n<p>La Semaine du paysage est n\u00e9e du Plan de paysage de lutte et d\u2019adaptation au changement climatique de la CCHV. Ce document sert \u00e0 anticiper les<br \/>\n\u00e9volutions paysag\u00e8res pour pr\u00e9server l\u2019identit\u00e9 des territoires et valoriser<br \/>\nleurs atouts.<\/p>\n<div id=\"attachment_81959\" style=\"width: 222px\" class=\"wp-caption alignright\"><a href=\"https:\/\/vosgesinfo.fr\/app\/uploads\/sites\/5\/2025\/05\/affiche-paysage-2025-a4.png\"><img decoding=\"async\" aria-describedby=\"caption-attachment-81959\" class=\"wp-image-81959 size-medium\" src=\"https:\/\/vosgesinfo.fr\/app\/uploads\/sites\/5\/2025\/05\/affiche-paysage-2025-a4-212x300.png\" alt=\"\" width=\"212\" height=\"300\" srcset=\"https:\/\/vosgesinfo.fr\/app\/uploads\/sites\/5\/2025\/05\/affiche-paysage-2025-a4-212x300.png 212w, https:\/\/vosgesinfo.fr\/app\/uploads\/sites\/5\/2025\/05\/affiche-paysage-2025-a4.png 595w\" sizes=\"(max-width: 212px) 100vw, 212px\" \/><\/a><p id=\"caption-attachment-81959\" class=\"wp-caption-text\">Communiqu\u00e9<\/p><\/div>\n<p>La fonction principale de la Semaine du paysage est de sensibiliser tous les publics du territoire aux enjeux environnementaux.<br \/>\nDans une approche globale et transversale, l\u2019agriculture, la for\u00eat, l\u2019urbanisme, l\u2019habitat, les espaces naturels ou la biodiversit\u00e9 convergent vers une compr\u00e9hension \u00e0 long terme du territoire.<br \/>\nCette \u00e9dition est construite autour du th\u00e8me Cultivons local ! De la Vall\u00e9e \u00e0 l\u2019assiette.<br \/>\nIl permettra de faire d\u2019aborder les th\u00e8mes suivants :<br \/>\n&#8211; Le paysage,<br \/>\n&#8211; L\u2019alimentation,<br \/>\n&#8211; Les circuits-courts,<br \/>\n&#8211; L\u2019auto-consommation,<br \/>\n&#8211; Les productions locales,<br \/>\n&#8211; La sant\u00e9,<br \/>\n&#8211; Le gaspillage alimentaire,<br \/>\n&#8211; La gestion des d\u00e9chets et sous produits alimentaires.<\/p>\n<p>L\u2019\u00e9v\u00e9nement permettra de pr\u00e9senter des projets en cours de r\u00e9alisation, des actions environnementales et\u00a0 culturelles, mais surtout de sensibiliser les publics \u00e0 la protection de<br \/>\nl\u2019environnement, \u00e0 la production et consommation d\u2019\u00e9nergie, au maintien de l\u2019identit\u00e9 du territoire\u2026<br \/>\nCes objectifs forment une ambition, celle de cr\u00e9er des \u00e9changes, des moments de partage, donc du lien social qui contribuera \u00e0 faire \u00e9voluer nos modes de vie.<\/p>\n<p>&nbsp;<\/p>\n<p>La consultation du programme et les inscriptions aux animations se feront en ligne, sur le site internet de la CCHV, \u00e0 partir du lundi 26 mai, \u00e0 9h00.<br \/>\nIl suffira de cliquer sur l\u2019actualit\u00e9 de la Semaine du paysage pour consulter et s\u2019inscrire en toute simplicit\u00e9.<br \/>\nUne brochure avec le programme a \u00e9t\u00e9 distribu\u00e9e dans toutes les boites aux lettres et est aussi mise \u00e0 disposition dans les lieux publics.<br \/>\nPour les personnes qui n\u2019utilisent pas internet, il sera toujours possible de s\u2019inscrire \u00e0 la CCHV par t\u00e9l\u00e9phone au 03 29 24 02 88 ou en se rendant \u00e0 l\u2019accueil de la communaut\u00e9 de<br \/>\ncommunes, de 8h30 \u00e0 12h et de 13h30 \u00e0 17h.<\/p>\n<p>&nbsp;<\/p>\n<p>Retrouvez l&rsquo;\u00e9v\u00e9nement et le programme d\u00e9taill\u00e9 sur le site de la CCHV : <a href=\"http:\/\/www.cchautesvosges.fr\" target=\"_blank\" rel=\"noopener\">http:\/\/www.cchautesvosges.fr<\/a><\/p>\n","protected":false},"excerpt":{"rendered":"<p>La Semaine du paysage 2025 se d\u00e9roulera du vendredi 6 juin au dimanche 15 juin 2025. &nbsp; La Semaine du [&hellip;]<\/p>\n","protected":false},"author":391,"featured_media":81959,"comment_status":"open","ping_status":"open","sticky":false,"template":"","format":"standard","meta":{"footnotes":""},"categories":[26,4,101,43],"tags":[3624],"class_list":["post-81958","post","type-post","status-publish","format-standard","has-post-thumbnail","hentry","category-a-la-une","category-culture","category-exposition","category-remiremont-remiremont-son-canton","tag-semaine-du-paysage"],"acf":[],"yoast_head":"<!-- This site is optimized with the Yoast SEO plugin v22.5 - https:\/\/yoast.com\/wordpress\/plugins\/seo\/ -->\n<title>Semaine du paysage 2025 - cultivons local, de la vall\u00e9e \u00e0 l&#039;assiette - Remiremont Info<\/title>\n<meta name=\"robots\" content=\"index, follow, max-snippet:-1, max-image-preview:large, max-video-preview:-1\" \/>\n<link rel=\"canonical\" href=\"https:\/\/vosgesinfo.fr\/remiremontinfo\/2025\/05\/semaine-du-paysage-2025-cultivons-local-de-la-vallee-a-lassiette\/\" \/>\n<meta name=\"twitter:card\" content=\"summary_large_image\" \/>\n<meta name=\"twitter:title\" content=\"Semaine du paysage 2025 - cultivons local, de la vall\u00e9e \u00e0 l&#039;assiette - Remiremont Info\" \/>\n<meta name=\"twitter:description\" content=\"La Semaine du paysage 2025 se d\u00e9roulera du vendredi 6 juin au dimanche 15 juin 2025. &nbsp; La Semaine du [&hellip;]\" \/>\n<meta name=\"twitter:image\" content=\"https:\/\/vosgesinfo.fr\/app\/uploads\/sites\/5\/2025\/05\/affiche-paysage-2025-a4.png\" \/>\n<meta name=\"twitter:creator\" content=\"@VosgesInfo88\" \/>\n<meta name=\"twitter:site\" content=\"@VosgesInfo88\" \/>\n<meta name=\"twitter:label1\" content=\"\u00c9crit par\" \/>\n\t<meta name=\"twitter:data1\" content=\"La redaction\" \/>\n\t<meta name=\"twitter:label2\" content=\"Dur\u00e9e de lecture estim\u00e9e\" \/>\n\t<meta name=\"twitter:data2\" content=\"3 minutes\" \/>\n<script type=\"application\/ld+json\" class=\"yoast-schema-graph\">{\"@context\":\"https:\/\/schema.org\",\"@graph\":[{\"@type\":\"Article\",\"@id\":\"https:\/\/vosgesinfo.fr\/remiremontinfo\/2025\/05\/semaine-du-paysage-2025-cultivons-local-de-la-vallee-a-lassiette\/#article\",\"isPartOf\":{\"@id\":\"https:\/\/vosgesinfo.fr\/remiremontinfo\/2025\/05\/semaine-du-paysage-2025-cultivons-local-de-la-vallee-a-lassiette\/\"},\"author\":{\"name\":\"La redaction\",\"@id\":\"https:\/\/vosgesinfo.fr\/remiremontinfo\/#\/schema\/person\/27a3695b06db98895b354c0765cdfc31\"},\"headline\":\"Semaine du paysage 2025 &#8211; cultivons local, de la vall\u00e9e \u00e0 l&rsquo;assiette\",\"datePublished\":\"2025-05-19T15:47:15+00:00\",\"dateModified\":\"2025-05-19T10:38:36+00:00\",\"mainEntityOfPage\":{\"@id\":\"https:\/\/vosgesinfo.fr\/remiremontinfo\/2025\/05\/semaine-du-paysage-2025-cultivons-local-de-la-vallee-a-lassiette\/\"},\"wordCount\":383,\"commentCount\":0,\"publisher\":{\"@id\":\"https:\/\/vosgesinfo.fr\/remiremontinfo\/#organization\"},\"image\":{\"@id\":\"https:\/\/vosgesinfo.fr\/remiremontinfo\/2025\/05\/semaine-du-paysage-2025-cultivons-local-de-la-vallee-a-lassiette\/#primaryimage\"},\"thumbnailUrl\":\"https:\/\/vosgesinfo.fr\/app\/uploads\/sites\/5\/2025\/05\/affiche-paysage-2025-a4.png\",\"keywords\":[\"Semaine du paysage\"],\"articleSection\":[\"A la Une\",\"Culture\",\"exposition\",\"Remiremont\"],\"inLanguage\":\"fr-FR\",\"potentialAction\":[{\"@type\":\"CommentAction\",\"name\":\"Comment\",\"target\":[\"https:\/\/vosgesinfo.fr\/remiremontinfo\/2025\/05\/semaine-du-paysage-2025-cultivons-local-de-la-vallee-a-lassiette\/#respond\"]}]},{\"@type\":\"WebPage\",\"@id\":\"https:\/\/vosgesinfo.fr\/remiremontinfo\/2025\/05\/semaine-du-paysage-2025-cultivons-local-de-la-vallee-a-lassiette\/\",\"url\":\"https:\/\/vosgesinfo.fr\/remiremontinfo\/2025\/05\/semaine-du-paysage-2025-cultivons-local-de-la-vallee-a-lassiette\/\",\"name\":\"Semaine du paysage 2025 - cultivons local, de la vall\u00e9e \u00e0 l'assiette - Remiremont Info\",\"isPartOf\":{\"@id\":\"https:\/\/vosgesinfo.fr\/remiremontinfo\/#website\"},\"primaryImageOfPage\":{\"@id\":\"https:\/\/vosgesinfo.fr\/remiremontinfo\/2025\/05\/semaine-du-paysage-2025-cultivons-local-de-la-vallee-a-lassiette\/#primaryimage\"},\"image\":{\"@id\":\"https:\/\/vosgesinfo.fr\/remiremontinfo\/2025\/05\/semaine-du-paysage-2025-cultivons-local-de-la-vallee-a-lassiette\/#primaryimage\"},\"thumbnailUrl\":\"https:\/\/vosgesinfo.fr\/app\/uploads\/sites\/5\/2025\/05\/affiche-paysage-2025-a4.png\",\"datePublished\":\"2025-05-19T15:47:15+00:00\",\"dateModified\":\"2025-05-19T10:38:36+00:00\",\"breadcrumb\":{\"@id\":\"https:\/\/vosgesinfo.fr\/remiremontinfo\/2025\/05\/semaine-du-paysage-2025-cultivons-local-de-la-vallee-a-lassiette\/#breadcrumb\"},\"inLanguage\":\"fr-FR\",\"potentialAction\":[{\"@type\":\"ReadAction\",\"target\":[\"https:\/\/vosgesinfo.fr\/remiremontinfo\/2025\/05\/semaine-du-paysage-2025-cultivons-local-de-la-vallee-a-lassiette\/\"]}]},{\"@type\":\"ImageObject\",\"inLanguage\":\"fr-FR\",\"@id\":\"https:\/\/vosgesinfo.fr\/remiremontinfo\/2025\/05\/semaine-du-paysage-2025-cultivons-local-de-la-vallee-a-lassiette\/#primaryimage\",\"url\":\"https:\/\/vosgesinfo.fr\/app\/uploads\/sites\/5\/2025\/05\/affiche-paysage-2025-a4.png\",\"contentUrl\":\"https:\/\/vosgesinfo.fr\/app\/uploads\/sites\/5\/2025\/05\/affiche-paysage-2025-a4.png\",\"width\":595,\"height\":842,\"caption\":\"Communiqu\u00e9\"},{\"@type\":\"BreadcrumbList\",\"@id\":\"https:\/\/vosgesinfo.fr\/remiremontinfo\/2025\/05\/semaine-du-paysage-2025-cultivons-local-de-la-vallee-a-lassiette\/#breadcrumb\",\"itemListElement\":[{\"@type\":\"ListItem\",\"position\":1,\"name\":\"Home\",\"item\":\"https:\/\/vosgesinfo.fr\/remiremontinfo\/\"},{\"@type\":\"ListItem\",\"position\":2,\"name\":\"Semaine du paysage 2025 &#8211; cultivons local, de la vall\u00e9e \u00e0 l&rsquo;assiette\"}]},{\"@type\":\"WebSite\",\"@id\":\"https:\/\/vosgesinfo.fr\/remiremontinfo\/#website\",\"url\":\"https:\/\/vosgesinfo.fr\/remiremontinfo\/\",\"name\":\"Remiremont Info\",\"description\":\"Toute l&#039;actualit\u00e9 de Remiremont\",\"publisher\":{\"@id\":\"https:\/\/vosgesinfo.fr\/remiremontinfo\/#organization\"},\"alternateName\":\"Toute l'actualit\u00e9 de Remiremont\",\"potentialAction\":[{\"@type\":\"SearchAction\",\"target\":{\"@type\":\"EntryPoint\",\"urlTemplate\":\"https:\/\/vosgesinfo.fr\/remiremontinfo\/?s={search_term_string}\"},\"query-input\":\"required name=search_term_string\"}],\"inLanguage\":\"fr-FR\"},{\"@type\":\"Organization\",\"@id\":\"https:\/\/vosgesinfo.fr\/remiremontinfo\/#organization\",\"name\":\"Remiremont Info\",\"url\":\"https:\/\/vosgesinfo.fr\/remiremontinfo\/\",\"logo\":{\"@type\":\"ImageObject\",\"inLanguage\":\"fr-FR\",\"@id\":\"https:\/\/vosgesinfo.fr\/remiremontinfo\/#\/schema\/logo\/image\/\",\"url\":\"https:\/\/vosgesinfo.fr\/app\/uploads\/sites\/5\/2023\/08\/favicon-remiremontinfo.png\",\"contentUrl\":\"https:\/\/vosgesinfo.fr\/app\/uploads\/sites\/5\/2023\/08\/favicon-remiremontinfo.png\",\"width\":512,\"height\":512,\"caption\":\"Remiremont Info\"},\"image\":{\"@id\":\"https:\/\/vosgesinfo.fr\/remiremontinfo\/#\/schema\/logo\/image\/\"},\"sameAs\":[\"https:\/\/www.facebook.com\/remiremontinfo\",\"https:\/\/x.com\/VosgesInfo88\",\"https:\/\/www.youtube.com\/@vosgesinfo\"]},{\"@type\":\"Person\",\"@id\":\"https:\/\/vosgesinfo.fr\/remiremontinfo\/#\/schema\/person\/27a3695b06db98895b354c0765cdfc31\",\"name\":\"La redaction\",\"image\":{\"@type\":\"ImageObject\",\"inLanguage\":\"fr-FR\",\"@id\":\"https:\/\/vosgesinfo.fr\/remiremontinfo\/#\/schema\/person\/image\/\",\"url\":\"https:\/\/secure.gravatar.com\/avatar\/64c76a78e501cedee55736f43f332df901e1896ae9cd8fad269ae2236dd0e8b6?s=96&d=mm&r=g\",\"contentUrl\":\"https:\/\/secure.gravatar.com\/avatar\/64c76a78e501cedee55736f43f332df901e1896ae9cd8fad269ae2236dd0e8b6?s=96&d=mm&r=g\",\"caption\":\"La redaction\"},\"url\":\"https:\/\/vosgesinfo.fr\/remiremontinfo\/author\/la-redaction\/\"}]}<\/script>\n<!-- \/ Yoast SEO plugin. -->","yoast_head_json":{"title":"Semaine du paysage 2025 - cultivons local, de la vall\u00e9e \u00e0 l'assiette - Remiremont Info","robots":{"index":"index","follow":"follow","max-snippet":"max-snippet:-1","max-image-preview":"max-image-preview:large","max-video-preview":"max-video-preview:-1"},"canonical":"https:\/\/vosgesinfo.fr\/remiremontinfo\/2025\/05\/semaine-du-paysage-2025-cultivons-local-de-la-vallee-a-lassiette\/","twitter_card":"summary_large_image","twitter_title":"Semaine du paysage 2025 - cultivons local, de la vall\u00e9e \u00e0 l'assiette - Remiremont Info","twitter_description":"La Semaine du paysage 2025 se d\u00e9roulera du vendredi 6 juin au dimanche 15 juin 2025. &nbsp; La Semaine du [&hellip;]","twitter_image":"https:\/\/vosgesinfo.fr\/app\/uploads\/sites\/5\/2025\/05\/affiche-paysage-2025-a4.png","twitter_creator":"@VosgesInfo88","twitter_site":"@VosgesInfo88","twitter_misc":{"\u00c9crit par":"La redaction","Dur\u00e9e de lecture estim\u00e9e":"3 minutes"},"schema":{"@context":"https:\/\/schema.org","@graph":[{"@type":"Article","@id":"https:\/\/vosgesinfo.fr\/remiremontinfo\/2025\/05\/semaine-du-paysage-2025-cultivons-local-de-la-vallee-a-lassiette\/#article","isPartOf":{"@id":"https:\/\/vosgesinfo.fr\/remiremontinfo\/2025\/05\/semaine-du-paysage-2025-cultivons-local-de-la-vallee-a-lassiette\/"},"author":{"name":"La redaction","@id":"https:\/\/vosgesinfo.fr\/remiremontinfo\/#\/schema\/person\/27a3695b06db98895b354c0765cdfc31"},"headline":"Semaine du paysage 2025 &#8211; cultivons local, de la vall\u00e9e \u00e0 l&rsquo;assiette","datePublished":"2025-05-19T15:47:15+00:00","dateModified":"2025-05-19T10:38:36+00:00","mainEntityOfPage":{"@id":"https:\/\/vosgesinfo.fr\/remiremontinfo\/2025\/05\/semaine-du-paysage-2025-cultivons-local-de-la-vallee-a-lassiette\/"},"wordCount":383,"commentCount":0,"publisher":{"@id":"https:\/\/vosgesinfo.fr\/remiremontinfo\/#organization"},"image":{"@id":"https:\/\/vosgesinfo.fr\/remiremontinfo\/2025\/05\/semaine-du-paysage-2025-cultivons-local-de-la-vallee-a-lassiette\/#primaryimage"},"thumbnailUrl":"https:\/\/vosgesinfo.fr\/app\/uploads\/sites\/5\/2025\/05\/affiche-paysage-2025-a4.png","keywords":["Semaine du paysage"],"articleSection":["A la Une","Culture","exposition","Remiremont"],"inLanguage":"fr-FR","potentialAction":[{"@type":"CommentAction","name":"Comment","target":["https:\/\/vosgesinfo.fr\/remiremontinfo\/2025\/05\/semaine-du-paysage-2025-cultivons-local-de-la-vallee-a-lassiette\/#respond"]}]},{"@type":"WebPage","@id":"https:\/\/vosgesinfo.fr\/remiremontinfo\/2025\/05\/semaine-du-paysage-2025-cultivons-local-de-la-vallee-a-lassiette\/","url":"https:\/\/vosgesinfo.fr\/remiremontinfo\/2025\/05\/semaine-du-paysage-2025-cultivons-local-de-la-vallee-a-lassiette\/","name":"Semaine du paysage 2025 - cultivons local, de la vall\u00e9e \u00e0 l'assiette - Remiremont Info","isPartOf":{"@id":"https:\/\/vosgesinfo.fr\/remiremontinfo\/#website"},"primaryImageOfPage":{"@id":"https:\/\/vosgesinfo.fr\/remiremontinfo\/2025\/05\/semaine-du-paysage-2025-cultivons-local-de-la-vallee-a-lassiette\/#primaryimage"},"image":{"@id":"https:\/\/vosgesinfo.fr\/remiremontinfo\/2025\/05\/semaine-du-paysage-2025-cultivons-local-de-la-vallee-a-lassiette\/#primaryimage"},"thumbnailUrl":"https:\/\/vosgesinfo.fr\/app\/uploads\/sites\/5\/2025\/05\/affiche-paysage-2025-a4.png","datePublished":"2025-05-19T15:47:15+00:00","dateModified":"2025-05-19T10:38:36+00:00","breadcrumb":{"@id":"https:\/\/vosgesinfo.fr\/remiremontinfo\/2025\/05\/semaine-du-paysage-2025-cultivons-local-de-la-vallee-a-lassiette\/#breadcrumb"},"inLanguage":"fr-FR","potentialAction":[{"@type":"ReadAction","target":["https:\/\/vosgesinfo.fr\/remiremontinfo\/2025\/05\/semaine-du-paysage-2025-cultivons-local-de-la-vallee-a-lassiette\/"]}]},{"@type":"ImageObject","inLanguage":"fr-FR","@id":"https:\/\/vosgesinfo.fr\/remiremontinfo\/2025\/05\/semaine-du-paysage-2025-cultivons-local-de-la-vallee-a-lassiette\/#primaryimage","url":"https:\/\/vosgesinfo.fr\/app\/uploads\/sites\/5\/2025\/05\/affiche-paysage-2025-a4.png","contentUrl":"https:\/\/vosgesinfo.fr\/app\/uploads\/sites\/5\/2025\/05\/affiche-paysage-2025-a4.png","width":595,"height":842,"caption":"Communiqu\u00e9"},{"@type":"BreadcrumbList","@id":"https:\/\/vosgesinfo.fr\/remiremontinfo\/2025\/05\/semaine-du-paysage-2025-cultivons-local-de-la-vallee-a-lassiette\/#breadcrumb","itemListElement":[{"@type":"ListItem","position":1,"name":"Home","item":"https:\/\/vosgesinfo.fr\/remiremontinfo\/"},{"@type":"ListItem","position":2,"name":"Semaine du paysage 2025 &#8211; cultivons local, de la vall\u00e9e \u00e0 l&rsquo;assiette"}]},{"@type":"WebSite","@id":"https:\/\/vosgesinfo.fr\/remiremontinfo\/#website","url":"https:\/\/vosgesinfo.fr\/remiremontinfo\/","name":"Remiremont Info","description":"Toute l&#039;actualit\u00e9 de Remiremont","publisher":{"@id":"https:\/\/vosgesinfo.fr\/remiremontinfo\/#organization"},"alternateName":"Toute l'actualit\u00e9 de Remiremont","potentialAction":[{"@type":"SearchAction","target":{"@type":"EntryPoint","urlTemplate":"https:\/\/vosgesinfo.fr\/remiremontinfo\/?s={search_term_string}"},"query-input":"required name=search_term_string"}],"inLanguage":"fr-FR"},{"@type":"Organization","@id":"https:\/\/vosgesinfo.fr\/remiremontinfo\/#organization","name":"Remiremont Info","url":"https:\/\/vosgesinfo.fr\/remiremontinfo\/","logo":{"@type":"ImageObject","inLanguage":"fr-FR","@id":"https:\/\/vosgesinfo.fr\/remiremontinfo\/#\/schema\/logo\/image\/","url":"https:\/\/vosgesinfo.fr\/app\/uploads\/sites\/5\/2023\/08\/favicon-remiremontinfo.png","contentUrl":"https:\/\/vosgesinfo.fr\/app\/uploads\/sites\/5\/2023\/08\/favicon-remiremontinfo.png","width":512,"height":512,"caption":"Remiremont Info"},"image":{"@id":"https:\/\/vosgesinfo.fr\/remiremontinfo\/#\/schema\/logo\/image\/"},"sameAs":["https:\/\/www.facebook.com\/remiremontinfo","https:\/\/x.com\/VosgesInfo88","https:\/\/www.youtube.com\/@vosgesinfo"]},{"@type":"Person","@id":"https:\/\/vosgesinfo.fr\/remiremontinfo\/#\/schema\/person\/27a3695b06db98895b354c0765cdfc31","name":"La redaction","image":{"@type":"ImageObject","inLanguage":"fr-FR","@id":"https:\/\/vosgesinfo.fr\/remiremontinfo\/#\/schema\/person\/image\/","url":"https:\/\/secure.gravatar.com\/avatar\/64c76a78e501cedee55736f43f332df901e1896ae9cd8fad269ae2236dd0e8b6?s=96&d=mm&r=g","contentUrl":"https:\/\/secure.gravatar.com\/avatar\/64c76a78e501cedee55736f43f332df901e1896ae9cd8fad269ae2236dd0e8b6?s=96&d=mm&r=g","caption":"La redaction"},"url":"https:\/\/vosgesinfo.fr\/remiremontinfo\/author\/la-redaction\/"}]}},"_links":{"self":[{"href":"https:\/\/vosgesinfo.fr\/remiremontinfo\/wp-json\/wp\/v2\/posts\/81958","targetHints":{"allow":["GET"]}}],"collection":[{"href":"https:\/\/vosgesinfo.fr\/remiremontinfo\/wp-json\/wp\/v2\/posts"}],"about":[{"href":"https:\/\/vosgesinfo.fr\/remiremontinfo\/wp-json\/wp\/v2\/types\/post"}],"author":[{"embeddable":true,"href":"https:\/\/vosgesinfo.fr\/remiremontinfo\/wp-json\/wp\/v2\/users\/391"}],"replies":[{"embeddable":true,"href":"https:\/\/vosgesinfo.fr\/remiremontinfo\/wp-json\/wp\/v2\/comments?post=81958"}],"version-history":[{"count":2,"href":"https:\/\/vosgesinfo.fr\/remiremontinfo\/wp-json\/wp\/v2\/posts\/81958\/revisions"}],"predecessor-version":[{"id":81961,"href":"https:\/\/vosgesinfo.fr\/remiremontinfo\/wp-json\/wp\/v2\/posts\/81958\/revisions\/81961"}],"wp:featuredmedia":[{"embeddable":true,"href":"https:\/\/vosgesinfo.fr\/remiremontinfo\/wp-json\/wp\/v2\/media\/81959"}],"wp:attachment":[{"href":"https:\/\/vosgesinfo.fr\/remiremontinfo\/wp-json\/wp\/v2\/media?parent=81958"}],"wp:term":[{"taxonomy":"category","embeddable":true,"href":"https:\/\/vosgesinfo.fr\/remiremontinfo\/wp-json\/wp\/v2\/categories?post=81958"},{"taxonomy":"post_tag","embeddable":true,"href":"https:\/\/vosgesinfo.fr\/remiremontinfo\/wp-json\/wp\/v2\/tags?post=81958"}],"curies":[{"name":"wp","href":"https:\/\/api.w.org\/{rel}","templated":true}]}}