{"id":82001,"date":"2025-05-20T14:42:30","date_gmt":"2025-05-20T12:42:30","guid":{"rendered":"https:\/\/vosgesinfo.fr\/remiremontinfo\/?p=82001"},"modified":"2025-05-20T14:20:30","modified_gmt":"2025-05-20T12:20:30","slug":"le-president-du-departement-vient-a-la-rencontre-des-maires-du-canton-de-remiremont","status":"publish","type":"post","link":"https:\/\/vosgesinfo.fr\/remiremontinfo\/2025\/05\/le-president-du-departement-vient-a-la-rencontre-des-maires-du-canton-de-remiremont\/","title":{"rendered":"Le pr\u00e9sident du d\u00e9partement vient \u00e0 la rencontre des maires du canton de Remiremont."},"content":{"rendered":"<p><a href=\"https:\/\/vosgesinfo.fr\/app\/uploads\/sites\/5\/2025\/05\/lassemblee-au-travaille.png\"><img decoding=\"async\" class=\"size-large wp-image-82003 aligncenter\" src=\"https:\/\/vosgesinfo.fr\/app\/uploads\/sites\/5\/2025\/05\/lassemblee-au-travaille-1024x679.png\" alt=\"\" width=\"1024\" height=\"679\" srcset=\"https:\/\/vosgesinfo.fr\/app\/uploads\/sites\/5\/2025\/05\/lassemblee-au-travaille-1024x679.png 1024w, https:\/\/vosgesinfo.fr\/app\/uploads\/sites\/5\/2025\/05\/lassemblee-au-travaille-300x199.png 300w, https:\/\/vosgesinfo.fr\/app\/uploads\/sites\/5\/2025\/05\/lassemblee-au-travaille-768x509.png 768w, https:\/\/vosgesinfo.fr\/app\/uploads\/sites\/5\/2025\/05\/lassemblee-au-travaille.png 1360w\" sizes=\"(max-width: 1024px) 100vw, 1024px\" \/><\/a><\/p>\n<p><strong>Ce lundi en fin d\u2019apr\u00e8s-midi, Fran\u00e7ois Vannson, le pr\u00e9sident du conseil d\u00e9partemental, organisait une r\u00e9union rassemblant l\u2019ensemble des maires du canton de Remiremont.<\/strong><\/p>\n<p>Apr\u00e8s le mot d\u2019accueil de Jean-Beno\u00eet Tisserand, le maire de Remiremont, le pr\u00e9sident du d\u00e9partement a remerci\u00e9 et f\u00e9licit\u00e9 les maires pour leur d\u00e9vouement et leur engagement pour leur commune dans un mandat o\u00f9 la sollicitation et l\u2019investissement sont permanents.<\/p>\n<p><strong>Dans son pr\u00e9ambule, le pr\u00e9sident a ensuite pr\u00e9sent\u00e9\u00a0:<\/strong><\/p>\n<p>\u2013 Les contraintes budg\u00e9taires drastiques d\u00e9coulant des cons\u00e9quences des choix politiques gouvernementaux d\u00e9clin\u00e9s entre autres dans la derni\u00e8re loi de finances.<\/p>\n<p>\u2013 Les contraintes sociales \u00ab\u00a0li\u00e9es \u00e0 un malaise de soci\u00e9t\u00e9\u00a0\u00bb se traduisent par exemple par le fait qu\u2019au d\u00e9but de son mandat (2021), il y avait environ 1000 enfants pris en charge dans le d\u00e9partement contre 1400 aujourd\u2019hui.<\/p>\n<p>\u2013 Le vieillissement de la population et les besoins en d\u00e9coulant.<\/p>\n<p>\u2013 Les disparit\u00e9s locales et la d\u00e9sertification de certaines zones du d\u00e9partement<\/p>\n<p>L\u2019ensemble de ces \u00e9l\u00e9ments constituant autant de facteurs d\u2019attention, mais aussi de difficult\u00e9s financi\u00e8res concr\u00e8tes, le tout quasiment d\u00e9sormais sans aucun levier fiscal. Aussi, le d\u00e9partement des Vosges a pour objectif budg\u00e9taire une r\u00e9duction des d\u00e9penses de 20 M\u20ac sur l\u2019exercice 2025.<\/p>\n<p>Ainsi, l\u2019aide aux communes (comp\u00e9tence volontaire) passera de 12 M\u20ac \u00e0 10 M\u20ac avec certaines lignes budg\u00e9taires supprim\u00e9es telles l\u2019assainissement non collectif ou les cours d\u2019eau. Une baisse certes, mais \u00e0 comparer avec certains d\u00e9partements qui vont jusqu\u2019\u00e0 r\u00e9duire de moiti\u00e9 voir supprimer totalement le soutien aux communes : les Vosgiens b\u00e9n\u00e9ficieront encore pendant quelque temps de la situation saine des finances du d\u00e9partement. Mais, aux dires du pr\u00e9sident, \u00ab\u00a0dans les ann\u00e9es \u00e0 venir, les 2\/3 des d\u00e9partements seront en grandes difficult\u00e9s\u00a0\u00bb.<\/p>\n<p>Chacun des maires ou adjoints repr\u00e9sentant sa commune a ensuite pu s\u2019exprimer, poser des questions ou apporter des r\u00e9flexions \u00e0 partir de la situation concr\u00e8te de sa commune. Pour l\u2019occasion, le Pr\u00e9sident s\u2019\u00e9tait entour\u00e9 de directrices et directeurs de services comp\u00e9tents dans les mati\u00e8res abord\u00e9es ce qui parfois a permis d\u2019\u00eatre tr\u00e8s concret.<\/p>\n<p>Un exercice d\u00e9mocratique utile et profitable \u00e0 tous, dans une ambiance \u00e0 la fois studieuse et d\u00e9contract\u00e9e.<\/p>\n<p>PM<\/p>\n\n\t\t<style type=\"text\/css\">\n\t\t\t#gallery-1 {\n\t\t\t\tmargin: auto;\n\t\t\t}\n\t\t\t#gallery-1 .gallery-item {\n\t\t\t\tfloat: left;\n\t\t\t\tmargin-top: 10px;\n\t\t\t\ttext-align: center;\n\t\t\t\twidth: 50%;\n\t\t\t}\n\t\t\t#gallery-1 img {\n\t\t\t\tborder: 2px solid #cfcfcf;\n\t\t\t}\n\t\t\t#gallery-1 .gallery-caption {\n\t\t\t\tmargin-left: 0;\n\t\t\t}\n\t\t\t\/* see gallery_shortcode() in wp-includes\/media.php *\/\n\t\t<\/style>\n\t\t<div id='gallery-1' class='gallery galleryid-82001 gallery-columns-2 gallery-size-medium'><dl class='gallery-item'>\n\t\t\t<dt class='gallery-icon landscape'>\n\t\t\t\t<a href='https:\/\/vosgesinfo.fr\/remiremontinfo\/2025\/05\/le-president-du-departement-vient-a-la-rencontre-des-maires-du-canton-de-remiremont\/le-president-aappuye-par-les-directeurs-de-services-du-departement\/'><img decoding=\"async\" width=\"300\" height=\"200\" src=\"https:\/\/vosgesinfo.fr\/app\/uploads\/sites\/5\/2025\/05\/le-president-aappuye-par-les-directeurs-de-services-du-departement-300x200.png\" class=\"attachment-medium size-medium\" alt=\"\" aria-describedby=\"gallery-1-82004\" srcset=\"https:\/\/vosgesinfo.fr\/app\/uploads\/sites\/5\/2025\/05\/le-president-aappuye-par-les-directeurs-de-services-du-departement-300x200.png 300w, https:\/\/vosgesinfo.fr\/app\/uploads\/sites\/5\/2025\/05\/le-president-aappuye-par-les-directeurs-de-services-du-departement-1024x682.png 1024w, https:\/\/vosgesinfo.fr\/app\/uploads\/sites\/5\/2025\/05\/le-president-aappuye-par-les-directeurs-de-services-du-departement-768x511.png 768w, https:\/\/vosgesinfo.fr\/app\/uploads\/sites\/5\/2025\/05\/le-president-aappuye-par-les-directeurs-de-services-du-departement.png 1346w\" sizes=\"(max-width: 300px) 100vw, 300px\" \/><\/a>\n\t\t\t<\/dt>\n\t\t\t\t<dd class='wp-caption-text gallery-caption' id='gallery-1-82004'>\n\t\t\t\tLe pr\u00e9sident appuy\u00e9 par les directeurs de services\n\t\t\t\t<\/dd><\/dl><dl class='gallery-item'>\n\t\t\t<dt class='gallery-icon landscape'>\n\t\t\t\t<a href='https:\/\/vosgesinfo.fr\/remiremontinfo\/2025\/05\/le-president-du-departement-vient-a-la-rencontre-des-maires-du-canton-de-remiremont\/le-president-entoure-des-maires\/'><img decoding=\"async\" width=\"300\" height=\"172\" src=\"https:\/\/vosgesinfo.fr\/app\/uploads\/sites\/5\/2025\/05\/le-president-entoure-des-maires-300x172.png\" class=\"attachment-medium size-medium\" alt=\"\" srcset=\"https:\/\/vosgesinfo.fr\/app\/uploads\/sites\/5\/2025\/05\/le-president-entoure-des-maires-300x172.png 300w, https:\/\/vosgesinfo.fr\/app\/uploads\/sites\/5\/2025\/05\/le-president-entoure-des-maires-1024x588.png 1024w, https:\/\/vosgesinfo.fr\/app\/uploads\/sites\/5\/2025\/05\/le-president-entoure-des-maires-768x441.png 768w, https:\/\/vosgesinfo.fr\/app\/uploads\/sites\/5\/2025\/05\/le-president-entoure-des-maires.png 1356w\" sizes=\"(max-width: 300px) 100vw, 300px\" \/><\/a>\n\t\t\t<\/dt><\/dl><br style=\"clear: both\" \/>\n\t\t<\/div>\n\n","protected":false},"excerpt":{"rendered":"<p>Ce lundi en fin d\u2019apr\u00e8s-midi, Fran\u00e7ois Vannson, le pr\u00e9sident du conseil d\u00e9partemental, organisait une r\u00e9union rassemblant l\u2019ensemble des maires du [&hellip;]<\/p>\n","protected":false},"author":413,"featured_media":82002,"comment_status":"open","ping_status":"open","sticky":false,"template":"","format":"standard","meta":{"footnotes":""},"categories":[26,5,10,35,13,18],"tags":[673,7948],"class_list":["post-82001","post","type-post","status-publish","format-standard","has-post-thumbnail","hentry","category-a-la-une","category-economie","category-politique","category-remiremont-son-canton","category-societe","category-vosges","tag-francois-vannson","tag-reunion-cantonale"],"acf":[],"yoast_head":"<!-- This site is optimized with the Yoast SEO plugin v22.5 - https:\/\/yoast.com\/wordpress\/plugins\/seo\/ -->\n<title>Le pr\u00e9sident du d\u00e9partement vient \u00e0 la rencontre des maires du canton de Remiremont. - Remiremont Info<\/title>\n<meta name=\"robots\" content=\"index, follow, max-snippet:-1, max-image-preview:large, max-video-preview:-1\" \/>\n<link rel=\"canonical\" href=\"https:\/\/vosgesinfo.fr\/remiremontinfo\/2025\/05\/le-president-du-departement-vient-a-la-rencontre-des-maires-du-canton-de-remiremont\/\" \/>\n<meta name=\"twitter:card\" content=\"summary_large_image\" \/>\n<meta name=\"twitter:title\" content=\"Le pr\u00e9sident du d\u00e9partement vient \u00e0 la rencontre des maires du canton de Remiremont. - Remiremont Info\" \/>\n<meta name=\"twitter:description\" content=\"Ce lundi en fin d\u2019apr\u00e8s-midi, Fran\u00e7ois Vannson, le pr\u00e9sident du conseil d\u00e9partemental, organisait une r\u00e9union rassemblant l\u2019ensemble des maires du [&hellip;]\" \/>\n<meta name=\"twitter:image\" content=\"https:\/\/vosgesinfo.fr\/app\/uploads\/sites\/5\/2025\/05\/le-president-entoure-des-maires.png\" \/>\n<meta name=\"twitter:creator\" content=\"@VosgesInfo88\" \/>\n<meta name=\"twitter:site\" content=\"@VosgesInfo88\" \/>\n<meta name=\"twitter:label1\" content=\"\u00c9crit par\" \/>\n\t<meta name=\"twitter:data1\" content=\"P.M\" \/>\n\t<meta name=\"twitter:label2\" content=\"Dur\u00e9e de lecture estim\u00e9e\" \/>\n\t<meta name=\"twitter:data2\" content=\"3 minutes\" \/>\n<script type=\"application\/ld+json\" class=\"yoast-schema-graph\">{\"@context\":\"https:\/\/schema.org\",\"@graph\":[{\"@type\":\"Article\",\"@id\":\"https:\/\/vosgesinfo.fr\/remiremontinfo\/2025\/05\/le-president-du-departement-vient-a-la-rencontre-des-maires-du-canton-de-remiremont\/#article\",\"isPartOf\":{\"@id\":\"https:\/\/vosgesinfo.fr\/remiremontinfo\/2025\/05\/le-president-du-departement-vient-a-la-rencontre-des-maires-du-canton-de-remiremont\/\"},\"author\":{\"name\":\"P.M\",\"@id\":\"https:\/\/vosgesinfo.fr\/remiremontinfo\/#\/schema\/person\/a6fd2dde36da20be3679f2058b94c5b8\"},\"headline\":\"Le pr\u00e9sident du d\u00e9partement vient \u00e0 la rencontre des maires du canton de Remiremont.\",\"datePublished\":\"2025-05-20T12:42:30+00:00\",\"dateModified\":\"2025-05-20T12:20:30+00:00\",\"mainEntityOfPage\":{\"@id\":\"https:\/\/vosgesinfo.fr\/remiremontinfo\/2025\/05\/le-president-du-departement-vient-a-la-rencontre-des-maires-du-canton-de-remiremont\/\"},\"wordCount\":424,\"commentCount\":0,\"publisher\":{\"@id\":\"https:\/\/vosgesinfo.fr\/remiremontinfo\/#organization\"},\"image\":{\"@id\":\"https:\/\/vosgesinfo.fr\/remiremontinfo\/2025\/05\/le-president-du-departement-vient-a-la-rencontre-des-maires-du-canton-de-remiremont\/#primaryimage\"},\"thumbnailUrl\":\"https:\/\/vosgesinfo.fr\/app\/uploads\/sites\/5\/2025\/05\/le-president-entoure-des-maires.png\",\"keywords\":[\"Fran\u00e7ois Vannson\",\"R\u00e9union cantonale\"],\"articleSection\":[\"A la Une\",\"\u00c9conomie\",\"Politique\",\"Remiremont &amp; son canton\",\"Soci\u00e9t\u00e9\",\"Vosges\"],\"inLanguage\":\"fr-FR\",\"potentialAction\":[{\"@type\":\"CommentAction\",\"name\":\"Comment\",\"target\":[\"https:\/\/vosgesinfo.fr\/remiremontinfo\/2025\/05\/le-president-du-departement-vient-a-la-rencontre-des-maires-du-canton-de-remiremont\/#respond\"]}]},{\"@type\":\"WebPage\",\"@id\":\"https:\/\/vosgesinfo.fr\/remiremontinfo\/2025\/05\/le-president-du-departement-vient-a-la-rencontre-des-maires-du-canton-de-remiremont\/\",\"url\":\"https:\/\/vosgesinfo.fr\/remiremontinfo\/2025\/05\/le-president-du-departement-vient-a-la-rencontre-des-maires-du-canton-de-remiremont\/\",\"name\":\"Le pr\u00e9sident du d\u00e9partement vient \u00e0 la rencontre des maires du canton de Remiremont. - Remiremont Info\",\"isPartOf\":{\"@id\":\"https:\/\/vosgesinfo.fr\/remiremontinfo\/#website\"},\"primaryImageOfPage\":{\"@id\":\"https:\/\/vosgesinfo.fr\/remiremontinfo\/2025\/05\/le-president-du-departement-vient-a-la-rencontre-des-maires-du-canton-de-remiremont\/#primaryimage\"},\"image\":{\"@id\":\"https:\/\/vosgesinfo.fr\/remiremontinfo\/2025\/05\/le-president-du-departement-vient-a-la-rencontre-des-maires-du-canton-de-remiremont\/#primaryimage\"},\"thumbnailUrl\":\"https:\/\/vosgesinfo.fr\/app\/uploads\/sites\/5\/2025\/05\/le-president-entoure-des-maires.png\",\"datePublished\":\"2025-05-20T12:42:30+00:00\",\"dateModified\":\"2025-05-20T12:20:30+00:00\",\"breadcrumb\":{\"@id\":\"https:\/\/vosgesinfo.fr\/remiremontinfo\/2025\/05\/le-president-du-departement-vient-a-la-rencontre-des-maires-du-canton-de-remiremont\/#breadcrumb\"},\"inLanguage\":\"fr-FR\",\"potentialAction\":[{\"@type\":\"ReadAction\",\"target\":[\"https:\/\/vosgesinfo.fr\/remiremontinfo\/2025\/05\/le-president-du-departement-vient-a-la-rencontre-des-maires-du-canton-de-remiremont\/\"]}]},{\"@type\":\"ImageObject\",\"inLanguage\":\"fr-FR\",\"@id\":\"https:\/\/vosgesinfo.fr\/remiremontinfo\/2025\/05\/le-president-du-departement-vient-a-la-rencontre-des-maires-du-canton-de-remiremont\/#primaryimage\",\"url\":\"https:\/\/vosgesinfo.fr\/app\/uploads\/sites\/5\/2025\/05\/le-president-entoure-des-maires.png\",\"contentUrl\":\"https:\/\/vosgesinfo.fr\/app\/uploads\/sites\/5\/2025\/05\/le-president-entoure-des-maires.png\",\"width\":1356,\"height\":779},{\"@type\":\"BreadcrumbList\",\"@id\":\"https:\/\/vosgesinfo.fr\/remiremontinfo\/2025\/05\/le-president-du-departement-vient-a-la-rencontre-des-maires-du-canton-de-remiremont\/#breadcrumb\",\"itemListElement\":[{\"@type\":\"ListItem\",\"position\":1,\"name\":\"Home\",\"item\":\"https:\/\/vosgesinfo.fr\/remiremontinfo\/\"},{\"@type\":\"ListItem\",\"position\":2,\"name\":\"Le pr\u00e9sident du d\u00e9partement vient \u00e0 la rencontre des maires du canton de Remiremont.\"}]},{\"@type\":\"WebSite\",\"@id\":\"https:\/\/vosgesinfo.fr\/remiremontinfo\/#website\",\"url\":\"https:\/\/vosgesinfo.fr\/remiremontinfo\/\",\"name\":\"Remiremont Info\",\"description\":\"Toute l&#039;actualit\u00e9 de Remiremont\",\"publisher\":{\"@id\":\"https:\/\/vosgesinfo.fr\/remiremontinfo\/#organization\"},\"alternateName\":\"Toute l'actualit\u00e9 de Remiremont\",\"potentialAction\":[{\"@type\":\"SearchAction\",\"target\":{\"@type\":\"EntryPoint\",\"urlTemplate\":\"https:\/\/vosgesinfo.fr\/remiremontinfo\/?s={search_term_string}\"},\"query-input\":\"required name=search_term_string\"}],\"inLanguage\":\"fr-FR\"},{\"@type\":\"Organization\",\"@id\":\"https:\/\/vosgesinfo.fr\/remiremontinfo\/#organization\",\"name\":\"Remiremont Info\",\"url\":\"https:\/\/vosgesinfo.fr\/remiremontinfo\/\",\"logo\":{\"@type\":\"ImageObject\",\"inLanguage\":\"fr-FR\",\"@id\":\"https:\/\/vosgesinfo.fr\/remiremontinfo\/#\/schema\/logo\/image\/\",\"url\":\"https:\/\/vosgesinfo.fr\/app\/uploads\/sites\/5\/2023\/08\/favicon-remiremontinfo.png\",\"contentUrl\":\"https:\/\/vosgesinfo.fr\/app\/uploads\/sites\/5\/2023\/08\/favicon-remiremontinfo.png\",\"width\":512,\"height\":512,\"caption\":\"Remiremont Info\"},\"image\":{\"@id\":\"https:\/\/vosgesinfo.fr\/remiremontinfo\/#\/schema\/logo\/image\/\"},\"sameAs\":[\"https:\/\/www.facebook.com\/remiremontinfo\",\"https:\/\/x.com\/VosgesInfo88\",\"https:\/\/www.youtube.com\/@vosgesinfo\"]},{\"@type\":\"Person\",\"@id\":\"https:\/\/vosgesinfo.fr\/remiremontinfo\/#\/schema\/person\/a6fd2dde36da20be3679f2058b94c5b8\",\"name\":\"P.M\",\"image\":{\"@type\":\"ImageObject\",\"inLanguage\":\"fr-FR\",\"@id\":\"https:\/\/vosgesinfo.fr\/remiremontinfo\/#\/schema\/person\/image\/\",\"url\":\"https:\/\/secure.gravatar.com\/avatar\/db38f6ef38bb165f6f4d352563f264129673ed4536984fbbcddf700bd12f8a9a?s=96&d=mm&r=g\",\"contentUrl\":\"https:\/\/secure.gravatar.com\/avatar\/db38f6ef38bb165f6f4d352563f264129673ed4536984fbbcddf700bd12f8a9a?s=96&d=mm&r=g\",\"caption\":\"P.M\"},\"url\":\"https:\/\/vosgesinfo.fr\/remiremontinfo\/author\/p-mangel88\/\"}]}<\/script>\n<!-- \/ Yoast SEO plugin. -->","yoast_head_json":{"title":"Le pr\u00e9sident du d\u00e9partement vient \u00e0 la rencontre des maires du canton de Remiremont. - Remiremont Info","robots":{"index":"index","follow":"follow","max-snippet":"max-snippet:-1","max-image-preview":"max-image-preview:large","max-video-preview":"max-video-preview:-1"},"canonical":"https:\/\/vosgesinfo.fr\/remiremontinfo\/2025\/05\/le-president-du-departement-vient-a-la-rencontre-des-maires-du-canton-de-remiremont\/","twitter_card":"summary_large_image","twitter_title":"Le pr\u00e9sident du d\u00e9partement vient \u00e0 la rencontre des maires du canton de Remiremont. - Remiremont Info","twitter_description":"Ce lundi en fin d\u2019apr\u00e8s-midi, Fran\u00e7ois Vannson, le pr\u00e9sident du conseil d\u00e9partemental, organisait une r\u00e9union rassemblant l\u2019ensemble des maires du [&hellip;]","twitter_image":"https:\/\/vosgesinfo.fr\/app\/uploads\/sites\/5\/2025\/05\/le-president-entoure-des-maires.png","twitter_creator":"@VosgesInfo88","twitter_site":"@VosgesInfo88","twitter_misc":{"\u00c9crit par":"P.M","Dur\u00e9e de lecture estim\u00e9e":"3 minutes"},"schema":{"@context":"https:\/\/schema.org","@graph":[{"@type":"Article","@id":"https:\/\/vosgesinfo.fr\/remiremontinfo\/2025\/05\/le-president-du-departement-vient-a-la-rencontre-des-maires-du-canton-de-remiremont\/#article","isPartOf":{"@id":"https:\/\/vosgesinfo.fr\/remiremontinfo\/2025\/05\/le-president-du-departement-vient-a-la-rencontre-des-maires-du-canton-de-remiremont\/"},"author":{"name":"P.M","@id":"https:\/\/vosgesinfo.fr\/remiremontinfo\/#\/schema\/person\/a6fd2dde36da20be3679f2058b94c5b8"},"headline":"Le pr\u00e9sident du d\u00e9partement vient \u00e0 la rencontre des maires du canton de Remiremont.","datePublished":"2025-05-20T12:42:30+00:00","dateModified":"2025-05-20T12:20:30+00:00","mainEntityOfPage":{"@id":"https:\/\/vosgesinfo.fr\/remiremontinfo\/2025\/05\/le-president-du-departement-vient-a-la-rencontre-des-maires-du-canton-de-remiremont\/"},"wordCount":424,"commentCount":0,"publisher":{"@id":"https:\/\/vosgesinfo.fr\/remiremontinfo\/#organization"},"image":{"@id":"https:\/\/vosgesinfo.fr\/remiremontinfo\/2025\/05\/le-president-du-departement-vient-a-la-rencontre-des-maires-du-canton-de-remiremont\/#primaryimage"},"thumbnailUrl":"https:\/\/vosgesinfo.fr\/app\/uploads\/sites\/5\/2025\/05\/le-president-entoure-des-maires.png","keywords":["Fran\u00e7ois Vannson","R\u00e9union cantonale"],"articleSection":["A la Une","\u00c9conomie","Politique","Remiremont &amp; son canton","Soci\u00e9t\u00e9","Vosges"],"inLanguage":"fr-FR","potentialAction":[{"@type":"CommentAction","name":"Comment","target":["https:\/\/vosgesinfo.fr\/remiremontinfo\/2025\/05\/le-president-du-departement-vient-a-la-rencontre-des-maires-du-canton-de-remiremont\/#respond"]}]},{"@type":"WebPage","@id":"https:\/\/vosgesinfo.fr\/remiremontinfo\/2025\/05\/le-president-du-departement-vient-a-la-rencontre-des-maires-du-canton-de-remiremont\/","url":"https:\/\/vosgesinfo.fr\/remiremontinfo\/2025\/05\/le-president-du-departement-vient-a-la-rencontre-des-maires-du-canton-de-remiremont\/","name":"Le pr\u00e9sident du d\u00e9partement vient \u00e0 la rencontre des maires du canton de Remiremont. - Remiremont Info","isPartOf":{"@id":"https:\/\/vosgesinfo.fr\/remiremontinfo\/#website"},"primaryImageOfPage":{"@id":"https:\/\/vosgesinfo.fr\/remiremontinfo\/2025\/05\/le-president-du-departement-vient-a-la-rencontre-des-maires-du-canton-de-remiremont\/#primaryimage"},"image":{"@id":"https:\/\/vosgesinfo.fr\/remiremontinfo\/2025\/05\/le-president-du-departement-vient-a-la-rencontre-des-maires-du-canton-de-remiremont\/#primaryimage"},"thumbnailUrl":"https:\/\/vosgesinfo.fr\/app\/uploads\/sites\/5\/2025\/05\/le-president-entoure-des-maires.png","datePublished":"2025-05-20T12:42:30+00:00","dateModified":"2025-05-20T12:20:30+00:00","breadcrumb":{"@id":"https:\/\/vosgesinfo.fr\/remiremontinfo\/2025\/05\/le-president-du-departement-vient-a-la-rencontre-des-maires-du-canton-de-remiremont\/#breadcrumb"},"inLanguage":"fr-FR","potentialAction":[{"@type":"ReadAction","target":["https:\/\/vosgesinfo.fr\/remiremontinfo\/2025\/05\/le-president-du-departement-vient-a-la-rencontre-des-maires-du-canton-de-remiremont\/"]}]},{"@type":"ImageObject","inLanguage":"fr-FR","@id":"https:\/\/vosgesinfo.fr\/remiremontinfo\/2025\/05\/le-president-du-departement-vient-a-la-rencontre-des-maires-du-canton-de-remiremont\/#primaryimage","url":"https:\/\/vosgesinfo.fr\/app\/uploads\/sites\/5\/2025\/05\/le-president-entoure-des-maires.png","contentUrl":"https:\/\/vosgesinfo.fr\/app\/uploads\/sites\/5\/2025\/05\/le-president-entoure-des-maires.png","width":1356,"height":779},{"@type":"BreadcrumbList","@id":"https:\/\/vosgesinfo.fr\/remiremontinfo\/2025\/05\/le-president-du-departement-vient-a-la-rencontre-des-maires-du-canton-de-remiremont\/#breadcrumb","itemListElement":[{"@type":"ListItem","position":1,"name":"Home","item":"https:\/\/vosgesinfo.fr\/remiremontinfo\/"},{"@type":"ListItem","position":2,"name":"Le pr\u00e9sident du d\u00e9partement vient \u00e0 la rencontre des maires du canton de Remiremont."}]},{"@type":"WebSite","@id":"https:\/\/vosgesinfo.fr\/remiremontinfo\/#website","url":"https:\/\/vosgesinfo.fr\/remiremontinfo\/","name":"Remiremont Info","description":"Toute l&#039;actualit\u00e9 de Remiremont","publisher":{"@id":"https:\/\/vosgesinfo.fr\/remiremontinfo\/#organization"},"alternateName":"Toute l'actualit\u00e9 de Remiremont","potentialAction":[{"@type":"SearchAction","target":{"@type":"EntryPoint","urlTemplate":"https:\/\/vosgesinfo.fr\/remiremontinfo\/?s={search_term_string}"},"query-input":"required name=search_term_string"}],"inLanguage":"fr-FR"},{"@type":"Organization","@id":"https:\/\/vosgesinfo.fr\/remiremontinfo\/#organization","name":"Remiremont Info","url":"https:\/\/vosgesinfo.fr\/remiremontinfo\/","logo":{"@type":"ImageObject","inLanguage":"fr-FR","@id":"https:\/\/vosgesinfo.fr\/remiremontinfo\/#\/schema\/logo\/image\/","url":"https:\/\/vosgesinfo.fr\/app\/uploads\/sites\/5\/2023\/08\/favicon-remiremontinfo.png","contentUrl":"https:\/\/vosgesinfo.fr\/app\/uploads\/sites\/5\/2023\/08\/favicon-remiremontinfo.png","width":512,"height":512,"caption":"Remiremont Info"},"image":{"@id":"https:\/\/vosgesinfo.fr\/remiremontinfo\/#\/schema\/logo\/image\/"},"sameAs":["https:\/\/www.facebook.com\/remiremontinfo","https:\/\/x.com\/VosgesInfo88","https:\/\/www.youtube.com\/@vosgesinfo"]},{"@type":"Person","@id":"https:\/\/vosgesinfo.fr\/remiremontinfo\/#\/schema\/person\/a6fd2dde36da20be3679f2058b94c5b8","name":"P.M","image":{"@type":"ImageObject","inLanguage":"fr-FR","@id":"https:\/\/vosgesinfo.fr\/remiremontinfo\/#\/schema\/person\/image\/","url":"https:\/\/secure.gravatar.com\/avatar\/db38f6ef38bb165f6f4d352563f264129673ed4536984fbbcddf700bd12f8a9a?s=96&d=mm&r=g","contentUrl":"https:\/\/secure.gravatar.com\/avatar\/db38f6ef38bb165f6f4d352563f264129673ed4536984fbbcddf700bd12f8a9a?s=96&d=mm&r=g","caption":"P.M"},"url":"https:\/\/vosgesinfo.fr\/remiremontinfo\/author\/p-mangel88\/"}]}},"_links":{"self":[{"href":"https:\/\/vosgesinfo.fr\/remiremontinfo\/wp-json\/wp\/v2\/posts\/82001","targetHints":{"allow":["GET"]}}],"collection":[{"href":"https:\/\/vosgesinfo.fr\/remiremontinfo\/wp-json\/wp\/v2\/posts"}],"about":[{"href":"https:\/\/vosgesinfo.fr\/remiremontinfo\/wp-json\/wp\/v2\/types\/post"}],"author":[{"embeddable":true,"href":"https:\/\/vosgesinfo.fr\/remiremontinfo\/wp-json\/wp\/v2\/users\/413"}],"replies":[{"embeddable":true,"href":"https:\/\/vosgesinfo.fr\/remiremontinfo\/wp-json\/wp\/v2\/comments?post=82001"}],"version-history":[{"count":3,"href":"https:\/\/vosgesinfo.fr\/remiremontinfo\/wp-json\/wp\/v2\/posts\/82001\/revisions"}],"predecessor-version":[{"id":82012,"href":"https:\/\/vosgesinfo.fr\/remiremontinfo\/wp-json\/wp\/v2\/posts\/82001\/revisions\/82012"}],"wp:featuredmedia":[{"embeddable":true,"href":"https:\/\/vosgesinfo.fr\/remiremontinfo\/wp-json\/wp\/v2\/media\/82002"}],"wp:attachment":[{"href":"https:\/\/vosgesinfo.fr\/remiremontinfo\/wp-json\/wp\/v2\/media?parent=82001"}],"wp:term":[{"taxonomy":"category","embeddable":true,"href":"https:\/\/vosgesinfo.fr\/remiremontinfo\/wp-json\/wp\/v2\/categories?post=82001"},{"taxonomy":"post_tag","embeddable":true,"href":"https:\/\/vosgesinfo.fr\/remiremontinfo\/wp-json\/wp\/v2\/tags?post=82001"}],"curies":[{"name":"wp","href":"https:\/\/api.w.org\/{rel}","templated":true}]}}