{"id":82140,"date":"2025-05-25T22:10:21","date_gmt":"2025-05-25T20:10:21","guid":{"rendered":"https:\/\/vosgesinfo.fr\/remiremontinfo\/?p=82140"},"modified":"2025-05-25T21:46:18","modified_gmt":"2025-05-25T19:46:18","slug":"la-19%e1%b5%89-marche-internationale-de-raon-aux-bois-fait-le-plein","status":"publish","type":"post","link":"https:\/\/vosgesinfo.fr\/remiremontinfo\/2025\/05\/la-19%e1%b5%89-marche-internationale-de-raon-aux-bois-fait-le-plein\/","title":{"rendered":"La 19\u1d49 marche internationale de Raon-aux-Bois fait le plein"},"content":{"rendered":"<div id=\"attachment_82142\" style=\"width: 1034px\" class=\"wp-caption aligncenter\"><a href=\"https:\/\/vosgesinfo.fr\/app\/uploads\/sites\/5\/2025\/05\/premier-point-de-controle-et-de-ravitaillement.png\"><img decoding=\"async\" aria-describedby=\"caption-attachment-82142\" class=\"size-large wp-image-82142\" src=\"https:\/\/vosgesinfo.fr\/app\/uploads\/sites\/5\/2025\/05\/premier-point-de-controle-et-de-ravitaillement-1024x684.png\" alt=\"\" width=\"1024\" height=\"684\" srcset=\"https:\/\/vosgesinfo.fr\/app\/uploads\/sites\/5\/2025\/05\/premier-point-de-controle-et-de-ravitaillement-1024x684.png 1024w, https:\/\/vosgesinfo.fr\/app\/uploads\/sites\/5\/2025\/05\/premier-point-de-controle-et-de-ravitaillement-300x200.png 300w, https:\/\/vosgesinfo.fr\/app\/uploads\/sites\/5\/2025\/05\/premier-point-de-controle-et-de-ravitaillement-768x513.png 768w, https:\/\/vosgesinfo.fr\/app\/uploads\/sites\/5\/2025\/05\/premier-point-de-controle-et-de-ravitaillement.png 1350w\" sizes=\"(max-width: 1024px) 100vw, 1024px\" \/><\/a><p id=\"caption-attachment-82142\" class=\"wp-caption-text\">Premier point de contr\u00f4le et de ravitaillement<\/p><\/div>\n<p>&nbsp;<\/p>\n<p>Des paysages vari\u00e9s, des circuits pour tout public et une organisation bien rod\u00e9e : tous les ingr\u00e9dients pour passer une bonne journ\u00e9e au grand air \u00e9taient r\u00e9unis. Ce dimanche, la 19\u1d49 marche internationale de Raon-aux-Bois a attir\u00e9 800 participants. Venus seuls, en couple, en famille ou entre amis pour respirer, d\u00e9penser des calories, \u00e9couter les doux bruits de la nature ou se retrouver, tous les marcheurs ont pu trouver ce qu\u2019ils cherchaient.<\/p>\n<p><a href=\"https:\/\/vosgesinfo.fr\/app\/uploads\/sites\/5\/2025\/05\/paysages-2.png\"><img decoding=\"async\" class=\"alignright size-medium wp-image-82145\" src=\"https:\/\/vosgesinfo.fr\/app\/uploads\/sites\/5\/2025\/05\/paysages-2-202x300.png\" alt=\"\" width=\"202\" height=\"300\" srcset=\"https:\/\/vosgesinfo.fr\/app\/uploads\/sites\/5\/2025\/05\/paysages-2-202x300.png 202w, https:\/\/vosgesinfo.fr\/app\/uploads\/sites\/5\/2025\/05\/paysages-2.png 609w\" sizes=\"(max-width: 202px) 100vw, 202px\" \/><\/a>C\u00f4t\u00e9 organisation, la petite \u00e9quipe de l\u2019amicale des sapeurs-pompiers de Raon-aux-Bois, compos\u00e9e seulement d\u2019une trentaine de personnes, s&rsquo;est d\u00e9pens\u00e9e sans compter en amont de l&rsquo;\u00e9v\u00e9nement pour que les 4 circuits (5, 10, 15 et 20 km) soient balis\u00e9s. La logistique \u00e9tait au top et, le jour \u00ab J \u00bb, les plus de 300 personnes souhaitant profiter de la restauration ont pu \u00eatre servies sans encombre. Car apr\u00e8s l\u2019effort, le r\u00e9confort ! Les convives avaient de quoi \u00eatre tr\u00e8s satisfaits pour une somme relativement modique.<\/p>\n<p>En bref, si vous avez manqu\u00e9 cette journ\u00e9e conviviale, il faudra attendre l\u2019ann\u00e9e prochaine o\u00f9 de nouveaux circuits seront propos\u00e9s. Mais en attendant, bien d\u2019autres propositions de marches populaires se pr\u00e9sentent, comme au Girmont-Val-d\u2019Ajol samedi prochain, ou \u00e0 Dommartin-les-Remiremont le samedi 21 juin.<\/p>\n<p>Pour connaitre tous les lieux et dates des prochaines marches :<\/p>\n<p><a href=\"https:\/\/marche-populaire.com\/88-Vosges\" target=\"_blank\" rel=\"noopener\">https:\/\/marche-populaire.com\/88-Vosges<\/a><\/p>\n<p>PM<\/p>\n\n\t\t<style type=\"text\/css\">\n\t\t\t#gallery-1 {\n\t\t\t\tmargin: auto;\n\t\t\t}\n\t\t\t#gallery-1 .gallery-item {\n\t\t\t\tfloat: left;\n\t\t\t\tmargin-top: 10px;\n\t\t\t\ttext-align: center;\n\t\t\t\twidth: 50%;\n\t\t\t}\n\t\t\t#gallery-1 img {\n\t\t\t\tborder: 2px solid #cfcfcf;\n\t\t\t}\n\t\t\t#gallery-1 .gallery-caption {\n\t\t\t\tmargin-left: 0;\n\t\t\t}\n\t\t\t\/* see gallery_shortcode() in wp-includes\/media.php *\/\n\t\t<\/style>\n\t\t<div id='gallery-1' class='gallery galleryid-82140 gallery-columns-2 gallery-size-medium'><dl class='gallery-item'>\n\t\t\t<dt class='gallery-icon landscape'>\n\t\t\t\t<a href='https:\/\/vosgesinfo.fr\/app\/uploads\/sites\/5\/2025\/05\/inscriptions-et-depart.png'><img decoding=\"async\" width=\"300\" height=\"208\" src=\"https:\/\/vosgesinfo.fr\/app\/uploads\/sites\/5\/2025\/05\/inscriptions-et-depart-300x208.png\" class=\"attachment-medium size-medium\" alt=\"\" aria-describedby=\"gallery-1-82143\" srcset=\"https:\/\/vosgesinfo.fr\/app\/uploads\/sites\/5\/2025\/05\/inscriptions-et-depart-300x208.png 300w, https:\/\/vosgesinfo.fr\/app\/uploads\/sites\/5\/2025\/05\/inscriptions-et-depart-1024x709.png 1024w, https:\/\/vosgesinfo.fr\/app\/uploads\/sites\/5\/2025\/05\/inscriptions-et-depart-768x532.png 768w, https:\/\/vosgesinfo.fr\/app\/uploads\/sites\/5\/2025\/05\/inscriptions-et-depart.png 1304w\" sizes=\"(max-width: 300px) 100vw, 300px\" \/><\/a>\n\t\t\t<\/dt>\n\t\t\t\t<dd class='wp-caption-text gallery-caption' id='gallery-1-82143'>\n\t\t\t\tInscriptions et d\u00e9part\n\t\t\t\t<\/dd><\/dl><dl class='gallery-item'>\n\t\t\t<dt class='gallery-icon landscape'>\n\t\t\t\t<a href='https:\/\/vosgesinfo.fr\/app\/uploads\/sites\/5\/2025\/05\/paysages-1.png'><img decoding=\"async\" width=\"300\" height=\"200\" src=\"https:\/\/vosgesinfo.fr\/app\/uploads\/sites\/5\/2025\/05\/paysages-1-300x200.png\" class=\"attachment-medium size-medium\" alt=\"\" srcset=\"https:\/\/vosgesinfo.fr\/app\/uploads\/sites\/5\/2025\/05\/paysages-1-300x200.png 300w, https:\/\/vosgesinfo.fr\/app\/uploads\/sites\/5\/2025\/05\/paysages-1-1024x684.png 1024w, https:\/\/vosgesinfo.fr\/app\/uploads\/sites\/5\/2025\/05\/paysages-1-768x513.png 768w, https:\/\/vosgesinfo.fr\/app\/uploads\/sites\/5\/2025\/05\/paysages-1.png 1348w\" sizes=\"(max-width: 300px) 100vw, 300px\" \/><\/a>\n\t\t\t<\/dt><\/dl><br style=\"clear: both\" \/>\n\t\t<\/div>\n\n<p>&nbsp;<\/p>\n","protected":false},"excerpt":{"rendered":"<p>&nbsp; Des paysages vari\u00e9s, des circuits pour tout public et une organisation bien rod\u00e9e : tous les ingr\u00e9dients pour passer [&hellip;]<\/p>\n","protected":false},"author":413,"featured_media":82145,"comment_status":"open","ping_status":"open","sticky":false,"template":"","format":"standard","meta":{"footnotes":""},"categories":[26,54,35,13,14],"tags":[1045],"class_list":["post-82140","post","type-post","status-publish","format-standard","has-post-thumbnail","hentry","category-a-la-une","category-loisirs","category-remiremont-son-canton","category-societe","category-sport","tag-marche-populaire-internationale"],"acf":[],"yoast_head":"<!-- This site is optimized with the Yoast SEO plugin v22.5 - https:\/\/yoast.com\/wordpress\/plugins\/seo\/ -->\n<title>La 19\u1d49 marche internationale de Raon-aux-Bois fait le plein - Remiremont Info<\/title>\n<meta name=\"robots\" content=\"index, follow, max-snippet:-1, max-image-preview:large, max-video-preview:-1\" \/>\n<link rel=\"canonical\" href=\"https:\/\/vosgesinfo.fr\/remiremontinfo\/2025\/05\/la-19\u1d49-marche-internationale-de-raon-aux-bois-fait-le-plein\/\" \/>\n<meta name=\"twitter:card\" content=\"summary_large_image\" \/>\n<meta name=\"twitter:title\" content=\"La 19\u1d49 marche internationale de Raon-aux-Bois fait le plein - Remiremont Info\" \/>\n<meta name=\"twitter:description\" content=\"&nbsp; Des paysages vari\u00e9s, des circuits pour tout public et une organisation bien rod\u00e9e : tous les ingr\u00e9dients pour passer [&hellip;]\" \/>\n<meta name=\"twitter:image\" content=\"https:\/\/vosgesinfo.fr\/app\/uploads\/sites\/5\/2025\/05\/paysages-2.png\" \/>\n<meta name=\"twitter:creator\" content=\"@VosgesInfo88\" \/>\n<meta name=\"twitter:site\" content=\"@VosgesInfo88\" \/>\n<meta name=\"twitter:label1\" content=\"\u00c9crit par\" \/>\n\t<meta name=\"twitter:data1\" content=\"P.M\" \/>\n\t<meta name=\"twitter:label2\" content=\"Dur\u00e9e de lecture estim\u00e9e\" \/>\n\t<meta name=\"twitter:data2\" content=\"2 minutes\" \/>\n<script type=\"application\/ld+json\" class=\"yoast-schema-graph\">{\"@context\":\"https:\/\/schema.org\",\"@graph\":[{\"@type\":\"Article\",\"@id\":\"https:\/\/vosgesinfo.fr\/remiremontinfo\/2025\/05\/la-19%e1%b5%89-marche-internationale-de-raon-aux-bois-fait-le-plein\/#article\",\"isPartOf\":{\"@id\":\"https:\/\/vosgesinfo.fr\/remiremontinfo\/2025\/05\/la-19%e1%b5%89-marche-internationale-de-raon-aux-bois-fait-le-plein\/\"},\"author\":{\"name\":\"P.M\",\"@id\":\"https:\/\/vosgesinfo.fr\/remiremontinfo\/#\/schema\/person\/a6fd2dde36da20be3679f2058b94c5b8\"},\"headline\":\"La 19\u1d49 marche internationale de Raon-aux-Bois fait le plein\",\"datePublished\":\"2025-05-25T20:10:21+00:00\",\"dateModified\":\"2025-05-25T19:46:18+00:00\",\"mainEntityOfPage\":{\"@id\":\"https:\/\/vosgesinfo.fr\/remiremontinfo\/2025\/05\/la-19%e1%b5%89-marche-internationale-de-raon-aux-bois-fait-le-plein\/\"},\"wordCount\":260,\"commentCount\":0,\"publisher\":{\"@id\":\"https:\/\/vosgesinfo.fr\/remiremontinfo\/#organization\"},\"image\":{\"@id\":\"https:\/\/vosgesinfo.fr\/remiremontinfo\/2025\/05\/la-19%e1%b5%89-marche-internationale-de-raon-aux-bois-fait-le-plein\/#primaryimage\"},\"thumbnailUrl\":\"https:\/\/vosgesinfo.fr\/app\/uploads\/sites\/5\/2025\/05\/paysages-2.png\",\"keywords\":[\"marche populaire internationale\"],\"articleSection\":[\"A la Une\",\"Loisirs\",\"Remiremont &amp; son canton\",\"Soci\u00e9t\u00e9\",\"Sport\"],\"inLanguage\":\"fr-FR\",\"potentialAction\":[{\"@type\":\"CommentAction\",\"name\":\"Comment\",\"target\":[\"https:\/\/vosgesinfo.fr\/remiremontinfo\/2025\/05\/la-19%e1%b5%89-marche-internationale-de-raon-aux-bois-fait-le-plein\/#respond\"]}]},{\"@type\":\"WebPage\",\"@id\":\"https:\/\/vosgesinfo.fr\/remiremontinfo\/2025\/05\/la-19%e1%b5%89-marche-internationale-de-raon-aux-bois-fait-le-plein\/\",\"url\":\"https:\/\/vosgesinfo.fr\/remiremontinfo\/2025\/05\/la-19%e1%b5%89-marche-internationale-de-raon-aux-bois-fait-le-plein\/\",\"name\":\"La 19\u1d49 marche internationale de Raon-aux-Bois fait le plein - Remiremont Info\",\"isPartOf\":{\"@id\":\"https:\/\/vosgesinfo.fr\/remiremontinfo\/#website\"},\"primaryImageOfPage\":{\"@id\":\"https:\/\/vosgesinfo.fr\/remiremontinfo\/2025\/05\/la-19%e1%b5%89-marche-internationale-de-raon-aux-bois-fait-le-plein\/#primaryimage\"},\"image\":{\"@id\":\"https:\/\/vosgesinfo.fr\/remiremontinfo\/2025\/05\/la-19%e1%b5%89-marche-internationale-de-raon-aux-bois-fait-le-plein\/#primaryimage\"},\"thumbnailUrl\":\"https:\/\/vosgesinfo.fr\/app\/uploads\/sites\/5\/2025\/05\/paysages-2.png\",\"datePublished\":\"2025-05-25T20:10:21+00:00\",\"dateModified\":\"2025-05-25T19:46:18+00:00\",\"breadcrumb\":{\"@id\":\"https:\/\/vosgesinfo.fr\/remiremontinfo\/2025\/05\/la-19%e1%b5%89-marche-internationale-de-raon-aux-bois-fait-le-plein\/#breadcrumb\"},\"inLanguage\":\"fr-FR\",\"potentialAction\":[{\"@type\":\"ReadAction\",\"target\":[\"https:\/\/vosgesinfo.fr\/remiremontinfo\/2025\/05\/la-19%e1%b5%89-marche-internationale-de-raon-aux-bois-fait-le-plein\/\"]}]},{\"@type\":\"ImageObject\",\"inLanguage\":\"fr-FR\",\"@id\":\"https:\/\/vosgesinfo.fr\/remiremontinfo\/2025\/05\/la-19%e1%b5%89-marche-internationale-de-raon-aux-bois-fait-le-plein\/#primaryimage\",\"url\":\"https:\/\/vosgesinfo.fr\/app\/uploads\/sites\/5\/2025\/05\/paysages-2.png\",\"contentUrl\":\"https:\/\/vosgesinfo.fr\/app\/uploads\/sites\/5\/2025\/05\/paysages-2.png\",\"width\":609,\"height\":903},{\"@type\":\"BreadcrumbList\",\"@id\":\"https:\/\/vosgesinfo.fr\/remiremontinfo\/2025\/05\/la-19%e1%b5%89-marche-internationale-de-raon-aux-bois-fait-le-plein\/#breadcrumb\",\"itemListElement\":[{\"@type\":\"ListItem\",\"position\":1,\"name\":\"Home\",\"item\":\"https:\/\/vosgesinfo.fr\/remiremontinfo\/\"},{\"@type\":\"ListItem\",\"position\":2,\"name\":\"La 19\u1d49 marche internationale de Raon-aux-Bois fait le plein\"}]},{\"@type\":\"WebSite\",\"@id\":\"https:\/\/vosgesinfo.fr\/remiremontinfo\/#website\",\"url\":\"https:\/\/vosgesinfo.fr\/remiremontinfo\/\",\"name\":\"Remiremont Info\",\"description\":\"Toute l&#039;actualit\u00e9 de Remiremont\",\"publisher\":{\"@id\":\"https:\/\/vosgesinfo.fr\/remiremontinfo\/#organization\"},\"alternateName\":\"Toute l'actualit\u00e9 de Remiremont\",\"potentialAction\":[{\"@type\":\"SearchAction\",\"target\":{\"@type\":\"EntryPoint\",\"urlTemplate\":\"https:\/\/vosgesinfo.fr\/remiremontinfo\/?s={search_term_string}\"},\"query-input\":\"required name=search_term_string\"}],\"inLanguage\":\"fr-FR\"},{\"@type\":\"Organization\",\"@id\":\"https:\/\/vosgesinfo.fr\/remiremontinfo\/#organization\",\"name\":\"Remiremont Info\",\"url\":\"https:\/\/vosgesinfo.fr\/remiremontinfo\/\",\"logo\":{\"@type\":\"ImageObject\",\"inLanguage\":\"fr-FR\",\"@id\":\"https:\/\/vosgesinfo.fr\/remiremontinfo\/#\/schema\/logo\/image\/\",\"url\":\"https:\/\/vosgesinfo.fr\/app\/uploads\/sites\/5\/2023\/08\/favicon-remiremontinfo.png\",\"contentUrl\":\"https:\/\/vosgesinfo.fr\/app\/uploads\/sites\/5\/2023\/08\/favicon-remiremontinfo.png\",\"width\":512,\"height\":512,\"caption\":\"Remiremont Info\"},\"image\":{\"@id\":\"https:\/\/vosgesinfo.fr\/remiremontinfo\/#\/schema\/logo\/image\/\"},\"sameAs\":[\"https:\/\/www.facebook.com\/remiremontinfo\",\"https:\/\/x.com\/VosgesInfo88\",\"https:\/\/www.youtube.com\/@vosgesinfo\"]},{\"@type\":\"Person\",\"@id\":\"https:\/\/vosgesinfo.fr\/remiremontinfo\/#\/schema\/person\/a6fd2dde36da20be3679f2058b94c5b8\",\"name\":\"P.M\",\"image\":{\"@type\":\"ImageObject\",\"inLanguage\":\"fr-FR\",\"@id\":\"https:\/\/vosgesinfo.fr\/remiremontinfo\/#\/schema\/person\/image\/\",\"url\":\"https:\/\/secure.gravatar.com\/avatar\/db38f6ef38bb165f6f4d352563f264129673ed4536984fbbcddf700bd12f8a9a?s=96&d=mm&r=g\",\"contentUrl\":\"https:\/\/secure.gravatar.com\/avatar\/db38f6ef38bb165f6f4d352563f264129673ed4536984fbbcddf700bd12f8a9a?s=96&d=mm&r=g\",\"caption\":\"P.M\"},\"url\":\"https:\/\/vosgesinfo.fr\/remiremontinfo\/author\/p-mangel88\/\"}]}<\/script>\n<!-- \/ Yoast SEO plugin. -->","yoast_head_json":{"title":"La 19\u1d49 marche internationale de Raon-aux-Bois fait le plein - Remiremont Info","robots":{"index":"index","follow":"follow","max-snippet":"max-snippet:-1","max-image-preview":"max-image-preview:large","max-video-preview":"max-video-preview:-1"},"canonical":"https:\/\/vosgesinfo.fr\/remiremontinfo\/2025\/05\/la-19\u1d49-marche-internationale-de-raon-aux-bois-fait-le-plein\/","twitter_card":"summary_large_image","twitter_title":"La 19\u1d49 marche internationale de Raon-aux-Bois fait le plein - Remiremont Info","twitter_description":"&nbsp; Des paysages vari\u00e9s, des circuits pour tout public et une organisation bien rod\u00e9e : tous les ingr\u00e9dients pour passer [&hellip;]","twitter_image":"https:\/\/vosgesinfo.fr\/app\/uploads\/sites\/5\/2025\/05\/paysages-2.png","twitter_creator":"@VosgesInfo88","twitter_site":"@VosgesInfo88","twitter_misc":{"\u00c9crit par":"P.M","Dur\u00e9e de lecture estim\u00e9e":"2 minutes"},"schema":{"@context":"https:\/\/schema.org","@graph":[{"@type":"Article","@id":"https:\/\/vosgesinfo.fr\/remiremontinfo\/2025\/05\/la-19%e1%b5%89-marche-internationale-de-raon-aux-bois-fait-le-plein\/#article","isPartOf":{"@id":"https:\/\/vosgesinfo.fr\/remiremontinfo\/2025\/05\/la-19%e1%b5%89-marche-internationale-de-raon-aux-bois-fait-le-plein\/"},"author":{"name":"P.M","@id":"https:\/\/vosgesinfo.fr\/remiremontinfo\/#\/schema\/person\/a6fd2dde36da20be3679f2058b94c5b8"},"headline":"La 19\u1d49 marche internationale de Raon-aux-Bois fait le plein","datePublished":"2025-05-25T20:10:21+00:00","dateModified":"2025-05-25T19:46:18+00:00","mainEntityOfPage":{"@id":"https:\/\/vosgesinfo.fr\/remiremontinfo\/2025\/05\/la-19%e1%b5%89-marche-internationale-de-raon-aux-bois-fait-le-plein\/"},"wordCount":260,"commentCount":0,"publisher":{"@id":"https:\/\/vosgesinfo.fr\/remiremontinfo\/#organization"},"image":{"@id":"https:\/\/vosgesinfo.fr\/remiremontinfo\/2025\/05\/la-19%e1%b5%89-marche-internationale-de-raon-aux-bois-fait-le-plein\/#primaryimage"},"thumbnailUrl":"https:\/\/vosgesinfo.fr\/app\/uploads\/sites\/5\/2025\/05\/paysages-2.png","keywords":["marche populaire internationale"],"articleSection":["A la Une","Loisirs","Remiremont &amp; son canton","Soci\u00e9t\u00e9","Sport"],"inLanguage":"fr-FR","potentialAction":[{"@type":"CommentAction","name":"Comment","target":["https:\/\/vosgesinfo.fr\/remiremontinfo\/2025\/05\/la-19%e1%b5%89-marche-internationale-de-raon-aux-bois-fait-le-plein\/#respond"]}]},{"@type":"WebPage","@id":"https:\/\/vosgesinfo.fr\/remiremontinfo\/2025\/05\/la-19%e1%b5%89-marche-internationale-de-raon-aux-bois-fait-le-plein\/","url":"https:\/\/vosgesinfo.fr\/remiremontinfo\/2025\/05\/la-19%e1%b5%89-marche-internationale-de-raon-aux-bois-fait-le-plein\/","name":"La 19\u1d49 marche internationale de Raon-aux-Bois fait le plein - Remiremont Info","isPartOf":{"@id":"https:\/\/vosgesinfo.fr\/remiremontinfo\/#website"},"primaryImageOfPage":{"@id":"https:\/\/vosgesinfo.fr\/remiremontinfo\/2025\/05\/la-19%e1%b5%89-marche-internationale-de-raon-aux-bois-fait-le-plein\/#primaryimage"},"image":{"@id":"https:\/\/vosgesinfo.fr\/remiremontinfo\/2025\/05\/la-19%e1%b5%89-marche-internationale-de-raon-aux-bois-fait-le-plein\/#primaryimage"},"thumbnailUrl":"https:\/\/vosgesinfo.fr\/app\/uploads\/sites\/5\/2025\/05\/paysages-2.png","datePublished":"2025-05-25T20:10:21+00:00","dateModified":"2025-05-25T19:46:18+00:00","breadcrumb":{"@id":"https:\/\/vosgesinfo.fr\/remiremontinfo\/2025\/05\/la-19%e1%b5%89-marche-internationale-de-raon-aux-bois-fait-le-plein\/#breadcrumb"},"inLanguage":"fr-FR","potentialAction":[{"@type":"ReadAction","target":["https:\/\/vosgesinfo.fr\/remiremontinfo\/2025\/05\/la-19%e1%b5%89-marche-internationale-de-raon-aux-bois-fait-le-plein\/"]}]},{"@type":"ImageObject","inLanguage":"fr-FR","@id":"https:\/\/vosgesinfo.fr\/remiremontinfo\/2025\/05\/la-19%e1%b5%89-marche-internationale-de-raon-aux-bois-fait-le-plein\/#primaryimage","url":"https:\/\/vosgesinfo.fr\/app\/uploads\/sites\/5\/2025\/05\/paysages-2.png","contentUrl":"https:\/\/vosgesinfo.fr\/app\/uploads\/sites\/5\/2025\/05\/paysages-2.png","width":609,"height":903},{"@type":"BreadcrumbList","@id":"https:\/\/vosgesinfo.fr\/remiremontinfo\/2025\/05\/la-19%e1%b5%89-marche-internationale-de-raon-aux-bois-fait-le-plein\/#breadcrumb","itemListElement":[{"@type":"ListItem","position":1,"name":"Home","item":"https:\/\/vosgesinfo.fr\/remiremontinfo\/"},{"@type":"ListItem","position":2,"name":"La 19\u1d49 marche internationale de Raon-aux-Bois fait le plein"}]},{"@type":"WebSite","@id":"https:\/\/vosgesinfo.fr\/remiremontinfo\/#website","url":"https:\/\/vosgesinfo.fr\/remiremontinfo\/","name":"Remiremont Info","description":"Toute l&#039;actualit\u00e9 de Remiremont","publisher":{"@id":"https:\/\/vosgesinfo.fr\/remiremontinfo\/#organization"},"alternateName":"Toute l'actualit\u00e9 de Remiremont","potentialAction":[{"@type":"SearchAction","target":{"@type":"EntryPoint","urlTemplate":"https:\/\/vosgesinfo.fr\/remiremontinfo\/?s={search_term_string}"},"query-input":"required name=search_term_string"}],"inLanguage":"fr-FR"},{"@type":"Organization","@id":"https:\/\/vosgesinfo.fr\/remiremontinfo\/#organization","name":"Remiremont Info","url":"https:\/\/vosgesinfo.fr\/remiremontinfo\/","logo":{"@type":"ImageObject","inLanguage":"fr-FR","@id":"https:\/\/vosgesinfo.fr\/remiremontinfo\/#\/schema\/logo\/image\/","url":"https:\/\/vosgesinfo.fr\/app\/uploads\/sites\/5\/2023\/08\/favicon-remiremontinfo.png","contentUrl":"https:\/\/vosgesinfo.fr\/app\/uploads\/sites\/5\/2023\/08\/favicon-remiremontinfo.png","width":512,"height":512,"caption":"Remiremont Info"},"image":{"@id":"https:\/\/vosgesinfo.fr\/remiremontinfo\/#\/schema\/logo\/image\/"},"sameAs":["https:\/\/www.facebook.com\/remiremontinfo","https:\/\/x.com\/VosgesInfo88","https:\/\/www.youtube.com\/@vosgesinfo"]},{"@type":"Person","@id":"https:\/\/vosgesinfo.fr\/remiremontinfo\/#\/schema\/person\/a6fd2dde36da20be3679f2058b94c5b8","name":"P.M","image":{"@type":"ImageObject","inLanguage":"fr-FR","@id":"https:\/\/vosgesinfo.fr\/remiremontinfo\/#\/schema\/person\/image\/","url":"https:\/\/secure.gravatar.com\/avatar\/db38f6ef38bb165f6f4d352563f264129673ed4536984fbbcddf700bd12f8a9a?s=96&d=mm&r=g","contentUrl":"https:\/\/secure.gravatar.com\/avatar\/db38f6ef38bb165f6f4d352563f264129673ed4536984fbbcddf700bd12f8a9a?s=96&d=mm&r=g","caption":"P.M"},"url":"https:\/\/vosgesinfo.fr\/remiremontinfo\/author\/p-mangel88\/"}]}},"_links":{"self":[{"href":"https:\/\/vosgesinfo.fr\/remiremontinfo\/wp-json\/wp\/v2\/posts\/82140","targetHints":{"allow":["GET"]}}],"collection":[{"href":"https:\/\/vosgesinfo.fr\/remiremontinfo\/wp-json\/wp\/v2\/posts"}],"about":[{"href":"https:\/\/vosgesinfo.fr\/remiremontinfo\/wp-json\/wp\/v2\/types\/post"}],"author":[{"embeddable":true,"href":"https:\/\/vosgesinfo.fr\/remiremontinfo\/wp-json\/wp\/v2\/users\/413"}],"replies":[{"embeddable":true,"href":"https:\/\/vosgesinfo.fr\/remiremontinfo\/wp-json\/wp\/v2\/comments?post=82140"}],"version-history":[{"count":3,"href":"https:\/\/vosgesinfo.fr\/remiremontinfo\/wp-json\/wp\/v2\/posts\/82140\/revisions"}],"predecessor-version":[{"id":82148,"href":"https:\/\/vosgesinfo.fr\/remiremontinfo\/wp-json\/wp\/v2\/posts\/82140\/revisions\/82148"}],"wp:featuredmedia":[{"embeddable":true,"href":"https:\/\/vosgesinfo.fr\/remiremontinfo\/wp-json\/wp\/v2\/media\/82145"}],"wp:attachment":[{"href":"https:\/\/vosgesinfo.fr\/remiremontinfo\/wp-json\/wp\/v2\/media?parent=82140"}],"wp:term":[{"taxonomy":"category","embeddable":true,"href":"https:\/\/vosgesinfo.fr\/remiremontinfo\/wp-json\/wp\/v2\/categories?post=82140"},{"taxonomy":"post_tag","embeddable":true,"href":"https:\/\/vosgesinfo.fr\/remiremontinfo\/wp-json\/wp\/v2\/tags?post=82140"}],"curies":[{"name":"wp","href":"https:\/\/api.w.org\/{rel}","templated":true}]}}