{"id":82155,"date":"2025-05-26T10:30:23","date_gmt":"2025-05-26T08:30:23","guid":{"rendered":"https:\/\/vosgesinfo.fr\/remiremontinfo\/?p=82155"},"modified":"2025-05-26T09:46:08","modified_gmt":"2025-05-26T07:46:08","slug":"bussang-travaux-sur-la-rn66-planning-recapitulatif","status":"publish","type":"post","link":"https:\/\/vosgesinfo.fr\/remiremontinfo\/2025\/05\/bussang-travaux-sur-la-rn66-planning-recapitulatif\/","title":{"rendered":"Bussang \u2013 Travaux sur la RN66 : planning r\u00e9capitulatif"},"content":{"rendered":"<p>D\u2019importants<span data-olk-copy-source=\"MessageBody\"> travaux de r\u00e9fection de la RN66 vont \u00eatre men\u00e9s en juin par la DIR Est \u00e0 travers un chantier men\u00e9 en continue de nuit comme de jour, hors samedi &amp; dimanche.\u00a0<\/span><\/p>\n<p>Retrouvez le plan et les phases de ce chantier en d\u00e9tail sur le document suivant : <a href=\"https:\/\/vosgesinfo.fr\/app\/uploads\/sites\/5\/2025\/05\/information-aux-bussenets-plans-6-phases.pdf\">INFORMATION AUX BUSSENETS + plans 6 phases<\/a><\/p>\n<p><strong>Retrouvez le planning r\u00e9capitulatif ci-dessous :\u00a0<\/strong><\/p>\n\n\t\t<style type=\"text\/css\">\n\t\t\t#gallery-1 {\n\t\t\t\tmargin: auto;\n\t\t\t}\n\t\t\t#gallery-1 .gallery-item {\n\t\t\t\tfloat: left;\n\t\t\t\tmargin-top: 10px;\n\t\t\t\ttext-align: center;\n\t\t\t\twidth: 50%;\n\t\t\t}\n\t\t\t#gallery-1 img {\n\t\t\t\tborder: 2px solid #cfcfcf;\n\t\t\t}\n\t\t\t#gallery-1 .gallery-caption {\n\t\t\t\tmargin-left: 0;\n\t\t\t}\n\t\t\t\/* see gallery_shortcode() in wp-includes\/media.php *\/\n\t\t<\/style>\n\t\t<div id='gallery-1' class='gallery galleryid-82155 gallery-columns-2 gallery-size-full'><dl class='gallery-item'>\n\t\t\t<dt class='gallery-icon landscape'>\n\t\t\t\t<a href='https:\/\/vosgesinfo.fr\/remiremontinfo\/2025\/05\/bussang-travaux-sur-la-rn66-planning-recapitulatif\/calendrier-2025-rn_page-0001\/'><img decoding=\"async\" width=\"1755\" height=\"1240\" src=\"https:\/\/vosgesinfo.fr\/app\/uploads\/sites\/5\/2025\/05\/calendrier-2025-rn-page-0001.jpg\" class=\"attachment-full size-full\" alt=\"\" srcset=\"https:\/\/vosgesinfo.fr\/app\/uploads\/sites\/5\/2025\/05\/calendrier-2025-rn-page-0001.jpg 1755w, https:\/\/vosgesinfo.fr\/app\/uploads\/sites\/5\/2025\/05\/calendrier-2025-rn-page-0001-300x212.jpg 300w, https:\/\/vosgesinfo.fr\/app\/uploads\/sites\/5\/2025\/05\/calendrier-2025-rn-page-0001-1024x724.jpg 1024w, https:\/\/vosgesinfo.fr\/app\/uploads\/sites\/5\/2025\/05\/calendrier-2025-rn-page-0001-768x543.jpg 768w, https:\/\/vosgesinfo.fr\/app\/uploads\/sites\/5\/2025\/05\/calendrier-2025-rn-page-0001-1536x1085.jpg 1536w\" sizes=\"(max-width: 1755px) 100vw, 1755px\" \/><\/a>\n\t\t\t<\/dt><\/dl><dl class='gallery-item'>\n\t\t\t<dt class='gallery-icon landscape'>\n\t\t\t\t<a href='https:\/\/vosgesinfo.fr\/remiremontinfo\/2025\/05\/bussang-travaux-sur-la-rn66-planning-recapitulatif\/calendrier-2025-rn_page-0002\/'><img decoding=\"async\" width=\"1755\" height=\"1240\" src=\"https:\/\/vosgesinfo.fr\/app\/uploads\/sites\/5\/2025\/05\/calendrier-2025-rn-page-0002.jpg\" class=\"attachment-full size-full\" alt=\"\" srcset=\"https:\/\/vosgesinfo.fr\/app\/uploads\/sites\/5\/2025\/05\/calendrier-2025-rn-page-0002.jpg 1755w, https:\/\/vosgesinfo.fr\/app\/uploads\/sites\/5\/2025\/05\/calendrier-2025-rn-page-0002-300x212.jpg 300w, https:\/\/vosgesinfo.fr\/app\/uploads\/sites\/5\/2025\/05\/calendrier-2025-rn-page-0002-1024x724.jpg 1024w, https:\/\/vosgesinfo.fr\/app\/uploads\/sites\/5\/2025\/05\/calendrier-2025-rn-page-0002-768x543.jpg 768w, https:\/\/vosgesinfo.fr\/app\/uploads\/sites\/5\/2025\/05\/calendrier-2025-rn-page-0002-1536x1085.jpg 1536w\" sizes=\"(max-width: 1755px) 100vw, 1755px\" \/><\/a>\n\t\t\t<\/dt><\/dl><br style=\"clear: both\" \/>\n\t\t<\/div>\n\n","protected":false},"excerpt":{"rendered":"<p>D\u2019importants travaux de r\u00e9fection de la RN66 vont \u00eatre men\u00e9s en juin par la DIR Est \u00e0 travers un chantier [&hellip;]<\/p>\n","protected":false},"author":391,"featured_media":82096,"comment_status":"open","ping_status":"open","sticky":false,"template":"","format":"standard","meta":{"footnotes":""},"categories":[26,594,38],"tags":[1059,136],"class_list":["post-82155","post","type-post","status-publish","format-standard","has-post-thumbnail","hentry","category-a-la-une","category-agenda","category-bussang","tag-rn66","tag-travaux"],"acf":[],"yoast_head":"<!-- This site is optimized with the Yoast SEO plugin v22.5 - https:\/\/yoast.com\/wordpress\/plugins\/seo\/ -->\n<title>Bussang \u2013 Travaux sur la RN66 : planning r\u00e9capitulatif - Remiremont Info<\/title>\n<meta name=\"robots\" content=\"index, follow, max-snippet:-1, max-image-preview:large, max-video-preview:-1\" \/>\n<link rel=\"canonical\" href=\"https:\/\/vosgesinfo.fr\/remiremontinfo\/2025\/05\/bussang-travaux-sur-la-rn66-planning-recapitulatif\/\" \/>\n<meta name=\"twitter:card\" content=\"summary_large_image\" \/>\n<meta name=\"twitter:title\" content=\"Bussang \u2013 Travaux sur la RN66 : planning r\u00e9capitulatif - Remiremont Info\" \/>\n<meta name=\"twitter:description\" content=\"D\u2019importants travaux de r\u00e9fection de la RN66 vont \u00eatre men\u00e9s en juin par la DIR Est \u00e0 travers un chantier [&hellip;]\" \/>\n<meta name=\"twitter:image\" content=\"https:\/\/vosgesinfo.fr\/app\/uploads\/sites\/5\/2025\/05\/travaux-1-1-1.jpg\" \/>\n<meta name=\"twitter:creator\" content=\"@VosgesInfo88\" \/>\n<meta name=\"twitter:site\" content=\"@VosgesInfo88\" \/>\n<meta name=\"twitter:label1\" content=\"\u00c9crit par\" \/>\n\t<meta name=\"twitter:data1\" content=\"La redaction\" \/>\n<script type=\"application\/ld+json\" class=\"yoast-schema-graph\">{\"@context\":\"https:\/\/schema.org\",\"@graph\":[{\"@type\":\"Article\",\"@id\":\"https:\/\/vosgesinfo.fr\/remiremontinfo\/2025\/05\/bussang-travaux-sur-la-rn66-planning-recapitulatif\/#article\",\"isPartOf\":{\"@id\":\"https:\/\/vosgesinfo.fr\/remiremontinfo\/2025\/05\/bussang-travaux-sur-la-rn66-planning-recapitulatif\/\"},\"author\":{\"name\":\"La redaction\",\"@id\":\"https:\/\/vosgesinfo.fr\/remiremontinfo\/#\/schema\/person\/27a3695b06db98895b354c0765cdfc31\"},\"headline\":\"Bussang \u2013 Travaux sur la RN66 : planning r\u00e9capitulatif\",\"datePublished\":\"2025-05-26T08:30:23+00:00\",\"dateModified\":\"2025-05-26T07:46:08+00:00\",\"mainEntityOfPage\":{\"@id\":\"https:\/\/vosgesinfo.fr\/remiremontinfo\/2025\/05\/bussang-travaux-sur-la-rn66-planning-recapitulatif\/\"},\"wordCount\":74,\"commentCount\":0,\"publisher\":{\"@id\":\"https:\/\/vosgesinfo.fr\/remiremontinfo\/#organization\"},\"image\":{\"@id\":\"https:\/\/vosgesinfo.fr\/remiremontinfo\/2025\/05\/bussang-travaux-sur-la-rn66-planning-recapitulatif\/#primaryimage\"},\"thumbnailUrl\":\"https:\/\/vosgesinfo.fr\/app\/uploads\/sites\/5\/2025\/05\/travaux-1-1-1.jpg\",\"keywords\":[\"RN66\",\"travaux\"],\"articleSection\":[\"A la Une\",\"Agenda\",\"Bussang\"],\"inLanguage\":\"fr-FR\",\"potentialAction\":[{\"@type\":\"CommentAction\",\"name\":\"Comment\",\"target\":[\"https:\/\/vosgesinfo.fr\/remiremontinfo\/2025\/05\/bussang-travaux-sur-la-rn66-planning-recapitulatif\/#respond\"]}]},{\"@type\":\"WebPage\",\"@id\":\"https:\/\/vosgesinfo.fr\/remiremontinfo\/2025\/05\/bussang-travaux-sur-la-rn66-planning-recapitulatif\/\",\"url\":\"https:\/\/vosgesinfo.fr\/remiremontinfo\/2025\/05\/bussang-travaux-sur-la-rn66-planning-recapitulatif\/\",\"name\":\"Bussang \u2013 Travaux sur la RN66 : planning r\u00e9capitulatif - Remiremont Info\",\"isPartOf\":{\"@id\":\"https:\/\/vosgesinfo.fr\/remiremontinfo\/#website\"},\"primaryImageOfPage\":{\"@id\":\"https:\/\/vosgesinfo.fr\/remiremontinfo\/2025\/05\/bussang-travaux-sur-la-rn66-planning-recapitulatif\/#primaryimage\"},\"image\":{\"@id\":\"https:\/\/vosgesinfo.fr\/remiremontinfo\/2025\/05\/bussang-travaux-sur-la-rn66-planning-recapitulatif\/#primaryimage\"},\"thumbnailUrl\":\"https:\/\/vosgesinfo.fr\/app\/uploads\/sites\/5\/2025\/05\/travaux-1-1-1.jpg\",\"datePublished\":\"2025-05-26T08:30:23+00:00\",\"dateModified\":\"2025-05-26T07:46:08+00:00\",\"breadcrumb\":{\"@id\":\"https:\/\/vosgesinfo.fr\/remiremontinfo\/2025\/05\/bussang-travaux-sur-la-rn66-planning-recapitulatif\/#breadcrumb\"},\"inLanguage\":\"fr-FR\",\"potentialAction\":[{\"@type\":\"ReadAction\",\"target\":[\"https:\/\/vosgesinfo.fr\/remiremontinfo\/2025\/05\/bussang-travaux-sur-la-rn66-planning-recapitulatif\/\"]}]},{\"@type\":\"ImageObject\",\"inLanguage\":\"fr-FR\",\"@id\":\"https:\/\/vosgesinfo.fr\/remiremontinfo\/2025\/05\/bussang-travaux-sur-la-rn66-planning-recapitulatif\/#primaryimage\",\"url\":\"https:\/\/vosgesinfo.fr\/app\/uploads\/sites\/5\/2025\/05\/travaux-1-1-1.jpg\",\"contentUrl\":\"https:\/\/vosgesinfo.fr\/app\/uploads\/sites\/5\/2025\/05\/travaux-1-1-1.jpg\",\"width\":960,\"height\":636},{\"@type\":\"BreadcrumbList\",\"@id\":\"https:\/\/vosgesinfo.fr\/remiremontinfo\/2025\/05\/bussang-travaux-sur-la-rn66-planning-recapitulatif\/#breadcrumb\",\"itemListElement\":[{\"@type\":\"ListItem\",\"position\":1,\"name\":\"Home\",\"item\":\"https:\/\/vosgesinfo.fr\/remiremontinfo\/\"},{\"@type\":\"ListItem\",\"position\":2,\"name\":\"Bussang \u2013 Travaux sur la RN66 : planning r\u00e9capitulatif\"}]},{\"@type\":\"WebSite\",\"@id\":\"https:\/\/vosgesinfo.fr\/remiremontinfo\/#website\",\"url\":\"https:\/\/vosgesinfo.fr\/remiremontinfo\/\",\"name\":\"Remiremont Info\",\"description\":\"Toute l&#039;actualit\u00e9 de Remiremont\",\"publisher\":{\"@id\":\"https:\/\/vosgesinfo.fr\/remiremontinfo\/#organization\"},\"alternateName\":\"Toute l'actualit\u00e9 de Remiremont\",\"potentialAction\":[{\"@type\":\"SearchAction\",\"target\":{\"@type\":\"EntryPoint\",\"urlTemplate\":\"https:\/\/vosgesinfo.fr\/remiremontinfo\/?s={search_term_string}\"},\"query-input\":\"required name=search_term_string\"}],\"inLanguage\":\"fr-FR\"},{\"@type\":\"Organization\",\"@id\":\"https:\/\/vosgesinfo.fr\/remiremontinfo\/#organization\",\"name\":\"Remiremont Info\",\"url\":\"https:\/\/vosgesinfo.fr\/remiremontinfo\/\",\"logo\":{\"@type\":\"ImageObject\",\"inLanguage\":\"fr-FR\",\"@id\":\"https:\/\/vosgesinfo.fr\/remiremontinfo\/#\/schema\/logo\/image\/\",\"url\":\"https:\/\/vosgesinfo.fr\/app\/uploads\/sites\/5\/2023\/08\/favicon-remiremontinfo.png\",\"contentUrl\":\"https:\/\/vosgesinfo.fr\/app\/uploads\/sites\/5\/2023\/08\/favicon-remiremontinfo.png\",\"width\":512,\"height\":512,\"caption\":\"Remiremont Info\"},\"image\":{\"@id\":\"https:\/\/vosgesinfo.fr\/remiremontinfo\/#\/schema\/logo\/image\/\"},\"sameAs\":[\"https:\/\/www.facebook.com\/remiremontinfo\",\"https:\/\/x.com\/VosgesInfo88\",\"https:\/\/www.youtube.com\/@vosgesinfo\"]},{\"@type\":\"Person\",\"@id\":\"https:\/\/vosgesinfo.fr\/remiremontinfo\/#\/schema\/person\/27a3695b06db98895b354c0765cdfc31\",\"name\":\"La redaction\",\"image\":{\"@type\":\"ImageObject\",\"inLanguage\":\"fr-FR\",\"@id\":\"https:\/\/vosgesinfo.fr\/remiremontinfo\/#\/schema\/person\/image\/\",\"url\":\"https:\/\/secure.gravatar.com\/avatar\/64c76a78e501cedee55736f43f332df901e1896ae9cd8fad269ae2236dd0e8b6?s=96&d=mm&r=g\",\"contentUrl\":\"https:\/\/secure.gravatar.com\/avatar\/64c76a78e501cedee55736f43f332df901e1896ae9cd8fad269ae2236dd0e8b6?s=96&d=mm&r=g\",\"caption\":\"La redaction\"},\"url\":\"https:\/\/vosgesinfo.fr\/remiremontinfo\/author\/la-redaction\/\"}]}<\/script>\n<!-- \/ Yoast SEO plugin. -->","yoast_head_json":{"title":"Bussang \u2013 Travaux sur la RN66 : planning r\u00e9capitulatif - Remiremont Info","robots":{"index":"index","follow":"follow","max-snippet":"max-snippet:-1","max-image-preview":"max-image-preview:large","max-video-preview":"max-video-preview:-1"},"canonical":"https:\/\/vosgesinfo.fr\/remiremontinfo\/2025\/05\/bussang-travaux-sur-la-rn66-planning-recapitulatif\/","twitter_card":"summary_large_image","twitter_title":"Bussang \u2013 Travaux sur la RN66 : planning r\u00e9capitulatif - Remiremont Info","twitter_description":"D\u2019importants travaux de r\u00e9fection de la RN66 vont \u00eatre men\u00e9s en juin par la DIR Est \u00e0 travers un chantier [&hellip;]","twitter_image":"https:\/\/vosgesinfo.fr\/app\/uploads\/sites\/5\/2025\/05\/travaux-1-1-1.jpg","twitter_creator":"@VosgesInfo88","twitter_site":"@VosgesInfo88","twitter_misc":{"\u00c9crit par":"La redaction"},"schema":{"@context":"https:\/\/schema.org","@graph":[{"@type":"Article","@id":"https:\/\/vosgesinfo.fr\/remiremontinfo\/2025\/05\/bussang-travaux-sur-la-rn66-planning-recapitulatif\/#article","isPartOf":{"@id":"https:\/\/vosgesinfo.fr\/remiremontinfo\/2025\/05\/bussang-travaux-sur-la-rn66-planning-recapitulatif\/"},"author":{"name":"La redaction","@id":"https:\/\/vosgesinfo.fr\/remiremontinfo\/#\/schema\/person\/27a3695b06db98895b354c0765cdfc31"},"headline":"Bussang \u2013 Travaux sur la RN66 : planning r\u00e9capitulatif","datePublished":"2025-05-26T08:30:23+00:00","dateModified":"2025-05-26T07:46:08+00:00","mainEntityOfPage":{"@id":"https:\/\/vosgesinfo.fr\/remiremontinfo\/2025\/05\/bussang-travaux-sur-la-rn66-planning-recapitulatif\/"},"wordCount":74,"commentCount":0,"publisher":{"@id":"https:\/\/vosgesinfo.fr\/remiremontinfo\/#organization"},"image":{"@id":"https:\/\/vosgesinfo.fr\/remiremontinfo\/2025\/05\/bussang-travaux-sur-la-rn66-planning-recapitulatif\/#primaryimage"},"thumbnailUrl":"https:\/\/vosgesinfo.fr\/app\/uploads\/sites\/5\/2025\/05\/travaux-1-1-1.jpg","keywords":["RN66","travaux"],"articleSection":["A la Une","Agenda","Bussang"],"inLanguage":"fr-FR","potentialAction":[{"@type":"CommentAction","name":"Comment","target":["https:\/\/vosgesinfo.fr\/remiremontinfo\/2025\/05\/bussang-travaux-sur-la-rn66-planning-recapitulatif\/#respond"]}]},{"@type":"WebPage","@id":"https:\/\/vosgesinfo.fr\/remiremontinfo\/2025\/05\/bussang-travaux-sur-la-rn66-planning-recapitulatif\/","url":"https:\/\/vosgesinfo.fr\/remiremontinfo\/2025\/05\/bussang-travaux-sur-la-rn66-planning-recapitulatif\/","name":"Bussang \u2013 Travaux sur la RN66 : planning r\u00e9capitulatif - Remiremont Info","isPartOf":{"@id":"https:\/\/vosgesinfo.fr\/remiremontinfo\/#website"},"primaryImageOfPage":{"@id":"https:\/\/vosgesinfo.fr\/remiremontinfo\/2025\/05\/bussang-travaux-sur-la-rn66-planning-recapitulatif\/#primaryimage"},"image":{"@id":"https:\/\/vosgesinfo.fr\/remiremontinfo\/2025\/05\/bussang-travaux-sur-la-rn66-planning-recapitulatif\/#primaryimage"},"thumbnailUrl":"https:\/\/vosgesinfo.fr\/app\/uploads\/sites\/5\/2025\/05\/travaux-1-1-1.jpg","datePublished":"2025-05-26T08:30:23+00:00","dateModified":"2025-05-26T07:46:08+00:00","breadcrumb":{"@id":"https:\/\/vosgesinfo.fr\/remiremontinfo\/2025\/05\/bussang-travaux-sur-la-rn66-planning-recapitulatif\/#breadcrumb"},"inLanguage":"fr-FR","potentialAction":[{"@type":"ReadAction","target":["https:\/\/vosgesinfo.fr\/remiremontinfo\/2025\/05\/bussang-travaux-sur-la-rn66-planning-recapitulatif\/"]}]},{"@type":"ImageObject","inLanguage":"fr-FR","@id":"https:\/\/vosgesinfo.fr\/remiremontinfo\/2025\/05\/bussang-travaux-sur-la-rn66-planning-recapitulatif\/#primaryimage","url":"https:\/\/vosgesinfo.fr\/app\/uploads\/sites\/5\/2025\/05\/travaux-1-1-1.jpg","contentUrl":"https:\/\/vosgesinfo.fr\/app\/uploads\/sites\/5\/2025\/05\/travaux-1-1-1.jpg","width":960,"height":636},{"@type":"BreadcrumbList","@id":"https:\/\/vosgesinfo.fr\/remiremontinfo\/2025\/05\/bussang-travaux-sur-la-rn66-planning-recapitulatif\/#breadcrumb","itemListElement":[{"@type":"ListItem","position":1,"name":"Home","item":"https:\/\/vosgesinfo.fr\/remiremontinfo\/"},{"@type":"ListItem","position":2,"name":"Bussang \u2013 Travaux sur la RN66 : planning r\u00e9capitulatif"}]},{"@type":"WebSite","@id":"https:\/\/vosgesinfo.fr\/remiremontinfo\/#website","url":"https:\/\/vosgesinfo.fr\/remiremontinfo\/","name":"Remiremont Info","description":"Toute l&#039;actualit\u00e9 de Remiremont","publisher":{"@id":"https:\/\/vosgesinfo.fr\/remiremontinfo\/#organization"},"alternateName":"Toute l'actualit\u00e9 de Remiremont","potentialAction":[{"@type":"SearchAction","target":{"@type":"EntryPoint","urlTemplate":"https:\/\/vosgesinfo.fr\/remiremontinfo\/?s={search_term_string}"},"query-input":"required name=search_term_string"}],"inLanguage":"fr-FR"},{"@type":"Organization","@id":"https:\/\/vosgesinfo.fr\/remiremontinfo\/#organization","name":"Remiremont Info","url":"https:\/\/vosgesinfo.fr\/remiremontinfo\/","logo":{"@type":"ImageObject","inLanguage":"fr-FR","@id":"https:\/\/vosgesinfo.fr\/remiremontinfo\/#\/schema\/logo\/image\/","url":"https:\/\/vosgesinfo.fr\/app\/uploads\/sites\/5\/2023\/08\/favicon-remiremontinfo.png","contentUrl":"https:\/\/vosgesinfo.fr\/app\/uploads\/sites\/5\/2023\/08\/favicon-remiremontinfo.png","width":512,"height":512,"caption":"Remiremont Info"},"image":{"@id":"https:\/\/vosgesinfo.fr\/remiremontinfo\/#\/schema\/logo\/image\/"},"sameAs":["https:\/\/www.facebook.com\/remiremontinfo","https:\/\/x.com\/VosgesInfo88","https:\/\/www.youtube.com\/@vosgesinfo"]},{"@type":"Person","@id":"https:\/\/vosgesinfo.fr\/remiremontinfo\/#\/schema\/person\/27a3695b06db98895b354c0765cdfc31","name":"La redaction","image":{"@type":"ImageObject","inLanguage":"fr-FR","@id":"https:\/\/vosgesinfo.fr\/remiremontinfo\/#\/schema\/person\/image\/","url":"https:\/\/secure.gravatar.com\/avatar\/64c76a78e501cedee55736f43f332df901e1896ae9cd8fad269ae2236dd0e8b6?s=96&d=mm&r=g","contentUrl":"https:\/\/secure.gravatar.com\/avatar\/64c76a78e501cedee55736f43f332df901e1896ae9cd8fad269ae2236dd0e8b6?s=96&d=mm&r=g","caption":"La redaction"},"url":"https:\/\/vosgesinfo.fr\/remiremontinfo\/author\/la-redaction\/"}]}},"_links":{"self":[{"href":"https:\/\/vosgesinfo.fr\/remiremontinfo\/wp-json\/wp\/v2\/posts\/82155","targetHints":{"allow":["GET"]}}],"collection":[{"href":"https:\/\/vosgesinfo.fr\/remiremontinfo\/wp-json\/wp\/v2\/posts"}],"about":[{"href":"https:\/\/vosgesinfo.fr\/remiremontinfo\/wp-json\/wp\/v2\/types\/post"}],"author":[{"embeddable":true,"href":"https:\/\/vosgesinfo.fr\/remiremontinfo\/wp-json\/wp\/v2\/users\/391"}],"replies":[{"embeddable":true,"href":"https:\/\/vosgesinfo.fr\/remiremontinfo\/wp-json\/wp\/v2\/comments?post=82155"}],"version-history":[{"count":1,"href":"https:\/\/vosgesinfo.fr\/remiremontinfo\/wp-json\/wp\/v2\/posts\/82155\/revisions"}],"predecessor-version":[{"id":82158,"href":"https:\/\/vosgesinfo.fr\/remiremontinfo\/wp-json\/wp\/v2\/posts\/82155\/revisions\/82158"}],"wp:featuredmedia":[{"embeddable":true,"href":"https:\/\/vosgesinfo.fr\/remiremontinfo\/wp-json\/wp\/v2\/media\/82096"}],"wp:attachment":[{"href":"https:\/\/vosgesinfo.fr\/remiremontinfo\/wp-json\/wp\/v2\/media?parent=82155"}],"wp:term":[{"taxonomy":"category","embeddable":true,"href":"https:\/\/vosgesinfo.fr\/remiremontinfo\/wp-json\/wp\/v2\/categories?post=82155"},{"taxonomy":"post_tag","embeddable":true,"href":"https:\/\/vosgesinfo.fr\/remiremontinfo\/wp-json\/wp\/v2\/tags?post=82155"}],"curies":[{"name":"wp","href":"https:\/\/api.w.org\/{rel}","templated":true}]}}