{"id":82159,"date":"2025-05-26T12:00:34","date_gmt":"2025-05-26T10:00:34","guid":{"rendered":"https:\/\/vosgesinfo.fr\/remiremontinfo\/?p=82159"},"modified":"2025-05-26T10:13:51","modified_gmt":"2025-05-26T08:13:51","slug":"vagney-celebre-les-60-ans-du-film-les-grandes-gueules-un-week-end-exceptionnel-les-27-28-et-29-juin","status":"publish","type":"post","link":"https:\/\/vosgesinfo.fr\/remiremontinfo\/2025\/05\/vagney-celebre-les-60-ans-du-film-les-grandes-gueules-un-week-end-exceptionnel-les-27-28-et-29-juin\/","title":{"rendered":"Vagney c\u00e9l\u00e8bre les 60 ans du film Les Grandes Gueules : un week-end exceptionnel les 27, 28 et 29 juin"},"content":{"rendered":"<p data-start=\"218\" data-end=\"487\"><a href=\"https:\/\/vosgesinfo.fr\/app\/uploads\/sites\/5\/2024\/09\/202306les-grandes-gueules21e5c-w610.jpg\"><img decoding=\"async\" class=\"aligncenter size-full wp-image-72028\" src=\"https:\/\/vosgesinfo.fr\/app\/uploads\/sites\/5\/2024\/09\/202306les-grandes-gueules21e5c-w610.jpg\" alt=\"\" width=\"610\" height=\"680\" srcset=\"https:\/\/vosgesinfo.fr\/app\/uploads\/sites\/5\/2024\/09\/202306les-grandes-gueules21e5c-w610.jpg 610w, https:\/\/vosgesinfo.fr\/app\/uploads\/sites\/5\/2024\/09\/202306les-grandes-gueules21e5c-w610-269x300.jpg 269w\" sizes=\"(max-width: 610px) 100vw, 610px\" \/><\/a><\/p>\n<p data-start=\"218\" data-end=\"487\"><strong>La commune de Vagney s\u2019appr\u00eate \u00e0 vivre un moment historique et festif : du 27 au 29 juin 2025, tout un territoire se mobilise pour c\u00e9l\u00e9brer les 60 ans du film <em data-start=\"387\" data-end=\"408\">Les Grandes Gueules<\/em>, chef-d\u2019\u0153uvre du cin\u00e9ma fran\u00e7ais tourn\u00e9 ici-m\u00eame, au c\u0153ur du massif vosgien.<\/strong><\/p>\n<p data-start=\"489\" data-end=\"734\">Ce week-end anniversaire s\u2019annonce spectaculaire, riche en \u00e9motions, en musique et en souvenirs. Il rendra hommage \u00e0 ce film embl\u00e9matique qui a marqu\u00e9 toute une g\u00e9n\u00e9ration et qui continue de faire rayonner Vagney bien au-del\u00e0 des Vosges.<\/p>\n<h3 data-start=\"741\" data-end=\"779\">Un programme riche et immersif<\/h3>\n<p data-start=\"781\" data-end=\"826\">Au programme de ces trois jours d\u2019exception :<\/p>\n<p>Projection en plein air sur \u00e9cran g\u00e9ant du film <em data-start=\"883\" data-end=\"904\">Les Grandes Gueules<\/em>, pour revivre ce monument cin\u00e9matographique dans son d\u00e9cor d\u2019origine, au c\u0153ur des paysages qui ont fait sa renomm\u00e9e.<\/p>\n<p data-start=\"1023\" data-end=\"1156\">Concert pop-rock endiabl\u00e9 suivi d\u2019un spectacle pyrotechnique : un moment festif et f\u00e9d\u00e9rateur pour toutes les g\u00e9n\u00e9rations.<\/p>\n<p data-start=\"1158\" data-end=\"1369\">Reconstitution grandeur nature de la f\u00eate foraine du film, avec carrousel, stands de jeux, jeux de force\u2026 et m\u00eame la mythique sc\u00e8ne de bagarre, pour une immersion totale dans l\u2019ambiance des ann\u00e9es 60.<\/p>\n<p data-start=\"1371\" data-end=\"1526\">Expositions, animations et rencontres viendront enrichir ce week-end unique, c\u00e9l\u00e9brant l\u2019h\u00e9ritage culturel, local et cin\u00e9matographique du film.<\/p>\n<h3 data-start=\"1533\" data-end=\"1582\">Un \u00e9v\u00e9nement port\u00e9 par tout un territoire<\/h3>\n<p data-start=\"1584\" data-end=\"1659\">Cette c\u00e9l\u00e9bration est organis\u00e9e par la commune de Vagney, avec le soutien :<\/p>\n<ul data-start=\"1660\" data-end=\"1907\">\n<li data-start=\"1660\" data-end=\"1695\">\n<p data-start=\"1662\" data-end=\"1695\">du programme europ\u00e9en LEADER,<\/p>\n<\/li>\n<li data-start=\"1696\" data-end=\"1749\">\n<p data-start=\"1698\" data-end=\"1749\">de la Communaut\u00e9 de Communes des Hautes Vosges,<\/p>\n<\/li>\n<li data-start=\"1750\" data-end=\"1805\">\n<p data-start=\"1752\" data-end=\"1805\">des communes voisines de Gerbamont et Sapois,<\/p>\n<\/li>\n<li data-start=\"1806\" data-end=\"1847\">\n<p data-start=\"1808\" data-end=\"1847\">de nombreuses associations locales,<\/p>\n<\/li>\n<li data-start=\"1848\" data-end=\"1907\">\n<p data-start=\"1850\" data-end=\"1907\">et de nombreux artisans et producteurs du territoire.<\/p>\n<\/li>\n<\/ul>\n<p data-start=\"1909\" data-end=\"2092\">La commune aura \u00e9galement l\u2019honneur d\u2019accueillir une d\u00e9l\u00e9gation de la ville d\u2019Ouffet, en Belgique, jumel\u00e9e avec Vagney, t\u00e9moignant de l\u2019amiti\u00e9 durable entre les deux communes.<\/p>\n<h3 data-start=\"2099\" data-end=\"2138\">Un rendez-vous \u00e0 ne pas manquer<\/h3>\n<p data-start=\"2140\" data-end=\"2426\">Entre cin\u00e9ma, patrimoine, musique et convivialit\u00e9, ce week-end promet d\u2019\u00eatre un moment fort de l\u2019ann\u00e9e 2025 pour les habitants comme pour les visiteurs.<br data-start=\"2300\" data-end=\"2303\" \/>Notez les dates : 27, 28 et 29 juin \u00e0 Vagney, pour c\u00e9l\u00e9brer ensemble les 60 ans d\u2019un film culte\u2026 l\u00e0 o\u00f9 tout a commenc\u00e9.<\/p>\n","protected":false},"excerpt":{"rendered":"<p>La commune de Vagney s\u2019appr\u00eate \u00e0 vivre un moment historique et festif : du 27 au 29 juin 2025, tout [&hellip;]<\/p>\n","protected":false},"author":418,"featured_media":72028,"comment_status":"open","ping_status":"open","sticky":false,"template":"","format":"standard","meta":{"footnotes":""},"categories":[26,594,6676,36,18],"tags":[7967,851,160],"class_list":["post-82159","post","type-post","status-publish","format-standard","has-post-thumbnail","hentry","category-a-la-une","category-agenda","category-cinema","category-vagney","category-vosges","tag-60-eme-anniversaire-les-grandes-gueules","tag-les-grandes-gueules","tag-vagney"],"acf":[],"yoast_head":"<!-- This site is optimized with the Yoast SEO plugin v22.5 - https:\/\/yoast.com\/wordpress\/plugins\/seo\/ -->\n<title>Vagney c\u00e9l\u00e8bre les 60 ans du film Les Grandes Gueules : un week-end exceptionnel les 27, 28 et 29 juin - Remiremont Info<\/title>\n<meta name=\"robots\" content=\"index, follow, max-snippet:-1, max-image-preview:large, max-video-preview:-1\" \/>\n<link rel=\"canonical\" href=\"https:\/\/vosgesinfo.fr\/remiremontinfo\/2025\/05\/vagney-celebre-les-60-ans-du-film-les-grandes-gueules-un-week-end-exceptionnel-les-27-28-et-29-juin\/\" \/>\n<meta name=\"twitter:card\" content=\"summary_large_image\" \/>\n<meta name=\"twitter:title\" content=\"Vagney c\u00e9l\u00e8bre les 60 ans du film Les Grandes Gueules : un week-end exceptionnel les 27, 28 et 29 juin - Remiremont Info\" \/>\n<meta name=\"twitter:description\" content=\"La commune de Vagney s\u2019appr\u00eate \u00e0 vivre un moment historique et festif : du 27 au 29 juin 2025, tout [&hellip;]\" \/>\n<meta name=\"twitter:image\" content=\"https:\/\/vosgesinfo.fr\/app\/uploads\/sites\/5\/2024\/09\/202306les-grandes-gueules21e5c-w610.jpg\" \/>\n<meta name=\"twitter:creator\" content=\"@VosgesInfo88\" \/>\n<meta name=\"twitter:site\" content=\"@VosgesInfo88\" \/>\n<meta name=\"twitter:label1\" content=\"\u00c9crit par\" \/>\n\t<meta name=\"twitter:data1\" content=\"C.M\" \/>\n\t<meta name=\"twitter:label2\" content=\"Dur\u00e9e de lecture estim\u00e9e\" \/>\n\t<meta name=\"twitter:data2\" content=\"2 minutes\" \/>\n<script type=\"application\/ld+json\" class=\"yoast-schema-graph\">{\"@context\":\"https:\/\/schema.org\",\"@graph\":[{\"@type\":\"Article\",\"@id\":\"https:\/\/vosgesinfo.fr\/remiremontinfo\/2025\/05\/vagney-celebre-les-60-ans-du-film-les-grandes-gueules-un-week-end-exceptionnel-les-27-28-et-29-juin\/#article\",\"isPartOf\":{\"@id\":\"https:\/\/vosgesinfo.fr\/remiremontinfo\/2025\/05\/vagney-celebre-les-60-ans-du-film-les-grandes-gueules-un-week-end-exceptionnel-les-27-28-et-29-juin\/\"},\"author\":{\"name\":\"C.M\",\"@id\":\"https:\/\/vosgesinfo.fr\/remiremontinfo\/#\/schema\/person\/4f38cd3068e342935b7304695c797d08\"},\"headline\":\"Vagney c\u00e9l\u00e8bre les 60 ans du film Les Grandes Gueules : un week-end exceptionnel les 27, 28 et 29 juin\",\"datePublished\":\"2025-05-26T10:00:34+00:00\",\"dateModified\":\"2025-05-26T08:13:51+00:00\",\"mainEntityOfPage\":{\"@id\":\"https:\/\/vosgesinfo.fr\/remiremontinfo\/2025\/05\/vagney-celebre-les-60-ans-du-film-les-grandes-gueules-un-week-end-exceptionnel-les-27-28-et-29-juin\/\"},\"wordCount\":375,\"commentCount\":0,\"publisher\":{\"@id\":\"https:\/\/vosgesinfo.fr\/remiremontinfo\/#organization\"},\"image\":{\"@id\":\"https:\/\/vosgesinfo.fr\/remiremontinfo\/2025\/05\/vagney-celebre-les-60-ans-du-film-les-grandes-gueules-un-week-end-exceptionnel-les-27-28-et-29-juin\/#primaryimage\"},\"thumbnailUrl\":\"https:\/\/vosgesinfo.fr\/app\/uploads\/sites\/5\/2024\/09\/202306les-grandes-gueules21e5c-w610.jpg\",\"keywords\":[\"60 \u00e8me anniversaire Les Grandes Gueules\",\"Les Grandes gueules\",\"vagney\"],\"articleSection\":[\"A la Une\",\"Agenda\",\"cin\u00e9ma\",\"Vagney\",\"Vosges\"],\"inLanguage\":\"fr-FR\",\"potentialAction\":[{\"@type\":\"CommentAction\",\"name\":\"Comment\",\"target\":[\"https:\/\/vosgesinfo.fr\/remiremontinfo\/2025\/05\/vagney-celebre-les-60-ans-du-film-les-grandes-gueules-un-week-end-exceptionnel-les-27-28-et-29-juin\/#respond\"]}]},{\"@type\":\"WebPage\",\"@id\":\"https:\/\/vosgesinfo.fr\/remiremontinfo\/2025\/05\/vagney-celebre-les-60-ans-du-film-les-grandes-gueules-un-week-end-exceptionnel-les-27-28-et-29-juin\/\",\"url\":\"https:\/\/vosgesinfo.fr\/remiremontinfo\/2025\/05\/vagney-celebre-les-60-ans-du-film-les-grandes-gueules-un-week-end-exceptionnel-les-27-28-et-29-juin\/\",\"name\":\"Vagney c\u00e9l\u00e8bre les 60 ans du film Les Grandes Gueules : un week-end exceptionnel les 27, 28 et 29 juin - Remiremont Info\",\"isPartOf\":{\"@id\":\"https:\/\/vosgesinfo.fr\/remiremontinfo\/#website\"},\"primaryImageOfPage\":{\"@id\":\"https:\/\/vosgesinfo.fr\/remiremontinfo\/2025\/05\/vagney-celebre-les-60-ans-du-film-les-grandes-gueules-un-week-end-exceptionnel-les-27-28-et-29-juin\/#primaryimage\"},\"image\":{\"@id\":\"https:\/\/vosgesinfo.fr\/remiremontinfo\/2025\/05\/vagney-celebre-les-60-ans-du-film-les-grandes-gueules-un-week-end-exceptionnel-les-27-28-et-29-juin\/#primaryimage\"},\"thumbnailUrl\":\"https:\/\/vosgesinfo.fr\/app\/uploads\/sites\/5\/2024\/09\/202306les-grandes-gueules21e5c-w610.jpg\",\"datePublished\":\"2025-05-26T10:00:34+00:00\",\"dateModified\":\"2025-05-26T08:13:51+00:00\",\"breadcrumb\":{\"@id\":\"https:\/\/vosgesinfo.fr\/remiremontinfo\/2025\/05\/vagney-celebre-les-60-ans-du-film-les-grandes-gueules-un-week-end-exceptionnel-les-27-28-et-29-juin\/#breadcrumb\"},\"inLanguage\":\"fr-FR\",\"potentialAction\":[{\"@type\":\"ReadAction\",\"target\":[\"https:\/\/vosgesinfo.fr\/remiremontinfo\/2025\/05\/vagney-celebre-les-60-ans-du-film-les-grandes-gueules-un-week-end-exceptionnel-les-27-28-et-29-juin\/\"]}]},{\"@type\":\"ImageObject\",\"inLanguage\":\"fr-FR\",\"@id\":\"https:\/\/vosgesinfo.fr\/remiremontinfo\/2025\/05\/vagney-celebre-les-60-ans-du-film-les-grandes-gueules-un-week-end-exceptionnel-les-27-28-et-29-juin\/#primaryimage\",\"url\":\"https:\/\/vosgesinfo.fr\/app\/uploads\/sites\/5\/2024\/09\/202306les-grandes-gueules21e5c-w610.jpg\",\"contentUrl\":\"https:\/\/vosgesinfo.fr\/app\/uploads\/sites\/5\/2024\/09\/202306les-grandes-gueules21e5c-w610.jpg\",\"width\":610,\"height\":680},{\"@type\":\"BreadcrumbList\",\"@id\":\"https:\/\/vosgesinfo.fr\/remiremontinfo\/2025\/05\/vagney-celebre-les-60-ans-du-film-les-grandes-gueules-un-week-end-exceptionnel-les-27-28-et-29-juin\/#breadcrumb\",\"itemListElement\":[{\"@type\":\"ListItem\",\"position\":1,\"name\":\"Home\",\"item\":\"https:\/\/vosgesinfo.fr\/remiremontinfo\/\"},{\"@type\":\"ListItem\",\"position\":2,\"name\":\"Vagney c\u00e9l\u00e8bre les 60 ans du film Les Grandes Gueules : un week-end exceptionnel les 27, 28 et 29 juin\"}]},{\"@type\":\"WebSite\",\"@id\":\"https:\/\/vosgesinfo.fr\/remiremontinfo\/#website\",\"url\":\"https:\/\/vosgesinfo.fr\/remiremontinfo\/\",\"name\":\"Remiremont Info\",\"description\":\"Toute l&#039;actualit\u00e9 de Remiremont\",\"publisher\":{\"@id\":\"https:\/\/vosgesinfo.fr\/remiremontinfo\/#organization\"},\"alternateName\":\"Toute l'actualit\u00e9 de Remiremont\",\"potentialAction\":[{\"@type\":\"SearchAction\",\"target\":{\"@type\":\"EntryPoint\",\"urlTemplate\":\"https:\/\/vosgesinfo.fr\/remiremontinfo\/?s={search_term_string}\"},\"query-input\":\"required name=search_term_string\"}],\"inLanguage\":\"fr-FR\"},{\"@type\":\"Organization\",\"@id\":\"https:\/\/vosgesinfo.fr\/remiremontinfo\/#organization\",\"name\":\"Remiremont Info\",\"url\":\"https:\/\/vosgesinfo.fr\/remiremontinfo\/\",\"logo\":{\"@type\":\"ImageObject\",\"inLanguage\":\"fr-FR\",\"@id\":\"https:\/\/vosgesinfo.fr\/remiremontinfo\/#\/schema\/logo\/image\/\",\"url\":\"https:\/\/vosgesinfo.fr\/app\/uploads\/sites\/5\/2023\/08\/favicon-remiremontinfo.png\",\"contentUrl\":\"https:\/\/vosgesinfo.fr\/app\/uploads\/sites\/5\/2023\/08\/favicon-remiremontinfo.png\",\"width\":512,\"height\":512,\"caption\":\"Remiremont Info\"},\"image\":{\"@id\":\"https:\/\/vosgesinfo.fr\/remiremontinfo\/#\/schema\/logo\/image\/\"},\"sameAs\":[\"https:\/\/www.facebook.com\/remiremontinfo\",\"https:\/\/x.com\/VosgesInfo88\",\"https:\/\/www.youtube.com\/@vosgesinfo\"]},{\"@type\":\"Person\",\"@id\":\"https:\/\/vosgesinfo.fr\/remiremontinfo\/#\/schema\/person\/4f38cd3068e342935b7304695c797d08\",\"name\":\"C.M\",\"image\":{\"@type\":\"ImageObject\",\"inLanguage\":\"fr-FR\",\"@id\":\"https:\/\/vosgesinfo.fr\/remiremontinfo\/#\/schema\/person\/image\/\",\"url\":\"https:\/\/secure.gravatar.com\/avatar\/fe9daaef0164d920717484172682f3c5c9bcf7d42aa8c7048c76c34f0eb6c8da?s=96&d=mm&r=g\",\"contentUrl\":\"https:\/\/secure.gravatar.com\/avatar\/fe9daaef0164d920717484172682f3c5c9bcf7d42aa8c7048c76c34f0eb6c8da?s=96&d=mm&r=g\",\"caption\":\"C.M\"},\"url\":\"https:\/\/vosgesinfo.fr\/remiremontinfo\/author\/cm88200\/\"}]}<\/script>\n<!-- \/ Yoast SEO plugin. -->","yoast_head_json":{"title":"Vagney c\u00e9l\u00e8bre les 60 ans du film Les Grandes Gueules : un week-end exceptionnel les 27, 28 et 29 juin - Remiremont Info","robots":{"index":"index","follow":"follow","max-snippet":"max-snippet:-1","max-image-preview":"max-image-preview:large","max-video-preview":"max-video-preview:-1"},"canonical":"https:\/\/vosgesinfo.fr\/remiremontinfo\/2025\/05\/vagney-celebre-les-60-ans-du-film-les-grandes-gueules-un-week-end-exceptionnel-les-27-28-et-29-juin\/","twitter_card":"summary_large_image","twitter_title":"Vagney c\u00e9l\u00e8bre les 60 ans du film Les Grandes Gueules : un week-end exceptionnel les 27, 28 et 29 juin - Remiremont Info","twitter_description":"La commune de Vagney s\u2019appr\u00eate \u00e0 vivre un moment historique et festif : du 27 au 29 juin 2025, tout [&hellip;]","twitter_image":"https:\/\/vosgesinfo.fr\/app\/uploads\/sites\/5\/2024\/09\/202306les-grandes-gueules21e5c-w610.jpg","twitter_creator":"@VosgesInfo88","twitter_site":"@VosgesInfo88","twitter_misc":{"\u00c9crit par":"C.M","Dur\u00e9e de lecture estim\u00e9e":"2 minutes"},"schema":{"@context":"https:\/\/schema.org","@graph":[{"@type":"Article","@id":"https:\/\/vosgesinfo.fr\/remiremontinfo\/2025\/05\/vagney-celebre-les-60-ans-du-film-les-grandes-gueules-un-week-end-exceptionnel-les-27-28-et-29-juin\/#article","isPartOf":{"@id":"https:\/\/vosgesinfo.fr\/remiremontinfo\/2025\/05\/vagney-celebre-les-60-ans-du-film-les-grandes-gueules-un-week-end-exceptionnel-les-27-28-et-29-juin\/"},"author":{"name":"C.M","@id":"https:\/\/vosgesinfo.fr\/remiremontinfo\/#\/schema\/person\/4f38cd3068e342935b7304695c797d08"},"headline":"Vagney c\u00e9l\u00e8bre les 60 ans du film Les Grandes Gueules : un week-end exceptionnel les 27, 28 et 29 juin","datePublished":"2025-05-26T10:00:34+00:00","dateModified":"2025-05-26T08:13:51+00:00","mainEntityOfPage":{"@id":"https:\/\/vosgesinfo.fr\/remiremontinfo\/2025\/05\/vagney-celebre-les-60-ans-du-film-les-grandes-gueules-un-week-end-exceptionnel-les-27-28-et-29-juin\/"},"wordCount":375,"commentCount":0,"publisher":{"@id":"https:\/\/vosgesinfo.fr\/remiremontinfo\/#organization"},"image":{"@id":"https:\/\/vosgesinfo.fr\/remiremontinfo\/2025\/05\/vagney-celebre-les-60-ans-du-film-les-grandes-gueules-un-week-end-exceptionnel-les-27-28-et-29-juin\/#primaryimage"},"thumbnailUrl":"https:\/\/vosgesinfo.fr\/app\/uploads\/sites\/5\/2024\/09\/202306les-grandes-gueules21e5c-w610.jpg","keywords":["60 \u00e8me anniversaire Les Grandes Gueules","Les Grandes gueules","vagney"],"articleSection":["A la Une","Agenda","cin\u00e9ma","Vagney","Vosges"],"inLanguage":"fr-FR","potentialAction":[{"@type":"CommentAction","name":"Comment","target":["https:\/\/vosgesinfo.fr\/remiremontinfo\/2025\/05\/vagney-celebre-les-60-ans-du-film-les-grandes-gueules-un-week-end-exceptionnel-les-27-28-et-29-juin\/#respond"]}]},{"@type":"WebPage","@id":"https:\/\/vosgesinfo.fr\/remiremontinfo\/2025\/05\/vagney-celebre-les-60-ans-du-film-les-grandes-gueules-un-week-end-exceptionnel-les-27-28-et-29-juin\/","url":"https:\/\/vosgesinfo.fr\/remiremontinfo\/2025\/05\/vagney-celebre-les-60-ans-du-film-les-grandes-gueules-un-week-end-exceptionnel-les-27-28-et-29-juin\/","name":"Vagney c\u00e9l\u00e8bre les 60 ans du film Les Grandes Gueules : un week-end exceptionnel les 27, 28 et 29 juin - Remiremont Info","isPartOf":{"@id":"https:\/\/vosgesinfo.fr\/remiremontinfo\/#website"},"primaryImageOfPage":{"@id":"https:\/\/vosgesinfo.fr\/remiremontinfo\/2025\/05\/vagney-celebre-les-60-ans-du-film-les-grandes-gueules-un-week-end-exceptionnel-les-27-28-et-29-juin\/#primaryimage"},"image":{"@id":"https:\/\/vosgesinfo.fr\/remiremontinfo\/2025\/05\/vagney-celebre-les-60-ans-du-film-les-grandes-gueules-un-week-end-exceptionnel-les-27-28-et-29-juin\/#primaryimage"},"thumbnailUrl":"https:\/\/vosgesinfo.fr\/app\/uploads\/sites\/5\/2024\/09\/202306les-grandes-gueules21e5c-w610.jpg","datePublished":"2025-05-26T10:00:34+00:00","dateModified":"2025-05-26T08:13:51+00:00","breadcrumb":{"@id":"https:\/\/vosgesinfo.fr\/remiremontinfo\/2025\/05\/vagney-celebre-les-60-ans-du-film-les-grandes-gueules-un-week-end-exceptionnel-les-27-28-et-29-juin\/#breadcrumb"},"inLanguage":"fr-FR","potentialAction":[{"@type":"ReadAction","target":["https:\/\/vosgesinfo.fr\/remiremontinfo\/2025\/05\/vagney-celebre-les-60-ans-du-film-les-grandes-gueules-un-week-end-exceptionnel-les-27-28-et-29-juin\/"]}]},{"@type":"ImageObject","inLanguage":"fr-FR","@id":"https:\/\/vosgesinfo.fr\/remiremontinfo\/2025\/05\/vagney-celebre-les-60-ans-du-film-les-grandes-gueules-un-week-end-exceptionnel-les-27-28-et-29-juin\/#primaryimage","url":"https:\/\/vosgesinfo.fr\/app\/uploads\/sites\/5\/2024\/09\/202306les-grandes-gueules21e5c-w610.jpg","contentUrl":"https:\/\/vosgesinfo.fr\/app\/uploads\/sites\/5\/2024\/09\/202306les-grandes-gueules21e5c-w610.jpg","width":610,"height":680},{"@type":"BreadcrumbList","@id":"https:\/\/vosgesinfo.fr\/remiremontinfo\/2025\/05\/vagney-celebre-les-60-ans-du-film-les-grandes-gueules-un-week-end-exceptionnel-les-27-28-et-29-juin\/#breadcrumb","itemListElement":[{"@type":"ListItem","position":1,"name":"Home","item":"https:\/\/vosgesinfo.fr\/remiremontinfo\/"},{"@type":"ListItem","position":2,"name":"Vagney c\u00e9l\u00e8bre les 60 ans du film Les Grandes Gueules : un week-end exceptionnel les 27, 28 et 29 juin"}]},{"@type":"WebSite","@id":"https:\/\/vosgesinfo.fr\/remiremontinfo\/#website","url":"https:\/\/vosgesinfo.fr\/remiremontinfo\/","name":"Remiremont Info","description":"Toute l&#039;actualit\u00e9 de Remiremont","publisher":{"@id":"https:\/\/vosgesinfo.fr\/remiremontinfo\/#organization"},"alternateName":"Toute l'actualit\u00e9 de Remiremont","potentialAction":[{"@type":"SearchAction","target":{"@type":"EntryPoint","urlTemplate":"https:\/\/vosgesinfo.fr\/remiremontinfo\/?s={search_term_string}"},"query-input":"required name=search_term_string"}],"inLanguage":"fr-FR"},{"@type":"Organization","@id":"https:\/\/vosgesinfo.fr\/remiremontinfo\/#organization","name":"Remiremont Info","url":"https:\/\/vosgesinfo.fr\/remiremontinfo\/","logo":{"@type":"ImageObject","inLanguage":"fr-FR","@id":"https:\/\/vosgesinfo.fr\/remiremontinfo\/#\/schema\/logo\/image\/","url":"https:\/\/vosgesinfo.fr\/app\/uploads\/sites\/5\/2023\/08\/favicon-remiremontinfo.png","contentUrl":"https:\/\/vosgesinfo.fr\/app\/uploads\/sites\/5\/2023\/08\/favicon-remiremontinfo.png","width":512,"height":512,"caption":"Remiremont Info"},"image":{"@id":"https:\/\/vosgesinfo.fr\/remiremontinfo\/#\/schema\/logo\/image\/"},"sameAs":["https:\/\/www.facebook.com\/remiremontinfo","https:\/\/x.com\/VosgesInfo88","https:\/\/www.youtube.com\/@vosgesinfo"]},{"@type":"Person","@id":"https:\/\/vosgesinfo.fr\/remiremontinfo\/#\/schema\/person\/4f38cd3068e342935b7304695c797d08","name":"C.M","image":{"@type":"ImageObject","inLanguage":"fr-FR","@id":"https:\/\/vosgesinfo.fr\/remiremontinfo\/#\/schema\/person\/image\/","url":"https:\/\/secure.gravatar.com\/avatar\/fe9daaef0164d920717484172682f3c5c9bcf7d42aa8c7048c76c34f0eb6c8da?s=96&d=mm&r=g","contentUrl":"https:\/\/secure.gravatar.com\/avatar\/fe9daaef0164d920717484172682f3c5c9bcf7d42aa8c7048c76c34f0eb6c8da?s=96&d=mm&r=g","caption":"C.M"},"url":"https:\/\/vosgesinfo.fr\/remiremontinfo\/author\/cm88200\/"}]}},"_links":{"self":[{"href":"https:\/\/vosgesinfo.fr\/remiremontinfo\/wp-json\/wp\/v2\/posts\/82159","targetHints":{"allow":["GET"]}}],"collection":[{"href":"https:\/\/vosgesinfo.fr\/remiremontinfo\/wp-json\/wp\/v2\/posts"}],"about":[{"href":"https:\/\/vosgesinfo.fr\/remiremontinfo\/wp-json\/wp\/v2\/types\/post"}],"author":[{"embeddable":true,"href":"https:\/\/vosgesinfo.fr\/remiremontinfo\/wp-json\/wp\/v2\/users\/418"}],"replies":[{"embeddable":true,"href":"https:\/\/vosgesinfo.fr\/remiremontinfo\/wp-json\/wp\/v2\/comments?post=82159"}],"version-history":[{"count":2,"href":"https:\/\/vosgesinfo.fr\/remiremontinfo\/wp-json\/wp\/v2\/posts\/82159\/revisions"}],"predecessor-version":[{"id":82161,"href":"https:\/\/vosgesinfo.fr\/remiremontinfo\/wp-json\/wp\/v2\/posts\/82159\/revisions\/82161"}],"wp:featuredmedia":[{"embeddable":true,"href":"https:\/\/vosgesinfo.fr\/remiremontinfo\/wp-json\/wp\/v2\/media\/72028"}],"wp:attachment":[{"href":"https:\/\/vosgesinfo.fr\/remiremontinfo\/wp-json\/wp\/v2\/media?parent=82159"}],"wp:term":[{"taxonomy":"category","embeddable":true,"href":"https:\/\/vosgesinfo.fr\/remiremontinfo\/wp-json\/wp\/v2\/categories?post=82159"},{"taxonomy":"post_tag","embeddable":true,"href":"https:\/\/vosgesinfo.fr\/remiremontinfo\/wp-json\/wp\/v2\/tags?post=82159"}],"curies":[{"name":"wp","href":"https:\/\/api.w.org\/{rel}","templated":true}]}}