{"id":82162,"date":"2025-05-26T11:15:42","date_gmt":"2025-05-26T09:15:42","guid":{"rendered":"https:\/\/vosgesinfo.fr\/remiremontinfo\/?p=82162"},"modified":"2025-05-26T10:38:42","modified_gmt":"2025-05-26T08:38:42","slug":"un-moment-musical-dexception-a-leglise-de-pouxeux-vivaldi-et-piazzolla-a-lhonneur","status":"publish","type":"post","link":"https:\/\/vosgesinfo.fr\/remiremontinfo\/2025\/05\/un-moment-musical-dexception-a-leglise-de-pouxeux-vivaldi-et-piazzolla-a-lhonneur\/","title":{"rendered":"Un moment musical d\u2019exception \u00e0 l\u2019\u00e9glise de Pouxeux : Vivaldi et Piazzolla \u00e0 l\u2019honneur"},"content":{"rendered":"<p data-start=\"201\" data-end=\"619\"><a href=\"https:\/\/vosgesinfo.fr\/app\/uploads\/sites\/5\/2025\/05\/concert-pouxeux-scaled.jpg\"><img decoding=\"async\" class=\"aligncenter size-full wp-image-82163\" src=\"https:\/\/vosgesinfo.fr\/app\/uploads\/sites\/5\/2025\/05\/concert-pouxeux-scaled.jpg\" alt=\"\" width=\"2560\" height=\"1920\" srcset=\"https:\/\/vosgesinfo.fr\/app\/uploads\/sites\/5\/2025\/05\/concert-pouxeux-scaled.jpg 2560w, https:\/\/vosgesinfo.fr\/app\/uploads\/sites\/5\/2025\/05\/concert-pouxeux-300x225.jpg 300w, https:\/\/vosgesinfo.fr\/app\/uploads\/sites\/5\/2025\/05\/concert-pouxeux-1024x768.jpg 1024w, https:\/\/vosgesinfo.fr\/app\/uploads\/sites\/5\/2025\/05\/concert-pouxeux-768x576.jpg 768w, https:\/\/vosgesinfo.fr\/app\/uploads\/sites\/5\/2025\/05\/concert-pouxeux-1536x1152.jpg 1536w, https:\/\/vosgesinfo.fr\/app\/uploads\/sites\/5\/2025\/05\/concert-pouxeux-2048x1536.jpg 2048w\" sizes=\"(max-width: 2560px) 100vw, 2560px\" \/><\/a><\/p>\n<p data-start=\"201\" data-end=\"619\"><strong>Ce samedi 24 mai, l\u2019\u00e9glise Saints-Gorgon-et-Nabord de Pouxeux a accueilli un concert d\u2019exception intitul\u00e9 4(+4) Saisons, organis\u00e9 par l\u2019orchestre La Belle Image, en pr\u00e9sence de Michel Heinrich. Un programme original et puissant, alliant deux \u0153uvres majeures du r\u00e9pertoire classique et contemporain : Les Quatre Saisons d\u2019Antonio Vivaldi et Les Quatre Saisons de Buenos Aires d\u2019Astor Piazzolla.<\/strong><\/p>\n<p data-start=\"621\" data-end=\"1014\">Le public venu nombreux a pu savourer cette rencontre musicale in\u00e9dite entre la fougue baroque italienne et la passion du tango nuevo argentin. Si les saisons de Vivaldi restent un sommet de la musique classique, \u00e9clatantes d\u2019\u00e9nergie et de lyrisme, celles de Piazzolla offrent un contraste saisissant : une musique sensuelle, teint\u00e9e de m\u00e9lancolie, au rythme envo\u00fbtant de Buenos Aires.<\/p>\n<p data-start=\"1016\" data-end=\"1390\">La soir\u00e9e a \u00e9t\u00e9 sublim\u00e9e par la pr\u00e9sence de la violoniste Anna G\u00f6ckel, artiste associ\u00e9e \u00e0 la saison 2022-2023 de l\u2019orchestre, salu\u00e9e pour sa virtuosit\u00e9 et sa profonde sensibilit\u00e9. Elle a su faire vibrer les murs de l\u2019\u00e9glise par son interpr\u00e9tation juste et poignante, emportant l\u2019auditoire dans un voyage musical riche en \u00e9motions, entre tradition et modernit\u00e9.<\/p>\n<h3 data-start=\"1397\" data-end=\"1463\">Une derni\u00e8re chance de d\u00e9couvrir ce concert exceptionnel !<\/h3>\n<p data-start=\"1465\" data-end=\"1626\">Mardi 27 mai \u00e0 20h, le concert sera donn\u00e9 une derni\u00e8re fois \u00e0 l\u2019\u00e9glise de Dogneville.<br data-start=\"1561\" data-end=\"1564\" \/>Tarif : 5 euros, gratuit pour les moins de 12 ans.<\/p>\n<p data-start=\"1628\" data-end=\"1756\">Une occasion \u00e0 ne pas manquer pour les amateurs de musique classique, de tango, ou tout simplement de belles \u00e9motions musicales.<\/p>\n","protected":false},"excerpt":{"rendered":"<p>Ce samedi 24 mai, l\u2019\u00e9glise Saints-Gorgon-et-Nabord de Pouxeux a accueilli un concert d\u2019exception intitul\u00e9 4(+4) Saisons, organis\u00e9 par l\u2019orchestre La [&hellip;]<\/p>\n","protected":false},"author":418,"featured_media":82163,"comment_status":"open","ping_status":"open","sticky":false,"template":"","format":"standard","meta":{"footnotes":""},"categories":[26,108,106],"tags":[7968,107],"class_list":["post-82162","post","type-post","status-publish","format-standard","has-post-thumbnail","hentry","category-a-la-une","category-epinal","category-pouxeux","tag-orchestre-la-belle-image","tag-pouxeux"],"acf":[],"yoast_head":"<!-- This site is optimized with the Yoast SEO plugin v22.5 - https:\/\/yoast.com\/wordpress\/plugins\/seo\/ -->\n<title>Un moment musical d\u2019exception \u00e0 l\u2019\u00e9glise de Pouxeux : Vivaldi et Piazzolla \u00e0 l\u2019honneur - Remiremont Info<\/title>\n<meta name=\"robots\" content=\"index, follow, max-snippet:-1, max-image-preview:large, max-video-preview:-1\" \/>\n<link rel=\"canonical\" href=\"https:\/\/vosgesinfo.fr\/remiremontinfo\/2025\/05\/un-moment-musical-dexception-a-leglise-de-pouxeux-vivaldi-et-piazzolla-a-lhonneur\/\" \/>\n<meta name=\"twitter:card\" content=\"summary_large_image\" \/>\n<meta name=\"twitter:title\" content=\"Un moment musical d\u2019exception \u00e0 l\u2019\u00e9glise de Pouxeux : Vivaldi et Piazzolla \u00e0 l\u2019honneur - Remiremont Info\" \/>\n<meta name=\"twitter:description\" content=\"Ce samedi 24 mai, l\u2019\u00e9glise Saints-Gorgon-et-Nabord de Pouxeux a accueilli un concert d\u2019exception intitul\u00e9 4(+4) Saisons, organis\u00e9 par l\u2019orchestre La [&hellip;]\" \/>\n<meta name=\"twitter:image\" content=\"https:\/\/vosgesinfo.fr\/app\/uploads\/sites\/5\/2025\/05\/concert-pouxeux-scaled.jpg\" \/>\n<meta name=\"twitter:creator\" content=\"@VosgesInfo88\" \/>\n<meta name=\"twitter:site\" content=\"@VosgesInfo88\" \/>\n<meta name=\"twitter:label1\" content=\"\u00c9crit par\" \/>\n\t<meta name=\"twitter:data1\" content=\"C.M\" \/>\n\t<meta name=\"twitter:label2\" content=\"Dur\u00e9e de lecture estim\u00e9e\" \/>\n\t<meta name=\"twitter:data2\" content=\"1 minute\" \/>\n<script type=\"application\/ld+json\" class=\"yoast-schema-graph\">{\"@context\":\"https:\/\/schema.org\",\"@graph\":[{\"@type\":\"Article\",\"@id\":\"https:\/\/vosgesinfo.fr\/remiremontinfo\/2025\/05\/un-moment-musical-dexception-a-leglise-de-pouxeux-vivaldi-et-piazzolla-a-lhonneur\/#article\",\"isPartOf\":{\"@id\":\"https:\/\/vosgesinfo.fr\/remiremontinfo\/2025\/05\/un-moment-musical-dexception-a-leglise-de-pouxeux-vivaldi-et-piazzolla-a-lhonneur\/\"},\"author\":{\"name\":\"C.M\",\"@id\":\"https:\/\/vosgesinfo.fr\/remiremontinfo\/#\/schema\/person\/4f38cd3068e342935b7304695c797d08\"},\"headline\":\"Un moment musical d\u2019exception \u00e0 l\u2019\u00e9glise de Pouxeux : Vivaldi et Piazzolla \u00e0 l\u2019honneur\",\"datePublished\":\"2025-05-26T09:15:42+00:00\",\"dateModified\":\"2025-05-26T08:38:42+00:00\",\"mainEntityOfPage\":{\"@id\":\"https:\/\/vosgesinfo.fr\/remiremontinfo\/2025\/05\/un-moment-musical-dexception-a-leglise-de-pouxeux-vivaldi-et-piazzolla-a-lhonneur\/\"},\"wordCount\":257,\"commentCount\":0,\"publisher\":{\"@id\":\"https:\/\/vosgesinfo.fr\/remiremontinfo\/#organization\"},\"image\":{\"@id\":\"https:\/\/vosgesinfo.fr\/remiremontinfo\/2025\/05\/un-moment-musical-dexception-a-leglise-de-pouxeux-vivaldi-et-piazzolla-a-lhonneur\/#primaryimage\"},\"thumbnailUrl\":\"https:\/\/vosgesinfo.fr\/app\/uploads\/sites\/5\/2025\/05\/concert-pouxeux-scaled.jpg\",\"keywords\":[\"Orchestre La Belle Image\",\"Pouxeux\"],\"articleSection\":[\"A la Une\",\"Epinal\",\"Pouxeux\"],\"inLanguage\":\"fr-FR\",\"potentialAction\":[{\"@type\":\"CommentAction\",\"name\":\"Comment\",\"target\":[\"https:\/\/vosgesinfo.fr\/remiremontinfo\/2025\/05\/un-moment-musical-dexception-a-leglise-de-pouxeux-vivaldi-et-piazzolla-a-lhonneur\/#respond\"]}]},{\"@type\":\"WebPage\",\"@id\":\"https:\/\/vosgesinfo.fr\/remiremontinfo\/2025\/05\/un-moment-musical-dexception-a-leglise-de-pouxeux-vivaldi-et-piazzolla-a-lhonneur\/\",\"url\":\"https:\/\/vosgesinfo.fr\/remiremontinfo\/2025\/05\/un-moment-musical-dexception-a-leglise-de-pouxeux-vivaldi-et-piazzolla-a-lhonneur\/\",\"name\":\"Un moment musical d\u2019exception \u00e0 l\u2019\u00e9glise de Pouxeux : Vivaldi et Piazzolla \u00e0 l\u2019honneur - Remiremont Info\",\"isPartOf\":{\"@id\":\"https:\/\/vosgesinfo.fr\/remiremontinfo\/#website\"},\"primaryImageOfPage\":{\"@id\":\"https:\/\/vosgesinfo.fr\/remiremontinfo\/2025\/05\/un-moment-musical-dexception-a-leglise-de-pouxeux-vivaldi-et-piazzolla-a-lhonneur\/#primaryimage\"},\"image\":{\"@id\":\"https:\/\/vosgesinfo.fr\/remiremontinfo\/2025\/05\/un-moment-musical-dexception-a-leglise-de-pouxeux-vivaldi-et-piazzolla-a-lhonneur\/#primaryimage\"},\"thumbnailUrl\":\"https:\/\/vosgesinfo.fr\/app\/uploads\/sites\/5\/2025\/05\/concert-pouxeux-scaled.jpg\",\"datePublished\":\"2025-05-26T09:15:42+00:00\",\"dateModified\":\"2025-05-26T08:38:42+00:00\",\"breadcrumb\":{\"@id\":\"https:\/\/vosgesinfo.fr\/remiremontinfo\/2025\/05\/un-moment-musical-dexception-a-leglise-de-pouxeux-vivaldi-et-piazzolla-a-lhonneur\/#breadcrumb\"},\"inLanguage\":\"fr-FR\",\"potentialAction\":[{\"@type\":\"ReadAction\",\"target\":[\"https:\/\/vosgesinfo.fr\/remiremontinfo\/2025\/05\/un-moment-musical-dexception-a-leglise-de-pouxeux-vivaldi-et-piazzolla-a-lhonneur\/\"]}]},{\"@type\":\"ImageObject\",\"inLanguage\":\"fr-FR\",\"@id\":\"https:\/\/vosgesinfo.fr\/remiremontinfo\/2025\/05\/un-moment-musical-dexception-a-leglise-de-pouxeux-vivaldi-et-piazzolla-a-lhonneur\/#primaryimage\",\"url\":\"https:\/\/vosgesinfo.fr\/app\/uploads\/sites\/5\/2025\/05\/concert-pouxeux-scaled.jpg\",\"contentUrl\":\"https:\/\/vosgesinfo.fr\/app\/uploads\/sites\/5\/2025\/05\/concert-pouxeux-scaled.jpg\",\"width\":2560,\"height\":1920},{\"@type\":\"BreadcrumbList\",\"@id\":\"https:\/\/vosgesinfo.fr\/remiremontinfo\/2025\/05\/un-moment-musical-dexception-a-leglise-de-pouxeux-vivaldi-et-piazzolla-a-lhonneur\/#breadcrumb\",\"itemListElement\":[{\"@type\":\"ListItem\",\"position\":1,\"name\":\"Home\",\"item\":\"https:\/\/vosgesinfo.fr\/remiremontinfo\/\"},{\"@type\":\"ListItem\",\"position\":2,\"name\":\"Un moment musical d\u2019exception \u00e0 l\u2019\u00e9glise de Pouxeux : Vivaldi et Piazzolla \u00e0 l\u2019honneur\"}]},{\"@type\":\"WebSite\",\"@id\":\"https:\/\/vosgesinfo.fr\/remiremontinfo\/#website\",\"url\":\"https:\/\/vosgesinfo.fr\/remiremontinfo\/\",\"name\":\"Remiremont Info\",\"description\":\"Toute l&#039;actualit\u00e9 de Remiremont\",\"publisher\":{\"@id\":\"https:\/\/vosgesinfo.fr\/remiremontinfo\/#organization\"},\"alternateName\":\"Toute l'actualit\u00e9 de Remiremont\",\"potentialAction\":[{\"@type\":\"SearchAction\",\"target\":{\"@type\":\"EntryPoint\",\"urlTemplate\":\"https:\/\/vosgesinfo.fr\/remiremontinfo\/?s={search_term_string}\"},\"query-input\":\"required name=search_term_string\"}],\"inLanguage\":\"fr-FR\"},{\"@type\":\"Organization\",\"@id\":\"https:\/\/vosgesinfo.fr\/remiremontinfo\/#organization\",\"name\":\"Remiremont Info\",\"url\":\"https:\/\/vosgesinfo.fr\/remiremontinfo\/\",\"logo\":{\"@type\":\"ImageObject\",\"inLanguage\":\"fr-FR\",\"@id\":\"https:\/\/vosgesinfo.fr\/remiremontinfo\/#\/schema\/logo\/image\/\",\"url\":\"https:\/\/vosgesinfo.fr\/app\/uploads\/sites\/5\/2023\/08\/favicon-remiremontinfo.png\",\"contentUrl\":\"https:\/\/vosgesinfo.fr\/app\/uploads\/sites\/5\/2023\/08\/favicon-remiremontinfo.png\",\"width\":512,\"height\":512,\"caption\":\"Remiremont Info\"},\"image\":{\"@id\":\"https:\/\/vosgesinfo.fr\/remiremontinfo\/#\/schema\/logo\/image\/\"},\"sameAs\":[\"https:\/\/www.facebook.com\/remiremontinfo\",\"https:\/\/x.com\/VosgesInfo88\",\"https:\/\/www.youtube.com\/@vosgesinfo\"]},{\"@type\":\"Person\",\"@id\":\"https:\/\/vosgesinfo.fr\/remiremontinfo\/#\/schema\/person\/4f38cd3068e342935b7304695c797d08\",\"name\":\"C.M\",\"image\":{\"@type\":\"ImageObject\",\"inLanguage\":\"fr-FR\",\"@id\":\"https:\/\/vosgesinfo.fr\/remiremontinfo\/#\/schema\/person\/image\/\",\"url\":\"https:\/\/secure.gravatar.com\/avatar\/fe9daaef0164d920717484172682f3c5c9bcf7d42aa8c7048c76c34f0eb6c8da?s=96&d=mm&r=g\",\"contentUrl\":\"https:\/\/secure.gravatar.com\/avatar\/fe9daaef0164d920717484172682f3c5c9bcf7d42aa8c7048c76c34f0eb6c8da?s=96&d=mm&r=g\",\"caption\":\"C.M\"},\"url\":\"https:\/\/vosgesinfo.fr\/remiremontinfo\/author\/cm88200\/\"}]}<\/script>\n<!-- \/ Yoast SEO plugin. -->","yoast_head_json":{"title":"Un moment musical d\u2019exception \u00e0 l\u2019\u00e9glise de Pouxeux : Vivaldi et Piazzolla \u00e0 l\u2019honneur - Remiremont Info","robots":{"index":"index","follow":"follow","max-snippet":"max-snippet:-1","max-image-preview":"max-image-preview:large","max-video-preview":"max-video-preview:-1"},"canonical":"https:\/\/vosgesinfo.fr\/remiremontinfo\/2025\/05\/un-moment-musical-dexception-a-leglise-de-pouxeux-vivaldi-et-piazzolla-a-lhonneur\/","twitter_card":"summary_large_image","twitter_title":"Un moment musical d\u2019exception \u00e0 l\u2019\u00e9glise de Pouxeux : Vivaldi et Piazzolla \u00e0 l\u2019honneur - Remiremont Info","twitter_description":"Ce samedi 24 mai, l\u2019\u00e9glise Saints-Gorgon-et-Nabord de Pouxeux a accueilli un concert d\u2019exception intitul\u00e9 4(+4) Saisons, organis\u00e9 par l\u2019orchestre La [&hellip;]","twitter_image":"https:\/\/vosgesinfo.fr\/app\/uploads\/sites\/5\/2025\/05\/concert-pouxeux-scaled.jpg","twitter_creator":"@VosgesInfo88","twitter_site":"@VosgesInfo88","twitter_misc":{"\u00c9crit par":"C.M","Dur\u00e9e de lecture estim\u00e9e":"1 minute"},"schema":{"@context":"https:\/\/schema.org","@graph":[{"@type":"Article","@id":"https:\/\/vosgesinfo.fr\/remiremontinfo\/2025\/05\/un-moment-musical-dexception-a-leglise-de-pouxeux-vivaldi-et-piazzolla-a-lhonneur\/#article","isPartOf":{"@id":"https:\/\/vosgesinfo.fr\/remiremontinfo\/2025\/05\/un-moment-musical-dexception-a-leglise-de-pouxeux-vivaldi-et-piazzolla-a-lhonneur\/"},"author":{"name":"C.M","@id":"https:\/\/vosgesinfo.fr\/remiremontinfo\/#\/schema\/person\/4f38cd3068e342935b7304695c797d08"},"headline":"Un moment musical d\u2019exception \u00e0 l\u2019\u00e9glise de Pouxeux : Vivaldi et Piazzolla \u00e0 l\u2019honneur","datePublished":"2025-05-26T09:15:42+00:00","dateModified":"2025-05-26T08:38:42+00:00","mainEntityOfPage":{"@id":"https:\/\/vosgesinfo.fr\/remiremontinfo\/2025\/05\/un-moment-musical-dexception-a-leglise-de-pouxeux-vivaldi-et-piazzolla-a-lhonneur\/"},"wordCount":257,"commentCount":0,"publisher":{"@id":"https:\/\/vosgesinfo.fr\/remiremontinfo\/#organization"},"image":{"@id":"https:\/\/vosgesinfo.fr\/remiremontinfo\/2025\/05\/un-moment-musical-dexception-a-leglise-de-pouxeux-vivaldi-et-piazzolla-a-lhonneur\/#primaryimage"},"thumbnailUrl":"https:\/\/vosgesinfo.fr\/app\/uploads\/sites\/5\/2025\/05\/concert-pouxeux-scaled.jpg","keywords":["Orchestre La Belle Image","Pouxeux"],"articleSection":["A la Une","Epinal","Pouxeux"],"inLanguage":"fr-FR","potentialAction":[{"@type":"CommentAction","name":"Comment","target":["https:\/\/vosgesinfo.fr\/remiremontinfo\/2025\/05\/un-moment-musical-dexception-a-leglise-de-pouxeux-vivaldi-et-piazzolla-a-lhonneur\/#respond"]}]},{"@type":"WebPage","@id":"https:\/\/vosgesinfo.fr\/remiremontinfo\/2025\/05\/un-moment-musical-dexception-a-leglise-de-pouxeux-vivaldi-et-piazzolla-a-lhonneur\/","url":"https:\/\/vosgesinfo.fr\/remiremontinfo\/2025\/05\/un-moment-musical-dexception-a-leglise-de-pouxeux-vivaldi-et-piazzolla-a-lhonneur\/","name":"Un moment musical d\u2019exception \u00e0 l\u2019\u00e9glise de Pouxeux : Vivaldi et Piazzolla \u00e0 l\u2019honneur - Remiremont Info","isPartOf":{"@id":"https:\/\/vosgesinfo.fr\/remiremontinfo\/#website"},"primaryImageOfPage":{"@id":"https:\/\/vosgesinfo.fr\/remiremontinfo\/2025\/05\/un-moment-musical-dexception-a-leglise-de-pouxeux-vivaldi-et-piazzolla-a-lhonneur\/#primaryimage"},"image":{"@id":"https:\/\/vosgesinfo.fr\/remiremontinfo\/2025\/05\/un-moment-musical-dexception-a-leglise-de-pouxeux-vivaldi-et-piazzolla-a-lhonneur\/#primaryimage"},"thumbnailUrl":"https:\/\/vosgesinfo.fr\/app\/uploads\/sites\/5\/2025\/05\/concert-pouxeux-scaled.jpg","datePublished":"2025-05-26T09:15:42+00:00","dateModified":"2025-05-26T08:38:42+00:00","breadcrumb":{"@id":"https:\/\/vosgesinfo.fr\/remiremontinfo\/2025\/05\/un-moment-musical-dexception-a-leglise-de-pouxeux-vivaldi-et-piazzolla-a-lhonneur\/#breadcrumb"},"inLanguage":"fr-FR","potentialAction":[{"@type":"ReadAction","target":["https:\/\/vosgesinfo.fr\/remiremontinfo\/2025\/05\/un-moment-musical-dexception-a-leglise-de-pouxeux-vivaldi-et-piazzolla-a-lhonneur\/"]}]},{"@type":"ImageObject","inLanguage":"fr-FR","@id":"https:\/\/vosgesinfo.fr\/remiremontinfo\/2025\/05\/un-moment-musical-dexception-a-leglise-de-pouxeux-vivaldi-et-piazzolla-a-lhonneur\/#primaryimage","url":"https:\/\/vosgesinfo.fr\/app\/uploads\/sites\/5\/2025\/05\/concert-pouxeux-scaled.jpg","contentUrl":"https:\/\/vosgesinfo.fr\/app\/uploads\/sites\/5\/2025\/05\/concert-pouxeux-scaled.jpg","width":2560,"height":1920},{"@type":"BreadcrumbList","@id":"https:\/\/vosgesinfo.fr\/remiremontinfo\/2025\/05\/un-moment-musical-dexception-a-leglise-de-pouxeux-vivaldi-et-piazzolla-a-lhonneur\/#breadcrumb","itemListElement":[{"@type":"ListItem","position":1,"name":"Home","item":"https:\/\/vosgesinfo.fr\/remiremontinfo\/"},{"@type":"ListItem","position":2,"name":"Un moment musical d\u2019exception \u00e0 l\u2019\u00e9glise de Pouxeux : Vivaldi et Piazzolla \u00e0 l\u2019honneur"}]},{"@type":"WebSite","@id":"https:\/\/vosgesinfo.fr\/remiremontinfo\/#website","url":"https:\/\/vosgesinfo.fr\/remiremontinfo\/","name":"Remiremont Info","description":"Toute l&#039;actualit\u00e9 de Remiremont","publisher":{"@id":"https:\/\/vosgesinfo.fr\/remiremontinfo\/#organization"},"alternateName":"Toute l'actualit\u00e9 de Remiremont","potentialAction":[{"@type":"SearchAction","target":{"@type":"EntryPoint","urlTemplate":"https:\/\/vosgesinfo.fr\/remiremontinfo\/?s={search_term_string}"},"query-input":"required name=search_term_string"}],"inLanguage":"fr-FR"},{"@type":"Organization","@id":"https:\/\/vosgesinfo.fr\/remiremontinfo\/#organization","name":"Remiremont Info","url":"https:\/\/vosgesinfo.fr\/remiremontinfo\/","logo":{"@type":"ImageObject","inLanguage":"fr-FR","@id":"https:\/\/vosgesinfo.fr\/remiremontinfo\/#\/schema\/logo\/image\/","url":"https:\/\/vosgesinfo.fr\/app\/uploads\/sites\/5\/2023\/08\/favicon-remiremontinfo.png","contentUrl":"https:\/\/vosgesinfo.fr\/app\/uploads\/sites\/5\/2023\/08\/favicon-remiremontinfo.png","width":512,"height":512,"caption":"Remiremont Info"},"image":{"@id":"https:\/\/vosgesinfo.fr\/remiremontinfo\/#\/schema\/logo\/image\/"},"sameAs":["https:\/\/www.facebook.com\/remiremontinfo","https:\/\/x.com\/VosgesInfo88","https:\/\/www.youtube.com\/@vosgesinfo"]},{"@type":"Person","@id":"https:\/\/vosgesinfo.fr\/remiremontinfo\/#\/schema\/person\/4f38cd3068e342935b7304695c797d08","name":"C.M","image":{"@type":"ImageObject","inLanguage":"fr-FR","@id":"https:\/\/vosgesinfo.fr\/remiremontinfo\/#\/schema\/person\/image\/","url":"https:\/\/secure.gravatar.com\/avatar\/fe9daaef0164d920717484172682f3c5c9bcf7d42aa8c7048c76c34f0eb6c8da?s=96&d=mm&r=g","contentUrl":"https:\/\/secure.gravatar.com\/avatar\/fe9daaef0164d920717484172682f3c5c9bcf7d42aa8c7048c76c34f0eb6c8da?s=96&d=mm&r=g","caption":"C.M"},"url":"https:\/\/vosgesinfo.fr\/remiremontinfo\/author\/cm88200\/"}]}},"_links":{"self":[{"href":"https:\/\/vosgesinfo.fr\/remiremontinfo\/wp-json\/wp\/v2\/posts\/82162","targetHints":{"allow":["GET"]}}],"collection":[{"href":"https:\/\/vosgesinfo.fr\/remiremontinfo\/wp-json\/wp\/v2\/posts"}],"about":[{"href":"https:\/\/vosgesinfo.fr\/remiremontinfo\/wp-json\/wp\/v2\/types\/post"}],"author":[{"embeddable":true,"href":"https:\/\/vosgesinfo.fr\/remiremontinfo\/wp-json\/wp\/v2\/users\/418"}],"replies":[{"embeddable":true,"href":"https:\/\/vosgesinfo.fr\/remiremontinfo\/wp-json\/wp\/v2\/comments?post=82162"}],"version-history":[{"count":1,"href":"https:\/\/vosgesinfo.fr\/remiremontinfo\/wp-json\/wp\/v2\/posts\/82162\/revisions"}],"predecessor-version":[{"id":82164,"href":"https:\/\/vosgesinfo.fr\/remiremontinfo\/wp-json\/wp\/v2\/posts\/82162\/revisions\/82164"}],"wp:featuredmedia":[{"embeddable":true,"href":"https:\/\/vosgesinfo.fr\/remiremontinfo\/wp-json\/wp\/v2\/media\/82163"}],"wp:attachment":[{"href":"https:\/\/vosgesinfo.fr\/remiremontinfo\/wp-json\/wp\/v2\/media?parent=82162"}],"wp:term":[{"taxonomy":"category","embeddable":true,"href":"https:\/\/vosgesinfo.fr\/remiremontinfo\/wp-json\/wp\/v2\/categories?post=82162"},{"taxonomy":"post_tag","embeddable":true,"href":"https:\/\/vosgesinfo.fr\/remiremontinfo\/wp-json\/wp\/v2\/tags?post=82162"}],"curies":[{"name":"wp","href":"https:\/\/api.w.org\/{rel}","templated":true}]}}